{"id":108656,"date":"2017-08-02T11:06:52","date_gmt":"2017-08-02T10:06:52","guid":{"rendered":"http:\/\/kapitalis.com\/tunisie\/?p=108656"},"modified":"2017-08-02T11:30:19","modified_gmt":"2017-08-02T10:30:19","slug":"tunisie-sfax-une-ado-empechee-in-extremis-de-sauter-dun-immeuble","status":"publish","type":"post","link":"https:\/\/kapitalis.com\/tunisie\/2017\/08\/02\/tunisie-sfax-une-ado-empechee-in-extremis-de-sauter-dun-immeuble\/","title":{"rendered":"Sfax : Une ado emp\u00each\u00e9e in extr\u00e9mis de sauter d\u2019un immeuble"},"content":{"rendered":"<p style=\"text-align: center;\"><img loading=\"lazy\" decoding=\"async\" class=\"alignnone size-full wp-image-108663\" src=\"http:\/\/kapitalis.com\/tunisie\/wp-content\/uploads\/2017\/08\/Sfax-suicide-.jpg\" alt=\"\" width=\"626\" height=\"380\" \/><\/p>\n<p><em><strong>Une adolescente de 14 ans est mont\u00e9e sur le toit d\u2019un immeuble d\u2019un centre commercial \u00e0 Sfax et a tent\u00e9 de se suicider. Elle a \u00e9t\u00e9 sauv\u00e9e in extr\u00e9mis.<\/strong><\/em><!--more--><\/p>\n<p>Cela s\u2019est pass\u00e9 hier, mardi 1<sup>er<\/sup> ao\u00fbt 2017 \u00e0 la rue Majida Boulila, \u00e0 Nasria. La jeune fille est mont\u00e9e sur le toit et menac\u00e9 de se jeter.<\/p>\n<p>La protection civile et la police sont intervenues et ont tent\u00e9 de dissuader l\u2019adolescente mais plus les agents lui parlaient, plus elle se rapprochait du bord.<\/p>\n<p style=\"text-align: center;\"><img loading=\"lazy\" decoding=\"async\" class=\"alignnone size-full wp-image-108664\" src=\"http:\/\/kapitalis.com\/tunisie\/wp-content\/uploads\/2017\/08\/Sfax-nasria-suicide-.jpg\" alt=\"\" width=\"500\" height=\"300\" \/><\/p>\n<p>Un agent de la police secours, Salem Salem, a fini par sauter sur la fillette pour la neutraliser.<\/p>\n<div class=\"embed\">\n<div class=\"video\"><iframe loading=\"lazy\" src=\"https:\/\/www.youtube.com\/embed\/dpLbrVPq0nI?rel=0&amp;controls=0&amp;showinfo=0\" width=\"560\" height=\"315\" frameborder=\"0\" allowfullscreen=\"allowfullscreen\"><\/iframe><\/div>\n<\/div>\n<p>&nbsp;<\/p>\n<p>Son intervention a \u00e9t\u00e9 applaudie par les t\u00e9moins qui s\u2019\u00e9taient rassembl\u00e9s au pied de l\u2019immeuble et le district de Sfax a d\u00e9cid\u00e9 de l\u2019honorer, aujourd\u2019hui, au cours d&rsquo;une c\u00e9r\u00e9monie interne.<\/p>\n<p>L\u2019adolescente a \u00e9t\u00e9 prise en charge et plac\u00e9e sous suivi psychologique.<\/p>\n<p style=\"text-align: right;\"><strong>Y. N.<\/strong><\/p>\n","protected":false},"excerpt":{"rendered":"<p>Une adolescente de 14 ans est mont\u00e9e sur le toit d\u2019un immeuble d\u2019un centre commercial \u00e0 Sfax et a tent\u00e9 de se suicider. Elle a \u00e9t\u00e9 sauv\u00e9e in extr\u00e9mis.<\/p>\n","protected":false},"author":6,"featured_media":108663,"comment_status":"open","ping_status":"open","sticky":false,"template":"","format":"standard","meta":{"footnotes":""},"categories":[998,2433,4806],"tags":[865],"class_list":["post-108656","post","type-post","status-publish","format-standard","has-post-thumbnail","hentry","category-societe","category-tunisie","category-videos","tag-suicide"],"yoast_head":"<!-- This site is optimized with the Yoast SEO plugin v26.6 - https:\/\/yoast.com\/wordpress\/plugins\/seo\/ -->\n<title>Sfax : Une ado emp\u00each\u00e9e in extr\u00e9mis de sauter d\u2019un immeuble - Kapitalis<\/title>\n<meta name=\"robots\" content=\"index, follow, max-snippet:-1, max-image-preview:large, max-video-preview:-1\" \/>\n<link rel=\"canonical\" href=\"https:\/\/kapitalis.com\/tunisie\/2017\/08\/02\/tunisie-sfax-une-ado-empechee-in-extremis-de-sauter-dun-immeuble\/\" \/>\n<meta property=\"og:locale\" content=\"fr_FR\" \/>\n<meta property=\"og:type\" content=\"article\" \/>\n<meta property=\"og:title\" content=\"Sfax : Une ado emp\u00each\u00e9e in extr\u00e9mis de sauter d\u2019un immeuble - Kapitalis\" \/>\n<meta property=\"og:description\" content=\"Une adolescente de 14 ans est mont\u00e9e sur le toit d\u2019un immeuble d\u2019un centre commercial \u00e0 Sfax et a tent\u00e9 de se suicider. Elle a \u00e9t\u00e9 sauv\u00e9e in extr\u00e9mis.\" \/>\n<meta property=\"og:url\" content=\"https:\/\/kapitalis.com\/tunisie\/2017\/08\/02\/tunisie-sfax-une-ado-empechee-in-extremis-de-sauter-dun-immeuble\/\" \/>\n<meta property=\"og:site_name\" content=\"Kapitalis\" \/>\n<meta property=\"article:publisher\" content=\"https:\/\/www.facebook.com\/KapitalisInfo\/\" \/>\n<meta property=\"article:published_time\" content=\"2017-08-02T10:06:52+00:00\" \/>\n<meta property=\"article:modified_time\" content=\"2017-08-02T10:30:19+00:00\" \/>\n<meta property=\"og:image\" content=\"https:\/\/kapitalis.com\/tunisie\/wp-content\/uploads\/2022\/05\/kapitalis-logo-fb.png\" \/>\n\t<meta property=\"og:image:width\" content=\"1200\" \/>\n\t<meta property=\"og:image:height\" content=\"630\" \/>\n\t<meta property=\"og:image:type\" content=\"image\/png\" \/>\n<meta name=\"author\" content=\"Yusra NY\" \/>\n<meta name=\"twitter:card\" content=\"summary_large_image\" \/>\n<meta name=\"twitter:creator\" content=\"@KapitalisInfo\" \/>\n<meta name=\"twitter:site\" content=\"@KapitalisInfo\" \/>\n<meta name=\"twitter:label1\" content=\"\u00c9crit par\" \/>\n\t<meta name=\"twitter:data1\" content=\"Yusra NY\" \/>\n\t<meta name=\"twitter:label2\" content=\"Dur\u00e9e de lecture estim\u00e9e\" \/>\n\t<meta name=\"twitter:data2\" content=\"1 minute\" \/>\n<script type=\"application\/ld+json\" class=\"yoast-schema-graph\">{\"@context\":\"https:\/\/schema.org\",\"@graph\":[{\"@type\":\"Article\",\"@id\":\"https:\/\/kapitalis.com\/tunisie\/2017\/08\/02\/tunisie-sfax-une-ado-empechee-in-extremis-de-sauter-dun-immeuble\/#article\",\"isPartOf\":{\"@id\":\"https:\/\/kapitalis.com\/tunisie\/2017\/08\/02\/tunisie-sfax-une-ado-empechee-in-extremis-de-sauter-dun-immeuble\/\"},\"author\":{\"name\":\"Yusra NY\",\"@id\":\"https:\/\/kapitalis.com\/tunisie\/#\/schema\/person\/74bbde0154d49d790a92aaeac5bc01d5\"},\"headline\":\"Sfax : Une ado emp\u00each\u00e9e in extr\u00e9mis de sauter d\u2019un immeuble\",\"datePublished\":\"2017-08-02T10:06:52+00:00\",\"dateModified\":\"2017-08-02T10:30:19+00:00\",\"mainEntityOfPage\":{\"@id\":\"https:\/\/kapitalis.com\/tunisie\/2017\/08\/02\/tunisie-sfax-une-ado-empechee-in-extremis-de-sauter-dun-immeuble\/\"},\"wordCount\":174,\"commentCount\":2,\"publisher\":{\"@id\":\"https:\/\/kapitalis.com\/tunisie\/#organization\"},\"image\":{\"@id\":\"https:\/\/kapitalis.com\/tunisie\/2017\/08\/02\/tunisie-sfax-une-ado-empechee-in-extremis-de-sauter-dun-immeuble\/#primaryimage\"},\"thumbnailUrl\":\"\",\"keywords\":[\"suicide\"],\"articleSection\":[\"SOCIETE\",\"Tunisie\",\"VIDEOS\"],\"inLanguage\":\"fr-FR\",\"potentialAction\":[{\"@type\":\"CommentAction\",\"name\":\"Comment\",\"target\":[\"https:\/\/kapitalis.com\/tunisie\/2017\/08\/02\/tunisie-sfax-une-ado-empechee-in-extremis-de-sauter-dun-immeuble\/#respond\"]}]},{\"@type\":\"WebPage\",\"@id\":\"https:\/\/kapitalis.com\/tunisie\/2017\/08\/02\/tunisie-sfax-une-ado-empechee-in-extremis-de-sauter-dun-immeuble\/\",\"url\":\"https:\/\/kapitalis.com\/tunisie\/2017\/08\/02\/tunisie-sfax-une-ado-empechee-in-extremis-de-sauter-dun-immeuble\/\",\"name\":\"Sfax : Une ado emp\u00each\u00e9e in extr\u00e9mis de sauter d\u2019un immeuble - Kapitalis\",\"isPartOf\":{\"@id\":\"https:\/\/kapitalis.com\/tunisie\/#website\"},\"primaryImageOfPage\":{\"@id\":\"https:\/\/kapitalis.com\/tunisie\/2017\/08\/02\/tunisie-sfax-une-ado-empechee-in-extremis-de-sauter-dun-immeuble\/#primaryimage\"},\"image\":{\"@id\":\"https:\/\/kapitalis.com\/tunisie\/2017\/08\/02\/tunisie-sfax-une-ado-empechee-in-extremis-de-sauter-dun-immeuble\/#primaryimage\"},\"thumbnailUrl\":\"\",\"datePublished\":\"2017-08-02T10:06:52+00:00\",\"dateModified\":\"2017-08-02T10:30:19+00:00\",\"breadcrumb\":{\"@id\":\"https:\/\/kapitalis.com\/tunisie\/2017\/08\/02\/tunisie-sfax-une-ado-empechee-in-extremis-de-sauter-dun-immeuble\/#breadcrumb\"},\"inLanguage\":\"fr-FR\",\"potentialAction\":[{\"@type\":\"ReadAction\",\"target\":[\"https:\/\/kapitalis.com\/tunisie\/2017\/08\/02\/tunisie-sfax-une-ado-empechee-in-extremis-de-sauter-dun-immeuble\/\"]}]},{\"@type\":\"ImageObject\",\"inLanguage\":\"fr-FR\",\"@id\":\"https:\/\/kapitalis.com\/tunisie\/2017\/08\/02\/tunisie-sfax-une-ado-empechee-in-extremis-de-sauter-dun-immeuble\/#primaryimage\",\"url\":\"\",\"contentUrl\":\"\"},{\"@type\":\"BreadcrumbList\",\"@id\":\"https:\/\/kapitalis.com\/tunisie\/2017\/08\/02\/tunisie-sfax-une-ado-empechee-in-extremis-de-sauter-dun-immeuble\/#breadcrumb\",\"itemListElement\":[{\"@type\":\"ListItem\",\"position\":1,\"name\":\"Accueil\",\"item\":\"https:\/\/kapitalis.com\/tunisie\/\"},{\"@type\":\"ListItem\",\"position\":2,\"name\":\"Sfax : Une ado emp\u00each\u00e9e in extr\u00e9mis de sauter d\u2019un immeuble\"}]},{\"@type\":\"WebSite\",\"@id\":\"https:\/\/kapitalis.com\/tunisie\/#website\",\"url\":\"https:\/\/kapitalis.com\/tunisie\/\",\"name\":\"Kapitalis\",\"description\":\"L&#039;actualit\u00e9 en Tunisie et dans le monde\",\"publisher\":{\"@id\":\"https:\/\/kapitalis.com\/tunisie\/#organization\"},\"potentialAction\":[{\"@type\":\"SearchAction\",\"target\":{\"@type\":\"EntryPoint\",\"urlTemplate\":\"https:\/\/kapitalis.com\/tunisie\/?s={search_term_string}\"},\"query-input\":{\"@type\":\"PropertyValueSpecification\",\"valueRequired\":true,\"valueName\":\"search_term_string\"}}],\"inLanguage\":\"fr-FR\"},{\"@type\":\"Organization\",\"@id\":\"https:\/\/kapitalis.com\/tunisie\/#organization\",\"name\":\"Kapitalis\",\"url\":\"https:\/\/kapitalis.com\/tunisie\/\",\"logo\":{\"@type\":\"ImageObject\",\"inLanguage\":\"fr-FR\",\"@id\":\"https:\/\/kapitalis.com\/tunisie\/#\/schema\/logo\/image\/\",\"url\":\"https:\/\/kapitalis.com\/tunisie\/wp-content\/uploads\/2022\/05\/Kapitalis-big-size.png\",\"contentUrl\":\"https:\/\/kapitalis.com\/tunisie\/wp-content\/uploads\/2022\/05\/Kapitalis-big-size.png\",\"width\":5000,\"height\":1500,\"caption\":\"Kapitalis\"},\"image\":{\"@id\":\"https:\/\/kapitalis.com\/tunisie\/#\/schema\/logo\/image\/\"},\"sameAs\":[\"https:\/\/www.facebook.com\/KapitalisInfo\/\",\"https:\/\/x.com\/KapitalisInfo\",\"https:\/\/www.youtube.com\/channel\/UC-yDYrHyfFBWWZaOw3FPg9Q\"]},{\"@type\":\"Person\",\"@id\":\"https:\/\/kapitalis.com\/tunisie\/#\/schema\/person\/74bbde0154d49d790a92aaeac5bc01d5\",\"name\":\"Yusra NY\",\"url\":\"https:\/\/kapitalis.com\/tunisie\/author\/yuza_adam\/\"}]}<\/script>\n<!-- \/ Yoast SEO plugin. -->","yoast_head_json":{"title":"Sfax : Une ado emp\u00each\u00e9e in extr\u00e9mis de sauter d\u2019un immeuble - Kapitalis","robots":{"index":"index","follow":"follow","max-snippet":"max-snippet:-1","max-image-preview":"max-image-preview:large","max-video-preview":"max-video-preview:-1"},"canonical":"https:\/\/kapitalis.com\/tunisie\/2017\/08\/02\/tunisie-sfax-une-ado-empechee-in-extremis-de-sauter-dun-immeuble\/","og_locale":"fr_FR","og_type":"article","og_title":"Sfax : Une ado emp\u00each\u00e9e in extr\u00e9mis de sauter d\u2019un immeuble - Kapitalis","og_description":"Une adolescente de 14 ans est mont\u00e9e sur le toit d\u2019un immeuble d\u2019un centre commercial \u00e0 Sfax et a tent\u00e9 de se suicider. Elle a \u00e9t\u00e9 sauv\u00e9e in extr\u00e9mis.","og_url":"https:\/\/kapitalis.com\/tunisie\/2017\/08\/02\/tunisie-sfax-une-ado-empechee-in-extremis-de-sauter-dun-immeuble\/","og_site_name":"Kapitalis","article_publisher":"https:\/\/www.facebook.com\/KapitalisInfo\/","article_published_time":"2017-08-02T10:06:52+00:00","article_modified_time":"2017-08-02T10:30:19+00:00","og_image":[{"width":1200,"height":630,"url":"https:\/\/kapitalis.com\/tunisie\/wp-content\/uploads\/2022\/05\/kapitalis-logo-fb.png","type":"image\/png"}],"author":"Yusra NY","twitter_card":"summary_large_image","twitter_creator":"@KapitalisInfo","twitter_site":"@KapitalisInfo","twitter_misc":{"\u00c9crit par":"Yusra NY","Dur\u00e9e de lecture estim\u00e9e":"1 minute"},"schema":{"@context":"https:\/\/schema.org","@graph":[{"@type":"Article","@id":"https:\/\/kapitalis.com\/tunisie\/2017\/08\/02\/tunisie-sfax-une-ado-empechee-in-extremis-de-sauter-dun-immeuble\/#article","isPartOf":{"@id":"https:\/\/kapitalis.com\/tunisie\/2017\/08\/02\/tunisie-sfax-une-ado-empechee-in-extremis-de-sauter-dun-immeuble\/"},"author":{"name":"Yusra NY","@id":"https:\/\/kapitalis.com\/tunisie\/#\/schema\/person\/74bbde0154d49d790a92aaeac5bc01d5"},"headline":"Sfax : Une ado emp\u00each\u00e9e in extr\u00e9mis de sauter d\u2019un immeuble","datePublished":"2017-08-02T10:06:52+00:00","dateModified":"2017-08-02T10:30:19+00:00","mainEntityOfPage":{"@id":"https:\/\/kapitalis.com\/tunisie\/2017\/08\/02\/tunisie-sfax-une-ado-empechee-in-extremis-de-sauter-dun-immeuble\/"},"wordCount":174,"commentCount":2,"publisher":{"@id":"https:\/\/kapitalis.com\/tunisie\/#organization"},"image":{"@id":"https:\/\/kapitalis.com\/tunisie\/2017\/08\/02\/tunisie-sfax-une-ado-empechee-in-extremis-de-sauter-dun-immeuble\/#primaryimage"},"thumbnailUrl":"","keywords":["suicide"],"articleSection":["SOCIETE","Tunisie","VIDEOS"],"inLanguage":"fr-FR","potentialAction":[{"@type":"CommentAction","name":"Comment","target":["https:\/\/kapitalis.com\/tunisie\/2017\/08\/02\/tunisie-sfax-une-ado-empechee-in-extremis-de-sauter-dun-immeuble\/#respond"]}]},{"@type":"WebPage","@id":"https:\/\/kapitalis.com\/tunisie\/2017\/08\/02\/tunisie-sfax-une-ado-empechee-in-extremis-de-sauter-dun-immeuble\/","url":"https:\/\/kapitalis.com\/tunisie\/2017\/08\/02\/tunisie-sfax-une-ado-empechee-in-extremis-de-sauter-dun-immeuble\/","name":"Sfax : Une ado emp\u00each\u00e9e in extr\u00e9mis de sauter d\u2019un immeuble - Kapitalis","isPartOf":{"@id":"https:\/\/kapitalis.com\/tunisie\/#website"},"primaryImageOfPage":{"@id":"https:\/\/kapitalis.com\/tunisie\/2017\/08\/02\/tunisie-sfax-une-ado-empechee-in-extremis-de-sauter-dun-immeuble\/#primaryimage"},"image":{"@id":"https:\/\/kapitalis.com\/tunisie\/2017\/08\/02\/tunisie-sfax-une-ado-empechee-in-extremis-de-sauter-dun-immeuble\/#primaryimage"},"thumbnailUrl":"","datePublished":"2017-08-02T10:06:52+00:00","dateModified":"2017-08-02T10:30:19+00:00","breadcrumb":{"@id":"https:\/\/kapitalis.com\/tunisie\/2017\/08\/02\/tunisie-sfax-une-ado-empechee-in-extremis-de-sauter-dun-immeuble\/#breadcrumb"},"inLanguage":"fr-FR","potentialAction":[{"@type":"ReadAction","target":["https:\/\/kapitalis.com\/tunisie\/2017\/08\/02\/tunisie-sfax-une-ado-empechee-in-extremis-de-sauter-dun-immeuble\/"]}]},{"@type":"ImageObject","inLanguage":"fr-FR","@id":"https:\/\/kapitalis.com\/tunisie\/2017\/08\/02\/tunisie-sfax-une-ado-empechee-in-extremis-de-sauter-dun-immeuble\/#primaryimage","url":"","contentUrl":""},{"@type":"BreadcrumbList","@id":"https:\/\/kapitalis.com\/tunisie\/2017\/08\/02\/tunisie-sfax-une-ado-empechee-in-extremis-de-sauter-dun-immeuble\/#breadcrumb","itemListElement":[{"@type":"ListItem","position":1,"name":"Accueil","item":"https:\/\/kapitalis.com\/tunisie\/"},{"@type":"ListItem","position":2,"name":"Sfax : Une ado emp\u00each\u00e9e in extr\u00e9mis de sauter d\u2019un immeuble"}]},{"@type":"WebSite","@id":"https:\/\/kapitalis.com\/tunisie\/#website","url":"https:\/\/kapitalis.com\/tunisie\/","name":"Kapitalis","description":"L&#039;actualit\u00e9 en Tunisie et dans le monde","publisher":{"@id":"https:\/\/kapitalis.com\/tunisie\/#organization"},"potentialAction":[{"@type":"SearchAction","target":{"@type":"EntryPoint","urlTemplate":"https:\/\/kapitalis.com\/tunisie\/?s={search_term_string}"},"query-input":{"@type":"PropertyValueSpecification","valueRequired":true,"valueName":"search_term_string"}}],"inLanguage":"fr-FR"},{"@type":"Organization","@id":"https:\/\/kapitalis.com\/tunisie\/#organization","name":"Kapitalis","url":"https:\/\/kapitalis.com\/tunisie\/","logo":{"@type":"ImageObject","inLanguage":"fr-FR","@id":"https:\/\/kapitalis.com\/tunisie\/#\/schema\/logo\/image\/","url":"https:\/\/kapitalis.com\/tunisie\/wp-content\/uploads\/2022\/05\/Kapitalis-big-size.png","contentUrl":"https:\/\/kapitalis.com\/tunisie\/wp-content\/uploads\/2022\/05\/Kapitalis-big-size.png","width":5000,"height":1500,"caption":"Kapitalis"},"image":{"@id":"https:\/\/kapitalis.com\/tunisie\/#\/schema\/logo\/image\/"},"sameAs":["https:\/\/www.facebook.com\/KapitalisInfo\/","https:\/\/x.com\/KapitalisInfo","https:\/\/www.youtube.com\/channel\/UC-yDYrHyfFBWWZaOw3FPg9Q"]},{"@type":"Person","@id":"https:\/\/kapitalis.com\/tunisie\/#\/schema\/person\/74bbde0154d49d790a92aaeac5bc01d5","name":"Yusra NY","url":"https:\/\/kapitalis.com\/tunisie\/author\/yuza_adam\/"}]}},"_links":{"self":[{"href":"https:\/\/kapitalis.com\/tunisie\/wp-json\/wp\/v2\/posts\/108656","targetHints":{"allow":["GET"]}}],"collection":[{"href":"https:\/\/kapitalis.com\/tunisie\/wp-json\/wp\/v2\/posts"}],"about":[{"href":"https:\/\/kapitalis.com\/tunisie\/wp-json\/wp\/v2\/types\/post"}],"author":[{"embeddable":true,"href":"https:\/\/kapitalis.com\/tunisie\/wp-json\/wp\/v2\/users\/6"}],"replies":[{"embeddable":true,"href":"https:\/\/kapitalis.com\/tunisie\/wp-json\/wp\/v2\/comments?post=108656"}],"version-history":[{"count":0,"href":"https:\/\/kapitalis.com\/tunisie\/wp-json\/wp\/v2\/posts\/108656\/revisions"}],"wp:featuredmedia":[{"embeddable":true,"href":"https:\/\/kapitalis.com\/tunisie\/wp-json\/wp\/v2\/media\/108663"}],"wp:attachment":[{"href":"https:\/\/kapitalis.com\/tunisie\/wp-json\/wp\/v2\/media?parent=108656"}],"wp:term":[{"taxonomy":"category","embeddable":true,"href":"https:\/\/kapitalis.com\/tunisie\/wp-json\/wp\/v2\/categories?post=108656"},{"taxonomy":"post_tag","embeddable":true,"href":"https:\/\/kapitalis.com\/tunisie\/wp-json\/wp\/v2\/tags?post=108656"}],"curies":[{"name":"wp","href":"https:\/\/api.w.org\/{rel}","templated":true}]}}