{"id":10882935,"date":"2023-12-17T07:27:00","date_gmt":"2023-12-17T06:27:00","guid":{"rendered":"https:\/\/kapitalis.com\/tunisie\/?p=10882935"},"modified":"2023-12-11T11:34:17","modified_gmt":"2023-12-11T10:34:17","slug":"le-poeme-du-dimanche-pour-la-defense-des-poetes-de-niels-hav","status":"publish","type":"post","link":"https:\/\/kapitalis.com\/tunisie\/2023\/12\/17\/le-poeme-du-dimanche-pour-la-defense-des-poetes-de-niels-hav\/","title":{"rendered":"Le po\u00e8me du dimanche\u00a0: \u2018\u2018Pour la d\u00e9fense des po\u00e8tes\u2019\u2019 de Niels Hav"},"content":{"rendered":"\n<p><strong><em>N\u00e9 en 1949 \u00e0 Gudum, au Danemark, Niels Hav est po\u00e8te et nouvelliste vivant \u00e0 Copenhague. Il publie po\u00e9sie et fiction dans de nombreux magazines.<\/em><\/strong> <em>(Photo Christina Bj\u00f8rk\u00f8e)<\/em>.<\/p>\n\n\n\n<!--more-->\n\n\n\n<p>Auteur de sept recueils de po\u00e9sie et trois livres de nouvelles. Son \u0153uvre est traduite dans diverses langues dont le portugais, l\u2019arabe, l\u2019anglais, le turc et le chinois. Son \u00e9criture ironique et sarcastique, est dans le prolongement de la litt\u00e9rature danoise, o\u00f9 humour et regard s\u00e9v\u00e8re s\u2019entrem\u00ealent, cr\u00e9ant des effets subversifs, non sans constat d\u00e9sabus\u00e9.<\/p>\n\n\n\n<p class=\"has-text-align-right\"><strong>Tahar Bekri<\/strong><\/p>\n\n\n\n<p><em>Qu\u2019est-ce qu\u2019on va faire des po\u00e8tes?<\/em><\/p>\n\n\n\n<p><em>Les p\u00f4vres ils sont \u00e0 plaindre.<\/em><\/p>\n\n\n\n<p><em>Tout de noir v\u00eatus ils nous fendent le c\u0153ur<\/em><\/p>\n\n\n\n<p><em>grelottent sous des blizzards int\u00e9rieurs.<\/em><\/p>\n\n\n\n<p><em>La po\u00e9sie est une peste atroce.<\/em><\/p>\n\n\n\n<p><em>Les contamin\u00e9s d\u00e9ambulent en se lamentant,<\/em><\/p>\n\n\n\n<p><em>leurs cris empoisonnent l\u2019atmosph\u00e8re comme des fuites<\/em><\/p>\n\n\n\n<p><em>de centrales nucl\u00e9aires mentales. Ah la grosse fatigue<\/em><\/p>\n\n\n\n<p><em>psychique !<\/em><\/p>\n\n\n\n<p><em>La po\u00e9sie est un tyran<\/em><\/p>\n\n\n\n<p><em>qui rend les gens insomniaques et<\/em><\/p>\n\n\n\n<p><em>d\u00e9truit les couples mari\u00e9s.<\/em><\/p>\n\n\n\n<p><em>Elle entra\u00eene les hommes dans des maisons de campagne<\/em><\/p>\n\n\n\n<p><em>abandonn\u00e9es en plein hiver<\/em><\/p>\n\n\n\n<p><em>o\u00f9 ils se morfondent munis de casques antibruit et<\/em><\/p>\n\n\n\n<p><em>cache-nez. H\u00e9las! hideuse est cette torture.<\/em><\/p>\n\n\n\n<p><em>La po\u00e9sie est un fl\u00e9au<\/em><\/p>\n\n\n\n<p><em>pire que la gonorrh\u00e9e &#8211; une ignominie abominable-.<\/em><\/p>\n\n\n\n<p><em>Mais pensez aux po\u00e8tes, ils souffrent.<\/em><\/p>\n\n\n\n<p><em>Pardonnez-leur !<\/em><\/p>\n\n\n\n<p><em>Ils sont hyst\u00e9riques comme des femmes enceintes de jumeaux<\/em><\/p>\n\n\n\n<p><em>au neuvi\u00e8me mois, ils grincent des dents pendant le sommeil,<\/em><\/p>\n\n\n\n<p><em>mangent de la terre et de l\u2019herbe. Ils restent des heures dehors<\/em><\/p>\n\n\n\n<p><em>dans le vent tourment\u00e9s de m\u00e9taphores effarantes.<\/em><\/p>\n\n\n\n<p><em>Pour eux chaque jour est une messe solennelle.<\/em><\/p>\n\n\n\n<p><em>\u00d4&nbsp;! Ayez piti\u00e9 des po\u00e8tes,<\/em><\/p>\n\n\n\n<p><em>ils sont sourds et aveugles, aidez-les dans la circulation<\/em><\/p>\n\n\n\n<p><em>o\u00f9 on les voit trimballer leur handicap invisible.<\/em><\/p>\n\n\n\n<p><em>Ils se rappellent tant de choses. De temps en temps<\/em><\/p>\n\n\n\n<p><em>l\u2019un d\u2019eux s\u2019arr\u00eate<\/em><\/p>\n\n\n\n<p><em>et tend l\u2019oreille vers une sir\u00e8ne lointaine.<\/em><\/p>\n\n\n\n<p><em>M\u00e9nagez-les.<\/em><\/p>\n\n\n\n<p><em>Les po\u00e8tes sont des enfants ali\u00e9n\u00e9s<\/em><\/p>\n\n\n\n<p><em>chass\u00e9s de chez eux par le clan familial<\/em><\/p>\n\n\n\n<p><em>Priez pour eux,<\/em><\/p>\n\n\n\n<p><em>ils sont n\u00e9s malheureux \u2013<\/em><\/p>\n\n\n\n<p><em>leurs m\u00e8res ont pleur\u00e9 sur eux<\/em><\/p>\n\n\n\n<p><em>sollicit\u00e9 l\u2019assistance m\u00e9dicale et juridique<\/em><\/p>\n\n\n\n<p><em>avant de baisser les bras<\/em><\/p>\n\n\n\n<p><em>afin de pr\u00e9server leur propre sant\u00e9 mentale.<\/em><\/p>\n\n\n\n<p><em>\u00d4 pleurez pour les po\u00e8tes!<\/em><\/p>\n\n\n\n<p><em>Pour eux il n\u2019y a point d\u2019issue.<\/em><\/p>\n\n\n\n<p><em>Infest\u00e9s de lyrisme tels des l\u00e9preux clandestins<\/em><\/p>\n\n\n\n<p><em>ils sont embastill\u00e9s dans leur propre imagination<\/em><\/p>\n\n\n\n<p><em>\u2013 un ghetto inqui\u00e9tant rempli de d\u00e9mons<\/em><\/p>\n\n\n\n<p><em>et de fant\u00f4mes malicieux.<\/em><\/p>\n\n\n\n<p><em>Quand, par une journ\u00e9e d\u2019\u00e9t\u00e9 ensoleill\u00e9e<\/em><\/p>\n\n\n\n<p><em>vous voyez un pauvre po\u00e8te<\/em><\/p>\n\n\n\n<p><em>sortir d\u2019un immeuble en titubant, p\u00e2le<\/em><\/p>\n\n\n\n<p><em>comme un revenant et d\u00e9figur\u00e9 par les<\/em><\/p>\n\n\n\n<p><em>th\u00e9orisations \u2013<\/em><\/p>\n\n\n\n<p><em>aidez-le!<\/em><\/p>\n\n\n\n<p><em>Attachez-lui ses lacets, emmenez-le<\/em><\/p>\n\n\n\n<p><em>au jardin public et posez-le sur un banc<\/em><\/p>\n\n\n\n<p><em>au soleil. Chantez-lui une petite chanson,<\/em><\/p>\n\n\n\n<p><em>achetez-lui une glace, racontez-lui une histoire,<\/em><\/p>\n\n\n\n<p><em>il est si tristounet.<\/em><\/p>\n\n\n\n<p><em>D\u00e9truit par la po\u00e9sie.<\/em><\/p>\n\n\n\n<p class=\"has-text-align-right\"><em>Traduit du danois par <strong>Per Soerensen<\/strong><\/em><\/p>\n\n\n\n<p><em>(Remerciements \u00e0 l\u2019auteur)<\/em><\/p>\n\n\n\n<figure class=\"wp-block-embed is-type-wp-embed is-provider-kapitalis wp-block-embed-kapitalis\"><div class=\"wp-block-embed__wrapper\">\n<blockquote class=\"wp-embedded-content\" data-secret=\"pQiiy35D4B\"><a href=\"https:\/\/kapitalis.com\/tunisie\/2022\/04\/10\/le-poeme-du-dimanche-trois-poemes-de-henrik-norbrandt\/\">Le po\u00e8me du dimanche : Trois po\u00e8mes de Henrik Norbrandt<\/a><\/blockquote><iframe loading=\"lazy\" class=\"wp-embedded-content\" sandbox=\"allow-scripts\" security=\"restricted\" style=\"position: absolute; clip: rect(1px, 1px, 1px, 1px);\" title=\"\u00ab\u00a0Le po\u00e8me du dimanche : Trois po\u00e8mes de Henrik Norbrandt\u00a0\u00bb &#8212; Kapitalis\" src=\"https:\/\/kapitalis.com\/tunisie\/2022\/04\/10\/le-poeme-du-dimanche-trois-poemes-de-henrik-norbrandt\/embed\/#?secret=Q40FmdCETv#?secret=pQiiy35D4B\" data-secret=\"pQiiy35D4B\" width=\"600\" height=\"338\" frameborder=\"0\" marginwidth=\"0\" marginheight=\"0\" scrolling=\"no\"><\/iframe>\n<\/div><\/figure>\n\n\n\n<figure class=\"wp-block-embed is-type-wp-embed is-provider-kapitalis wp-block-embed-kapitalis\"><div class=\"wp-block-embed__wrapper\">\n<blockquote class=\"wp-embedded-content\" data-secret=\"EUlfS0g7rk\"><a href=\"https:\/\/kapitalis.com\/tunisie\/2020\/04\/26\/le-poeme-du-dimanche-la-maison-bleue-de-tomas-transtromer\/\">Le po\u00e8me du dimanche: \u2018\u2018La Maison Bleue\u2019\u2019 de Tomas Transtr\u00f6mer<\/a><\/blockquote><iframe loading=\"lazy\" class=\"wp-embedded-content\" sandbox=\"allow-scripts\" security=\"restricted\" style=\"position: absolute; clip: rect(1px, 1px, 1px, 1px);\" title=\"\u00ab\u00a0Le po\u00e8me du dimanche: \u2018\u2018La Maison Bleue\u2019\u2019 de Tomas Transtr\u00f6mer\u00a0\u00bb &#8212; Kapitalis\" src=\"https:\/\/kapitalis.com\/tunisie\/2020\/04\/26\/le-poeme-du-dimanche-la-maison-bleue-de-tomas-transtromer\/embed\/#?secret=m4VKb1MwX7#?secret=EUlfS0g7rk\" data-secret=\"EUlfS0g7rk\" width=\"600\" height=\"338\" frameborder=\"0\" marginwidth=\"0\" marginheight=\"0\" scrolling=\"no\"><\/iframe>\n<\/div><\/figure>\n","protected":false},"excerpt":{"rendered":"<p>Niels Hav est po\u00e8te et nouvelliste danois vivant \u00e0 Copenhague. <\/p>\n","protected":false},"author":8,"featured_media":10882982,"comment_status":"open","ping_status":"open","sticky":false,"template":"","format":"standard","meta":{"footnotes":""},"categories":[992,994],"tags":[14185,10729,112803,112801,112804,112802,21267],"class_list":["post-10882935","post","type-post","status-publish","format-standard","has-post-thumbnail","hentry","category-a-la-une","category-culture","tag-copenhague","tag-danemark","tag-gudum","tag-niels-hav","tag-per-soerensen","tag-poete-danois","tag-tahar-bekri"],"yoast_head":"<!-- This site is optimized with the Yoast SEO plugin v26.6 - https:\/\/yoast.com\/wordpress\/plugins\/seo\/ -->\n<title>Le po\u00e8me du dimanche\u00a0: \u2018\u2018Pour la d\u00e9fense des po\u00e8tes\u2019\u2019 de Niels Hav - Kapitalis<\/title>\n<meta name=\"robots\" content=\"index, follow, max-snippet:-1, max-image-preview:large, max-video-preview:-1\" \/>\n<link rel=\"canonical\" href=\"https:\/\/kapitalis.com\/tunisie\/2023\/12\/17\/le-poeme-du-dimanche-pour-la-defense-des-poetes-de-niels-hav\/\" \/>\n<meta property=\"og:locale\" content=\"fr_FR\" \/>\n<meta property=\"og:type\" content=\"article\" \/>\n<meta property=\"og:title\" content=\"Le po\u00e8me du dimanche\u00a0: \u2018\u2018Pour la d\u00e9fense des po\u00e8tes\u2019\u2019 de Niels Hav - Kapitalis\" \/>\n<meta property=\"og:description\" content=\"Niels Hav est po\u00e8te et nouvelliste danois vivant \u00e0 Copenhague.\" \/>\n<meta property=\"og:url\" content=\"https:\/\/kapitalis.com\/tunisie\/2023\/12\/17\/le-poeme-du-dimanche-pour-la-defense-des-poetes-de-niels-hav\/\" \/>\n<meta property=\"og:site_name\" content=\"Kapitalis\" \/>\n<meta property=\"article:publisher\" content=\"https:\/\/www.facebook.com\/KapitalisInfo\/\" \/>\n<meta property=\"article:published_time\" content=\"2023-12-17T06:27:00+00:00\" \/>\n<meta property=\"og:image\" content=\"https:\/\/kapitalis.com\/tunisie\/wp-content\/uploads\/2023\/12\/Niels-Hav-Photo-Christina-Bjorkoe.jpg\" \/>\n\t<meta property=\"og:image:width\" content=\"1200\" \/>\n\t<meta property=\"og:image:height\" content=\"630\" \/>\n\t<meta property=\"og:image:type\" content=\"image\/jpeg\" \/>\n<meta name=\"author\" content=\"webmaster kapitalis\" \/>\n<meta name=\"twitter:card\" content=\"summary_large_image\" \/>\n<meta name=\"twitter:creator\" content=\"@KapitalisInfo\" \/>\n<meta name=\"twitter:site\" content=\"@KapitalisInfo\" \/>\n<meta name=\"twitter:label1\" content=\"\u00c9crit par\" \/>\n\t<meta name=\"twitter:data1\" content=\"webmaster kapitalis\" \/>\n\t<meta name=\"twitter:label2\" content=\"Dur\u00e9e de lecture estim\u00e9e\" \/>\n\t<meta name=\"twitter:data2\" content=\"3 minutes\" \/>\n<script type=\"application\/ld+json\" class=\"yoast-schema-graph\">{\"@context\":\"https:\/\/schema.org\",\"@graph\":[{\"@type\":\"Article\",\"@id\":\"https:\/\/kapitalis.com\/tunisie\/2023\/12\/17\/le-poeme-du-dimanche-pour-la-defense-des-poetes-de-niels-hav\/#article\",\"isPartOf\":{\"@id\":\"https:\/\/kapitalis.com\/tunisie\/2023\/12\/17\/le-poeme-du-dimanche-pour-la-defense-des-poetes-de-niels-hav\/\"},\"author\":{\"name\":\"webmaster kapitalis\",\"@id\":\"https:\/\/kapitalis.com\/tunisie\/#\/schema\/person\/d71f33a9ca44f7bad4698210b480c8e9\"},\"headline\":\"Le po\u00e8me du dimanche\u00a0: \u2018\u2018Pour la d\u00e9fense des po\u00e8tes\u2019\u2019 de Niels Hav\",\"datePublished\":\"2023-12-17T06:27:00+00:00\",\"mainEntityOfPage\":{\"@id\":\"https:\/\/kapitalis.com\/tunisie\/2023\/12\/17\/le-poeme-du-dimanche-pour-la-defense-des-poetes-de-niels-hav\/\"},\"wordCount\":536,\"commentCount\":0,\"publisher\":{\"@id\":\"https:\/\/kapitalis.com\/tunisie\/#organization\"},\"image\":{\"@id\":\"https:\/\/kapitalis.com\/tunisie\/2023\/12\/17\/le-poeme-du-dimanche-pour-la-defense-des-poetes-de-niels-hav\/#primaryimage\"},\"thumbnailUrl\":\"https:\/\/kapitalis.com\/tunisie\/wp-content\/uploads\/2023\/12\/Niels-Hav-Photo-Christina-Bjorkoe.jpg\",\"keywords\":[\"Copenhague\",\"Danemark\",\"Gudum\",\"Niels Hav\",\"Per Soerensen\",\"po\u00e8te danois\",\"Tahar Bekri\"],\"articleSection\":[\"A LA UNE\",\"CULTURE\"],\"inLanguage\":\"fr-FR\",\"potentialAction\":[{\"@type\":\"CommentAction\",\"name\":\"Comment\",\"target\":[\"https:\/\/kapitalis.com\/tunisie\/2023\/12\/17\/le-poeme-du-dimanche-pour-la-defense-des-poetes-de-niels-hav\/#respond\"]}]},{\"@type\":\"WebPage\",\"@id\":\"https:\/\/kapitalis.com\/tunisie\/2023\/12\/17\/le-poeme-du-dimanche-pour-la-defense-des-poetes-de-niels-hav\/\",\"url\":\"https:\/\/kapitalis.com\/tunisie\/2023\/12\/17\/le-poeme-du-dimanche-pour-la-defense-des-poetes-de-niels-hav\/\",\"name\":\"Le po\u00e8me du dimanche\u00a0: \u2018\u2018Pour la d\u00e9fense des po\u00e8tes\u2019\u2019 de Niels Hav - Kapitalis\",\"isPartOf\":{\"@id\":\"https:\/\/kapitalis.com\/tunisie\/#website\"},\"primaryImageOfPage\":{\"@id\":\"https:\/\/kapitalis.com\/tunisie\/2023\/12\/17\/le-poeme-du-dimanche-pour-la-defense-des-poetes-de-niels-hav\/#primaryimage\"},\"image\":{\"@id\":\"https:\/\/kapitalis.com\/tunisie\/2023\/12\/17\/le-poeme-du-dimanche-pour-la-defense-des-poetes-de-niels-hav\/#primaryimage\"},\"thumbnailUrl\":\"https:\/\/kapitalis.com\/tunisie\/wp-content\/uploads\/2023\/12\/Niels-Hav-Photo-Christina-Bjorkoe.jpg\",\"datePublished\":\"2023-12-17T06:27:00+00:00\",\"breadcrumb\":{\"@id\":\"https:\/\/kapitalis.com\/tunisie\/2023\/12\/17\/le-poeme-du-dimanche-pour-la-defense-des-poetes-de-niels-hav\/#breadcrumb\"},\"inLanguage\":\"fr-FR\",\"potentialAction\":[{\"@type\":\"ReadAction\",\"target\":[\"https:\/\/kapitalis.com\/tunisie\/2023\/12\/17\/le-poeme-du-dimanche-pour-la-defense-des-poetes-de-niels-hav\/\"]}]},{\"@type\":\"ImageObject\",\"inLanguage\":\"fr-FR\",\"@id\":\"https:\/\/kapitalis.com\/tunisie\/2023\/12\/17\/le-poeme-du-dimanche-pour-la-defense-des-poetes-de-niels-hav\/#primaryimage\",\"url\":\"https:\/\/kapitalis.com\/tunisie\/wp-content\/uploads\/2023\/12\/Niels-Hav-Photo-Christina-Bjorkoe.jpg\",\"contentUrl\":\"https:\/\/kapitalis.com\/tunisie\/wp-content\/uploads\/2023\/12\/Niels-Hav-Photo-Christina-Bjorkoe.jpg\",\"width\":1200,\"height\":630},{\"@type\":\"BreadcrumbList\",\"@id\":\"https:\/\/kapitalis.com\/tunisie\/2023\/12\/17\/le-poeme-du-dimanche-pour-la-defense-des-poetes-de-niels-hav\/#breadcrumb\",\"itemListElement\":[{\"@type\":\"ListItem\",\"position\":1,\"name\":\"Accueil\",\"item\":\"https:\/\/kapitalis.com\/tunisie\/\"},{\"@type\":\"ListItem\",\"position\":2,\"name\":\"Le po\u00e8me du dimanche\u00a0: \u2018\u2018Pour la d\u00e9fense des po\u00e8tes\u2019\u2019 de Niels Hav\"}]},{\"@type\":\"WebSite\",\"@id\":\"https:\/\/kapitalis.com\/tunisie\/#website\",\"url\":\"https:\/\/kapitalis.com\/tunisie\/\",\"name\":\"Kapitalis\",\"description\":\"L&#039;actualit\u00e9 en Tunisie et dans le monde\",\"publisher\":{\"@id\":\"https:\/\/kapitalis.com\/tunisie\/#organization\"},\"potentialAction\":[{\"@type\":\"SearchAction\",\"target\":{\"@type\":\"EntryPoint\",\"urlTemplate\":\"https:\/\/kapitalis.com\/tunisie\/?s={search_term_string}\"},\"query-input\":{\"@type\":\"PropertyValueSpecification\",\"valueRequired\":true,\"valueName\":\"search_term_string\"}}],\"inLanguage\":\"fr-FR\"},{\"@type\":\"Organization\",\"@id\":\"https:\/\/kapitalis.com\/tunisie\/#organization\",\"name\":\"Kapitalis\",\"url\":\"https:\/\/kapitalis.com\/tunisie\/\",\"logo\":{\"@type\":\"ImageObject\",\"inLanguage\":\"fr-FR\",\"@id\":\"https:\/\/kapitalis.com\/tunisie\/#\/schema\/logo\/image\/\",\"url\":\"https:\/\/kapitalis.com\/tunisie\/wp-content\/uploads\/2022\/05\/Kapitalis-big-size.png\",\"contentUrl\":\"https:\/\/kapitalis.com\/tunisie\/wp-content\/uploads\/2022\/05\/Kapitalis-big-size.png\",\"width\":5000,\"height\":1500,\"caption\":\"Kapitalis\"},\"image\":{\"@id\":\"https:\/\/kapitalis.com\/tunisie\/#\/schema\/logo\/image\/\"},\"sameAs\":[\"https:\/\/www.facebook.com\/KapitalisInfo\/\",\"https:\/\/x.com\/KapitalisInfo\",\"https:\/\/www.youtube.com\/channel\/UC-yDYrHyfFBWWZaOw3FPg9Q\"]},{\"@type\":\"Person\",\"@id\":\"https:\/\/kapitalis.com\/tunisie\/#\/schema\/person\/d71f33a9ca44f7bad4698210b480c8e9\",\"name\":\"webmaster kapitalis\",\"url\":\"https:\/\/kapitalis.com\/tunisie\/author\/webmaster-kapitalis\/\"}]}<\/script>\n<!-- \/ Yoast SEO plugin. -->","yoast_head_json":{"title":"Le po\u00e8me du dimanche\u00a0: \u2018\u2018Pour la d\u00e9fense des po\u00e8tes\u2019\u2019 de Niels Hav - Kapitalis","robots":{"index":"index","follow":"follow","max-snippet":"max-snippet:-1","max-image-preview":"max-image-preview:large","max-video-preview":"max-video-preview:-1"},"canonical":"https:\/\/kapitalis.com\/tunisie\/2023\/12\/17\/le-poeme-du-dimanche-pour-la-defense-des-poetes-de-niels-hav\/","og_locale":"fr_FR","og_type":"article","og_title":"Le po\u00e8me du dimanche\u00a0: \u2018\u2018Pour la d\u00e9fense des po\u00e8tes\u2019\u2019 de Niels Hav - Kapitalis","og_description":"Niels Hav est po\u00e8te et nouvelliste danois vivant \u00e0 Copenhague.","og_url":"https:\/\/kapitalis.com\/tunisie\/2023\/12\/17\/le-poeme-du-dimanche-pour-la-defense-des-poetes-de-niels-hav\/","og_site_name":"Kapitalis","article_publisher":"https:\/\/www.facebook.com\/KapitalisInfo\/","article_published_time":"2023-12-17T06:27:00+00:00","og_image":[{"width":1200,"height":630,"url":"https:\/\/kapitalis.com\/tunisie\/wp-content\/uploads\/2023\/12\/Niels-Hav-Photo-Christina-Bjorkoe.jpg","type":"image\/jpeg"}],"author":"webmaster kapitalis","twitter_card":"summary_large_image","twitter_creator":"@KapitalisInfo","twitter_site":"@KapitalisInfo","twitter_misc":{"\u00c9crit par":"webmaster kapitalis","Dur\u00e9e de lecture estim\u00e9e":"3 minutes"},"schema":{"@context":"https:\/\/schema.org","@graph":[{"@type":"Article","@id":"https:\/\/kapitalis.com\/tunisie\/2023\/12\/17\/le-poeme-du-dimanche-pour-la-defense-des-poetes-de-niels-hav\/#article","isPartOf":{"@id":"https:\/\/kapitalis.com\/tunisie\/2023\/12\/17\/le-poeme-du-dimanche-pour-la-defense-des-poetes-de-niels-hav\/"},"author":{"name":"webmaster kapitalis","@id":"https:\/\/kapitalis.com\/tunisie\/#\/schema\/person\/d71f33a9ca44f7bad4698210b480c8e9"},"headline":"Le po\u00e8me du dimanche\u00a0: \u2018\u2018Pour la d\u00e9fense des po\u00e8tes\u2019\u2019 de Niels Hav","datePublished":"2023-12-17T06:27:00+00:00","mainEntityOfPage":{"@id":"https:\/\/kapitalis.com\/tunisie\/2023\/12\/17\/le-poeme-du-dimanche-pour-la-defense-des-poetes-de-niels-hav\/"},"wordCount":536,"commentCount":0,"publisher":{"@id":"https:\/\/kapitalis.com\/tunisie\/#organization"},"image":{"@id":"https:\/\/kapitalis.com\/tunisie\/2023\/12\/17\/le-poeme-du-dimanche-pour-la-defense-des-poetes-de-niels-hav\/#primaryimage"},"thumbnailUrl":"https:\/\/kapitalis.com\/tunisie\/wp-content\/uploads\/2023\/12\/Niels-Hav-Photo-Christina-Bjorkoe.jpg","keywords":["Copenhague","Danemark","Gudum","Niels Hav","Per Soerensen","po\u00e8te danois","Tahar Bekri"],"articleSection":["A LA UNE","CULTURE"],"inLanguage":"fr-FR","potentialAction":[{"@type":"CommentAction","name":"Comment","target":["https:\/\/kapitalis.com\/tunisie\/2023\/12\/17\/le-poeme-du-dimanche-pour-la-defense-des-poetes-de-niels-hav\/#respond"]}]},{"@type":"WebPage","@id":"https:\/\/kapitalis.com\/tunisie\/2023\/12\/17\/le-poeme-du-dimanche-pour-la-defense-des-poetes-de-niels-hav\/","url":"https:\/\/kapitalis.com\/tunisie\/2023\/12\/17\/le-poeme-du-dimanche-pour-la-defense-des-poetes-de-niels-hav\/","name":"Le po\u00e8me du dimanche\u00a0: \u2018\u2018Pour la d\u00e9fense des po\u00e8tes\u2019\u2019 de Niels Hav - Kapitalis","isPartOf":{"@id":"https:\/\/kapitalis.com\/tunisie\/#website"},"primaryImageOfPage":{"@id":"https:\/\/kapitalis.com\/tunisie\/2023\/12\/17\/le-poeme-du-dimanche-pour-la-defense-des-poetes-de-niels-hav\/#primaryimage"},"image":{"@id":"https:\/\/kapitalis.com\/tunisie\/2023\/12\/17\/le-poeme-du-dimanche-pour-la-defense-des-poetes-de-niels-hav\/#primaryimage"},"thumbnailUrl":"https:\/\/kapitalis.com\/tunisie\/wp-content\/uploads\/2023\/12\/Niels-Hav-Photo-Christina-Bjorkoe.jpg","datePublished":"2023-12-17T06:27:00+00:00","breadcrumb":{"@id":"https:\/\/kapitalis.com\/tunisie\/2023\/12\/17\/le-poeme-du-dimanche-pour-la-defense-des-poetes-de-niels-hav\/#breadcrumb"},"inLanguage":"fr-FR","potentialAction":[{"@type":"ReadAction","target":["https:\/\/kapitalis.com\/tunisie\/2023\/12\/17\/le-poeme-du-dimanche-pour-la-defense-des-poetes-de-niels-hav\/"]}]},{"@type":"ImageObject","inLanguage":"fr-FR","@id":"https:\/\/kapitalis.com\/tunisie\/2023\/12\/17\/le-poeme-du-dimanche-pour-la-defense-des-poetes-de-niels-hav\/#primaryimage","url":"https:\/\/kapitalis.com\/tunisie\/wp-content\/uploads\/2023\/12\/Niels-Hav-Photo-Christina-Bjorkoe.jpg","contentUrl":"https:\/\/kapitalis.com\/tunisie\/wp-content\/uploads\/2023\/12\/Niels-Hav-Photo-Christina-Bjorkoe.jpg","width":1200,"height":630},{"@type":"BreadcrumbList","@id":"https:\/\/kapitalis.com\/tunisie\/2023\/12\/17\/le-poeme-du-dimanche-pour-la-defense-des-poetes-de-niels-hav\/#breadcrumb","itemListElement":[{"@type":"ListItem","position":1,"name":"Accueil","item":"https:\/\/kapitalis.com\/tunisie\/"},{"@type":"ListItem","position":2,"name":"Le po\u00e8me du dimanche\u00a0: \u2018\u2018Pour la d\u00e9fense des po\u00e8tes\u2019\u2019 de Niels Hav"}]},{"@type":"WebSite","@id":"https:\/\/kapitalis.com\/tunisie\/#website","url":"https:\/\/kapitalis.com\/tunisie\/","name":"Kapitalis","description":"L&#039;actualit\u00e9 en Tunisie et dans le monde","publisher":{"@id":"https:\/\/kapitalis.com\/tunisie\/#organization"},"potentialAction":[{"@type":"SearchAction","target":{"@type":"EntryPoint","urlTemplate":"https:\/\/kapitalis.com\/tunisie\/?s={search_term_string}"},"query-input":{"@type":"PropertyValueSpecification","valueRequired":true,"valueName":"search_term_string"}}],"inLanguage":"fr-FR"},{"@type":"Organization","@id":"https:\/\/kapitalis.com\/tunisie\/#organization","name":"Kapitalis","url":"https:\/\/kapitalis.com\/tunisie\/","logo":{"@type":"ImageObject","inLanguage":"fr-FR","@id":"https:\/\/kapitalis.com\/tunisie\/#\/schema\/logo\/image\/","url":"https:\/\/kapitalis.com\/tunisie\/wp-content\/uploads\/2022\/05\/Kapitalis-big-size.png","contentUrl":"https:\/\/kapitalis.com\/tunisie\/wp-content\/uploads\/2022\/05\/Kapitalis-big-size.png","width":5000,"height":1500,"caption":"Kapitalis"},"image":{"@id":"https:\/\/kapitalis.com\/tunisie\/#\/schema\/logo\/image\/"},"sameAs":["https:\/\/www.facebook.com\/KapitalisInfo\/","https:\/\/x.com\/KapitalisInfo","https:\/\/www.youtube.com\/channel\/UC-yDYrHyfFBWWZaOw3FPg9Q"]},{"@type":"Person","@id":"https:\/\/kapitalis.com\/tunisie\/#\/schema\/person\/d71f33a9ca44f7bad4698210b480c8e9","name":"webmaster kapitalis","url":"https:\/\/kapitalis.com\/tunisie\/author\/webmaster-kapitalis\/"}]}},"_links":{"self":[{"href":"https:\/\/kapitalis.com\/tunisie\/wp-json\/wp\/v2\/posts\/10882935","targetHints":{"allow":["GET"]}}],"collection":[{"href":"https:\/\/kapitalis.com\/tunisie\/wp-json\/wp\/v2\/posts"}],"about":[{"href":"https:\/\/kapitalis.com\/tunisie\/wp-json\/wp\/v2\/types\/post"}],"author":[{"embeddable":true,"href":"https:\/\/kapitalis.com\/tunisie\/wp-json\/wp\/v2\/users\/8"}],"replies":[{"embeddable":true,"href":"https:\/\/kapitalis.com\/tunisie\/wp-json\/wp\/v2\/comments?post=10882935"}],"version-history":[{"count":1,"href":"https:\/\/kapitalis.com\/tunisie\/wp-json\/wp\/v2\/posts\/10882935\/revisions"}],"predecessor-version":[{"id":10882987,"href":"https:\/\/kapitalis.com\/tunisie\/wp-json\/wp\/v2\/posts\/10882935\/revisions\/10882987"}],"wp:featuredmedia":[{"embeddable":true,"href":"https:\/\/kapitalis.com\/tunisie\/wp-json\/wp\/v2\/media\/10882982"}],"wp:attachment":[{"href":"https:\/\/kapitalis.com\/tunisie\/wp-json\/wp\/v2\/media?parent=10882935"}],"wp:term":[{"taxonomy":"category","embeddable":true,"href":"https:\/\/kapitalis.com\/tunisie\/wp-json\/wp\/v2\/categories?post=10882935"},{"taxonomy":"post_tag","embeddable":true,"href":"https:\/\/kapitalis.com\/tunisie\/wp-json\/wp\/v2\/tags?post=10882935"}],"curies":[{"name":"wp","href":"https:\/\/api.w.org\/{rel}","templated":true}]}}