{"id":10892022,"date":"2023-12-12T13:22:18","date_gmt":"2023-12-12T12:22:18","guid":{"rendered":"https:\/\/kapitalis.com\/tunisie\/?p=10892022"},"modified":"2023-12-12T13:22:19","modified_gmt":"2023-12-12T12:22:19","slug":"al-sissi-entre-les-problemes-interieurs-de-legypte-et-la-gestion-du-dossier-de-gaza","status":"publish","type":"post","link":"https:\/\/kapitalis.com\/tunisie\/2023\/12\/12\/al-sissi-entre-les-problemes-interieurs-de-legypte-et-la-gestion-du-dossier-de-gaza\/","title":{"rendered":"Al-Sissi entre les probl\u00e8mes int\u00e9rieurs de l\u2019Egypte et la gestion du dossier de Gaza"},"content":{"rendered":"\n<p><strong><em>En route pour un troisi\u00e8me mandat, le pr\u00e9sident Abdelfattah Al-Sissi est pris en tenailles entre les probl\u00e8mes int\u00e9rieurs de l\u2019\u00c9gypte et le dossier de la guerre d\u2019Isra\u00ebl contre Gaza, qui est un d\u00e9fi pour la s\u00e9curit\u00e9 nationale \u00e9gyptienne, mais aussi un levier pour man\u0153uvrer sur le plan r\u00e9gional et international.<\/em><\/strong><\/p>\n\n\n\n<p>Par <strong>Zvi Bar&rsquo;el<\/strong><\/p>\n\n\n\n<!--more-->\n\n\n<div class=\"wp-block-image\">\n<figure class=\"alignleft size-full\"><img loading=\"lazy\" decoding=\"async\" width=\"200\" height=\"200\" src=\"https:\/\/kapitalis.com\/tunisie\/wp-content\/uploads\/2023\/11\/Zvi-Barel.jpg\" alt=\"\" class=\"wp-image-10729138\" srcset=\"https:\/\/kapitalis.com\/tunisie\/wp-content\/uploads\/2023\/11\/Zvi-Barel.jpg 200w, https:\/\/kapitalis.com\/tunisie\/wp-content\/uploads\/2023\/11\/Zvi-Barel-150x150.jpg 150w, https:\/\/kapitalis.com\/tunisie\/wp-content\/uploads\/2023\/11\/Zvi-Barel-120x120.jpg 120w\" sizes=\"auto, (max-width: 200px) 100vw, 200px\" \/><\/figure>\n<\/div>\n\n\n<p><em>\u00abNous sommes tous avec vous\u00bb<\/em>, dit le slogan au bas des banderoles de propagande accroch\u00e9es aux lampadaires du Caire. <em>\u00abAvec vous\u00bb<\/em>, c\u2019est-\u00e0-dire avec le pr\u00e9sident Abdelfattah Al-Sissi, qui s\u2019est pr\u00e9sent\u00e9 dimanche [10 d\u00e9cembre 2023] pour un troisi\u00e8me mandat jusqu\u2019en 2030, avec possibilit\u00e9 de prolongation. \u00ab<em>Nous tous\u00bb<\/em>. C\u2019est une autre question, car jusqu\u2019\u00e0 pr\u00e9sent, on ne sait pas combien de citoyens parmi les 67 millions de personnes ayant le droit de vote prendront la peine d\u2019aller aux urnes, et combien d\u2019entre eux voteront pour l\u2019actuel pr\u00e9sident.<\/p>\n\n\n\n<p>Pour \u00e9viter de trop r\u00e9fl\u00e9chir, lors de ces \u00e9lections de trois jours, trois hommes politiques sans r\u00e9elle position ni soutien de poids s\u2019affrontent. Le r\u00e9sultat est connu \u00e0 l\u2019avance, comme lors des \u00e9lections pr\u00e9c\u00e9dentes de 2014 et 2018, au cours desquels le pr\u00e9sident a obtenu 90% des voix. Le seul candidat s\u00e9rieux qui veut rivaliser avec Sissi ne parvient pas \u00e0 attirer de nombreux partisans, seulement 14 000 personnes, car la loi exige la signature de 25 000 personnes, et c\u2019est apr\u00e8s une s\u00e9rie de harc\u00e8lements men\u00e9s par les services de l\u2019\u00c9tat qu\u2019il a d\u00e9cid\u00e9 de retirer sa candidature.<\/p>\n\n\n\n<h2 class=\"wp-block-heading\">L\u2019Egypte a besoin d\u2019argent<\/h2>\n\n\n\n<p>Les \u00e9lections actuelles, pr\u00e9vues pour mars 2024, ont \u00e9t\u00e9 avanc\u00e9es pour permettre \u00e0 Sissi d\u2019acc\u00e9l\u00e9rer plusieurs r\u00e9formes vitales, que le Fonds mon\u00e9taire international (FMI) a recommand\u00e9 la mise en \u0153uvre, afin que l\u2019\u00c9gypte puisse recevoir les prochaines tranches du pr\u00eat de 3 milliards de dollars approuv\u00e9 par le FMI et gel\u00e9 apr\u00e8s le premier versement, en raison de la procrastination du r\u00e9gime dans la mise en \u0153uvre des r\u00e9formes.<\/p>\n\n\n\n<p>Le Fonds demande le flottement de la livre \u00e9gyptienne, la privatisation des entreprises publiques et la r\u00e9duction de la part de l\u2019arm\u00e9e dans l\u2019\u00e9conomie \u00e9gyptienne (selon les estimations, l\u2019arm\u00e9e contr\u00f4le la moiti\u00e9 de l\u2019\u00e9conomie du pays).<\/p>\n\n\n\n<p>L\u2019\u00c9gypte, embourb\u00e9e dans l\u2019une des crises \u00e9conomiques les plus graves depuis des ann\u00e9es, a besoin d\u2019argent imm\u00e9diatement. Cette ann\u00e9e, elle devra payer environ 29 milliards de dollars sur sa dette ext\u00e9rieure totale, qui s\u2019\u00e9l\u00e8ve \u00e0 165 milliards de dollars, alors que l\u2019exc\u00e9dent de devises fortes atteint 35 milliards de dollars.<\/p>\n\n\n\n<figure class=\"wp-block-embed is-type-wp-embed is-provider-kapitalis wp-block-embed-kapitalis\"><div class=\"wp-block-embed__wrapper\">\n<blockquote class=\"wp-embedded-content\" data-secret=\"K6giEG82Q5\"><a href=\"https:\/\/kapitalis.com\/tunisie\/2023\/11\/29\/quelle-formule-reunira-legypte-et-israel-a-gaza-apres-le-hamas\/\">Quelle formule r\u00e9unira l\u2019\u00c9gypte et Isra\u00ebl \u00e0 Gaza\u2026 \u00a0\u00abapr\u00e8s le Hamas\u00bb ?<\/a><\/blockquote><iframe loading=\"lazy\" class=\"wp-embedded-content\" sandbox=\"allow-scripts\" security=\"restricted\" style=\"position: absolute; clip: rect(1px, 1px, 1px, 1px);\" title=\"\u00ab\u00a0Quelle formule r\u00e9unira l\u2019\u00c9gypte et Isra\u00ebl \u00e0 Gaza\u2026 \u00a0\u00abapr\u00e8s le Hamas\u00bb ?\u00a0\u00bb &#8212; Kapitalis\" src=\"https:\/\/kapitalis.com\/tunisie\/2023\/11\/29\/quelle-formule-reunira-legypte-et-israel-a-gaza-apres-le-hamas\/embed\/#?secret=uTPQYvy4A6#?secret=K6giEG82Q5\" data-secret=\"K6giEG82Q5\" width=\"600\" height=\"338\" frameborder=\"0\" marginwidth=\"0\" marginheight=\"0\" scrolling=\"no\"><\/iframe>\n<\/div><\/figure>\n\n\n\n<p>Ce n\u2019est pas la seule crise&nbsp;: le taux de ch\u00f4mage en \u00c9gypte est de 17%; l\u2019inflation est d\u2019environ 40% et 60% de la population, qui compte au total 105 millions de personnes, vit autour du seuil de pauvret\u00e9; les nouveaux investissements ralentissent et le tourisme, dont les revenus constituent 10% du produit national brut, se r\u00e9veille apr\u00e8s la pand\u00e9mie de coronavirus, mais il semble que la guerre \u00e0 Gaza va maintenant l\u2019affecter \u00e0 nouveau et briser les pr\u00e9visions sur les revenus de l\u2019\u00c9tat.<\/p>\n\n\n\n<p>En 2016, le pr\u00e9sident a d\u00e9cid\u00e9 de laisser flotter le prix de la livre \u00e9gyptienne, qui a depuis perdu pr\u00e8s de la moiti\u00e9 de sa valeur. Tout nouveau flottement de la livre r\u00e9duirait sa valeur officielle de 30 livres pour un dollar, et son prix sur le march\u00e9 noir \u00e0 45 livres pour un dollar. Il s\u2019agit d\u2019une d\u00e9cision qui entra\u00eenera n\u00e9cessairement une nouvelle hausse importante des prix d\u00e9j\u00e0 \u00e9lev\u00e9s des biens de consommation.<\/p>\n\n\n\n<h2 class=\"wp-block-heading\">L\u2019arm\u00e9e n\u2019est pas pr\u00eate \u00e0 l\u00e2cher prise<\/h2>\n\n\n\n<p>L\u2019autre \u00e9tape, \u00e0 savoir la privatisation des entreprises publiques et la r\u00e9duction de la part de l\u2019arm\u00e9e dans l\u2019\u00e9conomie, pourrait conduire le pr\u00e9sident sur une trajectoire de collision avec l\u2019arm\u00e9e, qui a clairement d\u00e9clar\u00e9 \u00e0 plusieurs reprises qu\u2019elle ne permettrait pas que sa position soit affect\u00e9e. Le march\u00e9 civil est l\u2019une des principales sources de revenus de l\u2019arm\u00e9e non soumis aux contr\u00f4les de l\u2019Etat et comprend des centaines de projets gouvernementaux de production et de construction, des privil\u00e8ges d\u2019importation de consommables et la propri\u00e9t\u00e9 des communications, des h\u00f4pitaux et des \u00e9coles. Bref, chaque branche ou entreprise apporte de l\u2019argent dans ses caisses.<\/p>\n\n\n\n<p>L\u2019arm\u00e9e, qui b\u00e9n\u00e9ficie d\u2019une exon\u00e9ration d\u2019imp\u00f4ts, de taxes et d\u2019imp\u00f4t sur le revenu, ne permet pas une concurrence loyale, et de nombreuses entreprises priv\u00e9es ont \u00e9t\u00e9 contraintes de coop\u00e9rer avec elle, si elles voulaient survivre \u00e9conomiquement. En fait, Sissi s\u2019est engag\u00e9 \u00e0 plusieurs reprises \u00e0 privatiser les entreprises publiques, mais les entrepreneurs et hommes d\u2019affaires, locaux et \u00e9trangers, se sont une fois de plus retrouv\u00e9s noy\u00e9s dans un bourbier bureaucratique qui ne leur permet pas d\u2019acheter des propri\u00e9t\u00e9s gouvernementales.<\/p>\n\n\n\n<h2 class=\"wp-block-heading\">L\u2019Egypte interc\u00e8de aupr\u00e8s du Hamas<\/h2>\n\n\n\n<p>A cette crise \u00e9conomique s\u2019ajoute aujourd\u2019hui la guerre \u00e0 Gaza, qui semble entre-temps aider Sissi \u00e0 consolider sa position politique et \u00e9conomique. Par exemple, le FMI a accept\u00e9 de discuter d\u2019une augmentation du montant du pr\u00eat qu\u2019il accordera \u00e0 l\u2019\u00c9gypte, de 3 \u00e0 5 milliards de dollars. L\u2019Union europ\u00e9enne (UE) a \u00e9galement tendu la main en parlant d\u2019une aide d\u2019un montant de 8 \u00e0 9 milliards de dollars sous la forme d\u2019une exon\u00e9ration partielle ou d\u2019une prolongation de la dur\u00e9e de la dette \u00e9gyptienne, en plus d\u2019un ambitieux plan d\u2019investissement dans le pays.<\/p>\n\n\n\n<p>L\u2019\u00c9gypte, en tant que pays m\u00e9diateur pour la lib\u00e9ration des otages isra\u00e9liens, a re\u00e7u les \u00e9loges de l\u2019administration am\u00e9ricaine. Le ton dur et les vives critiques adress\u00e9es au pr\u00e9sident pour violation des droits de l\u2019homme en \u00c9gypte sont rest\u00e9s presque totalement silencieux. Reste d\u00e9sormais \u00e0 savoir si l\u2019administration am\u00e9ricaine d\u00e9bloquera les 85 millions de dollars gel\u00e9s dans le cadre des sanctions impos\u00e9es par Washington au Caire en raison de la politique r\u00e9pressive men\u00e9e par Sissi. <em>\u00abNous n\u2019autoriserons plus de ch\u00e8ques en blanc au dictateur bien-aim\u00e9 de Trump\u00bb<\/em>, a promis Biden pendant la campagne \u00e9lectorale. La guerre \u00e0 Gaza a \u00e9galement fait de Sissi un <em>\u00abdictateur bien-aim\u00e9\u00bb<\/em> pour Biden. En plus de servir de m\u00e9diateur dans l\u2019accord d\u2019\u00e9change des otages et de ses relations \u00e9troites avec les dirigeants du Hamas \u00e0 Gaza, les services de Sissi sont charg\u00e9s d\u2019absorber et d\u2019acheminer l\u2019aide humanitaire dans la bande. Les avions humanitaires atterrissent \u00e0 l\u2019a\u00e9roport d\u2019Al-Arish, de l\u00e0 ils sont examin\u00e9s au terminal de Nitsana, et de l\u00e0 ils retournent au terminal de Rafah avant d\u2019\u00eatre amen\u00e9s dans la bande de Gaza. Il s\u2019agit d\u2019un processus coordonn\u00e9 directement entre l\u2019\u00c9gypte et Isra\u00ebl. Selon des sources isra\u00e9liennes, cette coordination se d\u00e9roule bien.<\/p>\n\n\n\n<figure class=\"wp-block-embed is-type-wp-embed is-provider-kapitalis wp-block-embed-kapitalis\"><div class=\"wp-block-embed__wrapper\">\n<blockquote class=\"wp-embedded-content\" data-secret=\"wOJw4hFtb0\"><a href=\"https:\/\/kapitalis.com\/tunisie\/2023\/10\/18\/sissi-rejette-le-plan-israelien-de-deplacement-des-palestiniens-en-egypte\/\">Sissi rejette le plan isra\u00e9lien de d\u00e9placement des Palestiniens en Egypte<\/a><\/blockquote><iframe loading=\"lazy\" class=\"wp-embedded-content\" sandbox=\"allow-scripts\" security=\"restricted\" style=\"position: absolute; clip: rect(1px, 1px, 1px, 1px);\" title=\"\u00ab\u00a0Sissi rejette le plan isra\u00e9lien de d\u00e9placement des Palestiniens en Egypte\u00a0\u00bb &#8212; Kapitalis\" src=\"https:\/\/kapitalis.com\/tunisie\/2023\/10\/18\/sissi-rejette-le-plan-israelien-de-deplacement-des-palestiniens-en-egypte\/embed\/#?secret=Jdp6owVaiz#?secret=wOJw4hFtb0\" data-secret=\"wOJw4hFtb0\" width=\"600\" height=\"338\" frameborder=\"0\" marginwidth=\"0\" marginheight=\"0\" scrolling=\"no\"><\/iframe>\n<\/div><\/figure>\n\n\n\n<p>D\u2019un autre c\u00f4t\u00e9, Sissi s\u2019est retrouv\u00e9 dans une bataille intense contre les intentions d\u2019Isra\u00ebl de tenter de pousser des centaines de milliers de Gazaouis vers le territoire \u00e9gyptien. Isra\u00ebl ne pense pas que ce soit une bonne solution, du moins temporairement. Des discussions ont eu lieu \u00e0 ce sujet entre Sissi, Biden, le secr\u00e9taire d\u2019\u00c9tat am\u00e9ricain et d\u2019autres parties am\u00e9ricaines de haut rang, en vue d\u2019une solution, mais Sissi leur a tous oppos\u00e9 son refus (\u2026) L\u2019\u00c9gypte a \u00e9galement clairement indiqu\u00e9 que le probl\u00e8me n\u2019\u00e9tait pas \u00e9conomique, puisqu\u2019elle accueille environ 9 millions de r\u00e9fugi\u00e9s du Moyen-Orient et d\u2019Afrique, mais plut\u00f4t une menace pour la s\u00e9curit\u00e9 nationale de l\u2019\u00c9gypte.<\/p>\n\n\n\n<p>Le ministre \u00e9gyptien des Affaires \u00e9trang\u00e8res, qui s\u2019est rendu \u00e0 Washington ce week-end au sein d\u2019une d\u00e9l\u00e9gation de ministres arabes des Affaires \u00e9trang\u00e8res souhaitant mettre en \u0153uvre un cessez-le-feu dans la bande de Gaza, a d\u00e9clar\u00e9 que l\u2019\u00c9gypte avait d\u00e9j\u00e0 perdu environ 3 500 soldats dans la lutte contre le terrorisme dans le Sina\u00ef. La derni\u00e8re chose que souhaite l\u2019\u00c9gypte, c\u2019est d\u2019\u00e9tablir un <em>\u00abHamas Land\u00bb<\/em> sur son territoire.<\/p>\n\n\n\n<h2 class=\"wp-block-heading\">Louvoiement et r\u00e9silience<\/h2>\n\n\n\n<p>Sissi est conscient qu\u2019il s\u2019agit d\u2019une phase qui ne sera pas temporaire. Il n\u2019y a aucun endroit o\u00f9 ces r\u00e9fugi\u00e9s peuvent retourner, m\u00eame apr\u00e8s la fin de la guerre. Des centaines de milliers de b\u00e2timents et de maisons d\u00e9truits par les bombardements et la destruction des infrastructures n\u00e9cessiteront des ann\u00e9es de reconstruction avant que les r\u00e9fugi\u00e9s puissent m\u00eame penser \u00e0 rentrer chez eux. Le pr\u00e9sident \u00e9gyptien voit des millions de r\u00e9fugi\u00e9s syriens et des centaines de milliers de r\u00e9fugi\u00e9s irakiens qui se trouvent toujours hors de leur pays, m\u00eame s\u2019ils disposent pour la plupart d\u2019un endroit o\u00f9 retourner.<\/p>\n\n\n\n<p>La <em>\u00abfermet\u00e9\u00bb<\/em> de Sissi face aux pressions isra\u00e9liennes et am\u00e9ricaines b\u00e9n\u00e9ficie d\u2019un large soutien de la part de l\u2019opinion publique \u00e9gyptienne, m\u00eame \u00e0 une p\u00e9riode o\u00f9 la plupart des \u00c9gyptiens font preuve de solidarit\u00e9 avec les habitants de Gaza. Ce public fait la distinction entre la catastrophe humanitaire qui s\u2019est d\u00e9velopp\u00e9e \u00e0 Gaza et la col\u00e8re contre le Hamas, qui en \u00c9gypte est toujours consid\u00e9r\u00e9 comme faisant partie du mouvement des Fr\u00e8res musulmans, class\u00e9 comme organisation terroriste. Il sera int\u00e9ressant de voir comment la guerre affectera la participation \u00e9lectorale. Ce pourcentage indique, plus que n\u2019importe quel sondage, les sentiments de l\u2019\u00c9gypte concernant la politique suivie par Al-Sissi pendant la guerre.<\/p>\n\n\n\n<p>Al-Sissi doit \u00e9galement fa\u00e7onner sa politique pour la question du <em>\u00ablendemain\u00bb<\/em>, \u00e0 laquelle l\u2019\u00c9gypte sera un participant actif. Jusqu\u2019\u00e0 pr\u00e9sent, une seule proposition a \u00e9t\u00e9 avanc\u00e9e selon laquelle l\u2019\u00c9tat palestinien qui sera form\u00e9 devrait \u00eatre d\u00e9militaris\u00e9, mais elle \u00e9vite syst\u00e9matiquement de pr\u00e9ciser qui dirigera Gaza et comment il sera dirig\u00e9.<\/p>\n\n\n\n<p>Dans une rencontre vendredi avec le \u00a0think tank am\u00e9ricain Atlantic Council, le ministre \u00e9gyptien des Affaires \u00e9trang\u00e8res a \u00e9t\u00e9 interrog\u00e9 sur <em>\u00able lendemain\u00bb<\/em> et il a r\u00e9pondu :<em> \u00abEn ce qui nous concerne, ce n\u2019est pas le moment appropri\u00e9 pour discuter de la question du lendemain. Le plus important maintenant est de se concentrer sur le moment pr\u00e9sent et non sur ce qui va se passer. Nous ne savons pas quelle sera la situation \u00e0 Gaza ou dans la r\u00e9gion apr\u00e8s la fin des affrontements. Il est donc important de mettre un terme aux affrontements, et nous aborderons ensuite la question de la strat\u00e9gie qui doit \u00eatre d\u00e9velopp\u00e9e entre toutes les parties pour jeter les bases d\u2019une situation meilleure.\u00bb<\/em><\/p>\n\n\n\n<figure class=\"wp-block-embed is-type-wp-embed is-provider-kapitalis wp-block-embed-kapitalis\"><div class=\"wp-block-embed__wrapper\">\n<blockquote class=\"wp-embedded-content\" data-secret=\"17PdpjLBVT\"><a href=\"https:\/\/kapitalis.com\/tunisie\/2023\/09\/21\/tempete-de-dettes-dans-la-region-mena-legypte-et-la-tunisie-sont-elles-les-prochains-liban\/\">Temp\u00eate de dettes dans la r\u00e9gion Mena : l\u2019\u00c9gypte et la Tunisie sont-elles les prochains Liban ?<\/a><\/blockquote><iframe loading=\"lazy\" class=\"wp-embedded-content\" sandbox=\"allow-scripts\" security=\"restricted\" style=\"position: absolute; clip: rect(1px, 1px, 1px, 1px);\" title=\"\u00ab\u00a0Temp\u00eate de dettes dans la r\u00e9gion Mena : l\u2019\u00c9gypte et la Tunisie sont-elles les prochains Liban ?\u00a0\u00bb &#8212; Kapitalis\" src=\"https:\/\/kapitalis.com\/tunisie\/2023\/09\/21\/tempete-de-dettes-dans-la-region-mena-legypte-et-la-tunisie-sont-elles-les-prochains-liban\/embed\/#?secret=TqK03E7M4Y#?secret=17PdpjLBVT\" data-secret=\"17PdpjLBVT\" width=\"600\" height=\"338\" frameborder=\"0\" marginwidth=\"0\" marginheight=\"0\" scrolling=\"no\"><\/iframe>\n<\/div><\/figure>\n\n\n\n<p>Personne ne peut ex\u00e9cuter un virage aussi incroyable que le ministre \u00e9gyptien des Affaires \u00e9trang\u00e8res. Mais on ne peut pas lui en vouloir. D\u2019une part, l\u2019\u00c9gypte sera oblig\u00e9e de s\u2019int\u00e9grer dans le tissu politico-militaire qui sera d\u00e9cid\u00e9 par les \u00c9tats-Unis et Isra\u00ebl afin de pr\u00e9server ses int\u00e9r\u00eats s\u00e9curitaires et de garantir que la bande de Gaza ne constitue pas une menace pour elle. D\u2019un autre c\u00f4t\u00e9, l\u2019\u00c9gypte a clairement indiqu\u00e9 au fil des d\u00e9cennies et pendant la guerre qu\u2019elle n\u2019entendait pas assumer la responsabilit\u00e9 de la gestion de ladite bande, m\u00eame dans le cadre d\u2019une force multinationale. Bien entendu, elle souhaite participer \u00e0 la reconstruction. Il ne fait aucun doute que l\u2019\u00c9gypte proposera d\u2019accueillir une conf\u00e9rence internationale pour discuter d\u2019une solution politique, mais pour l\u2019instant, elle ne retient pas son souffle \u00e0 ce sujet.<em><\/em><\/p>\n\n\n\n<p>\u00c0 l\u2019heure actuelle, Al-Sissi a un pays \u00e0 diriger, un pays embourb\u00e9 dans de nombreux probl\u00e8mes qui lui sont propres. Gaza sous le Hamas a donn\u00e9 \u00e0 Al-Sissi des avantages \u00e9conomiques et politiques, et maintenant elle est devenue une menace dont l\u2019\u00e9limination a plus \u00e0 voir avec Isra\u00ebl et les \u00c9tats-Unis qu\u2019avec l\u2019\u00c9gypte. Il s\u2019agit d\u2019une situation nouvelle pour le pr\u00e9sident \u00e9gyptien, et il ne peut pas commencer \u00e0 mesurer ses pas d\u00e8s maintenant.<\/p>\n\n\n\n<p><strong><em>Source\u00a0<\/em><\/strong>:<em> \u2018\u2018Haaretz\u2019\u2019<\/em> du 11 d\u00e9cembre 2023.<\/p>\n","protected":false},"excerpt":{"rendered":"<p>Abdelfattah Al-Sissi est pris en tenailles entre les probl\u00e8mes int\u00e9rieurs de l\u2019\u00c9gypte et le dossier de la guerre d\u2019Isra\u00ebl contre Gaza,<\/p>\n","protected":false},"author":8,"featured_media":10892072,"comment_status":"open","ping_status":"open","sticky":false,"template":"","format":"standard","meta":{"footnotes":""},"categories":[992,997,1000,2433],"tags":[89825,2379,75918,388,2444,26195,2478,937],"class_list":["post-10892022","post","type-post","status-publish","format-standard","has-post-thumbnail","hentry","category-a-la-une","category-politique","category-tribune","category-tunisie","tag-abdelfattah-al-sissi-2","tag-egypte","tag-etats-unis-2","tag-fmi","tag-gaza","tag-hamas","tag-israel","tag-union-europeenne"],"yoast_head":"<!-- This site is optimized with the Yoast SEO plugin v26.6 - https:\/\/yoast.com\/wordpress\/plugins\/seo\/ -->\n<title>Al-Sissi entre les probl\u00e8mes int\u00e9rieurs de l\u2019Egypte et la gestion du dossier de Gaza - Kapitalis<\/title>\n<meta name=\"robots\" content=\"index, follow, max-snippet:-1, max-image-preview:large, max-video-preview:-1\" \/>\n<link rel=\"canonical\" href=\"https:\/\/kapitalis.com\/tunisie\/2023\/12\/12\/al-sissi-entre-les-problemes-interieurs-de-legypte-et-la-gestion-du-dossier-de-gaza\/\" \/>\n<meta property=\"og:locale\" content=\"fr_FR\" \/>\n<meta property=\"og:type\" content=\"article\" \/>\n<meta property=\"og:title\" content=\"Al-Sissi entre les probl\u00e8mes int\u00e9rieurs de l\u2019Egypte et la gestion du dossier de Gaza - Kapitalis\" \/>\n<meta property=\"og:description\" content=\"Abdelfattah Al-Sissi est pris en tenailles entre les probl\u00e8mes int\u00e9rieurs de l\u2019\u00c9gypte et le dossier de la guerre d\u2019Isra\u00ebl contre Gaza,\" \/>\n<meta property=\"og:url\" content=\"https:\/\/kapitalis.com\/tunisie\/2023\/12\/12\/al-sissi-entre-les-problemes-interieurs-de-legypte-et-la-gestion-du-dossier-de-gaza\/\" \/>\n<meta property=\"og:site_name\" content=\"Kapitalis\" \/>\n<meta property=\"article:publisher\" content=\"https:\/\/www.facebook.com\/KapitalisInfo\/\" \/>\n<meta property=\"article:published_time\" content=\"2023-12-12T12:22:18+00:00\" \/>\n<meta property=\"article:modified_time\" content=\"2023-12-12T12:22:19+00:00\" \/>\n<meta property=\"og:image\" content=\"https:\/\/kapitalis.com\/tunisie\/wp-content\/uploads\/2023\/12\/Al-Sissi-Elections.jpg\" \/>\n\t<meta property=\"og:image:width\" content=\"1200\" \/>\n\t<meta property=\"og:image:height\" content=\"630\" \/>\n\t<meta property=\"og:image:type\" content=\"image\/jpeg\" \/>\n<meta name=\"author\" content=\"webmaster kapitalis\" \/>\n<meta name=\"twitter:card\" content=\"summary_large_image\" \/>\n<meta name=\"twitter:creator\" content=\"@KapitalisInfo\" \/>\n<meta name=\"twitter:site\" content=\"@KapitalisInfo\" \/>\n<meta name=\"twitter:label1\" content=\"\u00c9crit par\" \/>\n\t<meta name=\"twitter:data1\" content=\"webmaster kapitalis\" \/>\n\t<meta name=\"twitter:label2\" content=\"Dur\u00e9e de lecture estim\u00e9e\" \/>\n\t<meta name=\"twitter:data2\" content=\"10 minutes\" \/>\n<script type=\"application\/ld+json\" class=\"yoast-schema-graph\">{\"@context\":\"https:\/\/schema.org\",\"@graph\":[{\"@type\":\"Article\",\"@id\":\"https:\/\/kapitalis.com\/tunisie\/2023\/12\/12\/al-sissi-entre-les-problemes-interieurs-de-legypte-et-la-gestion-du-dossier-de-gaza\/#article\",\"isPartOf\":{\"@id\":\"https:\/\/kapitalis.com\/tunisie\/2023\/12\/12\/al-sissi-entre-les-problemes-interieurs-de-legypte-et-la-gestion-du-dossier-de-gaza\/\"},\"author\":{\"name\":\"webmaster kapitalis\",\"@id\":\"https:\/\/kapitalis.com\/tunisie\/#\/schema\/person\/d71f33a9ca44f7bad4698210b480c8e9\"},\"headline\":\"Al-Sissi entre les probl\u00e8mes int\u00e9rieurs de l\u2019Egypte et la gestion du dossier de Gaza\",\"datePublished\":\"2023-12-12T12:22:18+00:00\",\"dateModified\":\"2023-12-12T12:22:19+00:00\",\"mainEntityOfPage\":{\"@id\":\"https:\/\/kapitalis.com\/tunisie\/2023\/12\/12\/al-sissi-entre-les-problemes-interieurs-de-legypte-et-la-gestion-du-dossier-de-gaza\/\"},\"wordCount\":2103,\"commentCount\":0,\"publisher\":{\"@id\":\"https:\/\/kapitalis.com\/tunisie\/#organization\"},\"image\":{\"@id\":\"https:\/\/kapitalis.com\/tunisie\/2023\/12\/12\/al-sissi-entre-les-problemes-interieurs-de-legypte-et-la-gestion-du-dossier-de-gaza\/#primaryimage\"},\"thumbnailUrl\":\"https:\/\/kapitalis.com\/tunisie\/wp-content\/uploads\/2023\/12\/Al-Sissi-Elections.jpg\",\"keywords\":[\"Abdelfattah Al Sissi\",\"Egypte\",\"Etats-Unis\",\"FMI\",\"Gaza\",\"Hamas\",\"Isra\u00ebl\",\"Union europ\u00e9enne\"],\"articleSection\":[\"A LA UNE\",\"POLITIQUE\",\"TRIBUNE\",\"Tunisie\"],\"inLanguage\":\"fr-FR\",\"potentialAction\":[{\"@type\":\"CommentAction\",\"name\":\"Comment\",\"target\":[\"https:\/\/kapitalis.com\/tunisie\/2023\/12\/12\/al-sissi-entre-les-problemes-interieurs-de-legypte-et-la-gestion-du-dossier-de-gaza\/#respond\"]}]},{\"@type\":\"WebPage\",\"@id\":\"https:\/\/kapitalis.com\/tunisie\/2023\/12\/12\/al-sissi-entre-les-problemes-interieurs-de-legypte-et-la-gestion-du-dossier-de-gaza\/\",\"url\":\"https:\/\/kapitalis.com\/tunisie\/2023\/12\/12\/al-sissi-entre-les-problemes-interieurs-de-legypte-et-la-gestion-du-dossier-de-gaza\/\",\"name\":\"Al-Sissi entre les probl\u00e8mes int\u00e9rieurs de l\u2019Egypte et la gestion du dossier de Gaza - Kapitalis\",\"isPartOf\":{\"@id\":\"https:\/\/kapitalis.com\/tunisie\/#website\"},\"primaryImageOfPage\":{\"@id\":\"https:\/\/kapitalis.com\/tunisie\/2023\/12\/12\/al-sissi-entre-les-problemes-interieurs-de-legypte-et-la-gestion-du-dossier-de-gaza\/#primaryimage\"},\"image\":{\"@id\":\"https:\/\/kapitalis.com\/tunisie\/2023\/12\/12\/al-sissi-entre-les-problemes-interieurs-de-legypte-et-la-gestion-du-dossier-de-gaza\/#primaryimage\"},\"thumbnailUrl\":\"https:\/\/kapitalis.com\/tunisie\/wp-content\/uploads\/2023\/12\/Al-Sissi-Elections.jpg\",\"datePublished\":\"2023-12-12T12:22:18+00:00\",\"dateModified\":\"2023-12-12T12:22:19+00:00\",\"breadcrumb\":{\"@id\":\"https:\/\/kapitalis.com\/tunisie\/2023\/12\/12\/al-sissi-entre-les-problemes-interieurs-de-legypte-et-la-gestion-du-dossier-de-gaza\/#breadcrumb\"},\"inLanguage\":\"fr-FR\",\"potentialAction\":[{\"@type\":\"ReadAction\",\"target\":[\"https:\/\/kapitalis.com\/tunisie\/2023\/12\/12\/al-sissi-entre-les-problemes-interieurs-de-legypte-et-la-gestion-du-dossier-de-gaza\/\"]}]},{\"@type\":\"ImageObject\",\"inLanguage\":\"fr-FR\",\"@id\":\"https:\/\/kapitalis.com\/tunisie\/2023\/12\/12\/al-sissi-entre-les-problemes-interieurs-de-legypte-et-la-gestion-du-dossier-de-gaza\/#primaryimage\",\"url\":\"https:\/\/kapitalis.com\/tunisie\/wp-content\/uploads\/2023\/12\/Al-Sissi-Elections.jpg\",\"contentUrl\":\"https:\/\/kapitalis.com\/tunisie\/wp-content\/uploads\/2023\/12\/Al-Sissi-Elections.jpg\",\"width\":1200,\"height\":630},{\"@type\":\"BreadcrumbList\",\"@id\":\"https:\/\/kapitalis.com\/tunisie\/2023\/12\/12\/al-sissi-entre-les-problemes-interieurs-de-legypte-et-la-gestion-du-dossier-de-gaza\/#breadcrumb\",\"itemListElement\":[{\"@type\":\"ListItem\",\"position\":1,\"name\":\"Accueil\",\"item\":\"https:\/\/kapitalis.com\/tunisie\/\"},{\"@type\":\"ListItem\",\"position\":2,\"name\":\"Al-Sissi entre les probl\u00e8mes int\u00e9rieurs de l\u2019Egypte et la gestion du dossier de Gaza\"}]},{\"@type\":\"WebSite\",\"@id\":\"https:\/\/kapitalis.com\/tunisie\/#website\",\"url\":\"https:\/\/kapitalis.com\/tunisie\/\",\"name\":\"Kapitalis\",\"description\":\"L&#039;actualit\u00e9 en Tunisie et dans le monde\",\"publisher\":{\"@id\":\"https:\/\/kapitalis.com\/tunisie\/#organization\"},\"potentialAction\":[{\"@type\":\"SearchAction\",\"target\":{\"@type\":\"EntryPoint\",\"urlTemplate\":\"https:\/\/kapitalis.com\/tunisie\/?s={search_term_string}\"},\"query-input\":{\"@type\":\"PropertyValueSpecification\",\"valueRequired\":true,\"valueName\":\"search_term_string\"}}],\"inLanguage\":\"fr-FR\"},{\"@type\":\"Organization\",\"@id\":\"https:\/\/kapitalis.com\/tunisie\/#organization\",\"name\":\"Kapitalis\",\"url\":\"https:\/\/kapitalis.com\/tunisie\/\",\"logo\":{\"@type\":\"ImageObject\",\"inLanguage\":\"fr-FR\",\"@id\":\"https:\/\/kapitalis.com\/tunisie\/#\/schema\/logo\/image\/\",\"url\":\"https:\/\/kapitalis.com\/tunisie\/wp-content\/uploads\/2022\/05\/Kapitalis-big-size.png\",\"contentUrl\":\"https:\/\/kapitalis.com\/tunisie\/wp-content\/uploads\/2022\/05\/Kapitalis-big-size.png\",\"width\":5000,\"height\":1500,\"caption\":\"Kapitalis\"},\"image\":{\"@id\":\"https:\/\/kapitalis.com\/tunisie\/#\/schema\/logo\/image\/\"},\"sameAs\":[\"https:\/\/www.facebook.com\/KapitalisInfo\/\",\"https:\/\/x.com\/KapitalisInfo\",\"https:\/\/www.youtube.com\/channel\/UC-yDYrHyfFBWWZaOw3FPg9Q\"]},{\"@type\":\"Person\",\"@id\":\"https:\/\/kapitalis.com\/tunisie\/#\/schema\/person\/d71f33a9ca44f7bad4698210b480c8e9\",\"name\":\"webmaster kapitalis\",\"url\":\"https:\/\/kapitalis.com\/tunisie\/author\/webmaster-kapitalis\/\"}]}<\/script>\n<!-- \/ Yoast SEO plugin. -->","yoast_head_json":{"title":"Al-Sissi entre les probl\u00e8mes int\u00e9rieurs de l\u2019Egypte et la gestion du dossier de Gaza - Kapitalis","robots":{"index":"index","follow":"follow","max-snippet":"max-snippet:-1","max-image-preview":"max-image-preview:large","max-video-preview":"max-video-preview:-1"},"canonical":"https:\/\/kapitalis.com\/tunisie\/2023\/12\/12\/al-sissi-entre-les-problemes-interieurs-de-legypte-et-la-gestion-du-dossier-de-gaza\/","og_locale":"fr_FR","og_type":"article","og_title":"Al-Sissi entre les probl\u00e8mes int\u00e9rieurs de l\u2019Egypte et la gestion du dossier de Gaza - Kapitalis","og_description":"Abdelfattah Al-Sissi est pris en tenailles entre les probl\u00e8mes int\u00e9rieurs de l\u2019\u00c9gypte et le dossier de la guerre d\u2019Isra\u00ebl contre Gaza,","og_url":"https:\/\/kapitalis.com\/tunisie\/2023\/12\/12\/al-sissi-entre-les-problemes-interieurs-de-legypte-et-la-gestion-du-dossier-de-gaza\/","og_site_name":"Kapitalis","article_publisher":"https:\/\/www.facebook.com\/KapitalisInfo\/","article_published_time":"2023-12-12T12:22:18+00:00","article_modified_time":"2023-12-12T12:22:19+00:00","og_image":[{"width":1200,"height":630,"url":"https:\/\/kapitalis.com\/tunisie\/wp-content\/uploads\/2023\/12\/Al-Sissi-Elections.jpg","type":"image\/jpeg"}],"author":"webmaster kapitalis","twitter_card":"summary_large_image","twitter_creator":"@KapitalisInfo","twitter_site":"@KapitalisInfo","twitter_misc":{"\u00c9crit par":"webmaster kapitalis","Dur\u00e9e de lecture estim\u00e9e":"10 minutes"},"schema":{"@context":"https:\/\/schema.org","@graph":[{"@type":"Article","@id":"https:\/\/kapitalis.com\/tunisie\/2023\/12\/12\/al-sissi-entre-les-problemes-interieurs-de-legypte-et-la-gestion-du-dossier-de-gaza\/#article","isPartOf":{"@id":"https:\/\/kapitalis.com\/tunisie\/2023\/12\/12\/al-sissi-entre-les-problemes-interieurs-de-legypte-et-la-gestion-du-dossier-de-gaza\/"},"author":{"name":"webmaster kapitalis","@id":"https:\/\/kapitalis.com\/tunisie\/#\/schema\/person\/d71f33a9ca44f7bad4698210b480c8e9"},"headline":"Al-Sissi entre les probl\u00e8mes int\u00e9rieurs de l\u2019Egypte et la gestion du dossier de Gaza","datePublished":"2023-12-12T12:22:18+00:00","dateModified":"2023-12-12T12:22:19+00:00","mainEntityOfPage":{"@id":"https:\/\/kapitalis.com\/tunisie\/2023\/12\/12\/al-sissi-entre-les-problemes-interieurs-de-legypte-et-la-gestion-du-dossier-de-gaza\/"},"wordCount":2103,"commentCount":0,"publisher":{"@id":"https:\/\/kapitalis.com\/tunisie\/#organization"},"image":{"@id":"https:\/\/kapitalis.com\/tunisie\/2023\/12\/12\/al-sissi-entre-les-problemes-interieurs-de-legypte-et-la-gestion-du-dossier-de-gaza\/#primaryimage"},"thumbnailUrl":"https:\/\/kapitalis.com\/tunisie\/wp-content\/uploads\/2023\/12\/Al-Sissi-Elections.jpg","keywords":["Abdelfattah Al Sissi","Egypte","Etats-Unis","FMI","Gaza","Hamas","Isra\u00ebl","Union europ\u00e9enne"],"articleSection":["A LA UNE","POLITIQUE","TRIBUNE","Tunisie"],"inLanguage":"fr-FR","potentialAction":[{"@type":"CommentAction","name":"Comment","target":["https:\/\/kapitalis.com\/tunisie\/2023\/12\/12\/al-sissi-entre-les-problemes-interieurs-de-legypte-et-la-gestion-du-dossier-de-gaza\/#respond"]}]},{"@type":"WebPage","@id":"https:\/\/kapitalis.com\/tunisie\/2023\/12\/12\/al-sissi-entre-les-problemes-interieurs-de-legypte-et-la-gestion-du-dossier-de-gaza\/","url":"https:\/\/kapitalis.com\/tunisie\/2023\/12\/12\/al-sissi-entre-les-problemes-interieurs-de-legypte-et-la-gestion-du-dossier-de-gaza\/","name":"Al-Sissi entre les probl\u00e8mes int\u00e9rieurs de l\u2019Egypte et la gestion du dossier de Gaza - Kapitalis","isPartOf":{"@id":"https:\/\/kapitalis.com\/tunisie\/#website"},"primaryImageOfPage":{"@id":"https:\/\/kapitalis.com\/tunisie\/2023\/12\/12\/al-sissi-entre-les-problemes-interieurs-de-legypte-et-la-gestion-du-dossier-de-gaza\/#primaryimage"},"image":{"@id":"https:\/\/kapitalis.com\/tunisie\/2023\/12\/12\/al-sissi-entre-les-problemes-interieurs-de-legypte-et-la-gestion-du-dossier-de-gaza\/#primaryimage"},"thumbnailUrl":"https:\/\/kapitalis.com\/tunisie\/wp-content\/uploads\/2023\/12\/Al-Sissi-Elections.jpg","datePublished":"2023-12-12T12:22:18+00:00","dateModified":"2023-12-12T12:22:19+00:00","breadcrumb":{"@id":"https:\/\/kapitalis.com\/tunisie\/2023\/12\/12\/al-sissi-entre-les-problemes-interieurs-de-legypte-et-la-gestion-du-dossier-de-gaza\/#breadcrumb"},"inLanguage":"fr-FR","potentialAction":[{"@type":"ReadAction","target":["https:\/\/kapitalis.com\/tunisie\/2023\/12\/12\/al-sissi-entre-les-problemes-interieurs-de-legypte-et-la-gestion-du-dossier-de-gaza\/"]}]},{"@type":"ImageObject","inLanguage":"fr-FR","@id":"https:\/\/kapitalis.com\/tunisie\/2023\/12\/12\/al-sissi-entre-les-problemes-interieurs-de-legypte-et-la-gestion-du-dossier-de-gaza\/#primaryimage","url":"https:\/\/kapitalis.com\/tunisie\/wp-content\/uploads\/2023\/12\/Al-Sissi-Elections.jpg","contentUrl":"https:\/\/kapitalis.com\/tunisie\/wp-content\/uploads\/2023\/12\/Al-Sissi-Elections.jpg","width":1200,"height":630},{"@type":"BreadcrumbList","@id":"https:\/\/kapitalis.com\/tunisie\/2023\/12\/12\/al-sissi-entre-les-problemes-interieurs-de-legypte-et-la-gestion-du-dossier-de-gaza\/#breadcrumb","itemListElement":[{"@type":"ListItem","position":1,"name":"Accueil","item":"https:\/\/kapitalis.com\/tunisie\/"},{"@type":"ListItem","position":2,"name":"Al-Sissi entre les probl\u00e8mes int\u00e9rieurs de l\u2019Egypte et la gestion du dossier de Gaza"}]},{"@type":"WebSite","@id":"https:\/\/kapitalis.com\/tunisie\/#website","url":"https:\/\/kapitalis.com\/tunisie\/","name":"Kapitalis","description":"L&#039;actualit\u00e9 en Tunisie et dans le monde","publisher":{"@id":"https:\/\/kapitalis.com\/tunisie\/#organization"},"potentialAction":[{"@type":"SearchAction","target":{"@type":"EntryPoint","urlTemplate":"https:\/\/kapitalis.com\/tunisie\/?s={search_term_string}"},"query-input":{"@type":"PropertyValueSpecification","valueRequired":true,"valueName":"search_term_string"}}],"inLanguage":"fr-FR"},{"@type":"Organization","@id":"https:\/\/kapitalis.com\/tunisie\/#organization","name":"Kapitalis","url":"https:\/\/kapitalis.com\/tunisie\/","logo":{"@type":"ImageObject","inLanguage":"fr-FR","@id":"https:\/\/kapitalis.com\/tunisie\/#\/schema\/logo\/image\/","url":"https:\/\/kapitalis.com\/tunisie\/wp-content\/uploads\/2022\/05\/Kapitalis-big-size.png","contentUrl":"https:\/\/kapitalis.com\/tunisie\/wp-content\/uploads\/2022\/05\/Kapitalis-big-size.png","width":5000,"height":1500,"caption":"Kapitalis"},"image":{"@id":"https:\/\/kapitalis.com\/tunisie\/#\/schema\/logo\/image\/"},"sameAs":["https:\/\/www.facebook.com\/KapitalisInfo\/","https:\/\/x.com\/KapitalisInfo","https:\/\/www.youtube.com\/channel\/UC-yDYrHyfFBWWZaOw3FPg9Q"]},{"@type":"Person","@id":"https:\/\/kapitalis.com\/tunisie\/#\/schema\/person\/d71f33a9ca44f7bad4698210b480c8e9","name":"webmaster kapitalis","url":"https:\/\/kapitalis.com\/tunisie\/author\/webmaster-kapitalis\/"}]}},"_links":{"self":[{"href":"https:\/\/kapitalis.com\/tunisie\/wp-json\/wp\/v2\/posts\/10892022","targetHints":{"allow":["GET"]}}],"collection":[{"href":"https:\/\/kapitalis.com\/tunisie\/wp-json\/wp\/v2\/posts"}],"about":[{"href":"https:\/\/kapitalis.com\/tunisie\/wp-json\/wp\/v2\/types\/post"}],"author":[{"embeddable":true,"href":"https:\/\/kapitalis.com\/tunisie\/wp-json\/wp\/v2\/users\/8"}],"replies":[{"embeddable":true,"href":"https:\/\/kapitalis.com\/tunisie\/wp-json\/wp\/v2\/comments?post=10892022"}],"version-history":[{"count":1,"href":"https:\/\/kapitalis.com\/tunisie\/wp-json\/wp\/v2\/posts\/10892022\/revisions"}],"predecessor-version":[{"id":10892119,"href":"https:\/\/kapitalis.com\/tunisie\/wp-json\/wp\/v2\/posts\/10892022\/revisions\/10892119"}],"wp:featuredmedia":[{"embeddable":true,"href":"https:\/\/kapitalis.com\/tunisie\/wp-json\/wp\/v2\/media\/10892072"}],"wp:attachment":[{"href":"https:\/\/kapitalis.com\/tunisie\/wp-json\/wp\/v2\/media?parent=10892022"}],"wp:term":[{"taxonomy":"category","embeddable":true,"href":"https:\/\/kapitalis.com\/tunisie\/wp-json\/wp\/v2\/categories?post=10892022"},{"taxonomy":"post_tag","embeddable":true,"href":"https:\/\/kapitalis.com\/tunisie\/wp-json\/wp\/v2\/tags?post=10892022"}],"curies":[{"name":"wp","href":"https:\/\/api.w.org\/{rel}","templated":true}]}}