{"id":10908865,"date":"2023-12-14T07:57:03","date_gmt":"2023-12-14T06:57:03","guid":{"rendered":"https:\/\/kapitalis.com\/tunisie\/?p=10908865"},"modified":"2023-12-14T07:57:05","modified_gmt":"2023-12-14T06:57:05","slug":"les-stereotypes-sur-les-arabes-a-lorigine-de-la-debacle-israelienne-du-7-octobre","status":"publish","type":"post","link":"https:\/\/kapitalis.com\/tunisie\/2023\/12\/14\/les-stereotypes-sur-les-arabes-a-lorigine-de-la-debacle-israelienne-du-7-octobre\/","title":{"rendered":"Les st\u00e9r\u00e9otypes sur les Arabes \u00e0 l\u2019origine de la d\u00e9b\u00e2cle isra\u00e9lienne du 7 octobre"},"content":{"rendered":"\n<p><strong><em>Un ancien psychologue au sein d\u2019Aman (renseignements militaires isra\u00e9liens), Ofer Grosbard, estime que la d\u00e9b\u00e2cle isra\u00e9lienne du 7 octobre s\u2019explique par la psychologie des Isra\u00e9liens et l\u2019image erron\u00e9e qu\u2019ils colportent sur\u2026 \u00ables Arabes\u00bb.<\/em><\/strong><\/p>\n\n\n\n<p>Par <strong>Imed Bahri \u00a0<\/strong><\/p>\n\n\n\n<!--more-->\n\n\n\n<p>Pour ce psychologue clinicien, ma\u00eetre de conf\u00e9rences \u00e0 l\u2019Universit\u00e9 de Tel Aviv, l\u2019ignorance des alertes relatives au projet d\u2019attaque du Hamas est due \u00e0 des st\u00e9r\u00e9otypes ancr\u00e9s chez les Isra\u00e9liens concernant les Arabes qu\u2019ils consid\u00e8rent comme des \u00eatres irrationnels, d\u00e9nu\u00e9s d\u2019esprit analytique et de sens de la planification. Les alertes relatives \u00e0 cette attaques ne manquaient pourtant pas mais <em>\u00ables Arabes\u00bb<\/em>, comme les Isra\u00e9liens les appellent, n\u2019ont pas \u00e9t\u00e9 pris au s\u00e9rieux. <\/p>\n\n\n\n<p>Les Isra\u00e9liens voient les Arabes de la m\u00eame mani\u00e8re que les orientalistes occidentaux que critiquait le penseur am\u00e9ricain d\u2019origine palestinienne Edward Sa\u00efd.\u00a0<\/p>\n\n\n\n<p>Selon Grosbard, la plupart des membres du d\u00e9partement de renseignement sont des jeunes issus d\u2019un milieu occidental moderne, dans lequel la <em>\u00abpens\u00e9e analytique\u00bb<\/em> est une priorit\u00e9. Ils supposent \u00e0 tort que <em>\u00abl\u2019ennemi pense comme nous, et ils lui attribuent notre fa\u00e7on de penser\u00bb<\/em>. C\u2019est-\u00e0-dire que l&rsquo;ennemi pense comme eux, sur la base d\u2019approches rationnelles et d\u2019analyses logiques, alors qu\u2019il s\u2019agit d\u2019un monde qui fonctionne selon des codes culturels diff\u00e9rents, comme celui du fameux <em>\u00abhonneur arabe\u00bb<\/em>, qui n\u2019a rien \u00e0 voir avec la rationalit\u00e9 et la pens\u00e9e analytique. Cette id\u00e9e fausse, selon lui, est l\u2019une des raisons de l\u2019\u00e9chec catastrophique des services de renseignement isra\u00e9lien  concernant le plan d\u2019attaque meurtri\u00e8re du Hamas.<\/p>\n\n\n\n<h2 class=\"wp-block-heading\">R\u00e9habilitation de <em>\u00abl\u2019honneur arabe\u00bb<\/em><\/h2>\n\n\n\n<p>Alors que Netanyahou a cherch\u00e9 au cours des 15 derni\u00e8res ann\u00e9es \u00e0 \u00e9luder la question palestinienne, le Hamas a r\u00e9ussi \u00e0 remettre cette question au centre de l\u2019attention du monde, estime le psychologue.<\/p>\n\n\n\n<figure class=\"wp-block-embed is-type-wp-embed is-provider-kapitalis wp-block-embed-kapitalis\"><div class=\"wp-block-embed__wrapper\">\n<blockquote class=\"wp-embedded-content\" data-secret=\"GOiejCTtgY\"><a href=\"https:\/\/kapitalis.com\/tunisie\/2023\/12\/02\/israel-etait-au-courant-du-plan-dattaque-du-hamas-il-y-a-plus-dun-an\/\">Isra\u00ebl \u00e9tait au courant du plan d\u2019attaque du Hamas il y a plus d\u2019un an<\/a><\/blockquote><iframe loading=\"lazy\" class=\"wp-embedded-content\" sandbox=\"allow-scripts\" security=\"restricted\" style=\"position: absolute; clip: rect(1px, 1px, 1px, 1px);\" title=\"\u00ab\u00a0Isra\u00ebl \u00e9tait au courant du plan d\u2019attaque du Hamas il y a plus d\u2019un an\u00a0\u00bb &#8212; Kapitalis\" src=\"https:\/\/kapitalis.com\/tunisie\/2023\/12\/02\/israel-etait-au-courant-du-plan-dattaque-du-hamas-il-y-a-plus-dun-an\/embed\/#?secret=Ip4iO4vHWj#?secret=GOiejCTtgY\" data-secret=\"GOiejCTtgY\" width=\"600\" height=\"338\" frameborder=\"0\" marginwidth=\"0\" marginheight=\"0\" scrolling=\"no\"><\/iframe>\n<\/div><\/figure>\n\n\n\n<p>Netanyahou s\u2019est vant\u00e9 d\u2019avoir r\u00e9ussi \u00e0 contourner la question palestinienne en avan\u00e7ant sur la voie d\u2019une normalisation avec l\u2019Arabie saoudite, tandis que le Hamas a cherch\u00e9 \u00e0 prouver qu\u2019il est l\u2019acteur le plus important au Moyen-Orient, sans lequel aucune action r\u00e9gionale ne serait possible. Cela pourrait \u00eatre pr\u00e9sent\u00e9 comme l\u2019expression de la r\u00e9habilitation de <em>\u00abl\u2019honneur arabe\u00bb<\/em>.<\/p>\n\n\n\n<p>Citant l\u2019<a href=\"https:\/\/kapitalis.com\/tunisie\/2023\/12\/02\/israel-etait-au-courant-du-plan-dattaque-du-hamas-il-y-a-plus-dun-an\/\" target=\"_blank\" rel=\"noreferrer noopener\">article d\u2019Amos Harel dans <em>Haaretz<\/em><\/a> du 27 novembre sur le sous-officier F. d\u2019Aman qui a mis en garde contre l\u2019intention du Hamas de commettre un massacre dans les territoires isra\u00e9liens et a inform\u00e9 ses sup\u00e9rieurs que les combattants du Hamas venaient d\u2019achever une formation intitul\u00e9e: <em>\u00abNous avons fini de tuer tous les habitants du kibboutz\u00bb<\/em>. Cet avertissement a \u00e9t\u00e9 rejet\u00e9 par un officier sup\u00e9rieur du renseignement. Ce dernier a fait l\u2019\u00e9loge du travail du sous-officier, mais a ajout\u00e9 : <em>\u00abCela me semble surr\u00e9aliste\u00bb<\/em>. L\u2019auteure de l\u2019alerte a tenu bon et a \u00e9t\u00e9 soutenue par son sup\u00e9rieur hi\u00e9rarchique, qui a d\u00e9clar\u00e9 que, d\u2019apr\u00e8s son exp\u00e9rience, il s\u2019agissait d\u2019une v\u00e9ritable man\u0153uvre. Mais tout cela \u00e9tait qualifi\u00e9 d\u2019absurde, car les hauts dirigeants d\u2019Aman n\u2019ont pas pris les avertissements au s\u00e9rieux. <\/p>\n\n\n\n<h2 class=\"wp-block-heading\">Usage excessif des st\u00e9r\u00e9otypes orientalistes <\/h2>\n\n\n\n<p>Il est difficile de se d\u00e9barrasser de certaines impressions ou pr\u00e9jug\u00e9s, qui ont emp\u00each\u00e9 les hauts dirigeants d\u2019Aman de penser que le Hamas \u00e9tait capable d\u2019une op\u00e9ration longuement pr\u00e9par\u00e9e. <em>\u00abSelon ces pr\u00e9jug\u00e9s, la probabilit\u00e9 qu\u2019un groupe d\u2019Arabes primitifs, \u00e9loign\u00e9s de toute pens\u00e9e rationnelle et analytique, m\u00e8ne une op\u00e9ration organis\u00e9e et bien planifi\u00e9e semble \u00eatre nulle\u00bb<\/em>, explique Grosbard. En d\u2019autres termes, ajoute-il, et pour paraphraser l\u2019avocat du d\u00e9sengagement Dov Weissglass, <em>\u00absi nos voisins n\u2019\u00e9taient pas des Palestiniens, mais des Finlandais ou d\u2019autres Europ\u00e9ens \u2018\u2018raisonnables\u2019\u2019, il ne serait pas faux de supposer que le niveau de prise en compte des avertissements des services de renseignement du type fourni par le sous-officier\u00a0 F., aurait \u00e9t\u00e9 dix fois plus grand\u00bb<\/em>, ajoute-t-il. <\/p>\n\n\n\n<figure class=\"wp-block-embed is-type-wp-embed is-provider-kapitalis wp-block-embed-kapitalis\"><div class=\"wp-block-embed__wrapper\">\n<blockquote class=\"wp-embedded-content\" data-secret=\"J7VoE6NmMJ\"><a href=\"https:\/\/kapitalis.com\/tunisie\/2023\/12\/13\/lobjectif-du-hamas-a-gaza\/\">L\u2019objectif du Hamas \u00e0 Gaza<\/a><\/blockquote><iframe loading=\"lazy\" class=\"wp-embedded-content\" sandbox=\"allow-scripts\" security=\"restricted\" style=\"position: absolute; clip: rect(1px, 1px, 1px, 1px);\" title=\"\u00ab\u00a0L\u2019objectif du Hamas \u00e0 Gaza\u00a0\u00bb &#8212; Kapitalis\" src=\"https:\/\/kapitalis.com\/tunisie\/2023\/12\/13\/lobjectif-du-hamas-a-gaza\/embed\/#?secret=gcv52u61Uh#?secret=J7VoE6NmMJ\" data-secret=\"J7VoE6NmMJ\" width=\"600\" height=\"338\" frameborder=\"0\" marginwidth=\"0\" marginheight=\"0\" scrolling=\"no\"><\/iframe>\n<\/div><\/figure>\n\n\n\n<p>Le regrett\u00e9 Edward Said, d\u2019origine palestinienne, sp\u00e9cialiste de la litt\u00e9rature et de la culture am\u00e9ricaines, a d\u00e9crit dans son c\u00e9l\u00e8bre ouvrage <em>\u2018\u2018Orientalism\u2019\u2019<\/em> (1978) l\u2019image colport\u00e9e par le discours culturel occidental moderne \u00e0 propos de l\u2019Oriental, arabe et musulman, pr\u00e9sent\u00e9 comme barbare, ignorant et <em>\u00absensuel\u00bb<\/em> par opposition \u00e0 l\u2019Occidental <em>\u00ab\u00e9clair\u00e9 et rationnel\u00bb<\/em>.<\/p>\n\n\n\n<p>L\u2019\u00e9chec des services de renseignement isra\u00e9lien ayant conduit au d\u00e9sastre du 7 octobre provenait d\u2019un usage excessif des st\u00e9r\u00e9otypes orientalistes d\u00e9crits par Said.<\/p>\n\n\n\n<p><strong><em>D\u2019apr\u00e8s Haaretz (13\/12\/2023).<\/em><\/strong><\/p>\n","protected":false},"excerpt":{"rendered":"<p>La d\u00e9b\u00e2cle isra\u00e9lienne du 7 octobre s\u2019explique par la psychologie des Isra\u00e9liens et l\u2019image erron\u00e9e qu\u2019ils colportent sur\u2026 \u00ables Arabes\u00bb.<\/p>\n","protected":false},"author":8,"featured_media":10908973,"comment_status":"open","ping_status":"open","sticky":false,"template":"","format":"standard","meta":{"footnotes":""},"categories":[992,997,2433],"tags":[1613,112699,26195,2478,112843,112840,112842,112841,2739],"class_list":["post-10908865","post","type-post","status-publish","format-standard","has-post-thumbnail","hentry","category-a-la-une","category-politique","category-tunisie","tag-arabes","tag-edward-said-2","tag-hamas","tag-israel","tag-occidental","tag-ofer-grosbard","tag-oriental","tag-orientalistes","tag-palestiniens"],"yoast_head":"<!-- This site is optimized with the Yoast SEO plugin v26.6 - https:\/\/yoast.com\/wordpress\/plugins\/seo\/ -->\n<title>Les st\u00e9r\u00e9otypes sur les Arabes \u00e0 l\u2019origine de la d\u00e9b\u00e2cle isra\u00e9lienne du 7 octobre - Kapitalis<\/title>\n<meta name=\"robots\" content=\"index, follow, max-snippet:-1, max-image-preview:large, max-video-preview:-1\" \/>\n<link rel=\"canonical\" href=\"https:\/\/kapitalis.com\/tunisie\/2023\/12\/14\/les-stereotypes-sur-les-arabes-a-lorigine-de-la-debacle-israelienne-du-7-octobre\/\" \/>\n<meta property=\"og:locale\" content=\"fr_FR\" \/>\n<meta property=\"og:type\" content=\"article\" \/>\n<meta property=\"og:title\" content=\"Les st\u00e9r\u00e9otypes sur les Arabes \u00e0 l\u2019origine de la d\u00e9b\u00e2cle isra\u00e9lienne du 7 octobre - Kapitalis\" \/>\n<meta property=\"og:description\" content=\"La d\u00e9b\u00e2cle isra\u00e9lienne du 7 octobre s\u2019explique par la psychologie des Isra\u00e9liens et l\u2019image erron\u00e9e qu\u2019ils colportent sur\u2026 \u00ables Arabes\u00bb.\" \/>\n<meta property=\"og:url\" content=\"https:\/\/kapitalis.com\/tunisie\/2023\/12\/14\/les-stereotypes-sur-les-arabes-a-lorigine-de-la-debacle-israelienne-du-7-octobre\/\" \/>\n<meta property=\"og:site_name\" content=\"Kapitalis\" \/>\n<meta property=\"article:publisher\" content=\"https:\/\/www.facebook.com\/KapitalisInfo\/\" \/>\n<meta property=\"article:published_time\" content=\"2023-12-14T06:57:03+00:00\" \/>\n<meta property=\"article:modified_time\" content=\"2023-12-14T06:57:05+00:00\" \/>\n<meta property=\"og:image\" content=\"https:\/\/kapitalis.com\/tunisie\/wp-content\/uploads\/2023\/12\/Gaza-soldat-israelien.jpg\" \/>\n\t<meta property=\"og:image:width\" content=\"1200\" \/>\n\t<meta property=\"og:image:height\" content=\"630\" \/>\n\t<meta property=\"og:image:type\" content=\"image\/jpeg\" \/>\n<meta name=\"author\" content=\"webmaster kapitalis\" \/>\n<meta name=\"twitter:card\" content=\"summary_large_image\" \/>\n<meta name=\"twitter:creator\" content=\"@KapitalisInfo\" \/>\n<meta name=\"twitter:site\" content=\"@KapitalisInfo\" \/>\n<meta name=\"twitter:label1\" content=\"\u00c9crit par\" \/>\n\t<meta name=\"twitter:data1\" content=\"webmaster kapitalis\" \/>\n\t<meta name=\"twitter:label2\" content=\"Dur\u00e9e de lecture estim\u00e9e\" \/>\n\t<meta name=\"twitter:data2\" content=\"4 minutes\" \/>\n<script type=\"application\/ld+json\" class=\"yoast-schema-graph\">{\"@context\":\"https:\/\/schema.org\",\"@graph\":[{\"@type\":\"Article\",\"@id\":\"https:\/\/kapitalis.com\/tunisie\/2023\/12\/14\/les-stereotypes-sur-les-arabes-a-lorigine-de-la-debacle-israelienne-du-7-octobre\/#article\",\"isPartOf\":{\"@id\":\"https:\/\/kapitalis.com\/tunisie\/2023\/12\/14\/les-stereotypes-sur-les-arabes-a-lorigine-de-la-debacle-israelienne-du-7-octobre\/\"},\"author\":{\"name\":\"webmaster kapitalis\",\"@id\":\"https:\/\/kapitalis.com\/tunisie\/#\/schema\/person\/d71f33a9ca44f7bad4698210b480c8e9\"},\"headline\":\"Les st\u00e9r\u00e9otypes sur les Arabes \u00e0 l\u2019origine de la d\u00e9b\u00e2cle isra\u00e9lienne du 7 octobre\",\"datePublished\":\"2023-12-14T06:57:03+00:00\",\"dateModified\":\"2023-12-14T06:57:05+00:00\",\"mainEntityOfPage\":{\"@id\":\"https:\/\/kapitalis.com\/tunisie\/2023\/12\/14\/les-stereotypes-sur-les-arabes-a-lorigine-de-la-debacle-israelienne-du-7-octobre\/\"},\"wordCount\":819,\"commentCount\":1,\"publisher\":{\"@id\":\"https:\/\/kapitalis.com\/tunisie\/#organization\"},\"image\":{\"@id\":\"https:\/\/kapitalis.com\/tunisie\/2023\/12\/14\/les-stereotypes-sur-les-arabes-a-lorigine-de-la-debacle-israelienne-du-7-octobre\/#primaryimage\"},\"thumbnailUrl\":\"https:\/\/kapitalis.com\/tunisie\/wp-content\/uploads\/2023\/12\/Gaza-soldat-israelien.jpg\",\"keywords\":[\"arabes\",\"Edward Said\",\"Hamas\",\"Isra\u00ebl\",\"Occidental\",\"Ofer Grosbard\",\"Oriental\",\"orientalistes\",\"Palestiniens\"],\"articleSection\":[\"A LA UNE\",\"POLITIQUE\",\"Tunisie\"],\"inLanguage\":\"fr-FR\",\"potentialAction\":[{\"@type\":\"CommentAction\",\"name\":\"Comment\",\"target\":[\"https:\/\/kapitalis.com\/tunisie\/2023\/12\/14\/les-stereotypes-sur-les-arabes-a-lorigine-de-la-debacle-israelienne-du-7-octobre\/#respond\"]}]},{\"@type\":\"WebPage\",\"@id\":\"https:\/\/kapitalis.com\/tunisie\/2023\/12\/14\/les-stereotypes-sur-les-arabes-a-lorigine-de-la-debacle-israelienne-du-7-octobre\/\",\"url\":\"https:\/\/kapitalis.com\/tunisie\/2023\/12\/14\/les-stereotypes-sur-les-arabes-a-lorigine-de-la-debacle-israelienne-du-7-octobre\/\",\"name\":\"Les st\u00e9r\u00e9otypes sur les Arabes \u00e0 l\u2019origine de la d\u00e9b\u00e2cle isra\u00e9lienne du 7 octobre - Kapitalis\",\"isPartOf\":{\"@id\":\"https:\/\/kapitalis.com\/tunisie\/#website\"},\"primaryImageOfPage\":{\"@id\":\"https:\/\/kapitalis.com\/tunisie\/2023\/12\/14\/les-stereotypes-sur-les-arabes-a-lorigine-de-la-debacle-israelienne-du-7-octobre\/#primaryimage\"},\"image\":{\"@id\":\"https:\/\/kapitalis.com\/tunisie\/2023\/12\/14\/les-stereotypes-sur-les-arabes-a-lorigine-de-la-debacle-israelienne-du-7-octobre\/#primaryimage\"},\"thumbnailUrl\":\"https:\/\/kapitalis.com\/tunisie\/wp-content\/uploads\/2023\/12\/Gaza-soldat-israelien.jpg\",\"datePublished\":\"2023-12-14T06:57:03+00:00\",\"dateModified\":\"2023-12-14T06:57:05+00:00\",\"breadcrumb\":{\"@id\":\"https:\/\/kapitalis.com\/tunisie\/2023\/12\/14\/les-stereotypes-sur-les-arabes-a-lorigine-de-la-debacle-israelienne-du-7-octobre\/#breadcrumb\"},\"inLanguage\":\"fr-FR\",\"potentialAction\":[{\"@type\":\"ReadAction\",\"target\":[\"https:\/\/kapitalis.com\/tunisie\/2023\/12\/14\/les-stereotypes-sur-les-arabes-a-lorigine-de-la-debacle-israelienne-du-7-octobre\/\"]}]},{\"@type\":\"ImageObject\",\"inLanguage\":\"fr-FR\",\"@id\":\"https:\/\/kapitalis.com\/tunisie\/2023\/12\/14\/les-stereotypes-sur-les-arabes-a-lorigine-de-la-debacle-israelienne-du-7-octobre\/#primaryimage\",\"url\":\"https:\/\/kapitalis.com\/tunisie\/wp-content\/uploads\/2023\/12\/Gaza-soldat-israelien.jpg\",\"contentUrl\":\"https:\/\/kapitalis.com\/tunisie\/wp-content\/uploads\/2023\/12\/Gaza-soldat-israelien.jpg\",\"width\":1200,\"height\":630},{\"@type\":\"BreadcrumbList\",\"@id\":\"https:\/\/kapitalis.com\/tunisie\/2023\/12\/14\/les-stereotypes-sur-les-arabes-a-lorigine-de-la-debacle-israelienne-du-7-octobre\/#breadcrumb\",\"itemListElement\":[{\"@type\":\"ListItem\",\"position\":1,\"name\":\"Accueil\",\"item\":\"https:\/\/kapitalis.com\/tunisie\/\"},{\"@type\":\"ListItem\",\"position\":2,\"name\":\"Les st\u00e9r\u00e9otypes sur les Arabes \u00e0 l\u2019origine de la d\u00e9b\u00e2cle isra\u00e9lienne du 7 octobre\"}]},{\"@type\":\"WebSite\",\"@id\":\"https:\/\/kapitalis.com\/tunisie\/#website\",\"url\":\"https:\/\/kapitalis.com\/tunisie\/\",\"name\":\"Kapitalis\",\"description\":\"L&#039;actualit\u00e9 en Tunisie et dans le monde\",\"publisher\":{\"@id\":\"https:\/\/kapitalis.com\/tunisie\/#organization\"},\"potentialAction\":[{\"@type\":\"SearchAction\",\"target\":{\"@type\":\"EntryPoint\",\"urlTemplate\":\"https:\/\/kapitalis.com\/tunisie\/?s={search_term_string}\"},\"query-input\":{\"@type\":\"PropertyValueSpecification\",\"valueRequired\":true,\"valueName\":\"search_term_string\"}}],\"inLanguage\":\"fr-FR\"},{\"@type\":\"Organization\",\"@id\":\"https:\/\/kapitalis.com\/tunisie\/#organization\",\"name\":\"Kapitalis\",\"url\":\"https:\/\/kapitalis.com\/tunisie\/\",\"logo\":{\"@type\":\"ImageObject\",\"inLanguage\":\"fr-FR\",\"@id\":\"https:\/\/kapitalis.com\/tunisie\/#\/schema\/logo\/image\/\",\"url\":\"https:\/\/kapitalis.com\/tunisie\/wp-content\/uploads\/2022\/05\/Kapitalis-big-size.png\",\"contentUrl\":\"https:\/\/kapitalis.com\/tunisie\/wp-content\/uploads\/2022\/05\/Kapitalis-big-size.png\",\"width\":5000,\"height\":1500,\"caption\":\"Kapitalis\"},\"image\":{\"@id\":\"https:\/\/kapitalis.com\/tunisie\/#\/schema\/logo\/image\/\"},\"sameAs\":[\"https:\/\/www.facebook.com\/KapitalisInfo\/\",\"https:\/\/x.com\/KapitalisInfo\",\"https:\/\/www.youtube.com\/channel\/UC-yDYrHyfFBWWZaOw3FPg9Q\"]},{\"@type\":\"Person\",\"@id\":\"https:\/\/kapitalis.com\/tunisie\/#\/schema\/person\/d71f33a9ca44f7bad4698210b480c8e9\",\"name\":\"webmaster kapitalis\",\"url\":\"https:\/\/kapitalis.com\/tunisie\/author\/webmaster-kapitalis\/\"}]}<\/script>\n<!-- \/ Yoast SEO plugin. -->","yoast_head_json":{"title":"Les st\u00e9r\u00e9otypes sur les Arabes \u00e0 l\u2019origine de la d\u00e9b\u00e2cle isra\u00e9lienne du 7 octobre - Kapitalis","robots":{"index":"index","follow":"follow","max-snippet":"max-snippet:-1","max-image-preview":"max-image-preview:large","max-video-preview":"max-video-preview:-1"},"canonical":"https:\/\/kapitalis.com\/tunisie\/2023\/12\/14\/les-stereotypes-sur-les-arabes-a-lorigine-de-la-debacle-israelienne-du-7-octobre\/","og_locale":"fr_FR","og_type":"article","og_title":"Les st\u00e9r\u00e9otypes sur les Arabes \u00e0 l\u2019origine de la d\u00e9b\u00e2cle isra\u00e9lienne du 7 octobre - Kapitalis","og_description":"La d\u00e9b\u00e2cle isra\u00e9lienne du 7 octobre s\u2019explique par la psychologie des Isra\u00e9liens et l\u2019image erron\u00e9e qu\u2019ils colportent sur\u2026 \u00ables Arabes\u00bb.","og_url":"https:\/\/kapitalis.com\/tunisie\/2023\/12\/14\/les-stereotypes-sur-les-arabes-a-lorigine-de-la-debacle-israelienne-du-7-octobre\/","og_site_name":"Kapitalis","article_publisher":"https:\/\/www.facebook.com\/KapitalisInfo\/","article_published_time":"2023-12-14T06:57:03+00:00","article_modified_time":"2023-12-14T06:57:05+00:00","og_image":[{"width":1200,"height":630,"url":"https:\/\/kapitalis.com\/tunisie\/wp-content\/uploads\/2023\/12\/Gaza-soldat-israelien.jpg","type":"image\/jpeg"}],"author":"webmaster kapitalis","twitter_card":"summary_large_image","twitter_creator":"@KapitalisInfo","twitter_site":"@KapitalisInfo","twitter_misc":{"\u00c9crit par":"webmaster kapitalis","Dur\u00e9e de lecture estim\u00e9e":"4 minutes"},"schema":{"@context":"https:\/\/schema.org","@graph":[{"@type":"Article","@id":"https:\/\/kapitalis.com\/tunisie\/2023\/12\/14\/les-stereotypes-sur-les-arabes-a-lorigine-de-la-debacle-israelienne-du-7-octobre\/#article","isPartOf":{"@id":"https:\/\/kapitalis.com\/tunisie\/2023\/12\/14\/les-stereotypes-sur-les-arabes-a-lorigine-de-la-debacle-israelienne-du-7-octobre\/"},"author":{"name":"webmaster kapitalis","@id":"https:\/\/kapitalis.com\/tunisie\/#\/schema\/person\/d71f33a9ca44f7bad4698210b480c8e9"},"headline":"Les st\u00e9r\u00e9otypes sur les Arabes \u00e0 l\u2019origine de la d\u00e9b\u00e2cle isra\u00e9lienne du 7 octobre","datePublished":"2023-12-14T06:57:03+00:00","dateModified":"2023-12-14T06:57:05+00:00","mainEntityOfPage":{"@id":"https:\/\/kapitalis.com\/tunisie\/2023\/12\/14\/les-stereotypes-sur-les-arabes-a-lorigine-de-la-debacle-israelienne-du-7-octobre\/"},"wordCount":819,"commentCount":1,"publisher":{"@id":"https:\/\/kapitalis.com\/tunisie\/#organization"},"image":{"@id":"https:\/\/kapitalis.com\/tunisie\/2023\/12\/14\/les-stereotypes-sur-les-arabes-a-lorigine-de-la-debacle-israelienne-du-7-octobre\/#primaryimage"},"thumbnailUrl":"https:\/\/kapitalis.com\/tunisie\/wp-content\/uploads\/2023\/12\/Gaza-soldat-israelien.jpg","keywords":["arabes","Edward Said","Hamas","Isra\u00ebl","Occidental","Ofer Grosbard","Oriental","orientalistes","Palestiniens"],"articleSection":["A LA UNE","POLITIQUE","Tunisie"],"inLanguage":"fr-FR","potentialAction":[{"@type":"CommentAction","name":"Comment","target":["https:\/\/kapitalis.com\/tunisie\/2023\/12\/14\/les-stereotypes-sur-les-arabes-a-lorigine-de-la-debacle-israelienne-du-7-octobre\/#respond"]}]},{"@type":"WebPage","@id":"https:\/\/kapitalis.com\/tunisie\/2023\/12\/14\/les-stereotypes-sur-les-arabes-a-lorigine-de-la-debacle-israelienne-du-7-octobre\/","url":"https:\/\/kapitalis.com\/tunisie\/2023\/12\/14\/les-stereotypes-sur-les-arabes-a-lorigine-de-la-debacle-israelienne-du-7-octobre\/","name":"Les st\u00e9r\u00e9otypes sur les Arabes \u00e0 l\u2019origine de la d\u00e9b\u00e2cle isra\u00e9lienne du 7 octobre - Kapitalis","isPartOf":{"@id":"https:\/\/kapitalis.com\/tunisie\/#website"},"primaryImageOfPage":{"@id":"https:\/\/kapitalis.com\/tunisie\/2023\/12\/14\/les-stereotypes-sur-les-arabes-a-lorigine-de-la-debacle-israelienne-du-7-octobre\/#primaryimage"},"image":{"@id":"https:\/\/kapitalis.com\/tunisie\/2023\/12\/14\/les-stereotypes-sur-les-arabes-a-lorigine-de-la-debacle-israelienne-du-7-octobre\/#primaryimage"},"thumbnailUrl":"https:\/\/kapitalis.com\/tunisie\/wp-content\/uploads\/2023\/12\/Gaza-soldat-israelien.jpg","datePublished":"2023-12-14T06:57:03+00:00","dateModified":"2023-12-14T06:57:05+00:00","breadcrumb":{"@id":"https:\/\/kapitalis.com\/tunisie\/2023\/12\/14\/les-stereotypes-sur-les-arabes-a-lorigine-de-la-debacle-israelienne-du-7-octobre\/#breadcrumb"},"inLanguage":"fr-FR","potentialAction":[{"@type":"ReadAction","target":["https:\/\/kapitalis.com\/tunisie\/2023\/12\/14\/les-stereotypes-sur-les-arabes-a-lorigine-de-la-debacle-israelienne-du-7-octobre\/"]}]},{"@type":"ImageObject","inLanguage":"fr-FR","@id":"https:\/\/kapitalis.com\/tunisie\/2023\/12\/14\/les-stereotypes-sur-les-arabes-a-lorigine-de-la-debacle-israelienne-du-7-octobre\/#primaryimage","url":"https:\/\/kapitalis.com\/tunisie\/wp-content\/uploads\/2023\/12\/Gaza-soldat-israelien.jpg","contentUrl":"https:\/\/kapitalis.com\/tunisie\/wp-content\/uploads\/2023\/12\/Gaza-soldat-israelien.jpg","width":1200,"height":630},{"@type":"BreadcrumbList","@id":"https:\/\/kapitalis.com\/tunisie\/2023\/12\/14\/les-stereotypes-sur-les-arabes-a-lorigine-de-la-debacle-israelienne-du-7-octobre\/#breadcrumb","itemListElement":[{"@type":"ListItem","position":1,"name":"Accueil","item":"https:\/\/kapitalis.com\/tunisie\/"},{"@type":"ListItem","position":2,"name":"Les st\u00e9r\u00e9otypes sur les Arabes \u00e0 l\u2019origine de la d\u00e9b\u00e2cle isra\u00e9lienne du 7 octobre"}]},{"@type":"WebSite","@id":"https:\/\/kapitalis.com\/tunisie\/#website","url":"https:\/\/kapitalis.com\/tunisie\/","name":"Kapitalis","description":"L&#039;actualit\u00e9 en Tunisie et dans le monde","publisher":{"@id":"https:\/\/kapitalis.com\/tunisie\/#organization"},"potentialAction":[{"@type":"SearchAction","target":{"@type":"EntryPoint","urlTemplate":"https:\/\/kapitalis.com\/tunisie\/?s={search_term_string}"},"query-input":{"@type":"PropertyValueSpecification","valueRequired":true,"valueName":"search_term_string"}}],"inLanguage":"fr-FR"},{"@type":"Organization","@id":"https:\/\/kapitalis.com\/tunisie\/#organization","name":"Kapitalis","url":"https:\/\/kapitalis.com\/tunisie\/","logo":{"@type":"ImageObject","inLanguage":"fr-FR","@id":"https:\/\/kapitalis.com\/tunisie\/#\/schema\/logo\/image\/","url":"https:\/\/kapitalis.com\/tunisie\/wp-content\/uploads\/2022\/05\/Kapitalis-big-size.png","contentUrl":"https:\/\/kapitalis.com\/tunisie\/wp-content\/uploads\/2022\/05\/Kapitalis-big-size.png","width":5000,"height":1500,"caption":"Kapitalis"},"image":{"@id":"https:\/\/kapitalis.com\/tunisie\/#\/schema\/logo\/image\/"},"sameAs":["https:\/\/www.facebook.com\/KapitalisInfo\/","https:\/\/x.com\/KapitalisInfo","https:\/\/www.youtube.com\/channel\/UC-yDYrHyfFBWWZaOw3FPg9Q"]},{"@type":"Person","@id":"https:\/\/kapitalis.com\/tunisie\/#\/schema\/person\/d71f33a9ca44f7bad4698210b480c8e9","name":"webmaster kapitalis","url":"https:\/\/kapitalis.com\/tunisie\/author\/webmaster-kapitalis\/"}]}},"_links":{"self":[{"href":"https:\/\/kapitalis.com\/tunisie\/wp-json\/wp\/v2\/posts\/10908865","targetHints":{"allow":["GET"]}}],"collection":[{"href":"https:\/\/kapitalis.com\/tunisie\/wp-json\/wp\/v2\/posts"}],"about":[{"href":"https:\/\/kapitalis.com\/tunisie\/wp-json\/wp\/v2\/types\/post"}],"author":[{"embeddable":true,"href":"https:\/\/kapitalis.com\/tunisie\/wp-json\/wp\/v2\/users\/8"}],"replies":[{"embeddable":true,"href":"https:\/\/kapitalis.com\/tunisie\/wp-json\/wp\/v2\/comments?post=10908865"}],"version-history":[{"count":1,"href":"https:\/\/kapitalis.com\/tunisie\/wp-json\/wp\/v2\/posts\/10908865\/revisions"}],"predecessor-version":[{"id":10909010,"href":"https:\/\/kapitalis.com\/tunisie\/wp-json\/wp\/v2\/posts\/10908865\/revisions\/10909010"}],"wp:featuredmedia":[{"embeddable":true,"href":"https:\/\/kapitalis.com\/tunisie\/wp-json\/wp\/v2\/media\/10908973"}],"wp:attachment":[{"href":"https:\/\/kapitalis.com\/tunisie\/wp-json\/wp\/v2\/media?parent=10908865"}],"wp:term":[{"taxonomy":"category","embeddable":true,"href":"https:\/\/kapitalis.com\/tunisie\/wp-json\/wp\/v2\/categories?post=10908865"},{"taxonomy":"post_tag","embeddable":true,"href":"https:\/\/kapitalis.com\/tunisie\/wp-json\/wp\/v2\/tags?post=10908865"}],"curies":[{"name":"wp","href":"https:\/\/api.w.org\/{rel}","templated":true}]}}