{"id":1093,"date":"2015-05-24T17:41:50","date_gmt":"2015-05-24T16:41:50","guid":{"rendered":"http:\/\/www.kapitalis.com\/tunisie\/?p=1093"},"modified":"2015-05-24T17:41:50","modified_gmt":"2015-05-24T16:41:50","slug":"hamma-hammami-le-front-populaire-doit-pret-pour-gouverner","status":"publish","type":"post","link":"https:\/\/kapitalis.com\/tunisie\/2015\/05\/24\/hamma-hammami-le-front-populaire-doit-pret-pour-gouverner\/","title":{"rendered":"Hamma Hammami: \u00abLe Front populaire doit \u00eatre pr\u00eat pour gouverner\u00bb"},"content":{"rendered":"<p><a href=\"http:\/\/kapitalis.net\/wordpress\/wp-content\/uploads\/2015\/05\/Hamma-Hammami.jpg\"><img loading=\"lazy\" decoding=\"async\" class=\" size-full wp-image-1094 aligncenter\" src=\"http:\/\/kapitalis.net\/wordpress\/wp-content\/uploads\/2015\/05\/Hamma-Hammami.jpg\" alt=\"Hamma-Hammami\" width=\"626\" height=\"380\" \/><\/a><em><strong>Hamma Hammami estime que \u00able Front populaire (FP) doit assumer ses responsabilit\u00e9s et se pr\u00e9senter comme une alternative pour diriger le pays\u00bb.<\/strong><\/em><\/p>\n<p><!--more--><\/p>\n<p>Le porte-parole du FP, dont les troupes sont en train de paralyser la vie \u00e9conomique dans le bassin minier de Gafsa, par les gr\u00e8ves et les sit-in, justifie cette pr\u00e9tention, aussi soudaine qu\u2019inattendue, par le fait que FP est, selon ses mots, <em>\u00able mieux plac\u00e9 pour porter les aspirations du peuple.\u00bb<\/em><\/p>\n<p>Hamma Hammami, qui parlait lors d&rsquo;une conf\u00e9rence r\u00e9gionale du FP, samedi 23 mai 2015, \u00e0 Sidi Bouzid, en pr\u00e9sence des membres du Conseil des secr\u00e9taires du FP et de son bureau ex\u00e9cutif, a estim\u00e9 que l&rsquo;\u00e9tape actuelle <em>\u00abcommande d&rsquo;\u00e9valuer les erreurs commises et de pallier aux insuffisances afin d&rsquo;aller de l&rsquo;avant.\u00bb<\/em><\/p>\n<p>Tout en soulignant la d\u00e9termination du FP \u00e0 \u00e9laborer un \u00abprogramme complet\u00bb, capable de rivaliser avec ceux des autres partis, le porte-parole du FP a estim\u00e9 que <em>\u00able gouvernement n&rsquo;a pas laiss\u00e9 d&rsquo;espoir aux citoyens\u00bb<\/em> et que \u00ab<em>la situation dans le pays est dangereuse\u00bb<\/em>, par allusion \u00e0 l\u2019exacerbation de la crise \u00e9conomique et des mouvements sociaux.<\/p>\n<p><em>\u00abLa situation dans les r\u00e9gions est de plus en plus difficile\u00bb<\/em>, a encore soulign\u00e9 Hamma Hammami, en parlant de la chert\u00e9 de la vie, des bas salaires et de la d\u00e9t\u00e9rioration de l&rsquo;\u00e9tat des \u00e9tablissements \u00e9ducatifs et sanitaires.<\/p>\n<p>Revenant \u00e0 son th\u00e8me favori, celui de la r\u00e9sistance aux diktats des institutions \u00e9conomiques et des bailleurs de fonds internationaux, M. Hammami a mis l&rsquo;accent sur l&rsquo;importance pour le Front d&rsquo;adopter <em>\u00abune politique nationaliste claire\u00bb<\/em>, dans un contexte marqu\u00e9 par une violation des libert\u00e9s et des droits \u00e9conomiques et sociaux des citoyens dans plusieurs pays arabes.<\/p>\n<p style=\"text-align: right;\"><strong>I. B.<\/strong> (avec Tap).<\/p>\n","protected":false},"excerpt":{"rendered":"<p>Hamma Hammami estime que \u00able Front populaire (FP) doit assumer ses responsabilit\u00e9s et se pr\u00e9senter comme une alternative pour diriger le pays\u00bb.<\/p>\n","protected":false},"author":1,"featured_media":0,"comment_status":"open","ping_status":"open","sticky":false,"template":"","format":"standard","meta":{"footnotes":""},"categories":[997],"tags":[248,399,437,643,731,777,828],"class_list":["post-1093","post","type-post","status-publish","format-standard","hentry","category-politique","tag-crise-economique","tag-front-populaire","tag-hamma-hammami","tag-mouvements-sociaux","tag-politique","tag-regions","tag-sidi-bouzid"],"yoast_head":"<!-- This site is optimized with the Yoast SEO plugin v26.6 - https:\/\/yoast.com\/wordpress\/plugins\/seo\/ -->\n<title>Hamma Hammami: \u00abLe Front populaire doit \u00eatre pr\u00eat pour gouverner\u00bb - Kapitalis<\/title>\n<meta name=\"robots\" content=\"index, follow, max-snippet:-1, max-image-preview:large, max-video-preview:-1\" \/>\n<link rel=\"canonical\" href=\"https:\/\/kapitalis.com\/tunisie\/2015\/05\/24\/hamma-hammami-le-front-populaire-doit-pret-pour-gouverner\/\" \/>\n<meta property=\"og:locale\" content=\"fr_FR\" \/>\n<meta property=\"og:type\" content=\"article\" \/>\n<meta property=\"og:title\" content=\"Hamma Hammami: \u00abLe Front populaire doit \u00eatre pr\u00eat pour gouverner\u00bb - Kapitalis\" \/>\n<meta property=\"og:description\" content=\"Hamma Hammami estime que \u00able Front populaire (FP) doit assumer ses responsabilit\u00e9s et se pr\u00e9senter comme une alternative pour diriger le pays\u00bb.\" \/>\n<meta property=\"og:url\" content=\"https:\/\/kapitalis.com\/tunisie\/2015\/05\/24\/hamma-hammami-le-front-populaire-doit-pret-pour-gouverner\/\" \/>\n<meta property=\"og:site_name\" content=\"Kapitalis\" \/>\n<meta property=\"article:publisher\" content=\"https:\/\/www.facebook.com\/KapitalisInfo\/\" \/>\n<meta property=\"article:published_time\" content=\"2015-05-24T16:41:50+00:00\" \/>\n<meta property=\"og:image\" content=\"http:\/\/kapitalis.net\/wordpress\/wp-content\/uploads\/2015\/05\/Hamma-Hammami.jpg\" \/>\n<meta name=\"author\" content=\"mounir\" \/>\n<meta name=\"twitter:card\" content=\"summary_large_image\" \/>\n<meta name=\"twitter:creator\" content=\"@KapitalisInfo\" \/>\n<meta name=\"twitter:site\" content=\"@KapitalisInfo\" \/>\n<meta name=\"twitter:label1\" content=\"\u00c9crit par\" \/>\n\t<meta name=\"twitter:data1\" content=\"mounir\" \/>\n\t<meta name=\"twitter:label2\" content=\"Dur\u00e9e de lecture estim\u00e9e\" \/>\n\t<meta name=\"twitter:data2\" content=\"1 minute\" \/>\n<script type=\"application\/ld+json\" class=\"yoast-schema-graph\">{\"@context\":\"https:\/\/schema.org\",\"@graph\":[{\"@type\":\"Article\",\"@id\":\"https:\/\/kapitalis.com\/tunisie\/2015\/05\/24\/hamma-hammami-le-front-populaire-doit-pret-pour-gouverner\/#article\",\"isPartOf\":{\"@id\":\"https:\/\/kapitalis.com\/tunisie\/2015\/05\/24\/hamma-hammami-le-front-populaire-doit-pret-pour-gouverner\/\"},\"author\":{\"name\":\"mounir\",\"@id\":\"https:\/\/kapitalis.com\/tunisie\/#\/schema\/person\/aa55121cdc1c0fa4794a24cff31f746f\"},\"headline\":\"Hamma Hammami: \u00abLe Front populaire doit \u00eatre pr\u00eat pour gouverner\u00bb\",\"datePublished\":\"2015-05-24T16:41:50+00:00\",\"mainEntityOfPage\":{\"@id\":\"https:\/\/kapitalis.com\/tunisie\/2015\/05\/24\/hamma-hammami-le-front-populaire-doit-pret-pour-gouverner\/\"},\"wordCount\":304,\"commentCount\":3,\"publisher\":{\"@id\":\"https:\/\/kapitalis.com\/tunisie\/#organization\"},\"image\":{\"@id\":\"https:\/\/kapitalis.com\/tunisie\/2015\/05\/24\/hamma-hammami-le-front-populaire-doit-pret-pour-gouverner\/#primaryimage\"},\"thumbnailUrl\":\"http:\/\/kapitalis.net\/wordpress\/wp-content\/uploads\/2015\/05\/Hamma-Hammami.jpg\",\"keywords\":[\"crise \u00e9conomique\",\"Front populaire\",\"Hamma Hammami\",\"mouvements sociaux\",\"politique\",\"r\u00e9gions\",\"Sidi Bouzid\"],\"articleSection\":[\"POLITIQUE\"],\"inLanguage\":\"fr-FR\",\"potentialAction\":[{\"@type\":\"CommentAction\",\"name\":\"Comment\",\"target\":[\"https:\/\/kapitalis.com\/tunisie\/2015\/05\/24\/hamma-hammami-le-front-populaire-doit-pret-pour-gouverner\/#respond\"]}]},{\"@type\":\"WebPage\",\"@id\":\"https:\/\/kapitalis.com\/tunisie\/2015\/05\/24\/hamma-hammami-le-front-populaire-doit-pret-pour-gouverner\/\",\"url\":\"https:\/\/kapitalis.com\/tunisie\/2015\/05\/24\/hamma-hammami-le-front-populaire-doit-pret-pour-gouverner\/\",\"name\":\"Hamma Hammami: \u00abLe Front populaire doit \u00eatre pr\u00eat pour gouverner\u00bb - Kapitalis\",\"isPartOf\":{\"@id\":\"https:\/\/kapitalis.com\/tunisie\/#website\"},\"primaryImageOfPage\":{\"@id\":\"https:\/\/kapitalis.com\/tunisie\/2015\/05\/24\/hamma-hammami-le-front-populaire-doit-pret-pour-gouverner\/#primaryimage\"},\"image\":{\"@id\":\"https:\/\/kapitalis.com\/tunisie\/2015\/05\/24\/hamma-hammami-le-front-populaire-doit-pret-pour-gouverner\/#primaryimage\"},\"thumbnailUrl\":\"http:\/\/kapitalis.net\/wordpress\/wp-content\/uploads\/2015\/05\/Hamma-Hammami.jpg\",\"datePublished\":\"2015-05-24T16:41:50+00:00\",\"breadcrumb\":{\"@id\":\"https:\/\/kapitalis.com\/tunisie\/2015\/05\/24\/hamma-hammami-le-front-populaire-doit-pret-pour-gouverner\/#breadcrumb\"},\"inLanguage\":\"fr-FR\",\"potentialAction\":[{\"@type\":\"ReadAction\",\"target\":[\"https:\/\/kapitalis.com\/tunisie\/2015\/05\/24\/hamma-hammami-le-front-populaire-doit-pret-pour-gouverner\/\"]}]},{\"@type\":\"ImageObject\",\"inLanguage\":\"fr-FR\",\"@id\":\"https:\/\/kapitalis.com\/tunisie\/2015\/05\/24\/hamma-hammami-le-front-populaire-doit-pret-pour-gouverner\/#primaryimage\",\"url\":\"http:\/\/kapitalis.net\/wordpress\/wp-content\/uploads\/2015\/05\/Hamma-Hammami.jpg\",\"contentUrl\":\"http:\/\/kapitalis.net\/wordpress\/wp-content\/uploads\/2015\/05\/Hamma-Hammami.jpg\"},{\"@type\":\"BreadcrumbList\",\"@id\":\"https:\/\/kapitalis.com\/tunisie\/2015\/05\/24\/hamma-hammami-le-front-populaire-doit-pret-pour-gouverner\/#breadcrumb\",\"itemListElement\":[{\"@type\":\"ListItem\",\"position\":1,\"name\":\"Accueil\",\"item\":\"https:\/\/kapitalis.com\/tunisie\/\"},{\"@type\":\"ListItem\",\"position\":2,\"name\":\"Hamma Hammami: \u00abLe Front populaire doit \u00eatre pr\u00eat pour gouverner\u00bb\"}]},{\"@type\":\"WebSite\",\"@id\":\"https:\/\/kapitalis.com\/tunisie\/#website\",\"url\":\"https:\/\/kapitalis.com\/tunisie\/\",\"name\":\"Kapitalis\",\"description\":\"L&#039;actualit\u00e9 en Tunisie et dans le monde\",\"publisher\":{\"@id\":\"https:\/\/kapitalis.com\/tunisie\/#organization\"},\"potentialAction\":[{\"@type\":\"SearchAction\",\"target\":{\"@type\":\"EntryPoint\",\"urlTemplate\":\"https:\/\/kapitalis.com\/tunisie\/?s={search_term_string}\"},\"query-input\":{\"@type\":\"PropertyValueSpecification\",\"valueRequired\":true,\"valueName\":\"search_term_string\"}}],\"inLanguage\":\"fr-FR\"},{\"@type\":\"Organization\",\"@id\":\"https:\/\/kapitalis.com\/tunisie\/#organization\",\"name\":\"Kapitalis\",\"url\":\"https:\/\/kapitalis.com\/tunisie\/\",\"logo\":{\"@type\":\"ImageObject\",\"inLanguage\":\"fr-FR\",\"@id\":\"https:\/\/kapitalis.com\/tunisie\/#\/schema\/logo\/image\/\",\"url\":\"https:\/\/kapitalis.com\/tunisie\/wp-content\/uploads\/2022\/05\/Kapitalis-big-size.png\",\"contentUrl\":\"https:\/\/kapitalis.com\/tunisie\/wp-content\/uploads\/2022\/05\/Kapitalis-big-size.png\",\"width\":5000,\"height\":1500,\"caption\":\"Kapitalis\"},\"image\":{\"@id\":\"https:\/\/kapitalis.com\/tunisie\/#\/schema\/logo\/image\/\"},\"sameAs\":[\"https:\/\/www.facebook.com\/KapitalisInfo\/\",\"https:\/\/x.com\/KapitalisInfo\",\"https:\/\/www.youtube.com\/channel\/UC-yDYrHyfFBWWZaOw3FPg9Q\"]},{\"@type\":\"Person\",\"@id\":\"https:\/\/kapitalis.com\/tunisie\/#\/schema\/person\/aa55121cdc1c0fa4794a24cff31f746f\",\"name\":\"mounir\",\"sameAs\":[\"https:\/\/kapitalis.com\/tunisie\"],\"url\":\"https:\/\/kapitalis.com\/tunisie\/author\/mounir\/\"}]}<\/script>\n<!-- \/ Yoast SEO plugin. -->","yoast_head_json":{"title":"Hamma Hammami: \u00abLe Front populaire doit \u00eatre pr\u00eat pour gouverner\u00bb - Kapitalis","robots":{"index":"index","follow":"follow","max-snippet":"max-snippet:-1","max-image-preview":"max-image-preview:large","max-video-preview":"max-video-preview:-1"},"canonical":"https:\/\/kapitalis.com\/tunisie\/2015\/05\/24\/hamma-hammami-le-front-populaire-doit-pret-pour-gouverner\/","og_locale":"fr_FR","og_type":"article","og_title":"Hamma Hammami: \u00abLe Front populaire doit \u00eatre pr\u00eat pour gouverner\u00bb - Kapitalis","og_description":"Hamma Hammami estime que \u00able Front populaire (FP) doit assumer ses responsabilit\u00e9s et se pr\u00e9senter comme une alternative pour diriger le pays\u00bb.","og_url":"https:\/\/kapitalis.com\/tunisie\/2015\/05\/24\/hamma-hammami-le-front-populaire-doit-pret-pour-gouverner\/","og_site_name":"Kapitalis","article_publisher":"https:\/\/www.facebook.com\/KapitalisInfo\/","article_published_time":"2015-05-24T16:41:50+00:00","og_image":[{"url":"http:\/\/kapitalis.net\/wordpress\/wp-content\/uploads\/2015\/05\/Hamma-Hammami.jpg","type":"","width":"","height":""}],"author":"mounir","twitter_card":"summary_large_image","twitter_creator":"@KapitalisInfo","twitter_site":"@KapitalisInfo","twitter_misc":{"\u00c9crit par":"mounir","Dur\u00e9e de lecture estim\u00e9e":"1 minute"},"schema":{"@context":"https:\/\/schema.org","@graph":[{"@type":"Article","@id":"https:\/\/kapitalis.com\/tunisie\/2015\/05\/24\/hamma-hammami-le-front-populaire-doit-pret-pour-gouverner\/#article","isPartOf":{"@id":"https:\/\/kapitalis.com\/tunisie\/2015\/05\/24\/hamma-hammami-le-front-populaire-doit-pret-pour-gouverner\/"},"author":{"name":"mounir","@id":"https:\/\/kapitalis.com\/tunisie\/#\/schema\/person\/aa55121cdc1c0fa4794a24cff31f746f"},"headline":"Hamma Hammami: \u00abLe Front populaire doit \u00eatre pr\u00eat pour gouverner\u00bb","datePublished":"2015-05-24T16:41:50+00:00","mainEntityOfPage":{"@id":"https:\/\/kapitalis.com\/tunisie\/2015\/05\/24\/hamma-hammami-le-front-populaire-doit-pret-pour-gouverner\/"},"wordCount":304,"commentCount":3,"publisher":{"@id":"https:\/\/kapitalis.com\/tunisie\/#organization"},"image":{"@id":"https:\/\/kapitalis.com\/tunisie\/2015\/05\/24\/hamma-hammami-le-front-populaire-doit-pret-pour-gouverner\/#primaryimage"},"thumbnailUrl":"http:\/\/kapitalis.net\/wordpress\/wp-content\/uploads\/2015\/05\/Hamma-Hammami.jpg","keywords":["crise \u00e9conomique","Front populaire","Hamma Hammami","mouvements sociaux","politique","r\u00e9gions","Sidi Bouzid"],"articleSection":["POLITIQUE"],"inLanguage":"fr-FR","potentialAction":[{"@type":"CommentAction","name":"Comment","target":["https:\/\/kapitalis.com\/tunisie\/2015\/05\/24\/hamma-hammami-le-front-populaire-doit-pret-pour-gouverner\/#respond"]}]},{"@type":"WebPage","@id":"https:\/\/kapitalis.com\/tunisie\/2015\/05\/24\/hamma-hammami-le-front-populaire-doit-pret-pour-gouverner\/","url":"https:\/\/kapitalis.com\/tunisie\/2015\/05\/24\/hamma-hammami-le-front-populaire-doit-pret-pour-gouverner\/","name":"Hamma Hammami: \u00abLe Front populaire doit \u00eatre pr\u00eat pour gouverner\u00bb - Kapitalis","isPartOf":{"@id":"https:\/\/kapitalis.com\/tunisie\/#website"},"primaryImageOfPage":{"@id":"https:\/\/kapitalis.com\/tunisie\/2015\/05\/24\/hamma-hammami-le-front-populaire-doit-pret-pour-gouverner\/#primaryimage"},"image":{"@id":"https:\/\/kapitalis.com\/tunisie\/2015\/05\/24\/hamma-hammami-le-front-populaire-doit-pret-pour-gouverner\/#primaryimage"},"thumbnailUrl":"http:\/\/kapitalis.net\/wordpress\/wp-content\/uploads\/2015\/05\/Hamma-Hammami.jpg","datePublished":"2015-05-24T16:41:50+00:00","breadcrumb":{"@id":"https:\/\/kapitalis.com\/tunisie\/2015\/05\/24\/hamma-hammami-le-front-populaire-doit-pret-pour-gouverner\/#breadcrumb"},"inLanguage":"fr-FR","potentialAction":[{"@type":"ReadAction","target":["https:\/\/kapitalis.com\/tunisie\/2015\/05\/24\/hamma-hammami-le-front-populaire-doit-pret-pour-gouverner\/"]}]},{"@type":"ImageObject","inLanguage":"fr-FR","@id":"https:\/\/kapitalis.com\/tunisie\/2015\/05\/24\/hamma-hammami-le-front-populaire-doit-pret-pour-gouverner\/#primaryimage","url":"http:\/\/kapitalis.net\/wordpress\/wp-content\/uploads\/2015\/05\/Hamma-Hammami.jpg","contentUrl":"http:\/\/kapitalis.net\/wordpress\/wp-content\/uploads\/2015\/05\/Hamma-Hammami.jpg"},{"@type":"BreadcrumbList","@id":"https:\/\/kapitalis.com\/tunisie\/2015\/05\/24\/hamma-hammami-le-front-populaire-doit-pret-pour-gouverner\/#breadcrumb","itemListElement":[{"@type":"ListItem","position":1,"name":"Accueil","item":"https:\/\/kapitalis.com\/tunisie\/"},{"@type":"ListItem","position":2,"name":"Hamma Hammami: \u00abLe Front populaire doit \u00eatre pr\u00eat pour gouverner\u00bb"}]},{"@type":"WebSite","@id":"https:\/\/kapitalis.com\/tunisie\/#website","url":"https:\/\/kapitalis.com\/tunisie\/","name":"Kapitalis","description":"L&#039;actualit\u00e9 en Tunisie et dans le monde","publisher":{"@id":"https:\/\/kapitalis.com\/tunisie\/#organization"},"potentialAction":[{"@type":"SearchAction","target":{"@type":"EntryPoint","urlTemplate":"https:\/\/kapitalis.com\/tunisie\/?s={search_term_string}"},"query-input":{"@type":"PropertyValueSpecification","valueRequired":true,"valueName":"search_term_string"}}],"inLanguage":"fr-FR"},{"@type":"Organization","@id":"https:\/\/kapitalis.com\/tunisie\/#organization","name":"Kapitalis","url":"https:\/\/kapitalis.com\/tunisie\/","logo":{"@type":"ImageObject","inLanguage":"fr-FR","@id":"https:\/\/kapitalis.com\/tunisie\/#\/schema\/logo\/image\/","url":"https:\/\/kapitalis.com\/tunisie\/wp-content\/uploads\/2022\/05\/Kapitalis-big-size.png","contentUrl":"https:\/\/kapitalis.com\/tunisie\/wp-content\/uploads\/2022\/05\/Kapitalis-big-size.png","width":5000,"height":1500,"caption":"Kapitalis"},"image":{"@id":"https:\/\/kapitalis.com\/tunisie\/#\/schema\/logo\/image\/"},"sameAs":["https:\/\/www.facebook.com\/KapitalisInfo\/","https:\/\/x.com\/KapitalisInfo","https:\/\/www.youtube.com\/channel\/UC-yDYrHyfFBWWZaOw3FPg9Q"]},{"@type":"Person","@id":"https:\/\/kapitalis.com\/tunisie\/#\/schema\/person\/aa55121cdc1c0fa4794a24cff31f746f","name":"mounir","sameAs":["https:\/\/kapitalis.com\/tunisie"],"url":"https:\/\/kapitalis.com\/tunisie\/author\/mounir\/"}]}},"_links":{"self":[{"href":"https:\/\/kapitalis.com\/tunisie\/wp-json\/wp\/v2\/posts\/1093","targetHints":{"allow":["GET"]}}],"collection":[{"href":"https:\/\/kapitalis.com\/tunisie\/wp-json\/wp\/v2\/posts"}],"about":[{"href":"https:\/\/kapitalis.com\/tunisie\/wp-json\/wp\/v2\/types\/post"}],"author":[{"embeddable":true,"href":"https:\/\/kapitalis.com\/tunisie\/wp-json\/wp\/v2\/users\/1"}],"replies":[{"embeddable":true,"href":"https:\/\/kapitalis.com\/tunisie\/wp-json\/wp\/v2\/comments?post=1093"}],"version-history":[{"count":0,"href":"https:\/\/kapitalis.com\/tunisie\/wp-json\/wp\/v2\/posts\/1093\/revisions"}],"wp:attachment":[{"href":"https:\/\/kapitalis.com\/tunisie\/wp-json\/wp\/v2\/media?parent=1093"}],"wp:term":[{"taxonomy":"category","embeddable":true,"href":"https:\/\/kapitalis.com\/tunisie\/wp-json\/wp\/v2\/categories?post=1093"},{"taxonomy":"post_tag","embeddable":true,"href":"https:\/\/kapitalis.com\/tunisie\/wp-json\/wp\/v2\/tags?post=1093"}],"curies":[{"name":"wp","href":"https:\/\/api.w.org\/{rel}","templated":true}]}}