{"id":10931143,"date":"2023-12-15T18:51:53","date_gmt":"2023-12-15T17:51:53","guid":{"rendered":"https:\/\/kapitalis.com\/tunisie\/?p=10931143"},"modified":"2023-12-15T20:13:07","modified_gmt":"2023-12-15T19:13:07","slug":"tunisie-samia-kassab-charfi-laureate-du-16e-prix-ibn-khaldoun-senghor","status":"publish","type":"post","link":"https:\/\/kapitalis.com\/tunisie\/2023\/12\/15\/tunisie-samia-kassab-charfi-laureate-du-16e-prix-ibn-khaldoun-senghor\/","title":{"rendered":"Tunisie : Samia Kassab Charfi laur\u00e9ate du 16e Prix Ibn Khaldoun\u2013Senghor"},"content":{"rendered":"\n<p><strong><em>Samia Kassab Charfi a remport\u00e9 le Prix Ibn Khaldoun &#8211; Senghor pour sa traduction du roman Barg Ellil de B\u00e9chir Khra\u00efef, publi\u00e9e par Sud Editions (Tunisie, mars 2023).<\/em><\/strong><\/p>\n\n\n\n<!--more-->\n\n\n\n<p><em>\u00abLe jury du prestigieux prix, octroy\u00e9 conjointement par l&rsquo;ALECSO et l&rsquo;OIF, a salu\u00e9 \u00e0 l&rsquo;unanimit\u00e9 la remarquable traduction de Samia Kassab-Charfi professeure de litt\u00e9ratures fran\u00e7aises et francophones \u00e0 l\u2019Universit\u00e9 de Tunis\u00bb,<\/em> a comment\u00e9 Sud Editions dans un post publi\u00e9 ce vendredi 15 d\u00e9cembre 2023, en se r\u00e9jouissant de cette distinction.<\/p>\n\n\n\n<p>La c\u00e9r\u00e9monie officielle de remise du Prix a \u00e9t\u00e9 organis\u00e9e, ce jour, au si\u00e8ge de l&rsquo;Organisation arabe pour l&rsquo;\u00e9ducation, la culture et les sciences (Alesco) \u00e0 Tunis en partenariat avec l\u2019Organisation internationale de la Francophonie(OIF).<\/p>\n\n\n\n<p>Le Prix a \u00e9t\u00e9 remis par Haoua Acyl, repr\u00e9sentante de l\u2019OIF pour l\u2019Afrique du Nord et Mohamed Sanad Abu Darwish, Directeur du D\u00e9partement des sciences et de la recherche scientifique de l&rsquo;Alesco, ajoute l&rsquo;Organisation.<\/p>\n\n\n<div class=\"wp-block-image\">\n<figure class=\"aligncenter size-large is-resized\"><img loading=\"lazy\" decoding=\"async\" width=\"1024\" height=\"831\" src=\"https:\/\/kapitalis.com\/tunisie\/wp-content\/uploads\/2023\/12\/Samia-Kassab-Charfi-Bar-Ellil-1024x831.jpg\" alt=\"\" class=\"wp-image-10931208\" style=\"width:500px\" srcset=\"https:\/\/kapitalis.com\/tunisie\/wp-content\/uploads\/2023\/12\/Samia-Kassab-Charfi-Bar-Ellil-1024x831.jpg 1024w, https:\/\/kapitalis.com\/tunisie\/wp-content\/uploads\/2023\/12\/Samia-Kassab-Charfi-Bar-Ellil-300x243.jpg 300w, https:\/\/kapitalis.com\/tunisie\/wp-content\/uploads\/2023\/12\/Samia-Kassab-Charfi-Bar-Ellil-768x623.jpg 768w, https:\/\/kapitalis.com\/tunisie\/wp-content\/uploads\/2023\/12\/Samia-Kassab-Charfi-Bar-Ellil-580x471.jpg 580w, https:\/\/kapitalis.com\/tunisie\/wp-content\/uploads\/2023\/12\/Samia-Kassab-Charfi-Bar-Ellil-860x698.jpg 860w, https:\/\/kapitalis.com\/tunisie\/wp-content\/uploads\/2023\/12\/Samia-Kassab-Charfi-Bar-Ellil.jpg 1092w\" sizes=\"auto, (max-width: 1024px) 100vw, 1024px\" \/><\/figure>\n<\/div>\n\n\n<p><strong>Le jury <\/strong>\u202f: Bassam Barak\u00e9, Pr\u00e9sident du jury, Secr\u00e9taire g\u00e9n\u00e9ral de l\u2019Union des Traducteurs arabes (Liban) ; Abdesslam Benabdelali, Professeur de philosophie \u00e0 l&rsquo;Universit\u00e9 Mohamed V de Rabat, traducteur, essayiste, et critique litt\u00e9raire (Maroc) ; Zahida Darwiche-Jabbour, Professeure de litt\u00e9rature fran\u00e7aise et traductrice (Liban) ; Fayza El Qasem, Professeure \u00e9m\u00e9rite, Ecole sup\u00e9rieure de traducteurs et interpr\u00e8tes (France) ; Mohammed Mahjoub, Philosophe, traducteur et \u00e9crivain (Tunisie) ; Hana Subhi, Traductrice et professeure de litt\u00e9rature fran\u00e7aise \u00e0 l\u2019Universit\u00e9 Paris-Sorbonne d\u2019Abou Dhabi (France et Irak).<\/p>\n\n\n\n<h2 class=\"wp-block-heading\"><strong>L&rsquo;auteure <\/strong><\/h2>\n\n\n\n<p><em>Samia Kassab-Charfi est titulaire d\u2019une th\u00e8se de doctorat d\u2019Etat en langue et litt\u00e9rature fran\u00e7aises, soutenue en 2003 \u00e0 Tunis (Tunisie). Grande sp\u00e9cialiste de la litt\u00e9rature de langue fran\u00e7aise des Cara\u00efbes, et en particulier de Saint-John Perse, Samia Kassab-Charfi enseigne aujourd\u2019hui \u00e0 l\u2019universit\u00e9 de Tunis. Apr\u00e8s\u202fAutour d\u2019Edouard Glissant\u202f: lectures, \u00e9preuves, extensions d\u2019une po\u00e9tique de la relation,\u202f\u0153uvre dans laquelle elle explore l\u2019univers et la stylistique de l\u2019inventeur de la cr\u00e9olit\u00e9, elle revient en 2012 avec une \u00e9tude po\u00e9tique sur une autre grande figure de la litt\u00e9rature antillaise\u202f: Patrick Chamoiseau. Elle est l\u2019autrice de plusieurs publications, parmi lesquelles\u202f: M\u00e9moires et imaginaires du Maghreb et de la Cara\u00efbe (Paris, H. Champion, 2013), Patrick Chamoiseau (Paris, Gallimard, 2012), Et l&rsquo;une et l&rsquo;autre face des choses : la d\u00e9construction po\u00e9tique de l&rsquo;histoire dans \u00ab\u00a0Les Indes\u00a0\u00bb et \u00ab\u00a0Le Sel noir\u00a0\u00bb d&rsquo;\u00c9douard Glissant (Paris, H. Champion, 2011).<\/em><\/p>\n\n\n\n<h2 class=\"wp-block-heading\">Barg Ellil<\/h2>\n\n\n\n<p><em>Chef-d\u2019\u0153uvre du romancier tunisien de langue arabe, B\u00e9chir Khra\u00efef, Barg Ellil met en sc\u00e8ne les tribulations d\u2019un esclave noir, au c\u0153ur de la Tunisie du XVIe\u202fsi\u00e8cle, sur fond de rivalit\u00e9 hispano-ottomane. Le h\u00e9ros, Barg Ellil, s\u00e9par\u00e9 de sa m\u00e8re et arrach\u00e9 \u00e0 son Afrique et \u00e0 sa culture native, invente une forme de musique improvis\u00e9e qui va contribuer \u00e0 la d\u00e9couverte de l\u2019alt\u00e9rit\u00e9\u202f: alt\u00e9rit\u00e9 g\u00e9ographique (d\u00e9placement depuis l\u2019Afrique subsaharienne), ethnique (\u00ab Il \u00e9tait Noir. Dans un monde de Blancs \u00bb), juridique (par la diff\u00e9rence de statut : esclave vs. homme libre), amoureuse (Rim est blanche et mari\u00e9e, d\u2019o\u00f9 une double transgression), musicale (par une cr\u00e9ativit\u00e9 qui le fait passer de l\u2019alchimie \u00e0 la musique, puis d\u2019une musique \u00e0 une autre en les m\u00e9tissant), et enfin tribale\/nationale (s\u2019ins\u00e9rer dans une autre \u00ab \u00e9pop\u00e9e \u00bb). Le nom m\u00eame de \u00ab Barg Ellil \u00bb, litt\u00e9ralement \u00ab \u00c9clair dans la nuit \u00bb et dont la traductrice a souhait\u00e9 conserver la r\u00e9sonance intacte en langue arabe, est donc \u00e0 lire comme cette \u00e9tincelle d\u2019intelligence qui permet de surmonter les al\u00e9as de la condition d\u2019esclave et de r\u00e9sister aux dangers de la guerre en faisant triompher, face \u00e0 l\u2019obscurantisme et \u00e0 la violence politique et humaine, les lumi\u00e8res de l\u2019esprit. Ainsi cette \u0153uvre trouve-t-elle largement \u00e9cho dans le contexte mondial actuel.<\/em><\/p>\n\n\n\n<h2 class=\"wp-block-heading\">Le Prix Ibn Khaldoun-Senghor<\/h2>\n\n\n\n<p><em>Cr\u00e9\u00e9 en 2007, le Prix Ibn Khaldoun &#8211; L\u00e9opold S\u00e9dar Senghor est le fruit d\u2019une coop\u00e9ration entre l\u2019OIF et l\u2019ALECSO. Il vise la promotion de la diversit\u00e9 culturelle et linguistique et encourage toutes formes d\u2019\u00e9changes culturels entre le monde arabe et l\u2019espace francophone. Il r\u00e9compense la traduction d\u2019un ouvrage litt\u00e9raire ou de sciences humaines de l&rsquo;arabe vers le fran\u00e7ais et r\u00e9ciproquement. Il s\u2019adresse aux traducteurs, aux universit\u00e9s, aux instituts d\u2019enseignement sup\u00e9rieur et aux centres d\u2019\u00e9tudes et de recherches, aux associations et aux unions nationales, ainsi qu\u2019aux maisons d\u2019\u00e9dition du monde arabe et de l\u2019espace francophone. La dotation du Prix est de 10 000 euros, octroy\u00e9e \u00e0 parit\u00e9 entre l\u2019OIF et l\u2019ALECSO.<\/em><\/p>\n","protected":false},"excerpt":{"rendered":"<p>Samia Kassab Charfi a remport\u00e9 le Prix Ibn Khaldoun &#8211; Senghor pour sa traduction du roman Barg Ellil de B\u00e9chir Khra\u00efef, publi\u00e9e par Sud Editions (Tunisie, mars 2023).<\/p>\n","protected":false},"author":6,"featured_media":10931210,"comment_status":"open","ping_status":"open","sticky":false,"template":"","format":"standard","meta":{"footnotes":""},"categories":[994,2433],"tags":[102348,107124,109019,8230,22987,112873,112872,75673],"class_list":["post-10931143","post","type-post","status-publish","format-standard","has-post-thumbnail","hentry","category-culture","category-tunisie","tag-alesco","tag-barg-ellil","tag-bechir-khraief-3","tag-francophonie","tag-oif","tag-prix-ibn-khaldoun-senghor","tag-samia-kassab-charf","tag-sud-editions"],"yoast_head":"<!-- This site is optimized with the Yoast SEO plugin v26.6 - https:\/\/yoast.com\/wordpress\/plugins\/seo\/ -->\n<title>Tunisie : Samia Kassab Charfi laur\u00e9ate du 16e Prix Ibn Khaldoun\u2013Senghor - Kapitalis<\/title>\n<meta name=\"robots\" content=\"index, follow, max-snippet:-1, max-image-preview:large, max-video-preview:-1\" \/>\n<link rel=\"canonical\" href=\"https:\/\/kapitalis.com\/tunisie\/2023\/12\/15\/tunisie-samia-kassab-charfi-laureate-du-16e-prix-ibn-khaldoun-senghor\/\" \/>\n<meta property=\"og:locale\" content=\"fr_FR\" \/>\n<meta property=\"og:type\" content=\"article\" \/>\n<meta property=\"og:title\" content=\"Tunisie : Samia Kassab Charfi laur\u00e9ate du 16e Prix Ibn Khaldoun\u2013Senghor - Kapitalis\" \/>\n<meta property=\"og:description\" content=\"Samia Kassab Charfi a remport\u00e9 le Prix Ibn Khaldoun &#8211; Senghor pour sa traduction du roman Barg Ellil de B\u00e9chir Khra\u00efef, publi\u00e9e par Sud Editions (Tunisie, mars 2023).\" \/>\n<meta property=\"og:url\" content=\"https:\/\/kapitalis.com\/tunisie\/2023\/12\/15\/tunisie-samia-kassab-charfi-laureate-du-16e-prix-ibn-khaldoun-senghor\/\" \/>\n<meta property=\"og:site_name\" content=\"Kapitalis\" \/>\n<meta property=\"article:publisher\" content=\"https:\/\/www.facebook.com\/KapitalisInfo\/\" \/>\n<meta property=\"article:published_time\" content=\"2023-12-15T17:51:53+00:00\" \/>\n<meta property=\"article:modified_time\" content=\"2023-12-15T19:13:07+00:00\" \/>\n<meta property=\"og:image\" content=\"https:\/\/kapitalis.com\/tunisie\/wp-content\/uploads\/2023\/12\/Samia-Kassab-Charfi.jpg\" \/>\n\t<meta property=\"og:image:width\" content=\"1200\" \/>\n\t<meta property=\"og:image:height\" content=\"630\" \/>\n\t<meta property=\"og:image:type\" content=\"image\/jpeg\" \/>\n<meta name=\"author\" content=\"Yusra NY\" \/>\n<meta name=\"twitter:card\" content=\"summary_large_image\" \/>\n<meta name=\"twitter:creator\" content=\"@KapitalisInfo\" \/>\n<meta name=\"twitter:site\" content=\"@KapitalisInfo\" \/>\n<meta name=\"twitter:label1\" content=\"\u00c9crit par\" \/>\n\t<meta name=\"twitter:data1\" content=\"Yusra NY\" \/>\n\t<meta name=\"twitter:label2\" content=\"Dur\u00e9e de lecture estim\u00e9e\" \/>\n\t<meta name=\"twitter:data2\" content=\"4 minutes\" \/>\n<script type=\"application\/ld+json\" class=\"yoast-schema-graph\">{\"@context\":\"https:\/\/schema.org\",\"@graph\":[{\"@type\":\"Article\",\"@id\":\"https:\/\/kapitalis.com\/tunisie\/2023\/12\/15\/tunisie-samia-kassab-charfi-laureate-du-16e-prix-ibn-khaldoun-senghor\/#article\",\"isPartOf\":{\"@id\":\"https:\/\/kapitalis.com\/tunisie\/2023\/12\/15\/tunisie-samia-kassab-charfi-laureate-du-16e-prix-ibn-khaldoun-senghor\/\"},\"author\":{\"name\":\"Yusra NY\",\"@id\":\"https:\/\/kapitalis.com\/tunisie\/#\/schema\/person\/74bbde0154d49d790a92aaeac5bc01d5\"},\"headline\":\"Tunisie : Samia Kassab Charfi laur\u00e9ate du 16e Prix Ibn Khaldoun\u2013Senghor\",\"datePublished\":\"2023-12-15T17:51:53+00:00\",\"dateModified\":\"2023-12-15T19:13:07+00:00\",\"mainEntityOfPage\":{\"@id\":\"https:\/\/kapitalis.com\/tunisie\/2023\/12\/15\/tunisie-samia-kassab-charfi-laureate-du-16e-prix-ibn-khaldoun-senghor\/\"},\"wordCount\":796,\"commentCount\":0,\"publisher\":{\"@id\":\"https:\/\/kapitalis.com\/tunisie\/#organization\"},\"image\":{\"@id\":\"https:\/\/kapitalis.com\/tunisie\/2023\/12\/15\/tunisie-samia-kassab-charfi-laureate-du-16e-prix-ibn-khaldoun-senghor\/#primaryimage\"},\"thumbnailUrl\":\"https:\/\/kapitalis.com\/tunisie\/wp-content\/uploads\/2023\/12\/Samia-Kassab-Charfi.jpg\",\"keywords\":[\"Alesco\",\"Barg Ellil\",\"B\u00e9chir Khra\u00efef\",\"francophonie\",\"OIF\",\"Prix Ibn Khaldoun\u2013Senghor\",\"Samia Kassab Charf\",\"Sud Editions\"],\"articleSection\":[\"CULTURE\",\"Tunisie\"],\"inLanguage\":\"fr-FR\",\"potentialAction\":[{\"@type\":\"CommentAction\",\"name\":\"Comment\",\"target\":[\"https:\/\/kapitalis.com\/tunisie\/2023\/12\/15\/tunisie-samia-kassab-charfi-laureate-du-16e-prix-ibn-khaldoun-senghor\/#respond\"]}]},{\"@type\":\"WebPage\",\"@id\":\"https:\/\/kapitalis.com\/tunisie\/2023\/12\/15\/tunisie-samia-kassab-charfi-laureate-du-16e-prix-ibn-khaldoun-senghor\/\",\"url\":\"https:\/\/kapitalis.com\/tunisie\/2023\/12\/15\/tunisie-samia-kassab-charfi-laureate-du-16e-prix-ibn-khaldoun-senghor\/\",\"name\":\"Tunisie : Samia Kassab Charfi laur\u00e9ate du 16e Prix Ibn Khaldoun\u2013Senghor - Kapitalis\",\"isPartOf\":{\"@id\":\"https:\/\/kapitalis.com\/tunisie\/#website\"},\"primaryImageOfPage\":{\"@id\":\"https:\/\/kapitalis.com\/tunisie\/2023\/12\/15\/tunisie-samia-kassab-charfi-laureate-du-16e-prix-ibn-khaldoun-senghor\/#primaryimage\"},\"image\":{\"@id\":\"https:\/\/kapitalis.com\/tunisie\/2023\/12\/15\/tunisie-samia-kassab-charfi-laureate-du-16e-prix-ibn-khaldoun-senghor\/#primaryimage\"},\"thumbnailUrl\":\"https:\/\/kapitalis.com\/tunisie\/wp-content\/uploads\/2023\/12\/Samia-Kassab-Charfi.jpg\",\"datePublished\":\"2023-12-15T17:51:53+00:00\",\"dateModified\":\"2023-12-15T19:13:07+00:00\",\"breadcrumb\":{\"@id\":\"https:\/\/kapitalis.com\/tunisie\/2023\/12\/15\/tunisie-samia-kassab-charfi-laureate-du-16e-prix-ibn-khaldoun-senghor\/#breadcrumb\"},\"inLanguage\":\"fr-FR\",\"potentialAction\":[{\"@type\":\"ReadAction\",\"target\":[\"https:\/\/kapitalis.com\/tunisie\/2023\/12\/15\/tunisie-samia-kassab-charfi-laureate-du-16e-prix-ibn-khaldoun-senghor\/\"]}]},{\"@type\":\"ImageObject\",\"inLanguage\":\"fr-FR\",\"@id\":\"https:\/\/kapitalis.com\/tunisie\/2023\/12\/15\/tunisie-samia-kassab-charfi-laureate-du-16e-prix-ibn-khaldoun-senghor\/#primaryimage\",\"url\":\"https:\/\/kapitalis.com\/tunisie\/wp-content\/uploads\/2023\/12\/Samia-Kassab-Charfi.jpg\",\"contentUrl\":\"https:\/\/kapitalis.com\/tunisie\/wp-content\/uploads\/2023\/12\/Samia-Kassab-Charfi.jpg\",\"width\":1200,\"height\":630},{\"@type\":\"BreadcrumbList\",\"@id\":\"https:\/\/kapitalis.com\/tunisie\/2023\/12\/15\/tunisie-samia-kassab-charfi-laureate-du-16e-prix-ibn-khaldoun-senghor\/#breadcrumb\",\"itemListElement\":[{\"@type\":\"ListItem\",\"position\":1,\"name\":\"Accueil\",\"item\":\"https:\/\/kapitalis.com\/tunisie\/\"},{\"@type\":\"ListItem\",\"position\":2,\"name\":\"Tunisie : Samia Kassab Charfi laur\u00e9ate du 16e Prix Ibn Khaldoun\u2013Senghor\"}]},{\"@type\":\"WebSite\",\"@id\":\"https:\/\/kapitalis.com\/tunisie\/#website\",\"url\":\"https:\/\/kapitalis.com\/tunisie\/\",\"name\":\"Kapitalis\",\"description\":\"L&#039;actualit\u00e9 en Tunisie et dans le monde\",\"publisher\":{\"@id\":\"https:\/\/kapitalis.com\/tunisie\/#organization\"},\"potentialAction\":[{\"@type\":\"SearchAction\",\"target\":{\"@type\":\"EntryPoint\",\"urlTemplate\":\"https:\/\/kapitalis.com\/tunisie\/?s={search_term_string}\"},\"query-input\":{\"@type\":\"PropertyValueSpecification\",\"valueRequired\":true,\"valueName\":\"search_term_string\"}}],\"inLanguage\":\"fr-FR\"},{\"@type\":\"Organization\",\"@id\":\"https:\/\/kapitalis.com\/tunisie\/#organization\",\"name\":\"Kapitalis\",\"url\":\"https:\/\/kapitalis.com\/tunisie\/\",\"logo\":{\"@type\":\"ImageObject\",\"inLanguage\":\"fr-FR\",\"@id\":\"https:\/\/kapitalis.com\/tunisie\/#\/schema\/logo\/image\/\",\"url\":\"https:\/\/kapitalis.com\/tunisie\/wp-content\/uploads\/2022\/05\/Kapitalis-big-size.png\",\"contentUrl\":\"https:\/\/kapitalis.com\/tunisie\/wp-content\/uploads\/2022\/05\/Kapitalis-big-size.png\",\"width\":5000,\"height\":1500,\"caption\":\"Kapitalis\"},\"image\":{\"@id\":\"https:\/\/kapitalis.com\/tunisie\/#\/schema\/logo\/image\/\"},\"sameAs\":[\"https:\/\/www.facebook.com\/KapitalisInfo\/\",\"https:\/\/x.com\/KapitalisInfo\",\"https:\/\/www.youtube.com\/channel\/UC-yDYrHyfFBWWZaOw3FPg9Q\"]},{\"@type\":\"Person\",\"@id\":\"https:\/\/kapitalis.com\/tunisie\/#\/schema\/person\/74bbde0154d49d790a92aaeac5bc01d5\",\"name\":\"Yusra NY\",\"url\":\"https:\/\/kapitalis.com\/tunisie\/author\/yuza_adam\/\"}]}<\/script>\n<!-- \/ Yoast SEO plugin. -->","yoast_head_json":{"title":"Tunisie : Samia Kassab Charfi laur\u00e9ate du 16e Prix Ibn Khaldoun\u2013Senghor - Kapitalis","robots":{"index":"index","follow":"follow","max-snippet":"max-snippet:-1","max-image-preview":"max-image-preview:large","max-video-preview":"max-video-preview:-1"},"canonical":"https:\/\/kapitalis.com\/tunisie\/2023\/12\/15\/tunisie-samia-kassab-charfi-laureate-du-16e-prix-ibn-khaldoun-senghor\/","og_locale":"fr_FR","og_type":"article","og_title":"Tunisie : Samia Kassab Charfi laur\u00e9ate du 16e Prix Ibn Khaldoun\u2013Senghor - Kapitalis","og_description":"Samia Kassab Charfi a remport\u00e9 le Prix Ibn Khaldoun &#8211; Senghor pour sa traduction du roman Barg Ellil de B\u00e9chir Khra\u00efef, publi\u00e9e par Sud Editions (Tunisie, mars 2023).","og_url":"https:\/\/kapitalis.com\/tunisie\/2023\/12\/15\/tunisie-samia-kassab-charfi-laureate-du-16e-prix-ibn-khaldoun-senghor\/","og_site_name":"Kapitalis","article_publisher":"https:\/\/www.facebook.com\/KapitalisInfo\/","article_published_time":"2023-12-15T17:51:53+00:00","article_modified_time":"2023-12-15T19:13:07+00:00","og_image":[{"width":1200,"height":630,"url":"https:\/\/kapitalis.com\/tunisie\/wp-content\/uploads\/2023\/12\/Samia-Kassab-Charfi.jpg","type":"image\/jpeg"}],"author":"Yusra NY","twitter_card":"summary_large_image","twitter_creator":"@KapitalisInfo","twitter_site":"@KapitalisInfo","twitter_misc":{"\u00c9crit par":"Yusra NY","Dur\u00e9e de lecture estim\u00e9e":"4 minutes"},"schema":{"@context":"https:\/\/schema.org","@graph":[{"@type":"Article","@id":"https:\/\/kapitalis.com\/tunisie\/2023\/12\/15\/tunisie-samia-kassab-charfi-laureate-du-16e-prix-ibn-khaldoun-senghor\/#article","isPartOf":{"@id":"https:\/\/kapitalis.com\/tunisie\/2023\/12\/15\/tunisie-samia-kassab-charfi-laureate-du-16e-prix-ibn-khaldoun-senghor\/"},"author":{"name":"Yusra NY","@id":"https:\/\/kapitalis.com\/tunisie\/#\/schema\/person\/74bbde0154d49d790a92aaeac5bc01d5"},"headline":"Tunisie : Samia Kassab Charfi laur\u00e9ate du 16e Prix Ibn Khaldoun\u2013Senghor","datePublished":"2023-12-15T17:51:53+00:00","dateModified":"2023-12-15T19:13:07+00:00","mainEntityOfPage":{"@id":"https:\/\/kapitalis.com\/tunisie\/2023\/12\/15\/tunisie-samia-kassab-charfi-laureate-du-16e-prix-ibn-khaldoun-senghor\/"},"wordCount":796,"commentCount":0,"publisher":{"@id":"https:\/\/kapitalis.com\/tunisie\/#organization"},"image":{"@id":"https:\/\/kapitalis.com\/tunisie\/2023\/12\/15\/tunisie-samia-kassab-charfi-laureate-du-16e-prix-ibn-khaldoun-senghor\/#primaryimage"},"thumbnailUrl":"https:\/\/kapitalis.com\/tunisie\/wp-content\/uploads\/2023\/12\/Samia-Kassab-Charfi.jpg","keywords":["Alesco","Barg Ellil","B\u00e9chir Khra\u00efef","francophonie","OIF","Prix Ibn Khaldoun\u2013Senghor","Samia Kassab Charf","Sud Editions"],"articleSection":["CULTURE","Tunisie"],"inLanguage":"fr-FR","potentialAction":[{"@type":"CommentAction","name":"Comment","target":["https:\/\/kapitalis.com\/tunisie\/2023\/12\/15\/tunisie-samia-kassab-charfi-laureate-du-16e-prix-ibn-khaldoun-senghor\/#respond"]}]},{"@type":"WebPage","@id":"https:\/\/kapitalis.com\/tunisie\/2023\/12\/15\/tunisie-samia-kassab-charfi-laureate-du-16e-prix-ibn-khaldoun-senghor\/","url":"https:\/\/kapitalis.com\/tunisie\/2023\/12\/15\/tunisie-samia-kassab-charfi-laureate-du-16e-prix-ibn-khaldoun-senghor\/","name":"Tunisie : Samia Kassab Charfi laur\u00e9ate du 16e Prix Ibn Khaldoun\u2013Senghor - Kapitalis","isPartOf":{"@id":"https:\/\/kapitalis.com\/tunisie\/#website"},"primaryImageOfPage":{"@id":"https:\/\/kapitalis.com\/tunisie\/2023\/12\/15\/tunisie-samia-kassab-charfi-laureate-du-16e-prix-ibn-khaldoun-senghor\/#primaryimage"},"image":{"@id":"https:\/\/kapitalis.com\/tunisie\/2023\/12\/15\/tunisie-samia-kassab-charfi-laureate-du-16e-prix-ibn-khaldoun-senghor\/#primaryimage"},"thumbnailUrl":"https:\/\/kapitalis.com\/tunisie\/wp-content\/uploads\/2023\/12\/Samia-Kassab-Charfi.jpg","datePublished":"2023-12-15T17:51:53+00:00","dateModified":"2023-12-15T19:13:07+00:00","breadcrumb":{"@id":"https:\/\/kapitalis.com\/tunisie\/2023\/12\/15\/tunisie-samia-kassab-charfi-laureate-du-16e-prix-ibn-khaldoun-senghor\/#breadcrumb"},"inLanguage":"fr-FR","potentialAction":[{"@type":"ReadAction","target":["https:\/\/kapitalis.com\/tunisie\/2023\/12\/15\/tunisie-samia-kassab-charfi-laureate-du-16e-prix-ibn-khaldoun-senghor\/"]}]},{"@type":"ImageObject","inLanguage":"fr-FR","@id":"https:\/\/kapitalis.com\/tunisie\/2023\/12\/15\/tunisie-samia-kassab-charfi-laureate-du-16e-prix-ibn-khaldoun-senghor\/#primaryimage","url":"https:\/\/kapitalis.com\/tunisie\/wp-content\/uploads\/2023\/12\/Samia-Kassab-Charfi.jpg","contentUrl":"https:\/\/kapitalis.com\/tunisie\/wp-content\/uploads\/2023\/12\/Samia-Kassab-Charfi.jpg","width":1200,"height":630},{"@type":"BreadcrumbList","@id":"https:\/\/kapitalis.com\/tunisie\/2023\/12\/15\/tunisie-samia-kassab-charfi-laureate-du-16e-prix-ibn-khaldoun-senghor\/#breadcrumb","itemListElement":[{"@type":"ListItem","position":1,"name":"Accueil","item":"https:\/\/kapitalis.com\/tunisie\/"},{"@type":"ListItem","position":2,"name":"Tunisie : Samia Kassab Charfi laur\u00e9ate du 16e Prix Ibn Khaldoun\u2013Senghor"}]},{"@type":"WebSite","@id":"https:\/\/kapitalis.com\/tunisie\/#website","url":"https:\/\/kapitalis.com\/tunisie\/","name":"Kapitalis","description":"L&#039;actualit\u00e9 en Tunisie et dans le monde","publisher":{"@id":"https:\/\/kapitalis.com\/tunisie\/#organization"},"potentialAction":[{"@type":"SearchAction","target":{"@type":"EntryPoint","urlTemplate":"https:\/\/kapitalis.com\/tunisie\/?s={search_term_string}"},"query-input":{"@type":"PropertyValueSpecification","valueRequired":true,"valueName":"search_term_string"}}],"inLanguage":"fr-FR"},{"@type":"Organization","@id":"https:\/\/kapitalis.com\/tunisie\/#organization","name":"Kapitalis","url":"https:\/\/kapitalis.com\/tunisie\/","logo":{"@type":"ImageObject","inLanguage":"fr-FR","@id":"https:\/\/kapitalis.com\/tunisie\/#\/schema\/logo\/image\/","url":"https:\/\/kapitalis.com\/tunisie\/wp-content\/uploads\/2022\/05\/Kapitalis-big-size.png","contentUrl":"https:\/\/kapitalis.com\/tunisie\/wp-content\/uploads\/2022\/05\/Kapitalis-big-size.png","width":5000,"height":1500,"caption":"Kapitalis"},"image":{"@id":"https:\/\/kapitalis.com\/tunisie\/#\/schema\/logo\/image\/"},"sameAs":["https:\/\/www.facebook.com\/KapitalisInfo\/","https:\/\/x.com\/KapitalisInfo","https:\/\/www.youtube.com\/channel\/UC-yDYrHyfFBWWZaOw3FPg9Q"]},{"@type":"Person","@id":"https:\/\/kapitalis.com\/tunisie\/#\/schema\/person\/74bbde0154d49d790a92aaeac5bc01d5","name":"Yusra NY","url":"https:\/\/kapitalis.com\/tunisie\/author\/yuza_adam\/"}]}},"_links":{"self":[{"href":"https:\/\/kapitalis.com\/tunisie\/wp-json\/wp\/v2\/posts\/10931143","targetHints":{"allow":["GET"]}}],"collection":[{"href":"https:\/\/kapitalis.com\/tunisie\/wp-json\/wp\/v2\/posts"}],"about":[{"href":"https:\/\/kapitalis.com\/tunisie\/wp-json\/wp\/v2\/types\/post"}],"author":[{"embeddable":true,"href":"https:\/\/kapitalis.com\/tunisie\/wp-json\/wp\/v2\/users\/6"}],"replies":[{"embeddable":true,"href":"https:\/\/kapitalis.com\/tunisie\/wp-json\/wp\/v2\/comments?post=10931143"}],"version-history":[{"count":2,"href":"https:\/\/kapitalis.com\/tunisie\/wp-json\/wp\/v2\/posts\/10931143\/revisions"}],"predecessor-version":[{"id":10931213,"href":"https:\/\/kapitalis.com\/tunisie\/wp-json\/wp\/v2\/posts\/10931143\/revisions\/10931213"}],"wp:featuredmedia":[{"embeddable":true,"href":"https:\/\/kapitalis.com\/tunisie\/wp-json\/wp\/v2\/media\/10931210"}],"wp:attachment":[{"href":"https:\/\/kapitalis.com\/tunisie\/wp-json\/wp\/v2\/media?parent=10931143"}],"wp:term":[{"taxonomy":"category","embeddable":true,"href":"https:\/\/kapitalis.com\/tunisie\/wp-json\/wp\/v2\/categories?post=10931143"},{"taxonomy":"post_tag","embeddable":true,"href":"https:\/\/kapitalis.com\/tunisie\/wp-json\/wp\/v2\/tags?post=10931143"}],"curies":[{"name":"wp","href":"https:\/\/api.w.org\/{rel}","templated":true}]}}