{"id":109353,"date":"2017-08-07T08:32:59","date_gmt":"2017-08-07T07:32:59","guid":{"rendered":"http:\/\/kapitalis.com\/tunisie\/?p=109353"},"modified":"2017-08-07T08:32:59","modified_gmt":"2017-08-07T07:32:59","slug":"championnat-du-monde-dathletisme-layouni-ne-franchit-pas-les-demi-finales","status":"publish","type":"post","link":"https:\/\/kapitalis.com\/tunisie\/2017\/08\/07\/championnat-du-monde-dathletisme-layouni-ne-franchit-pas-les-demi-finales\/","title":{"rendered":"Championnat du monde d\u2019athl\u00e9tisme : Layouni ne franchit pas les demi- finales"},"content":{"rendered":"<p style=\"text-align: center;\"><img loading=\"lazy\" decoding=\"async\" class=\"alignnone size-full wp-image-109354\" src=\"http:\/\/kapitalis.com\/tunisie\/wp-content\/uploads\/2017\/08\/Abdessalem-Layouni.jpg\" alt=\"\" width=\"626\" height=\"380\" \/><\/p>\n<p><em><strong>S\u2019il a facilement franchi les qualifications, Abdessalem Layouni n\u2019a pu acc\u00e9der en finale du 800 m, dimanche 6 ao\u00fbt 2017.<\/strong><\/em><\/p>\n<p><!--more--><\/p>\n<p>L\u2019athl\u00e8te Tunisien est tomb\u00e9 en fin de programme de la 3e journ\u00e9e des championnats du monde d\u2019athl\u00e9tisme, qui se d\u00e9roulent \u00e0 Londres, Grande Bretagne.<\/p>\n<p>Layouni s\u2019est qualifi\u00e9, samedi 5 ao\u00fbt, pour les demi-finales de l\u2019\u00e9preuve en r\u00e9alisant le 5e temps de sa s\u00e9rie : 1\u201946\u2019\u201919 (son meilleur temps est de 1\u201945\u2019\u2019 63). C\u2019est le 15e temps sur les 30 qualifi\u00e9s.<\/p>\n<p>Mais d\u00e9ception en demi-finales. Abdessalem Layouni n\u2019am\u00e9liore pas son temps et se contente d\u2019un modeste chrono : 1\u201947\u2019\u2019 39 qui l\u2019\u00e9carte de la finale. Pourtant son temps r\u00e9alis\u00e9 en s\u00e9rie aurait pu le propulser parmi les finalistes.<\/p>\n<p>Un autre Tunisien, Raouf Boubaker, \u00e9tait engag\u00e9, dimanche, sur 3000 m steeple. Mais il n\u2019a pas franchi les s\u00e9ries de qualification, r\u00e9alisant 8\u201946\u2019\u201925. Un chrono tr\u00e8s en-de\u00e7\u00e0 de sa meilleure performance personnelle qui est de 8\u201930\u2019\u201967, r\u00e9alis\u00e9e l\u2019ann\u00e9e en cours.<\/p>\n<p>Notons que les 15 qualifi\u00e9s pour la finale 3000 m steeple ont tourn\u00e9 en moins de 8\u201926, donc aucune chance pour notre athl\u00e8te.<\/p>\n<p>Attendons dimanche prochain pour voir \u00e0 l\u2019\u0153uvre le dernier engag\u00e9 tunisien, Chahnaz Nasri sur 20 km marche f\u00e9minin, \u00e9preuve inscrite pour la premi\u00e8re fois en championnats du monde.<\/p>\n<p style=\"text-align: right;\"><strong>H. M.<\/strong><\/p>\n","protected":false},"excerpt":{"rendered":"<p>S\u2019il a facilement franchi les qualifications, Abdessalem Layouni n\u2019a pu acc\u00e9der en finale du 800 m, dimanche 6 ao\u00fbt 2017.<\/p>\n","protected":false},"author":8,"featured_media":109354,"comment_status":"open","ping_status":"open","sticky":false,"template":"","format":"standard","meta":{"footnotes":""},"categories":[999,2433],"tags":[2687,2781],"class_list":["post-109353","post","type-post","status-publish","format-standard","has-post-thumbnail","hentry","category-sport","category-tunisie","tag-grande-bretagne","tag-londres"],"yoast_head":"<!-- This site is optimized with the Yoast SEO plugin v26.6 - https:\/\/yoast.com\/wordpress\/plugins\/seo\/ -->\n<title>Championnat du monde d\u2019athl\u00e9tisme : Layouni ne franchit pas les demi- finales - Kapitalis<\/title>\n<meta name=\"robots\" content=\"index, follow, max-snippet:-1, max-image-preview:large, max-video-preview:-1\" \/>\n<link rel=\"canonical\" href=\"https:\/\/kapitalis.com\/tunisie\/2017\/08\/07\/championnat-du-monde-dathletisme-layouni-ne-franchit-pas-les-demi-finales\/\" \/>\n<meta property=\"og:locale\" content=\"fr_FR\" \/>\n<meta property=\"og:type\" content=\"article\" \/>\n<meta property=\"og:title\" content=\"Championnat du monde d\u2019athl\u00e9tisme : Layouni ne franchit pas les demi- finales - Kapitalis\" \/>\n<meta property=\"og:description\" content=\"S\u2019il a facilement franchi les qualifications, Abdessalem Layouni n\u2019a pu acc\u00e9der en finale du 800 m, dimanche 6 ao\u00fbt 2017.\" \/>\n<meta property=\"og:url\" content=\"https:\/\/kapitalis.com\/tunisie\/2017\/08\/07\/championnat-du-monde-dathletisme-layouni-ne-franchit-pas-les-demi-finales\/\" \/>\n<meta property=\"og:site_name\" content=\"Kapitalis\" \/>\n<meta property=\"article:publisher\" content=\"https:\/\/www.facebook.com\/KapitalisInfo\/\" \/>\n<meta property=\"article:published_time\" content=\"2017-08-07T07:32:59+00:00\" \/>\n<meta property=\"og:image\" content=\"https:\/\/kapitalis.com\/tunisie\/wp-content\/uploads\/2022\/05\/kapitalis-logo-fb.png\" \/>\n\t<meta property=\"og:image:width\" content=\"1200\" \/>\n\t<meta property=\"og:image:height\" content=\"630\" \/>\n\t<meta property=\"og:image:type\" content=\"image\/png\" \/>\n<meta name=\"author\" content=\"webmaster kapitalis\" \/>\n<meta name=\"twitter:card\" content=\"summary_large_image\" \/>\n<meta name=\"twitter:creator\" content=\"@KapitalisInfo\" \/>\n<meta name=\"twitter:site\" content=\"@KapitalisInfo\" \/>\n<meta name=\"twitter:label1\" content=\"\u00c9crit par\" \/>\n\t<meta name=\"twitter:data1\" content=\"webmaster kapitalis\" \/>\n\t<meta name=\"twitter:label2\" content=\"Dur\u00e9e de lecture estim\u00e9e\" \/>\n\t<meta name=\"twitter:data2\" content=\"1 minute\" \/>\n<script type=\"application\/ld+json\" class=\"yoast-schema-graph\">{\"@context\":\"https:\/\/schema.org\",\"@graph\":[{\"@type\":\"Article\",\"@id\":\"https:\/\/kapitalis.com\/tunisie\/2017\/08\/07\/championnat-du-monde-dathletisme-layouni-ne-franchit-pas-les-demi-finales\/#article\",\"isPartOf\":{\"@id\":\"https:\/\/kapitalis.com\/tunisie\/2017\/08\/07\/championnat-du-monde-dathletisme-layouni-ne-franchit-pas-les-demi-finales\/\"},\"author\":{\"name\":\"webmaster kapitalis\",\"@id\":\"https:\/\/kapitalis.com\/tunisie\/#\/schema\/person\/d71f33a9ca44f7bad4698210b480c8e9\"},\"headline\":\"Championnat du monde d\u2019athl\u00e9tisme : Layouni ne franchit pas les demi- finales\",\"datePublished\":\"2017-08-07T07:32:59+00:00\",\"mainEntityOfPage\":{\"@id\":\"https:\/\/kapitalis.com\/tunisie\/2017\/08\/07\/championnat-du-monde-dathletisme-layouni-ne-franchit-pas-les-demi-finales\/\"},\"wordCount\":239,\"commentCount\":0,\"publisher\":{\"@id\":\"https:\/\/kapitalis.com\/tunisie\/#organization\"},\"image\":{\"@id\":\"https:\/\/kapitalis.com\/tunisie\/2017\/08\/07\/championnat-du-monde-dathletisme-layouni-ne-franchit-pas-les-demi-finales\/#primaryimage\"},\"thumbnailUrl\":\"\",\"keywords\":[\"Grande Bretagne\",\"Londres\"],\"articleSection\":[\"SPORT\",\"Tunisie\"],\"inLanguage\":\"fr-FR\",\"potentialAction\":[{\"@type\":\"CommentAction\",\"name\":\"Comment\",\"target\":[\"https:\/\/kapitalis.com\/tunisie\/2017\/08\/07\/championnat-du-monde-dathletisme-layouni-ne-franchit-pas-les-demi-finales\/#respond\"]}]},{\"@type\":\"WebPage\",\"@id\":\"https:\/\/kapitalis.com\/tunisie\/2017\/08\/07\/championnat-du-monde-dathletisme-layouni-ne-franchit-pas-les-demi-finales\/\",\"url\":\"https:\/\/kapitalis.com\/tunisie\/2017\/08\/07\/championnat-du-monde-dathletisme-layouni-ne-franchit-pas-les-demi-finales\/\",\"name\":\"Championnat du monde d\u2019athl\u00e9tisme : Layouni ne franchit pas les demi- finales - Kapitalis\",\"isPartOf\":{\"@id\":\"https:\/\/kapitalis.com\/tunisie\/#website\"},\"primaryImageOfPage\":{\"@id\":\"https:\/\/kapitalis.com\/tunisie\/2017\/08\/07\/championnat-du-monde-dathletisme-layouni-ne-franchit-pas-les-demi-finales\/#primaryimage\"},\"image\":{\"@id\":\"https:\/\/kapitalis.com\/tunisie\/2017\/08\/07\/championnat-du-monde-dathletisme-layouni-ne-franchit-pas-les-demi-finales\/#primaryimage\"},\"thumbnailUrl\":\"\",\"datePublished\":\"2017-08-07T07:32:59+00:00\",\"breadcrumb\":{\"@id\":\"https:\/\/kapitalis.com\/tunisie\/2017\/08\/07\/championnat-du-monde-dathletisme-layouni-ne-franchit-pas-les-demi-finales\/#breadcrumb\"},\"inLanguage\":\"fr-FR\",\"potentialAction\":[{\"@type\":\"ReadAction\",\"target\":[\"https:\/\/kapitalis.com\/tunisie\/2017\/08\/07\/championnat-du-monde-dathletisme-layouni-ne-franchit-pas-les-demi-finales\/\"]}]},{\"@type\":\"ImageObject\",\"inLanguage\":\"fr-FR\",\"@id\":\"https:\/\/kapitalis.com\/tunisie\/2017\/08\/07\/championnat-du-monde-dathletisme-layouni-ne-franchit-pas-les-demi-finales\/#primaryimage\",\"url\":\"\",\"contentUrl\":\"\"},{\"@type\":\"BreadcrumbList\",\"@id\":\"https:\/\/kapitalis.com\/tunisie\/2017\/08\/07\/championnat-du-monde-dathletisme-layouni-ne-franchit-pas-les-demi-finales\/#breadcrumb\",\"itemListElement\":[{\"@type\":\"ListItem\",\"position\":1,\"name\":\"Accueil\",\"item\":\"https:\/\/kapitalis.com\/tunisie\/\"},{\"@type\":\"ListItem\",\"position\":2,\"name\":\"Championnat du monde d\u2019athl\u00e9tisme : Layouni ne franchit pas les demi- finales\"}]},{\"@type\":\"WebSite\",\"@id\":\"https:\/\/kapitalis.com\/tunisie\/#website\",\"url\":\"https:\/\/kapitalis.com\/tunisie\/\",\"name\":\"Kapitalis\",\"description\":\"L&#039;actualit\u00e9 en Tunisie et dans le monde\",\"publisher\":{\"@id\":\"https:\/\/kapitalis.com\/tunisie\/#organization\"},\"potentialAction\":[{\"@type\":\"SearchAction\",\"target\":{\"@type\":\"EntryPoint\",\"urlTemplate\":\"https:\/\/kapitalis.com\/tunisie\/?s={search_term_string}\"},\"query-input\":{\"@type\":\"PropertyValueSpecification\",\"valueRequired\":true,\"valueName\":\"search_term_string\"}}],\"inLanguage\":\"fr-FR\"},{\"@type\":\"Organization\",\"@id\":\"https:\/\/kapitalis.com\/tunisie\/#organization\",\"name\":\"Kapitalis\",\"url\":\"https:\/\/kapitalis.com\/tunisie\/\",\"logo\":{\"@type\":\"ImageObject\",\"inLanguage\":\"fr-FR\",\"@id\":\"https:\/\/kapitalis.com\/tunisie\/#\/schema\/logo\/image\/\",\"url\":\"https:\/\/kapitalis.com\/tunisie\/wp-content\/uploads\/2022\/05\/Kapitalis-big-size.png\",\"contentUrl\":\"https:\/\/kapitalis.com\/tunisie\/wp-content\/uploads\/2022\/05\/Kapitalis-big-size.png\",\"width\":5000,\"height\":1500,\"caption\":\"Kapitalis\"},\"image\":{\"@id\":\"https:\/\/kapitalis.com\/tunisie\/#\/schema\/logo\/image\/\"},\"sameAs\":[\"https:\/\/www.facebook.com\/KapitalisInfo\/\",\"https:\/\/x.com\/KapitalisInfo\",\"https:\/\/www.youtube.com\/channel\/UC-yDYrHyfFBWWZaOw3FPg9Q\"]},{\"@type\":\"Person\",\"@id\":\"https:\/\/kapitalis.com\/tunisie\/#\/schema\/person\/d71f33a9ca44f7bad4698210b480c8e9\",\"name\":\"webmaster kapitalis\",\"url\":\"https:\/\/kapitalis.com\/tunisie\/author\/webmaster-kapitalis\/\"}]}<\/script>\n<!-- \/ Yoast SEO plugin. -->","yoast_head_json":{"title":"Championnat du monde d\u2019athl\u00e9tisme : Layouni ne franchit pas les demi- finales - Kapitalis","robots":{"index":"index","follow":"follow","max-snippet":"max-snippet:-1","max-image-preview":"max-image-preview:large","max-video-preview":"max-video-preview:-1"},"canonical":"https:\/\/kapitalis.com\/tunisie\/2017\/08\/07\/championnat-du-monde-dathletisme-layouni-ne-franchit-pas-les-demi-finales\/","og_locale":"fr_FR","og_type":"article","og_title":"Championnat du monde d\u2019athl\u00e9tisme : Layouni ne franchit pas les demi- finales - Kapitalis","og_description":"S\u2019il a facilement franchi les qualifications, Abdessalem Layouni n\u2019a pu acc\u00e9der en finale du 800 m, dimanche 6 ao\u00fbt 2017.","og_url":"https:\/\/kapitalis.com\/tunisie\/2017\/08\/07\/championnat-du-monde-dathletisme-layouni-ne-franchit-pas-les-demi-finales\/","og_site_name":"Kapitalis","article_publisher":"https:\/\/www.facebook.com\/KapitalisInfo\/","article_published_time":"2017-08-07T07:32:59+00:00","og_image":[{"width":1200,"height":630,"url":"https:\/\/kapitalis.com\/tunisie\/wp-content\/uploads\/2022\/05\/kapitalis-logo-fb.png","type":"image\/png"}],"author":"webmaster kapitalis","twitter_card":"summary_large_image","twitter_creator":"@KapitalisInfo","twitter_site":"@KapitalisInfo","twitter_misc":{"\u00c9crit par":"webmaster kapitalis","Dur\u00e9e de lecture estim\u00e9e":"1 minute"},"schema":{"@context":"https:\/\/schema.org","@graph":[{"@type":"Article","@id":"https:\/\/kapitalis.com\/tunisie\/2017\/08\/07\/championnat-du-monde-dathletisme-layouni-ne-franchit-pas-les-demi-finales\/#article","isPartOf":{"@id":"https:\/\/kapitalis.com\/tunisie\/2017\/08\/07\/championnat-du-monde-dathletisme-layouni-ne-franchit-pas-les-demi-finales\/"},"author":{"name":"webmaster kapitalis","@id":"https:\/\/kapitalis.com\/tunisie\/#\/schema\/person\/d71f33a9ca44f7bad4698210b480c8e9"},"headline":"Championnat du monde d\u2019athl\u00e9tisme : Layouni ne franchit pas les demi- finales","datePublished":"2017-08-07T07:32:59+00:00","mainEntityOfPage":{"@id":"https:\/\/kapitalis.com\/tunisie\/2017\/08\/07\/championnat-du-monde-dathletisme-layouni-ne-franchit-pas-les-demi-finales\/"},"wordCount":239,"commentCount":0,"publisher":{"@id":"https:\/\/kapitalis.com\/tunisie\/#organization"},"image":{"@id":"https:\/\/kapitalis.com\/tunisie\/2017\/08\/07\/championnat-du-monde-dathletisme-layouni-ne-franchit-pas-les-demi-finales\/#primaryimage"},"thumbnailUrl":"","keywords":["Grande Bretagne","Londres"],"articleSection":["SPORT","Tunisie"],"inLanguage":"fr-FR","potentialAction":[{"@type":"CommentAction","name":"Comment","target":["https:\/\/kapitalis.com\/tunisie\/2017\/08\/07\/championnat-du-monde-dathletisme-layouni-ne-franchit-pas-les-demi-finales\/#respond"]}]},{"@type":"WebPage","@id":"https:\/\/kapitalis.com\/tunisie\/2017\/08\/07\/championnat-du-monde-dathletisme-layouni-ne-franchit-pas-les-demi-finales\/","url":"https:\/\/kapitalis.com\/tunisie\/2017\/08\/07\/championnat-du-monde-dathletisme-layouni-ne-franchit-pas-les-demi-finales\/","name":"Championnat du monde d\u2019athl\u00e9tisme : Layouni ne franchit pas les demi- finales - Kapitalis","isPartOf":{"@id":"https:\/\/kapitalis.com\/tunisie\/#website"},"primaryImageOfPage":{"@id":"https:\/\/kapitalis.com\/tunisie\/2017\/08\/07\/championnat-du-monde-dathletisme-layouni-ne-franchit-pas-les-demi-finales\/#primaryimage"},"image":{"@id":"https:\/\/kapitalis.com\/tunisie\/2017\/08\/07\/championnat-du-monde-dathletisme-layouni-ne-franchit-pas-les-demi-finales\/#primaryimage"},"thumbnailUrl":"","datePublished":"2017-08-07T07:32:59+00:00","breadcrumb":{"@id":"https:\/\/kapitalis.com\/tunisie\/2017\/08\/07\/championnat-du-monde-dathletisme-layouni-ne-franchit-pas-les-demi-finales\/#breadcrumb"},"inLanguage":"fr-FR","potentialAction":[{"@type":"ReadAction","target":["https:\/\/kapitalis.com\/tunisie\/2017\/08\/07\/championnat-du-monde-dathletisme-layouni-ne-franchit-pas-les-demi-finales\/"]}]},{"@type":"ImageObject","inLanguage":"fr-FR","@id":"https:\/\/kapitalis.com\/tunisie\/2017\/08\/07\/championnat-du-monde-dathletisme-layouni-ne-franchit-pas-les-demi-finales\/#primaryimage","url":"","contentUrl":""},{"@type":"BreadcrumbList","@id":"https:\/\/kapitalis.com\/tunisie\/2017\/08\/07\/championnat-du-monde-dathletisme-layouni-ne-franchit-pas-les-demi-finales\/#breadcrumb","itemListElement":[{"@type":"ListItem","position":1,"name":"Accueil","item":"https:\/\/kapitalis.com\/tunisie\/"},{"@type":"ListItem","position":2,"name":"Championnat du monde d\u2019athl\u00e9tisme : Layouni ne franchit pas les demi- finales"}]},{"@type":"WebSite","@id":"https:\/\/kapitalis.com\/tunisie\/#website","url":"https:\/\/kapitalis.com\/tunisie\/","name":"Kapitalis","description":"L&#039;actualit\u00e9 en Tunisie et dans le monde","publisher":{"@id":"https:\/\/kapitalis.com\/tunisie\/#organization"},"potentialAction":[{"@type":"SearchAction","target":{"@type":"EntryPoint","urlTemplate":"https:\/\/kapitalis.com\/tunisie\/?s={search_term_string}"},"query-input":{"@type":"PropertyValueSpecification","valueRequired":true,"valueName":"search_term_string"}}],"inLanguage":"fr-FR"},{"@type":"Organization","@id":"https:\/\/kapitalis.com\/tunisie\/#organization","name":"Kapitalis","url":"https:\/\/kapitalis.com\/tunisie\/","logo":{"@type":"ImageObject","inLanguage":"fr-FR","@id":"https:\/\/kapitalis.com\/tunisie\/#\/schema\/logo\/image\/","url":"https:\/\/kapitalis.com\/tunisie\/wp-content\/uploads\/2022\/05\/Kapitalis-big-size.png","contentUrl":"https:\/\/kapitalis.com\/tunisie\/wp-content\/uploads\/2022\/05\/Kapitalis-big-size.png","width":5000,"height":1500,"caption":"Kapitalis"},"image":{"@id":"https:\/\/kapitalis.com\/tunisie\/#\/schema\/logo\/image\/"},"sameAs":["https:\/\/www.facebook.com\/KapitalisInfo\/","https:\/\/x.com\/KapitalisInfo","https:\/\/www.youtube.com\/channel\/UC-yDYrHyfFBWWZaOw3FPg9Q"]},{"@type":"Person","@id":"https:\/\/kapitalis.com\/tunisie\/#\/schema\/person\/d71f33a9ca44f7bad4698210b480c8e9","name":"webmaster kapitalis","url":"https:\/\/kapitalis.com\/tunisie\/author\/webmaster-kapitalis\/"}]}},"_links":{"self":[{"href":"https:\/\/kapitalis.com\/tunisie\/wp-json\/wp\/v2\/posts\/109353","targetHints":{"allow":["GET"]}}],"collection":[{"href":"https:\/\/kapitalis.com\/tunisie\/wp-json\/wp\/v2\/posts"}],"about":[{"href":"https:\/\/kapitalis.com\/tunisie\/wp-json\/wp\/v2\/types\/post"}],"author":[{"embeddable":true,"href":"https:\/\/kapitalis.com\/tunisie\/wp-json\/wp\/v2\/users\/8"}],"replies":[{"embeddable":true,"href":"https:\/\/kapitalis.com\/tunisie\/wp-json\/wp\/v2\/comments?post=109353"}],"version-history":[{"count":0,"href":"https:\/\/kapitalis.com\/tunisie\/wp-json\/wp\/v2\/posts\/109353\/revisions"}],"wp:featuredmedia":[{"embeddable":true,"href":"https:\/\/kapitalis.com\/tunisie\/wp-json\/wp\/v2\/media\/109354"}],"wp:attachment":[{"href":"https:\/\/kapitalis.com\/tunisie\/wp-json\/wp\/v2\/media?parent=109353"}],"wp:term":[{"taxonomy":"category","embeddable":true,"href":"https:\/\/kapitalis.com\/tunisie\/wp-json\/wp\/v2\/categories?post=109353"},{"taxonomy":"post_tag","embeddable":true,"href":"https:\/\/kapitalis.com\/tunisie\/wp-json\/wp\/v2\/tags?post=109353"}],"curies":[{"name":"wp","href":"https:\/\/api.w.org\/{rel}","templated":true}]}}