{"id":10937291,"date":"2023-12-16T19:43:16","date_gmt":"2023-12-16T18:43:16","guid":{"rendered":"https:\/\/kapitalis.com\/tunisie\/?p=10937291"},"modified":"2023-12-16T20:10:13","modified_gmt":"2023-12-16T19:10:13","slug":"gaza-les-enfants-ont-besoin-dun-cessez-le-feu-humanitaire-immediat-et-durable-unicef","status":"publish","type":"post","link":"https:\/\/kapitalis.com\/tunisie\/2023\/12\/16\/gaza-les-enfants-ont-besoin-dun-cessez-le-feu-humanitaire-immediat-et-durable-unicef\/","title":{"rendered":"Gaza : \u00abLes enfants ont besoin d\u2019un cessez-le-feu humanitaire imm\u00e9diat et durable\u00bb, Unicef"},"content":{"rendered":"\n<p><strong><em>Tout en rappelant que la bande de Gaza est l\u2019endroit le plus dangereux au monde pour un enfant, Unicef a r\u00e9it\u00e9r\u00e9 son appel \u00e0 un cessez-le-feu humanitaire imm\u00e9diat et durable.<\/em><\/strong><\/p>\n\n\n\n<!--more-->\n\n\n\n<p>Unicef indique que plus d\u2019un million d\u2019enfants ont \u00e9t\u00e9 forc\u00e9s de fuir leur maison : <em>\u00abDes quartiers entiers, o\u00f9 les enfants avaient l\u2019habitude de jouer et d\u2019aller \u00e0 l\u2019\u00e9cole, ont \u00e9t\u00e9 transform\u00e9s en amas de ruines, d\u00e9pourvus de toute trace de vie\u00bb<\/em>.<\/p>\n\n\n\n<figure class=\"wp-block-image size-large is-resized\"><img loading=\"lazy\" decoding=\"async\" width=\"1024\" height=\"672\" src=\"https:\/\/kapitalis.com\/tunisie\/wp-content\/uploads\/2023\/12\/gaza3-1-1024x672.jpg\" alt=\"\" class=\"wp-image-10937349\" style=\"width:500px\" srcset=\"https:\/\/kapitalis.com\/tunisie\/wp-content\/uploads\/2023\/12\/gaza3-1-1024x672.jpg 1024w, https:\/\/kapitalis.com\/tunisie\/wp-content\/uploads\/2023\/12\/gaza3-1-300x197.jpg 300w, https:\/\/kapitalis.com\/tunisie\/wp-content\/uploads\/2023\/12\/gaza3-1-768x504.jpg 768w, https:\/\/kapitalis.com\/tunisie\/wp-content\/uploads\/2023\/12\/gaza3-1-580x381.jpg 580w, https:\/\/kapitalis.com\/tunisie\/wp-content\/uploads\/2023\/12\/gaza3-1-860x565.jpg 860w, https:\/\/kapitalis.com\/tunisie\/wp-content\/uploads\/2023\/12\/gaza3-1-1160x762.jpg 1160w, https:\/\/kapitalis.com\/tunisie\/wp-content\/uploads\/2023\/12\/gaza3-1.jpg 1200w\" sizes=\"auto, (max-width: 1024px) 100vw, 1024px\" \/><figcaption class=\"wp-element-caption\">A woman carries a child while heading toward the southern Gaza Strip, during the ongoing hostilities in the Gaza Strip.<\/figcaption><\/figure>\n\n\n\n<p>\u00ab<em>Le bilan s\u2019alourdit \u00e0 un rythme alarmant\u2026 Des enfants et leurs familles ont \u00e9t\u00e9 attaqu\u00e9s dans les endroits qui auraient d\u00fb \u00eatre les plus s\u00fbrs pour eux : leur foyer, les abris, les h\u00f4pitaux et les lieux de culte. Depuis le 7 octobre, plus de la moiti\u00e9 des \u00e9coles \u00e0 Gaza ont \u00e9t\u00e9 endommag\u00e9es\u00bb<\/em>, ajoute encore Uncief, en d\u00e9plorant le d\u00e9c\u00e8s de milliers d&rsquo;enfants.<\/p>\n\n\n\n<figure class=\"wp-block-image size-large is-resized\"><img loading=\"lazy\" decoding=\"async\" width=\"1024\" height=\"717\" src=\"https:\/\/kapitalis.com\/tunisie\/wp-content\/uploads\/2023\/12\/gaza-1024x717.jpg\" alt=\"\" class=\"wp-image-10937338\" style=\"width:500px\" srcset=\"https:\/\/kapitalis.com\/tunisie\/wp-content\/uploads\/2023\/12\/gaza-1024x717.jpg 1024w, https:\/\/kapitalis.com\/tunisie\/wp-content\/uploads\/2023\/12\/gaza-300x210.jpg 300w, https:\/\/kapitalis.com\/tunisie\/wp-content\/uploads\/2023\/12\/gaza-768x538.jpg 768w, https:\/\/kapitalis.com\/tunisie\/wp-content\/uploads\/2023\/12\/gaza-580x406.jpg 580w, https:\/\/kapitalis.com\/tunisie\/wp-content\/uploads\/2023\/12\/gaza-860x602.jpg 860w, https:\/\/kapitalis.com\/tunisie\/wp-content\/uploads\/2023\/12\/gaza-1160x812.jpg 1160w, https:\/\/kapitalis.com\/tunisie\/wp-content\/uploads\/2023\/12\/gaza.jpg 1200w\" sizes=\"auto, (max-width: 1024px) 100vw, 1024px\" \/><figcaption class=\"wp-element-caption\">Mustafa, 14-year-old, holding his football and running on the streets of Rafah city due to an airstrike nearby .<\/figcaption><\/figure>\n\n\n\n<p> \u00ab<em>Des milliers d\u2019enfants auraient \u00e9t\u00e9 tu\u00e9s, et des milliers d\u2019autres bless\u00e9s.. Leurs maisons ont \u00e9t\u00e9 d\u00e9truites, leurs familles d\u00e9chir\u00e9es\u00bb<\/em>, rappelle encore la m\u00eame source, estimant que le cessez-le-feu est devenue une urgence vitale.<\/p>\n\n\n\n<figure class=\"wp-block-image size-large is-resized\"><img loading=\"lazy\" decoding=\"async\" width=\"1024\" height=\"683\" src=\"https:\/\/kapitalis.com\/tunisie\/wp-content\/uploads\/2023\/12\/gaza2-1024x683.jpg\" alt=\"\" class=\"wp-image-10937339\" style=\"width:500px\" srcset=\"https:\/\/kapitalis.com\/tunisie\/wp-content\/uploads\/2023\/12\/gaza2-1024x683.jpg 1024w, https:\/\/kapitalis.com\/tunisie\/wp-content\/uploads\/2023\/12\/gaza2-300x200.jpg 300w, https:\/\/kapitalis.com\/tunisie\/wp-content\/uploads\/2023\/12\/gaza2-768x512.jpg 768w, https:\/\/kapitalis.com\/tunisie\/wp-content\/uploads\/2023\/12\/gaza2-580x387.jpg 580w, https:\/\/kapitalis.com\/tunisie\/wp-content\/uploads\/2023\/12\/gaza2-860x573.jpg 860w, https:\/\/kapitalis.com\/tunisie\/wp-content\/uploads\/2023\/12\/gaza2-1160x773.jpg 1160w, https:\/\/kapitalis.com\/tunisie\/wp-content\/uploads\/2023\/12\/gaza2.jpg 1200w\" sizes=\"auto, (max-width: 1024px) 100vw, 1024px\" \/><figcaption class=\"wp-element-caption\">Laith, 10-year-old, sits in a cart transferring mattresses from his house that was destroyed by an airstrike in the city of Rafah. \n\u00a0\u00bb Our house is now destroyed, and we only have some clothes and these mattresses. We are now looking for any place where we can live,\u201d he said.<\/figcaption><\/figure>\n\n\n\n<p>Rappelons que les frappes de l&rsquo;occupant isra\u00e9lien ont fait depuis, le 7 octobre dernier, pr\u00e8s de 18.000 morts, dont 75% sont des femmes et des enfants.<\/p>\n","protected":false},"excerpt":{"rendered":"<p>Tout en rappelant que la bande de Gaza est l\u2019endroit le plus dangereux au monde pour un enfant, Unicef a r\u00e9it\u00e9r\u00e9 son appel \u00e0 un cessez-le-feu humanitaire imm\u00e9diat et durable.<\/p>\n","protected":false},"author":6,"featured_media":10937334,"comment_status":"open","ping_status":"open","sticky":false,"template":"","format":"standard","meta":{"footnotes":""},"categories":[997,998,2433],"tags":[321,2444,111841,4026,62643,5442],"class_list":["post-10937291","post","type-post","status-publish","format-standard","has-post-thumbnail","hentry","category-politique","category-societe","category-tunisie","tag-enfants","tag-gaza","tag-occupant-israelien","tag-palestine","tag-tunisie","tag-unicef"],"yoast_head":"<!-- This site is optimized with the Yoast SEO plugin v26.6 - https:\/\/yoast.com\/wordpress\/plugins\/seo\/ -->\n<title>Gaza : \u00abLes enfants ont besoin d\u2019un cessez-le-feu humanitaire imm\u00e9diat et durable\u00bb, Unicef - Kapitalis<\/title>\n<meta name=\"robots\" content=\"index, follow, max-snippet:-1, max-image-preview:large, max-video-preview:-1\" \/>\n<link rel=\"canonical\" href=\"https:\/\/kapitalis.com\/tunisie\/2023\/12\/16\/gaza-les-enfants-ont-besoin-dun-cessez-le-feu-humanitaire-immediat-et-durable-unicef\/\" \/>\n<meta property=\"og:locale\" content=\"fr_FR\" \/>\n<meta property=\"og:type\" content=\"article\" \/>\n<meta property=\"og:title\" content=\"Gaza : \u00abLes enfants ont besoin d\u2019un cessez-le-feu humanitaire imm\u00e9diat et durable\u00bb, Unicef - Kapitalis\" \/>\n<meta property=\"og:description\" content=\"Tout en rappelant que la bande de Gaza est l\u2019endroit le plus dangereux au monde pour un enfant, Unicef a r\u00e9it\u00e9r\u00e9 son appel \u00e0 un cessez-le-feu humanitaire imm\u00e9diat et durable.\" \/>\n<meta property=\"og:url\" content=\"https:\/\/kapitalis.com\/tunisie\/2023\/12\/16\/gaza-les-enfants-ont-besoin-dun-cessez-le-feu-humanitaire-immediat-et-durable-unicef\/\" \/>\n<meta property=\"og:site_name\" content=\"Kapitalis\" \/>\n<meta property=\"article:publisher\" content=\"https:\/\/www.facebook.com\/KapitalisInfo\/\" \/>\n<meta property=\"article:published_time\" content=\"2023-12-16T18:43:16+00:00\" \/>\n<meta property=\"article:modified_time\" content=\"2023-12-16T19:10:13+00:00\" \/>\n<meta property=\"og:image\" content=\"https:\/\/kapitalis.com\/tunisie\/wp-content\/uploads\/2023\/12\/Gaza-enfants-1.jpg\" \/>\n\t<meta property=\"og:image:width\" content=\"1200\" \/>\n\t<meta property=\"og:image:height\" content=\"630\" \/>\n\t<meta property=\"og:image:type\" content=\"image\/jpeg\" \/>\n<meta name=\"author\" content=\"Yusra NY\" \/>\n<meta name=\"twitter:card\" content=\"summary_large_image\" \/>\n<meta name=\"twitter:creator\" content=\"@KapitalisInfo\" \/>\n<meta name=\"twitter:site\" content=\"@KapitalisInfo\" \/>\n<meta name=\"twitter:label1\" content=\"\u00c9crit par\" \/>\n\t<meta name=\"twitter:data1\" content=\"Yusra NY\" \/>\n\t<meta name=\"twitter:label2\" content=\"Dur\u00e9e de lecture estim\u00e9e\" \/>\n\t<meta name=\"twitter:data2\" content=\"2 minutes\" \/>\n<script type=\"application\/ld+json\" class=\"yoast-schema-graph\">{\"@context\":\"https:\/\/schema.org\",\"@graph\":[{\"@type\":\"Article\",\"@id\":\"https:\/\/kapitalis.com\/tunisie\/2023\/12\/16\/gaza-les-enfants-ont-besoin-dun-cessez-le-feu-humanitaire-immediat-et-durable-unicef\/#article\",\"isPartOf\":{\"@id\":\"https:\/\/kapitalis.com\/tunisie\/2023\/12\/16\/gaza-les-enfants-ont-besoin-dun-cessez-le-feu-humanitaire-immediat-et-durable-unicef\/\"},\"author\":{\"name\":\"Yusra NY\",\"@id\":\"https:\/\/kapitalis.com\/tunisie\/#\/schema\/person\/74bbde0154d49d790a92aaeac5bc01d5\"},\"headline\":\"Gaza : \u00abLes enfants ont besoin d\u2019un cessez-le-feu humanitaire imm\u00e9diat et durable\u00bb, Unicef\",\"datePublished\":\"2023-12-16T18:43:16+00:00\",\"dateModified\":\"2023-12-16T19:10:13+00:00\",\"mainEntityOfPage\":{\"@id\":\"https:\/\/kapitalis.com\/tunisie\/2023\/12\/16\/gaza-les-enfants-ont-besoin-dun-cessez-le-feu-humanitaire-immediat-et-durable-unicef\/\"},\"wordCount\":316,\"commentCount\":0,\"publisher\":{\"@id\":\"https:\/\/kapitalis.com\/tunisie\/#organization\"},\"image\":{\"@id\":\"https:\/\/kapitalis.com\/tunisie\/2023\/12\/16\/gaza-les-enfants-ont-besoin-dun-cessez-le-feu-humanitaire-immediat-et-durable-unicef\/#primaryimage\"},\"thumbnailUrl\":\"https:\/\/kapitalis.com\/tunisie\/wp-content\/uploads\/2023\/12\/Gaza-enfants-1.jpg\",\"keywords\":[\"enfants\",\"Gaza\",\"occupant isra\u00e9lien\",\"Palestine\",\"Tunisie\",\"Unicef\"],\"articleSection\":[\"POLITIQUE\",\"SOCIETE\",\"Tunisie\"],\"inLanguage\":\"fr-FR\",\"potentialAction\":[{\"@type\":\"CommentAction\",\"name\":\"Comment\",\"target\":[\"https:\/\/kapitalis.com\/tunisie\/2023\/12\/16\/gaza-les-enfants-ont-besoin-dun-cessez-le-feu-humanitaire-immediat-et-durable-unicef\/#respond\"]}]},{\"@type\":\"WebPage\",\"@id\":\"https:\/\/kapitalis.com\/tunisie\/2023\/12\/16\/gaza-les-enfants-ont-besoin-dun-cessez-le-feu-humanitaire-immediat-et-durable-unicef\/\",\"url\":\"https:\/\/kapitalis.com\/tunisie\/2023\/12\/16\/gaza-les-enfants-ont-besoin-dun-cessez-le-feu-humanitaire-immediat-et-durable-unicef\/\",\"name\":\"Gaza : \u00abLes enfants ont besoin d\u2019un cessez-le-feu humanitaire imm\u00e9diat et durable\u00bb, Unicef - Kapitalis\",\"isPartOf\":{\"@id\":\"https:\/\/kapitalis.com\/tunisie\/#website\"},\"primaryImageOfPage\":{\"@id\":\"https:\/\/kapitalis.com\/tunisie\/2023\/12\/16\/gaza-les-enfants-ont-besoin-dun-cessez-le-feu-humanitaire-immediat-et-durable-unicef\/#primaryimage\"},\"image\":{\"@id\":\"https:\/\/kapitalis.com\/tunisie\/2023\/12\/16\/gaza-les-enfants-ont-besoin-dun-cessez-le-feu-humanitaire-immediat-et-durable-unicef\/#primaryimage\"},\"thumbnailUrl\":\"https:\/\/kapitalis.com\/tunisie\/wp-content\/uploads\/2023\/12\/Gaza-enfants-1.jpg\",\"datePublished\":\"2023-12-16T18:43:16+00:00\",\"dateModified\":\"2023-12-16T19:10:13+00:00\",\"breadcrumb\":{\"@id\":\"https:\/\/kapitalis.com\/tunisie\/2023\/12\/16\/gaza-les-enfants-ont-besoin-dun-cessez-le-feu-humanitaire-immediat-et-durable-unicef\/#breadcrumb\"},\"inLanguage\":\"fr-FR\",\"potentialAction\":[{\"@type\":\"ReadAction\",\"target\":[\"https:\/\/kapitalis.com\/tunisie\/2023\/12\/16\/gaza-les-enfants-ont-besoin-dun-cessez-le-feu-humanitaire-immediat-et-durable-unicef\/\"]}]},{\"@type\":\"ImageObject\",\"inLanguage\":\"fr-FR\",\"@id\":\"https:\/\/kapitalis.com\/tunisie\/2023\/12\/16\/gaza-les-enfants-ont-besoin-dun-cessez-le-feu-humanitaire-immediat-et-durable-unicef\/#primaryimage\",\"url\":\"https:\/\/kapitalis.com\/tunisie\/wp-content\/uploads\/2023\/12\/Gaza-enfants-1.jpg\",\"contentUrl\":\"https:\/\/kapitalis.com\/tunisie\/wp-content\/uploads\/2023\/12\/Gaza-enfants-1.jpg\",\"width\":1200,\"height\":630},{\"@type\":\"BreadcrumbList\",\"@id\":\"https:\/\/kapitalis.com\/tunisie\/2023\/12\/16\/gaza-les-enfants-ont-besoin-dun-cessez-le-feu-humanitaire-immediat-et-durable-unicef\/#breadcrumb\",\"itemListElement\":[{\"@type\":\"ListItem\",\"position\":1,\"name\":\"Accueil\",\"item\":\"https:\/\/kapitalis.com\/tunisie\/\"},{\"@type\":\"ListItem\",\"position\":2,\"name\":\"Gaza : \u00abLes enfants ont besoin d\u2019un cessez-le-feu humanitaire imm\u00e9diat et durable\u00bb, Unicef\"}]},{\"@type\":\"WebSite\",\"@id\":\"https:\/\/kapitalis.com\/tunisie\/#website\",\"url\":\"https:\/\/kapitalis.com\/tunisie\/\",\"name\":\"Kapitalis\",\"description\":\"L&#039;actualit\u00e9 en Tunisie et dans le monde\",\"publisher\":{\"@id\":\"https:\/\/kapitalis.com\/tunisie\/#organization\"},\"potentialAction\":[{\"@type\":\"SearchAction\",\"target\":{\"@type\":\"EntryPoint\",\"urlTemplate\":\"https:\/\/kapitalis.com\/tunisie\/?s={search_term_string}\"},\"query-input\":{\"@type\":\"PropertyValueSpecification\",\"valueRequired\":true,\"valueName\":\"search_term_string\"}}],\"inLanguage\":\"fr-FR\"},{\"@type\":\"Organization\",\"@id\":\"https:\/\/kapitalis.com\/tunisie\/#organization\",\"name\":\"Kapitalis\",\"url\":\"https:\/\/kapitalis.com\/tunisie\/\",\"logo\":{\"@type\":\"ImageObject\",\"inLanguage\":\"fr-FR\",\"@id\":\"https:\/\/kapitalis.com\/tunisie\/#\/schema\/logo\/image\/\",\"url\":\"https:\/\/kapitalis.com\/tunisie\/wp-content\/uploads\/2022\/05\/Kapitalis-big-size.png\",\"contentUrl\":\"https:\/\/kapitalis.com\/tunisie\/wp-content\/uploads\/2022\/05\/Kapitalis-big-size.png\",\"width\":5000,\"height\":1500,\"caption\":\"Kapitalis\"},\"image\":{\"@id\":\"https:\/\/kapitalis.com\/tunisie\/#\/schema\/logo\/image\/\"},\"sameAs\":[\"https:\/\/www.facebook.com\/KapitalisInfo\/\",\"https:\/\/x.com\/KapitalisInfo\",\"https:\/\/www.youtube.com\/channel\/UC-yDYrHyfFBWWZaOw3FPg9Q\"]},{\"@type\":\"Person\",\"@id\":\"https:\/\/kapitalis.com\/tunisie\/#\/schema\/person\/74bbde0154d49d790a92aaeac5bc01d5\",\"name\":\"Yusra NY\",\"url\":\"https:\/\/kapitalis.com\/tunisie\/author\/yuza_adam\/\"}]}<\/script>\n<!-- \/ Yoast SEO plugin. -->","yoast_head_json":{"title":"Gaza : \u00abLes enfants ont besoin d\u2019un cessez-le-feu humanitaire imm\u00e9diat et durable\u00bb, Unicef - Kapitalis","robots":{"index":"index","follow":"follow","max-snippet":"max-snippet:-1","max-image-preview":"max-image-preview:large","max-video-preview":"max-video-preview:-1"},"canonical":"https:\/\/kapitalis.com\/tunisie\/2023\/12\/16\/gaza-les-enfants-ont-besoin-dun-cessez-le-feu-humanitaire-immediat-et-durable-unicef\/","og_locale":"fr_FR","og_type":"article","og_title":"Gaza : \u00abLes enfants ont besoin d\u2019un cessez-le-feu humanitaire imm\u00e9diat et durable\u00bb, Unicef - Kapitalis","og_description":"Tout en rappelant que la bande de Gaza est l\u2019endroit le plus dangereux au monde pour un enfant, Unicef a r\u00e9it\u00e9r\u00e9 son appel \u00e0 un cessez-le-feu humanitaire imm\u00e9diat et durable.","og_url":"https:\/\/kapitalis.com\/tunisie\/2023\/12\/16\/gaza-les-enfants-ont-besoin-dun-cessez-le-feu-humanitaire-immediat-et-durable-unicef\/","og_site_name":"Kapitalis","article_publisher":"https:\/\/www.facebook.com\/KapitalisInfo\/","article_published_time":"2023-12-16T18:43:16+00:00","article_modified_time":"2023-12-16T19:10:13+00:00","og_image":[{"width":1200,"height":630,"url":"https:\/\/kapitalis.com\/tunisie\/wp-content\/uploads\/2023\/12\/Gaza-enfants-1.jpg","type":"image\/jpeg"}],"author":"Yusra NY","twitter_card":"summary_large_image","twitter_creator":"@KapitalisInfo","twitter_site":"@KapitalisInfo","twitter_misc":{"\u00c9crit par":"Yusra NY","Dur\u00e9e de lecture estim\u00e9e":"2 minutes"},"schema":{"@context":"https:\/\/schema.org","@graph":[{"@type":"Article","@id":"https:\/\/kapitalis.com\/tunisie\/2023\/12\/16\/gaza-les-enfants-ont-besoin-dun-cessez-le-feu-humanitaire-immediat-et-durable-unicef\/#article","isPartOf":{"@id":"https:\/\/kapitalis.com\/tunisie\/2023\/12\/16\/gaza-les-enfants-ont-besoin-dun-cessez-le-feu-humanitaire-immediat-et-durable-unicef\/"},"author":{"name":"Yusra NY","@id":"https:\/\/kapitalis.com\/tunisie\/#\/schema\/person\/74bbde0154d49d790a92aaeac5bc01d5"},"headline":"Gaza : \u00abLes enfants ont besoin d\u2019un cessez-le-feu humanitaire imm\u00e9diat et durable\u00bb, Unicef","datePublished":"2023-12-16T18:43:16+00:00","dateModified":"2023-12-16T19:10:13+00:00","mainEntityOfPage":{"@id":"https:\/\/kapitalis.com\/tunisie\/2023\/12\/16\/gaza-les-enfants-ont-besoin-dun-cessez-le-feu-humanitaire-immediat-et-durable-unicef\/"},"wordCount":316,"commentCount":0,"publisher":{"@id":"https:\/\/kapitalis.com\/tunisie\/#organization"},"image":{"@id":"https:\/\/kapitalis.com\/tunisie\/2023\/12\/16\/gaza-les-enfants-ont-besoin-dun-cessez-le-feu-humanitaire-immediat-et-durable-unicef\/#primaryimage"},"thumbnailUrl":"https:\/\/kapitalis.com\/tunisie\/wp-content\/uploads\/2023\/12\/Gaza-enfants-1.jpg","keywords":["enfants","Gaza","occupant isra\u00e9lien","Palestine","Tunisie","Unicef"],"articleSection":["POLITIQUE","SOCIETE","Tunisie"],"inLanguage":"fr-FR","potentialAction":[{"@type":"CommentAction","name":"Comment","target":["https:\/\/kapitalis.com\/tunisie\/2023\/12\/16\/gaza-les-enfants-ont-besoin-dun-cessez-le-feu-humanitaire-immediat-et-durable-unicef\/#respond"]}]},{"@type":"WebPage","@id":"https:\/\/kapitalis.com\/tunisie\/2023\/12\/16\/gaza-les-enfants-ont-besoin-dun-cessez-le-feu-humanitaire-immediat-et-durable-unicef\/","url":"https:\/\/kapitalis.com\/tunisie\/2023\/12\/16\/gaza-les-enfants-ont-besoin-dun-cessez-le-feu-humanitaire-immediat-et-durable-unicef\/","name":"Gaza : \u00abLes enfants ont besoin d\u2019un cessez-le-feu humanitaire imm\u00e9diat et durable\u00bb, Unicef - Kapitalis","isPartOf":{"@id":"https:\/\/kapitalis.com\/tunisie\/#website"},"primaryImageOfPage":{"@id":"https:\/\/kapitalis.com\/tunisie\/2023\/12\/16\/gaza-les-enfants-ont-besoin-dun-cessez-le-feu-humanitaire-immediat-et-durable-unicef\/#primaryimage"},"image":{"@id":"https:\/\/kapitalis.com\/tunisie\/2023\/12\/16\/gaza-les-enfants-ont-besoin-dun-cessez-le-feu-humanitaire-immediat-et-durable-unicef\/#primaryimage"},"thumbnailUrl":"https:\/\/kapitalis.com\/tunisie\/wp-content\/uploads\/2023\/12\/Gaza-enfants-1.jpg","datePublished":"2023-12-16T18:43:16+00:00","dateModified":"2023-12-16T19:10:13+00:00","breadcrumb":{"@id":"https:\/\/kapitalis.com\/tunisie\/2023\/12\/16\/gaza-les-enfants-ont-besoin-dun-cessez-le-feu-humanitaire-immediat-et-durable-unicef\/#breadcrumb"},"inLanguage":"fr-FR","potentialAction":[{"@type":"ReadAction","target":["https:\/\/kapitalis.com\/tunisie\/2023\/12\/16\/gaza-les-enfants-ont-besoin-dun-cessez-le-feu-humanitaire-immediat-et-durable-unicef\/"]}]},{"@type":"ImageObject","inLanguage":"fr-FR","@id":"https:\/\/kapitalis.com\/tunisie\/2023\/12\/16\/gaza-les-enfants-ont-besoin-dun-cessez-le-feu-humanitaire-immediat-et-durable-unicef\/#primaryimage","url":"https:\/\/kapitalis.com\/tunisie\/wp-content\/uploads\/2023\/12\/Gaza-enfants-1.jpg","contentUrl":"https:\/\/kapitalis.com\/tunisie\/wp-content\/uploads\/2023\/12\/Gaza-enfants-1.jpg","width":1200,"height":630},{"@type":"BreadcrumbList","@id":"https:\/\/kapitalis.com\/tunisie\/2023\/12\/16\/gaza-les-enfants-ont-besoin-dun-cessez-le-feu-humanitaire-immediat-et-durable-unicef\/#breadcrumb","itemListElement":[{"@type":"ListItem","position":1,"name":"Accueil","item":"https:\/\/kapitalis.com\/tunisie\/"},{"@type":"ListItem","position":2,"name":"Gaza : \u00abLes enfants ont besoin d\u2019un cessez-le-feu humanitaire imm\u00e9diat et durable\u00bb, Unicef"}]},{"@type":"WebSite","@id":"https:\/\/kapitalis.com\/tunisie\/#website","url":"https:\/\/kapitalis.com\/tunisie\/","name":"Kapitalis","description":"L&#039;actualit\u00e9 en Tunisie et dans le monde","publisher":{"@id":"https:\/\/kapitalis.com\/tunisie\/#organization"},"potentialAction":[{"@type":"SearchAction","target":{"@type":"EntryPoint","urlTemplate":"https:\/\/kapitalis.com\/tunisie\/?s={search_term_string}"},"query-input":{"@type":"PropertyValueSpecification","valueRequired":true,"valueName":"search_term_string"}}],"inLanguage":"fr-FR"},{"@type":"Organization","@id":"https:\/\/kapitalis.com\/tunisie\/#organization","name":"Kapitalis","url":"https:\/\/kapitalis.com\/tunisie\/","logo":{"@type":"ImageObject","inLanguage":"fr-FR","@id":"https:\/\/kapitalis.com\/tunisie\/#\/schema\/logo\/image\/","url":"https:\/\/kapitalis.com\/tunisie\/wp-content\/uploads\/2022\/05\/Kapitalis-big-size.png","contentUrl":"https:\/\/kapitalis.com\/tunisie\/wp-content\/uploads\/2022\/05\/Kapitalis-big-size.png","width":5000,"height":1500,"caption":"Kapitalis"},"image":{"@id":"https:\/\/kapitalis.com\/tunisie\/#\/schema\/logo\/image\/"},"sameAs":["https:\/\/www.facebook.com\/KapitalisInfo\/","https:\/\/x.com\/KapitalisInfo","https:\/\/www.youtube.com\/channel\/UC-yDYrHyfFBWWZaOw3FPg9Q"]},{"@type":"Person","@id":"https:\/\/kapitalis.com\/tunisie\/#\/schema\/person\/74bbde0154d49d790a92aaeac5bc01d5","name":"Yusra NY","url":"https:\/\/kapitalis.com\/tunisie\/author\/yuza_adam\/"}]}},"_links":{"self":[{"href":"https:\/\/kapitalis.com\/tunisie\/wp-json\/wp\/v2\/posts\/10937291","targetHints":{"allow":["GET"]}}],"collection":[{"href":"https:\/\/kapitalis.com\/tunisie\/wp-json\/wp\/v2\/posts"}],"about":[{"href":"https:\/\/kapitalis.com\/tunisie\/wp-json\/wp\/v2\/types\/post"}],"author":[{"embeddable":true,"href":"https:\/\/kapitalis.com\/tunisie\/wp-json\/wp\/v2\/users\/6"}],"replies":[{"embeddable":true,"href":"https:\/\/kapitalis.com\/tunisie\/wp-json\/wp\/v2\/comments?post=10937291"}],"version-history":[{"count":5,"href":"https:\/\/kapitalis.com\/tunisie\/wp-json\/wp\/v2\/posts\/10937291\/revisions"}],"predecessor-version":[{"id":10937355,"href":"https:\/\/kapitalis.com\/tunisie\/wp-json\/wp\/v2\/posts\/10937291\/revisions\/10937355"}],"wp:featuredmedia":[{"embeddable":true,"href":"https:\/\/kapitalis.com\/tunisie\/wp-json\/wp\/v2\/media\/10937334"}],"wp:attachment":[{"href":"https:\/\/kapitalis.com\/tunisie\/wp-json\/wp\/v2\/media?parent=10937291"}],"wp:term":[{"taxonomy":"category","embeddable":true,"href":"https:\/\/kapitalis.com\/tunisie\/wp-json\/wp\/v2\/categories?post=10937291"},{"taxonomy":"post_tag","embeddable":true,"href":"https:\/\/kapitalis.com\/tunisie\/wp-json\/wp\/v2\/tags?post=10937291"}],"curies":[{"name":"wp","href":"https:\/\/api.w.org\/{rel}","templated":true}]}}