{"id":10940158,"date":"2023-12-17T09:22:20","date_gmt":"2023-12-17T08:22:20","guid":{"rendered":"https:\/\/kapitalis.com\/tunisie\/?p=10940158"},"modified":"2023-12-17T09:22:21","modified_gmt":"2023-12-17T08:22:21","slug":"un-depute-francais-veut-traduire-en-justice-les-soldats-israeliens-ayant-la-nationalite-francaise","status":"publish","type":"post","link":"https:\/\/kapitalis.com\/tunisie\/2023\/12\/17\/un-depute-francais-veut-traduire-en-justice-les-soldats-israeliens-ayant-la-nationalite-francaise\/","title":{"rendered":"Un d\u00e9put\u00e9 fran\u00e7ais veut traduire en justice les soldats isra\u00e9liens ayant la nationalit\u00e9 fran\u00e7aise"},"content":{"rendered":"\n<p><strong><em>Le d\u00e9put\u00e9 fran\u00e7ais Thomas Portes estime qu\u2019il est inacceptable que des citoyens fran\u00e7ais participent aux op\u00e9rations de l\u2019arm\u00e9e isra\u00e9lienne contre la population palestinienne \u00e0 Gaza et en Cisjordanie qu&rsquo;il qualifie de \u00abcrimes de guerre\u00bb.<\/em><\/strong><\/p>\n\n\n\n<!--more-->\n\n\n\n<p>Le d\u00e9put\u00e9 de La France Insoumise (LFI) a appel\u00e9 samedi 16 d\u00e9cembre 2023 \u00e0 traduire en justice les soldats qui combattent actuellement dans l\u2019arm\u00e9e isra\u00e9lienne dans la bande de Gaza, ayant \u00e9galement la nationalit\u00e9 fran\u00e7aise.<\/p>\n\n\n\n<p>Il y a certes peu de chance que cet appel soit entendu par ses coll\u00e8gues de l&rsquo;Assembl\u00e9e nationale fran\u00e7aise, dont une majorit\u00e9 est en compl\u00e8te harmonie avec la position prosioniste, pro-isra\u00e9lienne, anti-palestinienne et anti-arabe de l&rsquo;establishment politique et m\u00e9diatique fran\u00e7ais, mais cette position honore celui qui l&rsquo;a exprim\u00e9e. <\/p>\n\n\n\n<p>Par ailleurs, en politique, il ne faut jamais insulter l&rsquo;avenir, et l&rsquo;appel de Thomas Portes pourrait trouver bient\u00f4t un \u00e9cho aupr\u00e8s des Fran\u00e7ais et des Fran\u00e7aises justes et honn\u00eates. Et qui n&rsquo;ont pas encore vendu leur conscience humaine.     <\/p>\n\n\n\n<p class=\"has-text-align-right\"><strong>I. B.<\/strong> <\/p>\n\n\n<div class=\"wp-block-image\">\n<figure class=\"aligncenter size-full is-resized\"><img loading=\"lazy\" decoding=\"async\" width=\"636\" height=\"900\" src=\"https:\/\/kapitalis.com\/tunisie\/wp-content\/uploads\/2023\/12\/Communique-Thomas-Portes.jpg\" alt=\"\" class=\"wp-image-10940225\" style=\"width:800px\" srcset=\"https:\/\/kapitalis.com\/tunisie\/wp-content\/uploads\/2023\/12\/Communique-Thomas-Portes.jpg 636w, https:\/\/kapitalis.com\/tunisie\/wp-content\/uploads\/2023\/12\/Communique-Thomas-Portes-212x300.jpg 212w, https:\/\/kapitalis.com\/tunisie\/wp-content\/uploads\/2023\/12\/Communique-Thomas-Portes-580x821.jpg 580w\" sizes=\"auto, (max-width: 636px) 100vw, 636px\" \/><\/figure>\n<\/div>\n\n\n<p><\/p>\n","protected":false},"excerpt":{"rendered":"<p>Le d\u00e9put\u00e9 fran\u00e7ais Thomas Portes appelle \u00e0 poursuivre en justice les Fran\u00e7ais qui combattent dans l&rsquo;arm\u00e9e isra\u00e9lienne \u00e0 Gaza. <\/p>\n","protected":false},"author":8,"featured_media":10940290,"comment_status":"open","ping_status":"open","sticky":false,"template":"","format":"standard","meta":{"footnotes":""},"categories":[997],"tags":[83516,4027,90202,395,2444,2478,109858,2739,112908],"class_list":["post-10940158","post","type-post","status-publish","format-standard","has-post-thumbnail","hentry","category-politique","tag-armee-israelienne","tag-cisjordanie","tag-crimes-de-guerre","tag-france","tag-gaza","tag-israel","tag-la-france-insoumise","tag-palestiniens","tag-thomas-portes"],"yoast_head":"<!-- This site is optimized with the Yoast SEO plugin v26.6 - https:\/\/yoast.com\/wordpress\/plugins\/seo\/ -->\n<title>Un d\u00e9put\u00e9 fran\u00e7ais veut traduire en justice les soldats isra\u00e9liens ayant la nationalit\u00e9 fran\u00e7aise - Kapitalis<\/title>\n<meta name=\"robots\" content=\"index, follow, max-snippet:-1, max-image-preview:large, max-video-preview:-1\" \/>\n<link rel=\"canonical\" href=\"https:\/\/kapitalis.com\/tunisie\/2023\/12\/17\/un-depute-francais-veut-traduire-en-justice-les-soldats-israeliens-ayant-la-nationalite-francaise\/\" \/>\n<meta property=\"og:locale\" content=\"fr_FR\" \/>\n<meta property=\"og:type\" content=\"article\" \/>\n<meta property=\"og:title\" content=\"Un d\u00e9put\u00e9 fran\u00e7ais veut traduire en justice les soldats isra\u00e9liens ayant la nationalit\u00e9 fran\u00e7aise - Kapitalis\" \/>\n<meta property=\"og:description\" content=\"Le d\u00e9put\u00e9 fran\u00e7ais Thomas Portes appelle \u00e0 poursuivre en justice les Fran\u00e7ais qui combattent dans l&#039;arm\u00e9e isra\u00e9lienne \u00e0 Gaza.\" \/>\n<meta property=\"og:url\" content=\"https:\/\/kapitalis.com\/tunisie\/2023\/12\/17\/un-depute-francais-veut-traduire-en-justice-les-soldats-israeliens-ayant-la-nationalite-francaise\/\" \/>\n<meta property=\"og:site_name\" content=\"Kapitalis\" \/>\n<meta property=\"article:publisher\" content=\"https:\/\/www.facebook.com\/KapitalisInfo\/\" \/>\n<meta property=\"article:published_time\" content=\"2023-12-17T08:22:20+00:00\" \/>\n<meta property=\"article:modified_time\" content=\"2023-12-17T08:22:21+00:00\" \/>\n<meta property=\"og:image\" content=\"https:\/\/kapitalis.com\/tunisie\/wp-content\/uploads\/2023\/12\/Thomas-Portes.jpg\" \/>\n\t<meta property=\"og:image:width\" content=\"1200\" \/>\n\t<meta property=\"og:image:height\" content=\"630\" \/>\n\t<meta property=\"og:image:type\" content=\"image\/jpeg\" \/>\n<meta name=\"author\" content=\"webmaster kapitalis\" \/>\n<meta name=\"twitter:card\" content=\"summary_large_image\" \/>\n<meta name=\"twitter:creator\" content=\"@KapitalisInfo\" \/>\n<meta name=\"twitter:site\" content=\"@KapitalisInfo\" \/>\n<meta name=\"twitter:label1\" content=\"\u00c9crit par\" \/>\n\t<meta name=\"twitter:data1\" content=\"webmaster kapitalis\" \/>\n\t<meta name=\"twitter:label2\" content=\"Dur\u00e9e de lecture estim\u00e9e\" \/>\n\t<meta name=\"twitter:data2\" content=\"2 minutes\" \/>\n<script type=\"application\/ld+json\" class=\"yoast-schema-graph\">{\"@context\":\"https:\/\/schema.org\",\"@graph\":[{\"@type\":\"Article\",\"@id\":\"https:\/\/kapitalis.com\/tunisie\/2023\/12\/17\/un-depute-francais-veut-traduire-en-justice-les-soldats-israeliens-ayant-la-nationalite-francaise\/#article\",\"isPartOf\":{\"@id\":\"https:\/\/kapitalis.com\/tunisie\/2023\/12\/17\/un-depute-francais-veut-traduire-en-justice-les-soldats-israeliens-ayant-la-nationalite-francaise\/\"},\"author\":{\"name\":\"webmaster kapitalis\",\"@id\":\"https:\/\/kapitalis.com\/tunisie\/#\/schema\/person\/d71f33a9ca44f7bad4698210b480c8e9\"},\"headline\":\"Un d\u00e9put\u00e9 fran\u00e7ais veut traduire en justice les soldats isra\u00e9liens ayant la nationalit\u00e9 fran\u00e7aise\",\"datePublished\":\"2023-12-17T08:22:20+00:00\",\"dateModified\":\"2023-12-17T08:22:21+00:00\",\"mainEntityOfPage\":{\"@id\":\"https:\/\/kapitalis.com\/tunisie\/2023\/12\/17\/un-depute-francais-veut-traduire-en-justice-les-soldats-israeliens-ayant-la-nationalite-francaise\/\"},\"wordCount\":198,\"commentCount\":1,\"publisher\":{\"@id\":\"https:\/\/kapitalis.com\/tunisie\/#organization\"},\"image\":{\"@id\":\"https:\/\/kapitalis.com\/tunisie\/2023\/12\/17\/un-depute-francais-veut-traduire-en-justice-les-soldats-israeliens-ayant-la-nationalite-francaise\/#primaryimage\"},\"thumbnailUrl\":\"https:\/\/kapitalis.com\/tunisie\/wp-content\/uploads\/2023\/12\/Thomas-Portes.jpg\",\"keywords\":[\"arm\u00e9e isra\u00e9lienne\",\"Cisjordanie\",\"crimes de guerre\",\"France\",\"Gaza\",\"Isra\u00ebl\",\"La france insoumise\",\"Palestiniens\",\"Thomas Portes\"],\"articleSection\":[\"POLITIQUE\"],\"inLanguage\":\"fr-FR\",\"potentialAction\":[{\"@type\":\"CommentAction\",\"name\":\"Comment\",\"target\":[\"https:\/\/kapitalis.com\/tunisie\/2023\/12\/17\/un-depute-francais-veut-traduire-en-justice-les-soldats-israeliens-ayant-la-nationalite-francaise\/#respond\"]}]},{\"@type\":\"WebPage\",\"@id\":\"https:\/\/kapitalis.com\/tunisie\/2023\/12\/17\/un-depute-francais-veut-traduire-en-justice-les-soldats-israeliens-ayant-la-nationalite-francaise\/\",\"url\":\"https:\/\/kapitalis.com\/tunisie\/2023\/12\/17\/un-depute-francais-veut-traduire-en-justice-les-soldats-israeliens-ayant-la-nationalite-francaise\/\",\"name\":\"Un d\u00e9put\u00e9 fran\u00e7ais veut traduire en justice les soldats isra\u00e9liens ayant la nationalit\u00e9 fran\u00e7aise - Kapitalis\",\"isPartOf\":{\"@id\":\"https:\/\/kapitalis.com\/tunisie\/#website\"},\"primaryImageOfPage\":{\"@id\":\"https:\/\/kapitalis.com\/tunisie\/2023\/12\/17\/un-depute-francais-veut-traduire-en-justice-les-soldats-israeliens-ayant-la-nationalite-francaise\/#primaryimage\"},\"image\":{\"@id\":\"https:\/\/kapitalis.com\/tunisie\/2023\/12\/17\/un-depute-francais-veut-traduire-en-justice-les-soldats-israeliens-ayant-la-nationalite-francaise\/#primaryimage\"},\"thumbnailUrl\":\"https:\/\/kapitalis.com\/tunisie\/wp-content\/uploads\/2023\/12\/Thomas-Portes.jpg\",\"datePublished\":\"2023-12-17T08:22:20+00:00\",\"dateModified\":\"2023-12-17T08:22:21+00:00\",\"breadcrumb\":{\"@id\":\"https:\/\/kapitalis.com\/tunisie\/2023\/12\/17\/un-depute-francais-veut-traduire-en-justice-les-soldats-israeliens-ayant-la-nationalite-francaise\/#breadcrumb\"},\"inLanguage\":\"fr-FR\",\"potentialAction\":[{\"@type\":\"ReadAction\",\"target\":[\"https:\/\/kapitalis.com\/tunisie\/2023\/12\/17\/un-depute-francais-veut-traduire-en-justice-les-soldats-israeliens-ayant-la-nationalite-francaise\/\"]}]},{\"@type\":\"ImageObject\",\"inLanguage\":\"fr-FR\",\"@id\":\"https:\/\/kapitalis.com\/tunisie\/2023\/12\/17\/un-depute-francais-veut-traduire-en-justice-les-soldats-israeliens-ayant-la-nationalite-francaise\/#primaryimage\",\"url\":\"https:\/\/kapitalis.com\/tunisie\/wp-content\/uploads\/2023\/12\/Thomas-Portes.jpg\",\"contentUrl\":\"https:\/\/kapitalis.com\/tunisie\/wp-content\/uploads\/2023\/12\/Thomas-Portes.jpg\",\"width\":1200,\"height\":630},{\"@type\":\"BreadcrumbList\",\"@id\":\"https:\/\/kapitalis.com\/tunisie\/2023\/12\/17\/un-depute-francais-veut-traduire-en-justice-les-soldats-israeliens-ayant-la-nationalite-francaise\/#breadcrumb\",\"itemListElement\":[{\"@type\":\"ListItem\",\"position\":1,\"name\":\"Accueil\",\"item\":\"https:\/\/kapitalis.com\/tunisie\/\"},{\"@type\":\"ListItem\",\"position\":2,\"name\":\"Un d\u00e9put\u00e9 fran\u00e7ais veut traduire en justice les soldats isra\u00e9liens ayant la nationalit\u00e9 fran\u00e7aise\"}]},{\"@type\":\"WebSite\",\"@id\":\"https:\/\/kapitalis.com\/tunisie\/#website\",\"url\":\"https:\/\/kapitalis.com\/tunisie\/\",\"name\":\"Kapitalis\",\"description\":\"L&#039;actualit\u00e9 en Tunisie et dans le monde\",\"publisher\":{\"@id\":\"https:\/\/kapitalis.com\/tunisie\/#organization\"},\"potentialAction\":[{\"@type\":\"SearchAction\",\"target\":{\"@type\":\"EntryPoint\",\"urlTemplate\":\"https:\/\/kapitalis.com\/tunisie\/?s={search_term_string}\"},\"query-input\":{\"@type\":\"PropertyValueSpecification\",\"valueRequired\":true,\"valueName\":\"search_term_string\"}}],\"inLanguage\":\"fr-FR\"},{\"@type\":\"Organization\",\"@id\":\"https:\/\/kapitalis.com\/tunisie\/#organization\",\"name\":\"Kapitalis\",\"url\":\"https:\/\/kapitalis.com\/tunisie\/\",\"logo\":{\"@type\":\"ImageObject\",\"inLanguage\":\"fr-FR\",\"@id\":\"https:\/\/kapitalis.com\/tunisie\/#\/schema\/logo\/image\/\",\"url\":\"https:\/\/kapitalis.com\/tunisie\/wp-content\/uploads\/2022\/05\/Kapitalis-big-size.png\",\"contentUrl\":\"https:\/\/kapitalis.com\/tunisie\/wp-content\/uploads\/2022\/05\/Kapitalis-big-size.png\",\"width\":5000,\"height\":1500,\"caption\":\"Kapitalis\"},\"image\":{\"@id\":\"https:\/\/kapitalis.com\/tunisie\/#\/schema\/logo\/image\/\"},\"sameAs\":[\"https:\/\/www.facebook.com\/KapitalisInfo\/\",\"https:\/\/x.com\/KapitalisInfo\",\"https:\/\/www.youtube.com\/channel\/UC-yDYrHyfFBWWZaOw3FPg9Q\"]},{\"@type\":\"Person\",\"@id\":\"https:\/\/kapitalis.com\/tunisie\/#\/schema\/person\/d71f33a9ca44f7bad4698210b480c8e9\",\"name\":\"webmaster kapitalis\",\"url\":\"https:\/\/kapitalis.com\/tunisie\/author\/webmaster-kapitalis\/\"}]}<\/script>\n<!-- \/ Yoast SEO plugin. -->","yoast_head_json":{"title":"Un d\u00e9put\u00e9 fran\u00e7ais veut traduire en justice les soldats isra\u00e9liens ayant la nationalit\u00e9 fran\u00e7aise - Kapitalis","robots":{"index":"index","follow":"follow","max-snippet":"max-snippet:-1","max-image-preview":"max-image-preview:large","max-video-preview":"max-video-preview:-1"},"canonical":"https:\/\/kapitalis.com\/tunisie\/2023\/12\/17\/un-depute-francais-veut-traduire-en-justice-les-soldats-israeliens-ayant-la-nationalite-francaise\/","og_locale":"fr_FR","og_type":"article","og_title":"Un d\u00e9put\u00e9 fran\u00e7ais veut traduire en justice les soldats isra\u00e9liens ayant la nationalit\u00e9 fran\u00e7aise - Kapitalis","og_description":"Le d\u00e9put\u00e9 fran\u00e7ais Thomas Portes appelle \u00e0 poursuivre en justice les Fran\u00e7ais qui combattent dans l'arm\u00e9e isra\u00e9lienne \u00e0 Gaza.","og_url":"https:\/\/kapitalis.com\/tunisie\/2023\/12\/17\/un-depute-francais-veut-traduire-en-justice-les-soldats-israeliens-ayant-la-nationalite-francaise\/","og_site_name":"Kapitalis","article_publisher":"https:\/\/www.facebook.com\/KapitalisInfo\/","article_published_time":"2023-12-17T08:22:20+00:00","article_modified_time":"2023-12-17T08:22:21+00:00","og_image":[{"width":1200,"height":630,"url":"https:\/\/kapitalis.com\/tunisie\/wp-content\/uploads\/2023\/12\/Thomas-Portes.jpg","type":"image\/jpeg"}],"author":"webmaster kapitalis","twitter_card":"summary_large_image","twitter_creator":"@KapitalisInfo","twitter_site":"@KapitalisInfo","twitter_misc":{"\u00c9crit par":"webmaster kapitalis","Dur\u00e9e de lecture estim\u00e9e":"2 minutes"},"schema":{"@context":"https:\/\/schema.org","@graph":[{"@type":"Article","@id":"https:\/\/kapitalis.com\/tunisie\/2023\/12\/17\/un-depute-francais-veut-traduire-en-justice-les-soldats-israeliens-ayant-la-nationalite-francaise\/#article","isPartOf":{"@id":"https:\/\/kapitalis.com\/tunisie\/2023\/12\/17\/un-depute-francais-veut-traduire-en-justice-les-soldats-israeliens-ayant-la-nationalite-francaise\/"},"author":{"name":"webmaster kapitalis","@id":"https:\/\/kapitalis.com\/tunisie\/#\/schema\/person\/d71f33a9ca44f7bad4698210b480c8e9"},"headline":"Un d\u00e9put\u00e9 fran\u00e7ais veut traduire en justice les soldats isra\u00e9liens ayant la nationalit\u00e9 fran\u00e7aise","datePublished":"2023-12-17T08:22:20+00:00","dateModified":"2023-12-17T08:22:21+00:00","mainEntityOfPage":{"@id":"https:\/\/kapitalis.com\/tunisie\/2023\/12\/17\/un-depute-francais-veut-traduire-en-justice-les-soldats-israeliens-ayant-la-nationalite-francaise\/"},"wordCount":198,"commentCount":1,"publisher":{"@id":"https:\/\/kapitalis.com\/tunisie\/#organization"},"image":{"@id":"https:\/\/kapitalis.com\/tunisie\/2023\/12\/17\/un-depute-francais-veut-traduire-en-justice-les-soldats-israeliens-ayant-la-nationalite-francaise\/#primaryimage"},"thumbnailUrl":"https:\/\/kapitalis.com\/tunisie\/wp-content\/uploads\/2023\/12\/Thomas-Portes.jpg","keywords":["arm\u00e9e isra\u00e9lienne","Cisjordanie","crimes de guerre","France","Gaza","Isra\u00ebl","La france insoumise","Palestiniens","Thomas Portes"],"articleSection":["POLITIQUE"],"inLanguage":"fr-FR","potentialAction":[{"@type":"CommentAction","name":"Comment","target":["https:\/\/kapitalis.com\/tunisie\/2023\/12\/17\/un-depute-francais-veut-traduire-en-justice-les-soldats-israeliens-ayant-la-nationalite-francaise\/#respond"]}]},{"@type":"WebPage","@id":"https:\/\/kapitalis.com\/tunisie\/2023\/12\/17\/un-depute-francais-veut-traduire-en-justice-les-soldats-israeliens-ayant-la-nationalite-francaise\/","url":"https:\/\/kapitalis.com\/tunisie\/2023\/12\/17\/un-depute-francais-veut-traduire-en-justice-les-soldats-israeliens-ayant-la-nationalite-francaise\/","name":"Un d\u00e9put\u00e9 fran\u00e7ais veut traduire en justice les soldats isra\u00e9liens ayant la nationalit\u00e9 fran\u00e7aise - Kapitalis","isPartOf":{"@id":"https:\/\/kapitalis.com\/tunisie\/#website"},"primaryImageOfPage":{"@id":"https:\/\/kapitalis.com\/tunisie\/2023\/12\/17\/un-depute-francais-veut-traduire-en-justice-les-soldats-israeliens-ayant-la-nationalite-francaise\/#primaryimage"},"image":{"@id":"https:\/\/kapitalis.com\/tunisie\/2023\/12\/17\/un-depute-francais-veut-traduire-en-justice-les-soldats-israeliens-ayant-la-nationalite-francaise\/#primaryimage"},"thumbnailUrl":"https:\/\/kapitalis.com\/tunisie\/wp-content\/uploads\/2023\/12\/Thomas-Portes.jpg","datePublished":"2023-12-17T08:22:20+00:00","dateModified":"2023-12-17T08:22:21+00:00","breadcrumb":{"@id":"https:\/\/kapitalis.com\/tunisie\/2023\/12\/17\/un-depute-francais-veut-traduire-en-justice-les-soldats-israeliens-ayant-la-nationalite-francaise\/#breadcrumb"},"inLanguage":"fr-FR","potentialAction":[{"@type":"ReadAction","target":["https:\/\/kapitalis.com\/tunisie\/2023\/12\/17\/un-depute-francais-veut-traduire-en-justice-les-soldats-israeliens-ayant-la-nationalite-francaise\/"]}]},{"@type":"ImageObject","inLanguage":"fr-FR","@id":"https:\/\/kapitalis.com\/tunisie\/2023\/12\/17\/un-depute-francais-veut-traduire-en-justice-les-soldats-israeliens-ayant-la-nationalite-francaise\/#primaryimage","url":"https:\/\/kapitalis.com\/tunisie\/wp-content\/uploads\/2023\/12\/Thomas-Portes.jpg","contentUrl":"https:\/\/kapitalis.com\/tunisie\/wp-content\/uploads\/2023\/12\/Thomas-Portes.jpg","width":1200,"height":630},{"@type":"BreadcrumbList","@id":"https:\/\/kapitalis.com\/tunisie\/2023\/12\/17\/un-depute-francais-veut-traduire-en-justice-les-soldats-israeliens-ayant-la-nationalite-francaise\/#breadcrumb","itemListElement":[{"@type":"ListItem","position":1,"name":"Accueil","item":"https:\/\/kapitalis.com\/tunisie\/"},{"@type":"ListItem","position":2,"name":"Un d\u00e9put\u00e9 fran\u00e7ais veut traduire en justice les soldats isra\u00e9liens ayant la nationalit\u00e9 fran\u00e7aise"}]},{"@type":"WebSite","@id":"https:\/\/kapitalis.com\/tunisie\/#website","url":"https:\/\/kapitalis.com\/tunisie\/","name":"Kapitalis","description":"L&#039;actualit\u00e9 en Tunisie et dans le monde","publisher":{"@id":"https:\/\/kapitalis.com\/tunisie\/#organization"},"potentialAction":[{"@type":"SearchAction","target":{"@type":"EntryPoint","urlTemplate":"https:\/\/kapitalis.com\/tunisie\/?s={search_term_string}"},"query-input":{"@type":"PropertyValueSpecification","valueRequired":true,"valueName":"search_term_string"}}],"inLanguage":"fr-FR"},{"@type":"Organization","@id":"https:\/\/kapitalis.com\/tunisie\/#organization","name":"Kapitalis","url":"https:\/\/kapitalis.com\/tunisie\/","logo":{"@type":"ImageObject","inLanguage":"fr-FR","@id":"https:\/\/kapitalis.com\/tunisie\/#\/schema\/logo\/image\/","url":"https:\/\/kapitalis.com\/tunisie\/wp-content\/uploads\/2022\/05\/Kapitalis-big-size.png","contentUrl":"https:\/\/kapitalis.com\/tunisie\/wp-content\/uploads\/2022\/05\/Kapitalis-big-size.png","width":5000,"height":1500,"caption":"Kapitalis"},"image":{"@id":"https:\/\/kapitalis.com\/tunisie\/#\/schema\/logo\/image\/"},"sameAs":["https:\/\/www.facebook.com\/KapitalisInfo\/","https:\/\/x.com\/KapitalisInfo","https:\/\/www.youtube.com\/channel\/UC-yDYrHyfFBWWZaOw3FPg9Q"]},{"@type":"Person","@id":"https:\/\/kapitalis.com\/tunisie\/#\/schema\/person\/d71f33a9ca44f7bad4698210b480c8e9","name":"webmaster kapitalis","url":"https:\/\/kapitalis.com\/tunisie\/author\/webmaster-kapitalis\/"}]}},"_links":{"self":[{"href":"https:\/\/kapitalis.com\/tunisie\/wp-json\/wp\/v2\/posts\/10940158","targetHints":{"allow":["GET"]}}],"collection":[{"href":"https:\/\/kapitalis.com\/tunisie\/wp-json\/wp\/v2\/posts"}],"about":[{"href":"https:\/\/kapitalis.com\/tunisie\/wp-json\/wp\/v2\/types\/post"}],"author":[{"embeddable":true,"href":"https:\/\/kapitalis.com\/tunisie\/wp-json\/wp\/v2\/users\/8"}],"replies":[{"embeddable":true,"href":"https:\/\/kapitalis.com\/tunisie\/wp-json\/wp\/v2\/comments?post=10940158"}],"version-history":[{"count":1,"href":"https:\/\/kapitalis.com\/tunisie\/wp-json\/wp\/v2\/posts\/10940158\/revisions"}],"predecessor-version":[{"id":10940305,"href":"https:\/\/kapitalis.com\/tunisie\/wp-json\/wp\/v2\/posts\/10940158\/revisions\/10940305"}],"wp:featuredmedia":[{"embeddable":true,"href":"https:\/\/kapitalis.com\/tunisie\/wp-json\/wp\/v2\/media\/10940290"}],"wp:attachment":[{"href":"https:\/\/kapitalis.com\/tunisie\/wp-json\/wp\/v2\/media?parent=10940158"}],"wp:term":[{"taxonomy":"category","embeddable":true,"href":"https:\/\/kapitalis.com\/tunisie\/wp-json\/wp\/v2\/categories?post=10940158"},{"taxonomy":"post_tag","embeddable":true,"href":"https:\/\/kapitalis.com\/tunisie\/wp-json\/wp\/v2\/tags?post=10940158"}],"curies":[{"name":"wp","href":"https:\/\/api.w.org\/{rel}","templated":true}]}}