{"id":109558,"date":"2017-08-08T11:43:47","date_gmt":"2017-08-08T10:43:47","guid":{"rendered":"http:\/\/kapitalis.com\/tunisie\/?p=109558"},"modified":"2017-08-08T11:55:55","modified_gmt":"2017-08-08T10:55:55","slug":"charly-perez-vaut-il-mieux-etre-juif-en-tunisie-quen-israel","status":"publish","type":"post","link":"https:\/\/kapitalis.com\/tunisie\/2017\/08\/08\/charly-perez-vaut-il-mieux-etre-juif-en-tunisie-quen-israel\/","title":{"rendered":"Charly Perez : Vaut-il mieux \u00eatre juif en Tunisie qu\u2019en Isra\u00ebl ?"},"content":{"rendered":"<p style=\"text-align: center;\"><img loading=\"lazy\" decoding=\"async\" class=\"alignnone size-full wp-image-109560\" src=\"http:\/\/kapitalis.com\/tunisie\/wp-content\/uploads\/2017\/08\/Charly-Perez-juif-tunisie-vs-Israel.jpg\" alt=\"\" width=\"626\" height=\"380\" \/><\/p>\n<p><em><strong>Charly Perez, juif isra\u00e9lien d&rsquo;origine tunisienne, regrette sa vie ant\u00e9rieure \u00e0 Tunis, marqu\u00e9e par la coexistence pacifique et la tol\u00e9rance qu\u2019il ne retrouve pas \u00e0 Netanya, en Isra\u00ebl.<\/strong><\/em><!--more--><\/p>\n<p>Dans une vid\u00e9o post\u00e9e, hier, lundi 7 ao\u00fbt 2017, sur le net, Charly Perez\u00a0 a \u00e9voqu\u00e9 ses souvenirs de Tunis o\u00f9 il a v\u00e9cu avec ses parents, en les confrontant \u00e0 la r\u00e9alit\u00e9 isra\u00e9lienne d&rsquo;aujourd&rsquo;hui o\u00f9 il estime que la tol\u00e9rance n\u2019est plus de mise et o\u00f9 les religieux font tout pour diviser la population.<\/p>\n<p>M. Perez s\u2019adresse, dans cette vid\u00e9o de 8 minutes, \u00e0 ses d\u00e9funts parents et leur explique qu\u2019il a la nostalgie de son enfance \u00e0 Tunis, lorsque les juifs vivaient en harmonie avec les musulmans et les chr\u00e9tiens, sans pr\u00e9jug\u00e9s et sans pression, et en partageant tout, jusqu&rsquo;\u00e0 leurs f\u00eates religieuses respectives.<\/p>\n<p><em>\u00abA\u00a0l\u2019\u00e9poque, o<\/em><em>n c\u00e9l\u00e9brait Hanouka puis on attendait l\u2019A\u00efd et No\u00ebl, on \u00e9tait vu comme des juifs de plaisir, on vivait dans la tol\u00e9rance<\/em>\u00bb, se souvient-t-il, en rappelant qu\u2019il prenait plaisir \u00e0 se m\u00ealer \u00e0 la foule \u00e0 la Goulette pour prendre part de la sortie de la procession de la Madone de Trapani, festivit\u00e9 \u00e0 laquelle prenait part les chr\u00e9tiens mais aussi juifs et musulmans tunisiens, le 15 ao\u00fbt de chaque ann\u00e9e.<\/p>\n<p>A Netanya, en Isra\u00ebl, Charly Perez perd ses rep\u00e8res et d\u00e9nonce que les religieux, notamment les rabbins qui divisent les juifs en plusieurs cat\u00e9gories\u00a0: les pieux, ceux qui le sont moins, les pauvres et les riches. Il dit ne plus retrouver les rabbins humbles et pauvres qu\u2019il a connus en Tunisie, mais des religieux riches qui exercent un pouvoir implacable sur les fid\u00e8les, d\u00e9cidant en tout de ce qui est bien et de ce qui ne l\u2019est pas.<\/p>\n<p>\u00ab<em>Mais moi je ne parle pas de cat\u00e9gories, je suis un juif de c\u0153ur et de g\u00e9n\u00e9rosit\u00e9, je suis juif tout court\u00bb<\/em> a-t-il lanc\u00e9.<\/p>\n<p>La vid\u00e9o, qui fait le buzz sur les r\u00e9seaux sociaux, a valu \u00e0Charly Perez de vives critiques, mais il ne regrette pas d\u2019avoir lanc\u00e9 ce cri du c\u0153ur.<\/p>\n<div class=\"embed\">\n<div class=\"video\">\n<iframe loading=\"lazy\" src=\"https:\/\/www.facebook.com\/plugins\/video.php?href=https%3A%2F%2Fwww.facebook.com%2Fcharly.perez.52%2Fvideos%2F1664098136957885%2F&#038;show_text=0&#038;width=560\" width=\"560\" height=\"315\" style=\"border:none;overflow:hidden\" scrolling=\"no\" frameborder=\"0\" allowTransparency=\"true\" allowFullScreen=\"true\"><\/iframe>\n<\/div>\n<\/div>\n<p>&nbsp;<\/p>\n<p>\u00ab<em>J\u2019ai \u00e9t\u00e9 fid\u00e8le \u00e0 moi-m\u00eame\u00a0: prendre corps \u00e0 corps son destin, \u00e9tonner! Tant\u00f4t affronter la puissance injuste, tant\u00f4t \u00eatre insult\u00e9, tenir bon, tenir t\u00eate; voil\u00e0 l\u2019exemple dont mes amis fb ont besoin. Et la lumi\u00e8re jaillira, je n&rsquo;ai pas voulu diviser, j&rsquo;ai dit ma v\u00e9rit\u00e9, pardon pour ceux que j\u2019ai offens\u00e9s<\/em>\u00bb, a-t-il comment\u00e9, ce matin, en r\u00e9ponse aux critiques dont il a fait l\u2019objet.<\/p>\n<p style=\"text-align: right;\"><strong>Y. N.<\/strong><\/p>\n","protected":false},"excerpt":{"rendered":"<p>Charly Perez, juif isra\u00e9lien d&rsquo;origine tunisienne, regrette sa vie ant\u00e9rieure \u00e0 Tunis, marqu\u00e9e par la coexistence pacifique et la tol\u00e9rance qu\u2019il ne retrouve pas \u00e0 Netanya, en Isra\u00ebl.<\/p>\n","protected":false},"author":6,"featured_media":109560,"comment_status":"open","ping_status":"open","sticky":false,"template":"","format":"standard","meta":{"footnotes":""},"categories":[998,2433,4806],"tags":[1972,2478,32977,2917,648,11358,1737],"class_list":["post-109558","post","type-post","status-publish","format-standard","has-post-thumbnail","hentry","category-societe","category-tunisie","category-videos","tag-chretiens","tag-israel","tag-juif-tunisien","tag-la-goulette","tag-musulmans","tag-religieux","tag-tolerance"],"yoast_head":"<!-- This site is optimized with the Yoast SEO plugin v26.6 - https:\/\/yoast.com\/wordpress\/plugins\/seo\/ -->\n<title>Charly Perez : Vaut-il mieux \u00eatre juif en Tunisie qu\u2019en Isra\u00ebl ? - Kapitalis<\/title>\n<meta name=\"robots\" content=\"index, follow, max-snippet:-1, max-image-preview:large, max-video-preview:-1\" \/>\n<link rel=\"canonical\" href=\"https:\/\/kapitalis.com\/tunisie\/2017\/08\/08\/charly-perez-vaut-il-mieux-etre-juif-en-tunisie-quen-israel\/\" \/>\n<meta property=\"og:locale\" content=\"fr_FR\" \/>\n<meta property=\"og:type\" content=\"article\" \/>\n<meta property=\"og:title\" content=\"Charly Perez : Vaut-il mieux \u00eatre juif en Tunisie qu\u2019en Isra\u00ebl ? - Kapitalis\" \/>\n<meta property=\"og:description\" content=\"Charly Perez, juif isra\u00e9lien d&rsquo;origine tunisienne, regrette sa vie ant\u00e9rieure \u00e0 Tunis, marqu\u00e9e par la coexistence pacifique et la tol\u00e9rance qu\u2019il ne retrouve pas \u00e0 Netanya, en Isra\u00ebl.\" \/>\n<meta property=\"og:url\" content=\"https:\/\/kapitalis.com\/tunisie\/2017\/08\/08\/charly-perez-vaut-il-mieux-etre-juif-en-tunisie-quen-israel\/\" \/>\n<meta property=\"og:site_name\" content=\"Kapitalis\" \/>\n<meta property=\"article:publisher\" content=\"https:\/\/www.facebook.com\/KapitalisInfo\/\" \/>\n<meta property=\"article:published_time\" content=\"2017-08-08T10:43:47+00:00\" \/>\n<meta property=\"article:modified_time\" content=\"2017-08-08T10:55:55+00:00\" \/>\n<meta property=\"og:image\" content=\"https:\/\/kapitalis.com\/tunisie\/wp-content\/uploads\/2022\/05\/kapitalis-logo-fb.png\" \/>\n\t<meta property=\"og:image:width\" content=\"1200\" \/>\n\t<meta property=\"og:image:height\" content=\"630\" \/>\n\t<meta property=\"og:image:type\" content=\"image\/png\" \/>\n<meta name=\"author\" content=\"Yusra NY\" \/>\n<meta name=\"twitter:card\" content=\"summary_large_image\" \/>\n<meta name=\"twitter:creator\" content=\"@KapitalisInfo\" \/>\n<meta name=\"twitter:site\" content=\"@KapitalisInfo\" \/>\n<meta name=\"twitter:label1\" content=\"\u00c9crit par\" \/>\n\t<meta name=\"twitter:data1\" content=\"Yusra NY\" \/>\n\t<meta name=\"twitter:label2\" content=\"Dur\u00e9e de lecture estim\u00e9e\" \/>\n\t<meta name=\"twitter:data2\" content=\"2 minutes\" \/>\n<script type=\"application\/ld+json\" class=\"yoast-schema-graph\">{\"@context\":\"https:\/\/schema.org\",\"@graph\":[{\"@type\":\"Article\",\"@id\":\"https:\/\/kapitalis.com\/tunisie\/2017\/08\/08\/charly-perez-vaut-il-mieux-etre-juif-en-tunisie-quen-israel\/#article\",\"isPartOf\":{\"@id\":\"https:\/\/kapitalis.com\/tunisie\/2017\/08\/08\/charly-perez-vaut-il-mieux-etre-juif-en-tunisie-quen-israel\/\"},\"author\":{\"name\":\"Yusra NY\",\"@id\":\"https:\/\/kapitalis.com\/tunisie\/#\/schema\/person\/74bbde0154d49d790a92aaeac5bc01d5\"},\"headline\":\"Charly Perez : Vaut-il mieux \u00eatre juif en Tunisie qu\u2019en Isra\u00ebl ?\",\"datePublished\":\"2017-08-08T10:43:47+00:00\",\"dateModified\":\"2017-08-08T10:55:55+00:00\",\"mainEntityOfPage\":{\"@id\":\"https:\/\/kapitalis.com\/tunisie\/2017\/08\/08\/charly-perez-vaut-il-mieux-etre-juif-en-tunisie-quen-israel\/\"},\"wordCount\":465,\"commentCount\":29,\"publisher\":{\"@id\":\"https:\/\/kapitalis.com\/tunisie\/#organization\"},\"image\":{\"@id\":\"https:\/\/kapitalis.com\/tunisie\/2017\/08\/08\/charly-perez-vaut-il-mieux-etre-juif-en-tunisie-quen-israel\/#primaryimage\"},\"thumbnailUrl\":\"\",\"keywords\":[\"chr\u00e9tiens\",\"Isra\u00ebl\",\"juif tunisien\",\"La Goulette\",\"musulmans\",\"religieux\",\"tol\u00e9rance\"],\"articleSection\":[\"SOCIETE\",\"Tunisie\",\"VIDEOS\"],\"inLanguage\":\"fr-FR\",\"potentialAction\":[{\"@type\":\"CommentAction\",\"name\":\"Comment\",\"target\":[\"https:\/\/kapitalis.com\/tunisie\/2017\/08\/08\/charly-perez-vaut-il-mieux-etre-juif-en-tunisie-quen-israel\/#respond\"]}]},{\"@type\":\"WebPage\",\"@id\":\"https:\/\/kapitalis.com\/tunisie\/2017\/08\/08\/charly-perez-vaut-il-mieux-etre-juif-en-tunisie-quen-israel\/\",\"url\":\"https:\/\/kapitalis.com\/tunisie\/2017\/08\/08\/charly-perez-vaut-il-mieux-etre-juif-en-tunisie-quen-israel\/\",\"name\":\"Charly Perez : Vaut-il mieux \u00eatre juif en Tunisie qu\u2019en Isra\u00ebl ? - Kapitalis\",\"isPartOf\":{\"@id\":\"https:\/\/kapitalis.com\/tunisie\/#website\"},\"primaryImageOfPage\":{\"@id\":\"https:\/\/kapitalis.com\/tunisie\/2017\/08\/08\/charly-perez-vaut-il-mieux-etre-juif-en-tunisie-quen-israel\/#primaryimage\"},\"image\":{\"@id\":\"https:\/\/kapitalis.com\/tunisie\/2017\/08\/08\/charly-perez-vaut-il-mieux-etre-juif-en-tunisie-quen-israel\/#primaryimage\"},\"thumbnailUrl\":\"\",\"datePublished\":\"2017-08-08T10:43:47+00:00\",\"dateModified\":\"2017-08-08T10:55:55+00:00\",\"breadcrumb\":{\"@id\":\"https:\/\/kapitalis.com\/tunisie\/2017\/08\/08\/charly-perez-vaut-il-mieux-etre-juif-en-tunisie-quen-israel\/#breadcrumb\"},\"inLanguage\":\"fr-FR\",\"potentialAction\":[{\"@type\":\"ReadAction\",\"target\":[\"https:\/\/kapitalis.com\/tunisie\/2017\/08\/08\/charly-perez-vaut-il-mieux-etre-juif-en-tunisie-quen-israel\/\"]}]},{\"@type\":\"ImageObject\",\"inLanguage\":\"fr-FR\",\"@id\":\"https:\/\/kapitalis.com\/tunisie\/2017\/08\/08\/charly-perez-vaut-il-mieux-etre-juif-en-tunisie-quen-israel\/#primaryimage\",\"url\":\"\",\"contentUrl\":\"\"},{\"@type\":\"BreadcrumbList\",\"@id\":\"https:\/\/kapitalis.com\/tunisie\/2017\/08\/08\/charly-perez-vaut-il-mieux-etre-juif-en-tunisie-quen-israel\/#breadcrumb\",\"itemListElement\":[{\"@type\":\"ListItem\",\"position\":1,\"name\":\"Accueil\",\"item\":\"https:\/\/kapitalis.com\/tunisie\/\"},{\"@type\":\"ListItem\",\"position\":2,\"name\":\"Charly Perez : Vaut-il mieux \u00eatre juif en Tunisie qu\u2019en Isra\u00ebl ?\"}]},{\"@type\":\"WebSite\",\"@id\":\"https:\/\/kapitalis.com\/tunisie\/#website\",\"url\":\"https:\/\/kapitalis.com\/tunisie\/\",\"name\":\"Kapitalis\",\"description\":\"L&#039;actualit\u00e9 en Tunisie et dans le monde\",\"publisher\":{\"@id\":\"https:\/\/kapitalis.com\/tunisie\/#organization\"},\"potentialAction\":[{\"@type\":\"SearchAction\",\"target\":{\"@type\":\"EntryPoint\",\"urlTemplate\":\"https:\/\/kapitalis.com\/tunisie\/?s={search_term_string}\"},\"query-input\":{\"@type\":\"PropertyValueSpecification\",\"valueRequired\":true,\"valueName\":\"search_term_string\"}}],\"inLanguage\":\"fr-FR\"},{\"@type\":\"Organization\",\"@id\":\"https:\/\/kapitalis.com\/tunisie\/#organization\",\"name\":\"Kapitalis\",\"url\":\"https:\/\/kapitalis.com\/tunisie\/\",\"logo\":{\"@type\":\"ImageObject\",\"inLanguage\":\"fr-FR\",\"@id\":\"https:\/\/kapitalis.com\/tunisie\/#\/schema\/logo\/image\/\",\"url\":\"https:\/\/kapitalis.com\/tunisie\/wp-content\/uploads\/2022\/05\/Kapitalis-big-size.png\",\"contentUrl\":\"https:\/\/kapitalis.com\/tunisie\/wp-content\/uploads\/2022\/05\/Kapitalis-big-size.png\",\"width\":5000,\"height\":1500,\"caption\":\"Kapitalis\"},\"image\":{\"@id\":\"https:\/\/kapitalis.com\/tunisie\/#\/schema\/logo\/image\/\"},\"sameAs\":[\"https:\/\/www.facebook.com\/KapitalisInfo\/\",\"https:\/\/x.com\/KapitalisInfo\",\"https:\/\/www.youtube.com\/channel\/UC-yDYrHyfFBWWZaOw3FPg9Q\"]},{\"@type\":\"Person\",\"@id\":\"https:\/\/kapitalis.com\/tunisie\/#\/schema\/person\/74bbde0154d49d790a92aaeac5bc01d5\",\"name\":\"Yusra NY\",\"url\":\"https:\/\/kapitalis.com\/tunisie\/author\/yuza_adam\/\"}]}<\/script>\n<!-- \/ Yoast SEO plugin. -->","yoast_head_json":{"title":"Charly Perez : Vaut-il mieux \u00eatre juif en Tunisie qu\u2019en Isra\u00ebl ? - Kapitalis","robots":{"index":"index","follow":"follow","max-snippet":"max-snippet:-1","max-image-preview":"max-image-preview:large","max-video-preview":"max-video-preview:-1"},"canonical":"https:\/\/kapitalis.com\/tunisie\/2017\/08\/08\/charly-perez-vaut-il-mieux-etre-juif-en-tunisie-quen-israel\/","og_locale":"fr_FR","og_type":"article","og_title":"Charly Perez : Vaut-il mieux \u00eatre juif en Tunisie qu\u2019en Isra\u00ebl ? - Kapitalis","og_description":"Charly Perez, juif isra\u00e9lien d&rsquo;origine tunisienne, regrette sa vie ant\u00e9rieure \u00e0 Tunis, marqu\u00e9e par la coexistence pacifique et la tol\u00e9rance qu\u2019il ne retrouve pas \u00e0 Netanya, en Isra\u00ebl.","og_url":"https:\/\/kapitalis.com\/tunisie\/2017\/08\/08\/charly-perez-vaut-il-mieux-etre-juif-en-tunisie-quen-israel\/","og_site_name":"Kapitalis","article_publisher":"https:\/\/www.facebook.com\/KapitalisInfo\/","article_published_time":"2017-08-08T10:43:47+00:00","article_modified_time":"2017-08-08T10:55:55+00:00","og_image":[{"width":1200,"height":630,"url":"https:\/\/kapitalis.com\/tunisie\/wp-content\/uploads\/2022\/05\/kapitalis-logo-fb.png","type":"image\/png"}],"author":"Yusra NY","twitter_card":"summary_large_image","twitter_creator":"@KapitalisInfo","twitter_site":"@KapitalisInfo","twitter_misc":{"\u00c9crit par":"Yusra NY","Dur\u00e9e de lecture estim\u00e9e":"2 minutes"},"schema":{"@context":"https:\/\/schema.org","@graph":[{"@type":"Article","@id":"https:\/\/kapitalis.com\/tunisie\/2017\/08\/08\/charly-perez-vaut-il-mieux-etre-juif-en-tunisie-quen-israel\/#article","isPartOf":{"@id":"https:\/\/kapitalis.com\/tunisie\/2017\/08\/08\/charly-perez-vaut-il-mieux-etre-juif-en-tunisie-quen-israel\/"},"author":{"name":"Yusra NY","@id":"https:\/\/kapitalis.com\/tunisie\/#\/schema\/person\/74bbde0154d49d790a92aaeac5bc01d5"},"headline":"Charly Perez : Vaut-il mieux \u00eatre juif en Tunisie qu\u2019en Isra\u00ebl ?","datePublished":"2017-08-08T10:43:47+00:00","dateModified":"2017-08-08T10:55:55+00:00","mainEntityOfPage":{"@id":"https:\/\/kapitalis.com\/tunisie\/2017\/08\/08\/charly-perez-vaut-il-mieux-etre-juif-en-tunisie-quen-israel\/"},"wordCount":465,"commentCount":29,"publisher":{"@id":"https:\/\/kapitalis.com\/tunisie\/#organization"},"image":{"@id":"https:\/\/kapitalis.com\/tunisie\/2017\/08\/08\/charly-perez-vaut-il-mieux-etre-juif-en-tunisie-quen-israel\/#primaryimage"},"thumbnailUrl":"","keywords":["chr\u00e9tiens","Isra\u00ebl","juif tunisien","La Goulette","musulmans","religieux","tol\u00e9rance"],"articleSection":["SOCIETE","Tunisie","VIDEOS"],"inLanguage":"fr-FR","potentialAction":[{"@type":"CommentAction","name":"Comment","target":["https:\/\/kapitalis.com\/tunisie\/2017\/08\/08\/charly-perez-vaut-il-mieux-etre-juif-en-tunisie-quen-israel\/#respond"]}]},{"@type":"WebPage","@id":"https:\/\/kapitalis.com\/tunisie\/2017\/08\/08\/charly-perez-vaut-il-mieux-etre-juif-en-tunisie-quen-israel\/","url":"https:\/\/kapitalis.com\/tunisie\/2017\/08\/08\/charly-perez-vaut-il-mieux-etre-juif-en-tunisie-quen-israel\/","name":"Charly Perez : Vaut-il mieux \u00eatre juif en Tunisie qu\u2019en Isra\u00ebl ? - Kapitalis","isPartOf":{"@id":"https:\/\/kapitalis.com\/tunisie\/#website"},"primaryImageOfPage":{"@id":"https:\/\/kapitalis.com\/tunisie\/2017\/08\/08\/charly-perez-vaut-il-mieux-etre-juif-en-tunisie-quen-israel\/#primaryimage"},"image":{"@id":"https:\/\/kapitalis.com\/tunisie\/2017\/08\/08\/charly-perez-vaut-il-mieux-etre-juif-en-tunisie-quen-israel\/#primaryimage"},"thumbnailUrl":"","datePublished":"2017-08-08T10:43:47+00:00","dateModified":"2017-08-08T10:55:55+00:00","breadcrumb":{"@id":"https:\/\/kapitalis.com\/tunisie\/2017\/08\/08\/charly-perez-vaut-il-mieux-etre-juif-en-tunisie-quen-israel\/#breadcrumb"},"inLanguage":"fr-FR","potentialAction":[{"@type":"ReadAction","target":["https:\/\/kapitalis.com\/tunisie\/2017\/08\/08\/charly-perez-vaut-il-mieux-etre-juif-en-tunisie-quen-israel\/"]}]},{"@type":"ImageObject","inLanguage":"fr-FR","@id":"https:\/\/kapitalis.com\/tunisie\/2017\/08\/08\/charly-perez-vaut-il-mieux-etre-juif-en-tunisie-quen-israel\/#primaryimage","url":"","contentUrl":""},{"@type":"BreadcrumbList","@id":"https:\/\/kapitalis.com\/tunisie\/2017\/08\/08\/charly-perez-vaut-il-mieux-etre-juif-en-tunisie-quen-israel\/#breadcrumb","itemListElement":[{"@type":"ListItem","position":1,"name":"Accueil","item":"https:\/\/kapitalis.com\/tunisie\/"},{"@type":"ListItem","position":2,"name":"Charly Perez : Vaut-il mieux \u00eatre juif en Tunisie qu\u2019en Isra\u00ebl ?"}]},{"@type":"WebSite","@id":"https:\/\/kapitalis.com\/tunisie\/#website","url":"https:\/\/kapitalis.com\/tunisie\/","name":"Kapitalis","description":"L&#039;actualit\u00e9 en Tunisie et dans le monde","publisher":{"@id":"https:\/\/kapitalis.com\/tunisie\/#organization"},"potentialAction":[{"@type":"SearchAction","target":{"@type":"EntryPoint","urlTemplate":"https:\/\/kapitalis.com\/tunisie\/?s={search_term_string}"},"query-input":{"@type":"PropertyValueSpecification","valueRequired":true,"valueName":"search_term_string"}}],"inLanguage":"fr-FR"},{"@type":"Organization","@id":"https:\/\/kapitalis.com\/tunisie\/#organization","name":"Kapitalis","url":"https:\/\/kapitalis.com\/tunisie\/","logo":{"@type":"ImageObject","inLanguage":"fr-FR","@id":"https:\/\/kapitalis.com\/tunisie\/#\/schema\/logo\/image\/","url":"https:\/\/kapitalis.com\/tunisie\/wp-content\/uploads\/2022\/05\/Kapitalis-big-size.png","contentUrl":"https:\/\/kapitalis.com\/tunisie\/wp-content\/uploads\/2022\/05\/Kapitalis-big-size.png","width":5000,"height":1500,"caption":"Kapitalis"},"image":{"@id":"https:\/\/kapitalis.com\/tunisie\/#\/schema\/logo\/image\/"},"sameAs":["https:\/\/www.facebook.com\/KapitalisInfo\/","https:\/\/x.com\/KapitalisInfo","https:\/\/www.youtube.com\/channel\/UC-yDYrHyfFBWWZaOw3FPg9Q"]},{"@type":"Person","@id":"https:\/\/kapitalis.com\/tunisie\/#\/schema\/person\/74bbde0154d49d790a92aaeac5bc01d5","name":"Yusra NY","url":"https:\/\/kapitalis.com\/tunisie\/author\/yuza_adam\/"}]}},"_links":{"self":[{"href":"https:\/\/kapitalis.com\/tunisie\/wp-json\/wp\/v2\/posts\/109558","targetHints":{"allow":["GET"]}}],"collection":[{"href":"https:\/\/kapitalis.com\/tunisie\/wp-json\/wp\/v2\/posts"}],"about":[{"href":"https:\/\/kapitalis.com\/tunisie\/wp-json\/wp\/v2\/types\/post"}],"author":[{"embeddable":true,"href":"https:\/\/kapitalis.com\/tunisie\/wp-json\/wp\/v2\/users\/6"}],"replies":[{"embeddable":true,"href":"https:\/\/kapitalis.com\/tunisie\/wp-json\/wp\/v2\/comments?post=109558"}],"version-history":[{"count":0,"href":"https:\/\/kapitalis.com\/tunisie\/wp-json\/wp\/v2\/posts\/109558\/revisions"}],"wp:featuredmedia":[{"embeddable":true,"href":"https:\/\/kapitalis.com\/tunisie\/wp-json\/wp\/v2\/media\/109560"}],"wp:attachment":[{"href":"https:\/\/kapitalis.com\/tunisie\/wp-json\/wp\/v2\/media?parent=109558"}],"wp:term":[{"taxonomy":"category","embeddable":true,"href":"https:\/\/kapitalis.com\/tunisie\/wp-json\/wp\/v2\/categories?post=109558"},{"taxonomy":"post_tag","embeddable":true,"href":"https:\/\/kapitalis.com\/tunisie\/wp-json\/wp\/v2\/tags?post=109558"}],"curies":[{"name":"wp","href":"https:\/\/api.w.org\/{rel}","templated":true}]}}