{"id":10963327,"date":"2023-12-19T19:48:15","date_gmt":"2023-12-19T18:48:15","guid":{"rendered":"https:\/\/kapitalis.com\/tunisie\/?p=10963327"},"modified":"2023-12-19T19:49:44","modified_gmt":"2023-12-19T18:49:44","slug":"alerte-meteo-tunisie-mise-en-place-dune-cellule-de-veille-ministere-du-transport-inm","status":"publish","type":"post","link":"https:\/\/kapitalis.com\/tunisie\/2023\/12\/19\/alerte-meteo-tunisie-mise-en-place-dune-cellule-de-veille-ministere-du-transport-inm\/","title":{"rendered":"Alerte m\u00e9t\u00e9o-Tunisie : Mise en place d&rsquo;une cellule de veille (minist\u00e8re du Transport &#038; INM)"},"content":{"rendered":"\n<p><em><strong>Le minist\u00e8re du Transport a annonc\u00e9 la mise en place d&rsquo;une cellule de veille suite aux alertes \u00e9mises par l&rsquo;Institut national de la m\u00e9t\u00e9orologie (INM) qui pr\u00e9voit de fortes pr\u00e9cipitations dans la plupart des r\u00e9gions du pays d\u00e8s cette nuit.<\/strong><\/em><\/p>\n\n\n\n<!--more-->\n\n\n\n<p>Dans un communiqu\u00e9 publi\u00e9 dans l&rsquo;apr\u00e8s-midi de ce mardi 19 d\u00e9cembre 2023, le minist\u00e8re pr\u00e9cise que cette cellule sera notamment charg\u00e9e du suivi des mesures exceptionnelles pour assurer la fluidit\u00e9 du trafic sur les routes ainsi que la continuit\u00e9 de l&rsquo;activit\u00e9 de navigation a\u00e9rienne et maritime.<\/p>\n\n\n\n<p>Elle alertera \u00e9galement pour les interventions d&rsquo;urgence en coordination avec les diff\u00e9rentes soci\u00e9t\u00e9s de transport et l&rsquo;INM, qui est la seule source officielle et fiable des pr\u00e9visions m\u00e9trologiques, rappelle le minist\u00e8re.<\/p>\n\n\n\n<p class=\"has-text-align-right\"><strong>Y. N.<\/strong><\/p>\n","protected":false},"excerpt":{"rendered":"<p>Le minist\u00e8re du Transport a annonc\u00e9 la mise en place d&rsquo;une cellule de veille suite aux alertes \u00e9mises par l&rsquo;Institut national de la m\u00e9t\u00e9orologie (INM) qui pr\u00e9voit de fortes pr\u00e9cipitations dans la plupart des r\u00e9gions du pays d\u00e8s cette nuit.<\/p>\n","protected":false},"author":6,"featured_media":987542,"comment_status":"open","ping_status":"open","sticky":false,"template":"","format":"standard","meta":{"footnotes":""},"categories":[998,2433],"tags":[112956,483,603,3288,1664,5754,2327],"class_list":["post-10963327","post","type-post","status-publish","format-standard","has-post-thumbnail","hentry","category-societe","category-tunisie","tag-cellule-de-veille","tag-inm","tag-meteo","tag-ministere-transport","tag-pluies","tag-precipitations","tag-routes"],"yoast_head":"<!-- This site is optimized with the Yoast SEO plugin v26.6 - https:\/\/yoast.com\/wordpress\/plugins\/seo\/ -->\n<title>Alerte m\u00e9t\u00e9o-Tunisie : Mise en place d&#039;une cellule de veille (minist\u00e8re du Transport &amp; INM) - Kapitalis<\/title>\n<meta name=\"robots\" content=\"index, follow, max-snippet:-1, max-image-preview:large, max-video-preview:-1\" \/>\n<link rel=\"canonical\" href=\"https:\/\/kapitalis.com\/tunisie\/2023\/12\/19\/alerte-meteo-tunisie-mise-en-place-dune-cellule-de-veille-ministere-du-transport-inm\/\" \/>\n<meta property=\"og:locale\" content=\"fr_FR\" \/>\n<meta property=\"og:type\" content=\"article\" \/>\n<meta property=\"og:title\" content=\"Alerte m\u00e9t\u00e9o-Tunisie : Mise en place d&#039;une cellule de veille (minist\u00e8re du Transport &amp; INM) - Kapitalis\" \/>\n<meta property=\"og:description\" content=\"Le minist\u00e8re du Transport a annonc\u00e9 la mise en place d&rsquo;une cellule de veille suite aux alertes \u00e9mises par l&rsquo;Institut national de la m\u00e9t\u00e9orologie (INM) qui pr\u00e9voit de fortes pr\u00e9cipitations dans la plupart des r\u00e9gions du pays d\u00e8s cette nuit.\" \/>\n<meta property=\"og:url\" content=\"https:\/\/kapitalis.com\/tunisie\/2023\/12\/19\/alerte-meteo-tunisie-mise-en-place-dune-cellule-de-veille-ministere-du-transport-inm\/\" \/>\n<meta property=\"og:site_name\" content=\"Kapitalis\" \/>\n<meta property=\"article:publisher\" content=\"https:\/\/www.facebook.com\/KapitalisInfo\/\" \/>\n<meta property=\"article:published_time\" content=\"2023-12-19T18:48:15+00:00\" \/>\n<meta property=\"article:modified_time\" content=\"2023-12-19T18:49:44+00:00\" \/>\n<meta property=\"og:image\" content=\"https:\/\/kapitalis.com\/tunisie\/wp-content\/uploads\/2022\/05\/meteo-pluies.jpg\" \/>\n\t<meta property=\"og:image:width\" content=\"1200\" \/>\n\t<meta property=\"og:image:height\" content=\"630\" \/>\n\t<meta property=\"og:image:type\" content=\"image\/jpeg\" \/>\n<meta name=\"author\" content=\"Yusra NY\" \/>\n<meta name=\"twitter:card\" content=\"summary_large_image\" \/>\n<meta name=\"twitter:creator\" content=\"@KapitalisInfo\" \/>\n<meta name=\"twitter:site\" content=\"@KapitalisInfo\" \/>\n<meta name=\"twitter:label1\" content=\"\u00c9crit par\" \/>\n\t<meta name=\"twitter:data1\" content=\"Yusra NY\" \/>\n\t<meta name=\"twitter:label2\" content=\"Dur\u00e9e de lecture estim\u00e9e\" \/>\n\t<meta name=\"twitter:data2\" content=\"1 minute\" \/>\n<script type=\"application\/ld+json\" class=\"yoast-schema-graph\">{\"@context\":\"https:\/\/schema.org\",\"@graph\":[{\"@type\":\"Article\",\"@id\":\"https:\/\/kapitalis.com\/tunisie\/2023\/12\/19\/alerte-meteo-tunisie-mise-en-place-dune-cellule-de-veille-ministere-du-transport-inm\/#article\",\"isPartOf\":{\"@id\":\"https:\/\/kapitalis.com\/tunisie\/2023\/12\/19\/alerte-meteo-tunisie-mise-en-place-dune-cellule-de-veille-ministere-du-transport-inm\/\"},\"author\":{\"name\":\"Yusra NY\",\"@id\":\"https:\/\/kapitalis.com\/tunisie\/#\/schema\/person\/74bbde0154d49d790a92aaeac5bc01d5\"},\"headline\":\"Alerte m\u00e9t\u00e9o-Tunisie : Mise en place d&rsquo;une cellule de veille (minist\u00e8re du Transport &#038; INM)\",\"datePublished\":\"2023-12-19T18:48:15+00:00\",\"dateModified\":\"2023-12-19T18:49:44+00:00\",\"mainEntityOfPage\":{\"@id\":\"https:\/\/kapitalis.com\/tunisie\/2023\/12\/19\/alerte-meteo-tunisie-mise-en-place-dune-cellule-de-veille-ministere-du-transport-inm\/\"},\"wordCount\":152,\"commentCount\":0,\"publisher\":{\"@id\":\"https:\/\/kapitalis.com\/tunisie\/#organization\"},\"image\":{\"@id\":\"https:\/\/kapitalis.com\/tunisie\/2023\/12\/19\/alerte-meteo-tunisie-mise-en-place-dune-cellule-de-veille-ministere-du-transport-inm\/#primaryimage\"},\"thumbnailUrl\":\"https:\/\/kapitalis.com\/tunisie\/wp-content\/uploads\/2022\/05\/meteo-pluies.jpg\",\"keywords\":[\"cellule de veille\",\"INM\",\"m\u00e9t\u00e9o\",\"minist\u00e8re transport\",\"pluies\",\"pr\u00e9cipitations\",\"routes\"],\"articleSection\":[\"SOCIETE\",\"Tunisie\"],\"inLanguage\":\"fr-FR\",\"potentialAction\":[{\"@type\":\"CommentAction\",\"name\":\"Comment\",\"target\":[\"https:\/\/kapitalis.com\/tunisie\/2023\/12\/19\/alerte-meteo-tunisie-mise-en-place-dune-cellule-de-veille-ministere-du-transport-inm\/#respond\"]}]},{\"@type\":\"WebPage\",\"@id\":\"https:\/\/kapitalis.com\/tunisie\/2023\/12\/19\/alerte-meteo-tunisie-mise-en-place-dune-cellule-de-veille-ministere-du-transport-inm\/\",\"url\":\"https:\/\/kapitalis.com\/tunisie\/2023\/12\/19\/alerte-meteo-tunisie-mise-en-place-dune-cellule-de-veille-ministere-du-transport-inm\/\",\"name\":\"Alerte m\u00e9t\u00e9o-Tunisie : Mise en place d'une cellule de veille (minist\u00e8re du Transport & INM) - Kapitalis\",\"isPartOf\":{\"@id\":\"https:\/\/kapitalis.com\/tunisie\/#website\"},\"primaryImageOfPage\":{\"@id\":\"https:\/\/kapitalis.com\/tunisie\/2023\/12\/19\/alerte-meteo-tunisie-mise-en-place-dune-cellule-de-veille-ministere-du-transport-inm\/#primaryimage\"},\"image\":{\"@id\":\"https:\/\/kapitalis.com\/tunisie\/2023\/12\/19\/alerte-meteo-tunisie-mise-en-place-dune-cellule-de-veille-ministere-du-transport-inm\/#primaryimage\"},\"thumbnailUrl\":\"https:\/\/kapitalis.com\/tunisie\/wp-content\/uploads\/2022\/05\/meteo-pluies.jpg\",\"datePublished\":\"2023-12-19T18:48:15+00:00\",\"dateModified\":\"2023-12-19T18:49:44+00:00\",\"breadcrumb\":{\"@id\":\"https:\/\/kapitalis.com\/tunisie\/2023\/12\/19\/alerte-meteo-tunisie-mise-en-place-dune-cellule-de-veille-ministere-du-transport-inm\/#breadcrumb\"},\"inLanguage\":\"fr-FR\",\"potentialAction\":[{\"@type\":\"ReadAction\",\"target\":[\"https:\/\/kapitalis.com\/tunisie\/2023\/12\/19\/alerte-meteo-tunisie-mise-en-place-dune-cellule-de-veille-ministere-du-transport-inm\/\"]}]},{\"@type\":\"ImageObject\",\"inLanguage\":\"fr-FR\",\"@id\":\"https:\/\/kapitalis.com\/tunisie\/2023\/12\/19\/alerte-meteo-tunisie-mise-en-place-dune-cellule-de-veille-ministere-du-transport-inm\/#primaryimage\",\"url\":\"https:\/\/kapitalis.com\/tunisie\/wp-content\/uploads\/2022\/05\/meteo-pluies.jpg\",\"contentUrl\":\"https:\/\/kapitalis.com\/tunisie\/wp-content\/uploads\/2022\/05\/meteo-pluies.jpg\",\"width\":1200,\"height\":630},{\"@type\":\"BreadcrumbList\",\"@id\":\"https:\/\/kapitalis.com\/tunisie\/2023\/12\/19\/alerte-meteo-tunisie-mise-en-place-dune-cellule-de-veille-ministere-du-transport-inm\/#breadcrumb\",\"itemListElement\":[{\"@type\":\"ListItem\",\"position\":1,\"name\":\"Accueil\",\"item\":\"https:\/\/kapitalis.com\/tunisie\/\"},{\"@type\":\"ListItem\",\"position\":2,\"name\":\"Alerte m\u00e9t\u00e9o-Tunisie : Mise en place d&rsquo;une cellule de veille (minist\u00e8re du Transport &#038; INM)\"}]},{\"@type\":\"WebSite\",\"@id\":\"https:\/\/kapitalis.com\/tunisie\/#website\",\"url\":\"https:\/\/kapitalis.com\/tunisie\/\",\"name\":\"Kapitalis\",\"description\":\"L&#039;actualit\u00e9 en Tunisie et dans le monde\",\"publisher\":{\"@id\":\"https:\/\/kapitalis.com\/tunisie\/#organization\"},\"potentialAction\":[{\"@type\":\"SearchAction\",\"target\":{\"@type\":\"EntryPoint\",\"urlTemplate\":\"https:\/\/kapitalis.com\/tunisie\/?s={search_term_string}\"},\"query-input\":{\"@type\":\"PropertyValueSpecification\",\"valueRequired\":true,\"valueName\":\"search_term_string\"}}],\"inLanguage\":\"fr-FR\"},{\"@type\":\"Organization\",\"@id\":\"https:\/\/kapitalis.com\/tunisie\/#organization\",\"name\":\"Kapitalis\",\"url\":\"https:\/\/kapitalis.com\/tunisie\/\",\"logo\":{\"@type\":\"ImageObject\",\"inLanguage\":\"fr-FR\",\"@id\":\"https:\/\/kapitalis.com\/tunisie\/#\/schema\/logo\/image\/\",\"url\":\"https:\/\/kapitalis.com\/tunisie\/wp-content\/uploads\/2022\/05\/Kapitalis-big-size.png\",\"contentUrl\":\"https:\/\/kapitalis.com\/tunisie\/wp-content\/uploads\/2022\/05\/Kapitalis-big-size.png\",\"width\":5000,\"height\":1500,\"caption\":\"Kapitalis\"},\"image\":{\"@id\":\"https:\/\/kapitalis.com\/tunisie\/#\/schema\/logo\/image\/\"},\"sameAs\":[\"https:\/\/www.facebook.com\/KapitalisInfo\/\",\"https:\/\/x.com\/KapitalisInfo\",\"https:\/\/www.youtube.com\/channel\/UC-yDYrHyfFBWWZaOw3FPg9Q\"]},{\"@type\":\"Person\",\"@id\":\"https:\/\/kapitalis.com\/tunisie\/#\/schema\/person\/74bbde0154d49d790a92aaeac5bc01d5\",\"name\":\"Yusra NY\",\"url\":\"https:\/\/kapitalis.com\/tunisie\/author\/yuza_adam\/\"}]}<\/script>\n<!-- \/ Yoast SEO plugin. -->","yoast_head_json":{"title":"Alerte m\u00e9t\u00e9o-Tunisie : Mise en place d'une cellule de veille (minist\u00e8re du Transport & INM) - Kapitalis","robots":{"index":"index","follow":"follow","max-snippet":"max-snippet:-1","max-image-preview":"max-image-preview:large","max-video-preview":"max-video-preview:-1"},"canonical":"https:\/\/kapitalis.com\/tunisie\/2023\/12\/19\/alerte-meteo-tunisie-mise-en-place-dune-cellule-de-veille-ministere-du-transport-inm\/","og_locale":"fr_FR","og_type":"article","og_title":"Alerte m\u00e9t\u00e9o-Tunisie : Mise en place d'une cellule de veille (minist\u00e8re du Transport & INM) - Kapitalis","og_description":"Le minist\u00e8re du Transport a annonc\u00e9 la mise en place d&rsquo;une cellule de veille suite aux alertes \u00e9mises par l&rsquo;Institut national de la m\u00e9t\u00e9orologie (INM) qui pr\u00e9voit de fortes pr\u00e9cipitations dans la plupart des r\u00e9gions du pays d\u00e8s cette nuit.","og_url":"https:\/\/kapitalis.com\/tunisie\/2023\/12\/19\/alerte-meteo-tunisie-mise-en-place-dune-cellule-de-veille-ministere-du-transport-inm\/","og_site_name":"Kapitalis","article_publisher":"https:\/\/www.facebook.com\/KapitalisInfo\/","article_published_time":"2023-12-19T18:48:15+00:00","article_modified_time":"2023-12-19T18:49:44+00:00","og_image":[{"width":1200,"height":630,"url":"https:\/\/kapitalis.com\/tunisie\/wp-content\/uploads\/2022\/05\/meteo-pluies.jpg","type":"image\/jpeg"}],"author":"Yusra NY","twitter_card":"summary_large_image","twitter_creator":"@KapitalisInfo","twitter_site":"@KapitalisInfo","twitter_misc":{"\u00c9crit par":"Yusra NY","Dur\u00e9e de lecture estim\u00e9e":"1 minute"},"schema":{"@context":"https:\/\/schema.org","@graph":[{"@type":"Article","@id":"https:\/\/kapitalis.com\/tunisie\/2023\/12\/19\/alerte-meteo-tunisie-mise-en-place-dune-cellule-de-veille-ministere-du-transport-inm\/#article","isPartOf":{"@id":"https:\/\/kapitalis.com\/tunisie\/2023\/12\/19\/alerte-meteo-tunisie-mise-en-place-dune-cellule-de-veille-ministere-du-transport-inm\/"},"author":{"name":"Yusra NY","@id":"https:\/\/kapitalis.com\/tunisie\/#\/schema\/person\/74bbde0154d49d790a92aaeac5bc01d5"},"headline":"Alerte m\u00e9t\u00e9o-Tunisie : Mise en place d&rsquo;une cellule de veille (minist\u00e8re du Transport &#038; INM)","datePublished":"2023-12-19T18:48:15+00:00","dateModified":"2023-12-19T18:49:44+00:00","mainEntityOfPage":{"@id":"https:\/\/kapitalis.com\/tunisie\/2023\/12\/19\/alerte-meteo-tunisie-mise-en-place-dune-cellule-de-veille-ministere-du-transport-inm\/"},"wordCount":152,"commentCount":0,"publisher":{"@id":"https:\/\/kapitalis.com\/tunisie\/#organization"},"image":{"@id":"https:\/\/kapitalis.com\/tunisie\/2023\/12\/19\/alerte-meteo-tunisie-mise-en-place-dune-cellule-de-veille-ministere-du-transport-inm\/#primaryimage"},"thumbnailUrl":"https:\/\/kapitalis.com\/tunisie\/wp-content\/uploads\/2022\/05\/meteo-pluies.jpg","keywords":["cellule de veille","INM","m\u00e9t\u00e9o","minist\u00e8re transport","pluies","pr\u00e9cipitations","routes"],"articleSection":["SOCIETE","Tunisie"],"inLanguage":"fr-FR","potentialAction":[{"@type":"CommentAction","name":"Comment","target":["https:\/\/kapitalis.com\/tunisie\/2023\/12\/19\/alerte-meteo-tunisie-mise-en-place-dune-cellule-de-veille-ministere-du-transport-inm\/#respond"]}]},{"@type":"WebPage","@id":"https:\/\/kapitalis.com\/tunisie\/2023\/12\/19\/alerte-meteo-tunisie-mise-en-place-dune-cellule-de-veille-ministere-du-transport-inm\/","url":"https:\/\/kapitalis.com\/tunisie\/2023\/12\/19\/alerte-meteo-tunisie-mise-en-place-dune-cellule-de-veille-ministere-du-transport-inm\/","name":"Alerte m\u00e9t\u00e9o-Tunisie : Mise en place d'une cellule de veille (minist\u00e8re du Transport & INM) - Kapitalis","isPartOf":{"@id":"https:\/\/kapitalis.com\/tunisie\/#website"},"primaryImageOfPage":{"@id":"https:\/\/kapitalis.com\/tunisie\/2023\/12\/19\/alerte-meteo-tunisie-mise-en-place-dune-cellule-de-veille-ministere-du-transport-inm\/#primaryimage"},"image":{"@id":"https:\/\/kapitalis.com\/tunisie\/2023\/12\/19\/alerte-meteo-tunisie-mise-en-place-dune-cellule-de-veille-ministere-du-transport-inm\/#primaryimage"},"thumbnailUrl":"https:\/\/kapitalis.com\/tunisie\/wp-content\/uploads\/2022\/05\/meteo-pluies.jpg","datePublished":"2023-12-19T18:48:15+00:00","dateModified":"2023-12-19T18:49:44+00:00","breadcrumb":{"@id":"https:\/\/kapitalis.com\/tunisie\/2023\/12\/19\/alerte-meteo-tunisie-mise-en-place-dune-cellule-de-veille-ministere-du-transport-inm\/#breadcrumb"},"inLanguage":"fr-FR","potentialAction":[{"@type":"ReadAction","target":["https:\/\/kapitalis.com\/tunisie\/2023\/12\/19\/alerte-meteo-tunisie-mise-en-place-dune-cellule-de-veille-ministere-du-transport-inm\/"]}]},{"@type":"ImageObject","inLanguage":"fr-FR","@id":"https:\/\/kapitalis.com\/tunisie\/2023\/12\/19\/alerte-meteo-tunisie-mise-en-place-dune-cellule-de-veille-ministere-du-transport-inm\/#primaryimage","url":"https:\/\/kapitalis.com\/tunisie\/wp-content\/uploads\/2022\/05\/meteo-pluies.jpg","contentUrl":"https:\/\/kapitalis.com\/tunisie\/wp-content\/uploads\/2022\/05\/meteo-pluies.jpg","width":1200,"height":630},{"@type":"BreadcrumbList","@id":"https:\/\/kapitalis.com\/tunisie\/2023\/12\/19\/alerte-meteo-tunisie-mise-en-place-dune-cellule-de-veille-ministere-du-transport-inm\/#breadcrumb","itemListElement":[{"@type":"ListItem","position":1,"name":"Accueil","item":"https:\/\/kapitalis.com\/tunisie\/"},{"@type":"ListItem","position":2,"name":"Alerte m\u00e9t\u00e9o-Tunisie : Mise en place d&rsquo;une cellule de veille (minist\u00e8re du Transport &#038; INM)"}]},{"@type":"WebSite","@id":"https:\/\/kapitalis.com\/tunisie\/#website","url":"https:\/\/kapitalis.com\/tunisie\/","name":"Kapitalis","description":"L&#039;actualit\u00e9 en Tunisie et dans le monde","publisher":{"@id":"https:\/\/kapitalis.com\/tunisie\/#organization"},"potentialAction":[{"@type":"SearchAction","target":{"@type":"EntryPoint","urlTemplate":"https:\/\/kapitalis.com\/tunisie\/?s={search_term_string}"},"query-input":{"@type":"PropertyValueSpecification","valueRequired":true,"valueName":"search_term_string"}}],"inLanguage":"fr-FR"},{"@type":"Organization","@id":"https:\/\/kapitalis.com\/tunisie\/#organization","name":"Kapitalis","url":"https:\/\/kapitalis.com\/tunisie\/","logo":{"@type":"ImageObject","inLanguage":"fr-FR","@id":"https:\/\/kapitalis.com\/tunisie\/#\/schema\/logo\/image\/","url":"https:\/\/kapitalis.com\/tunisie\/wp-content\/uploads\/2022\/05\/Kapitalis-big-size.png","contentUrl":"https:\/\/kapitalis.com\/tunisie\/wp-content\/uploads\/2022\/05\/Kapitalis-big-size.png","width":5000,"height":1500,"caption":"Kapitalis"},"image":{"@id":"https:\/\/kapitalis.com\/tunisie\/#\/schema\/logo\/image\/"},"sameAs":["https:\/\/www.facebook.com\/KapitalisInfo\/","https:\/\/x.com\/KapitalisInfo","https:\/\/www.youtube.com\/channel\/UC-yDYrHyfFBWWZaOw3FPg9Q"]},{"@type":"Person","@id":"https:\/\/kapitalis.com\/tunisie\/#\/schema\/person\/74bbde0154d49d790a92aaeac5bc01d5","name":"Yusra NY","url":"https:\/\/kapitalis.com\/tunisie\/author\/yuza_adam\/"}]}},"_links":{"self":[{"href":"https:\/\/kapitalis.com\/tunisie\/wp-json\/wp\/v2\/posts\/10963327","targetHints":{"allow":["GET"]}}],"collection":[{"href":"https:\/\/kapitalis.com\/tunisie\/wp-json\/wp\/v2\/posts"}],"about":[{"href":"https:\/\/kapitalis.com\/tunisie\/wp-json\/wp\/v2\/types\/post"}],"author":[{"embeddable":true,"href":"https:\/\/kapitalis.com\/tunisie\/wp-json\/wp\/v2\/users\/6"}],"replies":[{"embeddable":true,"href":"https:\/\/kapitalis.com\/tunisie\/wp-json\/wp\/v2\/comments?post=10963327"}],"version-history":[{"count":3,"href":"https:\/\/kapitalis.com\/tunisie\/wp-json\/wp\/v2\/posts\/10963327\/revisions"}],"predecessor-version":[{"id":10963406,"href":"https:\/\/kapitalis.com\/tunisie\/wp-json\/wp\/v2\/posts\/10963327\/revisions\/10963406"}],"wp:featuredmedia":[{"embeddable":true,"href":"https:\/\/kapitalis.com\/tunisie\/wp-json\/wp\/v2\/media\/987542"}],"wp:attachment":[{"href":"https:\/\/kapitalis.com\/tunisie\/wp-json\/wp\/v2\/media?parent=10963327"}],"wp:term":[{"taxonomy":"category","embeddable":true,"href":"https:\/\/kapitalis.com\/tunisie\/wp-json\/wp\/v2\/categories?post=10963327"},{"taxonomy":"post_tag","embeddable":true,"href":"https:\/\/kapitalis.com\/tunisie\/wp-json\/wp\/v2\/tags?post=10963327"}],"curies":[{"name":"wp","href":"https:\/\/api.w.org\/{rel}","templated":true}]}}