{"id":10967,"date":"2015-08-26T18:14:44","date_gmt":"2015-08-26T17:14:44","guid":{"rendered":"http:\/\/kapitalis.com\/tunisie\/?p=10967"},"modified":"2015-08-27T10:23:43","modified_gmt":"2015-08-27T09:23:43","slug":"virginie-les-2-journalistes-tues-par-leur-ancien-collegue-video","status":"publish","type":"post","link":"https:\/\/kapitalis.com\/tunisie\/2015\/08\/26\/virginie-les-2-journalistes-tues-par-leur-ancien-collegue-video\/","title":{"rendered":"Virginie : Les 2 journalistes tu\u00e9s par leur ancien coll\u00e8gue (Vid\u00e9o)"},"content":{"rendered":"<p><img loading=\"lazy\" decoding=\"async\" class=\"alignnone size-full wp-image-10968 aligncenter\" src=\"http:\/\/kapitalis.com\/tunisie\/wp-content\/uploads\/2015\/08\/Tueur-de-virginie.jpg\" alt=\"Tueur-de-virginie\" width=\"626\" height=\"380\" \/><\/p>\n<p><em><strong>L\u2019homme suspect\u00e9 d\u2019avoir tu\u00e9 les 2 journalistes en Virginie, est un ancien employ\u00e9 de la m\u00eame chaine de t\u00e9l\u00e9vision, se disant victime de racisme. <a href=\"http:\/\/kapitalis.com\/tunisie\/2015\/08\/26\/scene-de-lassassinat-des-deux-journalistes-americains-de-wdbj-tv\/\">Vid\u00e9o<\/a>.<\/strong><\/em><\/p>\n<p><!--more--><\/p>\n<p>Le quartier de Bridgewater Plaza, dans la ville de Moneta, en Virginie, aux Etats-Unis, o\u00f9 a eu lieu le crime, est en \u00e9moi. Vester Lee Flanagan, alias Bryce Williams, qui a froidement tu\u00e9 la journaliste Alison Parker (24 ans) et le cameraman Adam Ward (27 ans), alors qu\u2019ils filmaient une interview en direct, a tent\u00e9 de se suicider tout en conduisant sa voiture, qui s&rsquo;est renvers\u00e9e.\u00a0 L&rsquo;homme, gri\u00e8vement bless\u00e9, a \u00e9t\u00e9 transport\u00e9 \u00e0 l&rsquo;h\u00f4pital. Ses jours sont compt\u00e9s.<\/p>\n<p>La femme interview\u00e9e, bless\u00e9e elle aussi dans la fusillade, a d\u00fb subir une op\u00e9ration au dos.<\/p>\n<p>Sur son compte Twitter, le tueur avait d\u00e9nonc\u00e9, la veille du crime, des attaques racistes dont il aurait fait l\u2019objet de la part d&rsquo;Alison Parker, et envoy\u00e9 un \u00ab<em>rapport<\/em>\u00bb \u00e0 la chaine \u00e0 ce sujet. Document actuellement entre les mains de la police locale.<\/p>\n<p style=\"text-align: center;\"><img loading=\"lazy\" decoding=\"async\" class=\"alignnone size-full wp-image-10971\" src=\"http:\/\/kapitalis.com\/tunisie\/wp-content\/uploads\/2015\/08\/Tueur-de-Virginie-2.jpg\" alt=\"Tueur-de-Virginie-2\" width=\"500\" height=\"300\" \/><\/p>\n<p style=\"text-align: center;\"><em>Le tueur travaillait \u00e0 la m\u00eame cha\u00eene que ses 2 victimes.<\/em><\/p>\n<p>La victime \u00e9tait fianc\u00e9e \u00e0 Chris Hurst, pr\u00e9sentateur de l\u2019\u00e9mission et ils pr\u00e9paraient leur mariage. <em>\u00abJ\u2019en suis tr\u00e8s amoureux. Alison \u00e9tait la femme la plus radieuse au monde et je ne sais pour quelle raison elle m\u2019aimait\u2026 Elle aimait la vie, ses parents, sa famille et ses amis\u00bb<\/em>, a post\u00e9 Chris Hurst, sur Twitter.<\/p>\n<p>Le cam\u00e9raman \u00e9tait, quant \u00e0 lui, fianc\u00e9 \u00e0 Melissa Ott, une employ\u00e9e de la r\u00e9gie qui a vu l\u2019ex\u00e9cution de son homme, en direct.<\/p>\n<p style=\"text-align: right;\"><strong>Y. N.<\/strong><\/p>\n<p style=\"text-align: left;\"><em><strong>Illustration:<\/strong> Poussant le cynisme aux limites de l&rsquo;intol\u00e9rable et de l&rsquo;absurde, le tueur s&rsquo;est film\u00e9 lui-m\u00eame en train de tirer sur sa victime.<\/em><\/p>\n","protected":false},"excerpt":{"rendered":"<p>L\u2019homme suspect\u00e9 d\u2019avoir tu\u00e9 les 2 journalistes en Virginie, est un ancien employ\u00e9 de la m\u00eame chaine de t\u00e9l\u00e9vision, se disant victime de racisme. Vid\u00e9o.<\/p>\n","protected":false},"author":8,"featured_media":10968,"comment_status":"open","ping_status":"open","sticky":false,"template":"","format":"standard","meta":{"footnotes":""},"categories":[996],"tags":[2998,349,1380,4819],"class_list":["post-10967","post","type-post","status-publish","format-standard","has-post-thumbnail","hentry","category-media","tag-chaine-tv","tag-etats-unis","tag-journaliste","tag-suspect"],"yoast_head":"<!-- This site is optimized with the Yoast SEO plugin v26.6 - https:\/\/yoast.com\/wordpress\/plugins\/seo\/ -->\n<title>Virginie : Les 2 journalistes tu\u00e9s par leur ancien coll\u00e8gue (Vid\u00e9o) - Kapitalis<\/title>\n<meta name=\"robots\" content=\"index, follow, max-snippet:-1, max-image-preview:large, max-video-preview:-1\" \/>\n<link rel=\"canonical\" href=\"https:\/\/kapitalis.com\/tunisie\/2015\/08\/26\/virginie-les-2-journalistes-tues-par-leur-ancien-collegue-video\/\" \/>\n<meta property=\"og:locale\" content=\"fr_FR\" \/>\n<meta property=\"og:type\" content=\"article\" \/>\n<meta property=\"og:title\" content=\"Virginie : Les 2 journalistes tu\u00e9s par leur ancien coll\u00e8gue (Vid\u00e9o) - Kapitalis\" \/>\n<meta property=\"og:description\" content=\"L\u2019homme suspect\u00e9 d\u2019avoir tu\u00e9 les 2 journalistes en Virginie, est un ancien employ\u00e9 de la m\u00eame chaine de t\u00e9l\u00e9vision, se disant victime de racisme. Vid\u00e9o.\" \/>\n<meta property=\"og:url\" content=\"https:\/\/kapitalis.com\/tunisie\/2015\/08\/26\/virginie-les-2-journalistes-tues-par-leur-ancien-collegue-video\/\" \/>\n<meta property=\"og:site_name\" content=\"Kapitalis\" \/>\n<meta property=\"article:publisher\" content=\"https:\/\/www.facebook.com\/KapitalisInfo\/\" \/>\n<meta property=\"article:published_time\" content=\"2015-08-26T17:14:44+00:00\" \/>\n<meta property=\"article:modified_time\" content=\"2015-08-27T09:23:43+00:00\" \/>\n<meta property=\"og:image\" content=\"https:\/\/kapitalis.com\/tunisie\/wp-content\/uploads\/2022\/05\/kapitalis-logo-fb.png\" \/>\n\t<meta property=\"og:image:width\" content=\"1200\" \/>\n\t<meta property=\"og:image:height\" content=\"630\" \/>\n\t<meta property=\"og:image:type\" content=\"image\/png\" \/>\n<meta name=\"author\" content=\"webmaster kapitalis\" \/>\n<meta name=\"twitter:card\" content=\"summary_large_image\" \/>\n<meta name=\"twitter:creator\" content=\"@KapitalisInfo\" \/>\n<meta name=\"twitter:site\" content=\"@KapitalisInfo\" \/>\n<meta name=\"twitter:label1\" content=\"\u00c9crit par\" \/>\n\t<meta name=\"twitter:data1\" content=\"webmaster kapitalis\" \/>\n\t<meta name=\"twitter:label2\" content=\"Dur\u00e9e de lecture estim\u00e9e\" \/>\n\t<meta name=\"twitter:data2\" content=\"1 minute\" \/>\n<script type=\"application\/ld+json\" class=\"yoast-schema-graph\">{\"@context\":\"https:\/\/schema.org\",\"@graph\":[{\"@type\":\"Article\",\"@id\":\"https:\/\/kapitalis.com\/tunisie\/2015\/08\/26\/virginie-les-2-journalistes-tues-par-leur-ancien-collegue-video\/#article\",\"isPartOf\":{\"@id\":\"https:\/\/kapitalis.com\/tunisie\/2015\/08\/26\/virginie-les-2-journalistes-tues-par-leur-ancien-collegue-video\/\"},\"author\":{\"name\":\"webmaster kapitalis\",\"@id\":\"https:\/\/kapitalis.com\/tunisie\/#\/schema\/person\/d71f33a9ca44f7bad4698210b480c8e9\"},\"headline\":\"Virginie : Les 2 journalistes tu\u00e9s par leur ancien coll\u00e8gue (Vid\u00e9o)\",\"datePublished\":\"2015-08-26T17:14:44+00:00\",\"dateModified\":\"2015-08-27T09:23:43+00:00\",\"mainEntityOfPage\":{\"@id\":\"https:\/\/kapitalis.com\/tunisie\/2015\/08\/26\/virginie-les-2-journalistes-tues-par-leur-ancien-collegue-video\/\"},\"wordCount\":310,\"commentCount\":0,\"publisher\":{\"@id\":\"https:\/\/kapitalis.com\/tunisie\/#organization\"},\"image\":{\"@id\":\"https:\/\/kapitalis.com\/tunisie\/2015\/08\/26\/virginie-les-2-journalistes-tues-par-leur-ancien-collegue-video\/#primaryimage\"},\"thumbnailUrl\":\"\",\"keywords\":[\"chaine TV\",\"Etats Unis\",\"journaliste\",\"suspect\"],\"articleSection\":[\"MEDIA\"],\"inLanguage\":\"fr-FR\",\"potentialAction\":[{\"@type\":\"CommentAction\",\"name\":\"Comment\",\"target\":[\"https:\/\/kapitalis.com\/tunisie\/2015\/08\/26\/virginie-les-2-journalistes-tues-par-leur-ancien-collegue-video\/#respond\"]}]},{\"@type\":\"WebPage\",\"@id\":\"https:\/\/kapitalis.com\/tunisie\/2015\/08\/26\/virginie-les-2-journalistes-tues-par-leur-ancien-collegue-video\/\",\"url\":\"https:\/\/kapitalis.com\/tunisie\/2015\/08\/26\/virginie-les-2-journalistes-tues-par-leur-ancien-collegue-video\/\",\"name\":\"Virginie : Les 2 journalistes tu\u00e9s par leur ancien coll\u00e8gue (Vid\u00e9o) - Kapitalis\",\"isPartOf\":{\"@id\":\"https:\/\/kapitalis.com\/tunisie\/#website\"},\"primaryImageOfPage\":{\"@id\":\"https:\/\/kapitalis.com\/tunisie\/2015\/08\/26\/virginie-les-2-journalistes-tues-par-leur-ancien-collegue-video\/#primaryimage\"},\"image\":{\"@id\":\"https:\/\/kapitalis.com\/tunisie\/2015\/08\/26\/virginie-les-2-journalistes-tues-par-leur-ancien-collegue-video\/#primaryimage\"},\"thumbnailUrl\":\"\",\"datePublished\":\"2015-08-26T17:14:44+00:00\",\"dateModified\":\"2015-08-27T09:23:43+00:00\",\"breadcrumb\":{\"@id\":\"https:\/\/kapitalis.com\/tunisie\/2015\/08\/26\/virginie-les-2-journalistes-tues-par-leur-ancien-collegue-video\/#breadcrumb\"},\"inLanguage\":\"fr-FR\",\"potentialAction\":[{\"@type\":\"ReadAction\",\"target\":[\"https:\/\/kapitalis.com\/tunisie\/2015\/08\/26\/virginie-les-2-journalistes-tues-par-leur-ancien-collegue-video\/\"]}]},{\"@type\":\"ImageObject\",\"inLanguage\":\"fr-FR\",\"@id\":\"https:\/\/kapitalis.com\/tunisie\/2015\/08\/26\/virginie-les-2-journalistes-tues-par-leur-ancien-collegue-video\/#primaryimage\",\"url\":\"\",\"contentUrl\":\"\"},{\"@type\":\"BreadcrumbList\",\"@id\":\"https:\/\/kapitalis.com\/tunisie\/2015\/08\/26\/virginie-les-2-journalistes-tues-par-leur-ancien-collegue-video\/#breadcrumb\",\"itemListElement\":[{\"@type\":\"ListItem\",\"position\":1,\"name\":\"Accueil\",\"item\":\"https:\/\/kapitalis.com\/tunisie\/\"},{\"@type\":\"ListItem\",\"position\":2,\"name\":\"Virginie : Les 2 journalistes tu\u00e9s par leur ancien coll\u00e8gue (Vid\u00e9o)\"}]},{\"@type\":\"WebSite\",\"@id\":\"https:\/\/kapitalis.com\/tunisie\/#website\",\"url\":\"https:\/\/kapitalis.com\/tunisie\/\",\"name\":\"Kapitalis\",\"description\":\"L&#039;actualit\u00e9 en Tunisie et dans le monde\",\"publisher\":{\"@id\":\"https:\/\/kapitalis.com\/tunisie\/#organization\"},\"potentialAction\":[{\"@type\":\"SearchAction\",\"target\":{\"@type\":\"EntryPoint\",\"urlTemplate\":\"https:\/\/kapitalis.com\/tunisie\/?s={search_term_string}\"},\"query-input\":{\"@type\":\"PropertyValueSpecification\",\"valueRequired\":true,\"valueName\":\"search_term_string\"}}],\"inLanguage\":\"fr-FR\"},{\"@type\":\"Organization\",\"@id\":\"https:\/\/kapitalis.com\/tunisie\/#organization\",\"name\":\"Kapitalis\",\"url\":\"https:\/\/kapitalis.com\/tunisie\/\",\"logo\":{\"@type\":\"ImageObject\",\"inLanguage\":\"fr-FR\",\"@id\":\"https:\/\/kapitalis.com\/tunisie\/#\/schema\/logo\/image\/\",\"url\":\"https:\/\/kapitalis.com\/tunisie\/wp-content\/uploads\/2022\/05\/Kapitalis-big-size.png\",\"contentUrl\":\"https:\/\/kapitalis.com\/tunisie\/wp-content\/uploads\/2022\/05\/Kapitalis-big-size.png\",\"width\":5000,\"height\":1500,\"caption\":\"Kapitalis\"},\"image\":{\"@id\":\"https:\/\/kapitalis.com\/tunisie\/#\/schema\/logo\/image\/\"},\"sameAs\":[\"https:\/\/www.facebook.com\/KapitalisInfo\/\",\"https:\/\/x.com\/KapitalisInfo\",\"https:\/\/www.youtube.com\/channel\/UC-yDYrHyfFBWWZaOw3FPg9Q\"]},{\"@type\":\"Person\",\"@id\":\"https:\/\/kapitalis.com\/tunisie\/#\/schema\/person\/d71f33a9ca44f7bad4698210b480c8e9\",\"name\":\"webmaster kapitalis\",\"url\":\"https:\/\/kapitalis.com\/tunisie\/author\/webmaster-kapitalis\/\"}]}<\/script>\n<!-- \/ Yoast SEO plugin. -->","yoast_head_json":{"title":"Virginie : Les 2 journalistes tu\u00e9s par leur ancien coll\u00e8gue (Vid\u00e9o) - Kapitalis","robots":{"index":"index","follow":"follow","max-snippet":"max-snippet:-1","max-image-preview":"max-image-preview:large","max-video-preview":"max-video-preview:-1"},"canonical":"https:\/\/kapitalis.com\/tunisie\/2015\/08\/26\/virginie-les-2-journalistes-tues-par-leur-ancien-collegue-video\/","og_locale":"fr_FR","og_type":"article","og_title":"Virginie : Les 2 journalistes tu\u00e9s par leur ancien coll\u00e8gue (Vid\u00e9o) - Kapitalis","og_description":"L\u2019homme suspect\u00e9 d\u2019avoir tu\u00e9 les 2 journalistes en Virginie, est un ancien employ\u00e9 de la m\u00eame chaine de t\u00e9l\u00e9vision, se disant victime de racisme. Vid\u00e9o.","og_url":"https:\/\/kapitalis.com\/tunisie\/2015\/08\/26\/virginie-les-2-journalistes-tues-par-leur-ancien-collegue-video\/","og_site_name":"Kapitalis","article_publisher":"https:\/\/www.facebook.com\/KapitalisInfo\/","article_published_time":"2015-08-26T17:14:44+00:00","article_modified_time":"2015-08-27T09:23:43+00:00","og_image":[{"width":1200,"height":630,"url":"https:\/\/kapitalis.com\/tunisie\/wp-content\/uploads\/2022\/05\/kapitalis-logo-fb.png","type":"image\/png"}],"author":"webmaster kapitalis","twitter_card":"summary_large_image","twitter_creator":"@KapitalisInfo","twitter_site":"@KapitalisInfo","twitter_misc":{"\u00c9crit par":"webmaster kapitalis","Dur\u00e9e de lecture estim\u00e9e":"1 minute"},"schema":{"@context":"https:\/\/schema.org","@graph":[{"@type":"Article","@id":"https:\/\/kapitalis.com\/tunisie\/2015\/08\/26\/virginie-les-2-journalistes-tues-par-leur-ancien-collegue-video\/#article","isPartOf":{"@id":"https:\/\/kapitalis.com\/tunisie\/2015\/08\/26\/virginie-les-2-journalistes-tues-par-leur-ancien-collegue-video\/"},"author":{"name":"webmaster kapitalis","@id":"https:\/\/kapitalis.com\/tunisie\/#\/schema\/person\/d71f33a9ca44f7bad4698210b480c8e9"},"headline":"Virginie : Les 2 journalistes tu\u00e9s par leur ancien coll\u00e8gue (Vid\u00e9o)","datePublished":"2015-08-26T17:14:44+00:00","dateModified":"2015-08-27T09:23:43+00:00","mainEntityOfPage":{"@id":"https:\/\/kapitalis.com\/tunisie\/2015\/08\/26\/virginie-les-2-journalistes-tues-par-leur-ancien-collegue-video\/"},"wordCount":310,"commentCount":0,"publisher":{"@id":"https:\/\/kapitalis.com\/tunisie\/#organization"},"image":{"@id":"https:\/\/kapitalis.com\/tunisie\/2015\/08\/26\/virginie-les-2-journalistes-tues-par-leur-ancien-collegue-video\/#primaryimage"},"thumbnailUrl":"","keywords":["chaine TV","Etats Unis","journaliste","suspect"],"articleSection":["MEDIA"],"inLanguage":"fr-FR","potentialAction":[{"@type":"CommentAction","name":"Comment","target":["https:\/\/kapitalis.com\/tunisie\/2015\/08\/26\/virginie-les-2-journalistes-tues-par-leur-ancien-collegue-video\/#respond"]}]},{"@type":"WebPage","@id":"https:\/\/kapitalis.com\/tunisie\/2015\/08\/26\/virginie-les-2-journalistes-tues-par-leur-ancien-collegue-video\/","url":"https:\/\/kapitalis.com\/tunisie\/2015\/08\/26\/virginie-les-2-journalistes-tues-par-leur-ancien-collegue-video\/","name":"Virginie : Les 2 journalistes tu\u00e9s par leur ancien coll\u00e8gue (Vid\u00e9o) - Kapitalis","isPartOf":{"@id":"https:\/\/kapitalis.com\/tunisie\/#website"},"primaryImageOfPage":{"@id":"https:\/\/kapitalis.com\/tunisie\/2015\/08\/26\/virginie-les-2-journalistes-tues-par-leur-ancien-collegue-video\/#primaryimage"},"image":{"@id":"https:\/\/kapitalis.com\/tunisie\/2015\/08\/26\/virginie-les-2-journalistes-tues-par-leur-ancien-collegue-video\/#primaryimage"},"thumbnailUrl":"","datePublished":"2015-08-26T17:14:44+00:00","dateModified":"2015-08-27T09:23:43+00:00","breadcrumb":{"@id":"https:\/\/kapitalis.com\/tunisie\/2015\/08\/26\/virginie-les-2-journalistes-tues-par-leur-ancien-collegue-video\/#breadcrumb"},"inLanguage":"fr-FR","potentialAction":[{"@type":"ReadAction","target":["https:\/\/kapitalis.com\/tunisie\/2015\/08\/26\/virginie-les-2-journalistes-tues-par-leur-ancien-collegue-video\/"]}]},{"@type":"ImageObject","inLanguage":"fr-FR","@id":"https:\/\/kapitalis.com\/tunisie\/2015\/08\/26\/virginie-les-2-journalistes-tues-par-leur-ancien-collegue-video\/#primaryimage","url":"","contentUrl":""},{"@type":"BreadcrumbList","@id":"https:\/\/kapitalis.com\/tunisie\/2015\/08\/26\/virginie-les-2-journalistes-tues-par-leur-ancien-collegue-video\/#breadcrumb","itemListElement":[{"@type":"ListItem","position":1,"name":"Accueil","item":"https:\/\/kapitalis.com\/tunisie\/"},{"@type":"ListItem","position":2,"name":"Virginie : Les 2 journalistes tu\u00e9s par leur ancien coll\u00e8gue (Vid\u00e9o)"}]},{"@type":"WebSite","@id":"https:\/\/kapitalis.com\/tunisie\/#website","url":"https:\/\/kapitalis.com\/tunisie\/","name":"Kapitalis","description":"L&#039;actualit\u00e9 en Tunisie et dans le monde","publisher":{"@id":"https:\/\/kapitalis.com\/tunisie\/#organization"},"potentialAction":[{"@type":"SearchAction","target":{"@type":"EntryPoint","urlTemplate":"https:\/\/kapitalis.com\/tunisie\/?s={search_term_string}"},"query-input":{"@type":"PropertyValueSpecification","valueRequired":true,"valueName":"search_term_string"}}],"inLanguage":"fr-FR"},{"@type":"Organization","@id":"https:\/\/kapitalis.com\/tunisie\/#organization","name":"Kapitalis","url":"https:\/\/kapitalis.com\/tunisie\/","logo":{"@type":"ImageObject","inLanguage":"fr-FR","@id":"https:\/\/kapitalis.com\/tunisie\/#\/schema\/logo\/image\/","url":"https:\/\/kapitalis.com\/tunisie\/wp-content\/uploads\/2022\/05\/Kapitalis-big-size.png","contentUrl":"https:\/\/kapitalis.com\/tunisie\/wp-content\/uploads\/2022\/05\/Kapitalis-big-size.png","width":5000,"height":1500,"caption":"Kapitalis"},"image":{"@id":"https:\/\/kapitalis.com\/tunisie\/#\/schema\/logo\/image\/"},"sameAs":["https:\/\/www.facebook.com\/KapitalisInfo\/","https:\/\/x.com\/KapitalisInfo","https:\/\/www.youtube.com\/channel\/UC-yDYrHyfFBWWZaOw3FPg9Q"]},{"@type":"Person","@id":"https:\/\/kapitalis.com\/tunisie\/#\/schema\/person\/d71f33a9ca44f7bad4698210b480c8e9","name":"webmaster kapitalis","url":"https:\/\/kapitalis.com\/tunisie\/author\/webmaster-kapitalis\/"}]}},"_links":{"self":[{"href":"https:\/\/kapitalis.com\/tunisie\/wp-json\/wp\/v2\/posts\/10967","targetHints":{"allow":["GET"]}}],"collection":[{"href":"https:\/\/kapitalis.com\/tunisie\/wp-json\/wp\/v2\/posts"}],"about":[{"href":"https:\/\/kapitalis.com\/tunisie\/wp-json\/wp\/v2\/types\/post"}],"author":[{"embeddable":true,"href":"https:\/\/kapitalis.com\/tunisie\/wp-json\/wp\/v2\/users\/8"}],"replies":[{"embeddable":true,"href":"https:\/\/kapitalis.com\/tunisie\/wp-json\/wp\/v2\/comments?post=10967"}],"version-history":[{"count":0,"href":"https:\/\/kapitalis.com\/tunisie\/wp-json\/wp\/v2\/posts\/10967\/revisions"}],"wp:featuredmedia":[{"embeddable":true,"href":"https:\/\/kapitalis.com\/tunisie\/wp-json\/wp\/v2\/media\/10968"}],"wp:attachment":[{"href":"https:\/\/kapitalis.com\/tunisie\/wp-json\/wp\/v2\/media?parent=10967"}],"wp:term":[{"taxonomy":"category","embeddable":true,"href":"https:\/\/kapitalis.com\/tunisie\/wp-json\/wp\/v2\/categories?post=10967"},{"taxonomy":"post_tag","embeddable":true,"href":"https:\/\/kapitalis.com\/tunisie\/wp-json\/wp\/v2\/tags?post=10967"}],"curies":[{"name":"wp","href":"https:\/\/api.w.org\/{rel}","templated":true}]}}