{"id":10967420,"date":"2023-12-19T21:58:12","date_gmt":"2023-12-19T20:58:12","guid":{"rendered":"https:\/\/kapitalis.com\/tunisie\/?p=10967420"},"modified":"2023-12-19T22:02:56","modified_gmt":"2023-12-19T21:02:56","slug":"ift-projection-du-film-inedit-pourquoi-les-mille-et-une-nuits-de-mohamed-nacer-khemir","status":"publish","type":"post","link":"https:\/\/kapitalis.com\/tunisie\/2023\/12\/19\/ift-projection-du-film-inedit-pourquoi-les-mille-et-une-nuits-de-mohamed-nacer-khemir\/","title":{"rendered":"IFT : Projection du film in\u00e9dit \u00ab\u00a0Pourquoi les Mille et Une Nuits ?\u00a0\u00bb de Mohamed Nacer Khemir"},"content":{"rendered":"\n<p><em><strong>A l\u2019occasion de la Journ\u00e9e internationale de la langue arabe c\u00e9l\u00e9br\u00e9e le 18 d\u00e9cembr<\/strong><\/em>e*<em><strong>, l\u2019Institut fran\u00e7ais de Tunisie (IFT) organise la projection du film in\u00e9dit \u00ab\u00a0Pourquoi les Mille et Une Nuits ? \u00ab\u00a0de Mohamed Nacer Khemir (90 mn, 1990).<\/strong><\/em><\/p>\n\n\n\n<!--more-->\n\n\n\n<p>La projection sera suivie d\u2019un d\u00e9bat avec le r\u00e9alisateur, mod\u00e9r\u00e9 par Sabrine Ghannoudi, artiste-com\u00e9dienne, ajoute l&rsquo;IFT, en pr\u00e9cisant que l\u2019\u00e9v\u00e9nement rendra hommage \u00e0 Andr\u00e9 Miquel, traducteur en fran\u00e7ais des Mille et Une Nuits.<\/p>\n\n\n\n<p>\ud83d\uddd3 Mercredi 20 d\u00e9cembre \u00e0 15h00<br>\ud83d\udccd Auditorium de l\u2019IFT<br>\u2705 Entr\u00e9e libre et gratuite dans la limite des places disponibles<\/p>\n\n\n\n<p><em>\u00ab\u00a0Indiff\u00e9rentes au jugement des si\u00e8cles, \u00ab Les Mille et Une Nuits \u00bb ont travers\u00e9 le temps et les cit\u00e9s comme un fleuve myst\u00e9rieux qui renouvelle sa source au c\u0153ur du d\u00e9sir secret de l\u2019homme.<br>Pourtant elles ont souffert &#8211; et souffrent encore &#8211; de confusion et de clich\u00e9s :<br>en Orient, jug\u00e9es aux mieux futiles, souvent subversives, elles ont encore fait l\u2019objet d\u2019une condamnation \u00e0 l\u2019autodaf\u00e9 en 1983 au Caire !<br>en Occident, encombr\u00e9es d\u2019une imagerie de bazar, elles sont souvent r\u00e9duites \u00e0 l\u2019\u00e9tat de folklore.<br>Pourtant comme le dit Jamel Eddine Ben Cheick :<br>\u00ab Les Nuits peuvent pour l\u2019Occident r\u00e9tablir la litt\u00e9rature arabe dans sa v\u00e9rit\u00e9, et pour les arabes, r\u00e9tablir une culture occult\u00e9e \u00bb\u00a0\u00bb<\/em><\/p>\n\n\n\n<p><strong>*<\/strong> <strong>La journ\u00e9e mondiale de la langue arabe est une journ\u00e9e internationale des Nations unies qui c\u00e9l\u00e8bre la langue arabe le 18 d\u00e9cembre de chaque ann\u00e9e. Cette date comm\u00e9more la reconnaissance de l&rsquo;arabe comme langue officielle des Nations unies par l&rsquo;Assembl\u00e9e g\u00e9n\u00e9rale, le 18 d\u00e9cembre 1973.<\/strong><\/p>\n","protected":false},"excerpt":{"rendered":"<p>A l\u2019occasion de la Journ\u00e9e internationale de la langue arabe c\u00e9l\u00e9br\u00e9e le 18 d\u00e9cembre*, l\u2019Institut fran\u00e7ais de Tunisie (IFT) organise la projection du film in\u00e9dit \u00ab\u00a0Pourquoi les Mille et Une Nuits ? \u00ab\u00a0de Mohamed Nacer Khemir (90 mn, 1990).<\/p>\n","protected":false},"author":6,"featured_media":10967688,"comment_status":"open","ping_status":"open","sticky":false,"template":"","format":"standard","meta":{"footnotes":""},"categories":[994,2433],"tags":[109919,462,16816,112958,99099,62643],"class_list":["post-10967420","post","type-post","status-publish","format-standard","has-post-thumbnail","hentry","category-culture","category-tunisie","tag-andre-miquel","tag-ift","tag-institut-francais","tag-les-mille-et-une-nuits","tag-sabrine-ghannoudi","tag-tunisie"],"yoast_head":"<!-- This site is optimized with the Yoast SEO plugin v26.6 - https:\/\/yoast.com\/wordpress\/plugins\/seo\/ -->\n<title>IFT : Projection du film in\u00e9dit &quot;Pourquoi les Mille et Une Nuits ?&quot; de Mohamed Nacer Khemir - Kapitalis<\/title>\n<meta name=\"robots\" content=\"index, follow, max-snippet:-1, max-image-preview:large, max-video-preview:-1\" \/>\n<link rel=\"canonical\" href=\"https:\/\/kapitalis.com\/tunisie\/2023\/12\/19\/ift-projection-du-film-inedit-pourquoi-les-mille-et-une-nuits-de-mohamed-nacer-khemir\/\" \/>\n<meta property=\"og:locale\" content=\"fr_FR\" \/>\n<meta property=\"og:type\" content=\"article\" \/>\n<meta property=\"og:title\" content=\"IFT : Projection du film in\u00e9dit &quot;Pourquoi les Mille et Une Nuits ?&quot; de Mohamed Nacer Khemir - Kapitalis\" \/>\n<meta property=\"og:description\" content=\"A l\u2019occasion de la Journ\u00e9e internationale de la langue arabe c\u00e9l\u00e9br\u00e9e le 18 d\u00e9cembre*, l\u2019Institut fran\u00e7ais de Tunisie (IFT) organise la projection du film in\u00e9dit \u00ab\u00a0Pourquoi les Mille et Une Nuits ? \u00ab\u00a0de Mohamed Nacer Khemir (90 mn, 1990).\" \/>\n<meta property=\"og:url\" content=\"https:\/\/kapitalis.com\/tunisie\/2023\/12\/19\/ift-projection-du-film-inedit-pourquoi-les-mille-et-une-nuits-de-mohamed-nacer-khemir\/\" \/>\n<meta property=\"og:site_name\" content=\"Kapitalis\" \/>\n<meta property=\"article:publisher\" content=\"https:\/\/www.facebook.com\/KapitalisInfo\/\" \/>\n<meta property=\"article:published_time\" content=\"2023-12-19T20:58:12+00:00\" \/>\n<meta property=\"article:modified_time\" content=\"2023-12-19T21:02:56+00:00\" \/>\n<meta property=\"og:image\" content=\"https:\/\/kapitalis.com\/tunisie\/wp-content\/uploads\/2023\/12\/Pourquoi-les-Mille-et-Une-Nuits.jpg\" \/>\n\t<meta property=\"og:image:width\" content=\"1200\" \/>\n\t<meta property=\"og:image:height\" content=\"630\" \/>\n\t<meta property=\"og:image:type\" content=\"image\/jpeg\" \/>\n<meta name=\"author\" content=\"Yusra NY\" \/>\n<meta name=\"twitter:card\" content=\"summary_large_image\" \/>\n<meta name=\"twitter:creator\" content=\"@KapitalisInfo\" \/>\n<meta name=\"twitter:site\" content=\"@KapitalisInfo\" \/>\n<meta name=\"twitter:label1\" content=\"\u00c9crit par\" \/>\n\t<meta name=\"twitter:data1\" content=\"Yusra NY\" \/>\n\t<meta name=\"twitter:label2\" content=\"Dur\u00e9e de lecture estim\u00e9e\" \/>\n\t<meta name=\"twitter:data2\" content=\"1 minute\" \/>\n<script type=\"application\/ld+json\" class=\"yoast-schema-graph\">{\"@context\":\"https:\/\/schema.org\",\"@graph\":[{\"@type\":\"Article\",\"@id\":\"https:\/\/kapitalis.com\/tunisie\/2023\/12\/19\/ift-projection-du-film-inedit-pourquoi-les-mille-et-une-nuits-de-mohamed-nacer-khemir\/#article\",\"isPartOf\":{\"@id\":\"https:\/\/kapitalis.com\/tunisie\/2023\/12\/19\/ift-projection-du-film-inedit-pourquoi-les-mille-et-une-nuits-de-mohamed-nacer-khemir\/\"},\"author\":{\"name\":\"Yusra NY\",\"@id\":\"https:\/\/kapitalis.com\/tunisie\/#\/schema\/person\/74bbde0154d49d790a92aaeac5bc01d5\"},\"headline\":\"IFT : Projection du film in\u00e9dit \u00ab\u00a0Pourquoi les Mille et Une Nuits ?\u00a0\u00bb de Mohamed Nacer Khemir\",\"datePublished\":\"2023-12-19T20:58:12+00:00\",\"dateModified\":\"2023-12-19T21:02:56+00:00\",\"mainEntityOfPage\":{\"@id\":\"https:\/\/kapitalis.com\/tunisie\/2023\/12\/19\/ift-projection-du-film-inedit-pourquoi-les-mille-et-une-nuits-de-mohamed-nacer-khemir\/\"},\"wordCount\":303,\"commentCount\":0,\"publisher\":{\"@id\":\"https:\/\/kapitalis.com\/tunisie\/#organization\"},\"image\":{\"@id\":\"https:\/\/kapitalis.com\/tunisie\/2023\/12\/19\/ift-projection-du-film-inedit-pourquoi-les-mille-et-une-nuits-de-mohamed-nacer-khemir\/#primaryimage\"},\"thumbnailUrl\":\"https:\/\/kapitalis.com\/tunisie\/wp-content\/uploads\/2023\/12\/Pourquoi-les-Mille-et-Une-Nuits.jpg\",\"keywords\":[\"Andr\u00e9 Miquel\",\"IFT\",\"Institut fran\u00e7ais\",\"les Mille et Une Nuits\",\"Sabrine Ghannoudi\",\"Tunisie\"],\"articleSection\":[\"CULTURE\",\"Tunisie\"],\"inLanguage\":\"fr-FR\",\"potentialAction\":[{\"@type\":\"CommentAction\",\"name\":\"Comment\",\"target\":[\"https:\/\/kapitalis.com\/tunisie\/2023\/12\/19\/ift-projection-du-film-inedit-pourquoi-les-mille-et-une-nuits-de-mohamed-nacer-khemir\/#respond\"]}]},{\"@type\":\"WebPage\",\"@id\":\"https:\/\/kapitalis.com\/tunisie\/2023\/12\/19\/ift-projection-du-film-inedit-pourquoi-les-mille-et-une-nuits-de-mohamed-nacer-khemir\/\",\"url\":\"https:\/\/kapitalis.com\/tunisie\/2023\/12\/19\/ift-projection-du-film-inedit-pourquoi-les-mille-et-une-nuits-de-mohamed-nacer-khemir\/\",\"name\":\"IFT : Projection du film in\u00e9dit \\\"Pourquoi les Mille et Une Nuits ?\\\" de Mohamed Nacer Khemir - Kapitalis\",\"isPartOf\":{\"@id\":\"https:\/\/kapitalis.com\/tunisie\/#website\"},\"primaryImageOfPage\":{\"@id\":\"https:\/\/kapitalis.com\/tunisie\/2023\/12\/19\/ift-projection-du-film-inedit-pourquoi-les-mille-et-une-nuits-de-mohamed-nacer-khemir\/#primaryimage\"},\"image\":{\"@id\":\"https:\/\/kapitalis.com\/tunisie\/2023\/12\/19\/ift-projection-du-film-inedit-pourquoi-les-mille-et-une-nuits-de-mohamed-nacer-khemir\/#primaryimage\"},\"thumbnailUrl\":\"https:\/\/kapitalis.com\/tunisie\/wp-content\/uploads\/2023\/12\/Pourquoi-les-Mille-et-Une-Nuits.jpg\",\"datePublished\":\"2023-12-19T20:58:12+00:00\",\"dateModified\":\"2023-12-19T21:02:56+00:00\",\"breadcrumb\":{\"@id\":\"https:\/\/kapitalis.com\/tunisie\/2023\/12\/19\/ift-projection-du-film-inedit-pourquoi-les-mille-et-une-nuits-de-mohamed-nacer-khemir\/#breadcrumb\"},\"inLanguage\":\"fr-FR\",\"potentialAction\":[{\"@type\":\"ReadAction\",\"target\":[\"https:\/\/kapitalis.com\/tunisie\/2023\/12\/19\/ift-projection-du-film-inedit-pourquoi-les-mille-et-une-nuits-de-mohamed-nacer-khemir\/\"]}]},{\"@type\":\"ImageObject\",\"inLanguage\":\"fr-FR\",\"@id\":\"https:\/\/kapitalis.com\/tunisie\/2023\/12\/19\/ift-projection-du-film-inedit-pourquoi-les-mille-et-une-nuits-de-mohamed-nacer-khemir\/#primaryimage\",\"url\":\"https:\/\/kapitalis.com\/tunisie\/wp-content\/uploads\/2023\/12\/Pourquoi-les-Mille-et-Une-Nuits.jpg\",\"contentUrl\":\"https:\/\/kapitalis.com\/tunisie\/wp-content\/uploads\/2023\/12\/Pourquoi-les-Mille-et-Une-Nuits.jpg\",\"width\":1200,\"height\":630},{\"@type\":\"BreadcrumbList\",\"@id\":\"https:\/\/kapitalis.com\/tunisie\/2023\/12\/19\/ift-projection-du-film-inedit-pourquoi-les-mille-et-une-nuits-de-mohamed-nacer-khemir\/#breadcrumb\",\"itemListElement\":[{\"@type\":\"ListItem\",\"position\":1,\"name\":\"Accueil\",\"item\":\"https:\/\/kapitalis.com\/tunisie\/\"},{\"@type\":\"ListItem\",\"position\":2,\"name\":\"IFT : Projection du film in\u00e9dit \u00ab\u00a0Pourquoi les Mille et Une Nuits ?\u00a0\u00bb de Mohamed Nacer Khemir\"}]},{\"@type\":\"WebSite\",\"@id\":\"https:\/\/kapitalis.com\/tunisie\/#website\",\"url\":\"https:\/\/kapitalis.com\/tunisie\/\",\"name\":\"Kapitalis\",\"description\":\"L&#039;actualit\u00e9 en Tunisie et dans le monde\",\"publisher\":{\"@id\":\"https:\/\/kapitalis.com\/tunisie\/#organization\"},\"potentialAction\":[{\"@type\":\"SearchAction\",\"target\":{\"@type\":\"EntryPoint\",\"urlTemplate\":\"https:\/\/kapitalis.com\/tunisie\/?s={search_term_string}\"},\"query-input\":{\"@type\":\"PropertyValueSpecification\",\"valueRequired\":true,\"valueName\":\"search_term_string\"}}],\"inLanguage\":\"fr-FR\"},{\"@type\":\"Organization\",\"@id\":\"https:\/\/kapitalis.com\/tunisie\/#organization\",\"name\":\"Kapitalis\",\"url\":\"https:\/\/kapitalis.com\/tunisie\/\",\"logo\":{\"@type\":\"ImageObject\",\"inLanguage\":\"fr-FR\",\"@id\":\"https:\/\/kapitalis.com\/tunisie\/#\/schema\/logo\/image\/\",\"url\":\"https:\/\/kapitalis.com\/tunisie\/wp-content\/uploads\/2022\/05\/Kapitalis-big-size.png\",\"contentUrl\":\"https:\/\/kapitalis.com\/tunisie\/wp-content\/uploads\/2022\/05\/Kapitalis-big-size.png\",\"width\":5000,\"height\":1500,\"caption\":\"Kapitalis\"},\"image\":{\"@id\":\"https:\/\/kapitalis.com\/tunisie\/#\/schema\/logo\/image\/\"},\"sameAs\":[\"https:\/\/www.facebook.com\/KapitalisInfo\/\",\"https:\/\/x.com\/KapitalisInfo\",\"https:\/\/www.youtube.com\/channel\/UC-yDYrHyfFBWWZaOw3FPg9Q\"]},{\"@type\":\"Person\",\"@id\":\"https:\/\/kapitalis.com\/tunisie\/#\/schema\/person\/74bbde0154d49d790a92aaeac5bc01d5\",\"name\":\"Yusra NY\",\"url\":\"https:\/\/kapitalis.com\/tunisie\/author\/yuza_adam\/\"}]}<\/script>\n<!-- \/ Yoast SEO plugin. -->","yoast_head_json":{"title":"IFT : Projection du film in\u00e9dit \"Pourquoi les Mille et Une Nuits ?\" de Mohamed Nacer Khemir - Kapitalis","robots":{"index":"index","follow":"follow","max-snippet":"max-snippet:-1","max-image-preview":"max-image-preview:large","max-video-preview":"max-video-preview:-1"},"canonical":"https:\/\/kapitalis.com\/tunisie\/2023\/12\/19\/ift-projection-du-film-inedit-pourquoi-les-mille-et-une-nuits-de-mohamed-nacer-khemir\/","og_locale":"fr_FR","og_type":"article","og_title":"IFT : Projection du film in\u00e9dit \"Pourquoi les Mille et Une Nuits ?\" de Mohamed Nacer Khemir - Kapitalis","og_description":"A l\u2019occasion de la Journ\u00e9e internationale de la langue arabe c\u00e9l\u00e9br\u00e9e le 18 d\u00e9cembre*, l\u2019Institut fran\u00e7ais de Tunisie (IFT) organise la projection du film in\u00e9dit \u00ab\u00a0Pourquoi les Mille et Une Nuits ? \u00ab\u00a0de Mohamed Nacer Khemir (90 mn, 1990).","og_url":"https:\/\/kapitalis.com\/tunisie\/2023\/12\/19\/ift-projection-du-film-inedit-pourquoi-les-mille-et-une-nuits-de-mohamed-nacer-khemir\/","og_site_name":"Kapitalis","article_publisher":"https:\/\/www.facebook.com\/KapitalisInfo\/","article_published_time":"2023-12-19T20:58:12+00:00","article_modified_time":"2023-12-19T21:02:56+00:00","og_image":[{"width":1200,"height":630,"url":"https:\/\/kapitalis.com\/tunisie\/wp-content\/uploads\/2023\/12\/Pourquoi-les-Mille-et-Une-Nuits.jpg","type":"image\/jpeg"}],"author":"Yusra NY","twitter_card":"summary_large_image","twitter_creator":"@KapitalisInfo","twitter_site":"@KapitalisInfo","twitter_misc":{"\u00c9crit par":"Yusra NY","Dur\u00e9e de lecture estim\u00e9e":"1 minute"},"schema":{"@context":"https:\/\/schema.org","@graph":[{"@type":"Article","@id":"https:\/\/kapitalis.com\/tunisie\/2023\/12\/19\/ift-projection-du-film-inedit-pourquoi-les-mille-et-une-nuits-de-mohamed-nacer-khemir\/#article","isPartOf":{"@id":"https:\/\/kapitalis.com\/tunisie\/2023\/12\/19\/ift-projection-du-film-inedit-pourquoi-les-mille-et-une-nuits-de-mohamed-nacer-khemir\/"},"author":{"name":"Yusra NY","@id":"https:\/\/kapitalis.com\/tunisie\/#\/schema\/person\/74bbde0154d49d790a92aaeac5bc01d5"},"headline":"IFT : Projection du film in\u00e9dit \u00ab\u00a0Pourquoi les Mille et Une Nuits ?\u00a0\u00bb de Mohamed Nacer Khemir","datePublished":"2023-12-19T20:58:12+00:00","dateModified":"2023-12-19T21:02:56+00:00","mainEntityOfPage":{"@id":"https:\/\/kapitalis.com\/tunisie\/2023\/12\/19\/ift-projection-du-film-inedit-pourquoi-les-mille-et-une-nuits-de-mohamed-nacer-khemir\/"},"wordCount":303,"commentCount":0,"publisher":{"@id":"https:\/\/kapitalis.com\/tunisie\/#organization"},"image":{"@id":"https:\/\/kapitalis.com\/tunisie\/2023\/12\/19\/ift-projection-du-film-inedit-pourquoi-les-mille-et-une-nuits-de-mohamed-nacer-khemir\/#primaryimage"},"thumbnailUrl":"https:\/\/kapitalis.com\/tunisie\/wp-content\/uploads\/2023\/12\/Pourquoi-les-Mille-et-Une-Nuits.jpg","keywords":["Andr\u00e9 Miquel","IFT","Institut fran\u00e7ais","les Mille et Une Nuits","Sabrine Ghannoudi","Tunisie"],"articleSection":["CULTURE","Tunisie"],"inLanguage":"fr-FR","potentialAction":[{"@type":"CommentAction","name":"Comment","target":["https:\/\/kapitalis.com\/tunisie\/2023\/12\/19\/ift-projection-du-film-inedit-pourquoi-les-mille-et-une-nuits-de-mohamed-nacer-khemir\/#respond"]}]},{"@type":"WebPage","@id":"https:\/\/kapitalis.com\/tunisie\/2023\/12\/19\/ift-projection-du-film-inedit-pourquoi-les-mille-et-une-nuits-de-mohamed-nacer-khemir\/","url":"https:\/\/kapitalis.com\/tunisie\/2023\/12\/19\/ift-projection-du-film-inedit-pourquoi-les-mille-et-une-nuits-de-mohamed-nacer-khemir\/","name":"IFT : Projection du film in\u00e9dit \"Pourquoi les Mille et Une Nuits ?\" de Mohamed Nacer Khemir - Kapitalis","isPartOf":{"@id":"https:\/\/kapitalis.com\/tunisie\/#website"},"primaryImageOfPage":{"@id":"https:\/\/kapitalis.com\/tunisie\/2023\/12\/19\/ift-projection-du-film-inedit-pourquoi-les-mille-et-une-nuits-de-mohamed-nacer-khemir\/#primaryimage"},"image":{"@id":"https:\/\/kapitalis.com\/tunisie\/2023\/12\/19\/ift-projection-du-film-inedit-pourquoi-les-mille-et-une-nuits-de-mohamed-nacer-khemir\/#primaryimage"},"thumbnailUrl":"https:\/\/kapitalis.com\/tunisie\/wp-content\/uploads\/2023\/12\/Pourquoi-les-Mille-et-Une-Nuits.jpg","datePublished":"2023-12-19T20:58:12+00:00","dateModified":"2023-12-19T21:02:56+00:00","breadcrumb":{"@id":"https:\/\/kapitalis.com\/tunisie\/2023\/12\/19\/ift-projection-du-film-inedit-pourquoi-les-mille-et-une-nuits-de-mohamed-nacer-khemir\/#breadcrumb"},"inLanguage":"fr-FR","potentialAction":[{"@type":"ReadAction","target":["https:\/\/kapitalis.com\/tunisie\/2023\/12\/19\/ift-projection-du-film-inedit-pourquoi-les-mille-et-une-nuits-de-mohamed-nacer-khemir\/"]}]},{"@type":"ImageObject","inLanguage":"fr-FR","@id":"https:\/\/kapitalis.com\/tunisie\/2023\/12\/19\/ift-projection-du-film-inedit-pourquoi-les-mille-et-une-nuits-de-mohamed-nacer-khemir\/#primaryimage","url":"https:\/\/kapitalis.com\/tunisie\/wp-content\/uploads\/2023\/12\/Pourquoi-les-Mille-et-Une-Nuits.jpg","contentUrl":"https:\/\/kapitalis.com\/tunisie\/wp-content\/uploads\/2023\/12\/Pourquoi-les-Mille-et-Une-Nuits.jpg","width":1200,"height":630},{"@type":"BreadcrumbList","@id":"https:\/\/kapitalis.com\/tunisie\/2023\/12\/19\/ift-projection-du-film-inedit-pourquoi-les-mille-et-une-nuits-de-mohamed-nacer-khemir\/#breadcrumb","itemListElement":[{"@type":"ListItem","position":1,"name":"Accueil","item":"https:\/\/kapitalis.com\/tunisie\/"},{"@type":"ListItem","position":2,"name":"IFT : Projection du film in\u00e9dit \u00ab\u00a0Pourquoi les Mille et Une Nuits ?\u00a0\u00bb de Mohamed Nacer Khemir"}]},{"@type":"WebSite","@id":"https:\/\/kapitalis.com\/tunisie\/#website","url":"https:\/\/kapitalis.com\/tunisie\/","name":"Kapitalis","description":"L&#039;actualit\u00e9 en Tunisie et dans le monde","publisher":{"@id":"https:\/\/kapitalis.com\/tunisie\/#organization"},"potentialAction":[{"@type":"SearchAction","target":{"@type":"EntryPoint","urlTemplate":"https:\/\/kapitalis.com\/tunisie\/?s={search_term_string}"},"query-input":{"@type":"PropertyValueSpecification","valueRequired":true,"valueName":"search_term_string"}}],"inLanguage":"fr-FR"},{"@type":"Organization","@id":"https:\/\/kapitalis.com\/tunisie\/#organization","name":"Kapitalis","url":"https:\/\/kapitalis.com\/tunisie\/","logo":{"@type":"ImageObject","inLanguage":"fr-FR","@id":"https:\/\/kapitalis.com\/tunisie\/#\/schema\/logo\/image\/","url":"https:\/\/kapitalis.com\/tunisie\/wp-content\/uploads\/2022\/05\/Kapitalis-big-size.png","contentUrl":"https:\/\/kapitalis.com\/tunisie\/wp-content\/uploads\/2022\/05\/Kapitalis-big-size.png","width":5000,"height":1500,"caption":"Kapitalis"},"image":{"@id":"https:\/\/kapitalis.com\/tunisie\/#\/schema\/logo\/image\/"},"sameAs":["https:\/\/www.facebook.com\/KapitalisInfo\/","https:\/\/x.com\/KapitalisInfo","https:\/\/www.youtube.com\/channel\/UC-yDYrHyfFBWWZaOw3FPg9Q"]},{"@type":"Person","@id":"https:\/\/kapitalis.com\/tunisie\/#\/schema\/person\/74bbde0154d49d790a92aaeac5bc01d5","name":"Yusra NY","url":"https:\/\/kapitalis.com\/tunisie\/author\/yuza_adam\/"}]}},"_links":{"self":[{"href":"https:\/\/kapitalis.com\/tunisie\/wp-json\/wp\/v2\/posts\/10967420","targetHints":{"allow":["GET"]}}],"collection":[{"href":"https:\/\/kapitalis.com\/tunisie\/wp-json\/wp\/v2\/posts"}],"about":[{"href":"https:\/\/kapitalis.com\/tunisie\/wp-json\/wp\/v2\/types\/post"}],"author":[{"embeddable":true,"href":"https:\/\/kapitalis.com\/tunisie\/wp-json\/wp\/v2\/users\/6"}],"replies":[{"embeddable":true,"href":"https:\/\/kapitalis.com\/tunisie\/wp-json\/wp\/v2\/comments?post=10967420"}],"version-history":[{"count":3,"href":"https:\/\/kapitalis.com\/tunisie\/wp-json\/wp\/v2\/posts\/10967420\/revisions"}],"predecessor-version":[{"id":10967741,"href":"https:\/\/kapitalis.com\/tunisie\/wp-json\/wp\/v2\/posts\/10967420\/revisions\/10967741"}],"wp:featuredmedia":[{"embeddable":true,"href":"https:\/\/kapitalis.com\/tunisie\/wp-json\/wp\/v2\/media\/10967688"}],"wp:attachment":[{"href":"https:\/\/kapitalis.com\/tunisie\/wp-json\/wp\/v2\/media?parent=10967420"}],"wp:term":[{"taxonomy":"category","embeddable":true,"href":"https:\/\/kapitalis.com\/tunisie\/wp-json\/wp\/v2\/categories?post=10967420"},{"taxonomy":"post_tag","embeddable":true,"href":"https:\/\/kapitalis.com\/tunisie\/wp-json\/wp\/v2\/tags?post=10967420"}],"curies":[{"name":"wp","href":"https:\/\/api.w.org\/{rel}","templated":true}]}}