{"id":109688,"date":"2017-08-09T08:58:37","date_gmt":"2017-08-09T07:58:37","guid":{"rendered":"http:\/\/kapitalis.com\/tunisie\/?p=109688"},"modified":"2017-08-09T08:58:37","modified_gmt":"2017-08-09T07:58:37","slug":"la-marsa-yasmine-azaiez-presente-fabulous-a-lagora","status":"publish","type":"post","link":"https:\/\/kapitalis.com\/tunisie\/2017\/08\/09\/la-marsa-yasmine-azaiez-presente-fabulous-a-lagora\/","title":{"rendered":"La Marsa : Yasmine Azaiez pr\u00e9sente \u2018\u2018Fabulous\u2019\u2019 \u00e0 l\u2019Agora"},"content":{"rendered":"<p style=\"text-align: center;\"><img loading=\"lazy\" decoding=\"async\" class=\"alignnone size-full wp-image-109689\" src=\"http:\/\/kapitalis.com\/tunisie\/wp-content\/uploads\/2017\/08\/Fabulous-Tasmine-Azaiez.jpg\" alt=\"\" width=\"626\" height=\"380\" \/><\/p>\n<p><em><strong>La jeune violoniste et compositrice Yasmine Azaiez donnera un concert, le mardi 15 ao\u00fbt 2017, \u00e0 l\u2019espace Agora, \u00e0 la Marsa.<\/strong><\/em><\/p>\n<p><!--more--><\/p>\n<p>Ce concert destin\u00e9 \u00e0 la promotion de son nouvel album <em>\u2018\u2018Fabulous\u2019\u2019<\/em> sera suivi d\u2019une s\u00e9ance de d\u00e9dicaces.<\/p>\n<p>Dans ce 3e album, la jeune virtuose du violon s\u2019est montr\u00e9e plus cr\u00e9ative que jamais en le concevant comme un disque universel et tr\u00e8s moderne, t\u00e9moignant de sa grande maturit\u00e9 et de sa capacit\u00e9 \u00e0 m\u00e9langer les styles.<\/p>\n<p><em>\u2018\u2018Fabulous\u2019\u2019<\/em> c\u2019est aussi le nom du spectacle que Yasmine Azaiez donnera, deux jours plus tard, le 17 ao\u00fbt, dans le cadre de la 53e \u00e9dition du Festival international de Carthage.<\/p>\n<p>La jeune artiste donnera un show in\u00e9dit et haut en couleur \u00e0 l\u2019image de son nouveau projet artistique m\u00e9tiss\u00e9, tout comme sa personnalit\u00e9 vivace et \u00e0 ses influences multiples.<\/p>\n<p>Avec une trentaine de musiciens tunisiens et \u00e9trangers, de grands danseurs et une mise en sc\u00e8ne fabuleuse \u00e0 l\u2019image de son disque, Yasmine Azaiez promet \u00e0 son public un show digne des plus grandes stars mondiales.<\/p>\n<p>La soir\u00e9e de lancement du nouvel album de Yasmine Azaiez \u00e0 l\u2019Agora d\u00e9butera par un concert \u00e0 20h qui sera suivi par une s\u00e9ance de d\u00e9dicaces \u00e0 partir de 21h30.<\/p>\n<p>Le prix de l\u2019album est fix\u00e9 \u00e0 10 DT.<\/p>\n<p style=\"text-align: right;\"><strong>Fawz Ben Ali<\/strong><\/p>\n","protected":false},"excerpt":{"rendered":"<p>La jeune violoniste et compositrice Yasmine Azaiez donnera un concert, le mardi 15 ao\u00fbt 2017, \u00e0 l\u2019espace Agora, \u00e0 la Marsa.<\/p>\n","protected":false},"author":8,"featured_media":109689,"comment_status":"open","ping_status":"open","sticky":false,"template":"","format":"standard","meta":{"footnotes":""},"categories":[994,2433],"tags":[2616,18196,2991,17471],"class_list":["post-109688","post","type-post","status-publish","format-standard","has-post-thumbnail","hentry","category-culture","category-tunisie","tag-festival-international-de-carthage","tag-lagora","tag-la-marsa","tag-yasmine-azaiez"],"yoast_head":"<!-- This site is optimized with the Yoast SEO plugin v26.6 - https:\/\/yoast.com\/wordpress\/plugins\/seo\/ -->\n<title>La Marsa : Yasmine Azaiez pr\u00e9sente \u2018\u2018Fabulous\u2019\u2019 \u00e0 l\u2019Agora - Kapitalis<\/title>\n<meta name=\"robots\" content=\"index, follow, max-snippet:-1, max-image-preview:large, max-video-preview:-1\" \/>\n<link rel=\"canonical\" href=\"https:\/\/kapitalis.com\/tunisie\/2017\/08\/09\/la-marsa-yasmine-azaiez-presente-fabulous-a-lagora\/\" \/>\n<meta property=\"og:locale\" content=\"fr_FR\" \/>\n<meta property=\"og:type\" content=\"article\" \/>\n<meta property=\"og:title\" content=\"La Marsa : Yasmine Azaiez pr\u00e9sente \u2018\u2018Fabulous\u2019\u2019 \u00e0 l\u2019Agora - Kapitalis\" \/>\n<meta property=\"og:description\" content=\"La jeune violoniste et compositrice Yasmine Azaiez donnera un concert, le mardi 15 ao\u00fbt 2017, \u00e0 l\u2019espace Agora, \u00e0 la Marsa.\" \/>\n<meta property=\"og:url\" content=\"https:\/\/kapitalis.com\/tunisie\/2017\/08\/09\/la-marsa-yasmine-azaiez-presente-fabulous-a-lagora\/\" \/>\n<meta property=\"og:site_name\" content=\"Kapitalis\" \/>\n<meta property=\"article:publisher\" content=\"https:\/\/www.facebook.com\/KapitalisInfo\/\" \/>\n<meta property=\"article:published_time\" content=\"2017-08-09T07:58:37+00:00\" \/>\n<meta property=\"og:image\" content=\"https:\/\/kapitalis.com\/tunisie\/wp-content\/uploads\/2022\/05\/kapitalis-logo-fb.png\" \/>\n\t<meta property=\"og:image:width\" content=\"1200\" \/>\n\t<meta property=\"og:image:height\" content=\"630\" \/>\n\t<meta property=\"og:image:type\" content=\"image\/png\" \/>\n<meta name=\"author\" content=\"webmaster kapitalis\" \/>\n<meta name=\"twitter:card\" content=\"summary_large_image\" \/>\n<meta name=\"twitter:creator\" content=\"@KapitalisInfo\" \/>\n<meta name=\"twitter:site\" content=\"@KapitalisInfo\" \/>\n<meta name=\"twitter:label1\" content=\"\u00c9crit par\" \/>\n\t<meta name=\"twitter:data1\" content=\"webmaster kapitalis\" \/>\n\t<meta name=\"twitter:label2\" content=\"Dur\u00e9e de lecture estim\u00e9e\" \/>\n\t<meta name=\"twitter:data2\" content=\"1 minute\" \/>\n<script type=\"application\/ld+json\" class=\"yoast-schema-graph\">{\"@context\":\"https:\/\/schema.org\",\"@graph\":[{\"@type\":\"Article\",\"@id\":\"https:\/\/kapitalis.com\/tunisie\/2017\/08\/09\/la-marsa-yasmine-azaiez-presente-fabulous-a-lagora\/#article\",\"isPartOf\":{\"@id\":\"https:\/\/kapitalis.com\/tunisie\/2017\/08\/09\/la-marsa-yasmine-azaiez-presente-fabulous-a-lagora\/\"},\"author\":{\"name\":\"webmaster kapitalis\",\"@id\":\"https:\/\/kapitalis.com\/tunisie\/#\/schema\/person\/d71f33a9ca44f7bad4698210b480c8e9\"},\"headline\":\"La Marsa : Yasmine Azaiez pr\u00e9sente \u2018\u2018Fabulous\u2019\u2019 \u00e0 l\u2019Agora\",\"datePublished\":\"2017-08-09T07:58:37+00:00\",\"mainEntityOfPage\":{\"@id\":\"https:\/\/kapitalis.com\/tunisie\/2017\/08\/09\/la-marsa-yasmine-azaiez-presente-fabulous-a-lagora\/\"},\"wordCount\":230,\"commentCount\":1,\"publisher\":{\"@id\":\"https:\/\/kapitalis.com\/tunisie\/#organization\"},\"image\":{\"@id\":\"https:\/\/kapitalis.com\/tunisie\/2017\/08\/09\/la-marsa-yasmine-azaiez-presente-fabulous-a-lagora\/#primaryimage\"},\"thumbnailUrl\":\"\",\"keywords\":[\"Festival international de Carthage\",\"L\u2019Agora\",\"La Marsa\",\"Yasmine Azaiez\"],\"articleSection\":[\"CULTURE\",\"Tunisie\"],\"inLanguage\":\"fr-FR\",\"potentialAction\":[{\"@type\":\"CommentAction\",\"name\":\"Comment\",\"target\":[\"https:\/\/kapitalis.com\/tunisie\/2017\/08\/09\/la-marsa-yasmine-azaiez-presente-fabulous-a-lagora\/#respond\"]}]},{\"@type\":\"WebPage\",\"@id\":\"https:\/\/kapitalis.com\/tunisie\/2017\/08\/09\/la-marsa-yasmine-azaiez-presente-fabulous-a-lagora\/\",\"url\":\"https:\/\/kapitalis.com\/tunisie\/2017\/08\/09\/la-marsa-yasmine-azaiez-presente-fabulous-a-lagora\/\",\"name\":\"La Marsa : Yasmine Azaiez pr\u00e9sente \u2018\u2018Fabulous\u2019\u2019 \u00e0 l\u2019Agora - Kapitalis\",\"isPartOf\":{\"@id\":\"https:\/\/kapitalis.com\/tunisie\/#website\"},\"primaryImageOfPage\":{\"@id\":\"https:\/\/kapitalis.com\/tunisie\/2017\/08\/09\/la-marsa-yasmine-azaiez-presente-fabulous-a-lagora\/#primaryimage\"},\"image\":{\"@id\":\"https:\/\/kapitalis.com\/tunisie\/2017\/08\/09\/la-marsa-yasmine-azaiez-presente-fabulous-a-lagora\/#primaryimage\"},\"thumbnailUrl\":\"\",\"datePublished\":\"2017-08-09T07:58:37+00:00\",\"breadcrumb\":{\"@id\":\"https:\/\/kapitalis.com\/tunisie\/2017\/08\/09\/la-marsa-yasmine-azaiez-presente-fabulous-a-lagora\/#breadcrumb\"},\"inLanguage\":\"fr-FR\",\"potentialAction\":[{\"@type\":\"ReadAction\",\"target\":[\"https:\/\/kapitalis.com\/tunisie\/2017\/08\/09\/la-marsa-yasmine-azaiez-presente-fabulous-a-lagora\/\"]}]},{\"@type\":\"ImageObject\",\"inLanguage\":\"fr-FR\",\"@id\":\"https:\/\/kapitalis.com\/tunisie\/2017\/08\/09\/la-marsa-yasmine-azaiez-presente-fabulous-a-lagora\/#primaryimage\",\"url\":\"\",\"contentUrl\":\"\"},{\"@type\":\"BreadcrumbList\",\"@id\":\"https:\/\/kapitalis.com\/tunisie\/2017\/08\/09\/la-marsa-yasmine-azaiez-presente-fabulous-a-lagora\/#breadcrumb\",\"itemListElement\":[{\"@type\":\"ListItem\",\"position\":1,\"name\":\"Accueil\",\"item\":\"https:\/\/kapitalis.com\/tunisie\/\"},{\"@type\":\"ListItem\",\"position\":2,\"name\":\"La Marsa : Yasmine Azaiez pr\u00e9sente \u2018\u2018Fabulous\u2019\u2019 \u00e0 l\u2019Agora\"}]},{\"@type\":\"WebSite\",\"@id\":\"https:\/\/kapitalis.com\/tunisie\/#website\",\"url\":\"https:\/\/kapitalis.com\/tunisie\/\",\"name\":\"Kapitalis\",\"description\":\"L&#039;actualit\u00e9 en Tunisie et dans le monde\",\"publisher\":{\"@id\":\"https:\/\/kapitalis.com\/tunisie\/#organization\"},\"potentialAction\":[{\"@type\":\"SearchAction\",\"target\":{\"@type\":\"EntryPoint\",\"urlTemplate\":\"https:\/\/kapitalis.com\/tunisie\/?s={search_term_string}\"},\"query-input\":{\"@type\":\"PropertyValueSpecification\",\"valueRequired\":true,\"valueName\":\"search_term_string\"}}],\"inLanguage\":\"fr-FR\"},{\"@type\":\"Organization\",\"@id\":\"https:\/\/kapitalis.com\/tunisie\/#organization\",\"name\":\"Kapitalis\",\"url\":\"https:\/\/kapitalis.com\/tunisie\/\",\"logo\":{\"@type\":\"ImageObject\",\"inLanguage\":\"fr-FR\",\"@id\":\"https:\/\/kapitalis.com\/tunisie\/#\/schema\/logo\/image\/\",\"url\":\"https:\/\/kapitalis.com\/tunisie\/wp-content\/uploads\/2022\/05\/Kapitalis-big-size.png\",\"contentUrl\":\"https:\/\/kapitalis.com\/tunisie\/wp-content\/uploads\/2022\/05\/Kapitalis-big-size.png\",\"width\":5000,\"height\":1500,\"caption\":\"Kapitalis\"},\"image\":{\"@id\":\"https:\/\/kapitalis.com\/tunisie\/#\/schema\/logo\/image\/\"},\"sameAs\":[\"https:\/\/www.facebook.com\/KapitalisInfo\/\",\"https:\/\/x.com\/KapitalisInfo\",\"https:\/\/www.youtube.com\/channel\/UC-yDYrHyfFBWWZaOw3FPg9Q\"]},{\"@type\":\"Person\",\"@id\":\"https:\/\/kapitalis.com\/tunisie\/#\/schema\/person\/d71f33a9ca44f7bad4698210b480c8e9\",\"name\":\"webmaster kapitalis\",\"url\":\"https:\/\/kapitalis.com\/tunisie\/author\/webmaster-kapitalis\/\"}]}<\/script>\n<!-- \/ Yoast SEO plugin. -->","yoast_head_json":{"title":"La Marsa : Yasmine Azaiez pr\u00e9sente \u2018\u2018Fabulous\u2019\u2019 \u00e0 l\u2019Agora - Kapitalis","robots":{"index":"index","follow":"follow","max-snippet":"max-snippet:-1","max-image-preview":"max-image-preview:large","max-video-preview":"max-video-preview:-1"},"canonical":"https:\/\/kapitalis.com\/tunisie\/2017\/08\/09\/la-marsa-yasmine-azaiez-presente-fabulous-a-lagora\/","og_locale":"fr_FR","og_type":"article","og_title":"La Marsa : Yasmine Azaiez pr\u00e9sente \u2018\u2018Fabulous\u2019\u2019 \u00e0 l\u2019Agora - Kapitalis","og_description":"La jeune violoniste et compositrice Yasmine Azaiez donnera un concert, le mardi 15 ao\u00fbt 2017, \u00e0 l\u2019espace Agora, \u00e0 la Marsa.","og_url":"https:\/\/kapitalis.com\/tunisie\/2017\/08\/09\/la-marsa-yasmine-azaiez-presente-fabulous-a-lagora\/","og_site_name":"Kapitalis","article_publisher":"https:\/\/www.facebook.com\/KapitalisInfo\/","article_published_time":"2017-08-09T07:58:37+00:00","og_image":[{"width":1200,"height":630,"url":"https:\/\/kapitalis.com\/tunisie\/wp-content\/uploads\/2022\/05\/kapitalis-logo-fb.png","type":"image\/png"}],"author":"webmaster kapitalis","twitter_card":"summary_large_image","twitter_creator":"@KapitalisInfo","twitter_site":"@KapitalisInfo","twitter_misc":{"\u00c9crit par":"webmaster kapitalis","Dur\u00e9e de lecture estim\u00e9e":"1 minute"},"schema":{"@context":"https:\/\/schema.org","@graph":[{"@type":"Article","@id":"https:\/\/kapitalis.com\/tunisie\/2017\/08\/09\/la-marsa-yasmine-azaiez-presente-fabulous-a-lagora\/#article","isPartOf":{"@id":"https:\/\/kapitalis.com\/tunisie\/2017\/08\/09\/la-marsa-yasmine-azaiez-presente-fabulous-a-lagora\/"},"author":{"name":"webmaster kapitalis","@id":"https:\/\/kapitalis.com\/tunisie\/#\/schema\/person\/d71f33a9ca44f7bad4698210b480c8e9"},"headline":"La Marsa : Yasmine Azaiez pr\u00e9sente \u2018\u2018Fabulous\u2019\u2019 \u00e0 l\u2019Agora","datePublished":"2017-08-09T07:58:37+00:00","mainEntityOfPage":{"@id":"https:\/\/kapitalis.com\/tunisie\/2017\/08\/09\/la-marsa-yasmine-azaiez-presente-fabulous-a-lagora\/"},"wordCount":230,"commentCount":1,"publisher":{"@id":"https:\/\/kapitalis.com\/tunisie\/#organization"},"image":{"@id":"https:\/\/kapitalis.com\/tunisie\/2017\/08\/09\/la-marsa-yasmine-azaiez-presente-fabulous-a-lagora\/#primaryimage"},"thumbnailUrl":"","keywords":["Festival international de Carthage","L\u2019Agora","La Marsa","Yasmine Azaiez"],"articleSection":["CULTURE","Tunisie"],"inLanguage":"fr-FR","potentialAction":[{"@type":"CommentAction","name":"Comment","target":["https:\/\/kapitalis.com\/tunisie\/2017\/08\/09\/la-marsa-yasmine-azaiez-presente-fabulous-a-lagora\/#respond"]}]},{"@type":"WebPage","@id":"https:\/\/kapitalis.com\/tunisie\/2017\/08\/09\/la-marsa-yasmine-azaiez-presente-fabulous-a-lagora\/","url":"https:\/\/kapitalis.com\/tunisie\/2017\/08\/09\/la-marsa-yasmine-azaiez-presente-fabulous-a-lagora\/","name":"La Marsa : Yasmine Azaiez pr\u00e9sente \u2018\u2018Fabulous\u2019\u2019 \u00e0 l\u2019Agora - Kapitalis","isPartOf":{"@id":"https:\/\/kapitalis.com\/tunisie\/#website"},"primaryImageOfPage":{"@id":"https:\/\/kapitalis.com\/tunisie\/2017\/08\/09\/la-marsa-yasmine-azaiez-presente-fabulous-a-lagora\/#primaryimage"},"image":{"@id":"https:\/\/kapitalis.com\/tunisie\/2017\/08\/09\/la-marsa-yasmine-azaiez-presente-fabulous-a-lagora\/#primaryimage"},"thumbnailUrl":"","datePublished":"2017-08-09T07:58:37+00:00","breadcrumb":{"@id":"https:\/\/kapitalis.com\/tunisie\/2017\/08\/09\/la-marsa-yasmine-azaiez-presente-fabulous-a-lagora\/#breadcrumb"},"inLanguage":"fr-FR","potentialAction":[{"@type":"ReadAction","target":["https:\/\/kapitalis.com\/tunisie\/2017\/08\/09\/la-marsa-yasmine-azaiez-presente-fabulous-a-lagora\/"]}]},{"@type":"ImageObject","inLanguage":"fr-FR","@id":"https:\/\/kapitalis.com\/tunisie\/2017\/08\/09\/la-marsa-yasmine-azaiez-presente-fabulous-a-lagora\/#primaryimage","url":"","contentUrl":""},{"@type":"BreadcrumbList","@id":"https:\/\/kapitalis.com\/tunisie\/2017\/08\/09\/la-marsa-yasmine-azaiez-presente-fabulous-a-lagora\/#breadcrumb","itemListElement":[{"@type":"ListItem","position":1,"name":"Accueil","item":"https:\/\/kapitalis.com\/tunisie\/"},{"@type":"ListItem","position":2,"name":"La Marsa : Yasmine Azaiez pr\u00e9sente \u2018\u2018Fabulous\u2019\u2019 \u00e0 l\u2019Agora"}]},{"@type":"WebSite","@id":"https:\/\/kapitalis.com\/tunisie\/#website","url":"https:\/\/kapitalis.com\/tunisie\/","name":"Kapitalis","description":"L&#039;actualit\u00e9 en Tunisie et dans le monde","publisher":{"@id":"https:\/\/kapitalis.com\/tunisie\/#organization"},"potentialAction":[{"@type":"SearchAction","target":{"@type":"EntryPoint","urlTemplate":"https:\/\/kapitalis.com\/tunisie\/?s={search_term_string}"},"query-input":{"@type":"PropertyValueSpecification","valueRequired":true,"valueName":"search_term_string"}}],"inLanguage":"fr-FR"},{"@type":"Organization","@id":"https:\/\/kapitalis.com\/tunisie\/#organization","name":"Kapitalis","url":"https:\/\/kapitalis.com\/tunisie\/","logo":{"@type":"ImageObject","inLanguage":"fr-FR","@id":"https:\/\/kapitalis.com\/tunisie\/#\/schema\/logo\/image\/","url":"https:\/\/kapitalis.com\/tunisie\/wp-content\/uploads\/2022\/05\/Kapitalis-big-size.png","contentUrl":"https:\/\/kapitalis.com\/tunisie\/wp-content\/uploads\/2022\/05\/Kapitalis-big-size.png","width":5000,"height":1500,"caption":"Kapitalis"},"image":{"@id":"https:\/\/kapitalis.com\/tunisie\/#\/schema\/logo\/image\/"},"sameAs":["https:\/\/www.facebook.com\/KapitalisInfo\/","https:\/\/x.com\/KapitalisInfo","https:\/\/www.youtube.com\/channel\/UC-yDYrHyfFBWWZaOw3FPg9Q"]},{"@type":"Person","@id":"https:\/\/kapitalis.com\/tunisie\/#\/schema\/person\/d71f33a9ca44f7bad4698210b480c8e9","name":"webmaster kapitalis","url":"https:\/\/kapitalis.com\/tunisie\/author\/webmaster-kapitalis\/"}]}},"_links":{"self":[{"href":"https:\/\/kapitalis.com\/tunisie\/wp-json\/wp\/v2\/posts\/109688","targetHints":{"allow":["GET"]}}],"collection":[{"href":"https:\/\/kapitalis.com\/tunisie\/wp-json\/wp\/v2\/posts"}],"about":[{"href":"https:\/\/kapitalis.com\/tunisie\/wp-json\/wp\/v2\/types\/post"}],"author":[{"embeddable":true,"href":"https:\/\/kapitalis.com\/tunisie\/wp-json\/wp\/v2\/users\/8"}],"replies":[{"embeddable":true,"href":"https:\/\/kapitalis.com\/tunisie\/wp-json\/wp\/v2\/comments?post=109688"}],"version-history":[{"count":0,"href":"https:\/\/kapitalis.com\/tunisie\/wp-json\/wp\/v2\/posts\/109688\/revisions"}],"wp:featuredmedia":[{"embeddable":true,"href":"https:\/\/kapitalis.com\/tunisie\/wp-json\/wp\/v2\/media\/109689"}],"wp:attachment":[{"href":"https:\/\/kapitalis.com\/tunisie\/wp-json\/wp\/v2\/media?parent=109688"}],"wp:term":[{"taxonomy":"category","embeddable":true,"href":"https:\/\/kapitalis.com\/tunisie\/wp-json\/wp\/v2\/categories?post=109688"},{"taxonomy":"post_tag","embeddable":true,"href":"https:\/\/kapitalis.com\/tunisie\/wp-json\/wp\/v2\/tags?post=109688"}],"curies":[{"name":"wp","href":"https:\/\/api.w.org\/{rel}","templated":true}]}}