{"id":10971785,"date":"2023-12-20T07:52:37","date_gmt":"2023-12-20T06:52:37","guid":{"rendered":"https:\/\/kapitalis.com\/tunisie\/?p=10971785"},"modified":"2023-12-20T07:52:39","modified_gmt":"2023-12-20T06:52:39","slug":"la-faim-la-soif-et-les-epidemies-les-autres-armes-disrael-a-gaza-video","status":"publish","type":"post","link":"https:\/\/kapitalis.com\/tunisie\/2023\/12\/20\/la-faim-la-soif-et-les-epidemies-les-autres-armes-disrael-a-gaza-video\/","title":{"rendered":"La faim, la soif et les \u00e9pid\u00e9mies, les autres armes d\u2019Isra\u00ebl \u00e0 Gaza (vid\u00e9o)"},"content":{"rendered":"\n<p><strong><em>Les outils auxquels recourt Isra\u00ebl dans son g\u00e9nocide qu\u2019il perp\u00e8tre \u00e0 Gaza pour d\u00e9cimer les populations civiles depuis plus de deux mois ne se limite pas uniquement \u00e0 sa machine militaire colossale soutenue par les \u00c9tats-Unis et certains Etats europ\u00e9ens mais contient \u00e9galement des proc\u00e9d\u00e9s pernicieux comme celui consistant \u00e0 affamer et \u00e0 assoiffer les civils et cr\u00e9er une catastrophe humanitaire engendrant les \u00e9pid\u00e9mies.<\/em><\/strong>\u00a0<\/p>\n\n\n\n<p>Par <strong>Imed Bahri<\/strong><\/p>\n\n\n\n<!--more-->\n\n\n\n<p>Euro-Med Human Rights Monitor, Observatoire euro-m\u00e9diterran\u00e9en des droits de l\u2019homme (OEMDH) a affirm\u00e9 que plus de 71% de l\u2019\u00e9chantillon d\u2019une <a href=\"https:\/\/euromedmonitor.org\/en\/article\/6043\/Seventy-one-per-cent-of-Gaza%E2%80%99s-population-experiences-extreme-hunger,-Euro-Med-Monitor-study-says\" target=\"_blank\" rel=\"noreferrer noopener\">\u00e9tude men\u00e9e dans la bande de Gaza<\/a> a d\u00e9clar\u00e9 souffrir de niveaux de faim graves \u00e0 cause de l\u2019utilisation par Isra\u00ebl de la famine comme arme de guerre pour punir les civils palestiniens.<\/p>\n\n\n\n<p>Les r\u00e9sultats de l\u2019\u00e9tude ont montr\u00e9 que 98% des personnes interrog\u00e9es ont d\u00e9clar\u00e9 souffrir d\u2019une consommation alimentaire insuffisante tandis qu\u2019environ 64% d\u2019entre elles ont d\u00e9clar\u00e9 manger de l\u2019herbe, des fruits, des aliments non cuits et des produits alimentaires p\u00e9rim\u00e9s pour satisfaire leur faim.<\/p>\n\n\n\n<h2 class=\"wp-block-heading\">Malnutrition et manque d\u2019eau potable<\/h2>\n\n\n\n<p>L\u2019acc\u00e8s \u00e0 la nourriture est un supplice, comme l\u2019explique le t\u00e9moignage de l\u2019enfant palestinien dans la vid\u00e9o qui accompagne le pr\u00e9sent article et les Gazaouis sont h\u00e9las livr\u00e9s \u00e0 eux-m\u00eames.&nbsp;<\/p>\n\n\n\n<p>L\u2019\u00e9tude a permis de constater que le taux d\u2019acc\u00e8s \u00e0 l\u2019eau comprenant l\u2019eau potable, l\u2019eau de mer et l\u2019eau de nettoyage est de 1,5 litre par personne et par jour dans la bande de Gaza soit 15 litres de moins que les besoins de base en eau pour le niveau de survie selon les normes internationales Sph\u00e8re.<\/p>\n\n\n\n<p>L\u2019\u00e9tude a \u00e9galement abord\u00e9 les r\u00e9percussions de la malnutrition et du manque d\u2019eau potable. 66% de l\u2019\u00e9chantillon \u00e9tudi\u00e9 a d\u00e9clar\u00e9 souffrir ou avoir souffert au cours du mois en cours de cas de maladies intestinales, de diarrh\u00e9e et d\u2019\u00e9ruptions cutan\u00e9es (changement de la couleur ou de la texture de la peau qui se manifeste sous forme de pouss\u00e9e de plaques ou de taches rouges ou de bosses).<\/p>\n\n\n\n<figure class=\"wp-block-embed is-type-video is-provider-youtube wp-block-embed-youtube wp-embed-aspect-16-9 wp-has-aspect-ratio\"><div class=\"wp-block-embed__wrapper\">\n<iframe loading=\"lazy\" title=\"\u0637\u0641\u0644 \u0641\u0644\u0633\u0637\u064a\u0646\u064a \u064a\u0635\u0641 \u0628\u0637\u0644\u0627\u0642\u0629 \u0645\u0639\u0627\u0646\u0627\u062a\u0647 \u0641\u064a \u0627\u0644\u062d\u0635\u0648\u0644 \u0639\u0644\u0649 \u0627\u0644\u0637\u0639\u0627\u0645\" width=\"1160\" height=\"653\" src=\"https:\/\/www.youtube.com\/embed\/nBtC0cncoKg?feature=oembed\" frameborder=\"0\" allow=\"accelerometer; autoplay; clipboard-write; encrypted-media; gyroscope; picture-in-picture; web-share\" allowfullscreen><\/iframe>\n<\/div><\/figure>\n\n\n\n<p>Dans l\u2019\u00e9tude, l\u2019OEMDH a relay\u00e9 des t\u00e9moignages de m\u00e9decins qui ont parl\u00e9 d\u2019une augmentation du taux de d\u00e9c\u00e8s par crise cardiaque et \u00e9vanouissement dans les zones de la ville de Gaza et dans la partie nord qui connaissent une d\u00e9t\u00e9rioration plus grave de la crise humanitaire et un taux de faim encore plus \u00e9lev\u00e9.<\/p>\n\n\n\n<p>Isra\u00ebl a \u00e9galement cibl\u00e9 les g\u00e9n\u00e9rateurs \u00e9lectriques et les unit\u00e9s d\u2019\u00e9nergie solaire dont d\u00e9pendent les \u00e9tablissements commerciaux, les restaurants et les institutions civiles afin de maintenir le niveau de fonctionnement au minimum possible.<\/p>\n\n\n\n<p>Isra\u00ebl a par ailleurs d\u00e9truit d\u00e9lib\u00e9r\u00e9ment toutes les boulangeries, des magasins d\u2019alimentation ainsi que des stations et des r\u00e9servoirs d\u2019eau.\u00a0<\/p>\n\n\n\n<h2 class=\"wp-block-heading\">Le g\u00e9nocide comme m\u00e9thode de guerre<\/h2>\n\n\n\n<p>Cet objectif pernicieux et criminel d\u2019affamer les Palestiniens et de cr\u00e9er une catastrophe humanitaire qui engendre des \u00e9pid\u00e9mies pour d\u00e9cimer la population civile \u00e0 Gaza trouve un \u00e9cho favorable en Isra\u00ebl et est m\u00eame encourag\u00e9 par des personnes influentes comme le prouve la tribune \u00e9crite dans le <em>Yediot Aharonot<\/em> par le Major g\u00e9n\u00e9ral<a href=\"https:\/\/investigaction.net\/la-proposition-monstrueuse-de-giora-eiland-sur-gaza-cest-le-mal-au-vu-et-au-su-du-monde\/\" target=\"_blank\" rel=\"noreferrer noopener\"> Giora Eiland\u00a0<\/a>qui fut entre autres pr\u00e9sident du Conseil de s\u00e9curit\u00e9 national isra\u00e9lien. Eiland \u00e9crit\u00a0: <em>\u00abLa mani\u00e8re de gagner la guerre plus rapidement et \u00e0 moindre co\u00fbt pour nous n\u00e9cessite l\u2019effondrement du syst\u00e8me de l\u2019autre c\u00f4t\u00e9 et pas seulement la mort de davantage de combattants du Hamas.\u00bb<\/em> Il ajoute le plus cyniquement du monde: <em>\u00abLa communaut\u00e9 internationale nous met en garde contre une catastrophe humanitaire \u00e0 Gaza et de graves \u00e9pid\u00e9mies mais nous ne devrions pas en avoir honte malgr\u00e9 toutes les difficult\u00e9s que cela entra\u00eene. En fin de compte, les \u00e9pid\u00e9mies et les difficult\u00e9s dans le sud de la bande de Gaza rapprocheront la victoire et r\u00e9duiront les pertes parmi les soldats de l\u2019arm\u00e9e isra\u00e9lienne.\u00bb<\/em>\u00a0<\/p>\n\n\n\n<p>Assumant les crimes de guerre et le g\u00e9nocide, Eiland a appel\u00e9 le gouvernement isra\u00e9lien \u00e0 ne pas permettre que l\u2019aide humanitaire soit fournie \u00e0 Gaza. Il poursuit: <em>\u00abLa guerre entre pays ne se tranche pas seulement par le combat militaire mais aussi par la capacit\u00e9 d\u2019une partie \u00e0 briser le syst\u00e8me de l\u2019adversaire et ses capacit\u00e9s \u00e9conomiques.\u00bb<\/em><\/p>\n\n\n\n<p>La population civile de Gaza aux yeux d\u2019Isra\u00ebl doit mourir par les bombardements a\u00e9riens, les missiles des chars d\u2019assaut, les armes des militaires isra\u00e9liens, la faim, la soif, les \u00e9pid\u00e9mies ou par l\u2019absence de soins \u00e9tant donn\u00e9 que la plupart des h\u00f4pitaux ont \u00e9t\u00e9 d\u00e9truits et les quelques uns qui restent manquent cruellement de tout et peuvent \u00eatre la cible des bombardements isra\u00e9liens \u00e0 tout moment. Et dire que les pays occidentaux, \u00c9tats-Unis en t\u00eate, continuent de soutenir Isra\u00ebl dans sa folie g\u00e9nocidaire.<\/p>\n","protected":false},"excerpt":{"rendered":"<p>Comment Isra\u00ebl cherche \u00e0 affamer et \u00e0 assoiffer les civils palestiniens et \u00e0 cr\u00e9er une catastrophe humanitaire engendrant les \u00e9pid\u00e9mies \u00e0 Gaza. <\/p>\n","protected":false},"author":8,"featured_media":10971902,"comment_status":"open","ping_status":"open","sticky":false,"template":"","format":"standard","meta":{"footnotes":""},"categories":[992,997,2433,4806],"tags":[77425,91003,112966,95820,2444,111719,112965,2478,2739,92655,937],"class_list":["post-10971785","post","type-post","status-publish","format-standard","has-post-thumbnail","hentry","category-a-la-une","category-politique","category-tunisie","category-videos","tag-epidemies","tag-etats-unis-3","tag-euro-med-human-rights-monitor","tag-faim","tag-gaza","tag-genocide","tag-giora-eiland","tag-israel","tag-palestiniens","tag-soif","tag-union-europeenne"],"yoast_head":"<!-- This site is optimized with the Yoast SEO plugin v26.6 - https:\/\/yoast.com\/wordpress\/plugins\/seo\/ -->\n<title>La faim, la soif et les \u00e9pid\u00e9mies, les autres armes d\u2019Isra\u00ebl \u00e0 Gaza (vid\u00e9o) - Kapitalis<\/title>\n<meta name=\"robots\" content=\"index, follow, max-snippet:-1, max-image-preview:large, max-video-preview:-1\" \/>\n<link rel=\"canonical\" href=\"https:\/\/kapitalis.com\/tunisie\/2023\/12\/20\/la-faim-la-soif-et-les-epidemies-les-autres-armes-disrael-a-gaza-video\/\" \/>\n<meta property=\"og:locale\" content=\"fr_FR\" \/>\n<meta property=\"og:type\" content=\"article\" \/>\n<meta property=\"og:title\" content=\"La faim, la soif et les \u00e9pid\u00e9mies, les autres armes d\u2019Isra\u00ebl \u00e0 Gaza (vid\u00e9o) - Kapitalis\" \/>\n<meta property=\"og:description\" content=\"Comment Isra\u00ebl cherche \u00e0 affamer et \u00e0 assoiffer les civils palestiniens et \u00e0 cr\u00e9er une catastrophe humanitaire engendrant les \u00e9pid\u00e9mies \u00e0 Gaza.\" \/>\n<meta property=\"og:url\" content=\"https:\/\/kapitalis.com\/tunisie\/2023\/12\/20\/la-faim-la-soif-et-les-epidemies-les-autres-armes-disrael-a-gaza-video\/\" \/>\n<meta property=\"og:site_name\" content=\"Kapitalis\" \/>\n<meta property=\"article:publisher\" content=\"https:\/\/www.facebook.com\/KapitalisInfo\/\" \/>\n<meta property=\"article:published_time\" content=\"2023-12-20T06:52:37+00:00\" \/>\n<meta property=\"article:modified_time\" content=\"2023-12-20T06:52:39+00:00\" \/>\n<meta property=\"og:image\" content=\"https:\/\/kapitalis.com\/tunisie\/wp-content\/uploads\/2023\/12\/Enfants-affame-a-Gaza.jpg\" \/>\n\t<meta property=\"og:image:width\" content=\"1200\" \/>\n\t<meta property=\"og:image:height\" content=\"630\" \/>\n\t<meta property=\"og:image:type\" content=\"image\/jpeg\" \/>\n<meta name=\"author\" content=\"webmaster kapitalis\" \/>\n<meta name=\"twitter:card\" content=\"summary_large_image\" \/>\n<meta name=\"twitter:creator\" content=\"@KapitalisInfo\" \/>\n<meta name=\"twitter:site\" content=\"@KapitalisInfo\" \/>\n<meta name=\"twitter:label1\" content=\"\u00c9crit par\" \/>\n\t<meta name=\"twitter:data1\" content=\"webmaster kapitalis\" \/>\n\t<meta name=\"twitter:label2\" content=\"Dur\u00e9e de lecture estim\u00e9e\" \/>\n\t<meta name=\"twitter:data2\" content=\"5 minutes\" \/>\n<script type=\"application\/ld+json\" class=\"yoast-schema-graph\">{\"@context\":\"https:\/\/schema.org\",\"@graph\":[{\"@type\":\"Article\",\"@id\":\"https:\/\/kapitalis.com\/tunisie\/2023\/12\/20\/la-faim-la-soif-et-les-epidemies-les-autres-armes-disrael-a-gaza-video\/#article\",\"isPartOf\":{\"@id\":\"https:\/\/kapitalis.com\/tunisie\/2023\/12\/20\/la-faim-la-soif-et-les-epidemies-les-autres-armes-disrael-a-gaza-video\/\"},\"author\":{\"name\":\"webmaster kapitalis\",\"@id\":\"https:\/\/kapitalis.com\/tunisie\/#\/schema\/person\/d71f33a9ca44f7bad4698210b480c8e9\"},\"headline\":\"La faim, la soif et les \u00e9pid\u00e9mies, les autres armes d\u2019Isra\u00ebl \u00e0 Gaza (vid\u00e9o)\",\"datePublished\":\"2023-12-20T06:52:37+00:00\",\"dateModified\":\"2023-12-20T06:52:39+00:00\",\"mainEntityOfPage\":{\"@id\":\"https:\/\/kapitalis.com\/tunisie\/2023\/12\/20\/la-faim-la-soif-et-les-epidemies-les-autres-armes-disrael-a-gaza-video\/\"},\"wordCount\":880,\"commentCount\":0,\"publisher\":{\"@id\":\"https:\/\/kapitalis.com\/tunisie\/#organization\"},\"image\":{\"@id\":\"https:\/\/kapitalis.com\/tunisie\/2023\/12\/20\/la-faim-la-soif-et-les-epidemies-les-autres-armes-disrael-a-gaza-video\/#primaryimage\"},\"thumbnailUrl\":\"https:\/\/kapitalis.com\/tunisie\/wp-content\/uploads\/2023\/12\/Enfants-affame-a-Gaza.jpg\",\"keywords\":[\"\u00e9pid\u00e9mies\",\"\u00c9tats-Unis\",\"Euro-Med Human Rights Monitor\",\"faim\",\"Gaza\",\"g\u00e9nocide\",\"Giora Eiland\",\"Isra\u00ebl\",\"Palestiniens\",\"soif\",\"Union europ\u00e9enne\"],\"articleSection\":[\"A LA UNE\",\"POLITIQUE\",\"Tunisie\",\"VIDEOS\"],\"inLanguage\":\"fr-FR\",\"potentialAction\":[{\"@type\":\"CommentAction\",\"name\":\"Comment\",\"target\":[\"https:\/\/kapitalis.com\/tunisie\/2023\/12\/20\/la-faim-la-soif-et-les-epidemies-les-autres-armes-disrael-a-gaza-video\/#respond\"]}]},{\"@type\":\"WebPage\",\"@id\":\"https:\/\/kapitalis.com\/tunisie\/2023\/12\/20\/la-faim-la-soif-et-les-epidemies-les-autres-armes-disrael-a-gaza-video\/\",\"url\":\"https:\/\/kapitalis.com\/tunisie\/2023\/12\/20\/la-faim-la-soif-et-les-epidemies-les-autres-armes-disrael-a-gaza-video\/\",\"name\":\"La faim, la soif et les \u00e9pid\u00e9mies, les autres armes d\u2019Isra\u00ebl \u00e0 Gaza (vid\u00e9o) - Kapitalis\",\"isPartOf\":{\"@id\":\"https:\/\/kapitalis.com\/tunisie\/#website\"},\"primaryImageOfPage\":{\"@id\":\"https:\/\/kapitalis.com\/tunisie\/2023\/12\/20\/la-faim-la-soif-et-les-epidemies-les-autres-armes-disrael-a-gaza-video\/#primaryimage\"},\"image\":{\"@id\":\"https:\/\/kapitalis.com\/tunisie\/2023\/12\/20\/la-faim-la-soif-et-les-epidemies-les-autres-armes-disrael-a-gaza-video\/#primaryimage\"},\"thumbnailUrl\":\"https:\/\/kapitalis.com\/tunisie\/wp-content\/uploads\/2023\/12\/Enfants-affame-a-Gaza.jpg\",\"datePublished\":\"2023-12-20T06:52:37+00:00\",\"dateModified\":\"2023-12-20T06:52:39+00:00\",\"breadcrumb\":{\"@id\":\"https:\/\/kapitalis.com\/tunisie\/2023\/12\/20\/la-faim-la-soif-et-les-epidemies-les-autres-armes-disrael-a-gaza-video\/#breadcrumb\"},\"inLanguage\":\"fr-FR\",\"potentialAction\":[{\"@type\":\"ReadAction\",\"target\":[\"https:\/\/kapitalis.com\/tunisie\/2023\/12\/20\/la-faim-la-soif-et-les-epidemies-les-autres-armes-disrael-a-gaza-video\/\"]}]},{\"@type\":\"ImageObject\",\"inLanguage\":\"fr-FR\",\"@id\":\"https:\/\/kapitalis.com\/tunisie\/2023\/12\/20\/la-faim-la-soif-et-les-epidemies-les-autres-armes-disrael-a-gaza-video\/#primaryimage\",\"url\":\"https:\/\/kapitalis.com\/tunisie\/wp-content\/uploads\/2023\/12\/Enfants-affame-a-Gaza.jpg\",\"contentUrl\":\"https:\/\/kapitalis.com\/tunisie\/wp-content\/uploads\/2023\/12\/Enfants-affame-a-Gaza.jpg\",\"width\":1200,\"height\":630},{\"@type\":\"BreadcrumbList\",\"@id\":\"https:\/\/kapitalis.com\/tunisie\/2023\/12\/20\/la-faim-la-soif-et-les-epidemies-les-autres-armes-disrael-a-gaza-video\/#breadcrumb\",\"itemListElement\":[{\"@type\":\"ListItem\",\"position\":1,\"name\":\"Accueil\",\"item\":\"https:\/\/kapitalis.com\/tunisie\/\"},{\"@type\":\"ListItem\",\"position\":2,\"name\":\"La faim, la soif et les \u00e9pid\u00e9mies, les autres armes d\u2019Isra\u00ebl \u00e0 Gaza (vid\u00e9o)\"}]},{\"@type\":\"WebSite\",\"@id\":\"https:\/\/kapitalis.com\/tunisie\/#website\",\"url\":\"https:\/\/kapitalis.com\/tunisie\/\",\"name\":\"Kapitalis\",\"description\":\"L&#039;actualit\u00e9 en Tunisie et dans le monde\",\"publisher\":{\"@id\":\"https:\/\/kapitalis.com\/tunisie\/#organization\"},\"potentialAction\":[{\"@type\":\"SearchAction\",\"target\":{\"@type\":\"EntryPoint\",\"urlTemplate\":\"https:\/\/kapitalis.com\/tunisie\/?s={search_term_string}\"},\"query-input\":{\"@type\":\"PropertyValueSpecification\",\"valueRequired\":true,\"valueName\":\"search_term_string\"}}],\"inLanguage\":\"fr-FR\"},{\"@type\":\"Organization\",\"@id\":\"https:\/\/kapitalis.com\/tunisie\/#organization\",\"name\":\"Kapitalis\",\"url\":\"https:\/\/kapitalis.com\/tunisie\/\",\"logo\":{\"@type\":\"ImageObject\",\"inLanguage\":\"fr-FR\",\"@id\":\"https:\/\/kapitalis.com\/tunisie\/#\/schema\/logo\/image\/\",\"url\":\"https:\/\/kapitalis.com\/tunisie\/wp-content\/uploads\/2022\/05\/Kapitalis-big-size.png\",\"contentUrl\":\"https:\/\/kapitalis.com\/tunisie\/wp-content\/uploads\/2022\/05\/Kapitalis-big-size.png\",\"width\":5000,\"height\":1500,\"caption\":\"Kapitalis\"},\"image\":{\"@id\":\"https:\/\/kapitalis.com\/tunisie\/#\/schema\/logo\/image\/\"},\"sameAs\":[\"https:\/\/www.facebook.com\/KapitalisInfo\/\",\"https:\/\/x.com\/KapitalisInfo\",\"https:\/\/www.youtube.com\/channel\/UC-yDYrHyfFBWWZaOw3FPg9Q\"]},{\"@type\":\"Person\",\"@id\":\"https:\/\/kapitalis.com\/tunisie\/#\/schema\/person\/d71f33a9ca44f7bad4698210b480c8e9\",\"name\":\"webmaster kapitalis\",\"url\":\"https:\/\/kapitalis.com\/tunisie\/author\/webmaster-kapitalis\/\"}]}<\/script>\n<!-- \/ Yoast SEO plugin. -->","yoast_head_json":{"title":"La faim, la soif et les \u00e9pid\u00e9mies, les autres armes d\u2019Isra\u00ebl \u00e0 Gaza (vid\u00e9o) - Kapitalis","robots":{"index":"index","follow":"follow","max-snippet":"max-snippet:-1","max-image-preview":"max-image-preview:large","max-video-preview":"max-video-preview:-1"},"canonical":"https:\/\/kapitalis.com\/tunisie\/2023\/12\/20\/la-faim-la-soif-et-les-epidemies-les-autres-armes-disrael-a-gaza-video\/","og_locale":"fr_FR","og_type":"article","og_title":"La faim, la soif et les \u00e9pid\u00e9mies, les autres armes d\u2019Isra\u00ebl \u00e0 Gaza (vid\u00e9o) - Kapitalis","og_description":"Comment Isra\u00ebl cherche \u00e0 affamer et \u00e0 assoiffer les civils palestiniens et \u00e0 cr\u00e9er une catastrophe humanitaire engendrant les \u00e9pid\u00e9mies \u00e0 Gaza.","og_url":"https:\/\/kapitalis.com\/tunisie\/2023\/12\/20\/la-faim-la-soif-et-les-epidemies-les-autres-armes-disrael-a-gaza-video\/","og_site_name":"Kapitalis","article_publisher":"https:\/\/www.facebook.com\/KapitalisInfo\/","article_published_time":"2023-12-20T06:52:37+00:00","article_modified_time":"2023-12-20T06:52:39+00:00","og_image":[{"width":1200,"height":630,"url":"https:\/\/kapitalis.com\/tunisie\/wp-content\/uploads\/2023\/12\/Enfants-affame-a-Gaza.jpg","type":"image\/jpeg"}],"author":"webmaster kapitalis","twitter_card":"summary_large_image","twitter_creator":"@KapitalisInfo","twitter_site":"@KapitalisInfo","twitter_misc":{"\u00c9crit par":"webmaster kapitalis","Dur\u00e9e de lecture estim\u00e9e":"5 minutes"},"schema":{"@context":"https:\/\/schema.org","@graph":[{"@type":"Article","@id":"https:\/\/kapitalis.com\/tunisie\/2023\/12\/20\/la-faim-la-soif-et-les-epidemies-les-autres-armes-disrael-a-gaza-video\/#article","isPartOf":{"@id":"https:\/\/kapitalis.com\/tunisie\/2023\/12\/20\/la-faim-la-soif-et-les-epidemies-les-autres-armes-disrael-a-gaza-video\/"},"author":{"name":"webmaster kapitalis","@id":"https:\/\/kapitalis.com\/tunisie\/#\/schema\/person\/d71f33a9ca44f7bad4698210b480c8e9"},"headline":"La faim, la soif et les \u00e9pid\u00e9mies, les autres armes d\u2019Isra\u00ebl \u00e0 Gaza (vid\u00e9o)","datePublished":"2023-12-20T06:52:37+00:00","dateModified":"2023-12-20T06:52:39+00:00","mainEntityOfPage":{"@id":"https:\/\/kapitalis.com\/tunisie\/2023\/12\/20\/la-faim-la-soif-et-les-epidemies-les-autres-armes-disrael-a-gaza-video\/"},"wordCount":880,"commentCount":0,"publisher":{"@id":"https:\/\/kapitalis.com\/tunisie\/#organization"},"image":{"@id":"https:\/\/kapitalis.com\/tunisie\/2023\/12\/20\/la-faim-la-soif-et-les-epidemies-les-autres-armes-disrael-a-gaza-video\/#primaryimage"},"thumbnailUrl":"https:\/\/kapitalis.com\/tunisie\/wp-content\/uploads\/2023\/12\/Enfants-affame-a-Gaza.jpg","keywords":["\u00e9pid\u00e9mies","\u00c9tats-Unis","Euro-Med Human Rights Monitor","faim","Gaza","g\u00e9nocide","Giora Eiland","Isra\u00ebl","Palestiniens","soif","Union europ\u00e9enne"],"articleSection":["A LA UNE","POLITIQUE","Tunisie","VIDEOS"],"inLanguage":"fr-FR","potentialAction":[{"@type":"CommentAction","name":"Comment","target":["https:\/\/kapitalis.com\/tunisie\/2023\/12\/20\/la-faim-la-soif-et-les-epidemies-les-autres-armes-disrael-a-gaza-video\/#respond"]}]},{"@type":"WebPage","@id":"https:\/\/kapitalis.com\/tunisie\/2023\/12\/20\/la-faim-la-soif-et-les-epidemies-les-autres-armes-disrael-a-gaza-video\/","url":"https:\/\/kapitalis.com\/tunisie\/2023\/12\/20\/la-faim-la-soif-et-les-epidemies-les-autres-armes-disrael-a-gaza-video\/","name":"La faim, la soif et les \u00e9pid\u00e9mies, les autres armes d\u2019Isra\u00ebl \u00e0 Gaza (vid\u00e9o) - Kapitalis","isPartOf":{"@id":"https:\/\/kapitalis.com\/tunisie\/#website"},"primaryImageOfPage":{"@id":"https:\/\/kapitalis.com\/tunisie\/2023\/12\/20\/la-faim-la-soif-et-les-epidemies-les-autres-armes-disrael-a-gaza-video\/#primaryimage"},"image":{"@id":"https:\/\/kapitalis.com\/tunisie\/2023\/12\/20\/la-faim-la-soif-et-les-epidemies-les-autres-armes-disrael-a-gaza-video\/#primaryimage"},"thumbnailUrl":"https:\/\/kapitalis.com\/tunisie\/wp-content\/uploads\/2023\/12\/Enfants-affame-a-Gaza.jpg","datePublished":"2023-12-20T06:52:37+00:00","dateModified":"2023-12-20T06:52:39+00:00","breadcrumb":{"@id":"https:\/\/kapitalis.com\/tunisie\/2023\/12\/20\/la-faim-la-soif-et-les-epidemies-les-autres-armes-disrael-a-gaza-video\/#breadcrumb"},"inLanguage":"fr-FR","potentialAction":[{"@type":"ReadAction","target":["https:\/\/kapitalis.com\/tunisie\/2023\/12\/20\/la-faim-la-soif-et-les-epidemies-les-autres-armes-disrael-a-gaza-video\/"]}]},{"@type":"ImageObject","inLanguage":"fr-FR","@id":"https:\/\/kapitalis.com\/tunisie\/2023\/12\/20\/la-faim-la-soif-et-les-epidemies-les-autres-armes-disrael-a-gaza-video\/#primaryimage","url":"https:\/\/kapitalis.com\/tunisie\/wp-content\/uploads\/2023\/12\/Enfants-affame-a-Gaza.jpg","contentUrl":"https:\/\/kapitalis.com\/tunisie\/wp-content\/uploads\/2023\/12\/Enfants-affame-a-Gaza.jpg","width":1200,"height":630},{"@type":"BreadcrumbList","@id":"https:\/\/kapitalis.com\/tunisie\/2023\/12\/20\/la-faim-la-soif-et-les-epidemies-les-autres-armes-disrael-a-gaza-video\/#breadcrumb","itemListElement":[{"@type":"ListItem","position":1,"name":"Accueil","item":"https:\/\/kapitalis.com\/tunisie\/"},{"@type":"ListItem","position":2,"name":"La faim, la soif et les \u00e9pid\u00e9mies, les autres armes d\u2019Isra\u00ebl \u00e0 Gaza (vid\u00e9o)"}]},{"@type":"WebSite","@id":"https:\/\/kapitalis.com\/tunisie\/#website","url":"https:\/\/kapitalis.com\/tunisie\/","name":"Kapitalis","description":"L&#039;actualit\u00e9 en Tunisie et dans le monde","publisher":{"@id":"https:\/\/kapitalis.com\/tunisie\/#organization"},"potentialAction":[{"@type":"SearchAction","target":{"@type":"EntryPoint","urlTemplate":"https:\/\/kapitalis.com\/tunisie\/?s={search_term_string}"},"query-input":{"@type":"PropertyValueSpecification","valueRequired":true,"valueName":"search_term_string"}}],"inLanguage":"fr-FR"},{"@type":"Organization","@id":"https:\/\/kapitalis.com\/tunisie\/#organization","name":"Kapitalis","url":"https:\/\/kapitalis.com\/tunisie\/","logo":{"@type":"ImageObject","inLanguage":"fr-FR","@id":"https:\/\/kapitalis.com\/tunisie\/#\/schema\/logo\/image\/","url":"https:\/\/kapitalis.com\/tunisie\/wp-content\/uploads\/2022\/05\/Kapitalis-big-size.png","contentUrl":"https:\/\/kapitalis.com\/tunisie\/wp-content\/uploads\/2022\/05\/Kapitalis-big-size.png","width":5000,"height":1500,"caption":"Kapitalis"},"image":{"@id":"https:\/\/kapitalis.com\/tunisie\/#\/schema\/logo\/image\/"},"sameAs":["https:\/\/www.facebook.com\/KapitalisInfo\/","https:\/\/x.com\/KapitalisInfo","https:\/\/www.youtube.com\/channel\/UC-yDYrHyfFBWWZaOw3FPg9Q"]},{"@type":"Person","@id":"https:\/\/kapitalis.com\/tunisie\/#\/schema\/person\/d71f33a9ca44f7bad4698210b480c8e9","name":"webmaster kapitalis","url":"https:\/\/kapitalis.com\/tunisie\/author\/webmaster-kapitalis\/"}]}},"_links":{"self":[{"href":"https:\/\/kapitalis.com\/tunisie\/wp-json\/wp\/v2\/posts\/10971785","targetHints":{"allow":["GET"]}}],"collection":[{"href":"https:\/\/kapitalis.com\/tunisie\/wp-json\/wp\/v2\/posts"}],"about":[{"href":"https:\/\/kapitalis.com\/tunisie\/wp-json\/wp\/v2\/types\/post"}],"author":[{"embeddable":true,"href":"https:\/\/kapitalis.com\/tunisie\/wp-json\/wp\/v2\/users\/8"}],"replies":[{"embeddable":true,"href":"https:\/\/kapitalis.com\/tunisie\/wp-json\/wp\/v2\/comments?post=10971785"}],"version-history":[{"count":1,"href":"https:\/\/kapitalis.com\/tunisie\/wp-json\/wp\/v2\/posts\/10971785\/revisions"}],"predecessor-version":[{"id":10971926,"href":"https:\/\/kapitalis.com\/tunisie\/wp-json\/wp\/v2\/posts\/10971785\/revisions\/10971926"}],"wp:featuredmedia":[{"embeddable":true,"href":"https:\/\/kapitalis.com\/tunisie\/wp-json\/wp\/v2\/media\/10971902"}],"wp:attachment":[{"href":"https:\/\/kapitalis.com\/tunisie\/wp-json\/wp\/v2\/media?parent=10971785"}],"wp:term":[{"taxonomy":"category","embeddable":true,"href":"https:\/\/kapitalis.com\/tunisie\/wp-json\/wp\/v2\/categories?post=10971785"},{"taxonomy":"post_tag","embeddable":true,"href":"https:\/\/kapitalis.com\/tunisie\/wp-json\/wp\/v2\/tags?post=10971785"}],"curies":[{"name":"wp","href":"https:\/\/api.w.org\/{rel}","templated":true}]}}