{"id":1098980,"date":"2022-05-30T23:23:16","date_gmt":"2022-05-30T22:23:16","guid":{"rendered":"https:\/\/kapitalis.com\/tunisie\/?p=1098980"},"modified":"2022-05-30T23:23:19","modified_gmt":"2022-05-30T22:23:19","slug":"tunis-la-pop-folk-sinvite-a-lift-avec-le-duo-yuma-et-la-chanteuse-alexia-gredy-trio","status":"publish","type":"post","link":"https:\/\/kapitalis.com\/tunisie\/2022\/05\/30\/tunis-la-pop-folk-sinvite-a-lift-avec-le-duo-yuma-et-la-chanteuse-alexia-gredy-trio\/","title":{"rendered":"Tunis : La Pop Folk s&rsquo;invite \u00e0 l\u2019IFT avec le duo \u0178uma et la chanteuse Alexia Gredy Trio"},"content":{"rendered":"\n<p><\/p>\n\n\n\n<p><strong><em>Le duo tunisien \u0178uma ompos\u00e9 de Sabrine Jenhani et Ramy Zoghlami et la chanteuse Alexia Gredy Trio donneront un concert vendredi 3 juin 2022 \u00e0 20h \u00e0 l&rsquo;Institut fran\u00e7ais de Tunisie (IFT).<\/em><\/strong><\/p>\n\n\n\n<!--more-->\n\n\n\n<p><strong>Hannet Lekloub<\/strong> est le troisi\u00e8me album du duo tunisien \u0178uma, compos\u00e9 de Sabrine Jenhani (chant) et Ramy Zoghlami (chant, guitare). Onze titres chant\u00e9s en dialecte tunisien, qui s\u2019inscrivent dans la mouvance indie Folk et fruit d\u2019une fertile hybridation du monde contemporain.<br>Et pour rester dans la mouvance Folk, et plut\u00f4t Pop, Alexia Gredy au piano accompagn\u00e9e de ses deux musiciens sera sur la m\u00eame sc\u00e8ne que \u0178uma en premi\u00e8re partie de soir\u00e9e avec son nouvel album Hors Saison qui est un recueil de petites histoires au go\u00fbt l\u00e9g\u00e8rement surann\u00e9, aux mots tendres comme des premiers baisers et amers comme les derniers.<\/p>\n\n\n\n<p><strong>Alexia Gredy<\/strong>, dans la vraie vie, est tant\u00f4t timide tant\u00f4t in\u00e9branlable et ses chansons lui ressemblent. A d\u00e9faut de choisir, elle pr\u00e9f\u00e8re explorer \u00e0 l\u2019instinct et sans d\u00e9guisement la charge \u00e9motionnelle de sa m\u00e9moire, livrer une \u00e9tude sur la nature de l&rsquo;amour moderne et dresser son auto-portrait : celui d&rsquo;une artiste en fleur dans une \u00e9poque finissant de confondre pulsions et d\u00e9sirs. Et m\u00eame si elle attaque parfois ses phrases dans un souffle trop court, on reste marqu\u00e9e par ses \u00e9mouvantes faiblesses, toujours un voile, une candeur, une \u00e9motion diff\u00e9r\u00e9e o\u00f9 l\u2019intime fr\u00f4le \u00e0 l\u2019oblique, sans jamais tout d\u00e9voiler.<\/p>\n\n\n\n<p>Les billets (10 dt) sont en vente \u00e0 l&rsquo;accueil de l&rsquo;IFT.<\/p>\n\n\n\n<p class=\"has-text-align-right\"><strong><em>Communiqu\u00e9.<\/em><\/strong><\/p>\n","protected":false},"excerpt":{"rendered":"<p>Tunis : La Pop Folk s&rsquo;invite \u00e0 l\u2019IFT avec le duo \u0178uma et la chanteuse Alexia Gredy Trio<\/p>\n","protected":false},"author":6,"featured_media":1099162,"comment_status":"open","ping_status":"open","sticky":false,"template":"","format":"standard","meta":{"footnotes":""},"categories":[994,2433],"tags":[100192,462,100193,100194,20730,64491,62643,100191],"class_list":["post-1098980","post","type-post","status-publish","format-standard","has-post-thumbnail","hentry","category-culture","category-tunisie","tag-alexia-gredy-trio","tag-ift","tag-pop-folk","tag-ramy-zoghlami","tag-sabrine-jenhani","tag-tunis","tag-tunisie","tag-yuma-2"],"yoast_head":"<!-- This site is optimized with the Yoast SEO plugin v26.6 - https:\/\/yoast.com\/wordpress\/plugins\/seo\/ -->\n<title>Tunis : La Pop Folk s&#039;invite \u00e0 l\u2019IFT avec le duo \u0178uma et la chanteuse Alexia Gredy Trio - Kapitalis<\/title>\n<meta name=\"description\" content=\"Le duo tunisien \u0178uma ompos\u00e9 de Sabrine Jenhani et Ramy Zoghlami et la chanteuse Alexia Gredy Trio donneront un concert vendredi 3 juin 2022 \u00e0 20h \u00e0 l&#039;Institut fran\u00e7ais de Tunisie (IFT).\" \/>\n<meta name=\"robots\" content=\"index, follow, max-snippet:-1, max-image-preview:large, max-video-preview:-1\" \/>\n<link rel=\"canonical\" href=\"https:\/\/kapitalis.com\/tunisie\/2022\/05\/30\/tunis-la-pop-folk-sinvite-a-lift-avec-le-duo-yuma-et-la-chanteuse-alexia-gredy-trio\/\" \/>\n<meta property=\"og:locale\" content=\"fr_FR\" \/>\n<meta property=\"og:type\" content=\"article\" \/>\n<meta property=\"og:title\" content=\"Tunis : La Pop Folk s&#039;invite \u00e0 l\u2019IFT avec le duo \u0178uma et la chanteuse Alexia Gredy Trio - Kapitalis\" \/>\n<meta property=\"og:description\" content=\"Le duo tunisien \u0178uma ompos\u00e9 de Sabrine Jenhani et Ramy Zoghlami et la chanteuse Alexia Gredy Trio donneront un concert vendredi 3 juin 2022 \u00e0 20h \u00e0 l&#039;Institut fran\u00e7ais de Tunisie (IFT).\" \/>\n<meta property=\"og:url\" content=\"https:\/\/kapitalis.com\/tunisie\/2022\/05\/30\/tunis-la-pop-folk-sinvite-a-lift-avec-le-duo-yuma-et-la-chanteuse-alexia-gredy-trio\/\" \/>\n<meta property=\"og:site_name\" content=\"Kapitalis\" \/>\n<meta property=\"article:publisher\" content=\"https:\/\/www.facebook.com\/KapitalisInfo\/\" \/>\n<meta property=\"article:published_time\" content=\"2022-05-30T22:23:16+00:00\" \/>\n<meta property=\"article:modified_time\" content=\"2022-05-30T22:23:19+00:00\" \/>\n<meta property=\"og:image\" content=\"https:\/\/kapitalis.com\/tunisie\/wp-content\/uploads\/2022\/05\/IFT-Yuma-Alexia-Gredy.jpg\" \/>\n\t<meta property=\"og:image:width\" content=\"1200\" \/>\n\t<meta property=\"og:image:height\" content=\"630\" \/>\n\t<meta property=\"og:image:type\" content=\"image\/jpeg\" \/>\n<meta name=\"author\" content=\"Yusra NY\" \/>\n<meta name=\"twitter:card\" content=\"summary_large_image\" \/>\n<meta name=\"twitter:creator\" content=\"@KapitalisInfo\" \/>\n<meta name=\"twitter:site\" content=\"@KapitalisInfo\" \/>\n<meta name=\"twitter:label1\" content=\"\u00c9crit par\" \/>\n\t<meta name=\"twitter:data1\" content=\"Yusra NY\" \/>\n\t<meta name=\"twitter:label2\" content=\"Dur\u00e9e de lecture estim\u00e9e\" \/>\n\t<meta name=\"twitter:data2\" content=\"2 minutes\" \/>\n<script type=\"application\/ld+json\" class=\"yoast-schema-graph\">{\"@context\":\"https:\/\/schema.org\",\"@graph\":[{\"@type\":\"Article\",\"@id\":\"https:\/\/kapitalis.com\/tunisie\/2022\/05\/30\/tunis-la-pop-folk-sinvite-a-lift-avec-le-duo-yuma-et-la-chanteuse-alexia-gredy-trio\/#article\",\"isPartOf\":{\"@id\":\"https:\/\/kapitalis.com\/tunisie\/2022\/05\/30\/tunis-la-pop-folk-sinvite-a-lift-avec-le-duo-yuma-et-la-chanteuse-alexia-gredy-trio\/\"},\"author\":{\"name\":\"Yusra NY\",\"@id\":\"https:\/\/kapitalis.com\/tunisie\/#\/schema\/person\/74bbde0154d49d790a92aaeac5bc01d5\"},\"headline\":\"Tunis : La Pop Folk s&rsquo;invite \u00e0 l\u2019IFT avec le duo \u0178uma et la chanteuse Alexia Gredy Trio\",\"datePublished\":\"2022-05-30T22:23:16+00:00\",\"dateModified\":\"2022-05-30T22:23:19+00:00\",\"mainEntityOfPage\":{\"@id\":\"https:\/\/kapitalis.com\/tunisie\/2022\/05\/30\/tunis-la-pop-folk-sinvite-a-lift-avec-le-duo-yuma-et-la-chanteuse-alexia-gredy-trio\/\"},\"wordCount\":284,\"commentCount\":0,\"publisher\":{\"@id\":\"https:\/\/kapitalis.com\/tunisie\/#organization\"},\"image\":{\"@id\":\"https:\/\/kapitalis.com\/tunisie\/2022\/05\/30\/tunis-la-pop-folk-sinvite-a-lift-avec-le-duo-yuma-et-la-chanteuse-alexia-gredy-trio\/#primaryimage\"},\"thumbnailUrl\":\"https:\/\/kapitalis.com\/tunisie\/wp-content\/uploads\/2022\/05\/IFT-Yuma-Alexia-Gredy.jpg\",\"keywords\":[\"Alexia Gredy Trio\",\"IFT\",\"Pop Folk\",\"Ramy Zoghlami\",\"Sabrine Jenhani\",\"Tunis\",\"Tunisie\",\"\u0178uma\"],\"articleSection\":[\"CULTURE\",\"Tunisie\"],\"inLanguage\":\"fr-FR\",\"potentialAction\":[{\"@type\":\"CommentAction\",\"name\":\"Comment\",\"target\":[\"https:\/\/kapitalis.com\/tunisie\/2022\/05\/30\/tunis-la-pop-folk-sinvite-a-lift-avec-le-duo-yuma-et-la-chanteuse-alexia-gredy-trio\/#respond\"]}]},{\"@type\":\"WebPage\",\"@id\":\"https:\/\/kapitalis.com\/tunisie\/2022\/05\/30\/tunis-la-pop-folk-sinvite-a-lift-avec-le-duo-yuma-et-la-chanteuse-alexia-gredy-trio\/\",\"url\":\"https:\/\/kapitalis.com\/tunisie\/2022\/05\/30\/tunis-la-pop-folk-sinvite-a-lift-avec-le-duo-yuma-et-la-chanteuse-alexia-gredy-trio\/\",\"name\":\"Tunis : La Pop Folk s'invite \u00e0 l\u2019IFT avec le duo \u0178uma et la chanteuse Alexia Gredy Trio - Kapitalis\",\"isPartOf\":{\"@id\":\"https:\/\/kapitalis.com\/tunisie\/#website\"},\"primaryImageOfPage\":{\"@id\":\"https:\/\/kapitalis.com\/tunisie\/2022\/05\/30\/tunis-la-pop-folk-sinvite-a-lift-avec-le-duo-yuma-et-la-chanteuse-alexia-gredy-trio\/#primaryimage\"},\"image\":{\"@id\":\"https:\/\/kapitalis.com\/tunisie\/2022\/05\/30\/tunis-la-pop-folk-sinvite-a-lift-avec-le-duo-yuma-et-la-chanteuse-alexia-gredy-trio\/#primaryimage\"},\"thumbnailUrl\":\"https:\/\/kapitalis.com\/tunisie\/wp-content\/uploads\/2022\/05\/IFT-Yuma-Alexia-Gredy.jpg\",\"datePublished\":\"2022-05-30T22:23:16+00:00\",\"dateModified\":\"2022-05-30T22:23:19+00:00\",\"description\":\"Le duo tunisien \u0178uma ompos\u00e9 de Sabrine Jenhani et Ramy Zoghlami et la chanteuse Alexia Gredy Trio donneront un concert vendredi 3 juin 2022 \u00e0 20h \u00e0 l'Institut fran\u00e7ais de Tunisie (IFT).\",\"breadcrumb\":{\"@id\":\"https:\/\/kapitalis.com\/tunisie\/2022\/05\/30\/tunis-la-pop-folk-sinvite-a-lift-avec-le-duo-yuma-et-la-chanteuse-alexia-gredy-trio\/#breadcrumb\"},\"inLanguage\":\"fr-FR\",\"potentialAction\":[{\"@type\":\"ReadAction\",\"target\":[\"https:\/\/kapitalis.com\/tunisie\/2022\/05\/30\/tunis-la-pop-folk-sinvite-a-lift-avec-le-duo-yuma-et-la-chanteuse-alexia-gredy-trio\/\"]}]},{\"@type\":\"ImageObject\",\"inLanguage\":\"fr-FR\",\"@id\":\"https:\/\/kapitalis.com\/tunisie\/2022\/05\/30\/tunis-la-pop-folk-sinvite-a-lift-avec-le-duo-yuma-et-la-chanteuse-alexia-gredy-trio\/#primaryimage\",\"url\":\"https:\/\/kapitalis.com\/tunisie\/wp-content\/uploads\/2022\/05\/IFT-Yuma-Alexia-Gredy.jpg\",\"contentUrl\":\"https:\/\/kapitalis.com\/tunisie\/wp-content\/uploads\/2022\/05\/IFT-Yuma-Alexia-Gredy.jpg\",\"width\":1200,\"height\":630},{\"@type\":\"BreadcrumbList\",\"@id\":\"https:\/\/kapitalis.com\/tunisie\/2022\/05\/30\/tunis-la-pop-folk-sinvite-a-lift-avec-le-duo-yuma-et-la-chanteuse-alexia-gredy-trio\/#breadcrumb\",\"itemListElement\":[{\"@type\":\"ListItem\",\"position\":1,\"name\":\"Accueil\",\"item\":\"https:\/\/kapitalis.com\/tunisie\/\"},{\"@type\":\"ListItem\",\"position\":2,\"name\":\"Tunis : La Pop Folk s&rsquo;invite \u00e0 l\u2019IFT avec le duo \u0178uma et la chanteuse Alexia Gredy Trio\"}]},{\"@type\":\"WebSite\",\"@id\":\"https:\/\/kapitalis.com\/tunisie\/#website\",\"url\":\"https:\/\/kapitalis.com\/tunisie\/\",\"name\":\"Kapitalis\",\"description\":\"L&#039;actualit\u00e9 en Tunisie et dans le monde\",\"publisher\":{\"@id\":\"https:\/\/kapitalis.com\/tunisie\/#organization\"},\"potentialAction\":[{\"@type\":\"SearchAction\",\"target\":{\"@type\":\"EntryPoint\",\"urlTemplate\":\"https:\/\/kapitalis.com\/tunisie\/?s={search_term_string}\"},\"query-input\":{\"@type\":\"PropertyValueSpecification\",\"valueRequired\":true,\"valueName\":\"search_term_string\"}}],\"inLanguage\":\"fr-FR\"},{\"@type\":\"Organization\",\"@id\":\"https:\/\/kapitalis.com\/tunisie\/#organization\",\"name\":\"Kapitalis\",\"url\":\"https:\/\/kapitalis.com\/tunisie\/\",\"logo\":{\"@type\":\"ImageObject\",\"inLanguage\":\"fr-FR\",\"@id\":\"https:\/\/kapitalis.com\/tunisie\/#\/schema\/logo\/image\/\",\"url\":\"https:\/\/kapitalis.com\/tunisie\/wp-content\/uploads\/2022\/05\/Kapitalis-big-size.png\",\"contentUrl\":\"https:\/\/kapitalis.com\/tunisie\/wp-content\/uploads\/2022\/05\/Kapitalis-big-size.png\",\"width\":5000,\"height\":1500,\"caption\":\"Kapitalis\"},\"image\":{\"@id\":\"https:\/\/kapitalis.com\/tunisie\/#\/schema\/logo\/image\/\"},\"sameAs\":[\"https:\/\/www.facebook.com\/KapitalisInfo\/\",\"https:\/\/x.com\/KapitalisInfo\",\"https:\/\/www.youtube.com\/channel\/UC-yDYrHyfFBWWZaOw3FPg9Q\"]},{\"@type\":\"Person\",\"@id\":\"https:\/\/kapitalis.com\/tunisie\/#\/schema\/person\/74bbde0154d49d790a92aaeac5bc01d5\",\"name\":\"Yusra NY\",\"url\":\"https:\/\/kapitalis.com\/tunisie\/author\/yuza_adam\/\"}]}<\/script>\n<!-- \/ Yoast SEO plugin. -->","yoast_head_json":{"title":"Tunis : La Pop Folk s'invite \u00e0 l\u2019IFT avec le duo \u0178uma et la chanteuse Alexia Gredy Trio - Kapitalis","description":"Le duo tunisien \u0178uma ompos\u00e9 de Sabrine Jenhani et Ramy Zoghlami et la chanteuse Alexia Gredy Trio donneront un concert vendredi 3 juin 2022 \u00e0 20h \u00e0 l'Institut fran\u00e7ais de Tunisie (IFT).","robots":{"index":"index","follow":"follow","max-snippet":"max-snippet:-1","max-image-preview":"max-image-preview:large","max-video-preview":"max-video-preview:-1"},"canonical":"https:\/\/kapitalis.com\/tunisie\/2022\/05\/30\/tunis-la-pop-folk-sinvite-a-lift-avec-le-duo-yuma-et-la-chanteuse-alexia-gredy-trio\/","og_locale":"fr_FR","og_type":"article","og_title":"Tunis : La Pop Folk s'invite \u00e0 l\u2019IFT avec le duo \u0178uma et la chanteuse Alexia Gredy Trio - Kapitalis","og_description":"Le duo tunisien \u0178uma ompos\u00e9 de Sabrine Jenhani et Ramy Zoghlami et la chanteuse Alexia Gredy Trio donneront un concert vendredi 3 juin 2022 \u00e0 20h \u00e0 l'Institut fran\u00e7ais de Tunisie (IFT).","og_url":"https:\/\/kapitalis.com\/tunisie\/2022\/05\/30\/tunis-la-pop-folk-sinvite-a-lift-avec-le-duo-yuma-et-la-chanteuse-alexia-gredy-trio\/","og_site_name":"Kapitalis","article_publisher":"https:\/\/www.facebook.com\/KapitalisInfo\/","article_published_time":"2022-05-30T22:23:16+00:00","article_modified_time":"2022-05-30T22:23:19+00:00","og_image":[{"width":1200,"height":630,"url":"https:\/\/kapitalis.com\/tunisie\/wp-content\/uploads\/2022\/05\/IFT-Yuma-Alexia-Gredy.jpg","type":"image\/jpeg"}],"author":"Yusra NY","twitter_card":"summary_large_image","twitter_creator":"@KapitalisInfo","twitter_site":"@KapitalisInfo","twitter_misc":{"\u00c9crit par":"Yusra NY","Dur\u00e9e de lecture estim\u00e9e":"2 minutes"},"schema":{"@context":"https:\/\/schema.org","@graph":[{"@type":"Article","@id":"https:\/\/kapitalis.com\/tunisie\/2022\/05\/30\/tunis-la-pop-folk-sinvite-a-lift-avec-le-duo-yuma-et-la-chanteuse-alexia-gredy-trio\/#article","isPartOf":{"@id":"https:\/\/kapitalis.com\/tunisie\/2022\/05\/30\/tunis-la-pop-folk-sinvite-a-lift-avec-le-duo-yuma-et-la-chanteuse-alexia-gredy-trio\/"},"author":{"name":"Yusra NY","@id":"https:\/\/kapitalis.com\/tunisie\/#\/schema\/person\/74bbde0154d49d790a92aaeac5bc01d5"},"headline":"Tunis : La Pop Folk s&rsquo;invite \u00e0 l\u2019IFT avec le duo \u0178uma et la chanteuse Alexia Gredy Trio","datePublished":"2022-05-30T22:23:16+00:00","dateModified":"2022-05-30T22:23:19+00:00","mainEntityOfPage":{"@id":"https:\/\/kapitalis.com\/tunisie\/2022\/05\/30\/tunis-la-pop-folk-sinvite-a-lift-avec-le-duo-yuma-et-la-chanteuse-alexia-gredy-trio\/"},"wordCount":284,"commentCount":0,"publisher":{"@id":"https:\/\/kapitalis.com\/tunisie\/#organization"},"image":{"@id":"https:\/\/kapitalis.com\/tunisie\/2022\/05\/30\/tunis-la-pop-folk-sinvite-a-lift-avec-le-duo-yuma-et-la-chanteuse-alexia-gredy-trio\/#primaryimage"},"thumbnailUrl":"https:\/\/kapitalis.com\/tunisie\/wp-content\/uploads\/2022\/05\/IFT-Yuma-Alexia-Gredy.jpg","keywords":["Alexia Gredy Trio","IFT","Pop Folk","Ramy Zoghlami","Sabrine Jenhani","Tunis","Tunisie","\u0178uma"],"articleSection":["CULTURE","Tunisie"],"inLanguage":"fr-FR","potentialAction":[{"@type":"CommentAction","name":"Comment","target":["https:\/\/kapitalis.com\/tunisie\/2022\/05\/30\/tunis-la-pop-folk-sinvite-a-lift-avec-le-duo-yuma-et-la-chanteuse-alexia-gredy-trio\/#respond"]}]},{"@type":"WebPage","@id":"https:\/\/kapitalis.com\/tunisie\/2022\/05\/30\/tunis-la-pop-folk-sinvite-a-lift-avec-le-duo-yuma-et-la-chanteuse-alexia-gredy-trio\/","url":"https:\/\/kapitalis.com\/tunisie\/2022\/05\/30\/tunis-la-pop-folk-sinvite-a-lift-avec-le-duo-yuma-et-la-chanteuse-alexia-gredy-trio\/","name":"Tunis : La Pop Folk s'invite \u00e0 l\u2019IFT avec le duo \u0178uma et la chanteuse Alexia Gredy Trio - Kapitalis","isPartOf":{"@id":"https:\/\/kapitalis.com\/tunisie\/#website"},"primaryImageOfPage":{"@id":"https:\/\/kapitalis.com\/tunisie\/2022\/05\/30\/tunis-la-pop-folk-sinvite-a-lift-avec-le-duo-yuma-et-la-chanteuse-alexia-gredy-trio\/#primaryimage"},"image":{"@id":"https:\/\/kapitalis.com\/tunisie\/2022\/05\/30\/tunis-la-pop-folk-sinvite-a-lift-avec-le-duo-yuma-et-la-chanteuse-alexia-gredy-trio\/#primaryimage"},"thumbnailUrl":"https:\/\/kapitalis.com\/tunisie\/wp-content\/uploads\/2022\/05\/IFT-Yuma-Alexia-Gredy.jpg","datePublished":"2022-05-30T22:23:16+00:00","dateModified":"2022-05-30T22:23:19+00:00","description":"Le duo tunisien \u0178uma ompos\u00e9 de Sabrine Jenhani et Ramy Zoghlami et la chanteuse Alexia Gredy Trio donneront un concert vendredi 3 juin 2022 \u00e0 20h \u00e0 l'Institut fran\u00e7ais de Tunisie (IFT).","breadcrumb":{"@id":"https:\/\/kapitalis.com\/tunisie\/2022\/05\/30\/tunis-la-pop-folk-sinvite-a-lift-avec-le-duo-yuma-et-la-chanteuse-alexia-gredy-trio\/#breadcrumb"},"inLanguage":"fr-FR","potentialAction":[{"@type":"ReadAction","target":["https:\/\/kapitalis.com\/tunisie\/2022\/05\/30\/tunis-la-pop-folk-sinvite-a-lift-avec-le-duo-yuma-et-la-chanteuse-alexia-gredy-trio\/"]}]},{"@type":"ImageObject","inLanguage":"fr-FR","@id":"https:\/\/kapitalis.com\/tunisie\/2022\/05\/30\/tunis-la-pop-folk-sinvite-a-lift-avec-le-duo-yuma-et-la-chanteuse-alexia-gredy-trio\/#primaryimage","url":"https:\/\/kapitalis.com\/tunisie\/wp-content\/uploads\/2022\/05\/IFT-Yuma-Alexia-Gredy.jpg","contentUrl":"https:\/\/kapitalis.com\/tunisie\/wp-content\/uploads\/2022\/05\/IFT-Yuma-Alexia-Gredy.jpg","width":1200,"height":630},{"@type":"BreadcrumbList","@id":"https:\/\/kapitalis.com\/tunisie\/2022\/05\/30\/tunis-la-pop-folk-sinvite-a-lift-avec-le-duo-yuma-et-la-chanteuse-alexia-gredy-trio\/#breadcrumb","itemListElement":[{"@type":"ListItem","position":1,"name":"Accueil","item":"https:\/\/kapitalis.com\/tunisie\/"},{"@type":"ListItem","position":2,"name":"Tunis : La Pop Folk s&rsquo;invite \u00e0 l\u2019IFT avec le duo \u0178uma et la chanteuse Alexia Gredy Trio"}]},{"@type":"WebSite","@id":"https:\/\/kapitalis.com\/tunisie\/#website","url":"https:\/\/kapitalis.com\/tunisie\/","name":"Kapitalis","description":"L&#039;actualit\u00e9 en Tunisie et dans le monde","publisher":{"@id":"https:\/\/kapitalis.com\/tunisie\/#organization"},"potentialAction":[{"@type":"SearchAction","target":{"@type":"EntryPoint","urlTemplate":"https:\/\/kapitalis.com\/tunisie\/?s={search_term_string}"},"query-input":{"@type":"PropertyValueSpecification","valueRequired":true,"valueName":"search_term_string"}}],"inLanguage":"fr-FR"},{"@type":"Organization","@id":"https:\/\/kapitalis.com\/tunisie\/#organization","name":"Kapitalis","url":"https:\/\/kapitalis.com\/tunisie\/","logo":{"@type":"ImageObject","inLanguage":"fr-FR","@id":"https:\/\/kapitalis.com\/tunisie\/#\/schema\/logo\/image\/","url":"https:\/\/kapitalis.com\/tunisie\/wp-content\/uploads\/2022\/05\/Kapitalis-big-size.png","contentUrl":"https:\/\/kapitalis.com\/tunisie\/wp-content\/uploads\/2022\/05\/Kapitalis-big-size.png","width":5000,"height":1500,"caption":"Kapitalis"},"image":{"@id":"https:\/\/kapitalis.com\/tunisie\/#\/schema\/logo\/image\/"},"sameAs":["https:\/\/www.facebook.com\/KapitalisInfo\/","https:\/\/x.com\/KapitalisInfo","https:\/\/www.youtube.com\/channel\/UC-yDYrHyfFBWWZaOw3FPg9Q"]},{"@type":"Person","@id":"https:\/\/kapitalis.com\/tunisie\/#\/schema\/person\/74bbde0154d49d790a92aaeac5bc01d5","name":"Yusra NY","url":"https:\/\/kapitalis.com\/tunisie\/author\/yuza_adam\/"}]}},"_links":{"self":[{"href":"https:\/\/kapitalis.com\/tunisie\/wp-json\/wp\/v2\/posts\/1098980","targetHints":{"allow":["GET"]}}],"collection":[{"href":"https:\/\/kapitalis.com\/tunisie\/wp-json\/wp\/v2\/posts"}],"about":[{"href":"https:\/\/kapitalis.com\/tunisie\/wp-json\/wp\/v2\/types\/post"}],"author":[{"embeddable":true,"href":"https:\/\/kapitalis.com\/tunisie\/wp-json\/wp\/v2\/users\/6"}],"replies":[{"embeddable":true,"href":"https:\/\/kapitalis.com\/tunisie\/wp-json\/wp\/v2\/comments?post=1098980"}],"version-history":[{"count":0,"href":"https:\/\/kapitalis.com\/tunisie\/wp-json\/wp\/v2\/posts\/1098980\/revisions"}],"wp:featuredmedia":[{"embeddable":true,"href":"https:\/\/kapitalis.com\/tunisie\/wp-json\/wp\/v2\/media\/1099162"}],"wp:attachment":[{"href":"https:\/\/kapitalis.com\/tunisie\/wp-json\/wp\/v2\/media?parent=1098980"}],"wp:term":[{"taxonomy":"category","embeddable":true,"href":"https:\/\/kapitalis.com\/tunisie\/wp-json\/wp\/v2\/categories?post=1098980"},{"taxonomy":"post_tag","embeddable":true,"href":"https:\/\/kapitalis.com\/tunisie\/wp-json\/wp\/v2\/tags?post=1098980"}],"curies":[{"name":"wp","href":"https:\/\/api.w.org\/{rel}","templated":true}]}}