{"id":11010183,"date":"2023-12-22T09:26:11","date_gmt":"2023-12-22T08:26:11","guid":{"rendered":"https:\/\/kapitalis.com\/tunisie\/?p=11010183"},"modified":"2023-12-22T09:26:12","modified_gmt":"2023-12-22T08:26:12","slug":"appel-a-solidarite-avec-la-palestine-pour-les-fetes-de-fin-dannee","status":"publish","type":"post","link":"https:\/\/kapitalis.com\/tunisie\/2023\/12\/22\/appel-a-solidarite-avec-la-palestine-pour-les-fetes-de-fin-dannee\/","title":{"rendered":"Appel \u00e0 solidarit\u00e9 avec la Palestine pour les F\u00eates de fin d&rsquo;ann\u00e9e"},"content":{"rendered":"\n<p><strong><em>L\u2019organisation Urgence Palestine a lanc\u00e9 l\u2019appel aux \u00e9glises de France pour une solidarit\u00e9 avec la Palestine pour les f\u00eates de No\u00ebl que nous reproduisons ci-dessous. <\/em><\/strong><em>(Illustration : l\u2019\u00e9glise Saint-Porphyre, la plus vieille \u00e9glise de Gaza construite en 1150, prise pour cible par l&rsquo;arm\u00e9e isra\u00e9lienne. Ph. Fr\u00e9d\u00e9ric Scheiber, <a href=\"http:\/\/l\u2019\u00e9glise Saint-Porphyre, plus vieille \u00e9glise de Gaza (1150)\" target=\"_blank\" rel=\"noreferrer noopener\">National Geographic<\/a>).<\/em>  <\/p>\n\n\n\n<!--more-->\n\n\n\n<p>La ville palestinienne de Bethl\u00e9em, ville de la Nativit\u00e9, a annonc\u00e9 annuler toutes les festivit\u00e9s li\u00e9es \u00e0 la p\u00e9riode de No\u00ebl cette ann\u00e9e. Comme le reste de la Palestine, Bethl\u00e9em est actuellement compl\u00e8tement ferm\u00e9e et en deuil. Elle c\u00e9l\u00e8brera les services religieux <em>\u00abdans la sobri\u00e9t\u00e9\u00bb<\/em>.<\/p>\n\n\n\n<p>Le p\u00e8re Ibrahim Faltas d\u00e9crit<em> \u00abune situation terrible\u00bb<\/em> et alerte <em>\u00absi cela continue, il n\u2019y aura plus de chr\u00e9tien en Terre Sainte !\u00bb<\/em><\/p>\n\n\n\n<p>Cette ann\u00e9e, la place de la Nativit\u00e9, n\u2019accueille pas d\u2019arbre, il n\u2019y aura ni fanfare, ni parade des scouts, ni d\u00e9corations, ni lumi\u00e8res en solidarit\u00e9 avec notre peuple qui vit depuis plus de 2 mois sous les bombes de l\u2019arm\u00e9e isra\u00e9lienne \u00e0 Gaza.<\/p>\n\n\n\n<p>D\u00e8s le d\u00e9but de l\u2019agression, les lieux de cultes historiques de la bande de Gaza et leurs fid\u00e8les ont \u00e9t\u00e9 pris pour cibles. C\u2019est le cas de la mosqu\u00e9e Al-Omari, de l\u2019\u00e9glise Saint-Porphyre, plus vieille \u00e9glise de Gaza (1150) et de tant d\u2019autres lieux de cultes.<\/p>\n\n\n\n<p>Nous sommes \u00e0 plus de 20 000 morts dont plus d\u2019un tiers sont des enfants. Nous esp\u00e9rons pouvoir compter sur votre soutien en cette p\u00e9riode si particuli\u00e8re et vous demandons de bien vouloir lors de la messe de No\u00ebl, relayer ce que d\u00e9crivent vos confr\u00e8res palestiniens qui officient depuis Bethl\u00e9em, J\u00e9rusalem ou Gaza, d\u2019appeler \u00e0 un cessez-le feu imm\u00e9diat, \u00e0 la lev\u00e9e du blocus de Gaza et \u00e0 la justice en Palestine.<\/p>\n\n\n\n<p><strong><em>Boussole Palestine<\/em><\/strong>\u00a0: boussolepalestine@gmail.com<\/p>\n\n\n\n<figure class=\"wp-block-embed is-type-wp-embed is-provider-kapitalis wp-block-embed-kapitalis\"><div class=\"wp-block-embed__wrapper\">\n<blockquote class=\"wp-embedded-content\" data-secret=\"a3D4Pht0rG\"><a href=\"https:\/\/kapitalis.com\/tunisie\/2023\/12\/22\/opinion-noel-annule-au-pays-de-la-naissance-de-jesus\/\">Opinion\u00a0: No\u00ebl annul\u00e9 au pays de la naissance de J\u00e9sus<\/a><\/blockquote><iframe loading=\"lazy\" class=\"wp-embedded-content\" sandbox=\"allow-scripts\" security=\"restricted\" style=\"position: absolute; clip: rect(1px, 1px, 1px, 1px);\" title=\"\u00ab\u00a0Opinion\u00a0: No\u00ebl annul\u00e9 au pays de la naissance de J\u00e9sus\u00a0\u00bb &#8212; Kapitalis\" src=\"https:\/\/kapitalis.com\/tunisie\/2023\/12\/22\/opinion-noel-annule-au-pays-de-la-naissance-de-jesus\/embed\/#?secret=MpnmIUFcvr#?secret=a3D4Pht0rG\" data-secret=\"a3D4Pht0rG\" width=\"600\" height=\"338\" frameborder=\"0\" marginwidth=\"0\" marginheight=\"0\" scrolling=\"no\"><\/iframe>\n<\/div><\/figure>\n","protected":false},"excerpt":{"rendered":"<p>Appel aux \u00e9glises de France pour une solidarit\u00e9 avec la Palestine pour les f\u00eates de No\u00ebl.<\/p>\n","protected":false},"author":8,"featured_media":11010501,"comment_status":"open","ping_status":"open","sticky":false,"template":"","format":"standard","meta":{"footnotes":""},"categories":[998,2433],"tags":[112997,1972,112999,2444,112998,7847,71629,4026,113000,112595],"class_list":["post-11010183","post","type-post","status-publish","format-standard","has-post-thumbnail","hentry","category-societe","category-tunisie","tag-bethleem","tag-chretiens","tag-eglise-saint-porphyre","tag-gaza","tag-ibrahim-faltas","tag-jerusalem","tag-noel","tag-palestine","tag-terre-sainte","tag-urgence-palestine"],"yoast_head":"<!-- This site is optimized with the Yoast SEO plugin v26.6 - https:\/\/yoast.com\/wordpress\/plugins\/seo\/ -->\n<title>Appel \u00e0 solidarit\u00e9 avec la Palestine pour les F\u00eates de fin d&#039;ann\u00e9e - Kapitalis<\/title>\n<meta name=\"robots\" content=\"index, follow, max-snippet:-1, max-image-preview:large, max-video-preview:-1\" \/>\n<link rel=\"canonical\" href=\"https:\/\/kapitalis.com\/tunisie\/2023\/12\/22\/appel-a-solidarite-avec-la-palestine-pour-les-fetes-de-fin-dannee\/\" \/>\n<meta property=\"og:locale\" content=\"fr_FR\" \/>\n<meta property=\"og:type\" content=\"article\" \/>\n<meta property=\"og:title\" content=\"Appel \u00e0 solidarit\u00e9 avec la Palestine pour les F\u00eates de fin d&#039;ann\u00e9e - Kapitalis\" \/>\n<meta property=\"og:description\" content=\"Appel aux \u00e9glises de France pour une solidarit\u00e9 avec la Palestine pour les f\u00eates de No\u00ebl.\" \/>\n<meta property=\"og:url\" content=\"https:\/\/kapitalis.com\/tunisie\/2023\/12\/22\/appel-a-solidarite-avec-la-palestine-pour-les-fetes-de-fin-dannee\/\" \/>\n<meta property=\"og:site_name\" content=\"Kapitalis\" \/>\n<meta property=\"article:publisher\" content=\"https:\/\/www.facebook.com\/KapitalisInfo\/\" \/>\n<meta property=\"article:published_time\" content=\"2023-12-22T08:26:11+00:00\" \/>\n<meta property=\"article:modified_time\" content=\"2023-12-22T08:26:12+00:00\" \/>\n<meta property=\"og:image\" content=\"https:\/\/kapitalis.com\/tunisie\/wp-content\/uploads\/2023\/12\/Eglise-Saint-Porphyre-Gaza.jpg\" \/>\n\t<meta property=\"og:image:width\" content=\"1200\" \/>\n\t<meta property=\"og:image:height\" content=\"630\" \/>\n\t<meta property=\"og:image:type\" content=\"image\/jpeg\" \/>\n<meta name=\"author\" content=\"webmaster kapitalis\" \/>\n<meta name=\"twitter:card\" content=\"summary_large_image\" \/>\n<meta name=\"twitter:creator\" content=\"@KapitalisInfo\" \/>\n<meta name=\"twitter:site\" content=\"@KapitalisInfo\" \/>\n<meta name=\"twitter:label1\" content=\"\u00c9crit par\" \/>\n\t<meta name=\"twitter:data1\" content=\"webmaster kapitalis\" \/>\n\t<meta name=\"twitter:label2\" content=\"Dur\u00e9e de lecture estim\u00e9e\" \/>\n\t<meta name=\"twitter:data2\" content=\"2 minutes\" \/>\n<script type=\"application\/ld+json\" class=\"yoast-schema-graph\">{\"@context\":\"https:\/\/schema.org\",\"@graph\":[{\"@type\":\"Article\",\"@id\":\"https:\/\/kapitalis.com\/tunisie\/2023\/12\/22\/appel-a-solidarite-avec-la-palestine-pour-les-fetes-de-fin-dannee\/#article\",\"isPartOf\":{\"@id\":\"https:\/\/kapitalis.com\/tunisie\/2023\/12\/22\/appel-a-solidarite-avec-la-palestine-pour-les-fetes-de-fin-dannee\/\"},\"author\":{\"name\":\"webmaster kapitalis\",\"@id\":\"https:\/\/kapitalis.com\/tunisie\/#\/schema\/person\/d71f33a9ca44f7bad4698210b480c8e9\"},\"headline\":\"Appel \u00e0 solidarit\u00e9 avec la Palestine pour les F\u00eates de fin d&rsquo;ann\u00e9e\",\"datePublished\":\"2023-12-22T08:26:11+00:00\",\"dateModified\":\"2023-12-22T08:26:12+00:00\",\"mainEntityOfPage\":{\"@id\":\"https:\/\/kapitalis.com\/tunisie\/2023\/12\/22\/appel-a-solidarite-avec-la-palestine-pour-les-fetes-de-fin-dannee\/\"},\"wordCount\":342,\"commentCount\":0,\"publisher\":{\"@id\":\"https:\/\/kapitalis.com\/tunisie\/#organization\"},\"image\":{\"@id\":\"https:\/\/kapitalis.com\/tunisie\/2023\/12\/22\/appel-a-solidarite-avec-la-palestine-pour-les-fetes-de-fin-dannee\/#primaryimage\"},\"thumbnailUrl\":\"https:\/\/kapitalis.com\/tunisie\/wp-content\/uploads\/2023\/12\/Eglise-Saint-Porphyre-Gaza.jpg\",\"keywords\":[\"Bethl\u00e9em\",\"chr\u00e9tiens\",\"\u00e9glise Saint-Porphyre\",\"Gaza\",\"Ibrahim Faltas\",\"J\u00e9rusalem\",\"No\u00ebl\",\"Palestine\",\"Terre Sainte\",\"Urgence Palestine\"],\"articleSection\":[\"SOCIETE\",\"Tunisie\"],\"inLanguage\":\"fr-FR\",\"potentialAction\":[{\"@type\":\"CommentAction\",\"name\":\"Comment\",\"target\":[\"https:\/\/kapitalis.com\/tunisie\/2023\/12\/22\/appel-a-solidarite-avec-la-palestine-pour-les-fetes-de-fin-dannee\/#respond\"]}]},{\"@type\":\"WebPage\",\"@id\":\"https:\/\/kapitalis.com\/tunisie\/2023\/12\/22\/appel-a-solidarite-avec-la-palestine-pour-les-fetes-de-fin-dannee\/\",\"url\":\"https:\/\/kapitalis.com\/tunisie\/2023\/12\/22\/appel-a-solidarite-avec-la-palestine-pour-les-fetes-de-fin-dannee\/\",\"name\":\"Appel \u00e0 solidarit\u00e9 avec la Palestine pour les F\u00eates de fin d'ann\u00e9e - Kapitalis\",\"isPartOf\":{\"@id\":\"https:\/\/kapitalis.com\/tunisie\/#website\"},\"primaryImageOfPage\":{\"@id\":\"https:\/\/kapitalis.com\/tunisie\/2023\/12\/22\/appel-a-solidarite-avec-la-palestine-pour-les-fetes-de-fin-dannee\/#primaryimage\"},\"image\":{\"@id\":\"https:\/\/kapitalis.com\/tunisie\/2023\/12\/22\/appel-a-solidarite-avec-la-palestine-pour-les-fetes-de-fin-dannee\/#primaryimage\"},\"thumbnailUrl\":\"https:\/\/kapitalis.com\/tunisie\/wp-content\/uploads\/2023\/12\/Eglise-Saint-Porphyre-Gaza.jpg\",\"datePublished\":\"2023-12-22T08:26:11+00:00\",\"dateModified\":\"2023-12-22T08:26:12+00:00\",\"breadcrumb\":{\"@id\":\"https:\/\/kapitalis.com\/tunisie\/2023\/12\/22\/appel-a-solidarite-avec-la-palestine-pour-les-fetes-de-fin-dannee\/#breadcrumb\"},\"inLanguage\":\"fr-FR\",\"potentialAction\":[{\"@type\":\"ReadAction\",\"target\":[\"https:\/\/kapitalis.com\/tunisie\/2023\/12\/22\/appel-a-solidarite-avec-la-palestine-pour-les-fetes-de-fin-dannee\/\"]}]},{\"@type\":\"ImageObject\",\"inLanguage\":\"fr-FR\",\"@id\":\"https:\/\/kapitalis.com\/tunisie\/2023\/12\/22\/appel-a-solidarite-avec-la-palestine-pour-les-fetes-de-fin-dannee\/#primaryimage\",\"url\":\"https:\/\/kapitalis.com\/tunisie\/wp-content\/uploads\/2023\/12\/Eglise-Saint-Porphyre-Gaza.jpg\",\"contentUrl\":\"https:\/\/kapitalis.com\/tunisie\/wp-content\/uploads\/2023\/12\/Eglise-Saint-Porphyre-Gaza.jpg\",\"width\":1200,\"height\":630},{\"@type\":\"BreadcrumbList\",\"@id\":\"https:\/\/kapitalis.com\/tunisie\/2023\/12\/22\/appel-a-solidarite-avec-la-palestine-pour-les-fetes-de-fin-dannee\/#breadcrumb\",\"itemListElement\":[{\"@type\":\"ListItem\",\"position\":1,\"name\":\"Accueil\",\"item\":\"https:\/\/kapitalis.com\/tunisie\/\"},{\"@type\":\"ListItem\",\"position\":2,\"name\":\"Appel \u00e0 solidarit\u00e9 avec la Palestine pour les F\u00eates de fin d&rsquo;ann\u00e9e\"}]},{\"@type\":\"WebSite\",\"@id\":\"https:\/\/kapitalis.com\/tunisie\/#website\",\"url\":\"https:\/\/kapitalis.com\/tunisie\/\",\"name\":\"Kapitalis\",\"description\":\"L&#039;actualit\u00e9 en Tunisie et dans le monde\",\"publisher\":{\"@id\":\"https:\/\/kapitalis.com\/tunisie\/#organization\"},\"potentialAction\":[{\"@type\":\"SearchAction\",\"target\":{\"@type\":\"EntryPoint\",\"urlTemplate\":\"https:\/\/kapitalis.com\/tunisie\/?s={search_term_string}\"},\"query-input\":{\"@type\":\"PropertyValueSpecification\",\"valueRequired\":true,\"valueName\":\"search_term_string\"}}],\"inLanguage\":\"fr-FR\"},{\"@type\":\"Organization\",\"@id\":\"https:\/\/kapitalis.com\/tunisie\/#organization\",\"name\":\"Kapitalis\",\"url\":\"https:\/\/kapitalis.com\/tunisie\/\",\"logo\":{\"@type\":\"ImageObject\",\"inLanguage\":\"fr-FR\",\"@id\":\"https:\/\/kapitalis.com\/tunisie\/#\/schema\/logo\/image\/\",\"url\":\"https:\/\/kapitalis.com\/tunisie\/wp-content\/uploads\/2022\/05\/Kapitalis-big-size.png\",\"contentUrl\":\"https:\/\/kapitalis.com\/tunisie\/wp-content\/uploads\/2022\/05\/Kapitalis-big-size.png\",\"width\":5000,\"height\":1500,\"caption\":\"Kapitalis\"},\"image\":{\"@id\":\"https:\/\/kapitalis.com\/tunisie\/#\/schema\/logo\/image\/\"},\"sameAs\":[\"https:\/\/www.facebook.com\/KapitalisInfo\/\",\"https:\/\/x.com\/KapitalisInfo\",\"https:\/\/www.youtube.com\/channel\/UC-yDYrHyfFBWWZaOw3FPg9Q\"]},{\"@type\":\"Person\",\"@id\":\"https:\/\/kapitalis.com\/tunisie\/#\/schema\/person\/d71f33a9ca44f7bad4698210b480c8e9\",\"name\":\"webmaster kapitalis\",\"url\":\"https:\/\/kapitalis.com\/tunisie\/author\/webmaster-kapitalis\/\"}]}<\/script>\n<!-- \/ Yoast SEO plugin. -->","yoast_head_json":{"title":"Appel \u00e0 solidarit\u00e9 avec la Palestine pour les F\u00eates de fin d'ann\u00e9e - Kapitalis","robots":{"index":"index","follow":"follow","max-snippet":"max-snippet:-1","max-image-preview":"max-image-preview:large","max-video-preview":"max-video-preview:-1"},"canonical":"https:\/\/kapitalis.com\/tunisie\/2023\/12\/22\/appel-a-solidarite-avec-la-palestine-pour-les-fetes-de-fin-dannee\/","og_locale":"fr_FR","og_type":"article","og_title":"Appel \u00e0 solidarit\u00e9 avec la Palestine pour les F\u00eates de fin d'ann\u00e9e - Kapitalis","og_description":"Appel aux \u00e9glises de France pour une solidarit\u00e9 avec la Palestine pour les f\u00eates de No\u00ebl.","og_url":"https:\/\/kapitalis.com\/tunisie\/2023\/12\/22\/appel-a-solidarite-avec-la-palestine-pour-les-fetes-de-fin-dannee\/","og_site_name":"Kapitalis","article_publisher":"https:\/\/www.facebook.com\/KapitalisInfo\/","article_published_time":"2023-12-22T08:26:11+00:00","article_modified_time":"2023-12-22T08:26:12+00:00","og_image":[{"width":1200,"height":630,"url":"https:\/\/kapitalis.com\/tunisie\/wp-content\/uploads\/2023\/12\/Eglise-Saint-Porphyre-Gaza.jpg","type":"image\/jpeg"}],"author":"webmaster kapitalis","twitter_card":"summary_large_image","twitter_creator":"@KapitalisInfo","twitter_site":"@KapitalisInfo","twitter_misc":{"\u00c9crit par":"webmaster kapitalis","Dur\u00e9e de lecture estim\u00e9e":"2 minutes"},"schema":{"@context":"https:\/\/schema.org","@graph":[{"@type":"Article","@id":"https:\/\/kapitalis.com\/tunisie\/2023\/12\/22\/appel-a-solidarite-avec-la-palestine-pour-les-fetes-de-fin-dannee\/#article","isPartOf":{"@id":"https:\/\/kapitalis.com\/tunisie\/2023\/12\/22\/appel-a-solidarite-avec-la-palestine-pour-les-fetes-de-fin-dannee\/"},"author":{"name":"webmaster kapitalis","@id":"https:\/\/kapitalis.com\/tunisie\/#\/schema\/person\/d71f33a9ca44f7bad4698210b480c8e9"},"headline":"Appel \u00e0 solidarit\u00e9 avec la Palestine pour les F\u00eates de fin d&rsquo;ann\u00e9e","datePublished":"2023-12-22T08:26:11+00:00","dateModified":"2023-12-22T08:26:12+00:00","mainEntityOfPage":{"@id":"https:\/\/kapitalis.com\/tunisie\/2023\/12\/22\/appel-a-solidarite-avec-la-palestine-pour-les-fetes-de-fin-dannee\/"},"wordCount":342,"commentCount":0,"publisher":{"@id":"https:\/\/kapitalis.com\/tunisie\/#organization"},"image":{"@id":"https:\/\/kapitalis.com\/tunisie\/2023\/12\/22\/appel-a-solidarite-avec-la-palestine-pour-les-fetes-de-fin-dannee\/#primaryimage"},"thumbnailUrl":"https:\/\/kapitalis.com\/tunisie\/wp-content\/uploads\/2023\/12\/Eglise-Saint-Porphyre-Gaza.jpg","keywords":["Bethl\u00e9em","chr\u00e9tiens","\u00e9glise Saint-Porphyre","Gaza","Ibrahim Faltas","J\u00e9rusalem","No\u00ebl","Palestine","Terre Sainte","Urgence Palestine"],"articleSection":["SOCIETE","Tunisie"],"inLanguage":"fr-FR","potentialAction":[{"@type":"CommentAction","name":"Comment","target":["https:\/\/kapitalis.com\/tunisie\/2023\/12\/22\/appel-a-solidarite-avec-la-palestine-pour-les-fetes-de-fin-dannee\/#respond"]}]},{"@type":"WebPage","@id":"https:\/\/kapitalis.com\/tunisie\/2023\/12\/22\/appel-a-solidarite-avec-la-palestine-pour-les-fetes-de-fin-dannee\/","url":"https:\/\/kapitalis.com\/tunisie\/2023\/12\/22\/appel-a-solidarite-avec-la-palestine-pour-les-fetes-de-fin-dannee\/","name":"Appel \u00e0 solidarit\u00e9 avec la Palestine pour les F\u00eates de fin d'ann\u00e9e - Kapitalis","isPartOf":{"@id":"https:\/\/kapitalis.com\/tunisie\/#website"},"primaryImageOfPage":{"@id":"https:\/\/kapitalis.com\/tunisie\/2023\/12\/22\/appel-a-solidarite-avec-la-palestine-pour-les-fetes-de-fin-dannee\/#primaryimage"},"image":{"@id":"https:\/\/kapitalis.com\/tunisie\/2023\/12\/22\/appel-a-solidarite-avec-la-palestine-pour-les-fetes-de-fin-dannee\/#primaryimage"},"thumbnailUrl":"https:\/\/kapitalis.com\/tunisie\/wp-content\/uploads\/2023\/12\/Eglise-Saint-Porphyre-Gaza.jpg","datePublished":"2023-12-22T08:26:11+00:00","dateModified":"2023-12-22T08:26:12+00:00","breadcrumb":{"@id":"https:\/\/kapitalis.com\/tunisie\/2023\/12\/22\/appel-a-solidarite-avec-la-palestine-pour-les-fetes-de-fin-dannee\/#breadcrumb"},"inLanguage":"fr-FR","potentialAction":[{"@type":"ReadAction","target":["https:\/\/kapitalis.com\/tunisie\/2023\/12\/22\/appel-a-solidarite-avec-la-palestine-pour-les-fetes-de-fin-dannee\/"]}]},{"@type":"ImageObject","inLanguage":"fr-FR","@id":"https:\/\/kapitalis.com\/tunisie\/2023\/12\/22\/appel-a-solidarite-avec-la-palestine-pour-les-fetes-de-fin-dannee\/#primaryimage","url":"https:\/\/kapitalis.com\/tunisie\/wp-content\/uploads\/2023\/12\/Eglise-Saint-Porphyre-Gaza.jpg","contentUrl":"https:\/\/kapitalis.com\/tunisie\/wp-content\/uploads\/2023\/12\/Eglise-Saint-Porphyre-Gaza.jpg","width":1200,"height":630},{"@type":"BreadcrumbList","@id":"https:\/\/kapitalis.com\/tunisie\/2023\/12\/22\/appel-a-solidarite-avec-la-palestine-pour-les-fetes-de-fin-dannee\/#breadcrumb","itemListElement":[{"@type":"ListItem","position":1,"name":"Accueil","item":"https:\/\/kapitalis.com\/tunisie\/"},{"@type":"ListItem","position":2,"name":"Appel \u00e0 solidarit\u00e9 avec la Palestine pour les F\u00eates de fin d&rsquo;ann\u00e9e"}]},{"@type":"WebSite","@id":"https:\/\/kapitalis.com\/tunisie\/#website","url":"https:\/\/kapitalis.com\/tunisie\/","name":"Kapitalis","description":"L&#039;actualit\u00e9 en Tunisie et dans le monde","publisher":{"@id":"https:\/\/kapitalis.com\/tunisie\/#organization"},"potentialAction":[{"@type":"SearchAction","target":{"@type":"EntryPoint","urlTemplate":"https:\/\/kapitalis.com\/tunisie\/?s={search_term_string}"},"query-input":{"@type":"PropertyValueSpecification","valueRequired":true,"valueName":"search_term_string"}}],"inLanguage":"fr-FR"},{"@type":"Organization","@id":"https:\/\/kapitalis.com\/tunisie\/#organization","name":"Kapitalis","url":"https:\/\/kapitalis.com\/tunisie\/","logo":{"@type":"ImageObject","inLanguage":"fr-FR","@id":"https:\/\/kapitalis.com\/tunisie\/#\/schema\/logo\/image\/","url":"https:\/\/kapitalis.com\/tunisie\/wp-content\/uploads\/2022\/05\/Kapitalis-big-size.png","contentUrl":"https:\/\/kapitalis.com\/tunisie\/wp-content\/uploads\/2022\/05\/Kapitalis-big-size.png","width":5000,"height":1500,"caption":"Kapitalis"},"image":{"@id":"https:\/\/kapitalis.com\/tunisie\/#\/schema\/logo\/image\/"},"sameAs":["https:\/\/www.facebook.com\/KapitalisInfo\/","https:\/\/x.com\/KapitalisInfo","https:\/\/www.youtube.com\/channel\/UC-yDYrHyfFBWWZaOw3FPg9Q"]},{"@type":"Person","@id":"https:\/\/kapitalis.com\/tunisie\/#\/schema\/person\/d71f33a9ca44f7bad4698210b480c8e9","name":"webmaster kapitalis","url":"https:\/\/kapitalis.com\/tunisie\/author\/webmaster-kapitalis\/"}]}},"_links":{"self":[{"href":"https:\/\/kapitalis.com\/tunisie\/wp-json\/wp\/v2\/posts\/11010183","targetHints":{"allow":["GET"]}}],"collection":[{"href":"https:\/\/kapitalis.com\/tunisie\/wp-json\/wp\/v2\/posts"}],"about":[{"href":"https:\/\/kapitalis.com\/tunisie\/wp-json\/wp\/v2\/types\/post"}],"author":[{"embeddable":true,"href":"https:\/\/kapitalis.com\/tunisie\/wp-json\/wp\/v2\/users\/8"}],"replies":[{"embeddable":true,"href":"https:\/\/kapitalis.com\/tunisie\/wp-json\/wp\/v2\/comments?post=11010183"}],"version-history":[{"count":1,"href":"https:\/\/kapitalis.com\/tunisie\/wp-json\/wp\/v2\/posts\/11010183\/revisions"}],"predecessor-version":[{"id":11010728,"href":"https:\/\/kapitalis.com\/tunisie\/wp-json\/wp\/v2\/posts\/11010183\/revisions\/11010728"}],"wp:featuredmedia":[{"embeddable":true,"href":"https:\/\/kapitalis.com\/tunisie\/wp-json\/wp\/v2\/media\/11010501"}],"wp:attachment":[{"href":"https:\/\/kapitalis.com\/tunisie\/wp-json\/wp\/v2\/media?parent=11010183"}],"wp:term":[{"taxonomy":"category","embeddable":true,"href":"https:\/\/kapitalis.com\/tunisie\/wp-json\/wp\/v2\/categories?post=11010183"},{"taxonomy":"post_tag","embeddable":true,"href":"https:\/\/kapitalis.com\/tunisie\/wp-json\/wp\/v2\/tags?post=11010183"}],"curies":[{"name":"wp","href":"https:\/\/api.w.org\/{rel}","templated":true}]}}