{"id":110279,"date":"2017-08-13T12:20:43","date_gmt":"2017-08-13T11:20:43","guid":{"rendered":"http:\/\/kapitalis.com\/tunisie\/?p=110279"},"modified":"2017-08-13T12:20:43","modified_gmt":"2017-08-13T11:20:43","slug":"au-creux-des-apparences-lhydre-islamiste-change-de-peau","status":"publish","type":"post","link":"https:\/\/kapitalis.com\/tunisie\/2017\/08\/13\/au-creux-des-apparences-lhydre-islamiste-change-de-peau\/","title":{"rendered":"Au creux des apparences, l\u2019hydre islamiste change de peau"},"content":{"rendered":"<p style=\"text-align: center;\"><img loading=\"lazy\" decoding=\"async\" class=\"alignnone size-full wp-image-110280\" src=\"http:\/\/kapitalis.com\/tunisie\/wp-content\/uploads\/2017\/08\/Un-Ghannouchi-en-cache-un-autre.jpg\" alt=\"\" width=\"626\" height=\"380\" \/><\/p>\n<p style=\"text-align: center;\"><em>Un Ghannouchi peut-il en cacher un autre ?<\/em><\/p>\n<p style=\"text-align: left;\"><em><strong>Les communicants de Rached Ghannouchi auraient d\u00fb, bien avant de lui apprendre \u00e0 faire un n\u0153ud de cravate, lui rappeler que la meilleure communication c\u2019est surtout de savoir se taire.<\/strong><\/em><\/p>\n<p style=\"text-align: left;\">Par <strong>Yassine Essid<\/strong><\/p>\n<p><!--more--><\/p>\n<p style=\"text-align: left;\">Attention, la photo \u00e0 gauche peut choquer les \u00e2mes sensibles! C\u2019est le portrait d\u2019un homme \u00e0 l\u2019allure hirsute de l\u2019authentique barbu islamiste. La premi\u00e8re impression qu\u2019il suscite est celle d\u2019un personnage affect\u00e9 d\u2019une insensibilit\u00e9 sentimentale et \u00e9motionnelle quasi cong\u00e9nitale, d\u00e9pourvu de toute marque d\u2019empathie pour ses semblables, dont la conscience ne le remord jamais et qui semble n\u2019\u00e9prouver aucun sentiment de culpabilit\u00e9, car indiff\u00e9rent \u00e0 l\u2019\u00e9gard de la v\u00e9rit\u00e9, insensible au malheur des autres et se croit d\u00e8s lors tout permis.<\/p>\n<p style=\"text-align: left;\"><strong>La barbe de l\u2019int\u00e9griste ombrageux<\/strong><\/p>\n<p style=\"text-align: left;\">Le cr\u00e2ne est coiff\u00e9 de ce qui ressemble bien \u00e0 une calotte. En fait un mod\u00e8le hybride de couvre-chef inhabituel de ce c\u00f4t\u00e9-ci de la M\u00e9diterran\u00e9e, autant par la forme que par la teinte. Feutr\u00e9, manquant de charme et d\u2019originalit\u00e9, il se d\u00e9marque par son contour arrondi et par sa couleur, d\u2019un bleu profond, signe de tristesse et de deuil, dont seraient sensibles ses fr\u00e8res imp\u00e9tueux et incultes. Ce faisant, il cherche certainement \u00e0 exprimer, par ce code iconique, la volont\u00e9 de se d\u00e9marquer ostensiblement de notre traditionnelle ch\u00e9chia, de la couleur vive du vermillon.<\/p>\n<p style=\"text-align: left;\">Le regard inquisiteur, vindicatif et accusateur, qu\u2019on lui connaissait que trop bien, soup\u00e8se et interroge, sous des sourcils \u00e9pais et arqu\u00e9s. Une bouche lippue, faite de grosses l\u00e8vres dont l\u2019inf\u00e9rieure est pendante, ne pr\u00e9sage rien d\u2019aimable.<\/p>\n<p style=\"text-align: left;\">Cependant, il ne pouvait nous rester indiff\u00e9rent. On a appris \u00e0 composer avec son existence, mais l\u2019antipathie nous en \u00e9carte; il \u00e9tait devenu pour nous un sujet de repoussement, d\u2019hostilit\u00e9, souvent de col\u00e8re. Bref, une \u00e2me qui n\u2019\u00e9tait en paix ni avec elle-m\u00eame ni avec les autres, ce qui n\u2019avait rien de rassurant.<\/p>\n<p style=\"text-align: left;\">Reste le collier de barbe. Il s\u2019affiche opportun\u00e9ment et pr\u00e9tentieusement sur le visage de Rached Ghannouchi, comme sur celui des ses partisans d\u2019Ennahdha, pour marquer leur diff\u00e9rence avec le visage glabre des adeptes de la modernit\u00e9 la\u00efque et occidentalis\u00e9e.<\/p>\n<p style=\"text-align: left;\">Il faut cependant reconna\u00eetre \u00e0 son cr\u00e9dit que, bien qu\u2019accessoire indispensable pour les membres de cette secte, la barbe du cheikh n\u2019atteint pas ici la dimension de la longue toison \u00e9paisse du clerg\u00e9 wahhabite des pays du Golfe.<\/p>\n<p style=\"text-align: left;\"><strong>Illusion diabolique et alternance monstrueuse <\/strong><\/p>\n<p style=\"text-align: left;\">Quant au portrait de droite, il est \u00e0 la limite de la m\u00e9tamorphose humaine \u00e0 ranger parmi les illusions diaboliques: l\u2019alternance monstrueuse, en un seul \u00eatre, du rustre, ennemi des bonnes \u00e9tudes, au gentil esprit docile dont l\u2019\u00e2me n\u2019aspire qu\u2019\u00e0 s\u2019\u00e9lever. C\u2019est que la photo reproduit \u00e9tonnamment la m\u00eame personne. Le demi-dieu est devenu simple mortel, par\u00e9 cette fois pour duper son entourage.<\/p>\n<p style=\"text-align: left;\">Nu-t\u00eate, Rached Ghannouchi porte d\u00e9sormais des cheveux blancs coup\u00e9s fort courts bien qu\u2019entam\u00e9s par une calvitie naissante. Une coupe qui demeure non seulement un ind\u00e9niable atout de style et de modernit\u00e9, mais d\u00e9clenche une meilleure estime de soi qui l\u2019aide \u00e0 prendre des risques, \u00e0 chercher des solutions innovatrices, parfois contre son camp, et lui permet surtout de voir plus grand quant \u00e0 son avenir politique.<\/p>\n<p style=\"text-align: left;\">L\u2019effet <em>\u00ablunettes\u00bb<\/em>, n\u2019\u00e9chappe pas non plus \u00e0 l\u2019attention de l\u2019observateur et participe \u00e0 son tour \u00e0 cette communication politique calibr\u00e9e destin\u00e9e \u00e0 s\u2019imprimer dans nos esprits, et qui repr\u00e9sente \u00e0 elle seule un slogan concis et \u00e9loquent.<\/p>\n<p style=\"text-align: left;\">Le regard, jadis soup\u00e7onneux, traduit d\u00e9sormais, derri\u00e8re des verres sans monture, un \u00e9tat d\u2019esprit nouveau, plus apais\u00e9, plus paternel. Celui de quelqu\u2019un qui est ancr\u00e9 dans le monde r\u00e9el, qui comprend l\u2019\u00e9conomie moderne, qui sait ce qu\u2019il veut et o\u00f9 il veut aller. Loin de r\u00e9v\u00e9ler une infirmit\u00e9 ou souligner les d\u00e9gradations physiques de l\u2019\u00e2ge, ses lunettes portent des significations, plus positives : l\u2019aptitude \u00e0 la r\u00e9flexion, la profondeur de la pens\u00e9e, la solidit\u00e9 des convictions et le r\u00e9alisme en politique. Bref, on lui donnerait le bon Dieu sans confession.<\/p>\n<p style=\"text-align: center;\"><img loading=\"lazy\" decoding=\"async\" class=\"alignnone wp-image-51019\" src=\"http:\/\/kapitalis.com\/tunisie\/wp-content\/uploads\/2016\/05\/Rached-Ghannouchi-Ennahdha-congres.jpg\" alt=\"\" width=\"500\" height=\"304\" \/><\/p>\n<p style=\"text-align: center;\"><em>Les m\u00e9tamorphoses d&rsquo;un chef islamiste.\u00a0<\/em><\/p>\n<p style=\"text-align: left;\"><strong>La nature toujours tiraill\u00e9e des dirigeants d\u2019Ennahdha<\/strong><\/p>\n<p style=\"text-align: left;\">Sans \u00eatre pour autant le signe d\u2019une coquetterie douteuse, ou le t\u00e9moignage d\u2019une la\u00efcisation du pouvoir, le port d\u2019une courte barbe, de 3 jours, sert en fait d\u2019op\u00e9ration de com\u2019 \u00e0 la hauteur de l\u2019enjeu nouveau. Esth\u00e9tiquement, elle est tendance, de m\u00eame qu\u2019elle porte un message clair destin\u00e9 aux salafistes de tout bord, pour qui la d\u00e9mocratie est une impi\u00e9t\u00e9. Elle sert enfin \u00e0 masquer la nature toujours tiraill\u00e9e des dirigeants d\u2019Ennahdha, adeptes des discours ambigus et des man\u0153uvres obliques, \u00e0 les faire passer pour ce qu\u2019ils ne sont pas, c\u2019est-\u00e0-dire les tenants d\u2019un islam politique l\u00e9galiste, sinc\u00e8re et rassurant qu\u2019incarne si bien \u00e0 leurs yeux le pr\u00e9sident turc Recep Tayyip Erdogan et son islam d\u2019ouverture qui a tourn\u00e9 court en r\u00e9v\u00e9lant au monde un despote tyrannique qui exige que tout ploie sous ses ordres absolus.<\/p>\n<p style=\"text-align: left;\">Passons maintenant au v\u00eatement, l\u2019un de ces objets de communication complexe, mais ce qu&rsquo;il y a de plus concret, et qui repr\u00e9sente \u00e0 son tour une possibilit\u00e9 de connaissance de soi-m\u00eame et des autres.<\/p>\n<p style=\"text-align: left;\">On remarque d\u2019embl\u00e9e que le vestiaire de Rached Ghannouchi s\u2019est enrichi : chemises, cravates et costumes, vari\u00e9s en nombre et en couleurs, sont devenus pour lui l\u2019enjeu des luttes d\u2019apparence politique. Dans le style vestimentaire d\u2019un candidat \u00e0 la pr\u00e9sidence, le costume sombre doit ainsi r\u00e9gner en ma\u00eetre. Pour le reste, le leader islamiste ne prend pas de risques et se fie \u00e0 l\u2019instinct de ses conseillers.<\/p>\n<p style=\"text-align: left;\">Avec une chemise blanche, tout devient possible. Elle est alors fortement recommand\u00e9e pour assortir une cravate unie noire ou faux unie bleue sur laquelle on a beaucoup glos\u00e9. Bien qu\u2019objet futile, compar\u00e9 aux \u00e9v\u00e9nements politiques que traverse le pays, la galaxie m\u00e9diatique fit du sens avec presque rien. Et pour cause.<\/p>\n<p style=\"text-align: left;\"><strong>Une technique de dissimulation pour brouiller les pistes <\/strong><\/p>\n<p style=\"text-align: left;\">Costume, chemise, cravate, laissent imaginer que la nouvelle allure du cheikh, par la forme autant que par les couleurs de ses v\u00eatements, est parfaitement consubstantielle \u00e0 son nouveau mode de pens\u00e9e. Ghannouchi n\u2019a pas subitement chang\u00e9 en se rasant de plus pr\u00e8s ou en apparaissant en costume-cravate. Il n\u2019est pas non plus en rupture avec ses convictions profondes qui souvent le trahissent. C\u2019est juste une autre technique de dissimulation \u00e0 travers laquelle il essaie seulement de brouiller les pistes, un signe pour exprimer la preuve d\u2019une sant\u00e9 morale tout en exaltant un d\u00e9sir de modernisme.<\/p>\n<p style=\"text-align: left;\">Toutefois, et quoiqu\u2019il fasse, le cheikh en costume-cravate n\u2019arrive pas \u00e0 cacher ses intentions politiques. Devenu th\u00e9oricien patent\u00e9, penseur f\u00e9cond et conf\u00e9rencier prolixe sur l\u2019islam d\u00e9mocratique, il a appris \u00e0 n\u2019exclure personne, pr\u00e9tend admettre l\u2019alternance au pouvoir, assume les valeurs du pluralisme et de l\u2019\u00e9galit\u00e9 des sexes, au point de se convaincre qu\u2019il est parfaitement apte \u00e0 briguer la magistrature supr\u00eame. Sauf, qu\u2019en mati\u00e8re de gouvernance, il tra\u00eene derri\u00e8re lui un bilan d\u00e9sastreux. Mais cela peut \u00eatre corrig\u00e9 en commen\u00e7ant par cacher sa vraie personnalit\u00e9 derri\u00e8re un masque de normalit\u00e9.<\/p>\n<p style=\"text-align: left;\">Sans aller directement au fait, la strat\u00e9gie consiste d\u2019abord \u00e0 rappeler de temps \u00e0 autre au chef de gouvernement, Youssef Chahed, \u00e0 travers d\u2019inconvenantes demandes imp\u00e9ratives, que l\u2019activit\u00e9 d\u2019un Premier ministre est un travail \u00e0 plein temps, que son action doit \u00eatre en ad\u00e9quation avec ses paroles, qu\u2019il est de la plus haute importance qu\u2019il s\u2019attache en priorit\u00e9 au r\u00e8glement des questions \u00e9conomiques et sociales du pays, de m\u00eame qu\u2019il doit pers\u00e9v\u00e9rer dans sa lutte contre la corruption sans d\u00e9border de z\u00e8le en allant au-del\u00e0 de ce qui est permis.<\/p>\n<p style=\"text-align: left;\">Toutes ces sommations n\u2019\u00e9taient en fait que des rappels \u00e0 l\u2019ordre pr\u00e9ludant \u00e0 un avertissement solennel adress\u00e9 pr\u00e9matur\u00e9ment \u00e0 celui qu\u2019il voit d\u00e9j\u00e0 comme un rival pour les \u00e9ch\u00e9ances futures. Il se permet alors de mettre explicitement Youssef Chahed en demeure face \u00e0 toute vell\u00e9it\u00e9 d\u2019envisager sa candidature \u00e0 l\u2019\u00e9lection pr\u00e9sidentielle de 2019.<\/p>\n<p style=\"text-align: left;\">Les r\u00e8gles \u00e9l\u00e9mentaires de la prudence exigent de ne pas mener d\u2019attaque lorsqu\u2019on n\u2019est pas s\u00fbr d\u2019obtenir un avantage quelconque. Il faut savoir pr\u00e9voir les cons\u00e9quences d\u2019une entreprise, et donc y renoncer s\u2019il para\u00eet qu\u2019elle peut \u00e9chouer. Il faut en somme faire preuve de patience pour mieux rebondir au moment opportun.<\/p>\n<p style=\"text-align: left;\">Rached Ghannouchi, qui a \u00e9t\u00e9 totalement relook\u00e9, \u00e0 en devenir m\u00e9connaissable, est arriv\u00e9e \u00e0 la conclusion que depuis le d\u00e9but du mandat peu r\u00e9jouissant de B\u00e9ji Ca\u00efd Essebsi, son mouvement s\u2019est refait une sant\u00e9. Il n\u2019est alors que grand temps pour veiller \u00e0 renforcer sa position dans la perspective de l\u2019\u00e9ch\u00e9ance proche, face \u00e0 une opposition affaiblie, morcel\u00e9e lorsqu\u2019elle n\u2019est pas tout simplement discr\u00e9dit\u00e9e ou lamin\u00e9e. La victoire est alors au bout du chemin et ce qui est d\u00e9fait peut \u00eatre refait. Autant de raisons que tout futur pr\u00e9tendant \u00e0 la fonction pr\u00e9sidentielle doit mettre \u00e0 profit.<\/p>\n<p style=\"text-align: left;\">Mais pour \u00eatre ex\u00e9cutable, un tel projet doit convenir \u00e0 la situation du moment, car le cours des \u00e9v\u00e9nements peut toujours \u00eatre d\u00e9vi\u00e9 par la survenue des impond\u00e9rables de la politique. Aussi, les talentueux communicants de Rached Ghannouchi auraient d\u00fb, bien avant de lui apprendre \u00e0 faire un n\u0153ud de cravate, lui rappeler que la meilleure communication c\u2019est surtout de savoir se taire.<\/p>\n","protected":false},"excerpt":{"rendered":"<p>Un Ghannouchi peut-il en cacher un autre ? Les communicants de Rached Ghannouchi auraient d\u00fb, bien avant de lui apprendre \u00e0 faire un n\u0153ud de cravate, lui rappeler que la meilleure communication c\u2019est surtout de savoir se taire. Par Yassine Essid<\/p>\n","protected":false},"author":8,"featured_media":110280,"comment_status":"open","ping_status":"open","sticky":false,"template":"","format":"standard","meta":{"footnotes":""},"categories":[992,997,2433],"tags":[1857,1648,4797],"class_list":["post-110279","post","type-post","status-publish","format-standard","has-post-thumbnail","hentry","category-a-la-une","category-politique","category-tunisie","tag-erdogan","tag-islamistes","tag-presidentielle"],"yoast_head":"<!-- This site is optimized with the Yoast SEO plugin v26.6 - https:\/\/yoast.com\/wordpress\/plugins\/seo\/ -->\n<title>Au creux des apparences, l\u2019hydre islamiste change de peau - Kapitalis<\/title>\n<meta name=\"robots\" content=\"index, follow, max-snippet:-1, max-image-preview:large, max-video-preview:-1\" \/>\n<link rel=\"canonical\" href=\"https:\/\/kapitalis.com\/tunisie\/2017\/08\/13\/au-creux-des-apparences-lhydre-islamiste-change-de-peau\/\" \/>\n<meta property=\"og:locale\" content=\"fr_FR\" \/>\n<meta property=\"og:type\" content=\"article\" \/>\n<meta property=\"og:title\" content=\"Au creux des apparences, l\u2019hydre islamiste change de peau - Kapitalis\" \/>\n<meta property=\"og:description\" content=\"Un Ghannouchi peut-il en cacher un autre ? Les communicants de Rached Ghannouchi auraient d\u00fb, bien avant de lui apprendre \u00e0 faire un n\u0153ud de cravate, lui rappeler que la meilleure communication c\u2019est surtout de savoir se taire. Par Yassine Essid\" \/>\n<meta property=\"og:url\" content=\"https:\/\/kapitalis.com\/tunisie\/2017\/08\/13\/au-creux-des-apparences-lhydre-islamiste-change-de-peau\/\" \/>\n<meta property=\"og:site_name\" content=\"Kapitalis\" \/>\n<meta property=\"article:publisher\" content=\"https:\/\/www.facebook.com\/KapitalisInfo\/\" \/>\n<meta property=\"article:published_time\" content=\"2017-08-13T11:20:43+00:00\" \/>\n<meta property=\"og:image\" content=\"https:\/\/kapitalis.com\/tunisie\/wp-content\/uploads\/2022\/05\/kapitalis-logo-fb.png\" \/>\n\t<meta property=\"og:image:width\" content=\"1200\" \/>\n\t<meta property=\"og:image:height\" content=\"630\" \/>\n\t<meta property=\"og:image:type\" content=\"image\/png\" \/>\n<meta name=\"author\" content=\"webmaster kapitalis\" \/>\n<meta name=\"twitter:card\" content=\"summary_large_image\" \/>\n<meta name=\"twitter:creator\" content=\"@KapitalisInfo\" \/>\n<meta name=\"twitter:site\" content=\"@KapitalisInfo\" \/>\n<meta name=\"twitter:label1\" content=\"\u00c9crit par\" \/>\n\t<meta name=\"twitter:data1\" content=\"webmaster kapitalis\" \/>\n\t<meta name=\"twitter:label2\" content=\"Dur\u00e9e de lecture estim\u00e9e\" \/>\n\t<meta name=\"twitter:data2\" content=\"8 minutes\" \/>\n<script type=\"application\/ld+json\" class=\"yoast-schema-graph\">{\"@context\":\"https:\/\/schema.org\",\"@graph\":[{\"@type\":\"Article\",\"@id\":\"https:\/\/kapitalis.com\/tunisie\/2017\/08\/13\/au-creux-des-apparences-lhydre-islamiste-change-de-peau\/#article\",\"isPartOf\":{\"@id\":\"https:\/\/kapitalis.com\/tunisie\/2017\/08\/13\/au-creux-des-apparences-lhydre-islamiste-change-de-peau\/\"},\"author\":{\"name\":\"webmaster kapitalis\",\"@id\":\"https:\/\/kapitalis.com\/tunisie\/#\/schema\/person\/d71f33a9ca44f7bad4698210b480c8e9\"},\"headline\":\"Au creux des apparences, l\u2019hydre islamiste change de peau\",\"datePublished\":\"2017-08-13T11:20:43+00:00\",\"mainEntityOfPage\":{\"@id\":\"https:\/\/kapitalis.com\/tunisie\/2017\/08\/13\/au-creux-des-apparences-lhydre-islamiste-change-de-peau\/\"},\"wordCount\":1695,\"commentCount\":12,\"publisher\":{\"@id\":\"https:\/\/kapitalis.com\/tunisie\/#organization\"},\"image\":{\"@id\":\"https:\/\/kapitalis.com\/tunisie\/2017\/08\/13\/au-creux-des-apparences-lhydre-islamiste-change-de-peau\/#primaryimage\"},\"thumbnailUrl\":\"\",\"keywords\":[\"Erdogan\",\"islamistes\",\"pr\u00e9sidentielle\"],\"articleSection\":[\"A LA UNE\",\"POLITIQUE\",\"Tunisie\"],\"inLanguage\":\"fr-FR\",\"potentialAction\":[{\"@type\":\"CommentAction\",\"name\":\"Comment\",\"target\":[\"https:\/\/kapitalis.com\/tunisie\/2017\/08\/13\/au-creux-des-apparences-lhydre-islamiste-change-de-peau\/#respond\"]}]},{\"@type\":\"WebPage\",\"@id\":\"https:\/\/kapitalis.com\/tunisie\/2017\/08\/13\/au-creux-des-apparences-lhydre-islamiste-change-de-peau\/\",\"url\":\"https:\/\/kapitalis.com\/tunisie\/2017\/08\/13\/au-creux-des-apparences-lhydre-islamiste-change-de-peau\/\",\"name\":\"Au creux des apparences, l\u2019hydre islamiste change de peau - Kapitalis\",\"isPartOf\":{\"@id\":\"https:\/\/kapitalis.com\/tunisie\/#website\"},\"primaryImageOfPage\":{\"@id\":\"https:\/\/kapitalis.com\/tunisie\/2017\/08\/13\/au-creux-des-apparences-lhydre-islamiste-change-de-peau\/#primaryimage\"},\"image\":{\"@id\":\"https:\/\/kapitalis.com\/tunisie\/2017\/08\/13\/au-creux-des-apparences-lhydre-islamiste-change-de-peau\/#primaryimage\"},\"thumbnailUrl\":\"\",\"datePublished\":\"2017-08-13T11:20:43+00:00\",\"breadcrumb\":{\"@id\":\"https:\/\/kapitalis.com\/tunisie\/2017\/08\/13\/au-creux-des-apparences-lhydre-islamiste-change-de-peau\/#breadcrumb\"},\"inLanguage\":\"fr-FR\",\"potentialAction\":[{\"@type\":\"ReadAction\",\"target\":[\"https:\/\/kapitalis.com\/tunisie\/2017\/08\/13\/au-creux-des-apparences-lhydre-islamiste-change-de-peau\/\"]}]},{\"@type\":\"ImageObject\",\"inLanguage\":\"fr-FR\",\"@id\":\"https:\/\/kapitalis.com\/tunisie\/2017\/08\/13\/au-creux-des-apparences-lhydre-islamiste-change-de-peau\/#primaryimage\",\"url\":\"\",\"contentUrl\":\"\"},{\"@type\":\"BreadcrumbList\",\"@id\":\"https:\/\/kapitalis.com\/tunisie\/2017\/08\/13\/au-creux-des-apparences-lhydre-islamiste-change-de-peau\/#breadcrumb\",\"itemListElement\":[{\"@type\":\"ListItem\",\"position\":1,\"name\":\"Accueil\",\"item\":\"https:\/\/kapitalis.com\/tunisie\/\"},{\"@type\":\"ListItem\",\"position\":2,\"name\":\"Au creux des apparences, l\u2019hydre islamiste change de peau\"}]},{\"@type\":\"WebSite\",\"@id\":\"https:\/\/kapitalis.com\/tunisie\/#website\",\"url\":\"https:\/\/kapitalis.com\/tunisie\/\",\"name\":\"Kapitalis\",\"description\":\"L&#039;actualit\u00e9 en Tunisie et dans le monde\",\"publisher\":{\"@id\":\"https:\/\/kapitalis.com\/tunisie\/#organization\"},\"potentialAction\":[{\"@type\":\"SearchAction\",\"target\":{\"@type\":\"EntryPoint\",\"urlTemplate\":\"https:\/\/kapitalis.com\/tunisie\/?s={search_term_string}\"},\"query-input\":{\"@type\":\"PropertyValueSpecification\",\"valueRequired\":true,\"valueName\":\"search_term_string\"}}],\"inLanguage\":\"fr-FR\"},{\"@type\":\"Organization\",\"@id\":\"https:\/\/kapitalis.com\/tunisie\/#organization\",\"name\":\"Kapitalis\",\"url\":\"https:\/\/kapitalis.com\/tunisie\/\",\"logo\":{\"@type\":\"ImageObject\",\"inLanguage\":\"fr-FR\",\"@id\":\"https:\/\/kapitalis.com\/tunisie\/#\/schema\/logo\/image\/\",\"url\":\"https:\/\/kapitalis.com\/tunisie\/wp-content\/uploads\/2022\/05\/Kapitalis-big-size.png\",\"contentUrl\":\"https:\/\/kapitalis.com\/tunisie\/wp-content\/uploads\/2022\/05\/Kapitalis-big-size.png\",\"width\":5000,\"height\":1500,\"caption\":\"Kapitalis\"},\"image\":{\"@id\":\"https:\/\/kapitalis.com\/tunisie\/#\/schema\/logo\/image\/\"},\"sameAs\":[\"https:\/\/www.facebook.com\/KapitalisInfo\/\",\"https:\/\/x.com\/KapitalisInfo\",\"https:\/\/www.youtube.com\/channel\/UC-yDYrHyfFBWWZaOw3FPg9Q\"]},{\"@type\":\"Person\",\"@id\":\"https:\/\/kapitalis.com\/tunisie\/#\/schema\/person\/d71f33a9ca44f7bad4698210b480c8e9\",\"name\":\"webmaster kapitalis\",\"url\":\"https:\/\/kapitalis.com\/tunisie\/author\/webmaster-kapitalis\/\"}]}<\/script>\n<!-- \/ Yoast SEO plugin. -->","yoast_head_json":{"title":"Au creux des apparences, l\u2019hydre islamiste change de peau - Kapitalis","robots":{"index":"index","follow":"follow","max-snippet":"max-snippet:-1","max-image-preview":"max-image-preview:large","max-video-preview":"max-video-preview:-1"},"canonical":"https:\/\/kapitalis.com\/tunisie\/2017\/08\/13\/au-creux-des-apparences-lhydre-islamiste-change-de-peau\/","og_locale":"fr_FR","og_type":"article","og_title":"Au creux des apparences, l\u2019hydre islamiste change de peau - Kapitalis","og_description":"Un Ghannouchi peut-il en cacher un autre ? Les communicants de Rached Ghannouchi auraient d\u00fb, bien avant de lui apprendre \u00e0 faire un n\u0153ud de cravate, lui rappeler que la meilleure communication c\u2019est surtout de savoir se taire. Par Yassine Essid","og_url":"https:\/\/kapitalis.com\/tunisie\/2017\/08\/13\/au-creux-des-apparences-lhydre-islamiste-change-de-peau\/","og_site_name":"Kapitalis","article_publisher":"https:\/\/www.facebook.com\/KapitalisInfo\/","article_published_time":"2017-08-13T11:20:43+00:00","og_image":[{"width":1200,"height":630,"url":"https:\/\/kapitalis.com\/tunisie\/wp-content\/uploads\/2022\/05\/kapitalis-logo-fb.png","type":"image\/png"}],"author":"webmaster kapitalis","twitter_card":"summary_large_image","twitter_creator":"@KapitalisInfo","twitter_site":"@KapitalisInfo","twitter_misc":{"\u00c9crit par":"webmaster kapitalis","Dur\u00e9e de lecture estim\u00e9e":"8 minutes"},"schema":{"@context":"https:\/\/schema.org","@graph":[{"@type":"Article","@id":"https:\/\/kapitalis.com\/tunisie\/2017\/08\/13\/au-creux-des-apparences-lhydre-islamiste-change-de-peau\/#article","isPartOf":{"@id":"https:\/\/kapitalis.com\/tunisie\/2017\/08\/13\/au-creux-des-apparences-lhydre-islamiste-change-de-peau\/"},"author":{"name":"webmaster kapitalis","@id":"https:\/\/kapitalis.com\/tunisie\/#\/schema\/person\/d71f33a9ca44f7bad4698210b480c8e9"},"headline":"Au creux des apparences, l\u2019hydre islamiste change de peau","datePublished":"2017-08-13T11:20:43+00:00","mainEntityOfPage":{"@id":"https:\/\/kapitalis.com\/tunisie\/2017\/08\/13\/au-creux-des-apparences-lhydre-islamiste-change-de-peau\/"},"wordCount":1695,"commentCount":12,"publisher":{"@id":"https:\/\/kapitalis.com\/tunisie\/#organization"},"image":{"@id":"https:\/\/kapitalis.com\/tunisie\/2017\/08\/13\/au-creux-des-apparences-lhydre-islamiste-change-de-peau\/#primaryimage"},"thumbnailUrl":"","keywords":["Erdogan","islamistes","pr\u00e9sidentielle"],"articleSection":["A LA UNE","POLITIQUE","Tunisie"],"inLanguage":"fr-FR","potentialAction":[{"@type":"CommentAction","name":"Comment","target":["https:\/\/kapitalis.com\/tunisie\/2017\/08\/13\/au-creux-des-apparences-lhydre-islamiste-change-de-peau\/#respond"]}]},{"@type":"WebPage","@id":"https:\/\/kapitalis.com\/tunisie\/2017\/08\/13\/au-creux-des-apparences-lhydre-islamiste-change-de-peau\/","url":"https:\/\/kapitalis.com\/tunisie\/2017\/08\/13\/au-creux-des-apparences-lhydre-islamiste-change-de-peau\/","name":"Au creux des apparences, l\u2019hydre islamiste change de peau - Kapitalis","isPartOf":{"@id":"https:\/\/kapitalis.com\/tunisie\/#website"},"primaryImageOfPage":{"@id":"https:\/\/kapitalis.com\/tunisie\/2017\/08\/13\/au-creux-des-apparences-lhydre-islamiste-change-de-peau\/#primaryimage"},"image":{"@id":"https:\/\/kapitalis.com\/tunisie\/2017\/08\/13\/au-creux-des-apparences-lhydre-islamiste-change-de-peau\/#primaryimage"},"thumbnailUrl":"","datePublished":"2017-08-13T11:20:43+00:00","breadcrumb":{"@id":"https:\/\/kapitalis.com\/tunisie\/2017\/08\/13\/au-creux-des-apparences-lhydre-islamiste-change-de-peau\/#breadcrumb"},"inLanguage":"fr-FR","potentialAction":[{"@type":"ReadAction","target":["https:\/\/kapitalis.com\/tunisie\/2017\/08\/13\/au-creux-des-apparences-lhydre-islamiste-change-de-peau\/"]}]},{"@type":"ImageObject","inLanguage":"fr-FR","@id":"https:\/\/kapitalis.com\/tunisie\/2017\/08\/13\/au-creux-des-apparences-lhydre-islamiste-change-de-peau\/#primaryimage","url":"","contentUrl":""},{"@type":"BreadcrumbList","@id":"https:\/\/kapitalis.com\/tunisie\/2017\/08\/13\/au-creux-des-apparences-lhydre-islamiste-change-de-peau\/#breadcrumb","itemListElement":[{"@type":"ListItem","position":1,"name":"Accueil","item":"https:\/\/kapitalis.com\/tunisie\/"},{"@type":"ListItem","position":2,"name":"Au creux des apparences, l\u2019hydre islamiste change de peau"}]},{"@type":"WebSite","@id":"https:\/\/kapitalis.com\/tunisie\/#website","url":"https:\/\/kapitalis.com\/tunisie\/","name":"Kapitalis","description":"L&#039;actualit\u00e9 en Tunisie et dans le monde","publisher":{"@id":"https:\/\/kapitalis.com\/tunisie\/#organization"},"potentialAction":[{"@type":"SearchAction","target":{"@type":"EntryPoint","urlTemplate":"https:\/\/kapitalis.com\/tunisie\/?s={search_term_string}"},"query-input":{"@type":"PropertyValueSpecification","valueRequired":true,"valueName":"search_term_string"}}],"inLanguage":"fr-FR"},{"@type":"Organization","@id":"https:\/\/kapitalis.com\/tunisie\/#organization","name":"Kapitalis","url":"https:\/\/kapitalis.com\/tunisie\/","logo":{"@type":"ImageObject","inLanguage":"fr-FR","@id":"https:\/\/kapitalis.com\/tunisie\/#\/schema\/logo\/image\/","url":"https:\/\/kapitalis.com\/tunisie\/wp-content\/uploads\/2022\/05\/Kapitalis-big-size.png","contentUrl":"https:\/\/kapitalis.com\/tunisie\/wp-content\/uploads\/2022\/05\/Kapitalis-big-size.png","width":5000,"height":1500,"caption":"Kapitalis"},"image":{"@id":"https:\/\/kapitalis.com\/tunisie\/#\/schema\/logo\/image\/"},"sameAs":["https:\/\/www.facebook.com\/KapitalisInfo\/","https:\/\/x.com\/KapitalisInfo","https:\/\/www.youtube.com\/channel\/UC-yDYrHyfFBWWZaOw3FPg9Q"]},{"@type":"Person","@id":"https:\/\/kapitalis.com\/tunisie\/#\/schema\/person\/d71f33a9ca44f7bad4698210b480c8e9","name":"webmaster kapitalis","url":"https:\/\/kapitalis.com\/tunisie\/author\/webmaster-kapitalis\/"}]}},"_links":{"self":[{"href":"https:\/\/kapitalis.com\/tunisie\/wp-json\/wp\/v2\/posts\/110279","targetHints":{"allow":["GET"]}}],"collection":[{"href":"https:\/\/kapitalis.com\/tunisie\/wp-json\/wp\/v2\/posts"}],"about":[{"href":"https:\/\/kapitalis.com\/tunisie\/wp-json\/wp\/v2\/types\/post"}],"author":[{"embeddable":true,"href":"https:\/\/kapitalis.com\/tunisie\/wp-json\/wp\/v2\/users\/8"}],"replies":[{"embeddable":true,"href":"https:\/\/kapitalis.com\/tunisie\/wp-json\/wp\/v2\/comments?post=110279"}],"version-history":[{"count":0,"href":"https:\/\/kapitalis.com\/tunisie\/wp-json\/wp\/v2\/posts\/110279\/revisions"}],"wp:featuredmedia":[{"embeddable":true,"href":"https:\/\/kapitalis.com\/tunisie\/wp-json\/wp\/v2\/media\/110280"}],"wp:attachment":[{"href":"https:\/\/kapitalis.com\/tunisie\/wp-json\/wp\/v2\/media?parent=110279"}],"wp:term":[{"taxonomy":"category","embeddable":true,"href":"https:\/\/kapitalis.com\/tunisie\/wp-json\/wp\/v2\/categories?post=110279"},{"taxonomy":"post_tag","embeddable":true,"href":"https:\/\/kapitalis.com\/tunisie\/wp-json\/wp\/v2\/tags?post=110279"}],"curies":[{"name":"wp","href":"https:\/\/api.w.org\/{rel}","templated":true}]}}