{"id":11038126,"date":"2023-12-23T00:45:38","date_gmt":"2023-12-22T23:45:38","guid":{"rendered":"https:\/\/kapitalis.com\/tunisie\/?p=11038126"},"modified":"2023-12-23T00:46:28","modified_gmt":"2023-12-22T23:46:28","slug":"el-fahs-seize-blesses-dans-une-collision-entre-un-train-et-un-camion-photos","status":"publish","type":"post","link":"https:\/\/kapitalis.com\/tunisie\/2023\/12\/23\/el-fahs-seize-blesses-dans-une-collision-entre-un-train-et-un-camion-photos\/","title":{"rendered":"El-Fahs : Seize bless\u00e9s dans une collision entre un train et un camion (Photos)"},"content":{"rendered":"\n<p><strong><em>La Soci\u00e9t\u00e9 nationale des chemins de fer tunisiens (SNCFT) a annonc\u00e9 l\u2019ouverture d\u2019une enqu\u00eate suite \u00e0 une collision entre un camion transportant des bouteilles de gaz et un train survenue en fin d&rsquo;apr\u00e8s-midi entre les stations de Sminja et El Fahs, ayant fait 16 bless\u00e9s.<\/em><\/strong><\/p>\n\n\n\n<!--more-->\n\n\n\n<p>Dans un communiqu\u00e9 publi\u00e9 dans la soir\u00e9e du vendredi 22 d\u00e9cembre 2023, la SNCFT a affirm\u00e9 que les 16 bless\u00e9s ont \u00e9t\u00e9 pris en charge et transport\u00e9s \u00e0 l&rsquo;h\u00f4pital local d&rsquo;El-Fahs au gouvernorat de Zaghouan, o\u00f9 leur \u00e9tat est dit stable et leurs blessures sans gravit\u00e9.<\/p>\n\n\n\n<figure class=\"wp-block-gallery aligncenter has-nested-images columns-2 is-cropped wp-block-gallery-1 is-layout-flex wp-block-gallery-is-layout-flex\">\n<figure class=\"wp-block-image size-large\"><img loading=\"lazy\" decoding=\"async\" width=\"800\" height=\"533\" data-id=\"11038195\" src=\"https:\/\/kapitalis.com\/tunisie\/wp-content\/uploads\/2023\/12\/accident-train-El-Fahs-6.jpg\" alt=\"\" class=\"wp-image-11038195\" srcset=\"https:\/\/kapitalis.com\/tunisie\/wp-content\/uploads\/2023\/12\/accident-train-El-Fahs-6.jpg 800w, https:\/\/kapitalis.com\/tunisie\/wp-content\/uploads\/2023\/12\/accident-train-El-Fahs-6-300x200.jpg 300w, https:\/\/kapitalis.com\/tunisie\/wp-content\/uploads\/2023\/12\/accident-train-El-Fahs-6-768x512.jpg 768w, https:\/\/kapitalis.com\/tunisie\/wp-content\/uploads\/2023\/12\/accident-train-El-Fahs-6-580x386.jpg 580w\" sizes=\"auto, (max-width: 800px) 100vw, 800px\" \/><\/figure>\n\n\n\n<figure class=\"wp-block-image size-large\"><img loading=\"lazy\" decoding=\"async\" width=\"800\" height=\"533\" data-id=\"11038279\" src=\"https:\/\/kapitalis.com\/tunisie\/wp-content\/uploads\/2023\/12\/accident-train-El-Fahs-7.jpg\" alt=\"\" class=\"wp-image-11038279\" srcset=\"https:\/\/kapitalis.com\/tunisie\/wp-content\/uploads\/2023\/12\/accident-train-El-Fahs-7.jpg 800w, https:\/\/kapitalis.com\/tunisie\/wp-content\/uploads\/2023\/12\/accident-train-El-Fahs-7-300x200.jpg 300w, https:\/\/kapitalis.com\/tunisie\/wp-content\/uploads\/2023\/12\/accident-train-El-Fahs-7-768x512.jpg 768w, https:\/\/kapitalis.com\/tunisie\/wp-content\/uploads\/2023\/12\/accident-train-El-Fahs-7-580x386.jpg 580w\" sizes=\"auto, (max-width: 800px) 100vw, 800px\" \/><\/figure>\n\n\n\n<figure class=\"wp-block-image size-large\"><img loading=\"lazy\" decoding=\"async\" width=\"800\" height=\"533\" data-id=\"11038193\" src=\"https:\/\/kapitalis.com\/tunisie\/wp-content\/uploads\/2023\/12\/accident-train-El-Fahs-5.jpg\" alt=\"\" class=\"wp-image-11038193\" srcset=\"https:\/\/kapitalis.com\/tunisie\/wp-content\/uploads\/2023\/12\/accident-train-El-Fahs-5.jpg 800w, https:\/\/kapitalis.com\/tunisie\/wp-content\/uploads\/2023\/12\/accident-train-El-Fahs-5-300x200.jpg 300w, https:\/\/kapitalis.com\/tunisie\/wp-content\/uploads\/2023\/12\/accident-train-El-Fahs-5-768x512.jpg 768w, https:\/\/kapitalis.com\/tunisie\/wp-content\/uploads\/2023\/12\/accident-train-El-Fahs-5-580x386.jpg 580w\" sizes=\"auto, (max-width: 800px) 100vw, 800px\" \/><\/figure>\n\n\n\n<figure class=\"wp-block-image size-large\"><img loading=\"lazy\" decoding=\"async\" width=\"800\" height=\"533\" data-id=\"11038191\" src=\"https:\/\/kapitalis.com\/tunisie\/wp-content\/uploads\/2023\/12\/accident-train-El-Fahs-4.jpg\" alt=\"\" class=\"wp-image-11038191\" srcset=\"https:\/\/kapitalis.com\/tunisie\/wp-content\/uploads\/2023\/12\/accident-train-El-Fahs-4.jpg 800w, https:\/\/kapitalis.com\/tunisie\/wp-content\/uploads\/2023\/12\/accident-train-El-Fahs-4-300x200.jpg 300w, https:\/\/kapitalis.com\/tunisie\/wp-content\/uploads\/2023\/12\/accident-train-El-Fahs-4-768x512.jpg 768w, https:\/\/kapitalis.com\/tunisie\/wp-content\/uploads\/2023\/12\/accident-train-El-Fahs-4-580x386.jpg 580w\" sizes=\"auto, (max-width: 800px) 100vw, 800px\" \/><\/figure>\n\n\n\n<figure class=\"wp-block-image size-large\"><img loading=\"lazy\" decoding=\"async\" width=\"800\" height=\"533\" data-id=\"11038196\" src=\"https:\/\/kapitalis.com\/tunisie\/wp-content\/uploads\/2023\/12\/accident-train-El-Fahs-3.jpg\" alt=\"\" class=\"wp-image-11038196\" srcset=\"https:\/\/kapitalis.com\/tunisie\/wp-content\/uploads\/2023\/12\/accident-train-El-Fahs-3.jpg 800w, https:\/\/kapitalis.com\/tunisie\/wp-content\/uploads\/2023\/12\/accident-train-El-Fahs-3-300x200.jpg 300w, https:\/\/kapitalis.com\/tunisie\/wp-content\/uploads\/2023\/12\/accident-train-El-Fahs-3-768x512.jpg 768w, https:\/\/kapitalis.com\/tunisie\/wp-content\/uploads\/2023\/12\/accident-train-El-Fahs-3-580x386.jpg 580w\" sizes=\"auto, (max-width: 800px) 100vw, 800px\" \/><\/figure>\n\n\n\n<figure class=\"wp-block-image size-large\"><img loading=\"lazy\" decoding=\"async\" width=\"800\" height=\"533\" data-id=\"11038192\" src=\"https:\/\/kapitalis.com\/tunisie\/wp-content\/uploads\/2023\/12\/accident-train-El-Fahs-1.jpg\" alt=\"\" class=\"wp-image-11038192\" srcset=\"https:\/\/kapitalis.com\/tunisie\/wp-content\/uploads\/2023\/12\/accident-train-El-Fahs-1.jpg 800w, https:\/\/kapitalis.com\/tunisie\/wp-content\/uploads\/2023\/12\/accident-train-El-Fahs-1-300x200.jpg 300w, https:\/\/kapitalis.com\/tunisie\/wp-content\/uploads\/2023\/12\/accident-train-El-Fahs-1-768x512.jpg 768w, https:\/\/kapitalis.com\/tunisie\/wp-content\/uploads\/2023\/12\/accident-train-El-Fahs-1-580x386.jpg 580w\" sizes=\"auto, (max-width: 800px) 100vw, 800px\" \/><\/figure>\n\n\n\n<figure class=\"wp-block-image size-large\"><img loading=\"lazy\" decoding=\"async\" width=\"800\" height=\"533\" data-id=\"11038194\" src=\"https:\/\/kapitalis.com\/tunisie\/wp-content\/uploads\/2023\/12\/accident-train-El-Fahs-.jpg\" alt=\"\" class=\"wp-image-11038194\" srcset=\"https:\/\/kapitalis.com\/tunisie\/wp-content\/uploads\/2023\/12\/accident-train-El-Fahs-.jpg 800w, https:\/\/kapitalis.com\/tunisie\/wp-content\/uploads\/2023\/12\/accident-train-El-Fahs--300x200.jpg 300w, https:\/\/kapitalis.com\/tunisie\/wp-content\/uploads\/2023\/12\/accident-train-El-Fahs--768x512.jpg 768w, https:\/\/kapitalis.com\/tunisie\/wp-content\/uploads\/2023\/12\/accident-train-El-Fahs--580x386.jpg 580w\" sizes=\"auto, (max-width: 800px) 100vw, 800px\" \/><\/figure>\n\n\n\n<figure class=\"wp-block-image size-large\"><img loading=\"lazy\" decoding=\"async\" width=\"800\" height=\"533\" data-id=\"11038280\" src=\"https:\/\/kapitalis.com\/tunisie\/wp-content\/uploads\/2023\/12\/accident-train-El-Fahs-8.jpg\" alt=\"\" class=\"wp-image-11038280\" srcset=\"https:\/\/kapitalis.com\/tunisie\/wp-content\/uploads\/2023\/12\/accident-train-El-Fahs-8.jpg 800w, https:\/\/kapitalis.com\/tunisie\/wp-content\/uploads\/2023\/12\/accident-train-El-Fahs-8-300x200.jpg 300w, https:\/\/kapitalis.com\/tunisie\/wp-content\/uploads\/2023\/12\/accident-train-El-Fahs-8-768x512.jpg 768w, https:\/\/kapitalis.com\/tunisie\/wp-content\/uploads\/2023\/12\/accident-train-El-Fahs-8-580x386.jpg 580w\" sizes=\"auto, (max-width: 800px) 100vw, 800px\" \/><\/figure>\n<\/figure>\n\n\n\n<p>Notons que le camion entr\u00e9 en collision avec le train transportait des bouteilles de gaz et que la protection civile et la police ainsi que des \u00e9quipes municipales sont intervenues sur les lieux, selon un communiqu\u00e9 du gouvernorat de Zaghouan qui affirme que le retrait des bouteilles de gaz et le d\u00e9gagement progressif du train ont \u00e9t\u00e9 men\u00e9s par les \u00e9quipes pr\u00e9cit\u00e9es.<\/p>\n\n\n\n<p>Le gouvernorat a \u00e9galement indiqu\u00e9 que des bus ont \u00e9t\u00e9 mis \u00e0 disposition des voyageurs afin de les transporter \u00e0 destination et qu&rsquo;outre l&rsquo;enqu\u00eate ouverte pat la SNCFT, le Parquet a ordonn\u00e9 une enqu\u00eate afin de d\u00e9terminer les responsabilit\u00e9s dans cet accident.<\/p>\n\n\n\n<p class=\"has-text-align-right\"><strong>Y. N.<\/strong><\/p>\n","protected":false},"excerpt":{"rendered":"<p>La Soci\u00e9t\u00e9 nationale des chemins de fer tunisiens (SNCFT) a annonc\u00e9 l\u2019ouverture d\u2019une enqu\u00eate suite \u00e0 une collision entre un camion transportant des bouteilles de gaz et un train survenue en fin d&rsquo;apr\u00e8s-midi entre les stations de Sminja et El Fahs, ayant fait 16 bless\u00e9s.<\/p>\n","protected":false},"author":6,"featured_media":11038266,"comment_status":"open","ping_status":"open","sticky":false,"template":"","format":"standard","meta":{"footnotes":""},"categories":[998,2433],"tags":[23,96146,113007,837,2087,62643,2066],"class_list":["post-11038126","post","type-post","status-publish","format-standard","has-post-thumbnail","hentry","category-societe","category-tunisie","tag-accident","tag-blesses-2","tag-sminja","tag-sncft","tag-train","tag-tunisie","tag-zaghouan"],"yoast_head":"<!-- This site is optimized with the Yoast SEO plugin v26.6 - https:\/\/yoast.com\/wordpress\/plugins\/seo\/ -->\n<title>El-Fahs : Seize bless\u00e9s dans une collision entre un train et un camion (Photos) - Kapitalis<\/title>\n<meta name=\"robots\" content=\"index, follow, max-snippet:-1, max-image-preview:large, max-video-preview:-1\" \/>\n<link rel=\"canonical\" href=\"https:\/\/kapitalis.com\/tunisie\/2023\/12\/23\/el-fahs-seize-blesses-dans-une-collision-entre-un-train-et-un-camion-photos\/\" \/>\n<meta property=\"og:locale\" content=\"fr_FR\" \/>\n<meta property=\"og:type\" content=\"article\" \/>\n<meta property=\"og:title\" content=\"El-Fahs : Seize bless\u00e9s dans une collision entre un train et un camion (Photos) - Kapitalis\" \/>\n<meta property=\"og:description\" content=\"La Soci\u00e9t\u00e9 nationale des chemins de fer tunisiens (SNCFT) a annonc\u00e9 l\u2019ouverture d\u2019une enqu\u00eate suite \u00e0 une collision entre un camion transportant des bouteilles de gaz et un train survenue en fin d&rsquo;apr\u00e8s-midi entre les stations de Sminja et El Fahs, ayant fait 16 bless\u00e9s.\" \/>\n<meta property=\"og:url\" content=\"https:\/\/kapitalis.com\/tunisie\/2023\/12\/23\/el-fahs-seize-blesses-dans-une-collision-entre-un-train-et-un-camion-photos\/\" \/>\n<meta property=\"og:site_name\" content=\"Kapitalis\" \/>\n<meta property=\"article:publisher\" content=\"https:\/\/www.facebook.com\/KapitalisInfo\/\" \/>\n<meta property=\"article:published_time\" content=\"2023-12-22T23:45:38+00:00\" \/>\n<meta property=\"article:modified_time\" content=\"2023-12-22T23:46:28+00:00\" \/>\n<meta property=\"og:image\" content=\"https:\/\/kapitalis.com\/tunisie\/wp-content\/uploads\/2023\/12\/accident-camion-train-El-Fahs.jpg\" \/>\n\t<meta property=\"og:image:width\" content=\"1200\" \/>\n\t<meta property=\"og:image:height\" content=\"630\" \/>\n\t<meta property=\"og:image:type\" content=\"image\/jpeg\" \/>\n<meta name=\"author\" content=\"Yusra NY\" \/>\n<meta name=\"twitter:card\" content=\"summary_large_image\" \/>\n<meta name=\"twitter:creator\" content=\"@KapitalisInfo\" \/>\n<meta name=\"twitter:site\" content=\"@KapitalisInfo\" \/>\n<meta name=\"twitter:label1\" content=\"\u00c9crit par\" \/>\n\t<meta name=\"twitter:data1\" content=\"Yusra NY\" \/>\n\t<meta name=\"twitter:label2\" content=\"Dur\u00e9e de lecture estim\u00e9e\" \/>\n\t<meta name=\"twitter:data2\" content=\"1 minute\" \/>\n<script type=\"application\/ld+json\" class=\"yoast-schema-graph\">{\"@context\":\"https:\/\/schema.org\",\"@graph\":[{\"@type\":\"Article\",\"@id\":\"https:\/\/kapitalis.com\/tunisie\/2023\/12\/23\/el-fahs-seize-blesses-dans-une-collision-entre-un-train-et-un-camion-photos\/#article\",\"isPartOf\":{\"@id\":\"https:\/\/kapitalis.com\/tunisie\/2023\/12\/23\/el-fahs-seize-blesses-dans-une-collision-entre-un-train-et-un-camion-photos\/\"},\"author\":{\"name\":\"Yusra NY\",\"@id\":\"https:\/\/kapitalis.com\/tunisie\/#\/schema\/person\/74bbde0154d49d790a92aaeac5bc01d5\"},\"headline\":\"El-Fahs : Seize bless\u00e9s dans une collision entre un train et un camion (Photos)\",\"datePublished\":\"2023-12-22T23:45:38+00:00\",\"dateModified\":\"2023-12-22T23:46:28+00:00\",\"mainEntityOfPage\":{\"@id\":\"https:\/\/kapitalis.com\/tunisie\/2023\/12\/23\/el-fahs-seize-blesses-dans-une-collision-entre-un-train-et-un-camion-photos\/\"},\"wordCount\":222,\"commentCount\":1,\"publisher\":{\"@id\":\"https:\/\/kapitalis.com\/tunisie\/#organization\"},\"image\":{\"@id\":\"https:\/\/kapitalis.com\/tunisie\/2023\/12\/23\/el-fahs-seize-blesses-dans-une-collision-entre-un-train-et-un-camion-photos\/#primaryimage\"},\"thumbnailUrl\":\"https:\/\/kapitalis.com\/tunisie\/wp-content\/uploads\/2023\/12\/accident-camion-train-El-Fahs.jpg\",\"keywords\":[\"accident\",\"bl\u00e9ss\u00e9s\",\"Sminja\",\"SNCFT\",\"train\",\"Tunisie\",\"Zaghouan\"],\"articleSection\":[\"SOCIETE\",\"Tunisie\"],\"inLanguage\":\"fr-FR\",\"potentialAction\":[{\"@type\":\"CommentAction\",\"name\":\"Comment\",\"target\":[\"https:\/\/kapitalis.com\/tunisie\/2023\/12\/23\/el-fahs-seize-blesses-dans-une-collision-entre-un-train-et-un-camion-photos\/#respond\"]}]},{\"@type\":\"WebPage\",\"@id\":\"https:\/\/kapitalis.com\/tunisie\/2023\/12\/23\/el-fahs-seize-blesses-dans-une-collision-entre-un-train-et-un-camion-photos\/\",\"url\":\"https:\/\/kapitalis.com\/tunisie\/2023\/12\/23\/el-fahs-seize-blesses-dans-une-collision-entre-un-train-et-un-camion-photos\/\",\"name\":\"El-Fahs : Seize bless\u00e9s dans une collision entre un train et un camion (Photos) - Kapitalis\",\"isPartOf\":{\"@id\":\"https:\/\/kapitalis.com\/tunisie\/#website\"},\"primaryImageOfPage\":{\"@id\":\"https:\/\/kapitalis.com\/tunisie\/2023\/12\/23\/el-fahs-seize-blesses-dans-une-collision-entre-un-train-et-un-camion-photos\/#primaryimage\"},\"image\":{\"@id\":\"https:\/\/kapitalis.com\/tunisie\/2023\/12\/23\/el-fahs-seize-blesses-dans-une-collision-entre-un-train-et-un-camion-photos\/#primaryimage\"},\"thumbnailUrl\":\"https:\/\/kapitalis.com\/tunisie\/wp-content\/uploads\/2023\/12\/accident-camion-train-El-Fahs.jpg\",\"datePublished\":\"2023-12-22T23:45:38+00:00\",\"dateModified\":\"2023-12-22T23:46:28+00:00\",\"breadcrumb\":{\"@id\":\"https:\/\/kapitalis.com\/tunisie\/2023\/12\/23\/el-fahs-seize-blesses-dans-une-collision-entre-un-train-et-un-camion-photos\/#breadcrumb\"},\"inLanguage\":\"fr-FR\",\"potentialAction\":[{\"@type\":\"ReadAction\",\"target\":[\"https:\/\/kapitalis.com\/tunisie\/2023\/12\/23\/el-fahs-seize-blesses-dans-une-collision-entre-un-train-et-un-camion-photos\/\"]}]},{\"@type\":\"ImageObject\",\"inLanguage\":\"fr-FR\",\"@id\":\"https:\/\/kapitalis.com\/tunisie\/2023\/12\/23\/el-fahs-seize-blesses-dans-une-collision-entre-un-train-et-un-camion-photos\/#primaryimage\",\"url\":\"https:\/\/kapitalis.com\/tunisie\/wp-content\/uploads\/2023\/12\/accident-camion-train-El-Fahs.jpg\",\"contentUrl\":\"https:\/\/kapitalis.com\/tunisie\/wp-content\/uploads\/2023\/12\/accident-camion-train-El-Fahs.jpg\",\"width\":1200,\"height\":630},{\"@type\":\"BreadcrumbList\",\"@id\":\"https:\/\/kapitalis.com\/tunisie\/2023\/12\/23\/el-fahs-seize-blesses-dans-une-collision-entre-un-train-et-un-camion-photos\/#breadcrumb\",\"itemListElement\":[{\"@type\":\"ListItem\",\"position\":1,\"name\":\"Accueil\",\"item\":\"https:\/\/kapitalis.com\/tunisie\/\"},{\"@type\":\"ListItem\",\"position\":2,\"name\":\"El-Fahs : Seize bless\u00e9s dans une collision entre un train et un camion (Photos)\"}]},{\"@type\":\"WebSite\",\"@id\":\"https:\/\/kapitalis.com\/tunisie\/#website\",\"url\":\"https:\/\/kapitalis.com\/tunisie\/\",\"name\":\"Kapitalis\",\"description\":\"L&#039;actualit\u00e9 en Tunisie et dans le monde\",\"publisher\":{\"@id\":\"https:\/\/kapitalis.com\/tunisie\/#organization\"},\"potentialAction\":[{\"@type\":\"SearchAction\",\"target\":{\"@type\":\"EntryPoint\",\"urlTemplate\":\"https:\/\/kapitalis.com\/tunisie\/?s={search_term_string}\"},\"query-input\":{\"@type\":\"PropertyValueSpecification\",\"valueRequired\":true,\"valueName\":\"search_term_string\"}}],\"inLanguage\":\"fr-FR\"},{\"@type\":\"Organization\",\"@id\":\"https:\/\/kapitalis.com\/tunisie\/#organization\",\"name\":\"Kapitalis\",\"url\":\"https:\/\/kapitalis.com\/tunisie\/\",\"logo\":{\"@type\":\"ImageObject\",\"inLanguage\":\"fr-FR\",\"@id\":\"https:\/\/kapitalis.com\/tunisie\/#\/schema\/logo\/image\/\",\"url\":\"https:\/\/kapitalis.com\/tunisie\/wp-content\/uploads\/2022\/05\/Kapitalis-big-size.png\",\"contentUrl\":\"https:\/\/kapitalis.com\/tunisie\/wp-content\/uploads\/2022\/05\/Kapitalis-big-size.png\",\"width\":5000,\"height\":1500,\"caption\":\"Kapitalis\"},\"image\":{\"@id\":\"https:\/\/kapitalis.com\/tunisie\/#\/schema\/logo\/image\/\"},\"sameAs\":[\"https:\/\/www.facebook.com\/KapitalisInfo\/\",\"https:\/\/x.com\/KapitalisInfo\",\"https:\/\/www.youtube.com\/channel\/UC-yDYrHyfFBWWZaOw3FPg9Q\"]},{\"@type\":\"Person\",\"@id\":\"https:\/\/kapitalis.com\/tunisie\/#\/schema\/person\/74bbde0154d49d790a92aaeac5bc01d5\",\"name\":\"Yusra NY\",\"url\":\"https:\/\/kapitalis.com\/tunisie\/author\/yuza_adam\/\"}]}<\/script>\n<!-- \/ Yoast SEO plugin. -->","yoast_head_json":{"title":"El-Fahs : Seize bless\u00e9s dans une collision entre un train et un camion (Photos) - Kapitalis","robots":{"index":"index","follow":"follow","max-snippet":"max-snippet:-1","max-image-preview":"max-image-preview:large","max-video-preview":"max-video-preview:-1"},"canonical":"https:\/\/kapitalis.com\/tunisie\/2023\/12\/23\/el-fahs-seize-blesses-dans-une-collision-entre-un-train-et-un-camion-photos\/","og_locale":"fr_FR","og_type":"article","og_title":"El-Fahs : Seize bless\u00e9s dans une collision entre un train et un camion (Photos) - Kapitalis","og_description":"La Soci\u00e9t\u00e9 nationale des chemins de fer tunisiens (SNCFT) a annonc\u00e9 l\u2019ouverture d\u2019une enqu\u00eate suite \u00e0 une collision entre un camion transportant des bouteilles de gaz et un train survenue en fin d&rsquo;apr\u00e8s-midi entre les stations de Sminja et El Fahs, ayant fait 16 bless\u00e9s.","og_url":"https:\/\/kapitalis.com\/tunisie\/2023\/12\/23\/el-fahs-seize-blesses-dans-une-collision-entre-un-train-et-un-camion-photos\/","og_site_name":"Kapitalis","article_publisher":"https:\/\/www.facebook.com\/KapitalisInfo\/","article_published_time":"2023-12-22T23:45:38+00:00","article_modified_time":"2023-12-22T23:46:28+00:00","og_image":[{"width":1200,"height":630,"url":"https:\/\/kapitalis.com\/tunisie\/wp-content\/uploads\/2023\/12\/accident-camion-train-El-Fahs.jpg","type":"image\/jpeg"}],"author":"Yusra NY","twitter_card":"summary_large_image","twitter_creator":"@KapitalisInfo","twitter_site":"@KapitalisInfo","twitter_misc":{"\u00c9crit par":"Yusra NY","Dur\u00e9e de lecture estim\u00e9e":"1 minute"},"schema":{"@context":"https:\/\/schema.org","@graph":[{"@type":"Article","@id":"https:\/\/kapitalis.com\/tunisie\/2023\/12\/23\/el-fahs-seize-blesses-dans-une-collision-entre-un-train-et-un-camion-photos\/#article","isPartOf":{"@id":"https:\/\/kapitalis.com\/tunisie\/2023\/12\/23\/el-fahs-seize-blesses-dans-une-collision-entre-un-train-et-un-camion-photos\/"},"author":{"name":"Yusra NY","@id":"https:\/\/kapitalis.com\/tunisie\/#\/schema\/person\/74bbde0154d49d790a92aaeac5bc01d5"},"headline":"El-Fahs : Seize bless\u00e9s dans une collision entre un train et un camion (Photos)","datePublished":"2023-12-22T23:45:38+00:00","dateModified":"2023-12-22T23:46:28+00:00","mainEntityOfPage":{"@id":"https:\/\/kapitalis.com\/tunisie\/2023\/12\/23\/el-fahs-seize-blesses-dans-une-collision-entre-un-train-et-un-camion-photos\/"},"wordCount":222,"commentCount":1,"publisher":{"@id":"https:\/\/kapitalis.com\/tunisie\/#organization"},"image":{"@id":"https:\/\/kapitalis.com\/tunisie\/2023\/12\/23\/el-fahs-seize-blesses-dans-une-collision-entre-un-train-et-un-camion-photos\/#primaryimage"},"thumbnailUrl":"https:\/\/kapitalis.com\/tunisie\/wp-content\/uploads\/2023\/12\/accident-camion-train-El-Fahs.jpg","keywords":["accident","bl\u00e9ss\u00e9s","Sminja","SNCFT","train","Tunisie","Zaghouan"],"articleSection":["SOCIETE","Tunisie"],"inLanguage":"fr-FR","potentialAction":[{"@type":"CommentAction","name":"Comment","target":["https:\/\/kapitalis.com\/tunisie\/2023\/12\/23\/el-fahs-seize-blesses-dans-une-collision-entre-un-train-et-un-camion-photos\/#respond"]}]},{"@type":"WebPage","@id":"https:\/\/kapitalis.com\/tunisie\/2023\/12\/23\/el-fahs-seize-blesses-dans-une-collision-entre-un-train-et-un-camion-photos\/","url":"https:\/\/kapitalis.com\/tunisie\/2023\/12\/23\/el-fahs-seize-blesses-dans-une-collision-entre-un-train-et-un-camion-photos\/","name":"El-Fahs : Seize bless\u00e9s dans une collision entre un train et un camion (Photos) - Kapitalis","isPartOf":{"@id":"https:\/\/kapitalis.com\/tunisie\/#website"},"primaryImageOfPage":{"@id":"https:\/\/kapitalis.com\/tunisie\/2023\/12\/23\/el-fahs-seize-blesses-dans-une-collision-entre-un-train-et-un-camion-photos\/#primaryimage"},"image":{"@id":"https:\/\/kapitalis.com\/tunisie\/2023\/12\/23\/el-fahs-seize-blesses-dans-une-collision-entre-un-train-et-un-camion-photos\/#primaryimage"},"thumbnailUrl":"https:\/\/kapitalis.com\/tunisie\/wp-content\/uploads\/2023\/12\/accident-camion-train-El-Fahs.jpg","datePublished":"2023-12-22T23:45:38+00:00","dateModified":"2023-12-22T23:46:28+00:00","breadcrumb":{"@id":"https:\/\/kapitalis.com\/tunisie\/2023\/12\/23\/el-fahs-seize-blesses-dans-une-collision-entre-un-train-et-un-camion-photos\/#breadcrumb"},"inLanguage":"fr-FR","potentialAction":[{"@type":"ReadAction","target":["https:\/\/kapitalis.com\/tunisie\/2023\/12\/23\/el-fahs-seize-blesses-dans-une-collision-entre-un-train-et-un-camion-photos\/"]}]},{"@type":"ImageObject","inLanguage":"fr-FR","@id":"https:\/\/kapitalis.com\/tunisie\/2023\/12\/23\/el-fahs-seize-blesses-dans-une-collision-entre-un-train-et-un-camion-photos\/#primaryimage","url":"https:\/\/kapitalis.com\/tunisie\/wp-content\/uploads\/2023\/12\/accident-camion-train-El-Fahs.jpg","contentUrl":"https:\/\/kapitalis.com\/tunisie\/wp-content\/uploads\/2023\/12\/accident-camion-train-El-Fahs.jpg","width":1200,"height":630},{"@type":"BreadcrumbList","@id":"https:\/\/kapitalis.com\/tunisie\/2023\/12\/23\/el-fahs-seize-blesses-dans-une-collision-entre-un-train-et-un-camion-photos\/#breadcrumb","itemListElement":[{"@type":"ListItem","position":1,"name":"Accueil","item":"https:\/\/kapitalis.com\/tunisie\/"},{"@type":"ListItem","position":2,"name":"El-Fahs : Seize bless\u00e9s dans une collision entre un train et un camion (Photos)"}]},{"@type":"WebSite","@id":"https:\/\/kapitalis.com\/tunisie\/#website","url":"https:\/\/kapitalis.com\/tunisie\/","name":"Kapitalis","description":"L&#039;actualit\u00e9 en Tunisie et dans le monde","publisher":{"@id":"https:\/\/kapitalis.com\/tunisie\/#organization"},"potentialAction":[{"@type":"SearchAction","target":{"@type":"EntryPoint","urlTemplate":"https:\/\/kapitalis.com\/tunisie\/?s={search_term_string}"},"query-input":{"@type":"PropertyValueSpecification","valueRequired":true,"valueName":"search_term_string"}}],"inLanguage":"fr-FR"},{"@type":"Organization","@id":"https:\/\/kapitalis.com\/tunisie\/#organization","name":"Kapitalis","url":"https:\/\/kapitalis.com\/tunisie\/","logo":{"@type":"ImageObject","inLanguage":"fr-FR","@id":"https:\/\/kapitalis.com\/tunisie\/#\/schema\/logo\/image\/","url":"https:\/\/kapitalis.com\/tunisie\/wp-content\/uploads\/2022\/05\/Kapitalis-big-size.png","contentUrl":"https:\/\/kapitalis.com\/tunisie\/wp-content\/uploads\/2022\/05\/Kapitalis-big-size.png","width":5000,"height":1500,"caption":"Kapitalis"},"image":{"@id":"https:\/\/kapitalis.com\/tunisie\/#\/schema\/logo\/image\/"},"sameAs":["https:\/\/www.facebook.com\/KapitalisInfo\/","https:\/\/x.com\/KapitalisInfo","https:\/\/www.youtube.com\/channel\/UC-yDYrHyfFBWWZaOw3FPg9Q"]},{"@type":"Person","@id":"https:\/\/kapitalis.com\/tunisie\/#\/schema\/person\/74bbde0154d49d790a92aaeac5bc01d5","name":"Yusra NY","url":"https:\/\/kapitalis.com\/tunisie\/author\/yuza_adam\/"}]}},"_links":{"self":[{"href":"https:\/\/kapitalis.com\/tunisie\/wp-json\/wp\/v2\/posts\/11038126","targetHints":{"allow":["GET"]}}],"collection":[{"href":"https:\/\/kapitalis.com\/tunisie\/wp-json\/wp\/v2\/posts"}],"about":[{"href":"https:\/\/kapitalis.com\/tunisie\/wp-json\/wp\/v2\/types\/post"}],"author":[{"embeddable":true,"href":"https:\/\/kapitalis.com\/tunisie\/wp-json\/wp\/v2\/users\/6"}],"replies":[{"embeddable":true,"href":"https:\/\/kapitalis.com\/tunisie\/wp-json\/wp\/v2\/comments?post=11038126"}],"version-history":[{"count":6,"href":"https:\/\/kapitalis.com\/tunisie\/wp-json\/wp\/v2\/posts\/11038126\/revisions"}],"predecessor-version":[{"id":11038347,"href":"https:\/\/kapitalis.com\/tunisie\/wp-json\/wp\/v2\/posts\/11038126\/revisions\/11038347"}],"wp:featuredmedia":[{"embeddable":true,"href":"https:\/\/kapitalis.com\/tunisie\/wp-json\/wp\/v2\/media\/11038266"}],"wp:attachment":[{"href":"https:\/\/kapitalis.com\/tunisie\/wp-json\/wp\/v2\/media?parent=11038126"}],"wp:term":[{"taxonomy":"category","embeddable":true,"href":"https:\/\/kapitalis.com\/tunisie\/wp-json\/wp\/v2\/categories?post=11038126"},{"taxonomy":"post_tag","embeddable":true,"href":"https:\/\/kapitalis.com\/tunisie\/wp-json\/wp\/v2\/tags?post=11038126"}],"curies":[{"name":"wp","href":"https:\/\/api.w.org\/{rel}","templated":true}]}}