{"id":110445,"date":"2017-08-15T07:40:09","date_gmt":"2017-08-15T06:40:09","guid":{"rendered":"http:\/\/kapitalis.com\/tunisie\/?p=110445"},"modified":"2017-08-15T07:42:52","modified_gmt":"2017-08-15T06:42:52","slug":"tunisie-migrants-et-barons-dans-un-reseau-de-trafic-darmes","status":"publish","type":"post","link":"https:\/\/kapitalis.com\/tunisie\/2017\/08\/15\/tunisie-migrants-et-barons-dans-un-reseau-de-trafic-darmes\/","title":{"rendered":"Tunisie : Migrants et barons dans un r\u00e9seau de trafic d\u2019armes"},"content":{"rendered":"<p style=\"text-align: center;\"><img loading=\"lazy\" decoding=\"async\" class=\"alignnone size-full wp-image-82903\" src=\"http:\/\/kapitalis.com\/tunisie\/wp-content\/uploads\/2017\/02\/Garde-nationale-Usgn-lutte-antiterroriste.jpg\" alt=\"\" width=\"626\" height=\"380\" \/><\/p>\n<p><em><strong>Les autorit\u00e9s alg\u00e9riennes ont fourni \u00e0 leurs homologues tunisiennes des renseignements sur un r\u00e9seau libyen de trafic d&rsquo;armes organis\u00e9 \u00e0 la fronti\u00e8re tuniso-libyenne.<\/strong> <\/em><\/p>\n<p><!--more--><\/p>\n<p>C\u2019est ce qu\u2019a rapport\u00e9 <a href=\"http:\/\/www.kapitalis.com\/anbaa-tounes\/2017\/08\/14\/%D8%AA%D8%AD%D8%B0%D9%8A%D8%B1%D8%A7%D8%AA-%D8%AC%D8%B2%D8%A7%D8%A6%D8%B1%D9%8A%D8%A9-%D9%84%D8%AA%D9%88%D9%86%D8%B3-%D9%85%D9%86-%D9%88%D8%AC%D9%88%D8%AF-%D8%AE%D9%84%D9%8A%D8%A9-%D8%A7%D8%B1%D9%87\/\"><em>\u2018\u2018Anba Tounes-Kapitalis\u2019\u2019<\/em><\/a>, hier, lundi 14 ao\u00fbt 2017, citant des sources s\u00e9curitaires alg\u00e9riennes.<br \/>\nUne information qui intervient peu de temps apr\u00e8s la neutralisation de trois terroristes en Tunisie affili\u00e9s \u00e0 Katibat Okba Ibn Nafa\u00e2, relevant de l\u2019organisation Al-Qa\u00efda au Maghreb islamique (Aqmi) dont l\u2019un est originaire d\u2019Alg\u00e9rie, activement recherch\u00e9 depuis 1992.<\/p>\n<p>L&rsquo;Alg\u00e9rie, selon <a href=\"http:\/\/www.kapitalis.com\/anbaa-tounes\/2017\/08\/14\/%D8%AA%D8%AD%D8%B0%D9%8A%D8%B1%D8%A7%D8%AA-%D8%AC%D8%B2%D8%A7%D8%A6%D8%B1%D9%8A%D8%A9-%D9%84%D8%AA%D9%88%D9%86%D8%B3-%D9%85%D9%86-%D9%88%D8%AC%D9%88%D8%AF-%D8%AE%D9%84%D9%8A%D8%A9-%D8%A7%D8%B1%D9%87\/\">\u2018\u2018Anba Tounes-Kapitalis\u2019\u2019\u00a0<\/a>a pr\u00e9sent\u00e9 un rapport d\u00e9taill\u00e9 sur, notamment, les membres du r\u00e9seau, dont le noyau dur est implant\u00e9 en Tunisie vers la zone sud et <em>\u00absur le point\u00bb<\/em> d\u2019effectuer des transactions d\u2019armes.<\/p>\n<p>Les r\u00e9seaux de la contrebande ne sont pas les seuls \u00e0 <em>\u00abcoop\u00e9rer\u00bb<\/em> avec les trafiquants d&rsquo;armes et les groupes terroristes. Des migrants clandestins, de nationalit\u00e9s tunisienne et libyenne, sont \u00e9galement dans le coup.<\/p>\n<p><strong>Des barons tunisiens et libyens<\/strong><\/p>\n<p>Plusieurs r\u00e9seaux sont r\u00e9guli\u00e8rement d\u00e9mantel\u00e9s par les forces de s\u00e9curit\u00e9. Au d\u00e9but du mois de juillet dernier, une enqu\u00eate des services de s\u00e9curit\u00e9 men\u00e9e \u00e0 Annaba a permis de d\u00e9manteler des r\u00e9seaux d\u2019\u00e9migration clandestine dirig\u00e9s par des ressortissants tunisiens, libyens et africains, qui organisaient des op\u00e9rations de passage \u00e0 partir des c\u00f4tes-est alg\u00e9riennes vers la Sardaigne, en Italie.<\/p>\n<p>Les investigations men\u00e9es avec ces personnes arr\u00eat\u00e9es ont permis de d\u00e9couvrir l&rsquo;existence de relations avec des barons de nationalit\u00e9s tunisienne, libyenne et africaine qui s\u2019occupent de recruter les candidats \u00e0 l\u2019\u00e9migration clandestine \u00e0 partir des plages de Annaba, d\u2019El Tarf, de Skikda ou de Jijel vers les c\u00f4tes europ\u00e9ennes.<\/p>\n<p style=\"text-align: right;\"><strong>H. M.<\/strong><\/p>\n<p>&nbsp;<\/p>\n","protected":false},"excerpt":{"rendered":"<p>Les autorit\u00e9s alg\u00e9riennes ont fourni \u00e0 leurs homologues tunisiennes des renseignements sur un r\u00e9seau libyen de trafic d&rsquo;armes organis\u00e9 \u00e0 la fronti\u00e8re tuniso-libyenne.<\/p>\n","protected":false},"author":8,"featured_media":0,"comment_status":"open","ping_status":"open","sticky":false,"template":"","format":"standard","meta":{"footnotes":""},"categories":[998,2433],"tags":[13051,2186,2566,3855,1405,3145,2026],"class_list":["post-110445","post","type-post","status-publish","format-standard","hentry","category-societe","category-tunisie","tag-al-qaida-au-maghreb-islamique","tag-annaba","tag-aqmi","tag-frontiere-tuniso-libyenne","tag-katibat-okba-ibn-nafaa","tag-migrants","tag-milices-libyennes"],"yoast_head":"<!-- This site is optimized with the Yoast SEO plugin v26.6 - https:\/\/yoast.com\/wordpress\/plugins\/seo\/ -->\n<title>Tunisie : Migrants et barons dans un r\u00e9seau de trafic d\u2019armes - Kapitalis<\/title>\n<meta name=\"robots\" content=\"index, follow, max-snippet:-1, max-image-preview:large, max-video-preview:-1\" \/>\n<link rel=\"canonical\" href=\"https:\/\/kapitalis.com\/tunisie\/2017\/08\/15\/tunisie-migrants-et-barons-dans-un-reseau-de-trafic-darmes\/\" \/>\n<meta property=\"og:locale\" content=\"fr_FR\" \/>\n<meta property=\"og:type\" content=\"article\" \/>\n<meta property=\"og:title\" content=\"Tunisie : Migrants et barons dans un r\u00e9seau de trafic d\u2019armes - Kapitalis\" \/>\n<meta property=\"og:description\" content=\"Les autorit\u00e9s alg\u00e9riennes ont fourni \u00e0 leurs homologues tunisiennes des renseignements sur un r\u00e9seau libyen de trafic d&rsquo;armes organis\u00e9 \u00e0 la fronti\u00e8re tuniso-libyenne.\" \/>\n<meta property=\"og:url\" content=\"https:\/\/kapitalis.com\/tunisie\/2017\/08\/15\/tunisie-migrants-et-barons-dans-un-reseau-de-trafic-darmes\/\" \/>\n<meta property=\"og:site_name\" content=\"Kapitalis\" \/>\n<meta property=\"article:publisher\" content=\"https:\/\/www.facebook.com\/KapitalisInfo\/\" \/>\n<meta property=\"article:published_time\" content=\"2017-08-15T06:40:09+00:00\" \/>\n<meta property=\"article:modified_time\" content=\"2017-08-15T06:42:52+00:00\" \/>\n<meta property=\"og:image\" content=\"http:\/\/kapitalis.com\/tunisie\/wp-content\/uploads\/2017\/02\/Garde-nationale-Usgn-lutte-antiterroriste.jpg\" \/>\n<meta name=\"author\" content=\"webmaster kapitalis\" \/>\n<meta name=\"twitter:card\" content=\"summary_large_image\" \/>\n<meta name=\"twitter:creator\" content=\"@KapitalisInfo\" \/>\n<meta name=\"twitter:site\" content=\"@KapitalisInfo\" \/>\n<meta name=\"twitter:label1\" content=\"\u00c9crit par\" \/>\n\t<meta name=\"twitter:data1\" content=\"webmaster kapitalis\" \/>\n\t<meta name=\"twitter:label2\" content=\"Dur\u00e9e de lecture estim\u00e9e\" \/>\n\t<meta name=\"twitter:data2\" content=\"2 minutes\" \/>\n<script type=\"application\/ld+json\" class=\"yoast-schema-graph\">{\"@context\":\"https:\/\/schema.org\",\"@graph\":[{\"@type\":\"Article\",\"@id\":\"https:\/\/kapitalis.com\/tunisie\/2017\/08\/15\/tunisie-migrants-et-barons-dans-un-reseau-de-trafic-darmes\/#article\",\"isPartOf\":{\"@id\":\"https:\/\/kapitalis.com\/tunisie\/2017\/08\/15\/tunisie-migrants-et-barons-dans-un-reseau-de-trafic-darmes\/\"},\"author\":{\"name\":\"webmaster kapitalis\",\"@id\":\"https:\/\/kapitalis.com\/tunisie\/#\/schema\/person\/d71f33a9ca44f7bad4698210b480c8e9\"},\"headline\":\"Tunisie : Migrants et barons dans un r\u00e9seau de trafic d\u2019armes\",\"datePublished\":\"2017-08-15T06:40:09+00:00\",\"dateModified\":\"2017-08-15T06:42:52+00:00\",\"mainEntityOfPage\":{\"@id\":\"https:\/\/kapitalis.com\/tunisie\/2017\/08\/15\/tunisie-migrants-et-barons-dans-un-reseau-de-trafic-darmes\/\"},\"wordCount\":313,\"commentCount\":1,\"publisher\":{\"@id\":\"https:\/\/kapitalis.com\/tunisie\/#organization\"},\"image\":{\"@id\":\"https:\/\/kapitalis.com\/tunisie\/2017\/08\/15\/tunisie-migrants-et-barons-dans-un-reseau-de-trafic-darmes\/#primaryimage\"},\"thumbnailUrl\":\"http:\/\/kapitalis.com\/tunisie\/wp-content\/uploads\/2017\/02\/Garde-nationale-Usgn-lutte-antiterroriste.jpg\",\"keywords\":[\"Al-Qa\u00efda au Maghreb islamique\",\"Annaba\",\"Aqmi\",\"fronti\u00e8re tuniso-libyenne\",\"Katibat Okba Ibn Nafa\u00e2\",\"migrants\",\"milices libyennes\"],\"articleSection\":[\"SOCIETE\",\"Tunisie\"],\"inLanguage\":\"fr-FR\",\"potentialAction\":[{\"@type\":\"CommentAction\",\"name\":\"Comment\",\"target\":[\"https:\/\/kapitalis.com\/tunisie\/2017\/08\/15\/tunisie-migrants-et-barons-dans-un-reseau-de-trafic-darmes\/#respond\"]}]},{\"@type\":\"WebPage\",\"@id\":\"https:\/\/kapitalis.com\/tunisie\/2017\/08\/15\/tunisie-migrants-et-barons-dans-un-reseau-de-trafic-darmes\/\",\"url\":\"https:\/\/kapitalis.com\/tunisie\/2017\/08\/15\/tunisie-migrants-et-barons-dans-un-reseau-de-trafic-darmes\/\",\"name\":\"Tunisie : Migrants et barons dans un r\u00e9seau de trafic d\u2019armes - Kapitalis\",\"isPartOf\":{\"@id\":\"https:\/\/kapitalis.com\/tunisie\/#website\"},\"primaryImageOfPage\":{\"@id\":\"https:\/\/kapitalis.com\/tunisie\/2017\/08\/15\/tunisie-migrants-et-barons-dans-un-reseau-de-trafic-darmes\/#primaryimage\"},\"image\":{\"@id\":\"https:\/\/kapitalis.com\/tunisie\/2017\/08\/15\/tunisie-migrants-et-barons-dans-un-reseau-de-trafic-darmes\/#primaryimage\"},\"thumbnailUrl\":\"http:\/\/kapitalis.com\/tunisie\/wp-content\/uploads\/2017\/02\/Garde-nationale-Usgn-lutte-antiterroriste.jpg\",\"datePublished\":\"2017-08-15T06:40:09+00:00\",\"dateModified\":\"2017-08-15T06:42:52+00:00\",\"breadcrumb\":{\"@id\":\"https:\/\/kapitalis.com\/tunisie\/2017\/08\/15\/tunisie-migrants-et-barons-dans-un-reseau-de-trafic-darmes\/#breadcrumb\"},\"inLanguage\":\"fr-FR\",\"potentialAction\":[{\"@type\":\"ReadAction\",\"target\":[\"https:\/\/kapitalis.com\/tunisie\/2017\/08\/15\/tunisie-migrants-et-barons-dans-un-reseau-de-trafic-darmes\/\"]}]},{\"@type\":\"ImageObject\",\"inLanguage\":\"fr-FR\",\"@id\":\"https:\/\/kapitalis.com\/tunisie\/2017\/08\/15\/tunisie-migrants-et-barons-dans-un-reseau-de-trafic-darmes\/#primaryimage\",\"url\":\"http:\/\/kapitalis.com\/tunisie\/wp-content\/uploads\/2017\/02\/Garde-nationale-Usgn-lutte-antiterroriste.jpg\",\"contentUrl\":\"http:\/\/kapitalis.com\/tunisie\/wp-content\/uploads\/2017\/02\/Garde-nationale-Usgn-lutte-antiterroriste.jpg\"},{\"@type\":\"BreadcrumbList\",\"@id\":\"https:\/\/kapitalis.com\/tunisie\/2017\/08\/15\/tunisie-migrants-et-barons-dans-un-reseau-de-trafic-darmes\/#breadcrumb\",\"itemListElement\":[{\"@type\":\"ListItem\",\"position\":1,\"name\":\"Accueil\",\"item\":\"https:\/\/kapitalis.com\/tunisie\/\"},{\"@type\":\"ListItem\",\"position\":2,\"name\":\"Tunisie : Migrants et barons dans un r\u00e9seau de trafic d\u2019armes\"}]},{\"@type\":\"WebSite\",\"@id\":\"https:\/\/kapitalis.com\/tunisie\/#website\",\"url\":\"https:\/\/kapitalis.com\/tunisie\/\",\"name\":\"Kapitalis\",\"description\":\"L&#039;actualit\u00e9 en Tunisie et dans le monde\",\"publisher\":{\"@id\":\"https:\/\/kapitalis.com\/tunisie\/#organization\"},\"potentialAction\":[{\"@type\":\"SearchAction\",\"target\":{\"@type\":\"EntryPoint\",\"urlTemplate\":\"https:\/\/kapitalis.com\/tunisie\/?s={search_term_string}\"},\"query-input\":{\"@type\":\"PropertyValueSpecification\",\"valueRequired\":true,\"valueName\":\"search_term_string\"}}],\"inLanguage\":\"fr-FR\"},{\"@type\":\"Organization\",\"@id\":\"https:\/\/kapitalis.com\/tunisie\/#organization\",\"name\":\"Kapitalis\",\"url\":\"https:\/\/kapitalis.com\/tunisie\/\",\"logo\":{\"@type\":\"ImageObject\",\"inLanguage\":\"fr-FR\",\"@id\":\"https:\/\/kapitalis.com\/tunisie\/#\/schema\/logo\/image\/\",\"url\":\"https:\/\/kapitalis.com\/tunisie\/wp-content\/uploads\/2022\/05\/Kapitalis-big-size.png\",\"contentUrl\":\"https:\/\/kapitalis.com\/tunisie\/wp-content\/uploads\/2022\/05\/Kapitalis-big-size.png\",\"width\":5000,\"height\":1500,\"caption\":\"Kapitalis\"},\"image\":{\"@id\":\"https:\/\/kapitalis.com\/tunisie\/#\/schema\/logo\/image\/\"},\"sameAs\":[\"https:\/\/www.facebook.com\/KapitalisInfo\/\",\"https:\/\/x.com\/KapitalisInfo\",\"https:\/\/www.youtube.com\/channel\/UC-yDYrHyfFBWWZaOw3FPg9Q\"]},{\"@type\":\"Person\",\"@id\":\"https:\/\/kapitalis.com\/tunisie\/#\/schema\/person\/d71f33a9ca44f7bad4698210b480c8e9\",\"name\":\"webmaster kapitalis\",\"url\":\"https:\/\/kapitalis.com\/tunisie\/author\/webmaster-kapitalis\/\"}]}<\/script>\n<!-- \/ Yoast SEO plugin. -->","yoast_head_json":{"title":"Tunisie : Migrants et barons dans un r\u00e9seau de trafic d\u2019armes - Kapitalis","robots":{"index":"index","follow":"follow","max-snippet":"max-snippet:-1","max-image-preview":"max-image-preview:large","max-video-preview":"max-video-preview:-1"},"canonical":"https:\/\/kapitalis.com\/tunisie\/2017\/08\/15\/tunisie-migrants-et-barons-dans-un-reseau-de-trafic-darmes\/","og_locale":"fr_FR","og_type":"article","og_title":"Tunisie : Migrants et barons dans un r\u00e9seau de trafic d\u2019armes - Kapitalis","og_description":"Les autorit\u00e9s alg\u00e9riennes ont fourni \u00e0 leurs homologues tunisiennes des renseignements sur un r\u00e9seau libyen de trafic d&rsquo;armes organis\u00e9 \u00e0 la fronti\u00e8re tuniso-libyenne.","og_url":"https:\/\/kapitalis.com\/tunisie\/2017\/08\/15\/tunisie-migrants-et-barons-dans-un-reseau-de-trafic-darmes\/","og_site_name":"Kapitalis","article_publisher":"https:\/\/www.facebook.com\/KapitalisInfo\/","article_published_time":"2017-08-15T06:40:09+00:00","article_modified_time":"2017-08-15T06:42:52+00:00","og_image":[{"url":"http:\/\/kapitalis.com\/tunisie\/wp-content\/uploads\/2017\/02\/Garde-nationale-Usgn-lutte-antiterroriste.jpg","type":"","width":"","height":""}],"author":"webmaster kapitalis","twitter_card":"summary_large_image","twitter_creator":"@KapitalisInfo","twitter_site":"@KapitalisInfo","twitter_misc":{"\u00c9crit par":"webmaster kapitalis","Dur\u00e9e de lecture estim\u00e9e":"2 minutes"},"schema":{"@context":"https:\/\/schema.org","@graph":[{"@type":"Article","@id":"https:\/\/kapitalis.com\/tunisie\/2017\/08\/15\/tunisie-migrants-et-barons-dans-un-reseau-de-trafic-darmes\/#article","isPartOf":{"@id":"https:\/\/kapitalis.com\/tunisie\/2017\/08\/15\/tunisie-migrants-et-barons-dans-un-reseau-de-trafic-darmes\/"},"author":{"name":"webmaster kapitalis","@id":"https:\/\/kapitalis.com\/tunisie\/#\/schema\/person\/d71f33a9ca44f7bad4698210b480c8e9"},"headline":"Tunisie : Migrants et barons dans un r\u00e9seau de trafic d\u2019armes","datePublished":"2017-08-15T06:40:09+00:00","dateModified":"2017-08-15T06:42:52+00:00","mainEntityOfPage":{"@id":"https:\/\/kapitalis.com\/tunisie\/2017\/08\/15\/tunisie-migrants-et-barons-dans-un-reseau-de-trafic-darmes\/"},"wordCount":313,"commentCount":1,"publisher":{"@id":"https:\/\/kapitalis.com\/tunisie\/#organization"},"image":{"@id":"https:\/\/kapitalis.com\/tunisie\/2017\/08\/15\/tunisie-migrants-et-barons-dans-un-reseau-de-trafic-darmes\/#primaryimage"},"thumbnailUrl":"http:\/\/kapitalis.com\/tunisie\/wp-content\/uploads\/2017\/02\/Garde-nationale-Usgn-lutte-antiterroriste.jpg","keywords":["Al-Qa\u00efda au Maghreb islamique","Annaba","Aqmi","fronti\u00e8re tuniso-libyenne","Katibat Okba Ibn Nafa\u00e2","migrants","milices libyennes"],"articleSection":["SOCIETE","Tunisie"],"inLanguage":"fr-FR","potentialAction":[{"@type":"CommentAction","name":"Comment","target":["https:\/\/kapitalis.com\/tunisie\/2017\/08\/15\/tunisie-migrants-et-barons-dans-un-reseau-de-trafic-darmes\/#respond"]}]},{"@type":"WebPage","@id":"https:\/\/kapitalis.com\/tunisie\/2017\/08\/15\/tunisie-migrants-et-barons-dans-un-reseau-de-trafic-darmes\/","url":"https:\/\/kapitalis.com\/tunisie\/2017\/08\/15\/tunisie-migrants-et-barons-dans-un-reseau-de-trafic-darmes\/","name":"Tunisie : Migrants et barons dans un r\u00e9seau de trafic d\u2019armes - Kapitalis","isPartOf":{"@id":"https:\/\/kapitalis.com\/tunisie\/#website"},"primaryImageOfPage":{"@id":"https:\/\/kapitalis.com\/tunisie\/2017\/08\/15\/tunisie-migrants-et-barons-dans-un-reseau-de-trafic-darmes\/#primaryimage"},"image":{"@id":"https:\/\/kapitalis.com\/tunisie\/2017\/08\/15\/tunisie-migrants-et-barons-dans-un-reseau-de-trafic-darmes\/#primaryimage"},"thumbnailUrl":"http:\/\/kapitalis.com\/tunisie\/wp-content\/uploads\/2017\/02\/Garde-nationale-Usgn-lutte-antiterroriste.jpg","datePublished":"2017-08-15T06:40:09+00:00","dateModified":"2017-08-15T06:42:52+00:00","breadcrumb":{"@id":"https:\/\/kapitalis.com\/tunisie\/2017\/08\/15\/tunisie-migrants-et-barons-dans-un-reseau-de-trafic-darmes\/#breadcrumb"},"inLanguage":"fr-FR","potentialAction":[{"@type":"ReadAction","target":["https:\/\/kapitalis.com\/tunisie\/2017\/08\/15\/tunisie-migrants-et-barons-dans-un-reseau-de-trafic-darmes\/"]}]},{"@type":"ImageObject","inLanguage":"fr-FR","@id":"https:\/\/kapitalis.com\/tunisie\/2017\/08\/15\/tunisie-migrants-et-barons-dans-un-reseau-de-trafic-darmes\/#primaryimage","url":"http:\/\/kapitalis.com\/tunisie\/wp-content\/uploads\/2017\/02\/Garde-nationale-Usgn-lutte-antiterroriste.jpg","contentUrl":"http:\/\/kapitalis.com\/tunisie\/wp-content\/uploads\/2017\/02\/Garde-nationale-Usgn-lutte-antiterroriste.jpg"},{"@type":"BreadcrumbList","@id":"https:\/\/kapitalis.com\/tunisie\/2017\/08\/15\/tunisie-migrants-et-barons-dans-un-reseau-de-trafic-darmes\/#breadcrumb","itemListElement":[{"@type":"ListItem","position":1,"name":"Accueil","item":"https:\/\/kapitalis.com\/tunisie\/"},{"@type":"ListItem","position":2,"name":"Tunisie : Migrants et barons dans un r\u00e9seau de trafic d\u2019armes"}]},{"@type":"WebSite","@id":"https:\/\/kapitalis.com\/tunisie\/#website","url":"https:\/\/kapitalis.com\/tunisie\/","name":"Kapitalis","description":"L&#039;actualit\u00e9 en Tunisie et dans le monde","publisher":{"@id":"https:\/\/kapitalis.com\/tunisie\/#organization"},"potentialAction":[{"@type":"SearchAction","target":{"@type":"EntryPoint","urlTemplate":"https:\/\/kapitalis.com\/tunisie\/?s={search_term_string}"},"query-input":{"@type":"PropertyValueSpecification","valueRequired":true,"valueName":"search_term_string"}}],"inLanguage":"fr-FR"},{"@type":"Organization","@id":"https:\/\/kapitalis.com\/tunisie\/#organization","name":"Kapitalis","url":"https:\/\/kapitalis.com\/tunisie\/","logo":{"@type":"ImageObject","inLanguage":"fr-FR","@id":"https:\/\/kapitalis.com\/tunisie\/#\/schema\/logo\/image\/","url":"https:\/\/kapitalis.com\/tunisie\/wp-content\/uploads\/2022\/05\/Kapitalis-big-size.png","contentUrl":"https:\/\/kapitalis.com\/tunisie\/wp-content\/uploads\/2022\/05\/Kapitalis-big-size.png","width":5000,"height":1500,"caption":"Kapitalis"},"image":{"@id":"https:\/\/kapitalis.com\/tunisie\/#\/schema\/logo\/image\/"},"sameAs":["https:\/\/www.facebook.com\/KapitalisInfo\/","https:\/\/x.com\/KapitalisInfo","https:\/\/www.youtube.com\/channel\/UC-yDYrHyfFBWWZaOw3FPg9Q"]},{"@type":"Person","@id":"https:\/\/kapitalis.com\/tunisie\/#\/schema\/person\/d71f33a9ca44f7bad4698210b480c8e9","name":"webmaster kapitalis","url":"https:\/\/kapitalis.com\/tunisie\/author\/webmaster-kapitalis\/"}]}},"_links":{"self":[{"href":"https:\/\/kapitalis.com\/tunisie\/wp-json\/wp\/v2\/posts\/110445","targetHints":{"allow":["GET"]}}],"collection":[{"href":"https:\/\/kapitalis.com\/tunisie\/wp-json\/wp\/v2\/posts"}],"about":[{"href":"https:\/\/kapitalis.com\/tunisie\/wp-json\/wp\/v2\/types\/post"}],"author":[{"embeddable":true,"href":"https:\/\/kapitalis.com\/tunisie\/wp-json\/wp\/v2\/users\/8"}],"replies":[{"embeddable":true,"href":"https:\/\/kapitalis.com\/tunisie\/wp-json\/wp\/v2\/comments?post=110445"}],"version-history":[{"count":0,"href":"https:\/\/kapitalis.com\/tunisie\/wp-json\/wp\/v2\/posts\/110445\/revisions"}],"wp:attachment":[{"href":"https:\/\/kapitalis.com\/tunisie\/wp-json\/wp\/v2\/media?parent=110445"}],"wp:term":[{"taxonomy":"category","embeddable":true,"href":"https:\/\/kapitalis.com\/tunisie\/wp-json\/wp\/v2\/categories?post=110445"},{"taxonomy":"post_tag","embeddable":true,"href":"https:\/\/kapitalis.com\/tunisie\/wp-json\/wp\/v2\/tags?post=110445"}],"curies":[{"name":"wp","href":"https:\/\/api.w.org\/{rel}","templated":true}]}}