{"id":110455,"date":"2017-08-15T09:05:22","date_gmt":"2017-08-15T08:05:22","guid":{"rendered":"http:\/\/kapitalis.com\/tunisie\/?p=110455"},"modified":"2017-08-15T09:05:22","modified_gmt":"2017-08-15T08:05:22","slug":"hergla-rend-hommage-aux-artisans-du-cinema-argentique-tunisien","status":"publish","type":"post","link":"https:\/\/kapitalis.com\/tunisie\/2017\/08\/15\/hergla-rend-hommage-aux-artisans-du-cinema-argentique-tunisien\/","title":{"rendered":"Hergla rend hommage aux artisans du cin\u00e9ma argentique tunisien"},"content":{"rendered":"<p style=\"text-align: center;\"><img loading=\"lazy\" decoding=\"async\" class=\"alignnone size-full wp-image-110456\" src=\"http:\/\/kapitalis.com\/tunisie\/wp-content\/uploads\/2017\/08\/Rencontres-cinematographiques-de-Hergla.jpg\" alt=\"\" width=\"626\" height=\"380\" \/><\/p>\n<p><em><strong>Les 12e Rencontres cin\u00e9matographiques de Hergla, qui se tiennent du 21 au 23 ao\u00fbt 2017, rendent hommage aux artisans du cin\u00e9ma argentique tunisien.<\/strong> <\/em><\/p>\n<p><!--more--><\/p>\n<p>Au moment o\u00f9 le monde vit au rythme de la r\u00e9volution num\u00e9rique, notamment dans le domaine de l\u2019image, le cin\u00e9ma argentique semble appartenir \u00e0 une \u00e9poque r\u00e9volue. Plusieurs laboratoires de postproduction argentique ont fait faillite. D\u2019autres ont suivi les exigences de l\u2019\u00e9poque et se sont adapt\u00e9s aux nouvelles technologies. Si celles-ci ont d\u00e9mocratis\u00e9 plus que jamais l\u2019acc\u00e8s \u00e0 l\u2019image et r\u00e9volutionn\u00e9 les m\u00e9tiers du cin\u00e9ma, certains continuent de penser que la qualit\u00e9 et la valeur de l\u2019argentique demeurent in\u00e9galables apr\u00e8s plus d\u2019un si\u00e8cle d\u2019existence.<\/p>\n<p>Pour sa 12e \u00e9dition et \u00e0 l\u2019occasion du 5e anniversaire de la sortie d\u2019<em>\u2018\u2018Al Fadjr\u2019\u2019<\/em> de Omar Khelifi (1967) premier long m\u00e9trage 100% tunisien, les Rencontres cin\u00e9matographiques de Hergla (Sousse), organis\u00e9es par l\u2019Association culturelle Afrique-M\u00e9diterran\u00e9e, pr\u00e9sid\u00e9e par Mohamed Challouf, rendent hommage aux artisans du cin\u00e9ma argentique tunisien qui ont \u00e9norm\u00e9ment contribu\u00e9 \u00e0 la constitution de notre m\u00e9moire cin\u00e9matographique: monteur, \u00e9talonneur, mixeur, directeur de la photo, ing\u00e9nieur du son, technicien de laboratoire&#8230;<\/p>\n<p>En guise de reconnaissance de leur apport, cet hommage les met sous les feux de la rampe g\u00e9n\u00e9ralement r\u00e9serv\u00e9s aux r\u00e9alisateurs et aux acteurs. C\u2019est aussi une r\u00e9habilitation du r\u00f4le crucial de ces diff\u00e9rents artisans intervenant dans le processus de la fabrication des films et qui, tr\u00e8s souvent, restent dans l\u2019ombre.<\/p>\n<p>La manifestation de cette ann\u00e9e sera aussi un voyage nostalgique dans l\u2019univers du cin\u00e9ma argentique, la pellicule dans ces diff\u00e9rents formats : le 8 mm et le super 8 standards privil\u00e9gi\u00e9s de la F\u00e9d\u00e9ration tunisienne des cin\u00e9astes amateurs (FTCA), le 16 mm et le 35 mm, supports sur lesquelles sont gard\u00e9s les plus belles images de la m\u00e9moire cin\u00e9matographiques tunisienne\u2026<\/p>\n<p><img loading=\"lazy\" decoding=\"async\" class=\"wp-image-110457 aligncenter\" src=\"http:\/\/kapitalis.com\/tunisie\/wp-content\/uploads\/2017\/08\/Mohamed-Challouf.jpg\" alt=\"\" width=\"500\" height=\"384\" \/><\/p>\n<p style=\"text-align: center;\"><em>Mohamed Challouf, fondateur et cheville ouvri\u00e8re des Rencontres de Hergla.\u00a0<\/em><\/p>\n<p>Cette 12\u00b0 session sera une belle occasion pour expliquer un peu aux nouvelles g\u00e9n\u00e9rations ce qu\u2019\u00e9tait la production cin\u00e9matographique avant l\u2019arriv\u00e9e de la vid\u00e9o et du num\u00e9rique.<\/p>\n<p>Les ateliers propos\u00e9s aux enfants et aux jeunes tourneront aussi autour du m\u00eame th\u00e8me : l\u2019argentique et la pellicule, ce fameux support utilis\u00e9 depuis plus que 120 ans en plusieurs formats par le cin\u00e9ma et la photo et qui risque apr\u00e8s l\u2019invention du num\u00e9rique et du HD de disparaitre pour toujours.<\/p>\n<p>La soir\u00e9e d\u2019ouverture des Rencontres aura lieu lundi 21 ao\u00fbt 2017 \u00e0 21h \u00e0 la biblioth\u00e8que de Hergla, en pr\u00e9sence de Mica Ben Miled, Kahena Attia, Arbi Ben Ali, Ahmed Bennis, Belgacem Jelliti, Hassen Daldoul, Ezzeddine Harbaoui, Faouzi Thabet, Hachemi Joulek, Ridha Ben Hlima, Abderrazzak Khechine, Fawzia Joulak, Ahmed Zaaf, Moncef Sdouri, Ahmed Harzallah.<\/p>\n<p>Au programme, la projection des films argentiques en 16 et 35 mm, <em>\u2018\u2018Regard de Mouette\u2019\u2019<\/em> de Kalthoum Bornaz (fiction, 1991), <em>\u2018\u2018Trio Nahawend\u2019\u2019<\/em> de Belgacem Jelliti (fiction, 1987), <em>\u2018\u2018La Cigale\u2019\u2019<\/em> de Ezzeddine Harbaoui (animation, 1986), <em>\u2018\u2018Le M\u00e9tayer (El Khamm\u00e8s)\u2019\u2019<\/em> de Ta\u00efeb Louhichi (documentaire, 1975).<\/p>\n<p style=\"text-align: right;\"><strong>I. B.<\/strong> (avec communiqu\u00e9).<\/p>\n","protected":false},"excerpt":{"rendered":"<p>Les 12e Rencontres cin\u00e9matographiques de Hergla, qui se tiennent du 21 au 23 ao\u00fbt 2017, rendent hommage aux artisans du cin\u00e9ma argentique tunisien.<\/p>\n","protected":false},"author":8,"featured_media":110456,"comment_status":"open","ping_status":"open","sticky":false,"template":"","format":"standard","meta":{"footnotes":""},"categories":[994,2433],"tags":[22314,22313,854,35315],"class_list":["post-110455","post","type-post","status-publish","format-standard","has-post-thumbnail","hentry","category-culture","category-tunisie","tag-kalthoum-bornaz","tag-mohamed-challouf","tag-sousse","tag-taieb-louhichi"],"yoast_head":"<!-- This site is optimized with the Yoast SEO plugin v26.6 - https:\/\/yoast.com\/wordpress\/plugins\/seo\/ -->\n<title>Hergla rend hommage aux artisans du cin\u00e9ma argentique tunisien - Kapitalis<\/title>\n<meta name=\"robots\" content=\"index, follow, max-snippet:-1, max-image-preview:large, max-video-preview:-1\" \/>\n<link rel=\"canonical\" href=\"https:\/\/kapitalis.com\/tunisie\/2017\/08\/15\/hergla-rend-hommage-aux-artisans-du-cinema-argentique-tunisien\/\" \/>\n<meta property=\"og:locale\" content=\"fr_FR\" \/>\n<meta property=\"og:type\" content=\"article\" \/>\n<meta property=\"og:title\" content=\"Hergla rend hommage aux artisans du cin\u00e9ma argentique tunisien - Kapitalis\" \/>\n<meta property=\"og:description\" content=\"Les 12e Rencontres cin\u00e9matographiques de Hergla, qui se tiennent du 21 au 23 ao\u00fbt 2017, rendent hommage aux artisans du cin\u00e9ma argentique tunisien.\" \/>\n<meta property=\"og:url\" content=\"https:\/\/kapitalis.com\/tunisie\/2017\/08\/15\/hergla-rend-hommage-aux-artisans-du-cinema-argentique-tunisien\/\" \/>\n<meta property=\"og:site_name\" content=\"Kapitalis\" \/>\n<meta property=\"article:publisher\" content=\"https:\/\/www.facebook.com\/KapitalisInfo\/\" \/>\n<meta property=\"article:published_time\" content=\"2017-08-15T08:05:22+00:00\" \/>\n<meta property=\"og:image\" content=\"https:\/\/kapitalis.com\/tunisie\/wp-content\/uploads\/2022\/05\/kapitalis-logo-fb.png\" \/>\n\t<meta property=\"og:image:width\" content=\"1200\" \/>\n\t<meta property=\"og:image:height\" content=\"630\" \/>\n\t<meta property=\"og:image:type\" content=\"image\/png\" \/>\n<meta name=\"author\" content=\"webmaster kapitalis\" \/>\n<meta name=\"twitter:card\" content=\"summary_large_image\" \/>\n<meta name=\"twitter:creator\" content=\"@KapitalisInfo\" \/>\n<meta name=\"twitter:site\" content=\"@KapitalisInfo\" \/>\n<meta name=\"twitter:label1\" content=\"\u00c9crit par\" \/>\n\t<meta name=\"twitter:data1\" content=\"webmaster kapitalis\" \/>\n\t<meta name=\"twitter:label2\" content=\"Dur\u00e9e de lecture estim\u00e9e\" \/>\n\t<meta name=\"twitter:data2\" content=\"3 minutes\" \/>\n<script type=\"application\/ld+json\" class=\"yoast-schema-graph\">{\"@context\":\"https:\/\/schema.org\",\"@graph\":[{\"@type\":\"Article\",\"@id\":\"https:\/\/kapitalis.com\/tunisie\/2017\/08\/15\/hergla-rend-hommage-aux-artisans-du-cinema-argentique-tunisien\/#article\",\"isPartOf\":{\"@id\":\"https:\/\/kapitalis.com\/tunisie\/2017\/08\/15\/hergla-rend-hommage-aux-artisans-du-cinema-argentique-tunisien\/\"},\"author\":{\"name\":\"webmaster kapitalis\",\"@id\":\"https:\/\/kapitalis.com\/tunisie\/#\/schema\/person\/d71f33a9ca44f7bad4698210b480c8e9\"},\"headline\":\"Hergla rend hommage aux artisans du cin\u00e9ma argentique tunisien\",\"datePublished\":\"2017-08-15T08:05:22+00:00\",\"mainEntityOfPage\":{\"@id\":\"https:\/\/kapitalis.com\/tunisie\/2017\/08\/15\/hergla-rend-hommage-aux-artisans-du-cinema-argentique-tunisien\/\"},\"wordCount\":548,\"commentCount\":1,\"publisher\":{\"@id\":\"https:\/\/kapitalis.com\/tunisie\/#organization\"},\"image\":{\"@id\":\"https:\/\/kapitalis.com\/tunisie\/2017\/08\/15\/hergla-rend-hommage-aux-artisans-du-cinema-argentique-tunisien\/#primaryimage\"},\"thumbnailUrl\":\"\",\"keywords\":[\"Kalthoum Bornaz\",\"Mohamed Challouf\",\"Sousse\",\"Ta\u00efeb Louhichi\"],\"articleSection\":[\"CULTURE\",\"Tunisie\"],\"inLanguage\":\"fr-FR\",\"potentialAction\":[{\"@type\":\"CommentAction\",\"name\":\"Comment\",\"target\":[\"https:\/\/kapitalis.com\/tunisie\/2017\/08\/15\/hergla-rend-hommage-aux-artisans-du-cinema-argentique-tunisien\/#respond\"]}]},{\"@type\":\"WebPage\",\"@id\":\"https:\/\/kapitalis.com\/tunisie\/2017\/08\/15\/hergla-rend-hommage-aux-artisans-du-cinema-argentique-tunisien\/\",\"url\":\"https:\/\/kapitalis.com\/tunisie\/2017\/08\/15\/hergla-rend-hommage-aux-artisans-du-cinema-argentique-tunisien\/\",\"name\":\"Hergla rend hommage aux artisans du cin\u00e9ma argentique tunisien - Kapitalis\",\"isPartOf\":{\"@id\":\"https:\/\/kapitalis.com\/tunisie\/#website\"},\"primaryImageOfPage\":{\"@id\":\"https:\/\/kapitalis.com\/tunisie\/2017\/08\/15\/hergla-rend-hommage-aux-artisans-du-cinema-argentique-tunisien\/#primaryimage\"},\"image\":{\"@id\":\"https:\/\/kapitalis.com\/tunisie\/2017\/08\/15\/hergla-rend-hommage-aux-artisans-du-cinema-argentique-tunisien\/#primaryimage\"},\"thumbnailUrl\":\"\",\"datePublished\":\"2017-08-15T08:05:22+00:00\",\"breadcrumb\":{\"@id\":\"https:\/\/kapitalis.com\/tunisie\/2017\/08\/15\/hergla-rend-hommage-aux-artisans-du-cinema-argentique-tunisien\/#breadcrumb\"},\"inLanguage\":\"fr-FR\",\"potentialAction\":[{\"@type\":\"ReadAction\",\"target\":[\"https:\/\/kapitalis.com\/tunisie\/2017\/08\/15\/hergla-rend-hommage-aux-artisans-du-cinema-argentique-tunisien\/\"]}]},{\"@type\":\"ImageObject\",\"inLanguage\":\"fr-FR\",\"@id\":\"https:\/\/kapitalis.com\/tunisie\/2017\/08\/15\/hergla-rend-hommage-aux-artisans-du-cinema-argentique-tunisien\/#primaryimage\",\"url\":\"\",\"contentUrl\":\"\"},{\"@type\":\"BreadcrumbList\",\"@id\":\"https:\/\/kapitalis.com\/tunisie\/2017\/08\/15\/hergla-rend-hommage-aux-artisans-du-cinema-argentique-tunisien\/#breadcrumb\",\"itemListElement\":[{\"@type\":\"ListItem\",\"position\":1,\"name\":\"Accueil\",\"item\":\"https:\/\/kapitalis.com\/tunisie\/\"},{\"@type\":\"ListItem\",\"position\":2,\"name\":\"Hergla rend hommage aux artisans du cin\u00e9ma argentique tunisien\"}]},{\"@type\":\"WebSite\",\"@id\":\"https:\/\/kapitalis.com\/tunisie\/#website\",\"url\":\"https:\/\/kapitalis.com\/tunisie\/\",\"name\":\"Kapitalis\",\"description\":\"L&#039;actualit\u00e9 en Tunisie et dans le monde\",\"publisher\":{\"@id\":\"https:\/\/kapitalis.com\/tunisie\/#organization\"},\"potentialAction\":[{\"@type\":\"SearchAction\",\"target\":{\"@type\":\"EntryPoint\",\"urlTemplate\":\"https:\/\/kapitalis.com\/tunisie\/?s={search_term_string}\"},\"query-input\":{\"@type\":\"PropertyValueSpecification\",\"valueRequired\":true,\"valueName\":\"search_term_string\"}}],\"inLanguage\":\"fr-FR\"},{\"@type\":\"Organization\",\"@id\":\"https:\/\/kapitalis.com\/tunisie\/#organization\",\"name\":\"Kapitalis\",\"url\":\"https:\/\/kapitalis.com\/tunisie\/\",\"logo\":{\"@type\":\"ImageObject\",\"inLanguage\":\"fr-FR\",\"@id\":\"https:\/\/kapitalis.com\/tunisie\/#\/schema\/logo\/image\/\",\"url\":\"https:\/\/kapitalis.com\/tunisie\/wp-content\/uploads\/2022\/05\/Kapitalis-big-size.png\",\"contentUrl\":\"https:\/\/kapitalis.com\/tunisie\/wp-content\/uploads\/2022\/05\/Kapitalis-big-size.png\",\"width\":5000,\"height\":1500,\"caption\":\"Kapitalis\"},\"image\":{\"@id\":\"https:\/\/kapitalis.com\/tunisie\/#\/schema\/logo\/image\/\"},\"sameAs\":[\"https:\/\/www.facebook.com\/KapitalisInfo\/\",\"https:\/\/x.com\/KapitalisInfo\",\"https:\/\/www.youtube.com\/channel\/UC-yDYrHyfFBWWZaOw3FPg9Q\"]},{\"@type\":\"Person\",\"@id\":\"https:\/\/kapitalis.com\/tunisie\/#\/schema\/person\/d71f33a9ca44f7bad4698210b480c8e9\",\"name\":\"webmaster kapitalis\",\"url\":\"https:\/\/kapitalis.com\/tunisie\/author\/webmaster-kapitalis\/\"}]}<\/script>\n<!-- \/ Yoast SEO plugin. -->","yoast_head_json":{"title":"Hergla rend hommage aux artisans du cin\u00e9ma argentique tunisien - Kapitalis","robots":{"index":"index","follow":"follow","max-snippet":"max-snippet:-1","max-image-preview":"max-image-preview:large","max-video-preview":"max-video-preview:-1"},"canonical":"https:\/\/kapitalis.com\/tunisie\/2017\/08\/15\/hergla-rend-hommage-aux-artisans-du-cinema-argentique-tunisien\/","og_locale":"fr_FR","og_type":"article","og_title":"Hergla rend hommage aux artisans du cin\u00e9ma argentique tunisien - Kapitalis","og_description":"Les 12e Rencontres cin\u00e9matographiques de Hergla, qui se tiennent du 21 au 23 ao\u00fbt 2017, rendent hommage aux artisans du cin\u00e9ma argentique tunisien.","og_url":"https:\/\/kapitalis.com\/tunisie\/2017\/08\/15\/hergla-rend-hommage-aux-artisans-du-cinema-argentique-tunisien\/","og_site_name":"Kapitalis","article_publisher":"https:\/\/www.facebook.com\/KapitalisInfo\/","article_published_time":"2017-08-15T08:05:22+00:00","og_image":[{"width":1200,"height":630,"url":"https:\/\/kapitalis.com\/tunisie\/wp-content\/uploads\/2022\/05\/kapitalis-logo-fb.png","type":"image\/png"}],"author":"webmaster kapitalis","twitter_card":"summary_large_image","twitter_creator":"@KapitalisInfo","twitter_site":"@KapitalisInfo","twitter_misc":{"\u00c9crit par":"webmaster kapitalis","Dur\u00e9e de lecture estim\u00e9e":"3 minutes"},"schema":{"@context":"https:\/\/schema.org","@graph":[{"@type":"Article","@id":"https:\/\/kapitalis.com\/tunisie\/2017\/08\/15\/hergla-rend-hommage-aux-artisans-du-cinema-argentique-tunisien\/#article","isPartOf":{"@id":"https:\/\/kapitalis.com\/tunisie\/2017\/08\/15\/hergla-rend-hommage-aux-artisans-du-cinema-argentique-tunisien\/"},"author":{"name":"webmaster kapitalis","@id":"https:\/\/kapitalis.com\/tunisie\/#\/schema\/person\/d71f33a9ca44f7bad4698210b480c8e9"},"headline":"Hergla rend hommage aux artisans du cin\u00e9ma argentique tunisien","datePublished":"2017-08-15T08:05:22+00:00","mainEntityOfPage":{"@id":"https:\/\/kapitalis.com\/tunisie\/2017\/08\/15\/hergla-rend-hommage-aux-artisans-du-cinema-argentique-tunisien\/"},"wordCount":548,"commentCount":1,"publisher":{"@id":"https:\/\/kapitalis.com\/tunisie\/#organization"},"image":{"@id":"https:\/\/kapitalis.com\/tunisie\/2017\/08\/15\/hergla-rend-hommage-aux-artisans-du-cinema-argentique-tunisien\/#primaryimage"},"thumbnailUrl":"","keywords":["Kalthoum Bornaz","Mohamed Challouf","Sousse","Ta\u00efeb Louhichi"],"articleSection":["CULTURE","Tunisie"],"inLanguage":"fr-FR","potentialAction":[{"@type":"CommentAction","name":"Comment","target":["https:\/\/kapitalis.com\/tunisie\/2017\/08\/15\/hergla-rend-hommage-aux-artisans-du-cinema-argentique-tunisien\/#respond"]}]},{"@type":"WebPage","@id":"https:\/\/kapitalis.com\/tunisie\/2017\/08\/15\/hergla-rend-hommage-aux-artisans-du-cinema-argentique-tunisien\/","url":"https:\/\/kapitalis.com\/tunisie\/2017\/08\/15\/hergla-rend-hommage-aux-artisans-du-cinema-argentique-tunisien\/","name":"Hergla rend hommage aux artisans du cin\u00e9ma argentique tunisien - Kapitalis","isPartOf":{"@id":"https:\/\/kapitalis.com\/tunisie\/#website"},"primaryImageOfPage":{"@id":"https:\/\/kapitalis.com\/tunisie\/2017\/08\/15\/hergla-rend-hommage-aux-artisans-du-cinema-argentique-tunisien\/#primaryimage"},"image":{"@id":"https:\/\/kapitalis.com\/tunisie\/2017\/08\/15\/hergla-rend-hommage-aux-artisans-du-cinema-argentique-tunisien\/#primaryimage"},"thumbnailUrl":"","datePublished":"2017-08-15T08:05:22+00:00","breadcrumb":{"@id":"https:\/\/kapitalis.com\/tunisie\/2017\/08\/15\/hergla-rend-hommage-aux-artisans-du-cinema-argentique-tunisien\/#breadcrumb"},"inLanguage":"fr-FR","potentialAction":[{"@type":"ReadAction","target":["https:\/\/kapitalis.com\/tunisie\/2017\/08\/15\/hergla-rend-hommage-aux-artisans-du-cinema-argentique-tunisien\/"]}]},{"@type":"ImageObject","inLanguage":"fr-FR","@id":"https:\/\/kapitalis.com\/tunisie\/2017\/08\/15\/hergla-rend-hommage-aux-artisans-du-cinema-argentique-tunisien\/#primaryimage","url":"","contentUrl":""},{"@type":"BreadcrumbList","@id":"https:\/\/kapitalis.com\/tunisie\/2017\/08\/15\/hergla-rend-hommage-aux-artisans-du-cinema-argentique-tunisien\/#breadcrumb","itemListElement":[{"@type":"ListItem","position":1,"name":"Accueil","item":"https:\/\/kapitalis.com\/tunisie\/"},{"@type":"ListItem","position":2,"name":"Hergla rend hommage aux artisans du cin\u00e9ma argentique tunisien"}]},{"@type":"WebSite","@id":"https:\/\/kapitalis.com\/tunisie\/#website","url":"https:\/\/kapitalis.com\/tunisie\/","name":"Kapitalis","description":"L&#039;actualit\u00e9 en Tunisie et dans le monde","publisher":{"@id":"https:\/\/kapitalis.com\/tunisie\/#organization"},"potentialAction":[{"@type":"SearchAction","target":{"@type":"EntryPoint","urlTemplate":"https:\/\/kapitalis.com\/tunisie\/?s={search_term_string}"},"query-input":{"@type":"PropertyValueSpecification","valueRequired":true,"valueName":"search_term_string"}}],"inLanguage":"fr-FR"},{"@type":"Organization","@id":"https:\/\/kapitalis.com\/tunisie\/#organization","name":"Kapitalis","url":"https:\/\/kapitalis.com\/tunisie\/","logo":{"@type":"ImageObject","inLanguage":"fr-FR","@id":"https:\/\/kapitalis.com\/tunisie\/#\/schema\/logo\/image\/","url":"https:\/\/kapitalis.com\/tunisie\/wp-content\/uploads\/2022\/05\/Kapitalis-big-size.png","contentUrl":"https:\/\/kapitalis.com\/tunisie\/wp-content\/uploads\/2022\/05\/Kapitalis-big-size.png","width":5000,"height":1500,"caption":"Kapitalis"},"image":{"@id":"https:\/\/kapitalis.com\/tunisie\/#\/schema\/logo\/image\/"},"sameAs":["https:\/\/www.facebook.com\/KapitalisInfo\/","https:\/\/x.com\/KapitalisInfo","https:\/\/www.youtube.com\/channel\/UC-yDYrHyfFBWWZaOw3FPg9Q"]},{"@type":"Person","@id":"https:\/\/kapitalis.com\/tunisie\/#\/schema\/person\/d71f33a9ca44f7bad4698210b480c8e9","name":"webmaster kapitalis","url":"https:\/\/kapitalis.com\/tunisie\/author\/webmaster-kapitalis\/"}]}},"_links":{"self":[{"href":"https:\/\/kapitalis.com\/tunisie\/wp-json\/wp\/v2\/posts\/110455","targetHints":{"allow":["GET"]}}],"collection":[{"href":"https:\/\/kapitalis.com\/tunisie\/wp-json\/wp\/v2\/posts"}],"about":[{"href":"https:\/\/kapitalis.com\/tunisie\/wp-json\/wp\/v2\/types\/post"}],"author":[{"embeddable":true,"href":"https:\/\/kapitalis.com\/tunisie\/wp-json\/wp\/v2\/users\/8"}],"replies":[{"embeddable":true,"href":"https:\/\/kapitalis.com\/tunisie\/wp-json\/wp\/v2\/comments?post=110455"}],"version-history":[{"count":0,"href":"https:\/\/kapitalis.com\/tunisie\/wp-json\/wp\/v2\/posts\/110455\/revisions"}],"wp:featuredmedia":[{"embeddable":true,"href":"https:\/\/kapitalis.com\/tunisie\/wp-json\/wp\/v2\/media\/110456"}],"wp:attachment":[{"href":"https:\/\/kapitalis.com\/tunisie\/wp-json\/wp\/v2\/media?parent=110455"}],"wp:term":[{"taxonomy":"category","embeddable":true,"href":"https:\/\/kapitalis.com\/tunisie\/wp-json\/wp\/v2\/categories?post=110455"},{"taxonomy":"post_tag","embeddable":true,"href":"https:\/\/kapitalis.com\/tunisie\/wp-json\/wp\/v2\/tags?post=110455"}],"curies":[{"name":"wp","href":"https:\/\/api.w.org\/{rel}","templated":true}]}}