{"id":11069494,"date":"2023-12-25T19:20:47","date_gmt":"2023-12-25T18:20:47","guid":{"rendered":"https:\/\/kapitalis.com\/tunisie\/?p=11069494"},"modified":"2023-12-25T19:32:53","modified_gmt":"2023-12-25T18:32:53","slug":"nejib-chebbi-90-des-tunisiens-ont-tourne-le-dos-aux-elections-locales","status":"publish","type":"post","link":"https:\/\/kapitalis.com\/tunisie\/2023\/12\/25\/nejib-chebbi-90-des-tunisiens-ont-tourne-le-dos-aux-elections-locales\/","title":{"rendered":"N\u00e9jib Chebbi : \u00ab90% des Tunisiens ont tourn\u00e9 le dos aux \u00e9lections locales\u00bb"},"content":{"rendered":"\n<p><strong><em>Le dirigeant politique Ahmed Nejib Chebbi qui a initi\u00e9 le Front du Salut national regroupant des partis de l&rsquo;opposition, s&rsquo;est exprim\u00e9, ce lundi 25 d\u00e9cembre 2023, sur les \u00e9lections locales organis\u00e9es hier en Tunisie.<\/em><\/strong><\/p>\n\n\n\n<!--more-->\n\n\n\n<p>R\u00e9agissant au faible taux de participation aux locales Ahmed Nejib Chebbi a indiqu\u00e9 lors d\u2019une conf\u00e9rence de presse organis\u00e9e par le FSN, que les bureaux de votes \u00e9taient clairement vides, remettant en cause les 11,66%, annonc\u00e9s par l\u2019instance sup\u00e9rieure ind\u00e9pendante pour les \u00e9lections (Isie).<\/p>\n\n\n\n<p>\u00ab<em>Ce rendez-vous \u00e9lectoral est nouvel \u00e9chec du projet du pr\u00e9sident de la r\u00e9publique Ka\u00efs Sa\u00efed\u2026 90% des Tunisiens ont tourn\u00e9 le dos aux \u00e9lections locales et il s&rsquo;agit de la 4e fois qu&rsquo;ils tournent le dos au projet politique de Ka\u00efs Sa\u00efed \u00e0 commencer par le r\u00e9f\u00e9rendum autour de la constitution, le 1er tour des l\u00e9gislatives puis le second tour, et enfin les locales organis\u00e9es hier\u00bb, <\/em>a-t-il lanc\u00e9.<\/p>\n\n\n\n<p>Enfin, Ahmed N\u00e9jib Chebbi a r\u00e9it\u00e9r\u00e9 son appel pour un dialogue national pour mettre en place des r\u00e9formes politiques et \u00e9conomiques, pour la formation d\u2019un gouvernement de salut et pour enfin mettre en place des l\u00e9gislatives et pr\u00e9sidentielles, <em>\u00abpermettant de renouveler la l\u00e9gitimit\u00e9 et la l\u00e9galit\u00e9 constitutionnelle en Tunisie\u00bb<\/em>, a-t-il encore indiqu\u00e9.<\/p>\n\n\n\n<p class=\"has-text-align-right\"><strong>Y. N.<\/strong><\/p>\n","protected":false},"excerpt":{"rendered":"<p>Le dirigeant politique Ahmed Nejib Chebbi qui a initi\u00e9 le Front du Salut national regroupant des partis de l&rsquo;opposition, s&rsquo;est exprim\u00e9, ce lundi 25 d\u00e9cembre 2023, sur les \u00e9lections locales organis\u00e9es hier en Tunisie.<\/p>\n","protected":false},"author":6,"featured_media":7754759,"comment_status":"open","ping_status":"open","sticky":false,"template":"","format":"standard","meta":{"footnotes":""},"categories":[997,2433],"tags":[87155,313,102922,80933,101601,62643],"class_list":["post-11069494","post","type-post","status-publish","format-standard","has-post-thumbnail","hentry","category-politique","category-tunisie","tag-ahmed-nejib-chebbi-2","tag-elections","tag-fsn","tag-locales","tag-taux-de-participation","tag-tunisie"],"yoast_head":"<!-- This site is optimized with the Yoast SEO plugin v26.6 - https:\/\/yoast.com\/wordpress\/plugins\/seo\/ -->\n<title>N\u00e9jib Chebbi : \u00ab90% des Tunisiens ont tourn\u00e9 le dos aux \u00e9lections locales\u00bb - Kapitalis<\/title>\n<meta name=\"robots\" content=\"index, follow, max-snippet:-1, max-image-preview:large, max-video-preview:-1\" \/>\n<link rel=\"canonical\" href=\"https:\/\/kapitalis.com\/tunisie\/2023\/12\/25\/nejib-chebbi-90-des-tunisiens-ont-tourne-le-dos-aux-elections-locales\/\" \/>\n<meta property=\"og:locale\" content=\"fr_FR\" \/>\n<meta property=\"og:type\" content=\"article\" \/>\n<meta property=\"og:title\" content=\"N\u00e9jib Chebbi : \u00ab90% des Tunisiens ont tourn\u00e9 le dos aux \u00e9lections locales\u00bb - Kapitalis\" \/>\n<meta property=\"og:description\" content=\"Le dirigeant politique Ahmed Nejib Chebbi qui a initi\u00e9 le Front du Salut national regroupant des partis de l&rsquo;opposition, s&rsquo;est exprim\u00e9, ce lundi 25 d\u00e9cembre 2023, sur les \u00e9lections locales organis\u00e9es hier en Tunisie.\" \/>\n<meta property=\"og:url\" content=\"https:\/\/kapitalis.com\/tunisie\/2023\/12\/25\/nejib-chebbi-90-des-tunisiens-ont-tourne-le-dos-aux-elections-locales\/\" \/>\n<meta property=\"og:site_name\" content=\"Kapitalis\" \/>\n<meta property=\"article:publisher\" content=\"https:\/\/www.facebook.com\/KapitalisInfo\/\" \/>\n<meta property=\"article:published_time\" content=\"2023-12-25T18:20:47+00:00\" \/>\n<meta property=\"article:modified_time\" content=\"2023-12-25T18:32:53+00:00\" \/>\n<meta property=\"og:image\" content=\"https:\/\/kapitalis.com\/tunisie\/wp-content\/uploads\/2023\/05\/Ahmed-Nejib-Chebbi.jpg\" \/>\n\t<meta property=\"og:image:width\" content=\"1200\" \/>\n\t<meta property=\"og:image:height\" content=\"630\" \/>\n\t<meta property=\"og:image:type\" content=\"image\/jpeg\" \/>\n<meta name=\"author\" content=\"Yusra NY\" \/>\n<meta name=\"twitter:card\" content=\"summary_large_image\" \/>\n<meta name=\"twitter:creator\" content=\"@KapitalisInfo\" \/>\n<meta name=\"twitter:site\" content=\"@KapitalisInfo\" \/>\n<meta name=\"twitter:label1\" content=\"\u00c9crit par\" \/>\n\t<meta name=\"twitter:data1\" content=\"Yusra NY\" \/>\n\t<meta name=\"twitter:label2\" content=\"Dur\u00e9e de lecture estim\u00e9e\" \/>\n\t<meta name=\"twitter:data2\" content=\"1 minute\" \/>\n<script type=\"application\/ld+json\" class=\"yoast-schema-graph\">{\"@context\":\"https:\/\/schema.org\",\"@graph\":[{\"@type\":\"Article\",\"@id\":\"https:\/\/kapitalis.com\/tunisie\/2023\/12\/25\/nejib-chebbi-90-des-tunisiens-ont-tourne-le-dos-aux-elections-locales\/#article\",\"isPartOf\":{\"@id\":\"https:\/\/kapitalis.com\/tunisie\/2023\/12\/25\/nejib-chebbi-90-des-tunisiens-ont-tourne-le-dos-aux-elections-locales\/\"},\"author\":{\"name\":\"Yusra NY\",\"@id\":\"https:\/\/kapitalis.com\/tunisie\/#\/schema\/person\/74bbde0154d49d790a92aaeac5bc01d5\"},\"headline\":\"N\u00e9jib Chebbi : \u00ab90% des Tunisiens ont tourn\u00e9 le dos aux \u00e9lections locales\u00bb\",\"datePublished\":\"2023-12-25T18:20:47+00:00\",\"dateModified\":\"2023-12-25T18:32:53+00:00\",\"mainEntityOfPage\":{\"@id\":\"https:\/\/kapitalis.com\/tunisie\/2023\/12\/25\/nejib-chebbi-90-des-tunisiens-ont-tourne-le-dos-aux-elections-locales\/\"},\"wordCount\":236,\"commentCount\":5,\"publisher\":{\"@id\":\"https:\/\/kapitalis.com\/tunisie\/#organization\"},\"image\":{\"@id\":\"https:\/\/kapitalis.com\/tunisie\/2023\/12\/25\/nejib-chebbi-90-des-tunisiens-ont-tourne-le-dos-aux-elections-locales\/#primaryimage\"},\"thumbnailUrl\":\"https:\/\/kapitalis.com\/tunisie\/wp-content\/uploads\/2023\/05\/Ahmed-Nejib-Chebbi.jpg\",\"keywords\":[\"Ahmed Nejib Chebbi\",\"\u00e9lections\",\"FSN\",\"locales\",\"taux de participation\",\"Tunisie\"],\"articleSection\":[\"POLITIQUE\",\"Tunisie\"],\"inLanguage\":\"fr-FR\",\"potentialAction\":[{\"@type\":\"CommentAction\",\"name\":\"Comment\",\"target\":[\"https:\/\/kapitalis.com\/tunisie\/2023\/12\/25\/nejib-chebbi-90-des-tunisiens-ont-tourne-le-dos-aux-elections-locales\/#respond\"]}]},{\"@type\":\"WebPage\",\"@id\":\"https:\/\/kapitalis.com\/tunisie\/2023\/12\/25\/nejib-chebbi-90-des-tunisiens-ont-tourne-le-dos-aux-elections-locales\/\",\"url\":\"https:\/\/kapitalis.com\/tunisie\/2023\/12\/25\/nejib-chebbi-90-des-tunisiens-ont-tourne-le-dos-aux-elections-locales\/\",\"name\":\"N\u00e9jib Chebbi : \u00ab90% des Tunisiens ont tourn\u00e9 le dos aux \u00e9lections locales\u00bb - Kapitalis\",\"isPartOf\":{\"@id\":\"https:\/\/kapitalis.com\/tunisie\/#website\"},\"primaryImageOfPage\":{\"@id\":\"https:\/\/kapitalis.com\/tunisie\/2023\/12\/25\/nejib-chebbi-90-des-tunisiens-ont-tourne-le-dos-aux-elections-locales\/#primaryimage\"},\"image\":{\"@id\":\"https:\/\/kapitalis.com\/tunisie\/2023\/12\/25\/nejib-chebbi-90-des-tunisiens-ont-tourne-le-dos-aux-elections-locales\/#primaryimage\"},\"thumbnailUrl\":\"https:\/\/kapitalis.com\/tunisie\/wp-content\/uploads\/2023\/05\/Ahmed-Nejib-Chebbi.jpg\",\"datePublished\":\"2023-12-25T18:20:47+00:00\",\"dateModified\":\"2023-12-25T18:32:53+00:00\",\"breadcrumb\":{\"@id\":\"https:\/\/kapitalis.com\/tunisie\/2023\/12\/25\/nejib-chebbi-90-des-tunisiens-ont-tourne-le-dos-aux-elections-locales\/#breadcrumb\"},\"inLanguage\":\"fr-FR\",\"potentialAction\":[{\"@type\":\"ReadAction\",\"target\":[\"https:\/\/kapitalis.com\/tunisie\/2023\/12\/25\/nejib-chebbi-90-des-tunisiens-ont-tourne-le-dos-aux-elections-locales\/\"]}]},{\"@type\":\"ImageObject\",\"inLanguage\":\"fr-FR\",\"@id\":\"https:\/\/kapitalis.com\/tunisie\/2023\/12\/25\/nejib-chebbi-90-des-tunisiens-ont-tourne-le-dos-aux-elections-locales\/#primaryimage\",\"url\":\"https:\/\/kapitalis.com\/tunisie\/wp-content\/uploads\/2023\/05\/Ahmed-Nejib-Chebbi.jpg\",\"contentUrl\":\"https:\/\/kapitalis.com\/tunisie\/wp-content\/uploads\/2023\/05\/Ahmed-Nejib-Chebbi.jpg\",\"width\":1200,\"height\":630},{\"@type\":\"BreadcrumbList\",\"@id\":\"https:\/\/kapitalis.com\/tunisie\/2023\/12\/25\/nejib-chebbi-90-des-tunisiens-ont-tourne-le-dos-aux-elections-locales\/#breadcrumb\",\"itemListElement\":[{\"@type\":\"ListItem\",\"position\":1,\"name\":\"Accueil\",\"item\":\"https:\/\/kapitalis.com\/tunisie\/\"},{\"@type\":\"ListItem\",\"position\":2,\"name\":\"N\u00e9jib Chebbi : \u00ab90% des Tunisiens ont tourn\u00e9 le dos aux \u00e9lections locales\u00bb\"}]},{\"@type\":\"WebSite\",\"@id\":\"https:\/\/kapitalis.com\/tunisie\/#website\",\"url\":\"https:\/\/kapitalis.com\/tunisie\/\",\"name\":\"Kapitalis\",\"description\":\"L&#039;actualit\u00e9 en Tunisie et dans le monde\",\"publisher\":{\"@id\":\"https:\/\/kapitalis.com\/tunisie\/#organization\"},\"potentialAction\":[{\"@type\":\"SearchAction\",\"target\":{\"@type\":\"EntryPoint\",\"urlTemplate\":\"https:\/\/kapitalis.com\/tunisie\/?s={search_term_string}\"},\"query-input\":{\"@type\":\"PropertyValueSpecification\",\"valueRequired\":true,\"valueName\":\"search_term_string\"}}],\"inLanguage\":\"fr-FR\"},{\"@type\":\"Organization\",\"@id\":\"https:\/\/kapitalis.com\/tunisie\/#organization\",\"name\":\"Kapitalis\",\"url\":\"https:\/\/kapitalis.com\/tunisie\/\",\"logo\":{\"@type\":\"ImageObject\",\"inLanguage\":\"fr-FR\",\"@id\":\"https:\/\/kapitalis.com\/tunisie\/#\/schema\/logo\/image\/\",\"url\":\"https:\/\/kapitalis.com\/tunisie\/wp-content\/uploads\/2022\/05\/Kapitalis-big-size.png\",\"contentUrl\":\"https:\/\/kapitalis.com\/tunisie\/wp-content\/uploads\/2022\/05\/Kapitalis-big-size.png\",\"width\":5000,\"height\":1500,\"caption\":\"Kapitalis\"},\"image\":{\"@id\":\"https:\/\/kapitalis.com\/tunisie\/#\/schema\/logo\/image\/\"},\"sameAs\":[\"https:\/\/www.facebook.com\/KapitalisInfo\/\",\"https:\/\/x.com\/KapitalisInfo\",\"https:\/\/www.youtube.com\/channel\/UC-yDYrHyfFBWWZaOw3FPg9Q\"]},{\"@type\":\"Person\",\"@id\":\"https:\/\/kapitalis.com\/tunisie\/#\/schema\/person\/74bbde0154d49d790a92aaeac5bc01d5\",\"name\":\"Yusra NY\",\"url\":\"https:\/\/kapitalis.com\/tunisie\/author\/yuza_adam\/\"}]}<\/script>\n<!-- \/ Yoast SEO plugin. -->","yoast_head_json":{"title":"N\u00e9jib Chebbi : \u00ab90% des Tunisiens ont tourn\u00e9 le dos aux \u00e9lections locales\u00bb - Kapitalis","robots":{"index":"index","follow":"follow","max-snippet":"max-snippet:-1","max-image-preview":"max-image-preview:large","max-video-preview":"max-video-preview:-1"},"canonical":"https:\/\/kapitalis.com\/tunisie\/2023\/12\/25\/nejib-chebbi-90-des-tunisiens-ont-tourne-le-dos-aux-elections-locales\/","og_locale":"fr_FR","og_type":"article","og_title":"N\u00e9jib Chebbi : \u00ab90% des Tunisiens ont tourn\u00e9 le dos aux \u00e9lections locales\u00bb - Kapitalis","og_description":"Le dirigeant politique Ahmed Nejib Chebbi qui a initi\u00e9 le Front du Salut national regroupant des partis de l&rsquo;opposition, s&rsquo;est exprim\u00e9, ce lundi 25 d\u00e9cembre 2023, sur les \u00e9lections locales organis\u00e9es hier en Tunisie.","og_url":"https:\/\/kapitalis.com\/tunisie\/2023\/12\/25\/nejib-chebbi-90-des-tunisiens-ont-tourne-le-dos-aux-elections-locales\/","og_site_name":"Kapitalis","article_publisher":"https:\/\/www.facebook.com\/KapitalisInfo\/","article_published_time":"2023-12-25T18:20:47+00:00","article_modified_time":"2023-12-25T18:32:53+00:00","og_image":[{"width":1200,"height":630,"url":"https:\/\/kapitalis.com\/tunisie\/wp-content\/uploads\/2023\/05\/Ahmed-Nejib-Chebbi.jpg","type":"image\/jpeg"}],"author":"Yusra NY","twitter_card":"summary_large_image","twitter_creator":"@KapitalisInfo","twitter_site":"@KapitalisInfo","twitter_misc":{"\u00c9crit par":"Yusra NY","Dur\u00e9e de lecture estim\u00e9e":"1 minute"},"schema":{"@context":"https:\/\/schema.org","@graph":[{"@type":"Article","@id":"https:\/\/kapitalis.com\/tunisie\/2023\/12\/25\/nejib-chebbi-90-des-tunisiens-ont-tourne-le-dos-aux-elections-locales\/#article","isPartOf":{"@id":"https:\/\/kapitalis.com\/tunisie\/2023\/12\/25\/nejib-chebbi-90-des-tunisiens-ont-tourne-le-dos-aux-elections-locales\/"},"author":{"name":"Yusra NY","@id":"https:\/\/kapitalis.com\/tunisie\/#\/schema\/person\/74bbde0154d49d790a92aaeac5bc01d5"},"headline":"N\u00e9jib Chebbi : \u00ab90% des Tunisiens ont tourn\u00e9 le dos aux \u00e9lections locales\u00bb","datePublished":"2023-12-25T18:20:47+00:00","dateModified":"2023-12-25T18:32:53+00:00","mainEntityOfPage":{"@id":"https:\/\/kapitalis.com\/tunisie\/2023\/12\/25\/nejib-chebbi-90-des-tunisiens-ont-tourne-le-dos-aux-elections-locales\/"},"wordCount":236,"commentCount":5,"publisher":{"@id":"https:\/\/kapitalis.com\/tunisie\/#organization"},"image":{"@id":"https:\/\/kapitalis.com\/tunisie\/2023\/12\/25\/nejib-chebbi-90-des-tunisiens-ont-tourne-le-dos-aux-elections-locales\/#primaryimage"},"thumbnailUrl":"https:\/\/kapitalis.com\/tunisie\/wp-content\/uploads\/2023\/05\/Ahmed-Nejib-Chebbi.jpg","keywords":["Ahmed Nejib Chebbi","\u00e9lections","FSN","locales","taux de participation","Tunisie"],"articleSection":["POLITIQUE","Tunisie"],"inLanguage":"fr-FR","potentialAction":[{"@type":"CommentAction","name":"Comment","target":["https:\/\/kapitalis.com\/tunisie\/2023\/12\/25\/nejib-chebbi-90-des-tunisiens-ont-tourne-le-dos-aux-elections-locales\/#respond"]}]},{"@type":"WebPage","@id":"https:\/\/kapitalis.com\/tunisie\/2023\/12\/25\/nejib-chebbi-90-des-tunisiens-ont-tourne-le-dos-aux-elections-locales\/","url":"https:\/\/kapitalis.com\/tunisie\/2023\/12\/25\/nejib-chebbi-90-des-tunisiens-ont-tourne-le-dos-aux-elections-locales\/","name":"N\u00e9jib Chebbi : \u00ab90% des Tunisiens ont tourn\u00e9 le dos aux \u00e9lections locales\u00bb - Kapitalis","isPartOf":{"@id":"https:\/\/kapitalis.com\/tunisie\/#website"},"primaryImageOfPage":{"@id":"https:\/\/kapitalis.com\/tunisie\/2023\/12\/25\/nejib-chebbi-90-des-tunisiens-ont-tourne-le-dos-aux-elections-locales\/#primaryimage"},"image":{"@id":"https:\/\/kapitalis.com\/tunisie\/2023\/12\/25\/nejib-chebbi-90-des-tunisiens-ont-tourne-le-dos-aux-elections-locales\/#primaryimage"},"thumbnailUrl":"https:\/\/kapitalis.com\/tunisie\/wp-content\/uploads\/2023\/05\/Ahmed-Nejib-Chebbi.jpg","datePublished":"2023-12-25T18:20:47+00:00","dateModified":"2023-12-25T18:32:53+00:00","breadcrumb":{"@id":"https:\/\/kapitalis.com\/tunisie\/2023\/12\/25\/nejib-chebbi-90-des-tunisiens-ont-tourne-le-dos-aux-elections-locales\/#breadcrumb"},"inLanguage":"fr-FR","potentialAction":[{"@type":"ReadAction","target":["https:\/\/kapitalis.com\/tunisie\/2023\/12\/25\/nejib-chebbi-90-des-tunisiens-ont-tourne-le-dos-aux-elections-locales\/"]}]},{"@type":"ImageObject","inLanguage":"fr-FR","@id":"https:\/\/kapitalis.com\/tunisie\/2023\/12\/25\/nejib-chebbi-90-des-tunisiens-ont-tourne-le-dos-aux-elections-locales\/#primaryimage","url":"https:\/\/kapitalis.com\/tunisie\/wp-content\/uploads\/2023\/05\/Ahmed-Nejib-Chebbi.jpg","contentUrl":"https:\/\/kapitalis.com\/tunisie\/wp-content\/uploads\/2023\/05\/Ahmed-Nejib-Chebbi.jpg","width":1200,"height":630},{"@type":"BreadcrumbList","@id":"https:\/\/kapitalis.com\/tunisie\/2023\/12\/25\/nejib-chebbi-90-des-tunisiens-ont-tourne-le-dos-aux-elections-locales\/#breadcrumb","itemListElement":[{"@type":"ListItem","position":1,"name":"Accueil","item":"https:\/\/kapitalis.com\/tunisie\/"},{"@type":"ListItem","position":2,"name":"N\u00e9jib Chebbi : \u00ab90% des Tunisiens ont tourn\u00e9 le dos aux \u00e9lections locales\u00bb"}]},{"@type":"WebSite","@id":"https:\/\/kapitalis.com\/tunisie\/#website","url":"https:\/\/kapitalis.com\/tunisie\/","name":"Kapitalis","description":"L&#039;actualit\u00e9 en Tunisie et dans le monde","publisher":{"@id":"https:\/\/kapitalis.com\/tunisie\/#organization"},"potentialAction":[{"@type":"SearchAction","target":{"@type":"EntryPoint","urlTemplate":"https:\/\/kapitalis.com\/tunisie\/?s={search_term_string}"},"query-input":{"@type":"PropertyValueSpecification","valueRequired":true,"valueName":"search_term_string"}}],"inLanguage":"fr-FR"},{"@type":"Organization","@id":"https:\/\/kapitalis.com\/tunisie\/#organization","name":"Kapitalis","url":"https:\/\/kapitalis.com\/tunisie\/","logo":{"@type":"ImageObject","inLanguage":"fr-FR","@id":"https:\/\/kapitalis.com\/tunisie\/#\/schema\/logo\/image\/","url":"https:\/\/kapitalis.com\/tunisie\/wp-content\/uploads\/2022\/05\/Kapitalis-big-size.png","contentUrl":"https:\/\/kapitalis.com\/tunisie\/wp-content\/uploads\/2022\/05\/Kapitalis-big-size.png","width":5000,"height":1500,"caption":"Kapitalis"},"image":{"@id":"https:\/\/kapitalis.com\/tunisie\/#\/schema\/logo\/image\/"},"sameAs":["https:\/\/www.facebook.com\/KapitalisInfo\/","https:\/\/x.com\/KapitalisInfo","https:\/\/www.youtube.com\/channel\/UC-yDYrHyfFBWWZaOw3FPg9Q"]},{"@type":"Person","@id":"https:\/\/kapitalis.com\/tunisie\/#\/schema\/person\/74bbde0154d49d790a92aaeac5bc01d5","name":"Yusra NY","url":"https:\/\/kapitalis.com\/tunisie\/author\/yuza_adam\/"}]}},"_links":{"self":[{"href":"https:\/\/kapitalis.com\/tunisie\/wp-json\/wp\/v2\/posts\/11069494","targetHints":{"allow":["GET"]}}],"collection":[{"href":"https:\/\/kapitalis.com\/tunisie\/wp-json\/wp\/v2\/posts"}],"about":[{"href":"https:\/\/kapitalis.com\/tunisie\/wp-json\/wp\/v2\/types\/post"}],"author":[{"embeddable":true,"href":"https:\/\/kapitalis.com\/tunisie\/wp-json\/wp\/v2\/users\/6"}],"replies":[{"embeddable":true,"href":"https:\/\/kapitalis.com\/tunisie\/wp-json\/wp\/v2\/comments?post=11069494"}],"version-history":[{"count":3,"href":"https:\/\/kapitalis.com\/tunisie\/wp-json\/wp\/v2\/posts\/11069494\/revisions"}],"predecessor-version":[{"id":11069507,"href":"https:\/\/kapitalis.com\/tunisie\/wp-json\/wp\/v2\/posts\/11069494\/revisions\/11069507"}],"wp:featuredmedia":[{"embeddable":true,"href":"https:\/\/kapitalis.com\/tunisie\/wp-json\/wp\/v2\/media\/7754759"}],"wp:attachment":[{"href":"https:\/\/kapitalis.com\/tunisie\/wp-json\/wp\/v2\/media?parent=11069494"}],"wp:term":[{"taxonomy":"category","embeddable":true,"href":"https:\/\/kapitalis.com\/tunisie\/wp-json\/wp\/v2\/categories?post=11069494"},{"taxonomy":"post_tag","embeddable":true,"href":"https:\/\/kapitalis.com\/tunisie\/wp-json\/wp\/v2\/tags?post=11069494"}],"curies":[{"name":"wp","href":"https:\/\/api.w.org\/{rel}","templated":true}]}}