{"id":11069923,"date":"2023-12-25T21:07:38","date_gmt":"2023-12-25T20:07:38","guid":{"rendered":"https:\/\/kapitalis.com\/tunisie\/?p=11069923"},"modified":"2023-12-25T22:15:42","modified_gmt":"2023-12-25T21:15:42","slug":"france-evasion-dun-tunisien-de-17-ans-detenu-dans-une-prison-en-haute-savoie","status":"publish","type":"post","link":"https:\/\/kapitalis.com\/tunisie\/2023\/12\/25\/france-evasion-dun-tunisien-de-17-ans-detenu-dans-une-prison-en-haute-savoie\/","title":{"rendered":"France : \u00c9vasion d&rsquo;un Tunisien de 17 ans d\u00e9tenu dans une prison en Haute-Savoie"},"content":{"rendered":"\n<p><strong><em>Profitant d&rsquo;un transfert m\u00e9dical, un Tunisien de 17 ans, en d\u00e9tention provisoire dans le quartier des mineurs \u00e0 la maison d&rsquo;arr\u00eat de Bonneville en Haute-Savoie, s&rsquo;est \u00e9vad\u00e9 hier dimanche 24 d\u00e9cembre 2023.<\/em><\/strong><\/p>\n\n\n\n<!--more-->\n\n\n\n<p>C&rsquo;est ce qu&rsquo;annonce le Parquet d&rsquo;Annecy, cit\u00e9 par des <a href=\"https:\/\/www.lefigaro.fr\/faits-divers\/un-jeune-de-17-ans-s-evade-de-prison-en-haute-savoie-20231225\" target=\"_blank\" rel=\"noreferrer noopener\">m\u00e9dias fran\u00e7ais,<\/a> en affirmant que le jeune d\u00e9tenu pour vol \u00e0 main arm\u00e9e commis il y a quelques semaines, n&rsquo;a toujours pas \u00e9t\u00e9 retrouv\u00e9 ce lundi 25 d\u00e9cembre.<\/p>\n\n\n\n<p>\u00ab<em>Cela s&rsquo;est produit vers 15h30 au moment du retour \u00e0 la maison d&rsquo;arr\u00eat. Il venait d&rsquo;\u00eatre examin\u00e9 et n&rsquo;avait rien. Il a profit\u00e9 de l&rsquo;ouverture de la porte coulissante du v\u00e9hicule p\u00e9nitentiaire pour que le conducteur s&rsquo;installe afin de prendre la fuite\u00bb, <\/em>indique la procureure de la r\u00e9publique Line Bonnet cit\u00e9e par l&rsquo;AFP.<\/p>\n\n\n\n<p>Consid\u00e9r\u00e9 \u00ab<strong>comme assez dangereux<\/strong>\u00bb, Oussama O. est activement recherch\u00e9 et un appel \u00e0 t\u00e9moins a \u00e9t\u00e9 lanc\u00e9 sur les r\u00e9seaux sociaux, notamment par la<a href=\"https:\/\/twitter.com\/Gendarmerie_074?ref_src=twsrc%5Etfw%7Ctwcamp%5Etweetembed%7Ctwterm%5E1739224945274540483%7Ctwgr%5Ea10cde09ef59737ae2e70fa0c89f9a54a2665d01%7Ctwcon%5Es1_&amp;ref_url=https%3A%2F%2Fwww.cnews.fr%2Ffaits-divers%2F2023-12-25%2Fhaute-savoie-un-tunisien-de-17-ans-activement-recherche-apres-setre-evade-de\" target=\"_blank\" rel=\"noreferrer noopener\"> gendarmerie de la Haute-Savoie<\/a>.<\/p>\n\n\n\n<p class=\"has-text-align-right\"><strong>Y. N.<\/strong><\/p>\n","protected":false},"excerpt":{"rendered":"<p>Profitant d&rsquo;un transfert m\u00e9dical, un Tunisien de 17 ans, en d\u00e9tention provisoire dans le quartier des mineurs \u00e0 la maison d&rsquo;arr\u00eat de Bonneville en Haute-Savoie, s&rsquo;est \u00e9vad\u00e9 hier dimanche 24 d\u00e9cembre 2023.<\/p>\n","protected":false},"author":6,"featured_media":7644216,"comment_status":"open","ping_status":"open","sticky":false,"template":"","format":"standard","meta":{"footnotes":""},"categories":[998,2433],"tags":[2282,5857,113060,113061,16759,1314,931],"class_list":["post-11069923","post","type-post","status-publish","format-standard","has-post-thumbnail","hentry","category-societe","category-tunisie","tag-detenu","tag-evasion","tag-haute-savoie","tag-maison-darret","tag-mineurs","tag-prison","tag-tunisien"],"yoast_head":"<!-- This site is optimized with the Yoast SEO plugin v26.6 - https:\/\/yoast.com\/wordpress\/plugins\/seo\/ -->\n<title>France : \u00c9vasion d&#039;un Tunisien de 17 ans d\u00e9tenu dans une prison en Haute-Savoie - Kapitalis<\/title>\n<meta name=\"robots\" content=\"index, follow, max-snippet:-1, max-image-preview:large, max-video-preview:-1\" \/>\n<link rel=\"canonical\" href=\"https:\/\/kapitalis.com\/tunisie\/2023\/12\/25\/france-evasion-dun-tunisien-de-17-ans-detenu-dans-une-prison-en-haute-savoie\/\" \/>\n<meta property=\"og:locale\" content=\"fr_FR\" \/>\n<meta property=\"og:type\" content=\"article\" \/>\n<meta property=\"og:title\" content=\"France : \u00c9vasion d&#039;un Tunisien de 17 ans d\u00e9tenu dans une prison en Haute-Savoie - Kapitalis\" \/>\n<meta property=\"og:description\" content=\"Profitant d&rsquo;un transfert m\u00e9dical, un Tunisien de 17 ans, en d\u00e9tention provisoire dans le quartier des mineurs \u00e0 la maison d&rsquo;arr\u00eat de Bonneville en Haute-Savoie, s&rsquo;est \u00e9vad\u00e9 hier dimanche 24 d\u00e9cembre 2023.\" \/>\n<meta property=\"og:url\" content=\"https:\/\/kapitalis.com\/tunisie\/2023\/12\/25\/france-evasion-dun-tunisien-de-17-ans-detenu-dans-une-prison-en-haute-savoie\/\" \/>\n<meta property=\"og:site_name\" content=\"Kapitalis\" \/>\n<meta property=\"article:publisher\" content=\"https:\/\/www.facebook.com\/KapitalisInfo\/\" \/>\n<meta property=\"article:published_time\" content=\"2023-12-25T20:07:38+00:00\" \/>\n<meta property=\"article:modified_time\" content=\"2023-12-25T21:15:42+00:00\" \/>\n<meta property=\"og:image\" content=\"https:\/\/kapitalis.com\/tunisie\/wp-content\/uploads\/2023\/04\/Prison-2.jpg\" \/>\n\t<meta property=\"og:image:width\" content=\"1200\" \/>\n\t<meta property=\"og:image:height\" content=\"630\" \/>\n\t<meta property=\"og:image:type\" content=\"image\/jpeg\" \/>\n<meta name=\"author\" content=\"Yusra NY\" \/>\n<meta name=\"twitter:card\" content=\"summary_large_image\" \/>\n<meta name=\"twitter:creator\" content=\"@KapitalisInfo\" \/>\n<meta name=\"twitter:site\" content=\"@KapitalisInfo\" \/>\n<meta name=\"twitter:label1\" content=\"\u00c9crit par\" \/>\n\t<meta name=\"twitter:data1\" content=\"Yusra NY\" \/>\n\t<meta name=\"twitter:label2\" content=\"Dur\u00e9e de lecture estim\u00e9e\" \/>\n\t<meta name=\"twitter:data2\" content=\"1 minute\" \/>\n<script type=\"application\/ld+json\" class=\"yoast-schema-graph\">{\"@context\":\"https:\/\/schema.org\",\"@graph\":[{\"@type\":\"Article\",\"@id\":\"https:\/\/kapitalis.com\/tunisie\/2023\/12\/25\/france-evasion-dun-tunisien-de-17-ans-detenu-dans-une-prison-en-haute-savoie\/#article\",\"isPartOf\":{\"@id\":\"https:\/\/kapitalis.com\/tunisie\/2023\/12\/25\/france-evasion-dun-tunisien-de-17-ans-detenu-dans-une-prison-en-haute-savoie\/\"},\"author\":{\"name\":\"Yusra NY\",\"@id\":\"https:\/\/kapitalis.com\/tunisie\/#\/schema\/person\/74bbde0154d49d790a92aaeac5bc01d5\"},\"headline\":\"France : \u00c9vasion d&rsquo;un Tunisien de 17 ans d\u00e9tenu dans une prison en Haute-Savoie\",\"datePublished\":\"2023-12-25T20:07:38+00:00\",\"dateModified\":\"2023-12-25T21:15:42+00:00\",\"mainEntityOfPage\":{\"@id\":\"https:\/\/kapitalis.com\/tunisie\/2023\/12\/25\/france-evasion-dun-tunisien-de-17-ans-detenu-dans-une-prison-en-haute-savoie\/\"},\"wordCount\":175,\"commentCount\":3,\"publisher\":{\"@id\":\"https:\/\/kapitalis.com\/tunisie\/#organization\"},\"image\":{\"@id\":\"https:\/\/kapitalis.com\/tunisie\/2023\/12\/25\/france-evasion-dun-tunisien-de-17-ans-detenu-dans-une-prison-en-haute-savoie\/#primaryimage\"},\"thumbnailUrl\":\"https:\/\/kapitalis.com\/tunisie\/wp-content\/uploads\/2023\/04\/Prison-2.jpg\",\"keywords\":[\"d\u00e9tenu\",\"\u00e9vasion\",\"Haute-Savoie\",\"maison d'arr\u00eat\",\"mineurs\",\"prison\",\"Tunisien\"],\"articleSection\":[\"SOCIETE\",\"Tunisie\"],\"inLanguage\":\"fr-FR\",\"potentialAction\":[{\"@type\":\"CommentAction\",\"name\":\"Comment\",\"target\":[\"https:\/\/kapitalis.com\/tunisie\/2023\/12\/25\/france-evasion-dun-tunisien-de-17-ans-detenu-dans-une-prison-en-haute-savoie\/#respond\"]}]},{\"@type\":\"WebPage\",\"@id\":\"https:\/\/kapitalis.com\/tunisie\/2023\/12\/25\/france-evasion-dun-tunisien-de-17-ans-detenu-dans-une-prison-en-haute-savoie\/\",\"url\":\"https:\/\/kapitalis.com\/tunisie\/2023\/12\/25\/france-evasion-dun-tunisien-de-17-ans-detenu-dans-une-prison-en-haute-savoie\/\",\"name\":\"France : \u00c9vasion d'un Tunisien de 17 ans d\u00e9tenu dans une prison en Haute-Savoie - Kapitalis\",\"isPartOf\":{\"@id\":\"https:\/\/kapitalis.com\/tunisie\/#website\"},\"primaryImageOfPage\":{\"@id\":\"https:\/\/kapitalis.com\/tunisie\/2023\/12\/25\/france-evasion-dun-tunisien-de-17-ans-detenu-dans-une-prison-en-haute-savoie\/#primaryimage\"},\"image\":{\"@id\":\"https:\/\/kapitalis.com\/tunisie\/2023\/12\/25\/france-evasion-dun-tunisien-de-17-ans-detenu-dans-une-prison-en-haute-savoie\/#primaryimage\"},\"thumbnailUrl\":\"https:\/\/kapitalis.com\/tunisie\/wp-content\/uploads\/2023\/04\/Prison-2.jpg\",\"datePublished\":\"2023-12-25T20:07:38+00:00\",\"dateModified\":\"2023-12-25T21:15:42+00:00\",\"breadcrumb\":{\"@id\":\"https:\/\/kapitalis.com\/tunisie\/2023\/12\/25\/france-evasion-dun-tunisien-de-17-ans-detenu-dans-une-prison-en-haute-savoie\/#breadcrumb\"},\"inLanguage\":\"fr-FR\",\"potentialAction\":[{\"@type\":\"ReadAction\",\"target\":[\"https:\/\/kapitalis.com\/tunisie\/2023\/12\/25\/france-evasion-dun-tunisien-de-17-ans-detenu-dans-une-prison-en-haute-savoie\/\"]}]},{\"@type\":\"ImageObject\",\"inLanguage\":\"fr-FR\",\"@id\":\"https:\/\/kapitalis.com\/tunisie\/2023\/12\/25\/france-evasion-dun-tunisien-de-17-ans-detenu-dans-une-prison-en-haute-savoie\/#primaryimage\",\"url\":\"https:\/\/kapitalis.com\/tunisie\/wp-content\/uploads\/2023\/04\/Prison-2.jpg\",\"contentUrl\":\"https:\/\/kapitalis.com\/tunisie\/wp-content\/uploads\/2023\/04\/Prison-2.jpg\",\"width\":1200,\"height\":630},{\"@type\":\"BreadcrumbList\",\"@id\":\"https:\/\/kapitalis.com\/tunisie\/2023\/12\/25\/france-evasion-dun-tunisien-de-17-ans-detenu-dans-une-prison-en-haute-savoie\/#breadcrumb\",\"itemListElement\":[{\"@type\":\"ListItem\",\"position\":1,\"name\":\"Accueil\",\"item\":\"https:\/\/kapitalis.com\/tunisie\/\"},{\"@type\":\"ListItem\",\"position\":2,\"name\":\"France : \u00c9vasion d&rsquo;un Tunisien de 17 ans d\u00e9tenu dans une prison en Haute-Savoie\"}]},{\"@type\":\"WebSite\",\"@id\":\"https:\/\/kapitalis.com\/tunisie\/#website\",\"url\":\"https:\/\/kapitalis.com\/tunisie\/\",\"name\":\"Kapitalis\",\"description\":\"L&#039;actualit\u00e9 en Tunisie et dans le monde\",\"publisher\":{\"@id\":\"https:\/\/kapitalis.com\/tunisie\/#organization\"},\"potentialAction\":[{\"@type\":\"SearchAction\",\"target\":{\"@type\":\"EntryPoint\",\"urlTemplate\":\"https:\/\/kapitalis.com\/tunisie\/?s={search_term_string}\"},\"query-input\":{\"@type\":\"PropertyValueSpecification\",\"valueRequired\":true,\"valueName\":\"search_term_string\"}}],\"inLanguage\":\"fr-FR\"},{\"@type\":\"Organization\",\"@id\":\"https:\/\/kapitalis.com\/tunisie\/#organization\",\"name\":\"Kapitalis\",\"url\":\"https:\/\/kapitalis.com\/tunisie\/\",\"logo\":{\"@type\":\"ImageObject\",\"inLanguage\":\"fr-FR\",\"@id\":\"https:\/\/kapitalis.com\/tunisie\/#\/schema\/logo\/image\/\",\"url\":\"https:\/\/kapitalis.com\/tunisie\/wp-content\/uploads\/2022\/05\/Kapitalis-big-size.png\",\"contentUrl\":\"https:\/\/kapitalis.com\/tunisie\/wp-content\/uploads\/2022\/05\/Kapitalis-big-size.png\",\"width\":5000,\"height\":1500,\"caption\":\"Kapitalis\"},\"image\":{\"@id\":\"https:\/\/kapitalis.com\/tunisie\/#\/schema\/logo\/image\/\"},\"sameAs\":[\"https:\/\/www.facebook.com\/KapitalisInfo\/\",\"https:\/\/x.com\/KapitalisInfo\",\"https:\/\/www.youtube.com\/channel\/UC-yDYrHyfFBWWZaOw3FPg9Q\"]},{\"@type\":\"Person\",\"@id\":\"https:\/\/kapitalis.com\/tunisie\/#\/schema\/person\/74bbde0154d49d790a92aaeac5bc01d5\",\"name\":\"Yusra NY\",\"url\":\"https:\/\/kapitalis.com\/tunisie\/author\/yuza_adam\/\"}]}<\/script>\n<!-- \/ Yoast SEO plugin. -->","yoast_head_json":{"title":"France : \u00c9vasion d'un Tunisien de 17 ans d\u00e9tenu dans une prison en Haute-Savoie - Kapitalis","robots":{"index":"index","follow":"follow","max-snippet":"max-snippet:-1","max-image-preview":"max-image-preview:large","max-video-preview":"max-video-preview:-1"},"canonical":"https:\/\/kapitalis.com\/tunisie\/2023\/12\/25\/france-evasion-dun-tunisien-de-17-ans-detenu-dans-une-prison-en-haute-savoie\/","og_locale":"fr_FR","og_type":"article","og_title":"France : \u00c9vasion d'un Tunisien de 17 ans d\u00e9tenu dans une prison en Haute-Savoie - Kapitalis","og_description":"Profitant d&rsquo;un transfert m\u00e9dical, un Tunisien de 17 ans, en d\u00e9tention provisoire dans le quartier des mineurs \u00e0 la maison d&rsquo;arr\u00eat de Bonneville en Haute-Savoie, s&rsquo;est \u00e9vad\u00e9 hier dimanche 24 d\u00e9cembre 2023.","og_url":"https:\/\/kapitalis.com\/tunisie\/2023\/12\/25\/france-evasion-dun-tunisien-de-17-ans-detenu-dans-une-prison-en-haute-savoie\/","og_site_name":"Kapitalis","article_publisher":"https:\/\/www.facebook.com\/KapitalisInfo\/","article_published_time":"2023-12-25T20:07:38+00:00","article_modified_time":"2023-12-25T21:15:42+00:00","og_image":[{"width":1200,"height":630,"url":"https:\/\/kapitalis.com\/tunisie\/wp-content\/uploads\/2023\/04\/Prison-2.jpg","type":"image\/jpeg"}],"author":"Yusra NY","twitter_card":"summary_large_image","twitter_creator":"@KapitalisInfo","twitter_site":"@KapitalisInfo","twitter_misc":{"\u00c9crit par":"Yusra NY","Dur\u00e9e de lecture estim\u00e9e":"1 minute"},"schema":{"@context":"https:\/\/schema.org","@graph":[{"@type":"Article","@id":"https:\/\/kapitalis.com\/tunisie\/2023\/12\/25\/france-evasion-dun-tunisien-de-17-ans-detenu-dans-une-prison-en-haute-savoie\/#article","isPartOf":{"@id":"https:\/\/kapitalis.com\/tunisie\/2023\/12\/25\/france-evasion-dun-tunisien-de-17-ans-detenu-dans-une-prison-en-haute-savoie\/"},"author":{"name":"Yusra NY","@id":"https:\/\/kapitalis.com\/tunisie\/#\/schema\/person\/74bbde0154d49d790a92aaeac5bc01d5"},"headline":"France : \u00c9vasion d&rsquo;un Tunisien de 17 ans d\u00e9tenu dans une prison en Haute-Savoie","datePublished":"2023-12-25T20:07:38+00:00","dateModified":"2023-12-25T21:15:42+00:00","mainEntityOfPage":{"@id":"https:\/\/kapitalis.com\/tunisie\/2023\/12\/25\/france-evasion-dun-tunisien-de-17-ans-detenu-dans-une-prison-en-haute-savoie\/"},"wordCount":175,"commentCount":3,"publisher":{"@id":"https:\/\/kapitalis.com\/tunisie\/#organization"},"image":{"@id":"https:\/\/kapitalis.com\/tunisie\/2023\/12\/25\/france-evasion-dun-tunisien-de-17-ans-detenu-dans-une-prison-en-haute-savoie\/#primaryimage"},"thumbnailUrl":"https:\/\/kapitalis.com\/tunisie\/wp-content\/uploads\/2023\/04\/Prison-2.jpg","keywords":["d\u00e9tenu","\u00e9vasion","Haute-Savoie","maison d'arr\u00eat","mineurs","prison","Tunisien"],"articleSection":["SOCIETE","Tunisie"],"inLanguage":"fr-FR","potentialAction":[{"@type":"CommentAction","name":"Comment","target":["https:\/\/kapitalis.com\/tunisie\/2023\/12\/25\/france-evasion-dun-tunisien-de-17-ans-detenu-dans-une-prison-en-haute-savoie\/#respond"]}]},{"@type":"WebPage","@id":"https:\/\/kapitalis.com\/tunisie\/2023\/12\/25\/france-evasion-dun-tunisien-de-17-ans-detenu-dans-une-prison-en-haute-savoie\/","url":"https:\/\/kapitalis.com\/tunisie\/2023\/12\/25\/france-evasion-dun-tunisien-de-17-ans-detenu-dans-une-prison-en-haute-savoie\/","name":"France : \u00c9vasion d'un Tunisien de 17 ans d\u00e9tenu dans une prison en Haute-Savoie - Kapitalis","isPartOf":{"@id":"https:\/\/kapitalis.com\/tunisie\/#website"},"primaryImageOfPage":{"@id":"https:\/\/kapitalis.com\/tunisie\/2023\/12\/25\/france-evasion-dun-tunisien-de-17-ans-detenu-dans-une-prison-en-haute-savoie\/#primaryimage"},"image":{"@id":"https:\/\/kapitalis.com\/tunisie\/2023\/12\/25\/france-evasion-dun-tunisien-de-17-ans-detenu-dans-une-prison-en-haute-savoie\/#primaryimage"},"thumbnailUrl":"https:\/\/kapitalis.com\/tunisie\/wp-content\/uploads\/2023\/04\/Prison-2.jpg","datePublished":"2023-12-25T20:07:38+00:00","dateModified":"2023-12-25T21:15:42+00:00","breadcrumb":{"@id":"https:\/\/kapitalis.com\/tunisie\/2023\/12\/25\/france-evasion-dun-tunisien-de-17-ans-detenu-dans-une-prison-en-haute-savoie\/#breadcrumb"},"inLanguage":"fr-FR","potentialAction":[{"@type":"ReadAction","target":["https:\/\/kapitalis.com\/tunisie\/2023\/12\/25\/france-evasion-dun-tunisien-de-17-ans-detenu-dans-une-prison-en-haute-savoie\/"]}]},{"@type":"ImageObject","inLanguage":"fr-FR","@id":"https:\/\/kapitalis.com\/tunisie\/2023\/12\/25\/france-evasion-dun-tunisien-de-17-ans-detenu-dans-une-prison-en-haute-savoie\/#primaryimage","url":"https:\/\/kapitalis.com\/tunisie\/wp-content\/uploads\/2023\/04\/Prison-2.jpg","contentUrl":"https:\/\/kapitalis.com\/tunisie\/wp-content\/uploads\/2023\/04\/Prison-2.jpg","width":1200,"height":630},{"@type":"BreadcrumbList","@id":"https:\/\/kapitalis.com\/tunisie\/2023\/12\/25\/france-evasion-dun-tunisien-de-17-ans-detenu-dans-une-prison-en-haute-savoie\/#breadcrumb","itemListElement":[{"@type":"ListItem","position":1,"name":"Accueil","item":"https:\/\/kapitalis.com\/tunisie\/"},{"@type":"ListItem","position":2,"name":"France : \u00c9vasion d&rsquo;un Tunisien de 17 ans d\u00e9tenu dans une prison en Haute-Savoie"}]},{"@type":"WebSite","@id":"https:\/\/kapitalis.com\/tunisie\/#website","url":"https:\/\/kapitalis.com\/tunisie\/","name":"Kapitalis","description":"L&#039;actualit\u00e9 en Tunisie et dans le monde","publisher":{"@id":"https:\/\/kapitalis.com\/tunisie\/#organization"},"potentialAction":[{"@type":"SearchAction","target":{"@type":"EntryPoint","urlTemplate":"https:\/\/kapitalis.com\/tunisie\/?s={search_term_string}"},"query-input":{"@type":"PropertyValueSpecification","valueRequired":true,"valueName":"search_term_string"}}],"inLanguage":"fr-FR"},{"@type":"Organization","@id":"https:\/\/kapitalis.com\/tunisie\/#organization","name":"Kapitalis","url":"https:\/\/kapitalis.com\/tunisie\/","logo":{"@type":"ImageObject","inLanguage":"fr-FR","@id":"https:\/\/kapitalis.com\/tunisie\/#\/schema\/logo\/image\/","url":"https:\/\/kapitalis.com\/tunisie\/wp-content\/uploads\/2022\/05\/Kapitalis-big-size.png","contentUrl":"https:\/\/kapitalis.com\/tunisie\/wp-content\/uploads\/2022\/05\/Kapitalis-big-size.png","width":5000,"height":1500,"caption":"Kapitalis"},"image":{"@id":"https:\/\/kapitalis.com\/tunisie\/#\/schema\/logo\/image\/"},"sameAs":["https:\/\/www.facebook.com\/KapitalisInfo\/","https:\/\/x.com\/KapitalisInfo","https:\/\/www.youtube.com\/channel\/UC-yDYrHyfFBWWZaOw3FPg9Q"]},{"@type":"Person","@id":"https:\/\/kapitalis.com\/tunisie\/#\/schema\/person\/74bbde0154d49d790a92aaeac5bc01d5","name":"Yusra NY","url":"https:\/\/kapitalis.com\/tunisie\/author\/yuza_adam\/"}]}},"_links":{"self":[{"href":"https:\/\/kapitalis.com\/tunisie\/wp-json\/wp\/v2\/posts\/11069923","targetHints":{"allow":["GET"]}}],"collection":[{"href":"https:\/\/kapitalis.com\/tunisie\/wp-json\/wp\/v2\/posts"}],"about":[{"href":"https:\/\/kapitalis.com\/tunisie\/wp-json\/wp\/v2\/types\/post"}],"author":[{"embeddable":true,"href":"https:\/\/kapitalis.com\/tunisie\/wp-json\/wp\/v2\/users\/6"}],"replies":[{"embeddable":true,"href":"https:\/\/kapitalis.com\/tunisie\/wp-json\/wp\/v2\/comments?post=11069923"}],"version-history":[{"count":2,"href":"https:\/\/kapitalis.com\/tunisie\/wp-json\/wp\/v2\/posts\/11069923\/revisions"}],"predecessor-version":[{"id":11069939,"href":"https:\/\/kapitalis.com\/tunisie\/wp-json\/wp\/v2\/posts\/11069923\/revisions\/11069939"}],"wp:featuredmedia":[{"embeddable":true,"href":"https:\/\/kapitalis.com\/tunisie\/wp-json\/wp\/v2\/media\/7644216"}],"wp:attachment":[{"href":"https:\/\/kapitalis.com\/tunisie\/wp-json\/wp\/v2\/media?parent=11069923"}],"wp:term":[{"taxonomy":"category","embeddable":true,"href":"https:\/\/kapitalis.com\/tunisie\/wp-json\/wp\/v2\/categories?post=11069923"},{"taxonomy":"post_tag","embeddable":true,"href":"https:\/\/kapitalis.com\/tunisie\/wp-json\/wp\/v2\/tags?post=11069923"}],"curies":[{"name":"wp","href":"https:\/\/api.w.org\/{rel}","templated":true}]}}