{"id":110705,"date":"2017-08-17T12:12:09","date_gmt":"2017-08-17T11:12:09","guid":{"rendered":"http:\/\/kapitalis.com\/tunisie\/?p=110705"},"modified":"2017-08-17T12:12:09","modified_gmt":"2017-08-17T11:12:09","slug":"ote-les-effectifs-de-la-fonction-publique-ont-triple-apres-2011","status":"publish","type":"post","link":"https:\/\/kapitalis.com\/tunisie\/2017\/08\/17\/ote-les-effectifs-de-la-fonction-publique-ont-triple-apres-2011\/","title":{"rendered":"OTE : Les effectifs de la fonction publique ont tripl\u00e9 apr\u00e8s 2011"},"content":{"rendered":"<p style=\"text-align: center;\"><img loading=\"lazy\" decoding=\"async\" class=\"alignnone size-full wp-image-55302\" src=\"http:\/\/kapitalis.com\/tunisie\/wp-content\/uploads\/2016\/06\/Administration.jpg\" alt=\"\" width=\"626\" height=\"380\" \/><\/p>\n<p><em><strong>Selon l\u2019Observatoire tunisien de l\u2019\u00e9conomie (OTE), l&#8217;embauche dans la fonction publique a tripl\u00e9 entre 2011 et 2013 . Merci qui ?\u00a0<\/strong><\/em><!--more--><\/p>\n<p>Dans un article intitul\u00e9\u00a0\u00ab<em>2008-2016 : Evolution de l&#8217;embauche dans la fonction publique<\/em>\u00bb,\u00a0publi\u00e9\u00a0dans la derni\u00e8re newsletter de l\u2019OTE (N\u00b0 7\/2017), l\u2019\u00e9conomiste Chafik Ben Rouine explique que\u00a0l\u2019\u00e9volution de l\u2019emploi dans l\u2019administration tunisienne\u00a0peut \u00eatre d\u00e9coup\u00e9e en trois phases.<\/p>\n<p>La 1\u00e8re phase, avant 2011, lorsque l\u2019administration embauchait en moyenne 7.500 personnes par an. L&#8217;embauche a cependant explos\u00e9, durant les ann\u00e9es 2011 et 2013, avec une moyenne de 22.200 personnes recrut\u00e9es annuellement dans la fonction publique. C4\u00e9tait sous le gouvernement de la <em>\u00abtro\u00efka\u00bb<\/em>, la coalition gouvernementale conduite par le parti islamiste Ennahdha, qui a plac\u00e9 des dizaines de milliers de ses partisans dans plusieurs secteurs, notamment l&rsquo;\u00e9ducation, le transport et la sant\u00e9.<\/p>\n<p>Selon M. Ben Rouine, cette explosion de l\u2019embauche s\u2019explique par le choix des autorit\u00e9s de l\u2019\u00e9poque d\u2019absorber la tension sociale et de relancer la croissance par l\u2019emploi dans la fonction publique \u00e0 travers la politique de \u00ab<em>Go &amp; Stop<\/em>\u00bb, promue par l&rsquo;\u00e9conomiste Taoufik Rajhi, qui est actuellement ministre-conseiller aupr\u00e8s du chef du gouvernement, Youssef Chahed, charg\u00e9 du suivi des r\u00e9formes majeures et pr\u00e9sident du Conseil des analyses \u00e9conomiques.<\/p>\n<p>La derni\u00e8re phase a \u00e9t\u00e9 impl\u00e9ment\u00e9e en 2014, quand \u00a0l\u2019Etat a quasiment suspendu les embauches et m\u00eame r\u00e9duit le nombre d\u2019emploi en 2015.<\/p>\n<p style=\"text-align: center;\"><img loading=\"lazy\" decoding=\"async\" class=\"alignnone size-full wp-image-110713\" src=\"http:\/\/kapitalis.com\/tunisie\/wp-content\/uploads\/2017\/08\/OTE-Evolution-embauche-fonction-publique.jpg\" alt=\"\" width=\"500\" height=\"300\" \/><\/p>\n<p>Il est \u00e0 noter que la phase \u00ab<em>Stop<\/em>\u00bb co\u00efncide avec l\u2019Accord de confirmation sign\u00e9 en 2013 avec le Fonds mon\u00e9taire international (FMI), qui a dot\u00e9 l&rsquo;Etat des moyens financiers pour faire face \u00e0 une masse salariale qui a explos\u00e9 et qui repr\u00e9sente, aujourd&rsquo;hui, pr\u00e8s de 14% du PIB. .<\/p>\n<p style=\"text-align: right;\"><strong>E. B. A.<\/strong><\/p>\n","protected":false},"excerpt":{"rendered":"<p>Selon l\u2019Observatoire tunisien de l\u2019\u00e9conomie (OTE), l&#8217;embauche dans la fonction publique a tripl\u00e9 entre 2011 et 2013 . Merci qui ?\u00a0<\/p>\n","protected":false},"author":16,"featured_media":110713,"comment_status":"open","ping_status":"open","sticky":false,"template":"","format":"standard","meta":{"footnotes":""},"categories":[995,2433],"tags":[32076,22115],"class_list":["post-110705","post","type-post","status-publish","format-standard","has-post-thumbnail","hentry","category-economie","category-tunisie","tag-chafik-ben-rouine","tag-taoufik-rajhi"],"yoast_head":"<!-- This site is optimized with the Yoast SEO plugin v26.6 - https:\/\/yoast.com\/wordpress\/plugins\/seo\/ -->\n<title>OTE : Les effectifs de la fonction publique ont tripl\u00e9 apr\u00e8s 2011 - Kapitalis<\/title>\n<meta name=\"robots\" content=\"index, follow, max-snippet:-1, max-image-preview:large, max-video-preview:-1\" \/>\n<link rel=\"canonical\" href=\"https:\/\/kapitalis.com\/tunisie\/2017\/08\/17\/ote-les-effectifs-de-la-fonction-publique-ont-triple-apres-2011\/\" \/>\n<meta property=\"og:locale\" content=\"fr_FR\" \/>\n<meta property=\"og:type\" content=\"article\" \/>\n<meta property=\"og:title\" content=\"OTE : Les effectifs de la fonction publique ont tripl\u00e9 apr\u00e8s 2011 - Kapitalis\" \/>\n<meta property=\"og:description\" content=\"Selon l\u2019Observatoire tunisien de l\u2019\u00e9conomie (OTE), l&#8217;embauche dans la fonction publique a tripl\u00e9 entre 2011 et 2013 . Merci qui ?\u00a0\" \/>\n<meta property=\"og:url\" content=\"https:\/\/kapitalis.com\/tunisie\/2017\/08\/17\/ote-les-effectifs-de-la-fonction-publique-ont-triple-apres-2011\/\" \/>\n<meta property=\"og:site_name\" content=\"Kapitalis\" \/>\n<meta property=\"article:publisher\" content=\"https:\/\/www.facebook.com\/KapitalisInfo\/\" \/>\n<meta property=\"article:published_time\" content=\"2017-08-17T11:12:09+00:00\" \/>\n<meta property=\"og:image\" content=\"https:\/\/kapitalis.com\/tunisie\/wp-content\/uploads\/2022\/05\/kapitalis-logo-fb.png\" \/>\n\t<meta property=\"og:image:width\" content=\"1200\" \/>\n\t<meta property=\"og:image:height\" content=\"630\" \/>\n\t<meta property=\"og:image:type\" content=\"image\/png\" \/>\n<meta name=\"author\" content=\"emna benabdallah\" \/>\n<meta name=\"twitter:card\" content=\"summary_large_image\" \/>\n<meta name=\"twitter:creator\" content=\"@KapitalisInfo\" \/>\n<meta name=\"twitter:site\" content=\"@KapitalisInfo\" \/>\n<meta name=\"twitter:label1\" content=\"\u00c9crit par\" \/>\n\t<meta name=\"twitter:data1\" content=\"emna benabdallah\" \/>\n\t<meta name=\"twitter:label2\" content=\"Dur\u00e9e de lecture estim\u00e9e\" \/>\n\t<meta name=\"twitter:data2\" content=\"1 minute\" \/>\n<script type=\"application\/ld+json\" class=\"yoast-schema-graph\">{\"@context\":\"https:\/\/schema.org\",\"@graph\":[{\"@type\":\"Article\",\"@id\":\"https:\/\/kapitalis.com\/tunisie\/2017\/08\/17\/ote-les-effectifs-de-la-fonction-publique-ont-triple-apres-2011\/#article\",\"isPartOf\":{\"@id\":\"https:\/\/kapitalis.com\/tunisie\/2017\/08\/17\/ote-les-effectifs-de-la-fonction-publique-ont-triple-apres-2011\/\"},\"author\":{\"name\":\"emna benabdallah\",\"@id\":\"https:\/\/kapitalis.com\/tunisie\/#\/schema\/person\/2c6e134b2f3369dffcd1daf5f087d28b\"},\"headline\":\"OTE : Les effectifs de la fonction publique ont tripl\u00e9 apr\u00e8s 2011\",\"datePublished\":\"2017-08-17T11:12:09+00:00\",\"mainEntityOfPage\":{\"@id\":\"https:\/\/kapitalis.com\/tunisie\/2017\/08\/17\/ote-les-effectifs-de-la-fonction-publique-ont-triple-apres-2011\/\"},\"wordCount\":306,\"commentCount\":3,\"publisher\":{\"@id\":\"https:\/\/kapitalis.com\/tunisie\/#organization\"},\"image\":{\"@id\":\"https:\/\/kapitalis.com\/tunisie\/2017\/08\/17\/ote-les-effectifs-de-la-fonction-publique-ont-triple-apres-2011\/#primaryimage\"},\"thumbnailUrl\":\"\",\"keywords\":[\"Chafik Ben Rouine\",\"Taoufik Rajhi\"],\"articleSection\":[\"ECONOMIE\",\"Tunisie\"],\"inLanguage\":\"fr-FR\",\"potentialAction\":[{\"@type\":\"CommentAction\",\"name\":\"Comment\",\"target\":[\"https:\/\/kapitalis.com\/tunisie\/2017\/08\/17\/ote-les-effectifs-de-la-fonction-publique-ont-triple-apres-2011\/#respond\"]}]},{\"@type\":\"WebPage\",\"@id\":\"https:\/\/kapitalis.com\/tunisie\/2017\/08\/17\/ote-les-effectifs-de-la-fonction-publique-ont-triple-apres-2011\/\",\"url\":\"https:\/\/kapitalis.com\/tunisie\/2017\/08\/17\/ote-les-effectifs-de-la-fonction-publique-ont-triple-apres-2011\/\",\"name\":\"OTE : Les effectifs de la fonction publique ont tripl\u00e9 apr\u00e8s 2011 - Kapitalis\",\"isPartOf\":{\"@id\":\"https:\/\/kapitalis.com\/tunisie\/#website\"},\"primaryImageOfPage\":{\"@id\":\"https:\/\/kapitalis.com\/tunisie\/2017\/08\/17\/ote-les-effectifs-de-la-fonction-publique-ont-triple-apres-2011\/#primaryimage\"},\"image\":{\"@id\":\"https:\/\/kapitalis.com\/tunisie\/2017\/08\/17\/ote-les-effectifs-de-la-fonction-publique-ont-triple-apres-2011\/#primaryimage\"},\"thumbnailUrl\":\"\",\"datePublished\":\"2017-08-17T11:12:09+00:00\",\"breadcrumb\":{\"@id\":\"https:\/\/kapitalis.com\/tunisie\/2017\/08\/17\/ote-les-effectifs-de-la-fonction-publique-ont-triple-apres-2011\/#breadcrumb\"},\"inLanguage\":\"fr-FR\",\"potentialAction\":[{\"@type\":\"ReadAction\",\"target\":[\"https:\/\/kapitalis.com\/tunisie\/2017\/08\/17\/ote-les-effectifs-de-la-fonction-publique-ont-triple-apres-2011\/\"]}]},{\"@type\":\"ImageObject\",\"inLanguage\":\"fr-FR\",\"@id\":\"https:\/\/kapitalis.com\/tunisie\/2017\/08\/17\/ote-les-effectifs-de-la-fonction-publique-ont-triple-apres-2011\/#primaryimage\",\"url\":\"\",\"contentUrl\":\"\"},{\"@type\":\"BreadcrumbList\",\"@id\":\"https:\/\/kapitalis.com\/tunisie\/2017\/08\/17\/ote-les-effectifs-de-la-fonction-publique-ont-triple-apres-2011\/#breadcrumb\",\"itemListElement\":[{\"@type\":\"ListItem\",\"position\":1,\"name\":\"Accueil\",\"item\":\"https:\/\/kapitalis.com\/tunisie\/\"},{\"@type\":\"ListItem\",\"position\":2,\"name\":\"OTE : Les effectifs de la fonction publique ont tripl\u00e9 apr\u00e8s 2011\"}]},{\"@type\":\"WebSite\",\"@id\":\"https:\/\/kapitalis.com\/tunisie\/#website\",\"url\":\"https:\/\/kapitalis.com\/tunisie\/\",\"name\":\"Kapitalis\",\"description\":\"L&#039;actualit\u00e9 en Tunisie et dans le monde\",\"publisher\":{\"@id\":\"https:\/\/kapitalis.com\/tunisie\/#organization\"},\"potentialAction\":[{\"@type\":\"SearchAction\",\"target\":{\"@type\":\"EntryPoint\",\"urlTemplate\":\"https:\/\/kapitalis.com\/tunisie\/?s={search_term_string}\"},\"query-input\":{\"@type\":\"PropertyValueSpecification\",\"valueRequired\":true,\"valueName\":\"search_term_string\"}}],\"inLanguage\":\"fr-FR\"},{\"@type\":\"Organization\",\"@id\":\"https:\/\/kapitalis.com\/tunisie\/#organization\",\"name\":\"Kapitalis\",\"url\":\"https:\/\/kapitalis.com\/tunisie\/\",\"logo\":{\"@type\":\"ImageObject\",\"inLanguage\":\"fr-FR\",\"@id\":\"https:\/\/kapitalis.com\/tunisie\/#\/schema\/logo\/image\/\",\"url\":\"https:\/\/kapitalis.com\/tunisie\/wp-content\/uploads\/2022\/05\/Kapitalis-big-size.png\",\"contentUrl\":\"https:\/\/kapitalis.com\/tunisie\/wp-content\/uploads\/2022\/05\/Kapitalis-big-size.png\",\"width\":5000,\"height\":1500,\"caption\":\"Kapitalis\"},\"image\":{\"@id\":\"https:\/\/kapitalis.com\/tunisie\/#\/schema\/logo\/image\/\"},\"sameAs\":[\"https:\/\/www.facebook.com\/KapitalisInfo\/\",\"https:\/\/x.com\/KapitalisInfo\",\"https:\/\/www.youtube.com\/channel\/UC-yDYrHyfFBWWZaOw3FPg9Q\"]},{\"@type\":\"Person\",\"@id\":\"https:\/\/kapitalis.com\/tunisie\/#\/schema\/person\/2c6e134b2f3369dffcd1daf5f087d28b\",\"name\":\"emna benabdallah\",\"url\":\"https:\/\/kapitalis.com\/tunisie\/author\/emna\/\"}]}<\/script>\n<!-- \/ Yoast SEO plugin. -->","yoast_head_json":{"title":"OTE : Les effectifs de la fonction publique ont tripl\u00e9 apr\u00e8s 2011 - Kapitalis","robots":{"index":"index","follow":"follow","max-snippet":"max-snippet:-1","max-image-preview":"max-image-preview:large","max-video-preview":"max-video-preview:-1"},"canonical":"https:\/\/kapitalis.com\/tunisie\/2017\/08\/17\/ote-les-effectifs-de-la-fonction-publique-ont-triple-apres-2011\/","og_locale":"fr_FR","og_type":"article","og_title":"OTE : Les effectifs de la fonction publique ont tripl\u00e9 apr\u00e8s 2011 - Kapitalis","og_description":"Selon l\u2019Observatoire tunisien de l\u2019\u00e9conomie (OTE), l&#8217;embauche dans la fonction publique a tripl\u00e9 entre 2011 et 2013 . Merci qui ?\u00a0","og_url":"https:\/\/kapitalis.com\/tunisie\/2017\/08\/17\/ote-les-effectifs-de-la-fonction-publique-ont-triple-apres-2011\/","og_site_name":"Kapitalis","article_publisher":"https:\/\/www.facebook.com\/KapitalisInfo\/","article_published_time":"2017-08-17T11:12:09+00:00","og_image":[{"width":1200,"height":630,"url":"https:\/\/kapitalis.com\/tunisie\/wp-content\/uploads\/2022\/05\/kapitalis-logo-fb.png","type":"image\/png"}],"author":"emna benabdallah","twitter_card":"summary_large_image","twitter_creator":"@KapitalisInfo","twitter_site":"@KapitalisInfo","twitter_misc":{"\u00c9crit par":"emna benabdallah","Dur\u00e9e de lecture estim\u00e9e":"1 minute"},"schema":{"@context":"https:\/\/schema.org","@graph":[{"@type":"Article","@id":"https:\/\/kapitalis.com\/tunisie\/2017\/08\/17\/ote-les-effectifs-de-la-fonction-publique-ont-triple-apres-2011\/#article","isPartOf":{"@id":"https:\/\/kapitalis.com\/tunisie\/2017\/08\/17\/ote-les-effectifs-de-la-fonction-publique-ont-triple-apres-2011\/"},"author":{"name":"emna benabdallah","@id":"https:\/\/kapitalis.com\/tunisie\/#\/schema\/person\/2c6e134b2f3369dffcd1daf5f087d28b"},"headline":"OTE : Les effectifs de la fonction publique ont tripl\u00e9 apr\u00e8s 2011","datePublished":"2017-08-17T11:12:09+00:00","mainEntityOfPage":{"@id":"https:\/\/kapitalis.com\/tunisie\/2017\/08\/17\/ote-les-effectifs-de-la-fonction-publique-ont-triple-apres-2011\/"},"wordCount":306,"commentCount":3,"publisher":{"@id":"https:\/\/kapitalis.com\/tunisie\/#organization"},"image":{"@id":"https:\/\/kapitalis.com\/tunisie\/2017\/08\/17\/ote-les-effectifs-de-la-fonction-publique-ont-triple-apres-2011\/#primaryimage"},"thumbnailUrl":"","keywords":["Chafik Ben Rouine","Taoufik Rajhi"],"articleSection":["ECONOMIE","Tunisie"],"inLanguage":"fr-FR","potentialAction":[{"@type":"CommentAction","name":"Comment","target":["https:\/\/kapitalis.com\/tunisie\/2017\/08\/17\/ote-les-effectifs-de-la-fonction-publique-ont-triple-apres-2011\/#respond"]}]},{"@type":"WebPage","@id":"https:\/\/kapitalis.com\/tunisie\/2017\/08\/17\/ote-les-effectifs-de-la-fonction-publique-ont-triple-apres-2011\/","url":"https:\/\/kapitalis.com\/tunisie\/2017\/08\/17\/ote-les-effectifs-de-la-fonction-publique-ont-triple-apres-2011\/","name":"OTE : Les effectifs de la fonction publique ont tripl\u00e9 apr\u00e8s 2011 - Kapitalis","isPartOf":{"@id":"https:\/\/kapitalis.com\/tunisie\/#website"},"primaryImageOfPage":{"@id":"https:\/\/kapitalis.com\/tunisie\/2017\/08\/17\/ote-les-effectifs-de-la-fonction-publique-ont-triple-apres-2011\/#primaryimage"},"image":{"@id":"https:\/\/kapitalis.com\/tunisie\/2017\/08\/17\/ote-les-effectifs-de-la-fonction-publique-ont-triple-apres-2011\/#primaryimage"},"thumbnailUrl":"","datePublished":"2017-08-17T11:12:09+00:00","breadcrumb":{"@id":"https:\/\/kapitalis.com\/tunisie\/2017\/08\/17\/ote-les-effectifs-de-la-fonction-publique-ont-triple-apres-2011\/#breadcrumb"},"inLanguage":"fr-FR","potentialAction":[{"@type":"ReadAction","target":["https:\/\/kapitalis.com\/tunisie\/2017\/08\/17\/ote-les-effectifs-de-la-fonction-publique-ont-triple-apres-2011\/"]}]},{"@type":"ImageObject","inLanguage":"fr-FR","@id":"https:\/\/kapitalis.com\/tunisie\/2017\/08\/17\/ote-les-effectifs-de-la-fonction-publique-ont-triple-apres-2011\/#primaryimage","url":"","contentUrl":""},{"@type":"BreadcrumbList","@id":"https:\/\/kapitalis.com\/tunisie\/2017\/08\/17\/ote-les-effectifs-de-la-fonction-publique-ont-triple-apres-2011\/#breadcrumb","itemListElement":[{"@type":"ListItem","position":1,"name":"Accueil","item":"https:\/\/kapitalis.com\/tunisie\/"},{"@type":"ListItem","position":2,"name":"OTE : Les effectifs de la fonction publique ont tripl\u00e9 apr\u00e8s 2011"}]},{"@type":"WebSite","@id":"https:\/\/kapitalis.com\/tunisie\/#website","url":"https:\/\/kapitalis.com\/tunisie\/","name":"Kapitalis","description":"L&#039;actualit\u00e9 en Tunisie et dans le monde","publisher":{"@id":"https:\/\/kapitalis.com\/tunisie\/#organization"},"potentialAction":[{"@type":"SearchAction","target":{"@type":"EntryPoint","urlTemplate":"https:\/\/kapitalis.com\/tunisie\/?s={search_term_string}"},"query-input":{"@type":"PropertyValueSpecification","valueRequired":true,"valueName":"search_term_string"}}],"inLanguage":"fr-FR"},{"@type":"Organization","@id":"https:\/\/kapitalis.com\/tunisie\/#organization","name":"Kapitalis","url":"https:\/\/kapitalis.com\/tunisie\/","logo":{"@type":"ImageObject","inLanguage":"fr-FR","@id":"https:\/\/kapitalis.com\/tunisie\/#\/schema\/logo\/image\/","url":"https:\/\/kapitalis.com\/tunisie\/wp-content\/uploads\/2022\/05\/Kapitalis-big-size.png","contentUrl":"https:\/\/kapitalis.com\/tunisie\/wp-content\/uploads\/2022\/05\/Kapitalis-big-size.png","width":5000,"height":1500,"caption":"Kapitalis"},"image":{"@id":"https:\/\/kapitalis.com\/tunisie\/#\/schema\/logo\/image\/"},"sameAs":["https:\/\/www.facebook.com\/KapitalisInfo\/","https:\/\/x.com\/KapitalisInfo","https:\/\/www.youtube.com\/channel\/UC-yDYrHyfFBWWZaOw3FPg9Q"]},{"@type":"Person","@id":"https:\/\/kapitalis.com\/tunisie\/#\/schema\/person\/2c6e134b2f3369dffcd1daf5f087d28b","name":"emna benabdallah","url":"https:\/\/kapitalis.com\/tunisie\/author\/emna\/"}]}},"_links":{"self":[{"href":"https:\/\/kapitalis.com\/tunisie\/wp-json\/wp\/v2\/posts\/110705","targetHints":{"allow":["GET"]}}],"collection":[{"href":"https:\/\/kapitalis.com\/tunisie\/wp-json\/wp\/v2\/posts"}],"about":[{"href":"https:\/\/kapitalis.com\/tunisie\/wp-json\/wp\/v2\/types\/post"}],"author":[{"embeddable":true,"href":"https:\/\/kapitalis.com\/tunisie\/wp-json\/wp\/v2\/users\/16"}],"replies":[{"embeddable":true,"href":"https:\/\/kapitalis.com\/tunisie\/wp-json\/wp\/v2\/comments?post=110705"}],"version-history":[{"count":0,"href":"https:\/\/kapitalis.com\/tunisie\/wp-json\/wp\/v2\/posts\/110705\/revisions"}],"wp:featuredmedia":[{"embeddable":true,"href":"https:\/\/kapitalis.com\/tunisie\/wp-json\/wp\/v2\/media\/110713"}],"wp:attachment":[{"href":"https:\/\/kapitalis.com\/tunisie\/wp-json\/wp\/v2\/media?parent=110705"}],"wp:term":[{"taxonomy":"category","embeddable":true,"href":"https:\/\/kapitalis.com\/tunisie\/wp-json\/wp\/v2\/categories?post=110705"},{"taxonomy":"post_tag","embeddable":true,"href":"https:\/\/kapitalis.com\/tunisie\/wp-json\/wp\/v2\/tags?post=110705"}],"curies":[{"name":"wp","href":"https:\/\/api.w.org\/{rel}","templated":true}]}}