{"id":110899,"date":"2017-08-19T11:48:32","date_gmt":"2017-08-19T10:48:32","guid":{"rendered":"http:\/\/kapitalis.com\/tunisie\/?p=110899"},"modified":"2017-08-19T11:48:32","modified_gmt":"2017-08-19T10:48:32","slug":"un-etudiant-tunisien-publie-un-livre-sur-la-reforme-de-leducation","status":"publish","type":"post","link":"https:\/\/kapitalis.com\/tunisie\/2017\/08\/19\/un-etudiant-tunisien-publie-un-livre-sur-la-reforme-de-leducation\/","title":{"rendered":"Un \u00e9tudiant tunisien publie un livre sur la r\u00e9forme de l&rsquo;\u00e9ducation"},"content":{"rendered":"<p style=\"text-align: center;\"><img loading=\"lazy\" decoding=\"async\" class=\"alignnone size-full wp-image-110900\" src=\"http:\/\/kapitalis.com\/tunisie\/wp-content\/uploads\/2017\/08\/Mehdi-Cherif_Livre-r\u00e9forme-\u00e9ducation-tunisienne.jpg\" alt=\"\" width=\"626\" height=\"380\" \/><\/p>\n<p><em><strong>Mohamed Mehdi Cherif, \u00e9tudiant de son \u00e9tat, vient de publier un livre consacr\u00e9 \u00e0 la r\u00e9forme du syst\u00e8me \u00e9ducatif.<\/strong><\/em><!--more--><\/p>\n<p>C&rsquo;est Lotfi Hamadi, fondateur de G\u00e9n\u00e9ration Libert\u00e9, qui a annonc\u00e9 la nouvelle sur sa page Facebook, vendredi 18 ao\u00fbt 2017:\u00a0\u00ab<em>A peine 19 ans, major de sa promotion \u00e0 l&rsquo;International School of Carthage (ISC), porte-parole de la fondation Wallah We Can, Mehdi Cherif vient de sortir un livre: \u00ab\u00a0R\u00e9flexions d&rsquo;un \u00e9l\u00e8ve insoumis : Ma contribution \u00e0 la r\u00e9forme de l&rsquo;Education\u00a0\u00bb, qui est un essai sur le syst\u00e8me \u00e9ducatif tunisien, ses failles et les solutions qu&rsquo;il pense \u00eatre utile d&rsquo;y apporter. Je vous invite \u00e0 le lire pour participer \u00e0 ce d\u00e9bat n\u00e9cessaire sur l&rsquo;\u00e9tat de l&rsquo;\u00e9ducation en Tunisie et aussi pour le soutenir. Bravo Mehdi, je suis fier de toi<\/em>\u00bb.<\/p>\n<p>Mehdi Cherif a, de son c\u00f4t\u00e9, expliqu\u00e9 sur son compte Facebook qu&rsquo;il a du prendre une ann\u00e9e sabbatique pour pouvoir travailler sur son livre :\u00a0\u00ab<em>C&rsquo;est le r\u00e9sultat de 12 mois de travail et d&rsquo;\u00e9tude du syst\u00e8me \u00e9ducatif Tunisien, mais aussi et surtout le produit de toutes les incroyables rencontres que j&rsquo;ai pu faire cette ann\u00e9e. En effet, cette ann\u00e9e blanche m&rsquo;a permis de d\u00e9couvrir cette Tunisie forte, battante, engag\u00e9e pour son futur et celui de sa jeunesse<\/em>\u00bb.<\/p>\n<p>Une initiative courageuse et judicieuse de la part d&rsquo;un \u00e9tudiant Tunisien qui ne souhaite qu&rsquo;une seule chose : aider \u00e0 r\u00e9former le syst\u00e8me \u00e9ducatif tunisien pour les futures g\u00e9n\u00e9rations.<\/p>\n<p style=\"text-align: right;\"><strong>E. B. A.<\/strong><\/p>\n<p>&nbsp;<\/p>\n","protected":false},"excerpt":{"rendered":"<p>Mohamed Mehdi Cherif, \u00e9tudiant de son \u00e9tat, vient de publier un livre consacr\u00e9 \u00e0 la r\u00e9forme du syst\u00e8me \u00e9ducatif.<\/p>\n","protected":false},"author":16,"featured_media":110900,"comment_status":"open","ping_status":"open","sticky":false,"template":"","format":"standard","meta":{"footnotes":""},"categories":[998,2433],"tags":[23134],"class_list":["post-110899","post","type-post","status-publish","format-standard","has-post-thumbnail","hentry","category-societe","category-tunisie","tag-wallah-we-can"],"yoast_head":"<!-- This site is optimized with the Yoast SEO plugin v26.6 - https:\/\/yoast.com\/wordpress\/plugins\/seo\/ -->\n<title>Un \u00e9tudiant tunisien publie un livre sur la r\u00e9forme de l&#039;\u00e9ducation - Kapitalis<\/title>\n<meta name=\"robots\" content=\"index, follow, max-snippet:-1, max-image-preview:large, max-video-preview:-1\" \/>\n<link rel=\"canonical\" href=\"https:\/\/kapitalis.com\/tunisie\/2017\/08\/19\/un-etudiant-tunisien-publie-un-livre-sur-la-reforme-de-leducation\/\" \/>\n<meta property=\"og:locale\" content=\"fr_FR\" \/>\n<meta property=\"og:type\" content=\"article\" \/>\n<meta property=\"og:title\" content=\"Un \u00e9tudiant tunisien publie un livre sur la r\u00e9forme de l&#039;\u00e9ducation - Kapitalis\" \/>\n<meta property=\"og:description\" content=\"Mohamed Mehdi Cherif, \u00e9tudiant de son \u00e9tat, vient de publier un livre consacr\u00e9 \u00e0 la r\u00e9forme du syst\u00e8me \u00e9ducatif.\" \/>\n<meta property=\"og:url\" content=\"https:\/\/kapitalis.com\/tunisie\/2017\/08\/19\/un-etudiant-tunisien-publie-un-livre-sur-la-reforme-de-leducation\/\" \/>\n<meta property=\"og:site_name\" content=\"Kapitalis\" \/>\n<meta property=\"article:publisher\" content=\"https:\/\/www.facebook.com\/KapitalisInfo\/\" \/>\n<meta property=\"article:published_time\" content=\"2017-08-19T10:48:32+00:00\" \/>\n<meta property=\"og:image\" content=\"https:\/\/kapitalis.com\/tunisie\/wp-content\/uploads\/2022\/05\/kapitalis-logo-fb.png\" \/>\n\t<meta property=\"og:image:width\" content=\"1200\" \/>\n\t<meta property=\"og:image:height\" content=\"630\" \/>\n\t<meta property=\"og:image:type\" content=\"image\/png\" \/>\n<meta name=\"author\" content=\"emna benabdallah\" \/>\n<meta name=\"twitter:card\" content=\"summary_large_image\" \/>\n<meta name=\"twitter:creator\" content=\"@KapitalisInfo\" \/>\n<meta name=\"twitter:site\" content=\"@KapitalisInfo\" \/>\n<meta name=\"twitter:label1\" content=\"\u00c9crit par\" \/>\n\t<meta name=\"twitter:data1\" content=\"emna benabdallah\" \/>\n\t<meta name=\"twitter:label2\" content=\"Dur\u00e9e de lecture estim\u00e9e\" \/>\n\t<meta name=\"twitter:data2\" content=\"1 minute\" \/>\n<script type=\"application\/ld+json\" class=\"yoast-schema-graph\">{\"@context\":\"https:\/\/schema.org\",\"@graph\":[{\"@type\":\"Article\",\"@id\":\"https:\/\/kapitalis.com\/tunisie\/2017\/08\/19\/un-etudiant-tunisien-publie-un-livre-sur-la-reforme-de-leducation\/#article\",\"isPartOf\":{\"@id\":\"https:\/\/kapitalis.com\/tunisie\/2017\/08\/19\/un-etudiant-tunisien-publie-un-livre-sur-la-reforme-de-leducation\/\"},\"author\":{\"name\":\"emna benabdallah\",\"@id\":\"https:\/\/kapitalis.com\/tunisie\/#\/schema\/person\/2c6e134b2f3369dffcd1daf5f087d28b\"},\"headline\":\"Un \u00e9tudiant tunisien publie un livre sur la r\u00e9forme de l&rsquo;\u00e9ducation\",\"datePublished\":\"2017-08-19T10:48:32+00:00\",\"mainEntityOfPage\":{\"@id\":\"https:\/\/kapitalis.com\/tunisie\/2017\/08\/19\/un-etudiant-tunisien-publie-un-livre-sur-la-reforme-de-leducation\/\"},\"wordCount\":266,\"commentCount\":10,\"publisher\":{\"@id\":\"https:\/\/kapitalis.com\/tunisie\/#organization\"},\"image\":{\"@id\":\"https:\/\/kapitalis.com\/tunisie\/2017\/08\/19\/un-etudiant-tunisien-publie-un-livre-sur-la-reforme-de-leducation\/#primaryimage\"},\"thumbnailUrl\":\"\",\"keywords\":[\"Wallah We Can\"],\"articleSection\":[\"SOCIETE\",\"Tunisie\"],\"inLanguage\":\"fr-FR\",\"potentialAction\":[{\"@type\":\"CommentAction\",\"name\":\"Comment\",\"target\":[\"https:\/\/kapitalis.com\/tunisie\/2017\/08\/19\/un-etudiant-tunisien-publie-un-livre-sur-la-reforme-de-leducation\/#respond\"]}]},{\"@type\":\"WebPage\",\"@id\":\"https:\/\/kapitalis.com\/tunisie\/2017\/08\/19\/un-etudiant-tunisien-publie-un-livre-sur-la-reforme-de-leducation\/\",\"url\":\"https:\/\/kapitalis.com\/tunisie\/2017\/08\/19\/un-etudiant-tunisien-publie-un-livre-sur-la-reforme-de-leducation\/\",\"name\":\"Un \u00e9tudiant tunisien publie un livre sur la r\u00e9forme de l'\u00e9ducation - Kapitalis\",\"isPartOf\":{\"@id\":\"https:\/\/kapitalis.com\/tunisie\/#website\"},\"primaryImageOfPage\":{\"@id\":\"https:\/\/kapitalis.com\/tunisie\/2017\/08\/19\/un-etudiant-tunisien-publie-un-livre-sur-la-reforme-de-leducation\/#primaryimage\"},\"image\":{\"@id\":\"https:\/\/kapitalis.com\/tunisie\/2017\/08\/19\/un-etudiant-tunisien-publie-un-livre-sur-la-reforme-de-leducation\/#primaryimage\"},\"thumbnailUrl\":\"\",\"datePublished\":\"2017-08-19T10:48:32+00:00\",\"breadcrumb\":{\"@id\":\"https:\/\/kapitalis.com\/tunisie\/2017\/08\/19\/un-etudiant-tunisien-publie-un-livre-sur-la-reforme-de-leducation\/#breadcrumb\"},\"inLanguage\":\"fr-FR\",\"potentialAction\":[{\"@type\":\"ReadAction\",\"target\":[\"https:\/\/kapitalis.com\/tunisie\/2017\/08\/19\/un-etudiant-tunisien-publie-un-livre-sur-la-reforme-de-leducation\/\"]}]},{\"@type\":\"ImageObject\",\"inLanguage\":\"fr-FR\",\"@id\":\"https:\/\/kapitalis.com\/tunisie\/2017\/08\/19\/un-etudiant-tunisien-publie-un-livre-sur-la-reforme-de-leducation\/#primaryimage\",\"url\":\"\",\"contentUrl\":\"\"},{\"@type\":\"BreadcrumbList\",\"@id\":\"https:\/\/kapitalis.com\/tunisie\/2017\/08\/19\/un-etudiant-tunisien-publie-un-livre-sur-la-reforme-de-leducation\/#breadcrumb\",\"itemListElement\":[{\"@type\":\"ListItem\",\"position\":1,\"name\":\"Accueil\",\"item\":\"https:\/\/kapitalis.com\/tunisie\/\"},{\"@type\":\"ListItem\",\"position\":2,\"name\":\"Un \u00e9tudiant tunisien publie un livre sur la r\u00e9forme de l&rsquo;\u00e9ducation\"}]},{\"@type\":\"WebSite\",\"@id\":\"https:\/\/kapitalis.com\/tunisie\/#website\",\"url\":\"https:\/\/kapitalis.com\/tunisie\/\",\"name\":\"Kapitalis\",\"description\":\"L&#039;actualit\u00e9 en Tunisie et dans le monde\",\"publisher\":{\"@id\":\"https:\/\/kapitalis.com\/tunisie\/#organization\"},\"potentialAction\":[{\"@type\":\"SearchAction\",\"target\":{\"@type\":\"EntryPoint\",\"urlTemplate\":\"https:\/\/kapitalis.com\/tunisie\/?s={search_term_string}\"},\"query-input\":{\"@type\":\"PropertyValueSpecification\",\"valueRequired\":true,\"valueName\":\"search_term_string\"}}],\"inLanguage\":\"fr-FR\"},{\"@type\":\"Organization\",\"@id\":\"https:\/\/kapitalis.com\/tunisie\/#organization\",\"name\":\"Kapitalis\",\"url\":\"https:\/\/kapitalis.com\/tunisie\/\",\"logo\":{\"@type\":\"ImageObject\",\"inLanguage\":\"fr-FR\",\"@id\":\"https:\/\/kapitalis.com\/tunisie\/#\/schema\/logo\/image\/\",\"url\":\"https:\/\/kapitalis.com\/tunisie\/wp-content\/uploads\/2022\/05\/Kapitalis-big-size.png\",\"contentUrl\":\"https:\/\/kapitalis.com\/tunisie\/wp-content\/uploads\/2022\/05\/Kapitalis-big-size.png\",\"width\":5000,\"height\":1500,\"caption\":\"Kapitalis\"},\"image\":{\"@id\":\"https:\/\/kapitalis.com\/tunisie\/#\/schema\/logo\/image\/\"},\"sameAs\":[\"https:\/\/www.facebook.com\/KapitalisInfo\/\",\"https:\/\/x.com\/KapitalisInfo\",\"https:\/\/www.youtube.com\/channel\/UC-yDYrHyfFBWWZaOw3FPg9Q\"]},{\"@type\":\"Person\",\"@id\":\"https:\/\/kapitalis.com\/tunisie\/#\/schema\/person\/2c6e134b2f3369dffcd1daf5f087d28b\",\"name\":\"emna benabdallah\",\"url\":\"https:\/\/kapitalis.com\/tunisie\/author\/emna\/\"}]}<\/script>\n<!-- \/ Yoast SEO plugin. -->","yoast_head_json":{"title":"Un \u00e9tudiant tunisien publie un livre sur la r\u00e9forme de l'\u00e9ducation - Kapitalis","robots":{"index":"index","follow":"follow","max-snippet":"max-snippet:-1","max-image-preview":"max-image-preview:large","max-video-preview":"max-video-preview:-1"},"canonical":"https:\/\/kapitalis.com\/tunisie\/2017\/08\/19\/un-etudiant-tunisien-publie-un-livre-sur-la-reforme-de-leducation\/","og_locale":"fr_FR","og_type":"article","og_title":"Un \u00e9tudiant tunisien publie un livre sur la r\u00e9forme de l'\u00e9ducation - Kapitalis","og_description":"Mohamed Mehdi Cherif, \u00e9tudiant de son \u00e9tat, vient de publier un livre consacr\u00e9 \u00e0 la r\u00e9forme du syst\u00e8me \u00e9ducatif.","og_url":"https:\/\/kapitalis.com\/tunisie\/2017\/08\/19\/un-etudiant-tunisien-publie-un-livre-sur-la-reforme-de-leducation\/","og_site_name":"Kapitalis","article_publisher":"https:\/\/www.facebook.com\/KapitalisInfo\/","article_published_time":"2017-08-19T10:48:32+00:00","og_image":[{"width":1200,"height":630,"url":"https:\/\/kapitalis.com\/tunisie\/wp-content\/uploads\/2022\/05\/kapitalis-logo-fb.png","type":"image\/png"}],"author":"emna benabdallah","twitter_card":"summary_large_image","twitter_creator":"@KapitalisInfo","twitter_site":"@KapitalisInfo","twitter_misc":{"\u00c9crit par":"emna benabdallah","Dur\u00e9e de lecture estim\u00e9e":"1 minute"},"schema":{"@context":"https:\/\/schema.org","@graph":[{"@type":"Article","@id":"https:\/\/kapitalis.com\/tunisie\/2017\/08\/19\/un-etudiant-tunisien-publie-un-livre-sur-la-reforme-de-leducation\/#article","isPartOf":{"@id":"https:\/\/kapitalis.com\/tunisie\/2017\/08\/19\/un-etudiant-tunisien-publie-un-livre-sur-la-reforme-de-leducation\/"},"author":{"name":"emna benabdallah","@id":"https:\/\/kapitalis.com\/tunisie\/#\/schema\/person\/2c6e134b2f3369dffcd1daf5f087d28b"},"headline":"Un \u00e9tudiant tunisien publie un livre sur la r\u00e9forme de l&rsquo;\u00e9ducation","datePublished":"2017-08-19T10:48:32+00:00","mainEntityOfPage":{"@id":"https:\/\/kapitalis.com\/tunisie\/2017\/08\/19\/un-etudiant-tunisien-publie-un-livre-sur-la-reforme-de-leducation\/"},"wordCount":266,"commentCount":10,"publisher":{"@id":"https:\/\/kapitalis.com\/tunisie\/#organization"},"image":{"@id":"https:\/\/kapitalis.com\/tunisie\/2017\/08\/19\/un-etudiant-tunisien-publie-un-livre-sur-la-reforme-de-leducation\/#primaryimage"},"thumbnailUrl":"","keywords":["Wallah We Can"],"articleSection":["SOCIETE","Tunisie"],"inLanguage":"fr-FR","potentialAction":[{"@type":"CommentAction","name":"Comment","target":["https:\/\/kapitalis.com\/tunisie\/2017\/08\/19\/un-etudiant-tunisien-publie-un-livre-sur-la-reforme-de-leducation\/#respond"]}]},{"@type":"WebPage","@id":"https:\/\/kapitalis.com\/tunisie\/2017\/08\/19\/un-etudiant-tunisien-publie-un-livre-sur-la-reforme-de-leducation\/","url":"https:\/\/kapitalis.com\/tunisie\/2017\/08\/19\/un-etudiant-tunisien-publie-un-livre-sur-la-reforme-de-leducation\/","name":"Un \u00e9tudiant tunisien publie un livre sur la r\u00e9forme de l'\u00e9ducation - Kapitalis","isPartOf":{"@id":"https:\/\/kapitalis.com\/tunisie\/#website"},"primaryImageOfPage":{"@id":"https:\/\/kapitalis.com\/tunisie\/2017\/08\/19\/un-etudiant-tunisien-publie-un-livre-sur-la-reforme-de-leducation\/#primaryimage"},"image":{"@id":"https:\/\/kapitalis.com\/tunisie\/2017\/08\/19\/un-etudiant-tunisien-publie-un-livre-sur-la-reforme-de-leducation\/#primaryimage"},"thumbnailUrl":"","datePublished":"2017-08-19T10:48:32+00:00","breadcrumb":{"@id":"https:\/\/kapitalis.com\/tunisie\/2017\/08\/19\/un-etudiant-tunisien-publie-un-livre-sur-la-reforme-de-leducation\/#breadcrumb"},"inLanguage":"fr-FR","potentialAction":[{"@type":"ReadAction","target":["https:\/\/kapitalis.com\/tunisie\/2017\/08\/19\/un-etudiant-tunisien-publie-un-livre-sur-la-reforme-de-leducation\/"]}]},{"@type":"ImageObject","inLanguage":"fr-FR","@id":"https:\/\/kapitalis.com\/tunisie\/2017\/08\/19\/un-etudiant-tunisien-publie-un-livre-sur-la-reforme-de-leducation\/#primaryimage","url":"","contentUrl":""},{"@type":"BreadcrumbList","@id":"https:\/\/kapitalis.com\/tunisie\/2017\/08\/19\/un-etudiant-tunisien-publie-un-livre-sur-la-reforme-de-leducation\/#breadcrumb","itemListElement":[{"@type":"ListItem","position":1,"name":"Accueil","item":"https:\/\/kapitalis.com\/tunisie\/"},{"@type":"ListItem","position":2,"name":"Un \u00e9tudiant tunisien publie un livre sur la r\u00e9forme de l&rsquo;\u00e9ducation"}]},{"@type":"WebSite","@id":"https:\/\/kapitalis.com\/tunisie\/#website","url":"https:\/\/kapitalis.com\/tunisie\/","name":"Kapitalis","description":"L&#039;actualit\u00e9 en Tunisie et dans le monde","publisher":{"@id":"https:\/\/kapitalis.com\/tunisie\/#organization"},"potentialAction":[{"@type":"SearchAction","target":{"@type":"EntryPoint","urlTemplate":"https:\/\/kapitalis.com\/tunisie\/?s={search_term_string}"},"query-input":{"@type":"PropertyValueSpecification","valueRequired":true,"valueName":"search_term_string"}}],"inLanguage":"fr-FR"},{"@type":"Organization","@id":"https:\/\/kapitalis.com\/tunisie\/#organization","name":"Kapitalis","url":"https:\/\/kapitalis.com\/tunisie\/","logo":{"@type":"ImageObject","inLanguage":"fr-FR","@id":"https:\/\/kapitalis.com\/tunisie\/#\/schema\/logo\/image\/","url":"https:\/\/kapitalis.com\/tunisie\/wp-content\/uploads\/2022\/05\/Kapitalis-big-size.png","contentUrl":"https:\/\/kapitalis.com\/tunisie\/wp-content\/uploads\/2022\/05\/Kapitalis-big-size.png","width":5000,"height":1500,"caption":"Kapitalis"},"image":{"@id":"https:\/\/kapitalis.com\/tunisie\/#\/schema\/logo\/image\/"},"sameAs":["https:\/\/www.facebook.com\/KapitalisInfo\/","https:\/\/x.com\/KapitalisInfo","https:\/\/www.youtube.com\/channel\/UC-yDYrHyfFBWWZaOw3FPg9Q"]},{"@type":"Person","@id":"https:\/\/kapitalis.com\/tunisie\/#\/schema\/person\/2c6e134b2f3369dffcd1daf5f087d28b","name":"emna benabdallah","url":"https:\/\/kapitalis.com\/tunisie\/author\/emna\/"}]}},"_links":{"self":[{"href":"https:\/\/kapitalis.com\/tunisie\/wp-json\/wp\/v2\/posts\/110899","targetHints":{"allow":["GET"]}}],"collection":[{"href":"https:\/\/kapitalis.com\/tunisie\/wp-json\/wp\/v2\/posts"}],"about":[{"href":"https:\/\/kapitalis.com\/tunisie\/wp-json\/wp\/v2\/types\/post"}],"author":[{"embeddable":true,"href":"https:\/\/kapitalis.com\/tunisie\/wp-json\/wp\/v2\/users\/16"}],"replies":[{"embeddable":true,"href":"https:\/\/kapitalis.com\/tunisie\/wp-json\/wp\/v2\/comments?post=110899"}],"version-history":[{"count":0,"href":"https:\/\/kapitalis.com\/tunisie\/wp-json\/wp\/v2\/posts\/110899\/revisions"}],"wp:featuredmedia":[{"embeddable":true,"href":"https:\/\/kapitalis.com\/tunisie\/wp-json\/wp\/v2\/media\/110900"}],"wp:attachment":[{"href":"https:\/\/kapitalis.com\/tunisie\/wp-json\/wp\/v2\/media?parent=110899"}],"wp:term":[{"taxonomy":"category","embeddable":true,"href":"https:\/\/kapitalis.com\/tunisie\/wp-json\/wp\/v2\/categories?post=110899"},{"taxonomy":"post_tag","embeddable":true,"href":"https:\/\/kapitalis.com\/tunisie\/wp-json\/wp\/v2\/tags?post=110899"}],"curies":[{"name":"wp","href":"https:\/\/api.w.org\/{rel}","templated":true}]}}