{"id":11096,"date":"2015-08-27T15:30:54","date_gmt":"2015-08-27T14:30:54","guid":{"rendered":"http:\/\/kapitalis.com\/tunisie\/?p=11096"},"modified":"2016-01-01T09:16:59","modified_gmt":"2016-01-01T08:16:59","slug":"attaque-de-bouchebka-slim-chaker-au-chevet-des-blesses-de-douane","status":"publish","type":"post","link":"https:\/\/kapitalis.com\/tunisie\/2015\/08\/27\/attaque-de-bouchebka-slim-chaker-au-chevet-des-blesses-de-douane\/","title":{"rendered":"Attaque de Bouchebka : Slim Chaker au chevet des bless\u00e9s de douane"},"content":{"rendered":"<p style=\"text-align: center;\"><img loading=\"lazy\" decoding=\"async\" class=\"alignnone size-full wp-image-11097\" src=\"http:\/\/kapitalis.com\/tunisie\/wp-content\/uploads\/2015\/08\/Slim-Chaker-Blesse-de-la-douane.jpg\" alt=\"Slim-Chaker-Blesse-de-la-douane\" width=\"626\" height=\"380\" \/><\/p>\n<p><em><strong>Le ministre des Finances Slim Chaker s\u2019est rendu, hier soir, au chevet de l\u2019agent de la garde douani\u00e8re Ahmed Laadili.<\/strong> <\/em><\/p>\n<p><!--more--><\/p>\n<p>Bless\u00e9 dans l\u2019attaque terroriste, dimanche soir, \u00e0 Jebel Snak, pr\u00e8s du poste frontalier de Bouchebka, gouvernorat de Kasserine, Ahmed Laadili a \u00e9t\u00e9 transf\u00e9r\u00e9 \u00e0 l\u2019h\u00f4pital militaire de Tunis. M. Chaker lui a rendu visite pour s\u2019enqu\u00e9rir de son \u00e9tat de sant\u00e9 et des soins qui lui sont prodigu\u00e9s. Le staff m\u00e9dical s\u2019est montr\u00e9 optimiste, assurant qu\u2019il a surmont\u00e9 l\u2019\u00e9tape \u00e0 risque et sera bient\u00f4t r\u00e9tabli.<\/p>\n<p>Le ministre des Finances s\u2019est \u00e9galement rendu hier soir, au gouvernorat de Kasserine, o\u00f9 il a rencontr\u00e9 la famille du d\u00e9funt le martyr Abdelmajid Dabbabi, tu\u00e9 dans la m\u00eame attaque, et lui a renouvel\u00e9 ses condol\u00e9ances les plus attrist\u00e9es, saluant le courage et le d\u00e9vouement que le d\u00e9funt a montr\u00e9 lors de l\u2019attaque et r\u00e9affirmant la d\u00e9termination de l\u2019Etat tunisien \u00e0 mener la guerre sans merci contre le terrorisme.<\/p>\n<p>Le ministre a, par la m\u00eame occasion, rendu visite au poste de la garde douani\u00e8re de Kasserine. Il a remerci\u00e9 les douaniers pour les efforts qu\u2019ils d\u00e9ploient quotidiennement au service du pays, les incitant \u00e0 poursuivre ces efforts et \u00e0 assurer la s\u00e9curit\u00e9 des fronti\u00e8res, en \u00e9troite collaboration avec les forces de l\u2019ordre et de l\u2019arm\u00e9e.<\/p>\n<p>Il a, par ailleurs, soulign\u00e9\u00a0 que l\u2019Etat n\u2019\u00e9pargnera aucun effort pour renforcer la s\u00e9curit\u00e9 des agents et que cet aspect constitue une composante importante du projet de modernisation de la douane.<\/p>\n<p>Le ministre \u00e9tait accompagn\u00e9 au cours de cette visite par le directeur g\u00e9n\u00e9ral et les hauts cadres de la douane.<br \/>\nRappelons qu\u2019une r\u00e9union aura lieu la semaine prochaine entre les minist\u00e8res de la D\u00e9fense, de l\u2019Int\u00e9rieur et des Finances pour traiter et analyser les \u00e9l\u00e9ments relev\u00e9s par la cellule de crise et la commission d\u2019enqu\u00eate mises en place suite \u00e0 l\u2019attaque de dimanche dernier. L\u2019objectif : prendre des mesures ad\u00e9quates pour mieux coordonner la lutte antiterroriste entre les divers corps constitu\u00e9s et assurer une meilleure protection de la population et des agents d\u00e9ploy\u00e9 sur le terrain.<\/p>\n<p style=\"text-align: right;\"><strong>I. B.<\/strong><\/p>\n","protected":false},"excerpt":{"rendered":"<p>Le ministre des Finances Slim Chaker s\u2019est rendu, hier soir, au chevet de l\u2019agent de la garde douani\u00e8re Ahmed Laadili.<\/p>\n","protected":false},"author":8,"featured_media":11097,"comment_status":"open","ping_status":"open","sticky":false,"template":"","format":"standard","meta":{"footnotes":""},"categories":[997,2433],"tags":[2021,4906,289,4911,833],"class_list":["post-11096","post","type-post","status-publish","format-standard","has-post-thumbnail","hentry","category-politique","category-tunisie","tag-attaque-terroriste","tag-bouchebka","tag-douane","tag-garde-douaniere","tag-slim-chaker"],"yoast_head":"<!-- This site is optimized with the Yoast SEO plugin v26.6 - https:\/\/yoast.com\/wordpress\/plugins\/seo\/ -->\n<title>Attaque de Bouchebka : Slim Chaker au chevet des bless\u00e9s de douane - Kapitalis<\/title>\n<meta name=\"robots\" content=\"index, follow, max-snippet:-1, max-image-preview:large, max-video-preview:-1\" \/>\n<link rel=\"canonical\" href=\"https:\/\/kapitalis.com\/tunisie\/2015\/08\/27\/attaque-de-bouchebka-slim-chaker-au-chevet-des-blesses-de-douane\/\" \/>\n<meta property=\"og:locale\" content=\"fr_FR\" \/>\n<meta property=\"og:type\" content=\"article\" \/>\n<meta property=\"og:title\" content=\"Attaque de Bouchebka : Slim Chaker au chevet des bless\u00e9s de douane - Kapitalis\" \/>\n<meta property=\"og:description\" content=\"Le ministre des Finances Slim Chaker s\u2019est rendu, hier soir, au chevet de l\u2019agent de la garde douani\u00e8re Ahmed Laadili.\" \/>\n<meta property=\"og:url\" content=\"https:\/\/kapitalis.com\/tunisie\/2015\/08\/27\/attaque-de-bouchebka-slim-chaker-au-chevet-des-blesses-de-douane\/\" \/>\n<meta property=\"og:site_name\" content=\"Kapitalis\" \/>\n<meta property=\"article:publisher\" content=\"https:\/\/www.facebook.com\/KapitalisInfo\/\" \/>\n<meta property=\"article:published_time\" content=\"2015-08-27T14:30:54+00:00\" \/>\n<meta property=\"article:modified_time\" content=\"2016-01-01T08:16:59+00:00\" \/>\n<meta property=\"og:image\" content=\"https:\/\/kapitalis.com\/tunisie\/wp-content\/uploads\/2022\/05\/kapitalis-logo-fb.png\" \/>\n\t<meta property=\"og:image:width\" content=\"1200\" \/>\n\t<meta property=\"og:image:height\" content=\"630\" \/>\n\t<meta property=\"og:image:type\" content=\"image\/png\" \/>\n<meta name=\"author\" content=\"webmaster kapitalis\" \/>\n<meta name=\"twitter:card\" content=\"summary_large_image\" \/>\n<meta name=\"twitter:creator\" content=\"@KapitalisInfo\" \/>\n<meta name=\"twitter:site\" content=\"@KapitalisInfo\" \/>\n<meta name=\"twitter:label1\" content=\"\u00c9crit par\" \/>\n\t<meta name=\"twitter:data1\" content=\"webmaster kapitalis\" \/>\n\t<meta name=\"twitter:label2\" content=\"Dur\u00e9e de lecture estim\u00e9e\" \/>\n\t<meta name=\"twitter:data2\" content=\"2 minutes\" \/>\n<script type=\"application\/ld+json\" class=\"yoast-schema-graph\">{\"@context\":\"https:\/\/schema.org\",\"@graph\":[{\"@type\":\"Article\",\"@id\":\"https:\/\/kapitalis.com\/tunisie\/2015\/08\/27\/attaque-de-bouchebka-slim-chaker-au-chevet-des-blesses-de-douane\/#article\",\"isPartOf\":{\"@id\":\"https:\/\/kapitalis.com\/tunisie\/2015\/08\/27\/attaque-de-bouchebka-slim-chaker-au-chevet-des-blesses-de-douane\/\"},\"author\":{\"name\":\"webmaster kapitalis\",\"@id\":\"https:\/\/kapitalis.com\/tunisie\/#\/schema\/person\/d71f33a9ca44f7bad4698210b480c8e9\"},\"headline\":\"Attaque de Bouchebka : Slim Chaker au chevet des bless\u00e9s de douane\",\"datePublished\":\"2015-08-27T14:30:54+00:00\",\"dateModified\":\"2016-01-01T08:16:59+00:00\",\"mainEntityOfPage\":{\"@id\":\"https:\/\/kapitalis.com\/tunisie\/2015\/08\/27\/attaque-de-bouchebka-slim-chaker-au-chevet-des-blesses-de-douane\/\"},\"wordCount\":400,\"commentCount\":1,\"publisher\":{\"@id\":\"https:\/\/kapitalis.com\/tunisie\/#organization\"},\"image\":{\"@id\":\"https:\/\/kapitalis.com\/tunisie\/2015\/08\/27\/attaque-de-bouchebka-slim-chaker-au-chevet-des-blesses-de-douane\/#primaryimage\"},\"thumbnailUrl\":\"\",\"keywords\":[\"attaque terroriste\",\"Bouchebka\",\"Douane\",\"garde douani\u00e8re\",\"Slim Chaker\"],\"articleSection\":[\"POLITIQUE\",\"Tunisie\"],\"inLanguage\":\"fr-FR\",\"potentialAction\":[{\"@type\":\"CommentAction\",\"name\":\"Comment\",\"target\":[\"https:\/\/kapitalis.com\/tunisie\/2015\/08\/27\/attaque-de-bouchebka-slim-chaker-au-chevet-des-blesses-de-douane\/#respond\"]}]},{\"@type\":\"WebPage\",\"@id\":\"https:\/\/kapitalis.com\/tunisie\/2015\/08\/27\/attaque-de-bouchebka-slim-chaker-au-chevet-des-blesses-de-douane\/\",\"url\":\"https:\/\/kapitalis.com\/tunisie\/2015\/08\/27\/attaque-de-bouchebka-slim-chaker-au-chevet-des-blesses-de-douane\/\",\"name\":\"Attaque de Bouchebka : Slim Chaker au chevet des bless\u00e9s de douane - Kapitalis\",\"isPartOf\":{\"@id\":\"https:\/\/kapitalis.com\/tunisie\/#website\"},\"primaryImageOfPage\":{\"@id\":\"https:\/\/kapitalis.com\/tunisie\/2015\/08\/27\/attaque-de-bouchebka-slim-chaker-au-chevet-des-blesses-de-douane\/#primaryimage\"},\"image\":{\"@id\":\"https:\/\/kapitalis.com\/tunisie\/2015\/08\/27\/attaque-de-bouchebka-slim-chaker-au-chevet-des-blesses-de-douane\/#primaryimage\"},\"thumbnailUrl\":\"\",\"datePublished\":\"2015-08-27T14:30:54+00:00\",\"dateModified\":\"2016-01-01T08:16:59+00:00\",\"breadcrumb\":{\"@id\":\"https:\/\/kapitalis.com\/tunisie\/2015\/08\/27\/attaque-de-bouchebka-slim-chaker-au-chevet-des-blesses-de-douane\/#breadcrumb\"},\"inLanguage\":\"fr-FR\",\"potentialAction\":[{\"@type\":\"ReadAction\",\"target\":[\"https:\/\/kapitalis.com\/tunisie\/2015\/08\/27\/attaque-de-bouchebka-slim-chaker-au-chevet-des-blesses-de-douane\/\"]}]},{\"@type\":\"ImageObject\",\"inLanguage\":\"fr-FR\",\"@id\":\"https:\/\/kapitalis.com\/tunisie\/2015\/08\/27\/attaque-de-bouchebka-slim-chaker-au-chevet-des-blesses-de-douane\/#primaryimage\",\"url\":\"\",\"contentUrl\":\"\"},{\"@type\":\"BreadcrumbList\",\"@id\":\"https:\/\/kapitalis.com\/tunisie\/2015\/08\/27\/attaque-de-bouchebka-slim-chaker-au-chevet-des-blesses-de-douane\/#breadcrumb\",\"itemListElement\":[{\"@type\":\"ListItem\",\"position\":1,\"name\":\"Accueil\",\"item\":\"https:\/\/kapitalis.com\/tunisie\/\"},{\"@type\":\"ListItem\",\"position\":2,\"name\":\"Attaque de Bouchebka : Slim Chaker au chevet des bless\u00e9s de douane\"}]},{\"@type\":\"WebSite\",\"@id\":\"https:\/\/kapitalis.com\/tunisie\/#website\",\"url\":\"https:\/\/kapitalis.com\/tunisie\/\",\"name\":\"Kapitalis\",\"description\":\"L&#039;actualit\u00e9 en Tunisie et dans le monde\",\"publisher\":{\"@id\":\"https:\/\/kapitalis.com\/tunisie\/#organization\"},\"potentialAction\":[{\"@type\":\"SearchAction\",\"target\":{\"@type\":\"EntryPoint\",\"urlTemplate\":\"https:\/\/kapitalis.com\/tunisie\/?s={search_term_string}\"},\"query-input\":{\"@type\":\"PropertyValueSpecification\",\"valueRequired\":true,\"valueName\":\"search_term_string\"}}],\"inLanguage\":\"fr-FR\"},{\"@type\":\"Organization\",\"@id\":\"https:\/\/kapitalis.com\/tunisie\/#organization\",\"name\":\"Kapitalis\",\"url\":\"https:\/\/kapitalis.com\/tunisie\/\",\"logo\":{\"@type\":\"ImageObject\",\"inLanguage\":\"fr-FR\",\"@id\":\"https:\/\/kapitalis.com\/tunisie\/#\/schema\/logo\/image\/\",\"url\":\"https:\/\/kapitalis.com\/tunisie\/wp-content\/uploads\/2022\/05\/Kapitalis-big-size.png\",\"contentUrl\":\"https:\/\/kapitalis.com\/tunisie\/wp-content\/uploads\/2022\/05\/Kapitalis-big-size.png\",\"width\":5000,\"height\":1500,\"caption\":\"Kapitalis\"},\"image\":{\"@id\":\"https:\/\/kapitalis.com\/tunisie\/#\/schema\/logo\/image\/\"},\"sameAs\":[\"https:\/\/www.facebook.com\/KapitalisInfo\/\",\"https:\/\/x.com\/KapitalisInfo\",\"https:\/\/www.youtube.com\/channel\/UC-yDYrHyfFBWWZaOw3FPg9Q\"]},{\"@type\":\"Person\",\"@id\":\"https:\/\/kapitalis.com\/tunisie\/#\/schema\/person\/d71f33a9ca44f7bad4698210b480c8e9\",\"name\":\"webmaster kapitalis\",\"url\":\"https:\/\/kapitalis.com\/tunisie\/author\/webmaster-kapitalis\/\"}]}<\/script>\n<!-- \/ Yoast SEO plugin. -->","yoast_head_json":{"title":"Attaque de Bouchebka : Slim Chaker au chevet des bless\u00e9s de douane - Kapitalis","robots":{"index":"index","follow":"follow","max-snippet":"max-snippet:-1","max-image-preview":"max-image-preview:large","max-video-preview":"max-video-preview:-1"},"canonical":"https:\/\/kapitalis.com\/tunisie\/2015\/08\/27\/attaque-de-bouchebka-slim-chaker-au-chevet-des-blesses-de-douane\/","og_locale":"fr_FR","og_type":"article","og_title":"Attaque de Bouchebka : Slim Chaker au chevet des bless\u00e9s de douane - Kapitalis","og_description":"Le ministre des Finances Slim Chaker s\u2019est rendu, hier soir, au chevet de l\u2019agent de la garde douani\u00e8re Ahmed Laadili.","og_url":"https:\/\/kapitalis.com\/tunisie\/2015\/08\/27\/attaque-de-bouchebka-slim-chaker-au-chevet-des-blesses-de-douane\/","og_site_name":"Kapitalis","article_publisher":"https:\/\/www.facebook.com\/KapitalisInfo\/","article_published_time":"2015-08-27T14:30:54+00:00","article_modified_time":"2016-01-01T08:16:59+00:00","og_image":[{"width":1200,"height":630,"url":"https:\/\/kapitalis.com\/tunisie\/wp-content\/uploads\/2022\/05\/kapitalis-logo-fb.png","type":"image\/png"}],"author":"webmaster kapitalis","twitter_card":"summary_large_image","twitter_creator":"@KapitalisInfo","twitter_site":"@KapitalisInfo","twitter_misc":{"\u00c9crit par":"webmaster kapitalis","Dur\u00e9e de lecture estim\u00e9e":"2 minutes"},"schema":{"@context":"https:\/\/schema.org","@graph":[{"@type":"Article","@id":"https:\/\/kapitalis.com\/tunisie\/2015\/08\/27\/attaque-de-bouchebka-slim-chaker-au-chevet-des-blesses-de-douane\/#article","isPartOf":{"@id":"https:\/\/kapitalis.com\/tunisie\/2015\/08\/27\/attaque-de-bouchebka-slim-chaker-au-chevet-des-blesses-de-douane\/"},"author":{"name":"webmaster kapitalis","@id":"https:\/\/kapitalis.com\/tunisie\/#\/schema\/person\/d71f33a9ca44f7bad4698210b480c8e9"},"headline":"Attaque de Bouchebka : Slim Chaker au chevet des bless\u00e9s de douane","datePublished":"2015-08-27T14:30:54+00:00","dateModified":"2016-01-01T08:16:59+00:00","mainEntityOfPage":{"@id":"https:\/\/kapitalis.com\/tunisie\/2015\/08\/27\/attaque-de-bouchebka-slim-chaker-au-chevet-des-blesses-de-douane\/"},"wordCount":400,"commentCount":1,"publisher":{"@id":"https:\/\/kapitalis.com\/tunisie\/#organization"},"image":{"@id":"https:\/\/kapitalis.com\/tunisie\/2015\/08\/27\/attaque-de-bouchebka-slim-chaker-au-chevet-des-blesses-de-douane\/#primaryimage"},"thumbnailUrl":"","keywords":["attaque terroriste","Bouchebka","Douane","garde douani\u00e8re","Slim Chaker"],"articleSection":["POLITIQUE","Tunisie"],"inLanguage":"fr-FR","potentialAction":[{"@type":"CommentAction","name":"Comment","target":["https:\/\/kapitalis.com\/tunisie\/2015\/08\/27\/attaque-de-bouchebka-slim-chaker-au-chevet-des-blesses-de-douane\/#respond"]}]},{"@type":"WebPage","@id":"https:\/\/kapitalis.com\/tunisie\/2015\/08\/27\/attaque-de-bouchebka-slim-chaker-au-chevet-des-blesses-de-douane\/","url":"https:\/\/kapitalis.com\/tunisie\/2015\/08\/27\/attaque-de-bouchebka-slim-chaker-au-chevet-des-blesses-de-douane\/","name":"Attaque de Bouchebka : Slim Chaker au chevet des bless\u00e9s de douane - Kapitalis","isPartOf":{"@id":"https:\/\/kapitalis.com\/tunisie\/#website"},"primaryImageOfPage":{"@id":"https:\/\/kapitalis.com\/tunisie\/2015\/08\/27\/attaque-de-bouchebka-slim-chaker-au-chevet-des-blesses-de-douane\/#primaryimage"},"image":{"@id":"https:\/\/kapitalis.com\/tunisie\/2015\/08\/27\/attaque-de-bouchebka-slim-chaker-au-chevet-des-blesses-de-douane\/#primaryimage"},"thumbnailUrl":"","datePublished":"2015-08-27T14:30:54+00:00","dateModified":"2016-01-01T08:16:59+00:00","breadcrumb":{"@id":"https:\/\/kapitalis.com\/tunisie\/2015\/08\/27\/attaque-de-bouchebka-slim-chaker-au-chevet-des-blesses-de-douane\/#breadcrumb"},"inLanguage":"fr-FR","potentialAction":[{"@type":"ReadAction","target":["https:\/\/kapitalis.com\/tunisie\/2015\/08\/27\/attaque-de-bouchebka-slim-chaker-au-chevet-des-blesses-de-douane\/"]}]},{"@type":"ImageObject","inLanguage":"fr-FR","@id":"https:\/\/kapitalis.com\/tunisie\/2015\/08\/27\/attaque-de-bouchebka-slim-chaker-au-chevet-des-blesses-de-douane\/#primaryimage","url":"","contentUrl":""},{"@type":"BreadcrumbList","@id":"https:\/\/kapitalis.com\/tunisie\/2015\/08\/27\/attaque-de-bouchebka-slim-chaker-au-chevet-des-blesses-de-douane\/#breadcrumb","itemListElement":[{"@type":"ListItem","position":1,"name":"Accueil","item":"https:\/\/kapitalis.com\/tunisie\/"},{"@type":"ListItem","position":2,"name":"Attaque de Bouchebka : Slim Chaker au chevet des bless\u00e9s de douane"}]},{"@type":"WebSite","@id":"https:\/\/kapitalis.com\/tunisie\/#website","url":"https:\/\/kapitalis.com\/tunisie\/","name":"Kapitalis","description":"L&#039;actualit\u00e9 en Tunisie et dans le monde","publisher":{"@id":"https:\/\/kapitalis.com\/tunisie\/#organization"},"potentialAction":[{"@type":"SearchAction","target":{"@type":"EntryPoint","urlTemplate":"https:\/\/kapitalis.com\/tunisie\/?s={search_term_string}"},"query-input":{"@type":"PropertyValueSpecification","valueRequired":true,"valueName":"search_term_string"}}],"inLanguage":"fr-FR"},{"@type":"Organization","@id":"https:\/\/kapitalis.com\/tunisie\/#organization","name":"Kapitalis","url":"https:\/\/kapitalis.com\/tunisie\/","logo":{"@type":"ImageObject","inLanguage":"fr-FR","@id":"https:\/\/kapitalis.com\/tunisie\/#\/schema\/logo\/image\/","url":"https:\/\/kapitalis.com\/tunisie\/wp-content\/uploads\/2022\/05\/Kapitalis-big-size.png","contentUrl":"https:\/\/kapitalis.com\/tunisie\/wp-content\/uploads\/2022\/05\/Kapitalis-big-size.png","width":5000,"height":1500,"caption":"Kapitalis"},"image":{"@id":"https:\/\/kapitalis.com\/tunisie\/#\/schema\/logo\/image\/"},"sameAs":["https:\/\/www.facebook.com\/KapitalisInfo\/","https:\/\/x.com\/KapitalisInfo","https:\/\/www.youtube.com\/channel\/UC-yDYrHyfFBWWZaOw3FPg9Q"]},{"@type":"Person","@id":"https:\/\/kapitalis.com\/tunisie\/#\/schema\/person\/d71f33a9ca44f7bad4698210b480c8e9","name":"webmaster kapitalis","url":"https:\/\/kapitalis.com\/tunisie\/author\/webmaster-kapitalis\/"}]}},"_links":{"self":[{"href":"https:\/\/kapitalis.com\/tunisie\/wp-json\/wp\/v2\/posts\/11096","targetHints":{"allow":["GET"]}}],"collection":[{"href":"https:\/\/kapitalis.com\/tunisie\/wp-json\/wp\/v2\/posts"}],"about":[{"href":"https:\/\/kapitalis.com\/tunisie\/wp-json\/wp\/v2\/types\/post"}],"author":[{"embeddable":true,"href":"https:\/\/kapitalis.com\/tunisie\/wp-json\/wp\/v2\/users\/8"}],"replies":[{"embeddable":true,"href":"https:\/\/kapitalis.com\/tunisie\/wp-json\/wp\/v2\/comments?post=11096"}],"version-history":[{"count":0,"href":"https:\/\/kapitalis.com\/tunisie\/wp-json\/wp\/v2\/posts\/11096\/revisions"}],"wp:featuredmedia":[{"embeddable":true,"href":"https:\/\/kapitalis.com\/tunisie\/wp-json\/wp\/v2\/media\/11097"}],"wp:attachment":[{"href":"https:\/\/kapitalis.com\/tunisie\/wp-json\/wp\/v2\/media?parent=11096"}],"wp:term":[{"taxonomy":"category","embeddable":true,"href":"https:\/\/kapitalis.com\/tunisie\/wp-json\/wp\/v2\/categories?post=11096"},{"taxonomy":"post_tag","embeddable":true,"href":"https:\/\/kapitalis.com\/tunisie\/wp-json\/wp\/v2\/tags?post=11096"}],"curies":[{"name":"wp","href":"https:\/\/api.w.org\/{rel}","templated":true}]}}