{"id":110997,"date":"2017-08-21T11:21:18","date_gmt":"2017-08-21T10:21:18","guid":{"rendered":"http:\/\/kapitalis.com\/tunisie\/?p=110997"},"modified":"2017-08-21T11:34:34","modified_gmt":"2017-08-21T10:34:34","slug":"wajdi-ghanim-appelle-au-jihad-contre-la-tunisie-et-les-tunisiens","status":"publish","type":"post","link":"https:\/\/kapitalis.com\/tunisie\/2017\/08\/21\/wajdi-ghanim-appelle-au-jihad-contre-la-tunisie-et-les-tunisiens\/","title":{"rendered":"Wajdi Ghanim appelle au jihad contre la Tunisie et les Tunisiens"},"content":{"rendered":"<p style=\"text-align: center;\"><img loading=\"lazy\" decoding=\"async\" class=\"alignnone size-full wp-image-111003\" src=\"http:\/\/kapitalis.com\/tunisie\/wp-content\/uploads\/2017\/08\/wajdi-ghanim.jpg\" alt=\"\" width=\"626\" height=\"380\" \/><\/p>\n<p style=\"text-align: center;\"><em>Wajdi Ghanim \u00e0 Tunis\u00a0en 2012, \u00e0 l&rsquo;invitation des islamistes d&rsquo;Ennahdha.\u00a0<\/em><\/p>\n<p><em><strong>Le pr\u00e9dicateur extr\u00e9miste \u00e9gyptien, Wajdi Ghanim, a trait\u00e9 le pr\u00e9sident Ca\u00efd Essebsi et les Tunisiens de m\u00e9cr\u00e9ants. Ce qui \u00e9quivaut \u00e0 un appel au meurtre.<\/strong><\/em><!--more--><\/p>\n<p>Wajdi Ghanim, connu pour \u00eatre proche de la confr\u00e9rie des Fr\u00e8res musulmans, class\u00e9e organisation terroriste en Egypte, a d\u00e9clar\u00e9, dans une vid\u00e9o publi\u00e9e sur sa cha\u00eene Youtube, que le chef de l&rsquo;Etat tunisien, B\u00e9ji Ca\u00efd Essebsi, veut instaurer des lois contraires \u00e0 la charia (r\u00e8gles doctrinales islamiques).<\/p>\n<p>\u00ab<em>Essebsi, le m\u00e9cr\u00e9ant, le la\u00efque, veut instaurer une nouvelle religion dans son Etat. Il est clair qu&rsquo;il rejette l&rsquo;islam. Il pr\u00e9tend qu&rsquo;il a une nouvelle religion o\u00f9 la femme peut se marier avec un m\u00e9cr\u00e9ant. Selon lui, c&rsquo;est halal. D&rsquo;ailleurs, son assembl\u00e9e de m\u00e9cr\u00e9ants va approuver cette loi. Il veut aussi imposer l&rsquo;\u00e9galit\u00e9 dans l&rsquo;h\u00e9ritage entre l&rsquo;homme et la femme, ce qui est contraire \u00e0 la charia<\/em>\u00bb, a d\u00e9clar\u00e9 le pr\u00e9dicateur, qui avait \u00e9t\u00e9 condamn\u00e9, en mars dernier, par le tribunal du Caire, \u00e0 5 ans de prison ferme.<\/p>\n<p>Le pr\u00e9dicateur ne s&rsquo;est pas g\u00ean\u00e9 de s&rsquo;attaquer \u00e0 l&rsquo;Etat tunisien, \u00e0 ses citoyens et \u00e0 l&rsquo;ancien pr\u00e9sident de la r\u00e9publique, Habib Bourguiba :\u00a0\u00ab<em>Lorsque je suis all\u00e9 en Tunisie, en 2012, pour faire des conf\u00e9rences, j&rsquo;ai d\u00e9couvert que ce pays regorge de m\u00e9cr\u00e9ants. Ces la\u00efques boivent de l&rsquo;alcool durant la pri\u00e8re du vendredi et devant des mosqu\u00e9es\u00bb. <\/em>Et d&rsquo;ajouter dans la m\u00eame veine takfiriste:<em> \u00abBourguiba, le salopard, avait os\u00e9 \u00f4ter le voile d&rsquo;une jeune femme musulmane. Il avait m\u00eame demand\u00e9 au recteur de la mosqu\u00e9e Zitouna, Mohamed Tahar Ben Achour, d&rsquo;inciter les Tunisiens \u00e0 ne pas faire le je\u00fbne durant ramadan<\/em>\u00bb.<\/p>\n<div class=\"embed\">\n<div class=\"video\"><iframe loading=\"lazy\" src=\"https:\/\/www.youtube.com\/embed\/punipGkmL9k?rel=0&amp;controls=0&amp;showinfo=0\" width=\"560\" height=\"315\" frameborder=\"0\" allowfullscreen=\"allowfullscreen\"><\/iframe><\/div>\n<\/div>\n<p>On remarquera, au passage, le silence assourdissant du parti islamiste Ennahdha, qui n&rsquo;a pas cru devoir r\u00e9agir \u00e0 l&rsquo;appel \u00e0 la haine et au meurtre lanc\u00e9 par le pr\u00e9dicateur extr\u00e9miste, qui, rappelons-le, avait \u00e9t\u00e9 invit\u00e9 par des dirigeants du parti islamiste tunisien et accueilli en grande pompe en Tunisie, en 2012 pour faire des pr\u00eaches o\u00f9 il a incit\u00e9 les jeunes \u00e0 partir au jihad. On connait la suite&#8230;<\/p>\n<p>R\u00e9agissant \u00e0 cet appel, Mohsen Marzouk, porte-parole du parti Machrou, a demand\u00e9 \u00e0 l&rsquo;Etat tunisien d&rsquo;exiger des explications de son homologue turc, qui offre l&rsquo;asile politique \u00e0 cet agitateur salafiste jihadiste.<\/p>\n<p>On demandera aussi, par la m\u00eame occasion, au procureur g\u00e9n\u00e9ral de la r\u00e9publique d&rsquo;ouvrir une enqu\u00eate judiciaire \u00e0 l&rsquo;encontre de ce Wajdi Ghanim pour appel \u00e0 la haine et au meurtre des Tunisiens.<\/p>\n<p style=\"text-align: right;\"><strong>E. B. A.<\/strong><\/p>\n","protected":false},"excerpt":{"rendered":"<p>Wajdi Ghanim \u00e0 Tunis\u00a0en 2012, \u00e0 l&rsquo;invitation des islamistes d&rsquo;Ennahdha.\u00a0 Le pr\u00e9dicateur extr\u00e9miste \u00e9gyptien, Wajdi Ghanim, a trait\u00e9 le pr\u00e9sident Ca\u00efd Essebsi et les Tunisiens de m\u00e9cr\u00e9ants. Ce qui \u00e9quivaut \u00e0 un appel au meurtre.<\/p>\n","protected":false},"author":16,"featured_media":111003,"comment_status":"open","ping_status":"open","sticky":false,"template":"","format":"standard","meta":{"footnotes":""},"categories":[998,2433,4806],"tags":[4707,2358,13864],"class_list":["post-110997","post","type-post","status-publish","format-standard","has-post-thumbnail","hentry","category-societe","category-tunisie","category-videos","tag-charia","tag-habib-bourguiba","tag-wajdi-ghanim"],"yoast_head":"<!-- This site is optimized with the Yoast SEO plugin v26.6 - https:\/\/yoast.com\/wordpress\/plugins\/seo\/ -->\n<title>Wajdi Ghanim appelle au jihad contre la Tunisie et les Tunisiens - Kapitalis<\/title>\n<meta name=\"robots\" content=\"index, follow, max-snippet:-1, max-image-preview:large, max-video-preview:-1\" \/>\n<link rel=\"canonical\" href=\"https:\/\/kapitalis.com\/tunisie\/2017\/08\/21\/wajdi-ghanim-appelle-au-jihad-contre-la-tunisie-et-les-tunisiens\/\" \/>\n<meta property=\"og:locale\" content=\"fr_FR\" \/>\n<meta property=\"og:type\" content=\"article\" \/>\n<meta property=\"og:title\" content=\"Wajdi Ghanim appelle au jihad contre la Tunisie et les Tunisiens - Kapitalis\" \/>\n<meta property=\"og:description\" content=\"Wajdi Ghanim \u00e0 Tunis\u00a0en 2012, \u00e0 l&rsquo;invitation des islamistes d&rsquo;Ennahdha.\u00a0 Le pr\u00e9dicateur extr\u00e9miste \u00e9gyptien, Wajdi Ghanim, a trait\u00e9 le pr\u00e9sident Ca\u00efd Essebsi et les Tunisiens de m\u00e9cr\u00e9ants. Ce qui \u00e9quivaut \u00e0 un appel au meurtre.\" \/>\n<meta property=\"og:url\" content=\"https:\/\/kapitalis.com\/tunisie\/2017\/08\/21\/wajdi-ghanim-appelle-au-jihad-contre-la-tunisie-et-les-tunisiens\/\" \/>\n<meta property=\"og:site_name\" content=\"Kapitalis\" \/>\n<meta property=\"article:publisher\" content=\"https:\/\/www.facebook.com\/KapitalisInfo\/\" \/>\n<meta property=\"article:published_time\" content=\"2017-08-21T10:21:18+00:00\" \/>\n<meta property=\"article:modified_time\" content=\"2017-08-21T10:34:34+00:00\" \/>\n<meta property=\"og:image\" content=\"https:\/\/kapitalis.com\/tunisie\/wp-content\/uploads\/2022\/05\/kapitalis-logo-fb.png\" \/>\n\t<meta property=\"og:image:width\" content=\"1200\" \/>\n\t<meta property=\"og:image:height\" content=\"630\" \/>\n\t<meta property=\"og:image:type\" content=\"image\/png\" \/>\n<meta name=\"author\" content=\"emna benabdallah\" \/>\n<meta name=\"twitter:card\" content=\"summary_large_image\" \/>\n<meta name=\"twitter:creator\" content=\"@KapitalisInfo\" \/>\n<meta name=\"twitter:site\" content=\"@KapitalisInfo\" \/>\n<meta name=\"twitter:label1\" content=\"\u00c9crit par\" \/>\n\t<meta name=\"twitter:data1\" content=\"emna benabdallah\" \/>\n\t<meta name=\"twitter:label2\" content=\"Dur\u00e9e de lecture estim\u00e9e\" \/>\n\t<meta name=\"twitter:data2\" content=\"2 minutes\" \/>\n<script type=\"application\/ld+json\" class=\"yoast-schema-graph\">{\"@context\":\"https:\/\/schema.org\",\"@graph\":[{\"@type\":\"Article\",\"@id\":\"https:\/\/kapitalis.com\/tunisie\/2017\/08\/21\/wajdi-ghanim-appelle-au-jihad-contre-la-tunisie-et-les-tunisiens\/#article\",\"isPartOf\":{\"@id\":\"https:\/\/kapitalis.com\/tunisie\/2017\/08\/21\/wajdi-ghanim-appelle-au-jihad-contre-la-tunisie-et-les-tunisiens\/\"},\"author\":{\"name\":\"emna benabdallah\",\"@id\":\"https:\/\/kapitalis.com\/tunisie\/#\/schema\/person\/2c6e134b2f3369dffcd1daf5f087d28b\"},\"headline\":\"Wajdi Ghanim appelle au jihad contre la Tunisie et les Tunisiens\",\"datePublished\":\"2017-08-21T10:21:18+00:00\",\"dateModified\":\"2017-08-21T10:34:34+00:00\",\"mainEntityOfPage\":{\"@id\":\"https:\/\/kapitalis.com\/tunisie\/2017\/08\/21\/wajdi-ghanim-appelle-au-jihad-contre-la-tunisie-et-les-tunisiens\/\"},\"wordCount\":452,\"commentCount\":21,\"publisher\":{\"@id\":\"https:\/\/kapitalis.com\/tunisie\/#organization\"},\"image\":{\"@id\":\"https:\/\/kapitalis.com\/tunisie\/2017\/08\/21\/wajdi-ghanim-appelle-au-jihad-contre-la-tunisie-et-les-tunisiens\/#primaryimage\"},\"thumbnailUrl\":\"\",\"keywords\":[\"charia\",\"Habib Bourguiba\",\"Wajdi Ghanim\"],\"articleSection\":[\"SOCIETE\",\"Tunisie\",\"VIDEOS\"],\"inLanguage\":\"fr-FR\",\"potentialAction\":[{\"@type\":\"CommentAction\",\"name\":\"Comment\",\"target\":[\"https:\/\/kapitalis.com\/tunisie\/2017\/08\/21\/wajdi-ghanim-appelle-au-jihad-contre-la-tunisie-et-les-tunisiens\/#respond\"]}]},{\"@type\":\"WebPage\",\"@id\":\"https:\/\/kapitalis.com\/tunisie\/2017\/08\/21\/wajdi-ghanim-appelle-au-jihad-contre-la-tunisie-et-les-tunisiens\/\",\"url\":\"https:\/\/kapitalis.com\/tunisie\/2017\/08\/21\/wajdi-ghanim-appelle-au-jihad-contre-la-tunisie-et-les-tunisiens\/\",\"name\":\"Wajdi Ghanim appelle au jihad contre la Tunisie et les Tunisiens - Kapitalis\",\"isPartOf\":{\"@id\":\"https:\/\/kapitalis.com\/tunisie\/#website\"},\"primaryImageOfPage\":{\"@id\":\"https:\/\/kapitalis.com\/tunisie\/2017\/08\/21\/wajdi-ghanim-appelle-au-jihad-contre-la-tunisie-et-les-tunisiens\/#primaryimage\"},\"image\":{\"@id\":\"https:\/\/kapitalis.com\/tunisie\/2017\/08\/21\/wajdi-ghanim-appelle-au-jihad-contre-la-tunisie-et-les-tunisiens\/#primaryimage\"},\"thumbnailUrl\":\"\",\"datePublished\":\"2017-08-21T10:21:18+00:00\",\"dateModified\":\"2017-08-21T10:34:34+00:00\",\"breadcrumb\":{\"@id\":\"https:\/\/kapitalis.com\/tunisie\/2017\/08\/21\/wajdi-ghanim-appelle-au-jihad-contre-la-tunisie-et-les-tunisiens\/#breadcrumb\"},\"inLanguage\":\"fr-FR\",\"potentialAction\":[{\"@type\":\"ReadAction\",\"target\":[\"https:\/\/kapitalis.com\/tunisie\/2017\/08\/21\/wajdi-ghanim-appelle-au-jihad-contre-la-tunisie-et-les-tunisiens\/\"]}]},{\"@type\":\"ImageObject\",\"inLanguage\":\"fr-FR\",\"@id\":\"https:\/\/kapitalis.com\/tunisie\/2017\/08\/21\/wajdi-ghanim-appelle-au-jihad-contre-la-tunisie-et-les-tunisiens\/#primaryimage\",\"url\":\"\",\"contentUrl\":\"\"},{\"@type\":\"BreadcrumbList\",\"@id\":\"https:\/\/kapitalis.com\/tunisie\/2017\/08\/21\/wajdi-ghanim-appelle-au-jihad-contre-la-tunisie-et-les-tunisiens\/#breadcrumb\",\"itemListElement\":[{\"@type\":\"ListItem\",\"position\":1,\"name\":\"Accueil\",\"item\":\"https:\/\/kapitalis.com\/tunisie\/\"},{\"@type\":\"ListItem\",\"position\":2,\"name\":\"Wajdi Ghanim appelle au jihad contre la Tunisie et les Tunisiens\"}]},{\"@type\":\"WebSite\",\"@id\":\"https:\/\/kapitalis.com\/tunisie\/#website\",\"url\":\"https:\/\/kapitalis.com\/tunisie\/\",\"name\":\"Kapitalis\",\"description\":\"L&#039;actualit\u00e9 en Tunisie et dans le monde\",\"publisher\":{\"@id\":\"https:\/\/kapitalis.com\/tunisie\/#organization\"},\"potentialAction\":[{\"@type\":\"SearchAction\",\"target\":{\"@type\":\"EntryPoint\",\"urlTemplate\":\"https:\/\/kapitalis.com\/tunisie\/?s={search_term_string}\"},\"query-input\":{\"@type\":\"PropertyValueSpecification\",\"valueRequired\":true,\"valueName\":\"search_term_string\"}}],\"inLanguage\":\"fr-FR\"},{\"@type\":\"Organization\",\"@id\":\"https:\/\/kapitalis.com\/tunisie\/#organization\",\"name\":\"Kapitalis\",\"url\":\"https:\/\/kapitalis.com\/tunisie\/\",\"logo\":{\"@type\":\"ImageObject\",\"inLanguage\":\"fr-FR\",\"@id\":\"https:\/\/kapitalis.com\/tunisie\/#\/schema\/logo\/image\/\",\"url\":\"https:\/\/kapitalis.com\/tunisie\/wp-content\/uploads\/2022\/05\/Kapitalis-big-size.png\",\"contentUrl\":\"https:\/\/kapitalis.com\/tunisie\/wp-content\/uploads\/2022\/05\/Kapitalis-big-size.png\",\"width\":5000,\"height\":1500,\"caption\":\"Kapitalis\"},\"image\":{\"@id\":\"https:\/\/kapitalis.com\/tunisie\/#\/schema\/logo\/image\/\"},\"sameAs\":[\"https:\/\/www.facebook.com\/KapitalisInfo\/\",\"https:\/\/x.com\/KapitalisInfo\",\"https:\/\/www.youtube.com\/channel\/UC-yDYrHyfFBWWZaOw3FPg9Q\"]},{\"@type\":\"Person\",\"@id\":\"https:\/\/kapitalis.com\/tunisie\/#\/schema\/person\/2c6e134b2f3369dffcd1daf5f087d28b\",\"name\":\"emna benabdallah\",\"url\":\"https:\/\/kapitalis.com\/tunisie\/author\/emna\/\"}]}<\/script>\n<!-- \/ Yoast SEO plugin. -->","yoast_head_json":{"title":"Wajdi Ghanim appelle au jihad contre la Tunisie et les Tunisiens - Kapitalis","robots":{"index":"index","follow":"follow","max-snippet":"max-snippet:-1","max-image-preview":"max-image-preview:large","max-video-preview":"max-video-preview:-1"},"canonical":"https:\/\/kapitalis.com\/tunisie\/2017\/08\/21\/wajdi-ghanim-appelle-au-jihad-contre-la-tunisie-et-les-tunisiens\/","og_locale":"fr_FR","og_type":"article","og_title":"Wajdi Ghanim appelle au jihad contre la Tunisie et les Tunisiens - Kapitalis","og_description":"Wajdi Ghanim \u00e0 Tunis\u00a0en 2012, \u00e0 l&rsquo;invitation des islamistes d&rsquo;Ennahdha.\u00a0 Le pr\u00e9dicateur extr\u00e9miste \u00e9gyptien, Wajdi Ghanim, a trait\u00e9 le pr\u00e9sident Ca\u00efd Essebsi et les Tunisiens de m\u00e9cr\u00e9ants. Ce qui \u00e9quivaut \u00e0 un appel au meurtre.","og_url":"https:\/\/kapitalis.com\/tunisie\/2017\/08\/21\/wajdi-ghanim-appelle-au-jihad-contre-la-tunisie-et-les-tunisiens\/","og_site_name":"Kapitalis","article_publisher":"https:\/\/www.facebook.com\/KapitalisInfo\/","article_published_time":"2017-08-21T10:21:18+00:00","article_modified_time":"2017-08-21T10:34:34+00:00","og_image":[{"width":1200,"height":630,"url":"https:\/\/kapitalis.com\/tunisie\/wp-content\/uploads\/2022\/05\/kapitalis-logo-fb.png","type":"image\/png"}],"author":"emna benabdallah","twitter_card":"summary_large_image","twitter_creator":"@KapitalisInfo","twitter_site":"@KapitalisInfo","twitter_misc":{"\u00c9crit par":"emna benabdallah","Dur\u00e9e de lecture estim\u00e9e":"2 minutes"},"schema":{"@context":"https:\/\/schema.org","@graph":[{"@type":"Article","@id":"https:\/\/kapitalis.com\/tunisie\/2017\/08\/21\/wajdi-ghanim-appelle-au-jihad-contre-la-tunisie-et-les-tunisiens\/#article","isPartOf":{"@id":"https:\/\/kapitalis.com\/tunisie\/2017\/08\/21\/wajdi-ghanim-appelle-au-jihad-contre-la-tunisie-et-les-tunisiens\/"},"author":{"name":"emna benabdallah","@id":"https:\/\/kapitalis.com\/tunisie\/#\/schema\/person\/2c6e134b2f3369dffcd1daf5f087d28b"},"headline":"Wajdi Ghanim appelle au jihad contre la Tunisie et les Tunisiens","datePublished":"2017-08-21T10:21:18+00:00","dateModified":"2017-08-21T10:34:34+00:00","mainEntityOfPage":{"@id":"https:\/\/kapitalis.com\/tunisie\/2017\/08\/21\/wajdi-ghanim-appelle-au-jihad-contre-la-tunisie-et-les-tunisiens\/"},"wordCount":452,"commentCount":21,"publisher":{"@id":"https:\/\/kapitalis.com\/tunisie\/#organization"},"image":{"@id":"https:\/\/kapitalis.com\/tunisie\/2017\/08\/21\/wajdi-ghanim-appelle-au-jihad-contre-la-tunisie-et-les-tunisiens\/#primaryimage"},"thumbnailUrl":"","keywords":["charia","Habib Bourguiba","Wajdi Ghanim"],"articleSection":["SOCIETE","Tunisie","VIDEOS"],"inLanguage":"fr-FR","potentialAction":[{"@type":"CommentAction","name":"Comment","target":["https:\/\/kapitalis.com\/tunisie\/2017\/08\/21\/wajdi-ghanim-appelle-au-jihad-contre-la-tunisie-et-les-tunisiens\/#respond"]}]},{"@type":"WebPage","@id":"https:\/\/kapitalis.com\/tunisie\/2017\/08\/21\/wajdi-ghanim-appelle-au-jihad-contre-la-tunisie-et-les-tunisiens\/","url":"https:\/\/kapitalis.com\/tunisie\/2017\/08\/21\/wajdi-ghanim-appelle-au-jihad-contre-la-tunisie-et-les-tunisiens\/","name":"Wajdi Ghanim appelle au jihad contre la Tunisie et les Tunisiens - Kapitalis","isPartOf":{"@id":"https:\/\/kapitalis.com\/tunisie\/#website"},"primaryImageOfPage":{"@id":"https:\/\/kapitalis.com\/tunisie\/2017\/08\/21\/wajdi-ghanim-appelle-au-jihad-contre-la-tunisie-et-les-tunisiens\/#primaryimage"},"image":{"@id":"https:\/\/kapitalis.com\/tunisie\/2017\/08\/21\/wajdi-ghanim-appelle-au-jihad-contre-la-tunisie-et-les-tunisiens\/#primaryimage"},"thumbnailUrl":"","datePublished":"2017-08-21T10:21:18+00:00","dateModified":"2017-08-21T10:34:34+00:00","breadcrumb":{"@id":"https:\/\/kapitalis.com\/tunisie\/2017\/08\/21\/wajdi-ghanim-appelle-au-jihad-contre-la-tunisie-et-les-tunisiens\/#breadcrumb"},"inLanguage":"fr-FR","potentialAction":[{"@type":"ReadAction","target":["https:\/\/kapitalis.com\/tunisie\/2017\/08\/21\/wajdi-ghanim-appelle-au-jihad-contre-la-tunisie-et-les-tunisiens\/"]}]},{"@type":"ImageObject","inLanguage":"fr-FR","@id":"https:\/\/kapitalis.com\/tunisie\/2017\/08\/21\/wajdi-ghanim-appelle-au-jihad-contre-la-tunisie-et-les-tunisiens\/#primaryimage","url":"","contentUrl":""},{"@type":"BreadcrumbList","@id":"https:\/\/kapitalis.com\/tunisie\/2017\/08\/21\/wajdi-ghanim-appelle-au-jihad-contre-la-tunisie-et-les-tunisiens\/#breadcrumb","itemListElement":[{"@type":"ListItem","position":1,"name":"Accueil","item":"https:\/\/kapitalis.com\/tunisie\/"},{"@type":"ListItem","position":2,"name":"Wajdi Ghanim appelle au jihad contre la Tunisie et les Tunisiens"}]},{"@type":"WebSite","@id":"https:\/\/kapitalis.com\/tunisie\/#website","url":"https:\/\/kapitalis.com\/tunisie\/","name":"Kapitalis","description":"L&#039;actualit\u00e9 en Tunisie et dans le monde","publisher":{"@id":"https:\/\/kapitalis.com\/tunisie\/#organization"},"potentialAction":[{"@type":"SearchAction","target":{"@type":"EntryPoint","urlTemplate":"https:\/\/kapitalis.com\/tunisie\/?s={search_term_string}"},"query-input":{"@type":"PropertyValueSpecification","valueRequired":true,"valueName":"search_term_string"}}],"inLanguage":"fr-FR"},{"@type":"Organization","@id":"https:\/\/kapitalis.com\/tunisie\/#organization","name":"Kapitalis","url":"https:\/\/kapitalis.com\/tunisie\/","logo":{"@type":"ImageObject","inLanguage":"fr-FR","@id":"https:\/\/kapitalis.com\/tunisie\/#\/schema\/logo\/image\/","url":"https:\/\/kapitalis.com\/tunisie\/wp-content\/uploads\/2022\/05\/Kapitalis-big-size.png","contentUrl":"https:\/\/kapitalis.com\/tunisie\/wp-content\/uploads\/2022\/05\/Kapitalis-big-size.png","width":5000,"height":1500,"caption":"Kapitalis"},"image":{"@id":"https:\/\/kapitalis.com\/tunisie\/#\/schema\/logo\/image\/"},"sameAs":["https:\/\/www.facebook.com\/KapitalisInfo\/","https:\/\/x.com\/KapitalisInfo","https:\/\/www.youtube.com\/channel\/UC-yDYrHyfFBWWZaOw3FPg9Q"]},{"@type":"Person","@id":"https:\/\/kapitalis.com\/tunisie\/#\/schema\/person\/2c6e134b2f3369dffcd1daf5f087d28b","name":"emna benabdallah","url":"https:\/\/kapitalis.com\/tunisie\/author\/emna\/"}]}},"_links":{"self":[{"href":"https:\/\/kapitalis.com\/tunisie\/wp-json\/wp\/v2\/posts\/110997","targetHints":{"allow":["GET"]}}],"collection":[{"href":"https:\/\/kapitalis.com\/tunisie\/wp-json\/wp\/v2\/posts"}],"about":[{"href":"https:\/\/kapitalis.com\/tunisie\/wp-json\/wp\/v2\/types\/post"}],"author":[{"embeddable":true,"href":"https:\/\/kapitalis.com\/tunisie\/wp-json\/wp\/v2\/users\/16"}],"replies":[{"embeddable":true,"href":"https:\/\/kapitalis.com\/tunisie\/wp-json\/wp\/v2\/comments?post=110997"}],"version-history":[{"count":0,"href":"https:\/\/kapitalis.com\/tunisie\/wp-json\/wp\/v2\/posts\/110997\/revisions"}],"wp:featuredmedia":[{"embeddable":true,"href":"https:\/\/kapitalis.com\/tunisie\/wp-json\/wp\/v2\/media\/111003"}],"wp:attachment":[{"href":"https:\/\/kapitalis.com\/tunisie\/wp-json\/wp\/v2\/media?parent=110997"}],"wp:term":[{"taxonomy":"category","embeddable":true,"href":"https:\/\/kapitalis.com\/tunisie\/wp-json\/wp\/v2\/categories?post=110997"},{"taxonomy":"post_tag","embeddable":true,"href":"https:\/\/kapitalis.com\/tunisie\/wp-json\/wp\/v2\/tags?post=110997"}],"curies":[{"name":"wp","href":"https:\/\/api.w.org\/{rel}","templated":true}]}}