{"id":11111319,"date":"2023-12-30T20:56:44","date_gmt":"2023-12-30T19:56:44","guid":{"rendered":"https:\/\/kapitalis.com\/tunisie\/?p=11111319"},"modified":"2023-12-30T20:56:46","modified_gmt":"2023-12-30T19:56:46","slug":"la-garde-a-vue-de-zied-el-heni-prolongee-rassemblement-de-soutien-le-1er-janvier","status":"publish","type":"post","link":"https:\/\/kapitalis.com\/tunisie\/2023\/12\/30\/la-garde-a-vue-de-zied-el-heni-prolongee-rassemblement-de-soutien-le-1er-janvier\/","title":{"rendered":"La garde \u00e0 vue de Zied El-Heni prolong\u00e9e : Rassemblement de soutien le 1er janvier"},"content":{"rendered":"\n<p><strong><em>Le syndicat national des journalistes tunisiens (SNJT) organise un rassemblement devant le tribunal de premi\u00e8re instance de Tunis le lundi 1er janvier 2024, afin de soutenir Zied El-Heni, dont la garde \u00e0 vue a \u00e9t\u00e9 prolong\u00e9e de 48h.<\/em><\/strong><\/p>\n\n\n\n<!--more-->\n\n\n\n<p>Dans son communiqu\u00e9 publi\u00e9 ce samedi 30 d\u00e9cembre 2023, le SNJT a appel\u00e9 les journalistes et les forces libres \u00e0 participer au rassemblement pr\u00e9vu \u00e0 partir de 10h devant le tribunal de premi\u00e8re instance de Tunis, qui vise \u00e9galement \u00e0 r\u00e9clamer la lib\u00e9ration imm\u00e9diate du journaliste.<\/p>\n\n\n\n<p>Le Syndicat, qui a de nouveau d\u00e9nonc\u00e9 en violation flagrante des proc\u00e9dures l\u00e9gales r\u00e9gissant les poursuites contre les journalistes, a point\u00e9 du doigt des d\u00e9rives du pouvoir en place portant atteinte aux droits et aux libert\u00e9s et particulier \u00e0 la libert\u00e9 d\u2019expression et de presse.<\/p>\n\n\n\n<p>Rappelons que Zied El-Heni a \u00e9t\u00e9 plac\u00e9 en garde \u00e0 vue jeudi dernier apr\u00e8s avoir comparu en tant qu\u2019accus\u00e9 sur la base du d\u00e9cret 54 \u00e0 propos d&rsquo;une d\u00e9claration sur la ministre du Commerce sur la radio IFM o\u00f9 il est chroniqueur.<\/p>\n\n\n\n<p class=\"has-text-align-right\"><strong>Y. N.<\/strong><\/p>\n\n\n\n<figure class=\"wp-block-embed is-type-wp-embed is-provider-kapitalis wp-block-embed-kapitalis\"><div class=\"wp-block-embed__wrapper\">\n<blockquote class=\"wp-embedded-content\" data-secret=\"Zr6a3XwLN6\"><a href=\"https:\/\/kapitalis.com\/tunisie\/2023\/12\/29\/tunisie-le-snjt-condamne-la-mise-en-garde-a-vue-de-zied-el-heni\/\">Tunisie : Le Snjt condamne la mise en garde \u00e0 vue de Zied El-Heni<\/a><\/blockquote><iframe loading=\"lazy\" class=\"wp-embedded-content\" sandbox=\"allow-scripts\" security=\"restricted\" style=\"position: absolute; clip: rect(1px, 1px, 1px, 1px);\" title=\"\u00ab\u00a0Tunisie : Le Snjt condamne la mise en garde \u00e0 vue de Zied El-Heni\u00a0\u00bb &#8212; Kapitalis\" src=\"https:\/\/kapitalis.com\/tunisie\/2023\/12\/29\/tunisie-le-snjt-condamne-la-mise-en-garde-a-vue-de-zied-el-heni\/embed\/#?secret=EFsKemgiMu#?secret=Zr6a3XwLN6\" data-secret=\"Zr6a3XwLN6\" width=\"600\" height=\"338\" frameborder=\"0\" marginwidth=\"0\" marginheight=\"0\" scrolling=\"no\"><\/iframe>\n<\/div><\/figure>\n","protected":false},"excerpt":{"rendered":"<p>Le syndicat national des journalistes tunisiens (SNJT) organise un rassemblement devant le tribunal de premi\u00e8re instance de Tunis le lundi 1er janvier 2024, afin de soutenir Zied El-Heni, dont la garde \u00e0 vue a \u00e9t\u00e9 prolong\u00e9e de 48h.<\/p>\n","protected":false},"author":6,"featured_media":8458669,"comment_status":"open","ping_status":"open","sticky":false,"template":"","format":"standard","meta":{"footnotes":""},"categories":[996,997,2433],"tags":[16297,1380,767,838,69352,64491,62643,92357],"class_list":["post-11111319","post","type-post","status-publish","format-standard","has-post-thumbnail","hentry","category-media","category-politique","category-tunisie","tag-ifm","tag-journaliste","tag-rassemblement","tag-snjt","tag-tribunal-de-premiere-instance","tag-tunis","tag-tunisie","tag-zied-el-heni"],"yoast_head":"<!-- This site is optimized with the Yoast SEO plugin v26.6 - https:\/\/yoast.com\/wordpress\/plugins\/seo\/ -->\n<title>La garde \u00e0 vue de Zied El-Heni prolong\u00e9e : Rassemblement de soutien le 1er janvier - Kapitalis<\/title>\n<meta name=\"robots\" content=\"index, follow, max-snippet:-1, max-image-preview:large, max-video-preview:-1\" \/>\n<link rel=\"canonical\" href=\"https:\/\/kapitalis.com\/tunisie\/2023\/12\/30\/la-garde-a-vue-de-zied-el-heni-prolongee-rassemblement-de-soutien-le-1er-janvier\/\" \/>\n<meta property=\"og:locale\" content=\"fr_FR\" \/>\n<meta property=\"og:type\" content=\"article\" \/>\n<meta property=\"og:title\" content=\"La garde \u00e0 vue de Zied El-Heni prolong\u00e9e : Rassemblement de soutien le 1er janvier - Kapitalis\" \/>\n<meta property=\"og:description\" content=\"Le syndicat national des journalistes tunisiens (SNJT) organise un rassemblement devant le tribunal de premi\u00e8re instance de Tunis le lundi 1er janvier 2024, afin de soutenir Zied El-Heni, dont la garde \u00e0 vue a \u00e9t\u00e9 prolong\u00e9e de 48h.\" \/>\n<meta property=\"og:url\" content=\"https:\/\/kapitalis.com\/tunisie\/2023\/12\/30\/la-garde-a-vue-de-zied-el-heni-prolongee-rassemblement-de-soutien-le-1er-janvier\/\" \/>\n<meta property=\"og:site_name\" content=\"Kapitalis\" \/>\n<meta property=\"article:publisher\" content=\"https:\/\/www.facebook.com\/KapitalisInfo\/\" \/>\n<meta property=\"article:published_time\" content=\"2023-12-30T19:56:44+00:00\" \/>\n<meta property=\"article:modified_time\" content=\"2023-12-30T19:56:46+00:00\" \/>\n<meta property=\"og:image\" content=\"https:\/\/kapitalis.com\/tunisie\/wp-content\/uploads\/2023\/06\/Zied-El-Heni.jpg\" \/>\n\t<meta property=\"og:image:width\" content=\"1200\" \/>\n\t<meta property=\"og:image:height\" content=\"630\" \/>\n\t<meta property=\"og:image:type\" content=\"image\/jpeg\" \/>\n<meta name=\"author\" content=\"Yusra NY\" \/>\n<meta name=\"twitter:card\" content=\"summary_large_image\" \/>\n<meta name=\"twitter:creator\" content=\"@KapitalisInfo\" \/>\n<meta name=\"twitter:site\" content=\"@KapitalisInfo\" \/>\n<meta name=\"twitter:label1\" content=\"\u00c9crit par\" \/>\n\t<meta name=\"twitter:data1\" content=\"Yusra NY\" \/>\n\t<meta name=\"twitter:label2\" content=\"Dur\u00e9e de lecture estim\u00e9e\" \/>\n\t<meta name=\"twitter:data2\" content=\"1 minute\" \/>\n<script type=\"application\/ld+json\" class=\"yoast-schema-graph\">{\"@context\":\"https:\/\/schema.org\",\"@graph\":[{\"@type\":\"Article\",\"@id\":\"https:\/\/kapitalis.com\/tunisie\/2023\/12\/30\/la-garde-a-vue-de-zied-el-heni-prolongee-rassemblement-de-soutien-le-1er-janvier\/#article\",\"isPartOf\":{\"@id\":\"https:\/\/kapitalis.com\/tunisie\/2023\/12\/30\/la-garde-a-vue-de-zied-el-heni-prolongee-rassemblement-de-soutien-le-1er-janvier\/\"},\"author\":{\"name\":\"Yusra NY\",\"@id\":\"https:\/\/kapitalis.com\/tunisie\/#\/schema\/person\/74bbde0154d49d790a92aaeac5bc01d5\"},\"headline\":\"La garde \u00e0 vue de Zied El-Heni prolong\u00e9e : Rassemblement de soutien le 1er janvier\",\"datePublished\":\"2023-12-30T19:56:44+00:00\",\"dateModified\":\"2023-12-30T19:56:46+00:00\",\"mainEntityOfPage\":{\"@id\":\"https:\/\/kapitalis.com\/tunisie\/2023\/12\/30\/la-garde-a-vue-de-zied-el-heni-prolongee-rassemblement-de-soutien-le-1er-janvier\/\"},\"wordCount\":200,\"commentCount\":0,\"publisher\":{\"@id\":\"https:\/\/kapitalis.com\/tunisie\/#organization\"},\"image\":{\"@id\":\"https:\/\/kapitalis.com\/tunisie\/2023\/12\/30\/la-garde-a-vue-de-zied-el-heni-prolongee-rassemblement-de-soutien-le-1er-janvier\/#primaryimage\"},\"thumbnailUrl\":\"https:\/\/kapitalis.com\/tunisie\/wp-content\/uploads\/2023\/06\/Zied-El-Heni.jpg\",\"keywords\":[\"IFM\",\"journaliste\",\"rassemblement\",\"SNJT\",\"Tribunal de premi\u00e8re instance\",\"Tunis\",\"Tunisie\",\"Zied El-Heni\"],\"articleSection\":[\"MEDIA\",\"POLITIQUE\",\"Tunisie\"],\"inLanguage\":\"fr-FR\",\"potentialAction\":[{\"@type\":\"CommentAction\",\"name\":\"Comment\",\"target\":[\"https:\/\/kapitalis.com\/tunisie\/2023\/12\/30\/la-garde-a-vue-de-zied-el-heni-prolongee-rassemblement-de-soutien-le-1er-janvier\/#respond\"]}]},{\"@type\":\"WebPage\",\"@id\":\"https:\/\/kapitalis.com\/tunisie\/2023\/12\/30\/la-garde-a-vue-de-zied-el-heni-prolongee-rassemblement-de-soutien-le-1er-janvier\/\",\"url\":\"https:\/\/kapitalis.com\/tunisie\/2023\/12\/30\/la-garde-a-vue-de-zied-el-heni-prolongee-rassemblement-de-soutien-le-1er-janvier\/\",\"name\":\"La garde \u00e0 vue de Zied El-Heni prolong\u00e9e : Rassemblement de soutien le 1er janvier - Kapitalis\",\"isPartOf\":{\"@id\":\"https:\/\/kapitalis.com\/tunisie\/#website\"},\"primaryImageOfPage\":{\"@id\":\"https:\/\/kapitalis.com\/tunisie\/2023\/12\/30\/la-garde-a-vue-de-zied-el-heni-prolongee-rassemblement-de-soutien-le-1er-janvier\/#primaryimage\"},\"image\":{\"@id\":\"https:\/\/kapitalis.com\/tunisie\/2023\/12\/30\/la-garde-a-vue-de-zied-el-heni-prolongee-rassemblement-de-soutien-le-1er-janvier\/#primaryimage\"},\"thumbnailUrl\":\"https:\/\/kapitalis.com\/tunisie\/wp-content\/uploads\/2023\/06\/Zied-El-Heni.jpg\",\"datePublished\":\"2023-12-30T19:56:44+00:00\",\"dateModified\":\"2023-12-30T19:56:46+00:00\",\"breadcrumb\":{\"@id\":\"https:\/\/kapitalis.com\/tunisie\/2023\/12\/30\/la-garde-a-vue-de-zied-el-heni-prolongee-rassemblement-de-soutien-le-1er-janvier\/#breadcrumb\"},\"inLanguage\":\"fr-FR\",\"potentialAction\":[{\"@type\":\"ReadAction\",\"target\":[\"https:\/\/kapitalis.com\/tunisie\/2023\/12\/30\/la-garde-a-vue-de-zied-el-heni-prolongee-rassemblement-de-soutien-le-1er-janvier\/\"]}]},{\"@type\":\"ImageObject\",\"inLanguage\":\"fr-FR\",\"@id\":\"https:\/\/kapitalis.com\/tunisie\/2023\/12\/30\/la-garde-a-vue-de-zied-el-heni-prolongee-rassemblement-de-soutien-le-1er-janvier\/#primaryimage\",\"url\":\"https:\/\/kapitalis.com\/tunisie\/wp-content\/uploads\/2023\/06\/Zied-El-Heni.jpg\",\"contentUrl\":\"https:\/\/kapitalis.com\/tunisie\/wp-content\/uploads\/2023\/06\/Zied-El-Heni.jpg\",\"width\":1200,\"height\":630},{\"@type\":\"BreadcrumbList\",\"@id\":\"https:\/\/kapitalis.com\/tunisie\/2023\/12\/30\/la-garde-a-vue-de-zied-el-heni-prolongee-rassemblement-de-soutien-le-1er-janvier\/#breadcrumb\",\"itemListElement\":[{\"@type\":\"ListItem\",\"position\":1,\"name\":\"Accueil\",\"item\":\"https:\/\/kapitalis.com\/tunisie\/\"},{\"@type\":\"ListItem\",\"position\":2,\"name\":\"La garde \u00e0 vue de Zied El-Heni prolong\u00e9e : Rassemblement de soutien le 1er janvier\"}]},{\"@type\":\"WebSite\",\"@id\":\"https:\/\/kapitalis.com\/tunisie\/#website\",\"url\":\"https:\/\/kapitalis.com\/tunisie\/\",\"name\":\"Kapitalis\",\"description\":\"L&#039;actualit\u00e9 en Tunisie et dans le monde\",\"publisher\":{\"@id\":\"https:\/\/kapitalis.com\/tunisie\/#organization\"},\"potentialAction\":[{\"@type\":\"SearchAction\",\"target\":{\"@type\":\"EntryPoint\",\"urlTemplate\":\"https:\/\/kapitalis.com\/tunisie\/?s={search_term_string}\"},\"query-input\":{\"@type\":\"PropertyValueSpecification\",\"valueRequired\":true,\"valueName\":\"search_term_string\"}}],\"inLanguage\":\"fr-FR\"},{\"@type\":\"Organization\",\"@id\":\"https:\/\/kapitalis.com\/tunisie\/#organization\",\"name\":\"Kapitalis\",\"url\":\"https:\/\/kapitalis.com\/tunisie\/\",\"logo\":{\"@type\":\"ImageObject\",\"inLanguage\":\"fr-FR\",\"@id\":\"https:\/\/kapitalis.com\/tunisie\/#\/schema\/logo\/image\/\",\"url\":\"https:\/\/kapitalis.com\/tunisie\/wp-content\/uploads\/2022\/05\/Kapitalis-big-size.png\",\"contentUrl\":\"https:\/\/kapitalis.com\/tunisie\/wp-content\/uploads\/2022\/05\/Kapitalis-big-size.png\",\"width\":5000,\"height\":1500,\"caption\":\"Kapitalis\"},\"image\":{\"@id\":\"https:\/\/kapitalis.com\/tunisie\/#\/schema\/logo\/image\/\"},\"sameAs\":[\"https:\/\/www.facebook.com\/KapitalisInfo\/\",\"https:\/\/x.com\/KapitalisInfo\",\"https:\/\/www.youtube.com\/channel\/UC-yDYrHyfFBWWZaOw3FPg9Q\"]},{\"@type\":\"Person\",\"@id\":\"https:\/\/kapitalis.com\/tunisie\/#\/schema\/person\/74bbde0154d49d790a92aaeac5bc01d5\",\"name\":\"Yusra NY\",\"url\":\"https:\/\/kapitalis.com\/tunisie\/author\/yuza_adam\/\"}]}<\/script>\n<!-- \/ Yoast SEO plugin. -->","yoast_head_json":{"title":"La garde \u00e0 vue de Zied El-Heni prolong\u00e9e : Rassemblement de soutien le 1er janvier - Kapitalis","robots":{"index":"index","follow":"follow","max-snippet":"max-snippet:-1","max-image-preview":"max-image-preview:large","max-video-preview":"max-video-preview:-1"},"canonical":"https:\/\/kapitalis.com\/tunisie\/2023\/12\/30\/la-garde-a-vue-de-zied-el-heni-prolongee-rassemblement-de-soutien-le-1er-janvier\/","og_locale":"fr_FR","og_type":"article","og_title":"La garde \u00e0 vue de Zied El-Heni prolong\u00e9e : Rassemblement de soutien le 1er janvier - Kapitalis","og_description":"Le syndicat national des journalistes tunisiens (SNJT) organise un rassemblement devant le tribunal de premi\u00e8re instance de Tunis le lundi 1er janvier 2024, afin de soutenir Zied El-Heni, dont la garde \u00e0 vue a \u00e9t\u00e9 prolong\u00e9e de 48h.","og_url":"https:\/\/kapitalis.com\/tunisie\/2023\/12\/30\/la-garde-a-vue-de-zied-el-heni-prolongee-rassemblement-de-soutien-le-1er-janvier\/","og_site_name":"Kapitalis","article_publisher":"https:\/\/www.facebook.com\/KapitalisInfo\/","article_published_time":"2023-12-30T19:56:44+00:00","article_modified_time":"2023-12-30T19:56:46+00:00","og_image":[{"width":1200,"height":630,"url":"https:\/\/kapitalis.com\/tunisie\/wp-content\/uploads\/2023\/06\/Zied-El-Heni.jpg","type":"image\/jpeg"}],"author":"Yusra NY","twitter_card":"summary_large_image","twitter_creator":"@KapitalisInfo","twitter_site":"@KapitalisInfo","twitter_misc":{"\u00c9crit par":"Yusra NY","Dur\u00e9e de lecture estim\u00e9e":"1 minute"},"schema":{"@context":"https:\/\/schema.org","@graph":[{"@type":"Article","@id":"https:\/\/kapitalis.com\/tunisie\/2023\/12\/30\/la-garde-a-vue-de-zied-el-heni-prolongee-rassemblement-de-soutien-le-1er-janvier\/#article","isPartOf":{"@id":"https:\/\/kapitalis.com\/tunisie\/2023\/12\/30\/la-garde-a-vue-de-zied-el-heni-prolongee-rassemblement-de-soutien-le-1er-janvier\/"},"author":{"name":"Yusra NY","@id":"https:\/\/kapitalis.com\/tunisie\/#\/schema\/person\/74bbde0154d49d790a92aaeac5bc01d5"},"headline":"La garde \u00e0 vue de Zied El-Heni prolong\u00e9e : Rassemblement de soutien le 1er janvier","datePublished":"2023-12-30T19:56:44+00:00","dateModified":"2023-12-30T19:56:46+00:00","mainEntityOfPage":{"@id":"https:\/\/kapitalis.com\/tunisie\/2023\/12\/30\/la-garde-a-vue-de-zied-el-heni-prolongee-rassemblement-de-soutien-le-1er-janvier\/"},"wordCount":200,"commentCount":0,"publisher":{"@id":"https:\/\/kapitalis.com\/tunisie\/#organization"},"image":{"@id":"https:\/\/kapitalis.com\/tunisie\/2023\/12\/30\/la-garde-a-vue-de-zied-el-heni-prolongee-rassemblement-de-soutien-le-1er-janvier\/#primaryimage"},"thumbnailUrl":"https:\/\/kapitalis.com\/tunisie\/wp-content\/uploads\/2023\/06\/Zied-El-Heni.jpg","keywords":["IFM","journaliste","rassemblement","SNJT","Tribunal de premi\u00e8re instance","Tunis","Tunisie","Zied El-Heni"],"articleSection":["MEDIA","POLITIQUE","Tunisie"],"inLanguage":"fr-FR","potentialAction":[{"@type":"CommentAction","name":"Comment","target":["https:\/\/kapitalis.com\/tunisie\/2023\/12\/30\/la-garde-a-vue-de-zied-el-heni-prolongee-rassemblement-de-soutien-le-1er-janvier\/#respond"]}]},{"@type":"WebPage","@id":"https:\/\/kapitalis.com\/tunisie\/2023\/12\/30\/la-garde-a-vue-de-zied-el-heni-prolongee-rassemblement-de-soutien-le-1er-janvier\/","url":"https:\/\/kapitalis.com\/tunisie\/2023\/12\/30\/la-garde-a-vue-de-zied-el-heni-prolongee-rassemblement-de-soutien-le-1er-janvier\/","name":"La garde \u00e0 vue de Zied El-Heni prolong\u00e9e : Rassemblement de soutien le 1er janvier - Kapitalis","isPartOf":{"@id":"https:\/\/kapitalis.com\/tunisie\/#website"},"primaryImageOfPage":{"@id":"https:\/\/kapitalis.com\/tunisie\/2023\/12\/30\/la-garde-a-vue-de-zied-el-heni-prolongee-rassemblement-de-soutien-le-1er-janvier\/#primaryimage"},"image":{"@id":"https:\/\/kapitalis.com\/tunisie\/2023\/12\/30\/la-garde-a-vue-de-zied-el-heni-prolongee-rassemblement-de-soutien-le-1er-janvier\/#primaryimage"},"thumbnailUrl":"https:\/\/kapitalis.com\/tunisie\/wp-content\/uploads\/2023\/06\/Zied-El-Heni.jpg","datePublished":"2023-12-30T19:56:44+00:00","dateModified":"2023-12-30T19:56:46+00:00","breadcrumb":{"@id":"https:\/\/kapitalis.com\/tunisie\/2023\/12\/30\/la-garde-a-vue-de-zied-el-heni-prolongee-rassemblement-de-soutien-le-1er-janvier\/#breadcrumb"},"inLanguage":"fr-FR","potentialAction":[{"@type":"ReadAction","target":["https:\/\/kapitalis.com\/tunisie\/2023\/12\/30\/la-garde-a-vue-de-zied-el-heni-prolongee-rassemblement-de-soutien-le-1er-janvier\/"]}]},{"@type":"ImageObject","inLanguage":"fr-FR","@id":"https:\/\/kapitalis.com\/tunisie\/2023\/12\/30\/la-garde-a-vue-de-zied-el-heni-prolongee-rassemblement-de-soutien-le-1er-janvier\/#primaryimage","url":"https:\/\/kapitalis.com\/tunisie\/wp-content\/uploads\/2023\/06\/Zied-El-Heni.jpg","contentUrl":"https:\/\/kapitalis.com\/tunisie\/wp-content\/uploads\/2023\/06\/Zied-El-Heni.jpg","width":1200,"height":630},{"@type":"BreadcrumbList","@id":"https:\/\/kapitalis.com\/tunisie\/2023\/12\/30\/la-garde-a-vue-de-zied-el-heni-prolongee-rassemblement-de-soutien-le-1er-janvier\/#breadcrumb","itemListElement":[{"@type":"ListItem","position":1,"name":"Accueil","item":"https:\/\/kapitalis.com\/tunisie\/"},{"@type":"ListItem","position":2,"name":"La garde \u00e0 vue de Zied El-Heni prolong\u00e9e : Rassemblement de soutien le 1er janvier"}]},{"@type":"WebSite","@id":"https:\/\/kapitalis.com\/tunisie\/#website","url":"https:\/\/kapitalis.com\/tunisie\/","name":"Kapitalis","description":"L&#039;actualit\u00e9 en Tunisie et dans le monde","publisher":{"@id":"https:\/\/kapitalis.com\/tunisie\/#organization"},"potentialAction":[{"@type":"SearchAction","target":{"@type":"EntryPoint","urlTemplate":"https:\/\/kapitalis.com\/tunisie\/?s={search_term_string}"},"query-input":{"@type":"PropertyValueSpecification","valueRequired":true,"valueName":"search_term_string"}}],"inLanguage":"fr-FR"},{"@type":"Organization","@id":"https:\/\/kapitalis.com\/tunisie\/#organization","name":"Kapitalis","url":"https:\/\/kapitalis.com\/tunisie\/","logo":{"@type":"ImageObject","inLanguage":"fr-FR","@id":"https:\/\/kapitalis.com\/tunisie\/#\/schema\/logo\/image\/","url":"https:\/\/kapitalis.com\/tunisie\/wp-content\/uploads\/2022\/05\/Kapitalis-big-size.png","contentUrl":"https:\/\/kapitalis.com\/tunisie\/wp-content\/uploads\/2022\/05\/Kapitalis-big-size.png","width":5000,"height":1500,"caption":"Kapitalis"},"image":{"@id":"https:\/\/kapitalis.com\/tunisie\/#\/schema\/logo\/image\/"},"sameAs":["https:\/\/www.facebook.com\/KapitalisInfo\/","https:\/\/x.com\/KapitalisInfo","https:\/\/www.youtube.com\/channel\/UC-yDYrHyfFBWWZaOw3FPg9Q"]},{"@type":"Person","@id":"https:\/\/kapitalis.com\/tunisie\/#\/schema\/person\/74bbde0154d49d790a92aaeac5bc01d5","name":"Yusra NY","url":"https:\/\/kapitalis.com\/tunisie\/author\/yuza_adam\/"}]}},"_links":{"self":[{"href":"https:\/\/kapitalis.com\/tunisie\/wp-json\/wp\/v2\/posts\/11111319","targetHints":{"allow":["GET"]}}],"collection":[{"href":"https:\/\/kapitalis.com\/tunisie\/wp-json\/wp\/v2\/posts"}],"about":[{"href":"https:\/\/kapitalis.com\/tunisie\/wp-json\/wp\/v2\/types\/post"}],"author":[{"embeddable":true,"href":"https:\/\/kapitalis.com\/tunisie\/wp-json\/wp\/v2\/users\/6"}],"replies":[{"embeddable":true,"href":"https:\/\/kapitalis.com\/tunisie\/wp-json\/wp\/v2\/comments?post=11111319"}],"version-history":[{"count":2,"href":"https:\/\/kapitalis.com\/tunisie\/wp-json\/wp\/v2\/posts\/11111319\/revisions"}],"predecessor-version":[{"id":11111359,"href":"https:\/\/kapitalis.com\/tunisie\/wp-json\/wp\/v2\/posts\/11111319\/revisions\/11111359"}],"wp:featuredmedia":[{"embeddable":true,"href":"https:\/\/kapitalis.com\/tunisie\/wp-json\/wp\/v2\/media\/8458669"}],"wp:attachment":[{"href":"https:\/\/kapitalis.com\/tunisie\/wp-json\/wp\/v2\/media?parent=11111319"}],"wp:term":[{"taxonomy":"category","embeddable":true,"href":"https:\/\/kapitalis.com\/tunisie\/wp-json\/wp\/v2\/categories?post=11111319"},{"taxonomy":"post_tag","embeddable":true,"href":"https:\/\/kapitalis.com\/tunisie\/wp-json\/wp\/v2\/tags?post=11111319"}],"curies":[{"name":"wp","href":"https:\/\/api.w.org\/{rel}","templated":true}]}}