{"id":111121,"date":"2017-08-22T11:26:36","date_gmt":"2017-08-22T10:26:36","guid":{"rendered":"http:\/\/kapitalis.com\/tunisie\/?p=111121"},"modified":"2017-08-22T11:28:21","modified_gmt":"2017-08-22T10:28:21","slug":"maroc-viol-dune-handicapee-mentale-dans-un-bus","status":"publish","type":"post","link":"https:\/\/kapitalis.com\/tunisie\/2017\/08\/22\/maroc-viol-dune-handicapee-mentale-dans-un-bus\/","title":{"rendered":"Maroc : Viol d&rsquo;une handicap\u00e9e mentale dans un bus"},"content":{"rendered":"<p style=\"text-align: center;\"><img loading=\"lazy\" decoding=\"async\" class=\"alignnone size-full wp-image-111130\" src=\"http:\/\/kapitalis.com\/tunisie\/wp-content\/uploads\/2017\/08\/bus-maroc.jpg\" alt=\"\" width=\"626\" height=\"380\" \/><\/p>\n<p><em><strong>La police marocaine a arr\u00eat\u00e9, lundi 21 ao\u00fbt 2017, 6 individus pour avoir viol\u00e9e dans un bus une jeune femme atteinte d&rsquo;un handicap mentale.<\/strong><\/em><!--more--><\/p>\n<p>Depuis quelques jours, une vid\u00e9o circule sur les r\u00e9seaux sociaux montrant 6 individus, torses nus, touchant la victime dans des parties intimes de son corps.\u00a0Cette derni\u00e8re, \u00e0 moiti\u00e9 d\u00e9nud\u00e9e, pousse des cris de d\u00e9tresse, alors que le bus continue de rouler tranquillement, sans qu&rsquo;aucun passager n&rsquo;intervienne.<\/p>\n<p>La sc\u00e8ne a eu lieu \u00e0 Casablanca, le 18 ao\u00fbt courant.<\/p>\n<p><center><iframe loading=\"lazy\" style=\"border: none; overflow: hidden;\" src=\"https:\/\/www.facebook.com\/plugins\/video.php?href=https%3A%2F%2Fwww.facebook.com%2Fwahiiid7585%2Fvideos%2F858551230963512%2F&amp;show_text=0&amp;width=560\" width=\"560\" height=\"315\" frameborder=\"0\" scrolling=\"no\" allowfullscreen=\"allowfullscreen\"><\/iframe><\/center>Cette vid\u00e9o a suscit\u00e9 un toll\u00e9 d\u2019indignation parmi les internautes sur Facebook.<\/p>\n<p>En r\u00e9action \u00e0 ce scandale, les autorit\u00e9s marocaines ont annonc\u00e9, dans un communiqu\u00e9 publi\u00e9 lundi 21 ao\u00fbt 2017, que les 6 agresseurs, \u00e2g\u00e9s entre 15 et 17 ans, ont \u00e9t\u00e9 arr\u00eat\u00e9s et sont plac\u00e9s sous surveillance polici\u00e8re.<\/p>\n<p>Selon la cha\u00eene marocaine 2M, les agresseurs font partie\u00a0d&rsquo;une bande qui commet des actes criminels dans le quartier de Sidi Bernoussi, \u00e0 Casablanca.<\/p>\n<p>L&rsquo;association Touche pas \u00e0 mon enfant a lanc\u00e9, hier, un appel \u00e0 t\u00e9moins afin \u00ab<em>de traduire en justice cette horde barbare qui s&rsquo;est attaqu\u00e9e l\u00e2chement \u00e0 une jeune fille<\/em>\u00bb.<\/p>\n<p>Des internautes ont appel\u00e9 \u00e0 un sit-in le 23 ao\u00fbt \u00e0 Casablanca pour exprimer leur indignation, a rapport\u00e9 le site de la radio fran\u00e7aise\u00a0<a href=\"http:\/\/www.europe1.fr\/international\/le-maroc-en-emoi-apres-lagression-sexuelle-collective-dune-jeune-femme-dans-un-bus-3415961\">Europe 1<\/a>.<\/p>\n<p style=\"text-align: right;\"><strong>E. B. A.<\/strong><\/p>\n","protected":false},"excerpt":{"rendered":"<p>La police marocaine a arr\u00eat\u00e9, lundi 21 ao\u00fbt 2017, 6 individus pour avoir viol\u00e9e dans un bus une jeune femme atteinte d&rsquo;un handicap mentale.<\/p>\n","protected":false},"author":16,"featured_media":111130,"comment_status":"open","ping_status":"open","sticky":false,"template":"","format":"standard","meta":{"footnotes":""},"categories":[998,4806],"tags":[10623],"class_list":["post-111121","post","type-post","status-publish","format-standard","has-post-thumbnail","hentry","category-societe","category-videos","tag-casablanca"],"yoast_head":"<!-- This site is optimized with the Yoast SEO plugin v26.6 - https:\/\/yoast.com\/wordpress\/plugins\/seo\/ -->\n<title>Maroc : Viol d&#039;une handicap\u00e9e mentale dans un bus - Kapitalis<\/title>\n<meta name=\"robots\" content=\"index, follow, max-snippet:-1, max-image-preview:large, max-video-preview:-1\" \/>\n<link rel=\"canonical\" href=\"https:\/\/kapitalis.com\/tunisie\/2017\/08\/22\/maroc-viol-dune-handicapee-mentale-dans-un-bus\/\" \/>\n<meta property=\"og:locale\" content=\"fr_FR\" \/>\n<meta property=\"og:type\" content=\"article\" \/>\n<meta property=\"og:title\" content=\"Maroc : Viol d&#039;une handicap\u00e9e mentale dans un bus - Kapitalis\" \/>\n<meta property=\"og:description\" content=\"La police marocaine a arr\u00eat\u00e9, lundi 21 ao\u00fbt 2017, 6 individus pour avoir viol\u00e9e dans un bus une jeune femme atteinte d&rsquo;un handicap mentale.\" \/>\n<meta property=\"og:url\" content=\"https:\/\/kapitalis.com\/tunisie\/2017\/08\/22\/maroc-viol-dune-handicapee-mentale-dans-un-bus\/\" \/>\n<meta property=\"og:site_name\" content=\"Kapitalis\" \/>\n<meta property=\"article:publisher\" content=\"https:\/\/www.facebook.com\/KapitalisInfo\/\" \/>\n<meta property=\"article:published_time\" content=\"2017-08-22T10:26:36+00:00\" \/>\n<meta property=\"article:modified_time\" content=\"2017-08-22T10:28:21+00:00\" \/>\n<meta property=\"og:image\" content=\"https:\/\/kapitalis.com\/tunisie\/wp-content\/uploads\/2022\/05\/kapitalis-logo-fb.png\" \/>\n\t<meta property=\"og:image:width\" content=\"1200\" \/>\n\t<meta property=\"og:image:height\" content=\"630\" \/>\n\t<meta property=\"og:image:type\" content=\"image\/png\" \/>\n<meta name=\"author\" content=\"emna benabdallah\" \/>\n<meta name=\"twitter:card\" content=\"summary_large_image\" \/>\n<meta name=\"twitter:creator\" content=\"@KapitalisInfo\" \/>\n<meta name=\"twitter:site\" content=\"@KapitalisInfo\" \/>\n<meta name=\"twitter:label1\" content=\"\u00c9crit par\" \/>\n\t<meta name=\"twitter:data1\" content=\"emna benabdallah\" \/>\n\t<meta name=\"twitter:label2\" content=\"Dur\u00e9e de lecture estim\u00e9e\" \/>\n\t<meta name=\"twitter:data2\" content=\"1 minute\" \/>\n<script type=\"application\/ld+json\" class=\"yoast-schema-graph\">{\"@context\":\"https:\/\/schema.org\",\"@graph\":[{\"@type\":\"Article\",\"@id\":\"https:\/\/kapitalis.com\/tunisie\/2017\/08\/22\/maroc-viol-dune-handicapee-mentale-dans-un-bus\/#article\",\"isPartOf\":{\"@id\":\"https:\/\/kapitalis.com\/tunisie\/2017\/08\/22\/maroc-viol-dune-handicapee-mentale-dans-un-bus\/\"},\"author\":{\"name\":\"emna benabdallah\",\"@id\":\"https:\/\/kapitalis.com\/tunisie\/#\/schema\/person\/2c6e134b2f3369dffcd1daf5f087d28b\"},\"headline\":\"Maroc : Viol d&rsquo;une handicap\u00e9e mentale dans un bus\",\"datePublished\":\"2017-08-22T10:26:36+00:00\",\"dateModified\":\"2017-08-22T10:28:21+00:00\",\"mainEntityOfPage\":{\"@id\":\"https:\/\/kapitalis.com\/tunisie\/2017\/08\/22\/maroc-viol-dune-handicapee-mentale-dans-un-bus\/\"},\"wordCount\":228,\"commentCount\":0,\"publisher\":{\"@id\":\"https:\/\/kapitalis.com\/tunisie\/#organization\"},\"image\":{\"@id\":\"https:\/\/kapitalis.com\/tunisie\/2017\/08\/22\/maroc-viol-dune-handicapee-mentale-dans-un-bus\/#primaryimage\"},\"thumbnailUrl\":\"\",\"keywords\":[\"Casablanca\"],\"articleSection\":[\"SOCIETE\",\"VIDEOS\"],\"inLanguage\":\"fr-FR\",\"potentialAction\":[{\"@type\":\"CommentAction\",\"name\":\"Comment\",\"target\":[\"https:\/\/kapitalis.com\/tunisie\/2017\/08\/22\/maroc-viol-dune-handicapee-mentale-dans-un-bus\/#respond\"]}]},{\"@type\":\"WebPage\",\"@id\":\"https:\/\/kapitalis.com\/tunisie\/2017\/08\/22\/maroc-viol-dune-handicapee-mentale-dans-un-bus\/\",\"url\":\"https:\/\/kapitalis.com\/tunisie\/2017\/08\/22\/maroc-viol-dune-handicapee-mentale-dans-un-bus\/\",\"name\":\"Maroc : Viol d'une handicap\u00e9e mentale dans un bus - Kapitalis\",\"isPartOf\":{\"@id\":\"https:\/\/kapitalis.com\/tunisie\/#website\"},\"primaryImageOfPage\":{\"@id\":\"https:\/\/kapitalis.com\/tunisie\/2017\/08\/22\/maroc-viol-dune-handicapee-mentale-dans-un-bus\/#primaryimage\"},\"image\":{\"@id\":\"https:\/\/kapitalis.com\/tunisie\/2017\/08\/22\/maroc-viol-dune-handicapee-mentale-dans-un-bus\/#primaryimage\"},\"thumbnailUrl\":\"\",\"datePublished\":\"2017-08-22T10:26:36+00:00\",\"dateModified\":\"2017-08-22T10:28:21+00:00\",\"breadcrumb\":{\"@id\":\"https:\/\/kapitalis.com\/tunisie\/2017\/08\/22\/maroc-viol-dune-handicapee-mentale-dans-un-bus\/#breadcrumb\"},\"inLanguage\":\"fr-FR\",\"potentialAction\":[{\"@type\":\"ReadAction\",\"target\":[\"https:\/\/kapitalis.com\/tunisie\/2017\/08\/22\/maroc-viol-dune-handicapee-mentale-dans-un-bus\/\"]}]},{\"@type\":\"ImageObject\",\"inLanguage\":\"fr-FR\",\"@id\":\"https:\/\/kapitalis.com\/tunisie\/2017\/08\/22\/maroc-viol-dune-handicapee-mentale-dans-un-bus\/#primaryimage\",\"url\":\"\",\"contentUrl\":\"\"},{\"@type\":\"BreadcrumbList\",\"@id\":\"https:\/\/kapitalis.com\/tunisie\/2017\/08\/22\/maroc-viol-dune-handicapee-mentale-dans-un-bus\/#breadcrumb\",\"itemListElement\":[{\"@type\":\"ListItem\",\"position\":1,\"name\":\"Accueil\",\"item\":\"https:\/\/kapitalis.com\/tunisie\/\"},{\"@type\":\"ListItem\",\"position\":2,\"name\":\"Maroc : Viol d&rsquo;une handicap\u00e9e mentale dans un bus\"}]},{\"@type\":\"WebSite\",\"@id\":\"https:\/\/kapitalis.com\/tunisie\/#website\",\"url\":\"https:\/\/kapitalis.com\/tunisie\/\",\"name\":\"Kapitalis\",\"description\":\"L&#039;actualit\u00e9 en Tunisie et dans le monde\",\"publisher\":{\"@id\":\"https:\/\/kapitalis.com\/tunisie\/#organization\"},\"potentialAction\":[{\"@type\":\"SearchAction\",\"target\":{\"@type\":\"EntryPoint\",\"urlTemplate\":\"https:\/\/kapitalis.com\/tunisie\/?s={search_term_string}\"},\"query-input\":{\"@type\":\"PropertyValueSpecification\",\"valueRequired\":true,\"valueName\":\"search_term_string\"}}],\"inLanguage\":\"fr-FR\"},{\"@type\":\"Organization\",\"@id\":\"https:\/\/kapitalis.com\/tunisie\/#organization\",\"name\":\"Kapitalis\",\"url\":\"https:\/\/kapitalis.com\/tunisie\/\",\"logo\":{\"@type\":\"ImageObject\",\"inLanguage\":\"fr-FR\",\"@id\":\"https:\/\/kapitalis.com\/tunisie\/#\/schema\/logo\/image\/\",\"url\":\"https:\/\/kapitalis.com\/tunisie\/wp-content\/uploads\/2022\/05\/Kapitalis-big-size.png\",\"contentUrl\":\"https:\/\/kapitalis.com\/tunisie\/wp-content\/uploads\/2022\/05\/Kapitalis-big-size.png\",\"width\":5000,\"height\":1500,\"caption\":\"Kapitalis\"},\"image\":{\"@id\":\"https:\/\/kapitalis.com\/tunisie\/#\/schema\/logo\/image\/\"},\"sameAs\":[\"https:\/\/www.facebook.com\/KapitalisInfo\/\",\"https:\/\/x.com\/KapitalisInfo\",\"https:\/\/www.youtube.com\/channel\/UC-yDYrHyfFBWWZaOw3FPg9Q\"]},{\"@type\":\"Person\",\"@id\":\"https:\/\/kapitalis.com\/tunisie\/#\/schema\/person\/2c6e134b2f3369dffcd1daf5f087d28b\",\"name\":\"emna benabdallah\",\"url\":\"https:\/\/kapitalis.com\/tunisie\/author\/emna\/\"}]}<\/script>\n<!-- \/ Yoast SEO plugin. -->","yoast_head_json":{"title":"Maroc : Viol d'une handicap\u00e9e mentale dans un bus - Kapitalis","robots":{"index":"index","follow":"follow","max-snippet":"max-snippet:-1","max-image-preview":"max-image-preview:large","max-video-preview":"max-video-preview:-1"},"canonical":"https:\/\/kapitalis.com\/tunisie\/2017\/08\/22\/maroc-viol-dune-handicapee-mentale-dans-un-bus\/","og_locale":"fr_FR","og_type":"article","og_title":"Maroc : Viol d'une handicap\u00e9e mentale dans un bus - Kapitalis","og_description":"La police marocaine a arr\u00eat\u00e9, lundi 21 ao\u00fbt 2017, 6 individus pour avoir viol\u00e9e dans un bus une jeune femme atteinte d&rsquo;un handicap mentale.","og_url":"https:\/\/kapitalis.com\/tunisie\/2017\/08\/22\/maroc-viol-dune-handicapee-mentale-dans-un-bus\/","og_site_name":"Kapitalis","article_publisher":"https:\/\/www.facebook.com\/KapitalisInfo\/","article_published_time":"2017-08-22T10:26:36+00:00","article_modified_time":"2017-08-22T10:28:21+00:00","og_image":[{"width":1200,"height":630,"url":"https:\/\/kapitalis.com\/tunisie\/wp-content\/uploads\/2022\/05\/kapitalis-logo-fb.png","type":"image\/png"}],"author":"emna benabdallah","twitter_card":"summary_large_image","twitter_creator":"@KapitalisInfo","twitter_site":"@KapitalisInfo","twitter_misc":{"\u00c9crit par":"emna benabdallah","Dur\u00e9e de lecture estim\u00e9e":"1 minute"},"schema":{"@context":"https:\/\/schema.org","@graph":[{"@type":"Article","@id":"https:\/\/kapitalis.com\/tunisie\/2017\/08\/22\/maroc-viol-dune-handicapee-mentale-dans-un-bus\/#article","isPartOf":{"@id":"https:\/\/kapitalis.com\/tunisie\/2017\/08\/22\/maroc-viol-dune-handicapee-mentale-dans-un-bus\/"},"author":{"name":"emna benabdallah","@id":"https:\/\/kapitalis.com\/tunisie\/#\/schema\/person\/2c6e134b2f3369dffcd1daf5f087d28b"},"headline":"Maroc : Viol d&rsquo;une handicap\u00e9e mentale dans un bus","datePublished":"2017-08-22T10:26:36+00:00","dateModified":"2017-08-22T10:28:21+00:00","mainEntityOfPage":{"@id":"https:\/\/kapitalis.com\/tunisie\/2017\/08\/22\/maroc-viol-dune-handicapee-mentale-dans-un-bus\/"},"wordCount":228,"commentCount":0,"publisher":{"@id":"https:\/\/kapitalis.com\/tunisie\/#organization"},"image":{"@id":"https:\/\/kapitalis.com\/tunisie\/2017\/08\/22\/maroc-viol-dune-handicapee-mentale-dans-un-bus\/#primaryimage"},"thumbnailUrl":"","keywords":["Casablanca"],"articleSection":["SOCIETE","VIDEOS"],"inLanguage":"fr-FR","potentialAction":[{"@type":"CommentAction","name":"Comment","target":["https:\/\/kapitalis.com\/tunisie\/2017\/08\/22\/maroc-viol-dune-handicapee-mentale-dans-un-bus\/#respond"]}]},{"@type":"WebPage","@id":"https:\/\/kapitalis.com\/tunisie\/2017\/08\/22\/maroc-viol-dune-handicapee-mentale-dans-un-bus\/","url":"https:\/\/kapitalis.com\/tunisie\/2017\/08\/22\/maroc-viol-dune-handicapee-mentale-dans-un-bus\/","name":"Maroc : Viol d'une handicap\u00e9e mentale dans un bus - Kapitalis","isPartOf":{"@id":"https:\/\/kapitalis.com\/tunisie\/#website"},"primaryImageOfPage":{"@id":"https:\/\/kapitalis.com\/tunisie\/2017\/08\/22\/maroc-viol-dune-handicapee-mentale-dans-un-bus\/#primaryimage"},"image":{"@id":"https:\/\/kapitalis.com\/tunisie\/2017\/08\/22\/maroc-viol-dune-handicapee-mentale-dans-un-bus\/#primaryimage"},"thumbnailUrl":"","datePublished":"2017-08-22T10:26:36+00:00","dateModified":"2017-08-22T10:28:21+00:00","breadcrumb":{"@id":"https:\/\/kapitalis.com\/tunisie\/2017\/08\/22\/maroc-viol-dune-handicapee-mentale-dans-un-bus\/#breadcrumb"},"inLanguage":"fr-FR","potentialAction":[{"@type":"ReadAction","target":["https:\/\/kapitalis.com\/tunisie\/2017\/08\/22\/maroc-viol-dune-handicapee-mentale-dans-un-bus\/"]}]},{"@type":"ImageObject","inLanguage":"fr-FR","@id":"https:\/\/kapitalis.com\/tunisie\/2017\/08\/22\/maroc-viol-dune-handicapee-mentale-dans-un-bus\/#primaryimage","url":"","contentUrl":""},{"@type":"BreadcrumbList","@id":"https:\/\/kapitalis.com\/tunisie\/2017\/08\/22\/maroc-viol-dune-handicapee-mentale-dans-un-bus\/#breadcrumb","itemListElement":[{"@type":"ListItem","position":1,"name":"Accueil","item":"https:\/\/kapitalis.com\/tunisie\/"},{"@type":"ListItem","position":2,"name":"Maroc : Viol d&rsquo;une handicap\u00e9e mentale dans un bus"}]},{"@type":"WebSite","@id":"https:\/\/kapitalis.com\/tunisie\/#website","url":"https:\/\/kapitalis.com\/tunisie\/","name":"Kapitalis","description":"L&#039;actualit\u00e9 en Tunisie et dans le monde","publisher":{"@id":"https:\/\/kapitalis.com\/tunisie\/#organization"},"potentialAction":[{"@type":"SearchAction","target":{"@type":"EntryPoint","urlTemplate":"https:\/\/kapitalis.com\/tunisie\/?s={search_term_string}"},"query-input":{"@type":"PropertyValueSpecification","valueRequired":true,"valueName":"search_term_string"}}],"inLanguage":"fr-FR"},{"@type":"Organization","@id":"https:\/\/kapitalis.com\/tunisie\/#organization","name":"Kapitalis","url":"https:\/\/kapitalis.com\/tunisie\/","logo":{"@type":"ImageObject","inLanguage":"fr-FR","@id":"https:\/\/kapitalis.com\/tunisie\/#\/schema\/logo\/image\/","url":"https:\/\/kapitalis.com\/tunisie\/wp-content\/uploads\/2022\/05\/Kapitalis-big-size.png","contentUrl":"https:\/\/kapitalis.com\/tunisie\/wp-content\/uploads\/2022\/05\/Kapitalis-big-size.png","width":5000,"height":1500,"caption":"Kapitalis"},"image":{"@id":"https:\/\/kapitalis.com\/tunisie\/#\/schema\/logo\/image\/"},"sameAs":["https:\/\/www.facebook.com\/KapitalisInfo\/","https:\/\/x.com\/KapitalisInfo","https:\/\/www.youtube.com\/channel\/UC-yDYrHyfFBWWZaOw3FPg9Q"]},{"@type":"Person","@id":"https:\/\/kapitalis.com\/tunisie\/#\/schema\/person\/2c6e134b2f3369dffcd1daf5f087d28b","name":"emna benabdallah","url":"https:\/\/kapitalis.com\/tunisie\/author\/emna\/"}]}},"_links":{"self":[{"href":"https:\/\/kapitalis.com\/tunisie\/wp-json\/wp\/v2\/posts\/111121","targetHints":{"allow":["GET"]}}],"collection":[{"href":"https:\/\/kapitalis.com\/tunisie\/wp-json\/wp\/v2\/posts"}],"about":[{"href":"https:\/\/kapitalis.com\/tunisie\/wp-json\/wp\/v2\/types\/post"}],"author":[{"embeddable":true,"href":"https:\/\/kapitalis.com\/tunisie\/wp-json\/wp\/v2\/users\/16"}],"replies":[{"embeddable":true,"href":"https:\/\/kapitalis.com\/tunisie\/wp-json\/wp\/v2\/comments?post=111121"}],"version-history":[{"count":0,"href":"https:\/\/kapitalis.com\/tunisie\/wp-json\/wp\/v2\/posts\/111121\/revisions"}],"wp:featuredmedia":[{"embeddable":true,"href":"https:\/\/kapitalis.com\/tunisie\/wp-json\/wp\/v2\/media\/111130"}],"wp:attachment":[{"href":"https:\/\/kapitalis.com\/tunisie\/wp-json\/wp\/v2\/media?parent=111121"}],"wp:term":[{"taxonomy":"category","embeddable":true,"href":"https:\/\/kapitalis.com\/tunisie\/wp-json\/wp\/v2\/categories?post=111121"},{"taxonomy":"post_tag","embeddable":true,"href":"https:\/\/kapitalis.com\/tunisie\/wp-json\/wp\/v2\/tags?post=111121"}],"curies":[{"name":"wp","href":"https:\/\/api.w.org\/{rel}","templated":true}]}}