{"id":1112505,"date":"2022-05-31T11:44:18","date_gmt":"2022-05-31T10:44:18","guid":{"rendered":"https:\/\/kapitalis.com\/tunisie\/?p=1112505"},"modified":"2022-05-31T11:44:20","modified_gmt":"2022-05-31T10:44:20","slug":"abdellatif-mekki-sans-quil-ne-sen-rende-compte-saied-continue-a-isoler-le-pays","status":"publish","type":"post","link":"https:\/\/kapitalis.com\/tunisie\/2022\/05\/31\/abdellatif-mekki-sans-quil-ne-sen-rende-compte-saied-continue-a-isoler-le-pays\/","title":{"rendered":"Abdellatif Mekki : \u00abSans qu&rsquo;il ne s&rsquo;en rende compte, Sa\u00efed continue \u00e0 isoler le pays\u00bb"},"content":{"rendered":"\n<p><strong><em>L&rsquo;ancien dirigeant d&rsquo;Ennahha, Abdellatif Mekki, a encore une fois tir\u00e9 \u00e0 boulets rouges sur le pr\u00e9sident de la r\u00e9publique, Ka\u00efs Sa\u00efed, \u00e0 travers un post Facebook. Ce mardi 31 mai 2022, il a accus\u00e9 ce dernier de continuer \u00e0 isoler le pays \u00e0 l\u2019\u00e9chelle internationale sans qu&rsquo;il ne s&rsquo;en rende probablement compte.<\/em><\/strong><\/p>\n\n\n\n<!--more-->\n\n\n\n<p>Mekki a ainsi comment\u00e9 les derni\u00e8res d\u00e9clarations du chef de l&rsquo;Etat o\u00f9 il a clairement signifi\u00e9 que <a href=\"https:\/\/kapitalis.com\/tunisie\/2022\/05\/30\/kais-saied-la-commission-de-venise-desormais-persona-non-grata-en-tunisie\/\"><strong>la Commission de Venise n&rsquo;\u00e9tait plus la bienvenue en Tunisie<\/strong><\/a>.<\/p>\n\n\n\n<p>\u00ab<em>Ce que la Commission de Venise a dit a \u00e9t\u00e9 dit par la plupart des juristes du droit constitutionnel en Tunisie, alors Sa\u00efd les a-t-il \u00e9cout\u00e9s ? Il se cache derri\u00e8re la question de l&rsquo;ing\u00e9rence ext\u00e9rieure pour \u00e9chapper \u00e0 confrontation de la situation difficile dans laquelle se trouve le pays<\/em>\u00bb, a-t-il \u00e9crit<\/p>\n\n\n\n<p>Et d&rsquo;ajouter : \u00ab<em>La Commission de Venise a \u00e9t\u00e9 consult\u00e9e par les autorit\u00e9s tunisiennes \u00e0 maintes reprises apr\u00e8s la r\u00e9volution sans aucun probl\u00e8me. S\u2019il consid\u00e8re les rapports de la Commission comme \u00e9tant une sorte d\u2019ing\u00e9rence \u00e9trang\u00e8re, pourquoi a-t-il autoris\u00e9 les autorit\u00e9s officielles \u00e0 s\u2019entretenir avec ses membres<\/em>,<em> dans le cadre de la pr\u00e9paration de ses rapports, y compris le minist\u00e8re des Affaires \u00e9trang\u00e8res\u00a0?<\/em>\u00bb<\/p>\n\n\n<div class=\"wp-block-image\">\n<figure class=\"aligncenter size-full is-resized\"><img decoding=\"async\" src=\"https:\/\/kapitalis.com\/tunisie\/wp-content\/uploads\/2022\/05\/abdellatif-mekki-1.jpg\" alt=\"\" class=\"wp-image-1113507\" width=\"500\" srcset=\"https:\/\/kapitalis.com\/tunisie\/wp-content\/uploads\/2022\/05\/abdellatif-mekki-1.jpg 920w, https:\/\/kapitalis.com\/tunisie\/wp-content\/uploads\/2022\/05\/abdellatif-mekki-1-300x120.jpg 300w, https:\/\/kapitalis.com\/tunisie\/wp-content\/uploads\/2022\/05\/abdellatif-mekki-1-768x307.jpg 768w, https:\/\/kapitalis.com\/tunisie\/wp-content\/uploads\/2022\/05\/abdellatif-mekki-1-580x232.jpg 580w, https:\/\/kapitalis.com\/tunisie\/wp-content\/uploads\/2022\/05\/abdellatif-mekki-1-860x344.jpg 860w\" sizes=\"(max-width: 920px) 100vw, 920px\" \/><\/figure>\n<\/div>\n\n\n<p class=\"has-text-align-right\"><strong>C. B. Y.<\/strong><\/p>\n\n\n\n<figure class=\"wp-block-embed is-type-wp-embed is-provider-kapitalis wp-block-embed-kapitalis\"><div class=\"wp-block-embed__wrapper\">\n<blockquote class=\"wp-embedded-content\" data-secret=\"lj7wHuQOEW\"><a href=\"https:\/\/kapitalis.com\/tunisie\/2022\/05\/30\/kais-saied-la-commission-de-venise-desormais-persona-non-grata-en-tunisie\/\">Ka\u00efs Sa\u00efed : \u00abLa Commission de Venise d\u00e9sormais Persona non grata en Tunisie\u00bb<\/a><\/blockquote><iframe loading=\"lazy\" class=\"wp-embedded-content\" sandbox=\"allow-scripts\" security=\"restricted\" style=\"position: absolute; clip: rect(1px, 1px, 1px, 1px);\" title=\"\u00ab\u00a0Ka\u00efs Sa\u00efed : \u00abLa Commission de Venise d\u00e9sormais Persona non grata en Tunisie\u00bb\u00a0\u00bb &#8212; Kapitalis\" src=\"https:\/\/kapitalis.com\/tunisie\/2022\/05\/30\/kais-saied-la-commission-de-venise-desormais-persona-non-grata-en-tunisie\/embed\/#?secret=qwEalUcCoa#?secret=lj7wHuQOEW\" data-secret=\"lj7wHuQOEW\" width=\"600\" height=\"338\" frameborder=\"0\" marginwidth=\"0\" marginheight=\"0\" scrolling=\"no\"><\/iframe>\n<\/div><\/figure>\n","protected":false},"excerpt":{"rendered":"<p>L&rsquo;ancien dirigeant d&rsquo;Ennahha, Abdellatif Mekki, a encore une fois tir\u00e9 \u00e0 boulets rouges sur le pr\u00e9sident de la r\u00e9publique, Ka\u00efs Sa\u00efed, \u00e0 travers un post Facebook. Ce mardi 31 mai 2022, il a accus\u00e9 ce dernier de continuer \u00e0 isoler le pays \u00e0 l\u2019\u00e9chelle internationale sans qu&rsquo;il ne s&rsquo;en rende probablement compte.<\/p>\n","protected":false},"author":24,"featured_media":1113658,"comment_status":"open","ping_status":"open","sticky":false,"template":"","format":"standard","meta":{"footnotes":""},"categories":[997,2433],"tags":[17,92915,76012],"class_list":["post-1112505","post","type-post","status-publish","format-standard","has-post-thumbnail","hentry","category-politique","category-tunisie","tag-abdellatif-mekki","tag-commission-de-venise","tag-kais-saied-2"],"yoast_head":"<!-- This site is optimized with the Yoast SEO plugin v26.6 - https:\/\/yoast.com\/wordpress\/plugins\/seo\/ -->\n<title>Abdellatif Mekki : \u00abSans qu&#039;il ne s&#039;en rende compte, Sa\u00efed continue \u00e0 isoler le pays\u00bb - Kapitalis<\/title>\n<meta name=\"robots\" content=\"index, follow, max-snippet:-1, max-image-preview:large, max-video-preview:-1\" \/>\n<link rel=\"canonical\" href=\"https:\/\/kapitalis.com\/tunisie\/2022\/05\/31\/abdellatif-mekki-sans-quil-ne-sen-rende-compte-saied-continue-a-isoler-le-pays\/\" \/>\n<meta property=\"og:locale\" content=\"fr_FR\" \/>\n<meta property=\"og:type\" content=\"article\" \/>\n<meta property=\"og:title\" content=\"Abdellatif Mekki : \u00abSans qu&#039;il ne s&#039;en rende compte, Sa\u00efed continue \u00e0 isoler le pays\u00bb - Kapitalis\" \/>\n<meta property=\"og:description\" content=\"L&rsquo;ancien dirigeant d&rsquo;Ennahha, Abdellatif Mekki, a encore une fois tir\u00e9 \u00e0 boulets rouges sur le pr\u00e9sident de la r\u00e9publique, Ka\u00efs Sa\u00efed, \u00e0 travers un post Facebook. Ce mardi 31 mai 2022, il a accus\u00e9 ce dernier de continuer \u00e0 isoler le pays \u00e0 l\u2019\u00e9chelle internationale sans qu&rsquo;il ne s&rsquo;en rende probablement compte.\" \/>\n<meta property=\"og:url\" content=\"https:\/\/kapitalis.com\/tunisie\/2022\/05\/31\/abdellatif-mekki-sans-quil-ne-sen-rende-compte-saied-continue-a-isoler-le-pays\/\" \/>\n<meta property=\"og:site_name\" content=\"Kapitalis\" \/>\n<meta property=\"article:publisher\" content=\"https:\/\/www.facebook.com\/KapitalisInfo\/\" \/>\n<meta property=\"article:published_time\" content=\"2022-05-31T10:44:18+00:00\" \/>\n<meta property=\"article:modified_time\" content=\"2022-05-31T10:44:20+00:00\" \/>\n<meta property=\"og:image\" content=\"https:\/\/kapitalis.com\/tunisie\/wp-content\/uploads\/2022\/05\/abdellatif-mekki-2.jpg\" \/>\n\t<meta property=\"og:image:width\" content=\"1200\" \/>\n\t<meta property=\"og:image:height\" content=\"630\" \/>\n\t<meta property=\"og:image:type\" content=\"image\/jpeg\" \/>\n<meta name=\"author\" content=\"Cherif Benyounes\" \/>\n<meta name=\"twitter:card\" content=\"summary_large_image\" \/>\n<meta name=\"twitter:creator\" content=\"@KapitalisInfo\" \/>\n<meta name=\"twitter:site\" content=\"@KapitalisInfo\" \/>\n<meta name=\"twitter:label1\" content=\"\u00c9crit par\" \/>\n\t<meta name=\"twitter:data1\" content=\"Cherif Benyounes\" \/>\n\t<meta name=\"twitter:label2\" content=\"Dur\u00e9e de lecture estim\u00e9e\" \/>\n\t<meta name=\"twitter:data2\" content=\"2 minutes\" \/>\n<script type=\"application\/ld+json\" class=\"yoast-schema-graph\">{\"@context\":\"https:\/\/schema.org\",\"@graph\":[{\"@type\":\"Article\",\"@id\":\"https:\/\/kapitalis.com\/tunisie\/2022\/05\/31\/abdellatif-mekki-sans-quil-ne-sen-rende-compte-saied-continue-a-isoler-le-pays\/#article\",\"isPartOf\":{\"@id\":\"https:\/\/kapitalis.com\/tunisie\/2022\/05\/31\/abdellatif-mekki-sans-quil-ne-sen-rende-compte-saied-continue-a-isoler-le-pays\/\"},\"author\":{\"name\":\"Cherif Benyounes\",\"@id\":\"https:\/\/kapitalis.com\/tunisie\/#\/schema\/person\/b35b8d631961131107263178aeb8019e\"},\"headline\":\"Abdellatif Mekki : \u00abSans qu&rsquo;il ne s&rsquo;en rende compte, Sa\u00efed continue \u00e0 isoler le pays\u00bb\",\"datePublished\":\"2022-05-31T10:44:18+00:00\",\"dateModified\":\"2022-05-31T10:44:20+00:00\",\"mainEntityOfPage\":{\"@id\":\"https:\/\/kapitalis.com\/tunisie\/2022\/05\/31\/abdellatif-mekki-sans-quil-ne-sen-rende-compte-saied-continue-a-isoler-le-pays\/\"},\"wordCount\":233,\"commentCount\":4,\"publisher\":{\"@id\":\"https:\/\/kapitalis.com\/tunisie\/#organization\"},\"image\":{\"@id\":\"https:\/\/kapitalis.com\/tunisie\/2022\/05\/31\/abdellatif-mekki-sans-quil-ne-sen-rende-compte-saied-continue-a-isoler-le-pays\/#primaryimage\"},\"thumbnailUrl\":\"https:\/\/kapitalis.com\/tunisie\/wp-content\/uploads\/2022\/05\/abdellatif-mekki-2.jpg\",\"keywords\":[\"Abdellatif Mekki\",\"Commission de Venise\",\"Ka\u00efs Sa\u00efed\"],\"articleSection\":[\"POLITIQUE\",\"Tunisie\"],\"inLanguage\":\"fr-FR\",\"potentialAction\":[{\"@type\":\"CommentAction\",\"name\":\"Comment\",\"target\":[\"https:\/\/kapitalis.com\/tunisie\/2022\/05\/31\/abdellatif-mekki-sans-quil-ne-sen-rende-compte-saied-continue-a-isoler-le-pays\/#respond\"]}]},{\"@type\":\"WebPage\",\"@id\":\"https:\/\/kapitalis.com\/tunisie\/2022\/05\/31\/abdellatif-mekki-sans-quil-ne-sen-rende-compte-saied-continue-a-isoler-le-pays\/\",\"url\":\"https:\/\/kapitalis.com\/tunisie\/2022\/05\/31\/abdellatif-mekki-sans-quil-ne-sen-rende-compte-saied-continue-a-isoler-le-pays\/\",\"name\":\"Abdellatif Mekki : \u00abSans qu'il ne s'en rende compte, Sa\u00efed continue \u00e0 isoler le pays\u00bb - Kapitalis\",\"isPartOf\":{\"@id\":\"https:\/\/kapitalis.com\/tunisie\/#website\"},\"primaryImageOfPage\":{\"@id\":\"https:\/\/kapitalis.com\/tunisie\/2022\/05\/31\/abdellatif-mekki-sans-quil-ne-sen-rende-compte-saied-continue-a-isoler-le-pays\/#primaryimage\"},\"image\":{\"@id\":\"https:\/\/kapitalis.com\/tunisie\/2022\/05\/31\/abdellatif-mekki-sans-quil-ne-sen-rende-compte-saied-continue-a-isoler-le-pays\/#primaryimage\"},\"thumbnailUrl\":\"https:\/\/kapitalis.com\/tunisie\/wp-content\/uploads\/2022\/05\/abdellatif-mekki-2.jpg\",\"datePublished\":\"2022-05-31T10:44:18+00:00\",\"dateModified\":\"2022-05-31T10:44:20+00:00\",\"breadcrumb\":{\"@id\":\"https:\/\/kapitalis.com\/tunisie\/2022\/05\/31\/abdellatif-mekki-sans-quil-ne-sen-rende-compte-saied-continue-a-isoler-le-pays\/#breadcrumb\"},\"inLanguage\":\"fr-FR\",\"potentialAction\":[{\"@type\":\"ReadAction\",\"target\":[\"https:\/\/kapitalis.com\/tunisie\/2022\/05\/31\/abdellatif-mekki-sans-quil-ne-sen-rende-compte-saied-continue-a-isoler-le-pays\/\"]}]},{\"@type\":\"ImageObject\",\"inLanguage\":\"fr-FR\",\"@id\":\"https:\/\/kapitalis.com\/tunisie\/2022\/05\/31\/abdellatif-mekki-sans-quil-ne-sen-rende-compte-saied-continue-a-isoler-le-pays\/#primaryimage\",\"url\":\"https:\/\/kapitalis.com\/tunisie\/wp-content\/uploads\/2022\/05\/abdellatif-mekki-2.jpg\",\"contentUrl\":\"https:\/\/kapitalis.com\/tunisie\/wp-content\/uploads\/2022\/05\/abdellatif-mekki-2.jpg\",\"width\":1200,\"height\":630},{\"@type\":\"BreadcrumbList\",\"@id\":\"https:\/\/kapitalis.com\/tunisie\/2022\/05\/31\/abdellatif-mekki-sans-quil-ne-sen-rende-compte-saied-continue-a-isoler-le-pays\/#breadcrumb\",\"itemListElement\":[{\"@type\":\"ListItem\",\"position\":1,\"name\":\"Accueil\",\"item\":\"https:\/\/kapitalis.com\/tunisie\/\"},{\"@type\":\"ListItem\",\"position\":2,\"name\":\"Abdellatif Mekki : \u00abSans qu&rsquo;il ne s&rsquo;en rende compte, Sa\u00efed continue \u00e0 isoler le pays\u00bb\"}]},{\"@type\":\"WebSite\",\"@id\":\"https:\/\/kapitalis.com\/tunisie\/#website\",\"url\":\"https:\/\/kapitalis.com\/tunisie\/\",\"name\":\"Kapitalis\",\"description\":\"L&#039;actualit\u00e9 en Tunisie et dans le monde\",\"publisher\":{\"@id\":\"https:\/\/kapitalis.com\/tunisie\/#organization\"},\"potentialAction\":[{\"@type\":\"SearchAction\",\"target\":{\"@type\":\"EntryPoint\",\"urlTemplate\":\"https:\/\/kapitalis.com\/tunisie\/?s={search_term_string}\"},\"query-input\":{\"@type\":\"PropertyValueSpecification\",\"valueRequired\":true,\"valueName\":\"search_term_string\"}}],\"inLanguage\":\"fr-FR\"},{\"@type\":\"Organization\",\"@id\":\"https:\/\/kapitalis.com\/tunisie\/#organization\",\"name\":\"Kapitalis\",\"url\":\"https:\/\/kapitalis.com\/tunisie\/\",\"logo\":{\"@type\":\"ImageObject\",\"inLanguage\":\"fr-FR\",\"@id\":\"https:\/\/kapitalis.com\/tunisie\/#\/schema\/logo\/image\/\",\"url\":\"https:\/\/kapitalis.com\/tunisie\/wp-content\/uploads\/2022\/05\/Kapitalis-big-size.png\",\"contentUrl\":\"https:\/\/kapitalis.com\/tunisie\/wp-content\/uploads\/2022\/05\/Kapitalis-big-size.png\",\"width\":5000,\"height\":1500,\"caption\":\"Kapitalis\"},\"image\":{\"@id\":\"https:\/\/kapitalis.com\/tunisie\/#\/schema\/logo\/image\/\"},\"sameAs\":[\"https:\/\/www.facebook.com\/KapitalisInfo\/\",\"https:\/\/x.com\/KapitalisInfo\",\"https:\/\/www.youtube.com\/channel\/UC-yDYrHyfFBWWZaOw3FPg9Q\"]},{\"@type\":\"Person\",\"@id\":\"https:\/\/kapitalis.com\/tunisie\/#\/schema\/person\/b35b8d631961131107263178aeb8019e\",\"name\":\"Cherif Benyounes\",\"url\":\"https:\/\/kapitalis.com\/tunisie\/author\/cherif\/\"}]}<\/script>\n<!-- \/ Yoast SEO plugin. -->","yoast_head_json":{"title":"Abdellatif Mekki : \u00abSans qu'il ne s'en rende compte, Sa\u00efed continue \u00e0 isoler le pays\u00bb - Kapitalis","robots":{"index":"index","follow":"follow","max-snippet":"max-snippet:-1","max-image-preview":"max-image-preview:large","max-video-preview":"max-video-preview:-1"},"canonical":"https:\/\/kapitalis.com\/tunisie\/2022\/05\/31\/abdellatif-mekki-sans-quil-ne-sen-rende-compte-saied-continue-a-isoler-le-pays\/","og_locale":"fr_FR","og_type":"article","og_title":"Abdellatif Mekki : \u00abSans qu'il ne s'en rende compte, Sa\u00efed continue \u00e0 isoler le pays\u00bb - Kapitalis","og_description":"L&rsquo;ancien dirigeant d&rsquo;Ennahha, Abdellatif Mekki, a encore une fois tir\u00e9 \u00e0 boulets rouges sur le pr\u00e9sident de la r\u00e9publique, Ka\u00efs Sa\u00efed, \u00e0 travers un post Facebook. Ce mardi 31 mai 2022, il a accus\u00e9 ce dernier de continuer \u00e0 isoler le pays \u00e0 l\u2019\u00e9chelle internationale sans qu&rsquo;il ne s&rsquo;en rende probablement compte.","og_url":"https:\/\/kapitalis.com\/tunisie\/2022\/05\/31\/abdellatif-mekki-sans-quil-ne-sen-rende-compte-saied-continue-a-isoler-le-pays\/","og_site_name":"Kapitalis","article_publisher":"https:\/\/www.facebook.com\/KapitalisInfo\/","article_published_time":"2022-05-31T10:44:18+00:00","article_modified_time":"2022-05-31T10:44:20+00:00","og_image":[{"width":1200,"height":630,"url":"https:\/\/kapitalis.com\/tunisie\/wp-content\/uploads\/2022\/05\/abdellatif-mekki-2.jpg","type":"image\/jpeg"}],"author":"Cherif Benyounes","twitter_card":"summary_large_image","twitter_creator":"@KapitalisInfo","twitter_site":"@KapitalisInfo","twitter_misc":{"\u00c9crit par":"Cherif Benyounes","Dur\u00e9e de lecture estim\u00e9e":"2 minutes"},"schema":{"@context":"https:\/\/schema.org","@graph":[{"@type":"Article","@id":"https:\/\/kapitalis.com\/tunisie\/2022\/05\/31\/abdellatif-mekki-sans-quil-ne-sen-rende-compte-saied-continue-a-isoler-le-pays\/#article","isPartOf":{"@id":"https:\/\/kapitalis.com\/tunisie\/2022\/05\/31\/abdellatif-mekki-sans-quil-ne-sen-rende-compte-saied-continue-a-isoler-le-pays\/"},"author":{"name":"Cherif Benyounes","@id":"https:\/\/kapitalis.com\/tunisie\/#\/schema\/person\/b35b8d631961131107263178aeb8019e"},"headline":"Abdellatif Mekki : \u00abSans qu&rsquo;il ne s&rsquo;en rende compte, Sa\u00efed continue \u00e0 isoler le pays\u00bb","datePublished":"2022-05-31T10:44:18+00:00","dateModified":"2022-05-31T10:44:20+00:00","mainEntityOfPage":{"@id":"https:\/\/kapitalis.com\/tunisie\/2022\/05\/31\/abdellatif-mekki-sans-quil-ne-sen-rende-compte-saied-continue-a-isoler-le-pays\/"},"wordCount":233,"commentCount":4,"publisher":{"@id":"https:\/\/kapitalis.com\/tunisie\/#organization"},"image":{"@id":"https:\/\/kapitalis.com\/tunisie\/2022\/05\/31\/abdellatif-mekki-sans-quil-ne-sen-rende-compte-saied-continue-a-isoler-le-pays\/#primaryimage"},"thumbnailUrl":"https:\/\/kapitalis.com\/tunisie\/wp-content\/uploads\/2022\/05\/abdellatif-mekki-2.jpg","keywords":["Abdellatif Mekki","Commission de Venise","Ka\u00efs Sa\u00efed"],"articleSection":["POLITIQUE","Tunisie"],"inLanguage":"fr-FR","potentialAction":[{"@type":"CommentAction","name":"Comment","target":["https:\/\/kapitalis.com\/tunisie\/2022\/05\/31\/abdellatif-mekki-sans-quil-ne-sen-rende-compte-saied-continue-a-isoler-le-pays\/#respond"]}]},{"@type":"WebPage","@id":"https:\/\/kapitalis.com\/tunisie\/2022\/05\/31\/abdellatif-mekki-sans-quil-ne-sen-rende-compte-saied-continue-a-isoler-le-pays\/","url":"https:\/\/kapitalis.com\/tunisie\/2022\/05\/31\/abdellatif-mekki-sans-quil-ne-sen-rende-compte-saied-continue-a-isoler-le-pays\/","name":"Abdellatif Mekki : \u00abSans qu'il ne s'en rende compte, Sa\u00efed continue \u00e0 isoler le pays\u00bb - Kapitalis","isPartOf":{"@id":"https:\/\/kapitalis.com\/tunisie\/#website"},"primaryImageOfPage":{"@id":"https:\/\/kapitalis.com\/tunisie\/2022\/05\/31\/abdellatif-mekki-sans-quil-ne-sen-rende-compte-saied-continue-a-isoler-le-pays\/#primaryimage"},"image":{"@id":"https:\/\/kapitalis.com\/tunisie\/2022\/05\/31\/abdellatif-mekki-sans-quil-ne-sen-rende-compte-saied-continue-a-isoler-le-pays\/#primaryimage"},"thumbnailUrl":"https:\/\/kapitalis.com\/tunisie\/wp-content\/uploads\/2022\/05\/abdellatif-mekki-2.jpg","datePublished":"2022-05-31T10:44:18+00:00","dateModified":"2022-05-31T10:44:20+00:00","breadcrumb":{"@id":"https:\/\/kapitalis.com\/tunisie\/2022\/05\/31\/abdellatif-mekki-sans-quil-ne-sen-rende-compte-saied-continue-a-isoler-le-pays\/#breadcrumb"},"inLanguage":"fr-FR","potentialAction":[{"@type":"ReadAction","target":["https:\/\/kapitalis.com\/tunisie\/2022\/05\/31\/abdellatif-mekki-sans-quil-ne-sen-rende-compte-saied-continue-a-isoler-le-pays\/"]}]},{"@type":"ImageObject","inLanguage":"fr-FR","@id":"https:\/\/kapitalis.com\/tunisie\/2022\/05\/31\/abdellatif-mekki-sans-quil-ne-sen-rende-compte-saied-continue-a-isoler-le-pays\/#primaryimage","url":"https:\/\/kapitalis.com\/tunisie\/wp-content\/uploads\/2022\/05\/abdellatif-mekki-2.jpg","contentUrl":"https:\/\/kapitalis.com\/tunisie\/wp-content\/uploads\/2022\/05\/abdellatif-mekki-2.jpg","width":1200,"height":630},{"@type":"BreadcrumbList","@id":"https:\/\/kapitalis.com\/tunisie\/2022\/05\/31\/abdellatif-mekki-sans-quil-ne-sen-rende-compte-saied-continue-a-isoler-le-pays\/#breadcrumb","itemListElement":[{"@type":"ListItem","position":1,"name":"Accueil","item":"https:\/\/kapitalis.com\/tunisie\/"},{"@type":"ListItem","position":2,"name":"Abdellatif Mekki : \u00abSans qu&rsquo;il ne s&rsquo;en rende compte, Sa\u00efed continue \u00e0 isoler le pays\u00bb"}]},{"@type":"WebSite","@id":"https:\/\/kapitalis.com\/tunisie\/#website","url":"https:\/\/kapitalis.com\/tunisie\/","name":"Kapitalis","description":"L&#039;actualit\u00e9 en Tunisie et dans le monde","publisher":{"@id":"https:\/\/kapitalis.com\/tunisie\/#organization"},"potentialAction":[{"@type":"SearchAction","target":{"@type":"EntryPoint","urlTemplate":"https:\/\/kapitalis.com\/tunisie\/?s={search_term_string}"},"query-input":{"@type":"PropertyValueSpecification","valueRequired":true,"valueName":"search_term_string"}}],"inLanguage":"fr-FR"},{"@type":"Organization","@id":"https:\/\/kapitalis.com\/tunisie\/#organization","name":"Kapitalis","url":"https:\/\/kapitalis.com\/tunisie\/","logo":{"@type":"ImageObject","inLanguage":"fr-FR","@id":"https:\/\/kapitalis.com\/tunisie\/#\/schema\/logo\/image\/","url":"https:\/\/kapitalis.com\/tunisie\/wp-content\/uploads\/2022\/05\/Kapitalis-big-size.png","contentUrl":"https:\/\/kapitalis.com\/tunisie\/wp-content\/uploads\/2022\/05\/Kapitalis-big-size.png","width":5000,"height":1500,"caption":"Kapitalis"},"image":{"@id":"https:\/\/kapitalis.com\/tunisie\/#\/schema\/logo\/image\/"},"sameAs":["https:\/\/www.facebook.com\/KapitalisInfo\/","https:\/\/x.com\/KapitalisInfo","https:\/\/www.youtube.com\/channel\/UC-yDYrHyfFBWWZaOw3FPg9Q"]},{"@type":"Person","@id":"https:\/\/kapitalis.com\/tunisie\/#\/schema\/person\/b35b8d631961131107263178aeb8019e","name":"Cherif Benyounes","url":"https:\/\/kapitalis.com\/tunisie\/author\/cherif\/"}]}},"_links":{"self":[{"href":"https:\/\/kapitalis.com\/tunisie\/wp-json\/wp\/v2\/posts\/1112505","targetHints":{"allow":["GET"]}}],"collection":[{"href":"https:\/\/kapitalis.com\/tunisie\/wp-json\/wp\/v2\/posts"}],"about":[{"href":"https:\/\/kapitalis.com\/tunisie\/wp-json\/wp\/v2\/types\/post"}],"author":[{"embeddable":true,"href":"https:\/\/kapitalis.com\/tunisie\/wp-json\/wp\/v2\/users\/24"}],"replies":[{"embeddable":true,"href":"https:\/\/kapitalis.com\/tunisie\/wp-json\/wp\/v2\/comments?post=1112505"}],"version-history":[{"count":0,"href":"https:\/\/kapitalis.com\/tunisie\/wp-json\/wp\/v2\/posts\/1112505\/revisions"}],"wp:featuredmedia":[{"embeddable":true,"href":"https:\/\/kapitalis.com\/tunisie\/wp-json\/wp\/v2\/media\/1113658"}],"wp:attachment":[{"href":"https:\/\/kapitalis.com\/tunisie\/wp-json\/wp\/v2\/media?parent=1112505"}],"wp:term":[{"taxonomy":"category","embeddable":true,"href":"https:\/\/kapitalis.com\/tunisie\/wp-json\/wp\/v2\/categories?post=1112505"},{"taxonomy":"post_tag","embeddable":true,"href":"https:\/\/kapitalis.com\/tunisie\/wp-json\/wp\/v2\/tags?post=1112505"}],"curies":[{"name":"wp","href":"https:\/\/api.w.org\/{rel}","templated":true}]}}