{"id":1114356,"date":"2022-05-31T12:28:37","date_gmt":"2022-05-31T11:28:37","guid":{"rendered":"https:\/\/kapitalis.com\/tunisie\/?p=1114356"},"modified":"2022-05-31T16:38:23","modified_gmt":"2022-05-31T15:38:23","slug":"tunisie-baccalaureat-2022-le-probleme-du-boycott-de-la-correction-resolu","status":"publish","type":"post","link":"https:\/\/kapitalis.com\/tunisie\/2022\/05\/31\/tunisie-baccalaureat-2022-le-probleme-du-boycott-de-la-correction-resolu\/","title":{"rendered":"Tunisie &#8211; Baccalaur\u00e9at 2022 : Le probl\u00e8me du boycott de la correction r\u00e9solu"},"content":{"rendered":"\n<p><em><strong>Le probl\u00e8me du boycott de la correction des \u00e9preuves du baccalaur\u00e9ats, tout au long de la journ\u00e9e du 16 juin dans tous les centres, &#8211; d\u00e9cid\u00e9 par la F\u00e9d\u00e9ration g\u00e9n\u00e9rale de l&rsquo;enseignement secondaire &#8211; a \u00e9t\u00e9 r\u00e9solu.<\/strong><\/em><\/p>\n\n\n\n<!--more-->\n\n\n\n<p>C&rsquo;est ce qu&rsquo;a affirm\u00e9, ce mardi 31 mai 2022, le ministre de l&rsquo;Education, Fathi Sellaouti, ajoutant que son d\u00e9partement rendra public un communiqu\u00e9 \u00e0 cet effet dans les heures \u00e0 venir.<\/p>\n\n\n\n<p>Et d&rsquo;ajouter&nbsp;qu&rsquo;un accord a \u00e9t\u00e9 trouv\u00e9 avec la partie syndicale pour entamer la r\u00e9forme du syst\u00e8me \u00e9ducatif au secondaire, notamment en ce qui concerne la r\u00e9vision des manuels scolaires.<\/p>\n\n\n\n<p class=\"has-text-align-right\"><strong>C. B. Y.<\/strong><\/p>\n","protected":false},"excerpt":{"rendered":"<p>Le probl\u00e8me du boycott de la correction des \u00e9preuves du baccalaur\u00e9ats, tout au long de la journ\u00e9e du 16 juin dans tous les centres, &#8211; d\u00e9cid\u00e9 par la F\u00e9d\u00e9ration g\u00e9n\u00e9rale de l&rsquo;enseignement secondaire &#8211; a \u00e9t\u00e9 r\u00e9solu.<\/p>\n","protected":false},"author":24,"featured_media":1115220,"comment_status":"open","ping_status":"open","sticky":false,"template":"","format":"standard","meta":{"footnotes":""},"categories":[998,2433],"tags":[97192,68553,100224,62643],"class_list":["post-1114356","post","type-post","status-publish","format-standard","has-post-thumbnail","hentry","category-societe","category-tunisie","tag-baccalaureat-2022","tag-fethi-sellaouti","tag-ministre-de-leducation-2","tag-tunisie"],"yoast_head":"<!-- This site is optimized with the Yoast SEO plugin v26.6 - https:\/\/yoast.com\/wordpress\/plugins\/seo\/ -->\n<title>Tunisie - Baccalaur\u00e9at 2022 : Le probl\u00e8me du boycott de la correction r\u00e9solu - Kapitalis<\/title>\n<meta name=\"robots\" content=\"index, follow, max-snippet:-1, max-image-preview:large, max-video-preview:-1\" \/>\n<link rel=\"canonical\" href=\"https:\/\/kapitalis.com\/tunisie\/2022\/05\/31\/tunisie-baccalaureat-2022-le-probleme-du-boycott-de-la-correction-resolu\/\" \/>\n<meta property=\"og:locale\" content=\"fr_FR\" \/>\n<meta property=\"og:type\" content=\"article\" \/>\n<meta property=\"og:title\" content=\"Tunisie - Baccalaur\u00e9at 2022 : Le probl\u00e8me du boycott de la correction r\u00e9solu - Kapitalis\" \/>\n<meta property=\"og:description\" content=\"Le probl\u00e8me du boycott de la correction des \u00e9preuves du baccalaur\u00e9ats, tout au long de la journ\u00e9e du 16 juin dans tous les centres, &#8211; d\u00e9cid\u00e9 par la F\u00e9d\u00e9ration g\u00e9n\u00e9rale de l&rsquo;enseignement secondaire &#8211; a \u00e9t\u00e9 r\u00e9solu.\" \/>\n<meta property=\"og:url\" content=\"https:\/\/kapitalis.com\/tunisie\/2022\/05\/31\/tunisie-baccalaureat-2022-le-probleme-du-boycott-de-la-correction-resolu\/\" \/>\n<meta property=\"og:site_name\" content=\"Kapitalis\" \/>\n<meta property=\"article:publisher\" content=\"https:\/\/www.facebook.com\/KapitalisInfo\/\" \/>\n<meta property=\"article:published_time\" content=\"2022-05-31T11:28:37+00:00\" \/>\n<meta property=\"article:modified_time\" content=\"2022-05-31T15:38:23+00:00\" \/>\n<meta property=\"og:image\" content=\"https:\/\/kapitalis.com\/tunisie\/wp-content\/uploads\/2022\/05\/baccalaureat-epreuve.jpg\" \/>\n\t<meta property=\"og:image:width\" content=\"1200\" \/>\n\t<meta property=\"og:image:height\" content=\"630\" \/>\n\t<meta property=\"og:image:type\" content=\"image\/jpeg\" \/>\n<meta name=\"author\" content=\"Cherif Benyounes\" \/>\n<meta name=\"twitter:card\" content=\"summary_large_image\" \/>\n<meta name=\"twitter:creator\" content=\"@KapitalisInfo\" \/>\n<meta name=\"twitter:site\" content=\"@KapitalisInfo\" \/>\n<meta name=\"twitter:label1\" content=\"\u00c9crit par\" \/>\n\t<meta name=\"twitter:data1\" content=\"Cherif Benyounes\" \/>\n\t<meta name=\"twitter:label2\" content=\"Dur\u00e9e de lecture estim\u00e9e\" \/>\n\t<meta name=\"twitter:data2\" content=\"1 minute\" \/>\n<script type=\"application\/ld+json\" class=\"yoast-schema-graph\">{\"@context\":\"https:\/\/schema.org\",\"@graph\":[{\"@type\":\"Article\",\"@id\":\"https:\/\/kapitalis.com\/tunisie\/2022\/05\/31\/tunisie-baccalaureat-2022-le-probleme-du-boycott-de-la-correction-resolu\/#article\",\"isPartOf\":{\"@id\":\"https:\/\/kapitalis.com\/tunisie\/2022\/05\/31\/tunisie-baccalaureat-2022-le-probleme-du-boycott-de-la-correction-resolu\/\"},\"author\":{\"name\":\"Cherif Benyounes\",\"@id\":\"https:\/\/kapitalis.com\/tunisie\/#\/schema\/person\/b35b8d631961131107263178aeb8019e\"},\"headline\":\"Tunisie &#8211; Baccalaur\u00e9at 2022 : Le probl\u00e8me du boycott de la correction r\u00e9solu\",\"datePublished\":\"2022-05-31T11:28:37+00:00\",\"dateModified\":\"2022-05-31T15:38:23+00:00\",\"mainEntityOfPage\":{\"@id\":\"https:\/\/kapitalis.com\/tunisie\/2022\/05\/31\/tunisie-baccalaureat-2022-le-probleme-du-boycott-de-la-correction-resolu\/\"},\"wordCount\":124,\"commentCount\":0,\"publisher\":{\"@id\":\"https:\/\/kapitalis.com\/tunisie\/#organization\"},\"image\":{\"@id\":\"https:\/\/kapitalis.com\/tunisie\/2022\/05\/31\/tunisie-baccalaureat-2022-le-probleme-du-boycott-de-la-correction-resolu\/#primaryimage\"},\"thumbnailUrl\":\"https:\/\/kapitalis.com\/tunisie\/wp-content\/uploads\/2022\/05\/baccalaureat-epreuve.jpg\",\"keywords\":[\"baccalaur\u00e9at 2022\",\"Fethi Sellaouti\",\"ministre de l&#039;Education\",\"Tunisie\"],\"articleSection\":[\"SOCIETE\",\"Tunisie\"],\"inLanguage\":\"fr-FR\",\"potentialAction\":[{\"@type\":\"CommentAction\",\"name\":\"Comment\",\"target\":[\"https:\/\/kapitalis.com\/tunisie\/2022\/05\/31\/tunisie-baccalaureat-2022-le-probleme-du-boycott-de-la-correction-resolu\/#respond\"]}]},{\"@type\":\"WebPage\",\"@id\":\"https:\/\/kapitalis.com\/tunisie\/2022\/05\/31\/tunisie-baccalaureat-2022-le-probleme-du-boycott-de-la-correction-resolu\/\",\"url\":\"https:\/\/kapitalis.com\/tunisie\/2022\/05\/31\/tunisie-baccalaureat-2022-le-probleme-du-boycott-de-la-correction-resolu\/\",\"name\":\"Tunisie - Baccalaur\u00e9at 2022 : Le probl\u00e8me du boycott de la correction r\u00e9solu - Kapitalis\",\"isPartOf\":{\"@id\":\"https:\/\/kapitalis.com\/tunisie\/#website\"},\"primaryImageOfPage\":{\"@id\":\"https:\/\/kapitalis.com\/tunisie\/2022\/05\/31\/tunisie-baccalaureat-2022-le-probleme-du-boycott-de-la-correction-resolu\/#primaryimage\"},\"image\":{\"@id\":\"https:\/\/kapitalis.com\/tunisie\/2022\/05\/31\/tunisie-baccalaureat-2022-le-probleme-du-boycott-de-la-correction-resolu\/#primaryimage\"},\"thumbnailUrl\":\"https:\/\/kapitalis.com\/tunisie\/wp-content\/uploads\/2022\/05\/baccalaureat-epreuve.jpg\",\"datePublished\":\"2022-05-31T11:28:37+00:00\",\"dateModified\":\"2022-05-31T15:38:23+00:00\",\"breadcrumb\":{\"@id\":\"https:\/\/kapitalis.com\/tunisie\/2022\/05\/31\/tunisie-baccalaureat-2022-le-probleme-du-boycott-de-la-correction-resolu\/#breadcrumb\"},\"inLanguage\":\"fr-FR\",\"potentialAction\":[{\"@type\":\"ReadAction\",\"target\":[\"https:\/\/kapitalis.com\/tunisie\/2022\/05\/31\/tunisie-baccalaureat-2022-le-probleme-du-boycott-de-la-correction-resolu\/\"]}]},{\"@type\":\"ImageObject\",\"inLanguage\":\"fr-FR\",\"@id\":\"https:\/\/kapitalis.com\/tunisie\/2022\/05\/31\/tunisie-baccalaureat-2022-le-probleme-du-boycott-de-la-correction-resolu\/#primaryimage\",\"url\":\"https:\/\/kapitalis.com\/tunisie\/wp-content\/uploads\/2022\/05\/baccalaureat-epreuve.jpg\",\"contentUrl\":\"https:\/\/kapitalis.com\/tunisie\/wp-content\/uploads\/2022\/05\/baccalaureat-epreuve.jpg\",\"width\":1200,\"height\":630},{\"@type\":\"BreadcrumbList\",\"@id\":\"https:\/\/kapitalis.com\/tunisie\/2022\/05\/31\/tunisie-baccalaureat-2022-le-probleme-du-boycott-de-la-correction-resolu\/#breadcrumb\",\"itemListElement\":[{\"@type\":\"ListItem\",\"position\":1,\"name\":\"Accueil\",\"item\":\"https:\/\/kapitalis.com\/tunisie\/\"},{\"@type\":\"ListItem\",\"position\":2,\"name\":\"Tunisie &#8211; Baccalaur\u00e9at 2022 : Le probl\u00e8me du boycott de la correction r\u00e9solu\"}]},{\"@type\":\"WebSite\",\"@id\":\"https:\/\/kapitalis.com\/tunisie\/#website\",\"url\":\"https:\/\/kapitalis.com\/tunisie\/\",\"name\":\"Kapitalis\",\"description\":\"L&#039;actualit\u00e9 en Tunisie et dans le monde\",\"publisher\":{\"@id\":\"https:\/\/kapitalis.com\/tunisie\/#organization\"},\"potentialAction\":[{\"@type\":\"SearchAction\",\"target\":{\"@type\":\"EntryPoint\",\"urlTemplate\":\"https:\/\/kapitalis.com\/tunisie\/?s={search_term_string}\"},\"query-input\":{\"@type\":\"PropertyValueSpecification\",\"valueRequired\":true,\"valueName\":\"search_term_string\"}}],\"inLanguage\":\"fr-FR\"},{\"@type\":\"Organization\",\"@id\":\"https:\/\/kapitalis.com\/tunisie\/#organization\",\"name\":\"Kapitalis\",\"url\":\"https:\/\/kapitalis.com\/tunisie\/\",\"logo\":{\"@type\":\"ImageObject\",\"inLanguage\":\"fr-FR\",\"@id\":\"https:\/\/kapitalis.com\/tunisie\/#\/schema\/logo\/image\/\",\"url\":\"https:\/\/kapitalis.com\/tunisie\/wp-content\/uploads\/2022\/05\/Kapitalis-big-size.png\",\"contentUrl\":\"https:\/\/kapitalis.com\/tunisie\/wp-content\/uploads\/2022\/05\/Kapitalis-big-size.png\",\"width\":5000,\"height\":1500,\"caption\":\"Kapitalis\"},\"image\":{\"@id\":\"https:\/\/kapitalis.com\/tunisie\/#\/schema\/logo\/image\/\"},\"sameAs\":[\"https:\/\/www.facebook.com\/KapitalisInfo\/\",\"https:\/\/x.com\/KapitalisInfo\",\"https:\/\/www.youtube.com\/channel\/UC-yDYrHyfFBWWZaOw3FPg9Q\"]},{\"@type\":\"Person\",\"@id\":\"https:\/\/kapitalis.com\/tunisie\/#\/schema\/person\/b35b8d631961131107263178aeb8019e\",\"name\":\"Cherif Benyounes\",\"url\":\"https:\/\/kapitalis.com\/tunisie\/author\/cherif\/\"}]}<\/script>\n<!-- \/ Yoast SEO plugin. -->","yoast_head_json":{"title":"Tunisie - Baccalaur\u00e9at 2022 : Le probl\u00e8me du boycott de la correction r\u00e9solu - Kapitalis","robots":{"index":"index","follow":"follow","max-snippet":"max-snippet:-1","max-image-preview":"max-image-preview:large","max-video-preview":"max-video-preview:-1"},"canonical":"https:\/\/kapitalis.com\/tunisie\/2022\/05\/31\/tunisie-baccalaureat-2022-le-probleme-du-boycott-de-la-correction-resolu\/","og_locale":"fr_FR","og_type":"article","og_title":"Tunisie - Baccalaur\u00e9at 2022 : Le probl\u00e8me du boycott de la correction r\u00e9solu - Kapitalis","og_description":"Le probl\u00e8me du boycott de la correction des \u00e9preuves du baccalaur\u00e9ats, tout au long de la journ\u00e9e du 16 juin dans tous les centres, &#8211; d\u00e9cid\u00e9 par la F\u00e9d\u00e9ration g\u00e9n\u00e9rale de l&rsquo;enseignement secondaire &#8211; a \u00e9t\u00e9 r\u00e9solu.","og_url":"https:\/\/kapitalis.com\/tunisie\/2022\/05\/31\/tunisie-baccalaureat-2022-le-probleme-du-boycott-de-la-correction-resolu\/","og_site_name":"Kapitalis","article_publisher":"https:\/\/www.facebook.com\/KapitalisInfo\/","article_published_time":"2022-05-31T11:28:37+00:00","article_modified_time":"2022-05-31T15:38:23+00:00","og_image":[{"width":1200,"height":630,"url":"https:\/\/kapitalis.com\/tunisie\/wp-content\/uploads\/2022\/05\/baccalaureat-epreuve.jpg","type":"image\/jpeg"}],"author":"Cherif Benyounes","twitter_card":"summary_large_image","twitter_creator":"@KapitalisInfo","twitter_site":"@KapitalisInfo","twitter_misc":{"\u00c9crit par":"Cherif Benyounes","Dur\u00e9e de lecture estim\u00e9e":"1 minute"},"schema":{"@context":"https:\/\/schema.org","@graph":[{"@type":"Article","@id":"https:\/\/kapitalis.com\/tunisie\/2022\/05\/31\/tunisie-baccalaureat-2022-le-probleme-du-boycott-de-la-correction-resolu\/#article","isPartOf":{"@id":"https:\/\/kapitalis.com\/tunisie\/2022\/05\/31\/tunisie-baccalaureat-2022-le-probleme-du-boycott-de-la-correction-resolu\/"},"author":{"name":"Cherif Benyounes","@id":"https:\/\/kapitalis.com\/tunisie\/#\/schema\/person\/b35b8d631961131107263178aeb8019e"},"headline":"Tunisie &#8211; Baccalaur\u00e9at 2022 : Le probl\u00e8me du boycott de la correction r\u00e9solu","datePublished":"2022-05-31T11:28:37+00:00","dateModified":"2022-05-31T15:38:23+00:00","mainEntityOfPage":{"@id":"https:\/\/kapitalis.com\/tunisie\/2022\/05\/31\/tunisie-baccalaureat-2022-le-probleme-du-boycott-de-la-correction-resolu\/"},"wordCount":124,"commentCount":0,"publisher":{"@id":"https:\/\/kapitalis.com\/tunisie\/#organization"},"image":{"@id":"https:\/\/kapitalis.com\/tunisie\/2022\/05\/31\/tunisie-baccalaureat-2022-le-probleme-du-boycott-de-la-correction-resolu\/#primaryimage"},"thumbnailUrl":"https:\/\/kapitalis.com\/tunisie\/wp-content\/uploads\/2022\/05\/baccalaureat-epreuve.jpg","keywords":["baccalaur\u00e9at 2022","Fethi Sellaouti","ministre de l&#039;Education","Tunisie"],"articleSection":["SOCIETE","Tunisie"],"inLanguage":"fr-FR","potentialAction":[{"@type":"CommentAction","name":"Comment","target":["https:\/\/kapitalis.com\/tunisie\/2022\/05\/31\/tunisie-baccalaureat-2022-le-probleme-du-boycott-de-la-correction-resolu\/#respond"]}]},{"@type":"WebPage","@id":"https:\/\/kapitalis.com\/tunisie\/2022\/05\/31\/tunisie-baccalaureat-2022-le-probleme-du-boycott-de-la-correction-resolu\/","url":"https:\/\/kapitalis.com\/tunisie\/2022\/05\/31\/tunisie-baccalaureat-2022-le-probleme-du-boycott-de-la-correction-resolu\/","name":"Tunisie - Baccalaur\u00e9at 2022 : Le probl\u00e8me du boycott de la correction r\u00e9solu - Kapitalis","isPartOf":{"@id":"https:\/\/kapitalis.com\/tunisie\/#website"},"primaryImageOfPage":{"@id":"https:\/\/kapitalis.com\/tunisie\/2022\/05\/31\/tunisie-baccalaureat-2022-le-probleme-du-boycott-de-la-correction-resolu\/#primaryimage"},"image":{"@id":"https:\/\/kapitalis.com\/tunisie\/2022\/05\/31\/tunisie-baccalaureat-2022-le-probleme-du-boycott-de-la-correction-resolu\/#primaryimage"},"thumbnailUrl":"https:\/\/kapitalis.com\/tunisie\/wp-content\/uploads\/2022\/05\/baccalaureat-epreuve.jpg","datePublished":"2022-05-31T11:28:37+00:00","dateModified":"2022-05-31T15:38:23+00:00","breadcrumb":{"@id":"https:\/\/kapitalis.com\/tunisie\/2022\/05\/31\/tunisie-baccalaureat-2022-le-probleme-du-boycott-de-la-correction-resolu\/#breadcrumb"},"inLanguage":"fr-FR","potentialAction":[{"@type":"ReadAction","target":["https:\/\/kapitalis.com\/tunisie\/2022\/05\/31\/tunisie-baccalaureat-2022-le-probleme-du-boycott-de-la-correction-resolu\/"]}]},{"@type":"ImageObject","inLanguage":"fr-FR","@id":"https:\/\/kapitalis.com\/tunisie\/2022\/05\/31\/tunisie-baccalaureat-2022-le-probleme-du-boycott-de-la-correction-resolu\/#primaryimage","url":"https:\/\/kapitalis.com\/tunisie\/wp-content\/uploads\/2022\/05\/baccalaureat-epreuve.jpg","contentUrl":"https:\/\/kapitalis.com\/tunisie\/wp-content\/uploads\/2022\/05\/baccalaureat-epreuve.jpg","width":1200,"height":630},{"@type":"BreadcrumbList","@id":"https:\/\/kapitalis.com\/tunisie\/2022\/05\/31\/tunisie-baccalaureat-2022-le-probleme-du-boycott-de-la-correction-resolu\/#breadcrumb","itemListElement":[{"@type":"ListItem","position":1,"name":"Accueil","item":"https:\/\/kapitalis.com\/tunisie\/"},{"@type":"ListItem","position":2,"name":"Tunisie &#8211; Baccalaur\u00e9at 2022 : Le probl\u00e8me du boycott de la correction r\u00e9solu"}]},{"@type":"WebSite","@id":"https:\/\/kapitalis.com\/tunisie\/#website","url":"https:\/\/kapitalis.com\/tunisie\/","name":"Kapitalis","description":"L&#039;actualit\u00e9 en Tunisie et dans le monde","publisher":{"@id":"https:\/\/kapitalis.com\/tunisie\/#organization"},"potentialAction":[{"@type":"SearchAction","target":{"@type":"EntryPoint","urlTemplate":"https:\/\/kapitalis.com\/tunisie\/?s={search_term_string}"},"query-input":{"@type":"PropertyValueSpecification","valueRequired":true,"valueName":"search_term_string"}}],"inLanguage":"fr-FR"},{"@type":"Organization","@id":"https:\/\/kapitalis.com\/tunisie\/#organization","name":"Kapitalis","url":"https:\/\/kapitalis.com\/tunisie\/","logo":{"@type":"ImageObject","inLanguage":"fr-FR","@id":"https:\/\/kapitalis.com\/tunisie\/#\/schema\/logo\/image\/","url":"https:\/\/kapitalis.com\/tunisie\/wp-content\/uploads\/2022\/05\/Kapitalis-big-size.png","contentUrl":"https:\/\/kapitalis.com\/tunisie\/wp-content\/uploads\/2022\/05\/Kapitalis-big-size.png","width":5000,"height":1500,"caption":"Kapitalis"},"image":{"@id":"https:\/\/kapitalis.com\/tunisie\/#\/schema\/logo\/image\/"},"sameAs":["https:\/\/www.facebook.com\/KapitalisInfo\/","https:\/\/x.com\/KapitalisInfo","https:\/\/www.youtube.com\/channel\/UC-yDYrHyfFBWWZaOw3FPg9Q"]},{"@type":"Person","@id":"https:\/\/kapitalis.com\/tunisie\/#\/schema\/person\/b35b8d631961131107263178aeb8019e","name":"Cherif Benyounes","url":"https:\/\/kapitalis.com\/tunisie\/author\/cherif\/"}]}},"_links":{"self":[{"href":"https:\/\/kapitalis.com\/tunisie\/wp-json\/wp\/v2\/posts\/1114356","targetHints":{"allow":["GET"]}}],"collection":[{"href":"https:\/\/kapitalis.com\/tunisie\/wp-json\/wp\/v2\/posts"}],"about":[{"href":"https:\/\/kapitalis.com\/tunisie\/wp-json\/wp\/v2\/types\/post"}],"author":[{"embeddable":true,"href":"https:\/\/kapitalis.com\/tunisie\/wp-json\/wp\/v2\/users\/24"}],"replies":[{"embeddable":true,"href":"https:\/\/kapitalis.com\/tunisie\/wp-json\/wp\/v2\/comments?post=1114356"}],"version-history":[{"count":0,"href":"https:\/\/kapitalis.com\/tunisie\/wp-json\/wp\/v2\/posts\/1114356\/revisions"}],"wp:featuredmedia":[{"embeddable":true,"href":"https:\/\/kapitalis.com\/tunisie\/wp-json\/wp\/v2\/media\/1115220"}],"wp:attachment":[{"href":"https:\/\/kapitalis.com\/tunisie\/wp-json\/wp\/v2\/media?parent=1114356"}],"wp:term":[{"taxonomy":"category","embeddable":true,"href":"https:\/\/kapitalis.com\/tunisie\/wp-json\/wp\/v2\/categories?post=1114356"},{"taxonomy":"post_tag","embeddable":true,"href":"https:\/\/kapitalis.com\/tunisie\/wp-json\/wp\/v2\/tags?post=1114356"}],"curies":[{"name":"wp","href":"https:\/\/api.w.org\/{rel}","templated":true}]}}