{"id":11146901,"date":"2024-01-03T22:34:53","date_gmt":"2024-01-03T21:34:53","guid":{"rendered":"https:\/\/kapitalis.com\/tunisie\/?p=11146901"},"modified":"2024-01-03T22:48:43","modified_gmt":"2024-01-03T21:48:43","slug":"ift-soiree-poetique-entre-poesie-et-musique-electronique-avec-selim-a-zeika","status":"publish","type":"post","link":"https:\/\/kapitalis.com\/tunisie\/2024\/01\/03\/ift-soiree-poetique-entre-poesie-et-musique-electronique-avec-selim-a-zeika\/","title":{"rendered":"IFT : Soir\u00e9e po\u00e9tique, entre po\u00e9sie et musique \u00e9lectronique avec Selim-a &#038; Zeika"},"content":{"rendered":"\n<p><strong><em>L\u2019Institut fran\u00e7ais de Tunisie (IFT) organise, lundi 8 janvier \u00e0 18h30, une Soir\u00e9e po\u00e9tique, entre po\u00e9sie et musique \u00e9lectronique avec Selim-a et Zeika.<\/em><\/strong><\/p>\n\n\n\n<!--more-->\n\n\n\n<p>Entre po\u00e9sie et musique \u00e9lectronique, les beats afrohouse de Zeika dialogueront avec les vers effr\u00e9n\u00e9s de Selim-a pour une travers\u00e9e rythm\u00e9e explorant l&rsquo;identit\u00e9, la migration, le genre, la lib\u00e9ration.<\/p>\n\n\n\n<p><strong>Selim-a Atallah Chettaoui <\/strong><\/p>\n\n\n\n<p>Po\u00e8te, performeure et chercheure, Selim-a Atallah Chettaoui a grandi en Tunisie. Habitu\u00e9e des entre-deux, son travail explore l\u2019interm\u00e9dialit\u00e9 et l\u2019interlangue, notamment au sein du collectif [cargo] et dans une th\u00e8se de recherche-cr\u00e9ation litt\u00e9raire effectu\u00e9e \u00e0 CY Cergy Paris. Apr\u00e8s plusieurs publications en revue (Papier Machine, Point de Chute, Contre5ens, Manhattan Magazine\u2026) et la cr\u00e9ation d\u2019une autofiction num\u00e9rique (https:\/\/binnelbinin.art\/), son premier recueil de po\u00e9sie, Des odeurs de bretzels de barbecue et de weed est paru aux \u00e9ditions 10 pages au carr\u00e9 en 2022. Adepte de la performance, elle se produit autant dans des lieux d&rsquo;art et de litt\u00e9rature (Centre Pompidou, Le G\u00e9n\u00e9rateur, beursschouwburg, Centre Wallonie-Bruxelles\u2026) que lors de sc\u00e8nes ouvertes ou de soir\u00e9es \u00e9lectro. Laur\u00e9ate du tremplin musical Campus Sounds, elle est desormais accompagn\u00e9e par Le Douze, et le Forum de Vaur\u00e9al, r\u00e9seau des musiques actuelles du Val d&rsquo;Oise, pour le projet Mooja. Un EP et une s\u00e9rie de concerts sont pr\u00e9vus au printemps. Toutes ses actualit\u00e9s sont \u00e0 retrouver sur Instagram \u00e0 @selima.a.poesie<\/p>\n\n\n\n<p><strong>Zeika<\/strong><\/p>\n\n\n\n<p>Fan de musique \u00e9lectronique depuis toujours, Zeika est tomb\u00e9e amoureuse de l&rsquo;Afro House il y a quelques ann\u00e9es. Pouss\u00e9e par les sons des percussions et des voix, elle a trouv\u00e9 dans ce style musical une invitation au voyage. Inspir\u00e9e par ses artistes pr\u00e9f\u00e9r\u00e9s tels que Black Coffee, Shimza, Caiiro, Manoo et bien d&rsquo;autres, Zeika a cr\u00e9\u00e9 son univers musical autour de ces grands artistes. Zeika a jou\u00e9 dans plusieurs salles \u00e0 Paris, mais ce qui la fait le plus vibrer, c&rsquo;est le public tunisien. C&rsquo;est l\u00e0 qu&rsquo;elle se sent le plus connect\u00e9e : dans le partage avec la sc\u00e8ne locale.<\/p>\n\n\n\n<p><em>*Entr\u00e9e libre et gratuite dans la limite des places disponibles<\/em><\/p>\n\n\n\n<p class=\"has-text-align-right\"><strong>Communiqu\u00e9<\/strong><\/p>\n","protected":false},"excerpt":{"rendered":"<p>L\u2019Institut fran\u00e7ais de Tunisie (IFT) organise, lundi 8 janvier \u00e0 18h30, une Soir\u00e9e po\u00e9tique, entre po\u00e9sie et musique \u00e9lectronique avec Selim-a et Zeika.<\/p>\n","protected":false},"author":6,"featured_media":11146997,"comment_status":"open","ping_status":"open","sticky":false,"template":"","format":"standard","meta":{"footnotes":""},"categories":[994,2433],"tags":[462,3226,20068,726,113219,62643,113220],"class_list":["post-11146901","post","type-post","status-publish","format-standard","has-post-thumbnail","hentry","category-culture","category-tunisie","tag-ift","tag-institut-francais-de-tunisie","tag-musique-electronique","tag-poesie","tag-selim-a","tag-tunisie","tag-zeika"],"yoast_head":"<!-- This site is optimized with the Yoast SEO plugin v26.6 - https:\/\/yoast.com\/wordpress\/plugins\/seo\/ -->\n<title>IFT : Soir\u00e9e po\u00e9tique, entre po\u00e9sie et musique \u00e9lectronique avec Selim-a &amp; Zeika - Kapitalis<\/title>\n<meta name=\"robots\" content=\"index, follow, max-snippet:-1, max-image-preview:large, max-video-preview:-1\" \/>\n<link rel=\"canonical\" href=\"https:\/\/kapitalis.com\/tunisie\/2024\/01\/03\/ift-soiree-poetique-entre-poesie-et-musique-electronique-avec-selim-a-zeika\/\" \/>\n<meta property=\"og:locale\" content=\"fr_FR\" \/>\n<meta property=\"og:type\" content=\"article\" \/>\n<meta property=\"og:title\" content=\"IFT : Soir\u00e9e po\u00e9tique, entre po\u00e9sie et musique \u00e9lectronique avec Selim-a &amp; Zeika - Kapitalis\" \/>\n<meta property=\"og:description\" content=\"L\u2019Institut fran\u00e7ais de Tunisie (IFT) organise, lundi 8 janvier \u00e0 18h30, une Soir\u00e9e po\u00e9tique, entre po\u00e9sie et musique \u00e9lectronique avec Selim-a et Zeika.\" \/>\n<meta property=\"og:url\" content=\"https:\/\/kapitalis.com\/tunisie\/2024\/01\/03\/ift-soiree-poetique-entre-poesie-et-musique-electronique-avec-selim-a-zeika\/\" \/>\n<meta property=\"og:site_name\" content=\"Kapitalis\" \/>\n<meta property=\"article:publisher\" content=\"https:\/\/www.facebook.com\/KapitalisInfo\/\" \/>\n<meta property=\"article:published_time\" content=\"2024-01-03T21:34:53+00:00\" \/>\n<meta property=\"article:modified_time\" content=\"2024-01-03T21:48:43+00:00\" \/>\n<meta property=\"og:image\" content=\"https:\/\/kapitalis.com\/tunisie\/wp-content\/uploads\/2024\/01\/za.jpg\" \/>\n\t<meta property=\"og:image:width\" content=\"2048\" \/>\n\t<meta property=\"og:image:height\" content=\"1072\" \/>\n\t<meta property=\"og:image:type\" content=\"image\/jpeg\" \/>\n<meta name=\"author\" content=\"Yusra NY\" \/>\n<meta name=\"twitter:card\" content=\"summary_large_image\" \/>\n<meta name=\"twitter:creator\" content=\"@KapitalisInfo\" \/>\n<meta name=\"twitter:site\" content=\"@KapitalisInfo\" \/>\n<meta name=\"twitter:label1\" content=\"\u00c9crit par\" \/>\n\t<meta name=\"twitter:data1\" content=\"Yusra NY\" \/>\n\t<meta name=\"twitter:label2\" content=\"Dur\u00e9e de lecture estim\u00e9e\" \/>\n\t<meta name=\"twitter:data2\" content=\"2 minutes\" \/>\n<script type=\"application\/ld+json\" class=\"yoast-schema-graph\">{\"@context\":\"https:\/\/schema.org\",\"@graph\":[{\"@type\":\"Article\",\"@id\":\"https:\/\/kapitalis.com\/tunisie\/2024\/01\/03\/ift-soiree-poetique-entre-poesie-et-musique-electronique-avec-selim-a-zeika\/#article\",\"isPartOf\":{\"@id\":\"https:\/\/kapitalis.com\/tunisie\/2024\/01\/03\/ift-soiree-poetique-entre-poesie-et-musique-electronique-avec-selim-a-zeika\/\"},\"author\":{\"name\":\"Yusra NY\",\"@id\":\"https:\/\/kapitalis.com\/tunisie\/#\/schema\/person\/74bbde0154d49d790a92aaeac5bc01d5\"},\"headline\":\"IFT : Soir\u00e9e po\u00e9tique, entre po\u00e9sie et musique \u00e9lectronique avec Selim-a &#038; Zeika\",\"datePublished\":\"2024-01-03T21:34:53+00:00\",\"dateModified\":\"2024-01-03T21:48:43+00:00\",\"mainEntityOfPage\":{\"@id\":\"https:\/\/kapitalis.com\/tunisie\/2024\/01\/03\/ift-soiree-poetique-entre-poesie-et-musique-electronique-avec-selim-a-zeika\/\"},\"wordCount\":387,\"commentCount\":0,\"publisher\":{\"@id\":\"https:\/\/kapitalis.com\/tunisie\/#organization\"},\"image\":{\"@id\":\"https:\/\/kapitalis.com\/tunisie\/2024\/01\/03\/ift-soiree-poetique-entre-poesie-et-musique-electronique-avec-selim-a-zeika\/#primaryimage\"},\"thumbnailUrl\":\"https:\/\/kapitalis.com\/tunisie\/wp-content\/uploads\/2024\/01\/za.jpg\",\"keywords\":[\"IFT\",\"Institut fran\u00e7ais de Tunisie\",\"musique \u00e9lectronique\",\"po\u00e9sie\",\"Selim-a\",\"Tunisie\",\"Zeika\"],\"articleSection\":[\"CULTURE\",\"Tunisie\"],\"inLanguage\":\"fr-FR\",\"potentialAction\":[{\"@type\":\"CommentAction\",\"name\":\"Comment\",\"target\":[\"https:\/\/kapitalis.com\/tunisie\/2024\/01\/03\/ift-soiree-poetique-entre-poesie-et-musique-electronique-avec-selim-a-zeika\/#respond\"]}]},{\"@type\":\"WebPage\",\"@id\":\"https:\/\/kapitalis.com\/tunisie\/2024\/01\/03\/ift-soiree-poetique-entre-poesie-et-musique-electronique-avec-selim-a-zeika\/\",\"url\":\"https:\/\/kapitalis.com\/tunisie\/2024\/01\/03\/ift-soiree-poetique-entre-poesie-et-musique-electronique-avec-selim-a-zeika\/\",\"name\":\"IFT : Soir\u00e9e po\u00e9tique, entre po\u00e9sie et musique \u00e9lectronique avec Selim-a & Zeika - Kapitalis\",\"isPartOf\":{\"@id\":\"https:\/\/kapitalis.com\/tunisie\/#website\"},\"primaryImageOfPage\":{\"@id\":\"https:\/\/kapitalis.com\/tunisie\/2024\/01\/03\/ift-soiree-poetique-entre-poesie-et-musique-electronique-avec-selim-a-zeika\/#primaryimage\"},\"image\":{\"@id\":\"https:\/\/kapitalis.com\/tunisie\/2024\/01\/03\/ift-soiree-poetique-entre-poesie-et-musique-electronique-avec-selim-a-zeika\/#primaryimage\"},\"thumbnailUrl\":\"https:\/\/kapitalis.com\/tunisie\/wp-content\/uploads\/2024\/01\/za.jpg\",\"datePublished\":\"2024-01-03T21:34:53+00:00\",\"dateModified\":\"2024-01-03T21:48:43+00:00\",\"breadcrumb\":{\"@id\":\"https:\/\/kapitalis.com\/tunisie\/2024\/01\/03\/ift-soiree-poetique-entre-poesie-et-musique-electronique-avec-selim-a-zeika\/#breadcrumb\"},\"inLanguage\":\"fr-FR\",\"potentialAction\":[{\"@type\":\"ReadAction\",\"target\":[\"https:\/\/kapitalis.com\/tunisie\/2024\/01\/03\/ift-soiree-poetique-entre-poesie-et-musique-electronique-avec-selim-a-zeika\/\"]}]},{\"@type\":\"ImageObject\",\"inLanguage\":\"fr-FR\",\"@id\":\"https:\/\/kapitalis.com\/tunisie\/2024\/01\/03\/ift-soiree-poetique-entre-poesie-et-musique-electronique-avec-selim-a-zeika\/#primaryimage\",\"url\":\"https:\/\/kapitalis.com\/tunisie\/wp-content\/uploads\/2024\/01\/za.jpg\",\"contentUrl\":\"https:\/\/kapitalis.com\/tunisie\/wp-content\/uploads\/2024\/01\/za.jpg\",\"width\":2048,\"height\":1072},{\"@type\":\"BreadcrumbList\",\"@id\":\"https:\/\/kapitalis.com\/tunisie\/2024\/01\/03\/ift-soiree-poetique-entre-poesie-et-musique-electronique-avec-selim-a-zeika\/#breadcrumb\",\"itemListElement\":[{\"@type\":\"ListItem\",\"position\":1,\"name\":\"Accueil\",\"item\":\"https:\/\/kapitalis.com\/tunisie\/\"},{\"@type\":\"ListItem\",\"position\":2,\"name\":\"IFT : Soir\u00e9e po\u00e9tique, entre po\u00e9sie et musique \u00e9lectronique avec Selim-a &#038; Zeika\"}]},{\"@type\":\"WebSite\",\"@id\":\"https:\/\/kapitalis.com\/tunisie\/#website\",\"url\":\"https:\/\/kapitalis.com\/tunisie\/\",\"name\":\"Kapitalis\",\"description\":\"L&#039;actualit\u00e9 en Tunisie et dans le monde\",\"publisher\":{\"@id\":\"https:\/\/kapitalis.com\/tunisie\/#organization\"},\"potentialAction\":[{\"@type\":\"SearchAction\",\"target\":{\"@type\":\"EntryPoint\",\"urlTemplate\":\"https:\/\/kapitalis.com\/tunisie\/?s={search_term_string}\"},\"query-input\":{\"@type\":\"PropertyValueSpecification\",\"valueRequired\":true,\"valueName\":\"search_term_string\"}}],\"inLanguage\":\"fr-FR\"},{\"@type\":\"Organization\",\"@id\":\"https:\/\/kapitalis.com\/tunisie\/#organization\",\"name\":\"Kapitalis\",\"url\":\"https:\/\/kapitalis.com\/tunisie\/\",\"logo\":{\"@type\":\"ImageObject\",\"inLanguage\":\"fr-FR\",\"@id\":\"https:\/\/kapitalis.com\/tunisie\/#\/schema\/logo\/image\/\",\"url\":\"https:\/\/kapitalis.com\/tunisie\/wp-content\/uploads\/2022\/05\/Kapitalis-big-size.png\",\"contentUrl\":\"https:\/\/kapitalis.com\/tunisie\/wp-content\/uploads\/2022\/05\/Kapitalis-big-size.png\",\"width\":5000,\"height\":1500,\"caption\":\"Kapitalis\"},\"image\":{\"@id\":\"https:\/\/kapitalis.com\/tunisie\/#\/schema\/logo\/image\/\"},\"sameAs\":[\"https:\/\/www.facebook.com\/KapitalisInfo\/\",\"https:\/\/x.com\/KapitalisInfo\",\"https:\/\/www.youtube.com\/channel\/UC-yDYrHyfFBWWZaOw3FPg9Q\"]},{\"@type\":\"Person\",\"@id\":\"https:\/\/kapitalis.com\/tunisie\/#\/schema\/person\/74bbde0154d49d790a92aaeac5bc01d5\",\"name\":\"Yusra NY\",\"url\":\"https:\/\/kapitalis.com\/tunisie\/author\/yuza_adam\/\"}]}<\/script>\n<!-- \/ Yoast SEO plugin. -->","yoast_head_json":{"title":"IFT : Soir\u00e9e po\u00e9tique, entre po\u00e9sie et musique \u00e9lectronique avec Selim-a & Zeika - Kapitalis","robots":{"index":"index","follow":"follow","max-snippet":"max-snippet:-1","max-image-preview":"max-image-preview:large","max-video-preview":"max-video-preview:-1"},"canonical":"https:\/\/kapitalis.com\/tunisie\/2024\/01\/03\/ift-soiree-poetique-entre-poesie-et-musique-electronique-avec-selim-a-zeika\/","og_locale":"fr_FR","og_type":"article","og_title":"IFT : Soir\u00e9e po\u00e9tique, entre po\u00e9sie et musique \u00e9lectronique avec Selim-a & Zeika - Kapitalis","og_description":"L\u2019Institut fran\u00e7ais de Tunisie (IFT) organise, lundi 8 janvier \u00e0 18h30, une Soir\u00e9e po\u00e9tique, entre po\u00e9sie et musique \u00e9lectronique avec Selim-a et Zeika.","og_url":"https:\/\/kapitalis.com\/tunisie\/2024\/01\/03\/ift-soiree-poetique-entre-poesie-et-musique-electronique-avec-selim-a-zeika\/","og_site_name":"Kapitalis","article_publisher":"https:\/\/www.facebook.com\/KapitalisInfo\/","article_published_time":"2024-01-03T21:34:53+00:00","article_modified_time":"2024-01-03T21:48:43+00:00","og_image":[{"width":2048,"height":1072,"url":"https:\/\/kapitalis.com\/tunisie\/wp-content\/uploads\/2024\/01\/za.jpg","type":"image\/jpeg"}],"author":"Yusra NY","twitter_card":"summary_large_image","twitter_creator":"@KapitalisInfo","twitter_site":"@KapitalisInfo","twitter_misc":{"\u00c9crit par":"Yusra NY","Dur\u00e9e de lecture estim\u00e9e":"2 minutes"},"schema":{"@context":"https:\/\/schema.org","@graph":[{"@type":"Article","@id":"https:\/\/kapitalis.com\/tunisie\/2024\/01\/03\/ift-soiree-poetique-entre-poesie-et-musique-electronique-avec-selim-a-zeika\/#article","isPartOf":{"@id":"https:\/\/kapitalis.com\/tunisie\/2024\/01\/03\/ift-soiree-poetique-entre-poesie-et-musique-electronique-avec-selim-a-zeika\/"},"author":{"name":"Yusra NY","@id":"https:\/\/kapitalis.com\/tunisie\/#\/schema\/person\/74bbde0154d49d790a92aaeac5bc01d5"},"headline":"IFT : Soir\u00e9e po\u00e9tique, entre po\u00e9sie et musique \u00e9lectronique avec Selim-a &#038; Zeika","datePublished":"2024-01-03T21:34:53+00:00","dateModified":"2024-01-03T21:48:43+00:00","mainEntityOfPage":{"@id":"https:\/\/kapitalis.com\/tunisie\/2024\/01\/03\/ift-soiree-poetique-entre-poesie-et-musique-electronique-avec-selim-a-zeika\/"},"wordCount":387,"commentCount":0,"publisher":{"@id":"https:\/\/kapitalis.com\/tunisie\/#organization"},"image":{"@id":"https:\/\/kapitalis.com\/tunisie\/2024\/01\/03\/ift-soiree-poetique-entre-poesie-et-musique-electronique-avec-selim-a-zeika\/#primaryimage"},"thumbnailUrl":"https:\/\/kapitalis.com\/tunisie\/wp-content\/uploads\/2024\/01\/za.jpg","keywords":["IFT","Institut fran\u00e7ais de Tunisie","musique \u00e9lectronique","po\u00e9sie","Selim-a","Tunisie","Zeika"],"articleSection":["CULTURE","Tunisie"],"inLanguage":"fr-FR","potentialAction":[{"@type":"CommentAction","name":"Comment","target":["https:\/\/kapitalis.com\/tunisie\/2024\/01\/03\/ift-soiree-poetique-entre-poesie-et-musique-electronique-avec-selim-a-zeika\/#respond"]}]},{"@type":"WebPage","@id":"https:\/\/kapitalis.com\/tunisie\/2024\/01\/03\/ift-soiree-poetique-entre-poesie-et-musique-electronique-avec-selim-a-zeika\/","url":"https:\/\/kapitalis.com\/tunisie\/2024\/01\/03\/ift-soiree-poetique-entre-poesie-et-musique-electronique-avec-selim-a-zeika\/","name":"IFT : Soir\u00e9e po\u00e9tique, entre po\u00e9sie et musique \u00e9lectronique avec Selim-a & Zeika - Kapitalis","isPartOf":{"@id":"https:\/\/kapitalis.com\/tunisie\/#website"},"primaryImageOfPage":{"@id":"https:\/\/kapitalis.com\/tunisie\/2024\/01\/03\/ift-soiree-poetique-entre-poesie-et-musique-electronique-avec-selim-a-zeika\/#primaryimage"},"image":{"@id":"https:\/\/kapitalis.com\/tunisie\/2024\/01\/03\/ift-soiree-poetique-entre-poesie-et-musique-electronique-avec-selim-a-zeika\/#primaryimage"},"thumbnailUrl":"https:\/\/kapitalis.com\/tunisie\/wp-content\/uploads\/2024\/01\/za.jpg","datePublished":"2024-01-03T21:34:53+00:00","dateModified":"2024-01-03T21:48:43+00:00","breadcrumb":{"@id":"https:\/\/kapitalis.com\/tunisie\/2024\/01\/03\/ift-soiree-poetique-entre-poesie-et-musique-electronique-avec-selim-a-zeika\/#breadcrumb"},"inLanguage":"fr-FR","potentialAction":[{"@type":"ReadAction","target":["https:\/\/kapitalis.com\/tunisie\/2024\/01\/03\/ift-soiree-poetique-entre-poesie-et-musique-electronique-avec-selim-a-zeika\/"]}]},{"@type":"ImageObject","inLanguage":"fr-FR","@id":"https:\/\/kapitalis.com\/tunisie\/2024\/01\/03\/ift-soiree-poetique-entre-poesie-et-musique-electronique-avec-selim-a-zeika\/#primaryimage","url":"https:\/\/kapitalis.com\/tunisie\/wp-content\/uploads\/2024\/01\/za.jpg","contentUrl":"https:\/\/kapitalis.com\/tunisie\/wp-content\/uploads\/2024\/01\/za.jpg","width":2048,"height":1072},{"@type":"BreadcrumbList","@id":"https:\/\/kapitalis.com\/tunisie\/2024\/01\/03\/ift-soiree-poetique-entre-poesie-et-musique-electronique-avec-selim-a-zeika\/#breadcrumb","itemListElement":[{"@type":"ListItem","position":1,"name":"Accueil","item":"https:\/\/kapitalis.com\/tunisie\/"},{"@type":"ListItem","position":2,"name":"IFT : Soir\u00e9e po\u00e9tique, entre po\u00e9sie et musique \u00e9lectronique avec Selim-a &#038; Zeika"}]},{"@type":"WebSite","@id":"https:\/\/kapitalis.com\/tunisie\/#website","url":"https:\/\/kapitalis.com\/tunisie\/","name":"Kapitalis","description":"L&#039;actualit\u00e9 en Tunisie et dans le monde","publisher":{"@id":"https:\/\/kapitalis.com\/tunisie\/#organization"},"potentialAction":[{"@type":"SearchAction","target":{"@type":"EntryPoint","urlTemplate":"https:\/\/kapitalis.com\/tunisie\/?s={search_term_string}"},"query-input":{"@type":"PropertyValueSpecification","valueRequired":true,"valueName":"search_term_string"}}],"inLanguage":"fr-FR"},{"@type":"Organization","@id":"https:\/\/kapitalis.com\/tunisie\/#organization","name":"Kapitalis","url":"https:\/\/kapitalis.com\/tunisie\/","logo":{"@type":"ImageObject","inLanguage":"fr-FR","@id":"https:\/\/kapitalis.com\/tunisie\/#\/schema\/logo\/image\/","url":"https:\/\/kapitalis.com\/tunisie\/wp-content\/uploads\/2022\/05\/Kapitalis-big-size.png","contentUrl":"https:\/\/kapitalis.com\/tunisie\/wp-content\/uploads\/2022\/05\/Kapitalis-big-size.png","width":5000,"height":1500,"caption":"Kapitalis"},"image":{"@id":"https:\/\/kapitalis.com\/tunisie\/#\/schema\/logo\/image\/"},"sameAs":["https:\/\/www.facebook.com\/KapitalisInfo\/","https:\/\/x.com\/KapitalisInfo","https:\/\/www.youtube.com\/channel\/UC-yDYrHyfFBWWZaOw3FPg9Q"]},{"@type":"Person","@id":"https:\/\/kapitalis.com\/tunisie\/#\/schema\/person\/74bbde0154d49d790a92aaeac5bc01d5","name":"Yusra NY","url":"https:\/\/kapitalis.com\/tunisie\/author\/yuza_adam\/"}]}},"_links":{"self":[{"href":"https:\/\/kapitalis.com\/tunisie\/wp-json\/wp\/v2\/posts\/11146901","targetHints":{"allow":["GET"]}}],"collection":[{"href":"https:\/\/kapitalis.com\/tunisie\/wp-json\/wp\/v2\/posts"}],"about":[{"href":"https:\/\/kapitalis.com\/tunisie\/wp-json\/wp\/v2\/types\/post"}],"author":[{"embeddable":true,"href":"https:\/\/kapitalis.com\/tunisie\/wp-json\/wp\/v2\/users\/6"}],"replies":[{"embeddable":true,"href":"https:\/\/kapitalis.com\/tunisie\/wp-json\/wp\/v2\/comments?post=11146901"}],"version-history":[{"count":1,"href":"https:\/\/kapitalis.com\/tunisie\/wp-json\/wp\/v2\/posts\/11146901\/revisions"}],"predecessor-version":[{"id":11147008,"href":"https:\/\/kapitalis.com\/tunisie\/wp-json\/wp\/v2\/posts\/11146901\/revisions\/11147008"}],"wp:featuredmedia":[{"embeddable":true,"href":"https:\/\/kapitalis.com\/tunisie\/wp-json\/wp\/v2\/media\/11146997"}],"wp:attachment":[{"href":"https:\/\/kapitalis.com\/tunisie\/wp-json\/wp\/v2\/media?parent=11146901"}],"wp:term":[{"taxonomy":"category","embeddable":true,"href":"https:\/\/kapitalis.com\/tunisie\/wp-json\/wp\/v2\/categories?post=11146901"},{"taxonomy":"post_tag","embeddable":true,"href":"https:\/\/kapitalis.com\/tunisie\/wp-json\/wp\/v2\/tags?post=11146901"}],"curies":[{"name":"wp","href":"https:\/\/api.w.org\/{rel}","templated":true}]}}