{"id":111525,"date":"2017-08-26T13:48:31","date_gmt":"2017-08-26T12:48:31","guid":{"rendered":"http:\/\/kapitalis.com\/tunisie\/?p=111525"},"modified":"2017-08-26T13:48:31","modified_gmt":"2017-08-26T12:48:31","slug":"violences-policieres-a-siliana-livd-repond-au-tribunal-militaire","status":"publish","type":"post","link":"https:\/\/kapitalis.com\/tunisie\/2017\/08\/26\/violences-policieres-a-siliana-livd-repond-au-tribunal-militaire\/","title":{"rendered":"Violences polici\u00e8res \u00e0 Siliana : L&rsquo;IVD r\u00e9pond au tribunal militaire"},"content":{"rendered":"<p style=\"text-align: center;\"><img loading=\"lazy\" decoding=\"async\" class=\"alignnone size-full wp-image-111530\" src=\"http:\/\/kapitalis.com\/tunisie\/wp-content\/uploads\/2017\/08\/chevrotine-siliana.jpg\" alt=\"\" width=\"626\" height=\"380\" \/><\/p>\n<p><b><i>L\u2019Instance dignit\u00e9 et v\u00e9rit\u00e9 (IVD) a demand\u00e9 au tribunal militaire de lui remettre les dossiers relatifs \u00e0 l&rsquo;affaire des violences polici\u00e8res survenus \u00e0 Siliana, le 12 novembre 2012.<\/i><\/b><!--more--><\/p>\n<p>Dans un communiqu\u00e9 publi\u00e9 vendredi 25 ao\u00fbt 2017, l&rsquo;IVD a indiqu\u00e9 qu&rsquo;elle est l&rsquo;autorit\u00e9 habilit\u00e9e \u00e0 examiner ce dossier et non pas la justice militaire, ajoutant qu&rsquo;elle a re\u00e7u, \u00e0 ce jour, 21 dossiers, dont 16 concernant l&rsquo;arbitrage et la r\u00e9conciliation et d&rsquo;autres \u00e0 caract\u00e8re social.<\/p>\n<p>L&rsquo;instance a \u00e9galement exprim\u00e9 son \u00e9tonnement apr\u00e8s les d\u00e9clarations du procureur du tribunal militaire qui, rappelons-le, avait estim\u00e9 qu&rsquo;elle n&rsquo;a pas le droit d&rsquo;organiser des s\u00e9ances d&rsquo;audition publique consacr\u00e9es \u00e0 l&rsquo;affaire des violences polici\u00e8res \u00e0 Siliana, commun\u00e9ment appel\u00e9es \u00ab<em>\u00e9v\u00e9nements de la chevrotine<\/em>\u00bb, la police ayant utilis\u00e9 ce genre de balles pour disperser (et blesser) les manifestants.<\/p>\n<p>Ces d\u00e9clarations constituent une atteinte aux droits des parties concern\u00e9es et violent l&rsquo;article 148 de la constitution et de l&rsquo;article 40 de la loi relative \u00e0 la justice transitionnelle,\u00a0a estim\u00e9 l&rsquo;IVD.<\/p>\n<p style=\"text-align: right;\"><strong>E. B. A.<\/strong><\/p>\n","protected":false},"excerpt":{"rendered":"<p>L\u2019Instance dignit\u00e9 et v\u00e9rit\u00e9 (IVD) a demand\u00e9 au tribunal militaire de lui remettre les dossiers relatifs \u00e0 l&rsquo;affaire des violences polici\u00e8res survenus \u00e0 Siliana, le 12 novembre 2012.<\/p>\n","protected":false},"author":16,"featured_media":111530,"comment_status":"open","ping_status":"open","sticky":false,"template":"","format":"standard","meta":{"footnotes":""},"categories":[997,2433],"tags":[2763,7794],"class_list":["post-111525","post","type-post","status-publish","format-standard","has-post-thumbnail","hentry","category-politique","category-tunisie","tag-siliana","tag-tribunal-militaire"],"yoast_head":"<!-- This site is optimized with the Yoast SEO plugin v26.6 - https:\/\/yoast.com\/wordpress\/plugins\/seo\/ -->\n<title>Violences polici\u00e8res \u00e0 Siliana : L&#039;IVD r\u00e9pond au tribunal militaire - Kapitalis<\/title>\n<meta name=\"robots\" content=\"index, follow, max-snippet:-1, max-image-preview:large, max-video-preview:-1\" \/>\n<link rel=\"canonical\" href=\"https:\/\/kapitalis.com\/tunisie\/2017\/08\/26\/violences-policieres-a-siliana-livd-repond-au-tribunal-militaire\/\" \/>\n<meta property=\"og:locale\" content=\"fr_FR\" \/>\n<meta property=\"og:type\" content=\"article\" \/>\n<meta property=\"og:title\" content=\"Violences polici\u00e8res \u00e0 Siliana : L&#039;IVD r\u00e9pond au tribunal militaire - Kapitalis\" \/>\n<meta property=\"og:description\" content=\"L\u2019Instance dignit\u00e9 et v\u00e9rit\u00e9 (IVD) a demand\u00e9 au tribunal militaire de lui remettre les dossiers relatifs \u00e0 l&rsquo;affaire des violences polici\u00e8res survenus \u00e0 Siliana, le 12 novembre 2012.\" \/>\n<meta property=\"og:url\" content=\"https:\/\/kapitalis.com\/tunisie\/2017\/08\/26\/violences-policieres-a-siliana-livd-repond-au-tribunal-militaire\/\" \/>\n<meta property=\"og:site_name\" content=\"Kapitalis\" \/>\n<meta property=\"article:publisher\" content=\"https:\/\/www.facebook.com\/KapitalisInfo\/\" \/>\n<meta property=\"article:published_time\" content=\"2017-08-26T12:48:31+00:00\" \/>\n<meta property=\"og:image\" content=\"https:\/\/kapitalis.com\/tunisie\/wp-content\/uploads\/2022\/05\/kapitalis-logo-fb.png\" \/>\n\t<meta property=\"og:image:width\" content=\"1200\" \/>\n\t<meta property=\"og:image:height\" content=\"630\" \/>\n\t<meta property=\"og:image:type\" content=\"image\/png\" \/>\n<meta name=\"author\" content=\"emna benabdallah\" \/>\n<meta name=\"twitter:card\" content=\"summary_large_image\" \/>\n<meta name=\"twitter:creator\" content=\"@KapitalisInfo\" \/>\n<meta name=\"twitter:site\" content=\"@KapitalisInfo\" \/>\n<meta name=\"twitter:label1\" content=\"\u00c9crit par\" \/>\n\t<meta name=\"twitter:data1\" content=\"emna benabdallah\" \/>\n\t<meta name=\"twitter:label2\" content=\"Dur\u00e9e de lecture estim\u00e9e\" \/>\n\t<meta name=\"twitter:data2\" content=\"1 minute\" \/>\n<script type=\"application\/ld+json\" class=\"yoast-schema-graph\">{\"@context\":\"https:\/\/schema.org\",\"@graph\":[{\"@type\":\"Article\",\"@id\":\"https:\/\/kapitalis.com\/tunisie\/2017\/08\/26\/violences-policieres-a-siliana-livd-repond-au-tribunal-militaire\/#article\",\"isPartOf\":{\"@id\":\"https:\/\/kapitalis.com\/tunisie\/2017\/08\/26\/violences-policieres-a-siliana-livd-repond-au-tribunal-militaire\/\"},\"author\":{\"name\":\"emna benabdallah\",\"@id\":\"https:\/\/kapitalis.com\/tunisie\/#\/schema\/person\/2c6e134b2f3369dffcd1daf5f087d28b\"},\"headline\":\"Violences polici\u00e8res \u00e0 Siliana : L&rsquo;IVD r\u00e9pond au tribunal militaire\",\"datePublished\":\"2017-08-26T12:48:31+00:00\",\"mainEntityOfPage\":{\"@id\":\"https:\/\/kapitalis.com\/tunisie\/2017\/08\/26\/violences-policieres-a-siliana-livd-repond-au-tribunal-militaire\/\"},\"wordCount\":177,\"commentCount\":2,\"publisher\":{\"@id\":\"https:\/\/kapitalis.com\/tunisie\/#organization\"},\"image\":{\"@id\":\"https:\/\/kapitalis.com\/tunisie\/2017\/08\/26\/violences-policieres-a-siliana-livd-repond-au-tribunal-militaire\/#primaryimage\"},\"thumbnailUrl\":\"\",\"keywords\":[\"Siliana\",\"Tribunal militaire\"],\"articleSection\":[\"POLITIQUE\",\"Tunisie\"],\"inLanguage\":\"fr-FR\",\"potentialAction\":[{\"@type\":\"CommentAction\",\"name\":\"Comment\",\"target\":[\"https:\/\/kapitalis.com\/tunisie\/2017\/08\/26\/violences-policieres-a-siliana-livd-repond-au-tribunal-militaire\/#respond\"]}]},{\"@type\":\"WebPage\",\"@id\":\"https:\/\/kapitalis.com\/tunisie\/2017\/08\/26\/violences-policieres-a-siliana-livd-repond-au-tribunal-militaire\/\",\"url\":\"https:\/\/kapitalis.com\/tunisie\/2017\/08\/26\/violences-policieres-a-siliana-livd-repond-au-tribunal-militaire\/\",\"name\":\"Violences polici\u00e8res \u00e0 Siliana : L'IVD r\u00e9pond au tribunal militaire - Kapitalis\",\"isPartOf\":{\"@id\":\"https:\/\/kapitalis.com\/tunisie\/#website\"},\"primaryImageOfPage\":{\"@id\":\"https:\/\/kapitalis.com\/tunisie\/2017\/08\/26\/violences-policieres-a-siliana-livd-repond-au-tribunal-militaire\/#primaryimage\"},\"image\":{\"@id\":\"https:\/\/kapitalis.com\/tunisie\/2017\/08\/26\/violences-policieres-a-siliana-livd-repond-au-tribunal-militaire\/#primaryimage\"},\"thumbnailUrl\":\"\",\"datePublished\":\"2017-08-26T12:48:31+00:00\",\"breadcrumb\":{\"@id\":\"https:\/\/kapitalis.com\/tunisie\/2017\/08\/26\/violences-policieres-a-siliana-livd-repond-au-tribunal-militaire\/#breadcrumb\"},\"inLanguage\":\"fr-FR\",\"potentialAction\":[{\"@type\":\"ReadAction\",\"target\":[\"https:\/\/kapitalis.com\/tunisie\/2017\/08\/26\/violences-policieres-a-siliana-livd-repond-au-tribunal-militaire\/\"]}]},{\"@type\":\"ImageObject\",\"inLanguage\":\"fr-FR\",\"@id\":\"https:\/\/kapitalis.com\/tunisie\/2017\/08\/26\/violences-policieres-a-siliana-livd-repond-au-tribunal-militaire\/#primaryimage\",\"url\":\"\",\"contentUrl\":\"\"},{\"@type\":\"BreadcrumbList\",\"@id\":\"https:\/\/kapitalis.com\/tunisie\/2017\/08\/26\/violences-policieres-a-siliana-livd-repond-au-tribunal-militaire\/#breadcrumb\",\"itemListElement\":[{\"@type\":\"ListItem\",\"position\":1,\"name\":\"Accueil\",\"item\":\"https:\/\/kapitalis.com\/tunisie\/\"},{\"@type\":\"ListItem\",\"position\":2,\"name\":\"Violences polici\u00e8res \u00e0 Siliana : L&rsquo;IVD r\u00e9pond au tribunal militaire\"}]},{\"@type\":\"WebSite\",\"@id\":\"https:\/\/kapitalis.com\/tunisie\/#website\",\"url\":\"https:\/\/kapitalis.com\/tunisie\/\",\"name\":\"Kapitalis\",\"description\":\"L&#039;actualit\u00e9 en Tunisie et dans le monde\",\"publisher\":{\"@id\":\"https:\/\/kapitalis.com\/tunisie\/#organization\"},\"potentialAction\":[{\"@type\":\"SearchAction\",\"target\":{\"@type\":\"EntryPoint\",\"urlTemplate\":\"https:\/\/kapitalis.com\/tunisie\/?s={search_term_string}\"},\"query-input\":{\"@type\":\"PropertyValueSpecification\",\"valueRequired\":true,\"valueName\":\"search_term_string\"}}],\"inLanguage\":\"fr-FR\"},{\"@type\":\"Organization\",\"@id\":\"https:\/\/kapitalis.com\/tunisie\/#organization\",\"name\":\"Kapitalis\",\"url\":\"https:\/\/kapitalis.com\/tunisie\/\",\"logo\":{\"@type\":\"ImageObject\",\"inLanguage\":\"fr-FR\",\"@id\":\"https:\/\/kapitalis.com\/tunisie\/#\/schema\/logo\/image\/\",\"url\":\"https:\/\/kapitalis.com\/tunisie\/wp-content\/uploads\/2022\/05\/Kapitalis-big-size.png\",\"contentUrl\":\"https:\/\/kapitalis.com\/tunisie\/wp-content\/uploads\/2022\/05\/Kapitalis-big-size.png\",\"width\":5000,\"height\":1500,\"caption\":\"Kapitalis\"},\"image\":{\"@id\":\"https:\/\/kapitalis.com\/tunisie\/#\/schema\/logo\/image\/\"},\"sameAs\":[\"https:\/\/www.facebook.com\/KapitalisInfo\/\",\"https:\/\/x.com\/KapitalisInfo\",\"https:\/\/www.youtube.com\/channel\/UC-yDYrHyfFBWWZaOw3FPg9Q\"]},{\"@type\":\"Person\",\"@id\":\"https:\/\/kapitalis.com\/tunisie\/#\/schema\/person\/2c6e134b2f3369dffcd1daf5f087d28b\",\"name\":\"emna benabdallah\",\"url\":\"https:\/\/kapitalis.com\/tunisie\/author\/emna\/\"}]}<\/script>\n<!-- \/ Yoast SEO plugin. -->","yoast_head_json":{"title":"Violences polici\u00e8res \u00e0 Siliana : L'IVD r\u00e9pond au tribunal militaire - Kapitalis","robots":{"index":"index","follow":"follow","max-snippet":"max-snippet:-1","max-image-preview":"max-image-preview:large","max-video-preview":"max-video-preview:-1"},"canonical":"https:\/\/kapitalis.com\/tunisie\/2017\/08\/26\/violences-policieres-a-siliana-livd-repond-au-tribunal-militaire\/","og_locale":"fr_FR","og_type":"article","og_title":"Violences polici\u00e8res \u00e0 Siliana : L'IVD r\u00e9pond au tribunal militaire - Kapitalis","og_description":"L\u2019Instance dignit\u00e9 et v\u00e9rit\u00e9 (IVD) a demand\u00e9 au tribunal militaire de lui remettre les dossiers relatifs \u00e0 l&rsquo;affaire des violences polici\u00e8res survenus \u00e0 Siliana, le 12 novembre 2012.","og_url":"https:\/\/kapitalis.com\/tunisie\/2017\/08\/26\/violences-policieres-a-siliana-livd-repond-au-tribunal-militaire\/","og_site_name":"Kapitalis","article_publisher":"https:\/\/www.facebook.com\/KapitalisInfo\/","article_published_time":"2017-08-26T12:48:31+00:00","og_image":[{"width":1200,"height":630,"url":"https:\/\/kapitalis.com\/tunisie\/wp-content\/uploads\/2022\/05\/kapitalis-logo-fb.png","type":"image\/png"}],"author":"emna benabdallah","twitter_card":"summary_large_image","twitter_creator":"@KapitalisInfo","twitter_site":"@KapitalisInfo","twitter_misc":{"\u00c9crit par":"emna benabdallah","Dur\u00e9e de lecture estim\u00e9e":"1 minute"},"schema":{"@context":"https:\/\/schema.org","@graph":[{"@type":"Article","@id":"https:\/\/kapitalis.com\/tunisie\/2017\/08\/26\/violences-policieres-a-siliana-livd-repond-au-tribunal-militaire\/#article","isPartOf":{"@id":"https:\/\/kapitalis.com\/tunisie\/2017\/08\/26\/violences-policieres-a-siliana-livd-repond-au-tribunal-militaire\/"},"author":{"name":"emna benabdallah","@id":"https:\/\/kapitalis.com\/tunisie\/#\/schema\/person\/2c6e134b2f3369dffcd1daf5f087d28b"},"headline":"Violences polici\u00e8res \u00e0 Siliana : L&rsquo;IVD r\u00e9pond au tribunal militaire","datePublished":"2017-08-26T12:48:31+00:00","mainEntityOfPage":{"@id":"https:\/\/kapitalis.com\/tunisie\/2017\/08\/26\/violences-policieres-a-siliana-livd-repond-au-tribunal-militaire\/"},"wordCount":177,"commentCount":2,"publisher":{"@id":"https:\/\/kapitalis.com\/tunisie\/#organization"},"image":{"@id":"https:\/\/kapitalis.com\/tunisie\/2017\/08\/26\/violences-policieres-a-siliana-livd-repond-au-tribunal-militaire\/#primaryimage"},"thumbnailUrl":"","keywords":["Siliana","Tribunal militaire"],"articleSection":["POLITIQUE","Tunisie"],"inLanguage":"fr-FR","potentialAction":[{"@type":"CommentAction","name":"Comment","target":["https:\/\/kapitalis.com\/tunisie\/2017\/08\/26\/violences-policieres-a-siliana-livd-repond-au-tribunal-militaire\/#respond"]}]},{"@type":"WebPage","@id":"https:\/\/kapitalis.com\/tunisie\/2017\/08\/26\/violences-policieres-a-siliana-livd-repond-au-tribunal-militaire\/","url":"https:\/\/kapitalis.com\/tunisie\/2017\/08\/26\/violences-policieres-a-siliana-livd-repond-au-tribunal-militaire\/","name":"Violences polici\u00e8res \u00e0 Siliana : L'IVD r\u00e9pond au tribunal militaire - Kapitalis","isPartOf":{"@id":"https:\/\/kapitalis.com\/tunisie\/#website"},"primaryImageOfPage":{"@id":"https:\/\/kapitalis.com\/tunisie\/2017\/08\/26\/violences-policieres-a-siliana-livd-repond-au-tribunal-militaire\/#primaryimage"},"image":{"@id":"https:\/\/kapitalis.com\/tunisie\/2017\/08\/26\/violences-policieres-a-siliana-livd-repond-au-tribunal-militaire\/#primaryimage"},"thumbnailUrl":"","datePublished":"2017-08-26T12:48:31+00:00","breadcrumb":{"@id":"https:\/\/kapitalis.com\/tunisie\/2017\/08\/26\/violences-policieres-a-siliana-livd-repond-au-tribunal-militaire\/#breadcrumb"},"inLanguage":"fr-FR","potentialAction":[{"@type":"ReadAction","target":["https:\/\/kapitalis.com\/tunisie\/2017\/08\/26\/violences-policieres-a-siliana-livd-repond-au-tribunal-militaire\/"]}]},{"@type":"ImageObject","inLanguage":"fr-FR","@id":"https:\/\/kapitalis.com\/tunisie\/2017\/08\/26\/violences-policieres-a-siliana-livd-repond-au-tribunal-militaire\/#primaryimage","url":"","contentUrl":""},{"@type":"BreadcrumbList","@id":"https:\/\/kapitalis.com\/tunisie\/2017\/08\/26\/violences-policieres-a-siliana-livd-repond-au-tribunal-militaire\/#breadcrumb","itemListElement":[{"@type":"ListItem","position":1,"name":"Accueil","item":"https:\/\/kapitalis.com\/tunisie\/"},{"@type":"ListItem","position":2,"name":"Violences polici\u00e8res \u00e0 Siliana : L&rsquo;IVD r\u00e9pond au tribunal militaire"}]},{"@type":"WebSite","@id":"https:\/\/kapitalis.com\/tunisie\/#website","url":"https:\/\/kapitalis.com\/tunisie\/","name":"Kapitalis","description":"L&#039;actualit\u00e9 en Tunisie et dans le monde","publisher":{"@id":"https:\/\/kapitalis.com\/tunisie\/#organization"},"potentialAction":[{"@type":"SearchAction","target":{"@type":"EntryPoint","urlTemplate":"https:\/\/kapitalis.com\/tunisie\/?s={search_term_string}"},"query-input":{"@type":"PropertyValueSpecification","valueRequired":true,"valueName":"search_term_string"}}],"inLanguage":"fr-FR"},{"@type":"Organization","@id":"https:\/\/kapitalis.com\/tunisie\/#organization","name":"Kapitalis","url":"https:\/\/kapitalis.com\/tunisie\/","logo":{"@type":"ImageObject","inLanguage":"fr-FR","@id":"https:\/\/kapitalis.com\/tunisie\/#\/schema\/logo\/image\/","url":"https:\/\/kapitalis.com\/tunisie\/wp-content\/uploads\/2022\/05\/Kapitalis-big-size.png","contentUrl":"https:\/\/kapitalis.com\/tunisie\/wp-content\/uploads\/2022\/05\/Kapitalis-big-size.png","width":5000,"height":1500,"caption":"Kapitalis"},"image":{"@id":"https:\/\/kapitalis.com\/tunisie\/#\/schema\/logo\/image\/"},"sameAs":["https:\/\/www.facebook.com\/KapitalisInfo\/","https:\/\/x.com\/KapitalisInfo","https:\/\/www.youtube.com\/channel\/UC-yDYrHyfFBWWZaOw3FPg9Q"]},{"@type":"Person","@id":"https:\/\/kapitalis.com\/tunisie\/#\/schema\/person\/2c6e134b2f3369dffcd1daf5f087d28b","name":"emna benabdallah","url":"https:\/\/kapitalis.com\/tunisie\/author\/emna\/"}]}},"_links":{"self":[{"href":"https:\/\/kapitalis.com\/tunisie\/wp-json\/wp\/v2\/posts\/111525","targetHints":{"allow":["GET"]}}],"collection":[{"href":"https:\/\/kapitalis.com\/tunisie\/wp-json\/wp\/v2\/posts"}],"about":[{"href":"https:\/\/kapitalis.com\/tunisie\/wp-json\/wp\/v2\/types\/post"}],"author":[{"embeddable":true,"href":"https:\/\/kapitalis.com\/tunisie\/wp-json\/wp\/v2\/users\/16"}],"replies":[{"embeddable":true,"href":"https:\/\/kapitalis.com\/tunisie\/wp-json\/wp\/v2\/comments?post=111525"}],"version-history":[{"count":0,"href":"https:\/\/kapitalis.com\/tunisie\/wp-json\/wp\/v2\/posts\/111525\/revisions"}],"wp:featuredmedia":[{"embeddable":true,"href":"https:\/\/kapitalis.com\/tunisie\/wp-json\/wp\/v2\/media\/111530"}],"wp:attachment":[{"href":"https:\/\/kapitalis.com\/tunisie\/wp-json\/wp\/v2\/media?parent=111525"}],"wp:term":[{"taxonomy":"category","embeddable":true,"href":"https:\/\/kapitalis.com\/tunisie\/wp-json\/wp\/v2\/categories?post=111525"},{"taxonomy":"post_tag","embeddable":true,"href":"https:\/\/kapitalis.com\/tunisie\/wp-json\/wp\/v2\/tags?post=111525"}],"curies":[{"name":"wp","href":"https:\/\/api.w.org\/{rel}","templated":true}]}}