{"id":111550,"date":"2017-08-26T15:03:40","date_gmt":"2017-08-26T14:03:40","guid":{"rendered":"http:\/\/kapitalis.com\/tunisie\/?p=111550"},"modified":"2017-08-26T15:09:09","modified_gmt":"2017-08-26T14:09:09","slug":"ghannouchi-promet-de-transformer-sebkhat-sejoumi-en-lac-leman","status":"publish","type":"post","link":"https:\/\/kapitalis.com\/tunisie\/2017\/08\/26\/ghannouchi-promet-de-transformer-sebkhat-sejoumi-en-lac-leman\/","title":{"rendered":"Ghannouchi promet de transformer Sebkhat S\u00e9joumi en&#8230; lac L\u00e9man"},"content":{"rendered":"<p style=\"text-align: center;\"><img loading=\"lazy\" decoding=\"async\" class=\"alignnone size-full wp-image-111551\" src=\"http:\/\/kapitalis.com\/tunisie\/wp-content\/uploads\/2017\/08\/ghannouchi_sijoumi.jpg\" alt=\"\" width=\"626\" height=\"380\" \/><\/p>\n<p><em><strong>Rached Ghannouchi a annonc\u00e9 aux habitants des quartiers populaires de l&rsquo;ouest de Tunis\u00a0l&rsquo;am\u00e9nagement de\u00a0<\/strong><\/em><em><strong>Sebkhat S\u00e9joumi en un site touristique!<\/strong><\/em><!--more--><\/p>\n<p>A l&rsquo;occasion de la journ\u00e9e du savoir, c\u00e9l\u00e9br\u00e9e hier, vendredi 25 ao\u00fbt 2017, au quartier de Melassine,\u00a0le pr\u00e9sident d&rsquo;Ennahdha a prononc\u00e9 un discours \u00e9lectoral avant la lettre o\u00f9 il a d\u00e9clar\u00e9 que le mouvement islamiste oeuvre, actuellement, avec le gouvernement, pour le r\u00e9am\u00e9nagement de Sebkhat S\u00e9joumi, un lac sal\u00e9, sec presque toute l&rsquo;ann\u00e9e, pour le transformer en un lieu touristique convivial o\u00f9 il fait bon vivre.<\/p>\n<p>Il est clair que M. Ghannouchi, qui promet de cr\u00e9er une zone touristique dans cette zone pauvre et d\u00e9sh\u00e9rit\u00e9e, essaie, par cette promesse qu&rsquo;il sait sans lendemain, \u00e0 persuader les habitants\u00a0de Melassine et de S\u00e9joumi \u00e0 voter pour son parti lors des \u00e9lections municipales pr\u00e9vues pour le 17 d\u00e9cembre 2017.<\/p>\n<p>Mais cette annonce farfelue et ridicule lui a valu le sarcasme de nombreux habitants des quartiers riverains de la Sebkhat S\u00e9joumi, qui ont d\u00e9j\u00e0 entendu des promesses similaires, toutes oubli\u00e9es par les dirigeants politiques qui leur rendaient visites la veille des consultations \u00e9lectorales et ne repassaient plus apr\u00e8s.<\/p>\n<p>Habitu\u00e9s aux mensonges, les Nahdhaouis n&rsquo;h\u00e9sitent plus \u00e0 vendre aux populations les plus grosses et les plus risibles des illusions. Et la promesse de\u00a0transformer la Sebkhat S\u00e9joumi en une sorte de lac L\u00e9man suisse restera dans les annales du mensonge politique comme la plus irr\u00e9elle et la plus\u00a0audacieuse de toutes.<\/p>\n<p style=\"text-align: right;\"><strong>E. B. A.<\/strong><\/p>\n","protected":false},"excerpt":{"rendered":"<p>Rached Ghannouchi a annonc\u00e9 aux habitants des quartiers populaires de l&rsquo;ouest de Tunis\u00a0l&rsquo;am\u00e9nagement de\u00a0Sebkhat S\u00e9joumi en un site touristique!<\/p>\n","protected":false},"author":16,"featured_media":111551,"comment_status":"open","ping_status":"open","sticky":false,"template":"","format":"standard","meta":{"footnotes":""},"categories":[997,2433],"tags":[],"class_list":["post-111550","post","type-post","status-publish","format-standard","has-post-thumbnail","hentry","category-politique","category-tunisie"],"yoast_head":"<!-- This site is optimized with the Yoast SEO plugin v26.6 - https:\/\/yoast.com\/wordpress\/plugins\/seo\/ -->\n<title>Ghannouchi promet de transformer Sebkhat S\u00e9joumi en... lac L\u00e9man - Kapitalis<\/title>\n<meta name=\"robots\" content=\"index, follow, max-snippet:-1, max-image-preview:large, max-video-preview:-1\" \/>\n<link rel=\"canonical\" href=\"https:\/\/kapitalis.com\/tunisie\/2017\/08\/26\/ghannouchi-promet-de-transformer-sebkhat-sejoumi-en-lac-leman\/\" \/>\n<meta property=\"og:locale\" content=\"fr_FR\" \/>\n<meta property=\"og:type\" content=\"article\" \/>\n<meta property=\"og:title\" content=\"Ghannouchi promet de transformer Sebkhat S\u00e9joumi en... lac L\u00e9man - Kapitalis\" \/>\n<meta property=\"og:description\" content=\"Rached Ghannouchi a annonc\u00e9 aux habitants des quartiers populaires de l&rsquo;ouest de Tunis\u00a0l&rsquo;am\u00e9nagement de\u00a0Sebkhat S\u00e9joumi en un site touristique!\" \/>\n<meta property=\"og:url\" content=\"https:\/\/kapitalis.com\/tunisie\/2017\/08\/26\/ghannouchi-promet-de-transformer-sebkhat-sejoumi-en-lac-leman\/\" \/>\n<meta property=\"og:site_name\" content=\"Kapitalis\" \/>\n<meta property=\"article:publisher\" content=\"https:\/\/www.facebook.com\/KapitalisInfo\/\" \/>\n<meta property=\"article:published_time\" content=\"2017-08-26T14:03:40+00:00\" \/>\n<meta property=\"article:modified_time\" content=\"2017-08-26T14:09:09+00:00\" \/>\n<meta property=\"og:image\" content=\"https:\/\/kapitalis.com\/tunisie\/wp-content\/uploads\/2022\/05\/kapitalis-logo-fb.png\" \/>\n\t<meta property=\"og:image:width\" content=\"1200\" \/>\n\t<meta property=\"og:image:height\" content=\"630\" \/>\n\t<meta property=\"og:image:type\" content=\"image\/png\" \/>\n<meta name=\"author\" content=\"emna benabdallah\" \/>\n<meta name=\"twitter:card\" content=\"summary_large_image\" \/>\n<meta name=\"twitter:creator\" content=\"@KapitalisInfo\" \/>\n<meta name=\"twitter:site\" content=\"@KapitalisInfo\" \/>\n<meta name=\"twitter:label1\" content=\"\u00c9crit par\" \/>\n\t<meta name=\"twitter:data1\" content=\"emna benabdallah\" \/>\n\t<meta name=\"twitter:label2\" content=\"Dur\u00e9e de lecture estim\u00e9e\" \/>\n\t<meta name=\"twitter:data2\" content=\"1 minute\" \/>\n<script type=\"application\/ld+json\" class=\"yoast-schema-graph\">{\"@context\":\"https:\/\/schema.org\",\"@graph\":[{\"@type\":\"Article\",\"@id\":\"https:\/\/kapitalis.com\/tunisie\/2017\/08\/26\/ghannouchi-promet-de-transformer-sebkhat-sejoumi-en-lac-leman\/#article\",\"isPartOf\":{\"@id\":\"https:\/\/kapitalis.com\/tunisie\/2017\/08\/26\/ghannouchi-promet-de-transformer-sebkhat-sejoumi-en-lac-leman\/\"},\"author\":{\"name\":\"emna benabdallah\",\"@id\":\"https:\/\/kapitalis.com\/tunisie\/#\/schema\/person\/2c6e134b2f3369dffcd1daf5f087d28b\"},\"headline\":\"Ghannouchi promet de transformer Sebkhat S\u00e9joumi en&#8230; lac L\u00e9man\",\"datePublished\":\"2017-08-26T14:03:40+00:00\",\"dateModified\":\"2017-08-26T14:09:09+00:00\",\"mainEntityOfPage\":{\"@id\":\"https:\/\/kapitalis.com\/tunisie\/2017\/08\/26\/ghannouchi-promet-de-transformer-sebkhat-sejoumi-en-lac-leman\/\"},\"wordCount\":275,\"commentCount\":12,\"publisher\":{\"@id\":\"https:\/\/kapitalis.com\/tunisie\/#organization\"},\"image\":{\"@id\":\"https:\/\/kapitalis.com\/tunisie\/2017\/08\/26\/ghannouchi-promet-de-transformer-sebkhat-sejoumi-en-lac-leman\/#primaryimage\"},\"thumbnailUrl\":\"\",\"articleSection\":[\"POLITIQUE\",\"Tunisie\"],\"inLanguage\":\"fr-FR\",\"potentialAction\":[{\"@type\":\"CommentAction\",\"name\":\"Comment\",\"target\":[\"https:\/\/kapitalis.com\/tunisie\/2017\/08\/26\/ghannouchi-promet-de-transformer-sebkhat-sejoumi-en-lac-leman\/#respond\"]}]},{\"@type\":\"WebPage\",\"@id\":\"https:\/\/kapitalis.com\/tunisie\/2017\/08\/26\/ghannouchi-promet-de-transformer-sebkhat-sejoumi-en-lac-leman\/\",\"url\":\"https:\/\/kapitalis.com\/tunisie\/2017\/08\/26\/ghannouchi-promet-de-transformer-sebkhat-sejoumi-en-lac-leman\/\",\"name\":\"Ghannouchi promet de transformer Sebkhat S\u00e9joumi en... lac L\u00e9man - Kapitalis\",\"isPartOf\":{\"@id\":\"https:\/\/kapitalis.com\/tunisie\/#website\"},\"primaryImageOfPage\":{\"@id\":\"https:\/\/kapitalis.com\/tunisie\/2017\/08\/26\/ghannouchi-promet-de-transformer-sebkhat-sejoumi-en-lac-leman\/#primaryimage\"},\"image\":{\"@id\":\"https:\/\/kapitalis.com\/tunisie\/2017\/08\/26\/ghannouchi-promet-de-transformer-sebkhat-sejoumi-en-lac-leman\/#primaryimage\"},\"thumbnailUrl\":\"\",\"datePublished\":\"2017-08-26T14:03:40+00:00\",\"dateModified\":\"2017-08-26T14:09:09+00:00\",\"breadcrumb\":{\"@id\":\"https:\/\/kapitalis.com\/tunisie\/2017\/08\/26\/ghannouchi-promet-de-transformer-sebkhat-sejoumi-en-lac-leman\/#breadcrumb\"},\"inLanguage\":\"fr-FR\",\"potentialAction\":[{\"@type\":\"ReadAction\",\"target\":[\"https:\/\/kapitalis.com\/tunisie\/2017\/08\/26\/ghannouchi-promet-de-transformer-sebkhat-sejoumi-en-lac-leman\/\"]}]},{\"@type\":\"ImageObject\",\"inLanguage\":\"fr-FR\",\"@id\":\"https:\/\/kapitalis.com\/tunisie\/2017\/08\/26\/ghannouchi-promet-de-transformer-sebkhat-sejoumi-en-lac-leman\/#primaryimage\",\"url\":\"\",\"contentUrl\":\"\"},{\"@type\":\"BreadcrumbList\",\"@id\":\"https:\/\/kapitalis.com\/tunisie\/2017\/08\/26\/ghannouchi-promet-de-transformer-sebkhat-sejoumi-en-lac-leman\/#breadcrumb\",\"itemListElement\":[{\"@type\":\"ListItem\",\"position\":1,\"name\":\"Accueil\",\"item\":\"https:\/\/kapitalis.com\/tunisie\/\"},{\"@type\":\"ListItem\",\"position\":2,\"name\":\"Ghannouchi promet de transformer Sebkhat S\u00e9joumi en&#8230; lac L\u00e9man\"}]},{\"@type\":\"WebSite\",\"@id\":\"https:\/\/kapitalis.com\/tunisie\/#website\",\"url\":\"https:\/\/kapitalis.com\/tunisie\/\",\"name\":\"Kapitalis\",\"description\":\"L&#039;actualit\u00e9 en Tunisie et dans le monde\",\"publisher\":{\"@id\":\"https:\/\/kapitalis.com\/tunisie\/#organization\"},\"potentialAction\":[{\"@type\":\"SearchAction\",\"target\":{\"@type\":\"EntryPoint\",\"urlTemplate\":\"https:\/\/kapitalis.com\/tunisie\/?s={search_term_string}\"},\"query-input\":{\"@type\":\"PropertyValueSpecification\",\"valueRequired\":true,\"valueName\":\"search_term_string\"}}],\"inLanguage\":\"fr-FR\"},{\"@type\":\"Organization\",\"@id\":\"https:\/\/kapitalis.com\/tunisie\/#organization\",\"name\":\"Kapitalis\",\"url\":\"https:\/\/kapitalis.com\/tunisie\/\",\"logo\":{\"@type\":\"ImageObject\",\"inLanguage\":\"fr-FR\",\"@id\":\"https:\/\/kapitalis.com\/tunisie\/#\/schema\/logo\/image\/\",\"url\":\"https:\/\/kapitalis.com\/tunisie\/wp-content\/uploads\/2022\/05\/Kapitalis-big-size.png\",\"contentUrl\":\"https:\/\/kapitalis.com\/tunisie\/wp-content\/uploads\/2022\/05\/Kapitalis-big-size.png\",\"width\":5000,\"height\":1500,\"caption\":\"Kapitalis\"},\"image\":{\"@id\":\"https:\/\/kapitalis.com\/tunisie\/#\/schema\/logo\/image\/\"},\"sameAs\":[\"https:\/\/www.facebook.com\/KapitalisInfo\/\",\"https:\/\/x.com\/KapitalisInfo\",\"https:\/\/www.youtube.com\/channel\/UC-yDYrHyfFBWWZaOw3FPg9Q\"]},{\"@type\":\"Person\",\"@id\":\"https:\/\/kapitalis.com\/tunisie\/#\/schema\/person\/2c6e134b2f3369dffcd1daf5f087d28b\",\"name\":\"emna benabdallah\",\"url\":\"https:\/\/kapitalis.com\/tunisie\/author\/emna\/\"}]}<\/script>\n<!-- \/ Yoast SEO plugin. -->","yoast_head_json":{"title":"Ghannouchi promet de transformer Sebkhat S\u00e9joumi en... lac L\u00e9man - Kapitalis","robots":{"index":"index","follow":"follow","max-snippet":"max-snippet:-1","max-image-preview":"max-image-preview:large","max-video-preview":"max-video-preview:-1"},"canonical":"https:\/\/kapitalis.com\/tunisie\/2017\/08\/26\/ghannouchi-promet-de-transformer-sebkhat-sejoumi-en-lac-leman\/","og_locale":"fr_FR","og_type":"article","og_title":"Ghannouchi promet de transformer Sebkhat S\u00e9joumi en... lac L\u00e9man - Kapitalis","og_description":"Rached Ghannouchi a annonc\u00e9 aux habitants des quartiers populaires de l&rsquo;ouest de Tunis\u00a0l&rsquo;am\u00e9nagement de\u00a0Sebkhat S\u00e9joumi en un site touristique!","og_url":"https:\/\/kapitalis.com\/tunisie\/2017\/08\/26\/ghannouchi-promet-de-transformer-sebkhat-sejoumi-en-lac-leman\/","og_site_name":"Kapitalis","article_publisher":"https:\/\/www.facebook.com\/KapitalisInfo\/","article_published_time":"2017-08-26T14:03:40+00:00","article_modified_time":"2017-08-26T14:09:09+00:00","og_image":[{"width":1200,"height":630,"url":"https:\/\/kapitalis.com\/tunisie\/wp-content\/uploads\/2022\/05\/kapitalis-logo-fb.png","type":"image\/png"}],"author":"emna benabdallah","twitter_card":"summary_large_image","twitter_creator":"@KapitalisInfo","twitter_site":"@KapitalisInfo","twitter_misc":{"\u00c9crit par":"emna benabdallah","Dur\u00e9e de lecture estim\u00e9e":"1 minute"},"schema":{"@context":"https:\/\/schema.org","@graph":[{"@type":"Article","@id":"https:\/\/kapitalis.com\/tunisie\/2017\/08\/26\/ghannouchi-promet-de-transformer-sebkhat-sejoumi-en-lac-leman\/#article","isPartOf":{"@id":"https:\/\/kapitalis.com\/tunisie\/2017\/08\/26\/ghannouchi-promet-de-transformer-sebkhat-sejoumi-en-lac-leman\/"},"author":{"name":"emna benabdallah","@id":"https:\/\/kapitalis.com\/tunisie\/#\/schema\/person\/2c6e134b2f3369dffcd1daf5f087d28b"},"headline":"Ghannouchi promet de transformer Sebkhat S\u00e9joumi en&#8230; lac L\u00e9man","datePublished":"2017-08-26T14:03:40+00:00","dateModified":"2017-08-26T14:09:09+00:00","mainEntityOfPage":{"@id":"https:\/\/kapitalis.com\/tunisie\/2017\/08\/26\/ghannouchi-promet-de-transformer-sebkhat-sejoumi-en-lac-leman\/"},"wordCount":275,"commentCount":12,"publisher":{"@id":"https:\/\/kapitalis.com\/tunisie\/#organization"},"image":{"@id":"https:\/\/kapitalis.com\/tunisie\/2017\/08\/26\/ghannouchi-promet-de-transformer-sebkhat-sejoumi-en-lac-leman\/#primaryimage"},"thumbnailUrl":"","articleSection":["POLITIQUE","Tunisie"],"inLanguage":"fr-FR","potentialAction":[{"@type":"CommentAction","name":"Comment","target":["https:\/\/kapitalis.com\/tunisie\/2017\/08\/26\/ghannouchi-promet-de-transformer-sebkhat-sejoumi-en-lac-leman\/#respond"]}]},{"@type":"WebPage","@id":"https:\/\/kapitalis.com\/tunisie\/2017\/08\/26\/ghannouchi-promet-de-transformer-sebkhat-sejoumi-en-lac-leman\/","url":"https:\/\/kapitalis.com\/tunisie\/2017\/08\/26\/ghannouchi-promet-de-transformer-sebkhat-sejoumi-en-lac-leman\/","name":"Ghannouchi promet de transformer Sebkhat S\u00e9joumi en... lac L\u00e9man - Kapitalis","isPartOf":{"@id":"https:\/\/kapitalis.com\/tunisie\/#website"},"primaryImageOfPage":{"@id":"https:\/\/kapitalis.com\/tunisie\/2017\/08\/26\/ghannouchi-promet-de-transformer-sebkhat-sejoumi-en-lac-leman\/#primaryimage"},"image":{"@id":"https:\/\/kapitalis.com\/tunisie\/2017\/08\/26\/ghannouchi-promet-de-transformer-sebkhat-sejoumi-en-lac-leman\/#primaryimage"},"thumbnailUrl":"","datePublished":"2017-08-26T14:03:40+00:00","dateModified":"2017-08-26T14:09:09+00:00","breadcrumb":{"@id":"https:\/\/kapitalis.com\/tunisie\/2017\/08\/26\/ghannouchi-promet-de-transformer-sebkhat-sejoumi-en-lac-leman\/#breadcrumb"},"inLanguage":"fr-FR","potentialAction":[{"@type":"ReadAction","target":["https:\/\/kapitalis.com\/tunisie\/2017\/08\/26\/ghannouchi-promet-de-transformer-sebkhat-sejoumi-en-lac-leman\/"]}]},{"@type":"ImageObject","inLanguage":"fr-FR","@id":"https:\/\/kapitalis.com\/tunisie\/2017\/08\/26\/ghannouchi-promet-de-transformer-sebkhat-sejoumi-en-lac-leman\/#primaryimage","url":"","contentUrl":""},{"@type":"BreadcrumbList","@id":"https:\/\/kapitalis.com\/tunisie\/2017\/08\/26\/ghannouchi-promet-de-transformer-sebkhat-sejoumi-en-lac-leman\/#breadcrumb","itemListElement":[{"@type":"ListItem","position":1,"name":"Accueil","item":"https:\/\/kapitalis.com\/tunisie\/"},{"@type":"ListItem","position":2,"name":"Ghannouchi promet de transformer Sebkhat S\u00e9joumi en&#8230; lac L\u00e9man"}]},{"@type":"WebSite","@id":"https:\/\/kapitalis.com\/tunisie\/#website","url":"https:\/\/kapitalis.com\/tunisie\/","name":"Kapitalis","description":"L&#039;actualit\u00e9 en Tunisie et dans le monde","publisher":{"@id":"https:\/\/kapitalis.com\/tunisie\/#organization"},"potentialAction":[{"@type":"SearchAction","target":{"@type":"EntryPoint","urlTemplate":"https:\/\/kapitalis.com\/tunisie\/?s={search_term_string}"},"query-input":{"@type":"PropertyValueSpecification","valueRequired":true,"valueName":"search_term_string"}}],"inLanguage":"fr-FR"},{"@type":"Organization","@id":"https:\/\/kapitalis.com\/tunisie\/#organization","name":"Kapitalis","url":"https:\/\/kapitalis.com\/tunisie\/","logo":{"@type":"ImageObject","inLanguage":"fr-FR","@id":"https:\/\/kapitalis.com\/tunisie\/#\/schema\/logo\/image\/","url":"https:\/\/kapitalis.com\/tunisie\/wp-content\/uploads\/2022\/05\/Kapitalis-big-size.png","contentUrl":"https:\/\/kapitalis.com\/tunisie\/wp-content\/uploads\/2022\/05\/Kapitalis-big-size.png","width":5000,"height":1500,"caption":"Kapitalis"},"image":{"@id":"https:\/\/kapitalis.com\/tunisie\/#\/schema\/logo\/image\/"},"sameAs":["https:\/\/www.facebook.com\/KapitalisInfo\/","https:\/\/x.com\/KapitalisInfo","https:\/\/www.youtube.com\/channel\/UC-yDYrHyfFBWWZaOw3FPg9Q"]},{"@type":"Person","@id":"https:\/\/kapitalis.com\/tunisie\/#\/schema\/person\/2c6e134b2f3369dffcd1daf5f087d28b","name":"emna benabdallah","url":"https:\/\/kapitalis.com\/tunisie\/author\/emna\/"}]}},"_links":{"self":[{"href":"https:\/\/kapitalis.com\/tunisie\/wp-json\/wp\/v2\/posts\/111550","targetHints":{"allow":["GET"]}}],"collection":[{"href":"https:\/\/kapitalis.com\/tunisie\/wp-json\/wp\/v2\/posts"}],"about":[{"href":"https:\/\/kapitalis.com\/tunisie\/wp-json\/wp\/v2\/types\/post"}],"author":[{"embeddable":true,"href":"https:\/\/kapitalis.com\/tunisie\/wp-json\/wp\/v2\/users\/16"}],"replies":[{"embeddable":true,"href":"https:\/\/kapitalis.com\/tunisie\/wp-json\/wp\/v2\/comments?post=111550"}],"version-history":[{"count":0,"href":"https:\/\/kapitalis.com\/tunisie\/wp-json\/wp\/v2\/posts\/111550\/revisions"}],"wp:featuredmedia":[{"embeddable":true,"href":"https:\/\/kapitalis.com\/tunisie\/wp-json\/wp\/v2\/media\/111551"}],"wp:attachment":[{"href":"https:\/\/kapitalis.com\/tunisie\/wp-json\/wp\/v2\/media?parent=111550"}],"wp:term":[{"taxonomy":"category","embeddable":true,"href":"https:\/\/kapitalis.com\/tunisie\/wp-json\/wp\/v2\/categories?post=111550"},{"taxonomy":"post_tag","embeddable":true,"href":"https:\/\/kapitalis.com\/tunisie\/wp-json\/wp\/v2\/tags?post=111550"}],"curies":[{"name":"wp","href":"https:\/\/api.w.org\/{rel}","templated":true}]}}