{"id":11167238,"date":"2024-01-06T08:49:59","date_gmt":"2024-01-06T07:49:59","guid":{"rendered":"https:\/\/kapitalis.com\/tunisie\/?p=11167238"},"modified":"2024-01-06T08:50:00","modified_gmt":"2024-01-06T07:50:00","slug":"rencontre-a-tunis-sur-lactualite-de-la-resistance-cinematographique","status":"publish","type":"post","link":"https:\/\/kapitalis.com\/tunisie\/2024\/01\/06\/rencontre-a-tunis-sur-lactualite-de-la-resistance-cinematographique\/","title":{"rendered":"Rencontre \u00e0 Tunis sur l\u2019actualit\u00e9 de la r\u00e9sistance cin\u00e9matographique"},"content":{"rendered":"\n<p><strong><em>Le Cin\u00e9 Club de Tunis organise ce samedi 6 janvier 2024 \u00e0 16 heures au cin\u00e9ma Le Rio au centre-ville de Tunis une rencontre pour explorer la riche histoire des textes cin\u00e9matographiques et des manifestes qui ont fa\u00e7onn\u00e9 la narration du cin\u00e9ma du Sud.\u00a0<\/em><\/strong><\/p>\n\n\n\n<!--more-->\n\n\n\n<p>Le programme de la rencontre porte sur le th\u00e8me <em>\u00abBlack Screens, White Lies\u00bb<\/em> (Ecrans noirs, mensonges blancs). Il interroge les textes fondateurs qui ont vivement critiqu\u00e9 la domination occidentale dans l\u2019esth\u00e9tique, la production et la distribution des films en Afrique, dans le monde arabe et en Am\u00e9rique latine.<\/p>\n\n\n\n<p>Ces textes sont \u00e9crits par une g\u00e9n\u00e9ration de cin\u00e9astes qui a appel\u00e9 \u00e0 un cin\u00e9ma<em> \u00ablucide\u00bb<\/em> et <em>\u00abpopulaire\u00bb<\/em> (Julio Garcia Espinoza), un cin\u00e9ma de <em>\u00abprogr\u00e8s et de r\u00e9veil\u00bb<\/em> (F\u00e9rid Boughedir), et un cin\u00e9ma de <em>\u00absolidarit\u00e9\u00bb<\/em> entre les peuples domin\u00e9s (Med Hondo).<\/p>\n\n\n\n<p>Jusqu\u2019\u00e0 ce jour, le cin\u00e9ma euro-am\u00e9ricain continue de <em>\u00abjeter un voile de paternalisme fraternel sur nos cin\u00e9astes\u00bb<\/em>, les obligeant \u00e0 une imitation formelle afin d\u2019obtenir une reconnaissance internationale.<\/p>\n\n\n\n<p>Ainsi, est-il important de revisiter des textes influents et des manifestes cin\u00e9matographiques, offrant des perspectives sur les luttes pass\u00e9es contre l\u2019h\u00e9g\u00e9monie occidentale qui se poursuit et se renforce.<\/p>\n\n\n\n<p>Dans cette lutte, faut-il adopter ou rejeter les structures occidentales de distribution cin\u00e9matographique? Comment rompre avec les esth\u00e9tiques occidentales tout en faisant appel au public local? Et quelles \u00e9taient les d\u00e9fis de la cr\u00e9ation de cin\u00e9mas nationaux et de l\u2019engagement dans une solidarit\u00e9 transnationale anti-imp\u00e9rialiste et anticolonialiste?<\/p>\n\n\n\n<p>Les lectures seront accompagn\u00e9es d\u2019une s\u00e9lection soigneusement choisie d\u2019extraits de films pertinents. Les manifestes qui seront analys\u00e9s et discut\u00e9s sont <em>\u00abQu\u2019est-ce que le cin\u00e9ma pour nous ?\u00bb<\/em> par Med Hondo; <em>\u00abVers un troisi\u00e8me cin\u00e9ma\u00bb<\/em> par Fernando Solanas et Octavio Getino\u00a0; <em>\u00ab\u00c9crans d\u2019abondance\u00bb<\/em> par Tahar Cheriaa; <em>\u00abPour un cin\u00e9ma imparfait\u00bb<\/em> par Julio Garcia Espinoza et <em>\u00abManifeste du Groupe du cin\u00e9ma palestinien\u00bb<\/em>.<\/p>\n","protected":false},"excerpt":{"rendered":"<p>Rencontre au cin\u00e9ma Le Rio sur les manifestes qui ont fa\u00e7onn\u00e9 la narration du cin\u00e9ma du Sud.<\/p>\n","protected":false},"author":8,"featured_media":11167294,"comment_status":"open","ping_status":"open","sticky":false,"template":"","format":"standard","meta":{"footnotes":""},"categories":[994,2433],"tags":[94539,15789,113257,113256,113254,113258,113253,113255],"class_list":["post-11167238","post","type-post","status-publish","format-standard","has-post-thumbnail","hentry","category-culture","category-tunisie","tag-cinema-du-sud","tag-ferid-boughedir","tag-fernando-solanas","tag-julio-garcia-espinoza","tag-med-hondo","tag-octavio-getino","tag-resistance-cinematographique","tag-tahar-cheriaa-2"],"yoast_head":"<!-- This site is optimized with the Yoast SEO plugin v26.6 - https:\/\/yoast.com\/wordpress\/plugins\/seo\/ -->\n<title>Rencontre \u00e0 Tunis sur l\u2019actualit\u00e9 de la r\u00e9sistance cin\u00e9matographique - Kapitalis<\/title>\n<meta name=\"robots\" content=\"index, follow, max-snippet:-1, max-image-preview:large, max-video-preview:-1\" \/>\n<link rel=\"canonical\" href=\"https:\/\/kapitalis.com\/tunisie\/2024\/01\/06\/rencontre-a-tunis-sur-lactualite-de-la-resistance-cinematographique\/\" \/>\n<meta property=\"og:locale\" content=\"fr_FR\" \/>\n<meta property=\"og:type\" content=\"article\" \/>\n<meta property=\"og:title\" content=\"Rencontre \u00e0 Tunis sur l\u2019actualit\u00e9 de la r\u00e9sistance cin\u00e9matographique - Kapitalis\" \/>\n<meta property=\"og:description\" content=\"Rencontre au cin\u00e9ma Le Rio sur les manifestes qui ont fa\u00e7onn\u00e9 la narration du cin\u00e9ma du Sud.\" \/>\n<meta property=\"og:url\" content=\"https:\/\/kapitalis.com\/tunisie\/2024\/01\/06\/rencontre-a-tunis-sur-lactualite-de-la-resistance-cinematographique\/\" \/>\n<meta property=\"og:site_name\" content=\"Kapitalis\" \/>\n<meta property=\"article:publisher\" content=\"https:\/\/www.facebook.com\/KapitalisInfo\/\" \/>\n<meta property=\"article:published_time\" content=\"2024-01-06T07:49:59+00:00\" \/>\n<meta property=\"article:modified_time\" content=\"2024-01-06T07:50:00+00:00\" \/>\n<meta property=\"og:image\" content=\"https:\/\/kapitalis.com\/tunisie\/wp-content\/uploads\/2024\/01\/Cinemas-du-Sud.jpg\" \/>\n\t<meta property=\"og:image:width\" content=\"1200\" \/>\n\t<meta property=\"og:image:height\" content=\"630\" \/>\n\t<meta property=\"og:image:type\" content=\"image\/jpeg\" \/>\n<meta name=\"author\" content=\"webmaster kapitalis\" \/>\n<meta name=\"twitter:card\" content=\"summary_large_image\" \/>\n<meta name=\"twitter:creator\" content=\"@KapitalisInfo\" \/>\n<meta name=\"twitter:site\" content=\"@KapitalisInfo\" \/>\n<meta name=\"twitter:label1\" content=\"\u00c9crit par\" \/>\n\t<meta name=\"twitter:data1\" content=\"webmaster kapitalis\" \/>\n\t<meta name=\"twitter:label2\" content=\"Dur\u00e9e de lecture estim\u00e9e\" \/>\n\t<meta name=\"twitter:data2\" content=\"2 minutes\" \/>\n<script type=\"application\/ld+json\" class=\"yoast-schema-graph\">{\"@context\":\"https:\/\/schema.org\",\"@graph\":[{\"@type\":\"Article\",\"@id\":\"https:\/\/kapitalis.com\/tunisie\/2024\/01\/06\/rencontre-a-tunis-sur-lactualite-de-la-resistance-cinematographique\/#article\",\"isPartOf\":{\"@id\":\"https:\/\/kapitalis.com\/tunisie\/2024\/01\/06\/rencontre-a-tunis-sur-lactualite-de-la-resistance-cinematographique\/\"},\"author\":{\"name\":\"webmaster kapitalis\",\"@id\":\"https:\/\/kapitalis.com\/tunisie\/#\/schema\/person\/d71f33a9ca44f7bad4698210b480c8e9\"},\"headline\":\"Rencontre \u00e0 Tunis sur l\u2019actualit\u00e9 de la r\u00e9sistance cin\u00e9matographique\",\"datePublished\":\"2024-01-06T07:49:59+00:00\",\"dateModified\":\"2024-01-06T07:50:00+00:00\",\"mainEntityOfPage\":{\"@id\":\"https:\/\/kapitalis.com\/tunisie\/2024\/01\/06\/rencontre-a-tunis-sur-lactualite-de-la-resistance-cinematographique\/\"},\"wordCount\":347,\"commentCount\":0,\"publisher\":{\"@id\":\"https:\/\/kapitalis.com\/tunisie\/#organization\"},\"image\":{\"@id\":\"https:\/\/kapitalis.com\/tunisie\/2024\/01\/06\/rencontre-a-tunis-sur-lactualite-de-la-resistance-cinematographique\/#primaryimage\"},\"thumbnailUrl\":\"https:\/\/kapitalis.com\/tunisie\/wp-content\/uploads\/2024\/01\/Cinemas-du-Sud.jpg\",\"keywords\":[\"cin\u00e9ma du sud\",\"F\u00e9rid Boughedir\",\"Fernando Solanas\",\"Julio Garcia Espinoza\",\"Med Hondo\",\"Octavio Getino\",\"r\u00e9sistance cin\u00e9matographique\",\"Tahar Cheriaa\"],\"articleSection\":[\"CULTURE\",\"Tunisie\"],\"inLanguage\":\"fr-FR\",\"potentialAction\":[{\"@type\":\"CommentAction\",\"name\":\"Comment\",\"target\":[\"https:\/\/kapitalis.com\/tunisie\/2024\/01\/06\/rencontre-a-tunis-sur-lactualite-de-la-resistance-cinematographique\/#respond\"]}]},{\"@type\":\"WebPage\",\"@id\":\"https:\/\/kapitalis.com\/tunisie\/2024\/01\/06\/rencontre-a-tunis-sur-lactualite-de-la-resistance-cinematographique\/\",\"url\":\"https:\/\/kapitalis.com\/tunisie\/2024\/01\/06\/rencontre-a-tunis-sur-lactualite-de-la-resistance-cinematographique\/\",\"name\":\"Rencontre \u00e0 Tunis sur l\u2019actualit\u00e9 de la r\u00e9sistance cin\u00e9matographique - Kapitalis\",\"isPartOf\":{\"@id\":\"https:\/\/kapitalis.com\/tunisie\/#website\"},\"primaryImageOfPage\":{\"@id\":\"https:\/\/kapitalis.com\/tunisie\/2024\/01\/06\/rencontre-a-tunis-sur-lactualite-de-la-resistance-cinematographique\/#primaryimage\"},\"image\":{\"@id\":\"https:\/\/kapitalis.com\/tunisie\/2024\/01\/06\/rencontre-a-tunis-sur-lactualite-de-la-resistance-cinematographique\/#primaryimage\"},\"thumbnailUrl\":\"https:\/\/kapitalis.com\/tunisie\/wp-content\/uploads\/2024\/01\/Cinemas-du-Sud.jpg\",\"datePublished\":\"2024-01-06T07:49:59+00:00\",\"dateModified\":\"2024-01-06T07:50:00+00:00\",\"breadcrumb\":{\"@id\":\"https:\/\/kapitalis.com\/tunisie\/2024\/01\/06\/rencontre-a-tunis-sur-lactualite-de-la-resistance-cinematographique\/#breadcrumb\"},\"inLanguage\":\"fr-FR\",\"potentialAction\":[{\"@type\":\"ReadAction\",\"target\":[\"https:\/\/kapitalis.com\/tunisie\/2024\/01\/06\/rencontre-a-tunis-sur-lactualite-de-la-resistance-cinematographique\/\"]}]},{\"@type\":\"ImageObject\",\"inLanguage\":\"fr-FR\",\"@id\":\"https:\/\/kapitalis.com\/tunisie\/2024\/01\/06\/rencontre-a-tunis-sur-lactualite-de-la-resistance-cinematographique\/#primaryimage\",\"url\":\"https:\/\/kapitalis.com\/tunisie\/wp-content\/uploads\/2024\/01\/Cinemas-du-Sud.jpg\",\"contentUrl\":\"https:\/\/kapitalis.com\/tunisie\/wp-content\/uploads\/2024\/01\/Cinemas-du-Sud.jpg\",\"width\":1200,\"height\":630},{\"@type\":\"BreadcrumbList\",\"@id\":\"https:\/\/kapitalis.com\/tunisie\/2024\/01\/06\/rencontre-a-tunis-sur-lactualite-de-la-resistance-cinematographique\/#breadcrumb\",\"itemListElement\":[{\"@type\":\"ListItem\",\"position\":1,\"name\":\"Accueil\",\"item\":\"https:\/\/kapitalis.com\/tunisie\/\"},{\"@type\":\"ListItem\",\"position\":2,\"name\":\"Rencontre \u00e0 Tunis sur l\u2019actualit\u00e9 de la r\u00e9sistance cin\u00e9matographique\"}]},{\"@type\":\"WebSite\",\"@id\":\"https:\/\/kapitalis.com\/tunisie\/#website\",\"url\":\"https:\/\/kapitalis.com\/tunisie\/\",\"name\":\"Kapitalis\",\"description\":\"L&#039;actualit\u00e9 en Tunisie et dans le monde\",\"publisher\":{\"@id\":\"https:\/\/kapitalis.com\/tunisie\/#organization\"},\"potentialAction\":[{\"@type\":\"SearchAction\",\"target\":{\"@type\":\"EntryPoint\",\"urlTemplate\":\"https:\/\/kapitalis.com\/tunisie\/?s={search_term_string}\"},\"query-input\":{\"@type\":\"PropertyValueSpecification\",\"valueRequired\":true,\"valueName\":\"search_term_string\"}}],\"inLanguage\":\"fr-FR\"},{\"@type\":\"Organization\",\"@id\":\"https:\/\/kapitalis.com\/tunisie\/#organization\",\"name\":\"Kapitalis\",\"url\":\"https:\/\/kapitalis.com\/tunisie\/\",\"logo\":{\"@type\":\"ImageObject\",\"inLanguage\":\"fr-FR\",\"@id\":\"https:\/\/kapitalis.com\/tunisie\/#\/schema\/logo\/image\/\",\"url\":\"https:\/\/kapitalis.com\/tunisie\/wp-content\/uploads\/2022\/05\/Kapitalis-big-size.png\",\"contentUrl\":\"https:\/\/kapitalis.com\/tunisie\/wp-content\/uploads\/2022\/05\/Kapitalis-big-size.png\",\"width\":5000,\"height\":1500,\"caption\":\"Kapitalis\"},\"image\":{\"@id\":\"https:\/\/kapitalis.com\/tunisie\/#\/schema\/logo\/image\/\"},\"sameAs\":[\"https:\/\/www.facebook.com\/KapitalisInfo\/\",\"https:\/\/x.com\/KapitalisInfo\",\"https:\/\/www.youtube.com\/channel\/UC-yDYrHyfFBWWZaOw3FPg9Q\"]},{\"@type\":\"Person\",\"@id\":\"https:\/\/kapitalis.com\/tunisie\/#\/schema\/person\/d71f33a9ca44f7bad4698210b480c8e9\",\"name\":\"webmaster kapitalis\",\"url\":\"https:\/\/kapitalis.com\/tunisie\/author\/webmaster-kapitalis\/\"}]}<\/script>\n<!-- \/ Yoast SEO plugin. -->","yoast_head_json":{"title":"Rencontre \u00e0 Tunis sur l\u2019actualit\u00e9 de la r\u00e9sistance cin\u00e9matographique - Kapitalis","robots":{"index":"index","follow":"follow","max-snippet":"max-snippet:-1","max-image-preview":"max-image-preview:large","max-video-preview":"max-video-preview:-1"},"canonical":"https:\/\/kapitalis.com\/tunisie\/2024\/01\/06\/rencontre-a-tunis-sur-lactualite-de-la-resistance-cinematographique\/","og_locale":"fr_FR","og_type":"article","og_title":"Rencontre \u00e0 Tunis sur l\u2019actualit\u00e9 de la r\u00e9sistance cin\u00e9matographique - Kapitalis","og_description":"Rencontre au cin\u00e9ma Le Rio sur les manifestes qui ont fa\u00e7onn\u00e9 la narration du cin\u00e9ma du Sud.","og_url":"https:\/\/kapitalis.com\/tunisie\/2024\/01\/06\/rencontre-a-tunis-sur-lactualite-de-la-resistance-cinematographique\/","og_site_name":"Kapitalis","article_publisher":"https:\/\/www.facebook.com\/KapitalisInfo\/","article_published_time":"2024-01-06T07:49:59+00:00","article_modified_time":"2024-01-06T07:50:00+00:00","og_image":[{"width":1200,"height":630,"url":"https:\/\/kapitalis.com\/tunisie\/wp-content\/uploads\/2024\/01\/Cinemas-du-Sud.jpg","type":"image\/jpeg"}],"author":"webmaster kapitalis","twitter_card":"summary_large_image","twitter_creator":"@KapitalisInfo","twitter_site":"@KapitalisInfo","twitter_misc":{"\u00c9crit par":"webmaster kapitalis","Dur\u00e9e de lecture estim\u00e9e":"2 minutes"},"schema":{"@context":"https:\/\/schema.org","@graph":[{"@type":"Article","@id":"https:\/\/kapitalis.com\/tunisie\/2024\/01\/06\/rencontre-a-tunis-sur-lactualite-de-la-resistance-cinematographique\/#article","isPartOf":{"@id":"https:\/\/kapitalis.com\/tunisie\/2024\/01\/06\/rencontre-a-tunis-sur-lactualite-de-la-resistance-cinematographique\/"},"author":{"name":"webmaster kapitalis","@id":"https:\/\/kapitalis.com\/tunisie\/#\/schema\/person\/d71f33a9ca44f7bad4698210b480c8e9"},"headline":"Rencontre \u00e0 Tunis sur l\u2019actualit\u00e9 de la r\u00e9sistance cin\u00e9matographique","datePublished":"2024-01-06T07:49:59+00:00","dateModified":"2024-01-06T07:50:00+00:00","mainEntityOfPage":{"@id":"https:\/\/kapitalis.com\/tunisie\/2024\/01\/06\/rencontre-a-tunis-sur-lactualite-de-la-resistance-cinematographique\/"},"wordCount":347,"commentCount":0,"publisher":{"@id":"https:\/\/kapitalis.com\/tunisie\/#organization"},"image":{"@id":"https:\/\/kapitalis.com\/tunisie\/2024\/01\/06\/rencontre-a-tunis-sur-lactualite-de-la-resistance-cinematographique\/#primaryimage"},"thumbnailUrl":"https:\/\/kapitalis.com\/tunisie\/wp-content\/uploads\/2024\/01\/Cinemas-du-Sud.jpg","keywords":["cin\u00e9ma du sud","F\u00e9rid Boughedir","Fernando Solanas","Julio Garcia Espinoza","Med Hondo","Octavio Getino","r\u00e9sistance cin\u00e9matographique","Tahar Cheriaa"],"articleSection":["CULTURE","Tunisie"],"inLanguage":"fr-FR","potentialAction":[{"@type":"CommentAction","name":"Comment","target":["https:\/\/kapitalis.com\/tunisie\/2024\/01\/06\/rencontre-a-tunis-sur-lactualite-de-la-resistance-cinematographique\/#respond"]}]},{"@type":"WebPage","@id":"https:\/\/kapitalis.com\/tunisie\/2024\/01\/06\/rencontre-a-tunis-sur-lactualite-de-la-resistance-cinematographique\/","url":"https:\/\/kapitalis.com\/tunisie\/2024\/01\/06\/rencontre-a-tunis-sur-lactualite-de-la-resistance-cinematographique\/","name":"Rencontre \u00e0 Tunis sur l\u2019actualit\u00e9 de la r\u00e9sistance cin\u00e9matographique - Kapitalis","isPartOf":{"@id":"https:\/\/kapitalis.com\/tunisie\/#website"},"primaryImageOfPage":{"@id":"https:\/\/kapitalis.com\/tunisie\/2024\/01\/06\/rencontre-a-tunis-sur-lactualite-de-la-resistance-cinematographique\/#primaryimage"},"image":{"@id":"https:\/\/kapitalis.com\/tunisie\/2024\/01\/06\/rencontre-a-tunis-sur-lactualite-de-la-resistance-cinematographique\/#primaryimage"},"thumbnailUrl":"https:\/\/kapitalis.com\/tunisie\/wp-content\/uploads\/2024\/01\/Cinemas-du-Sud.jpg","datePublished":"2024-01-06T07:49:59+00:00","dateModified":"2024-01-06T07:50:00+00:00","breadcrumb":{"@id":"https:\/\/kapitalis.com\/tunisie\/2024\/01\/06\/rencontre-a-tunis-sur-lactualite-de-la-resistance-cinematographique\/#breadcrumb"},"inLanguage":"fr-FR","potentialAction":[{"@type":"ReadAction","target":["https:\/\/kapitalis.com\/tunisie\/2024\/01\/06\/rencontre-a-tunis-sur-lactualite-de-la-resistance-cinematographique\/"]}]},{"@type":"ImageObject","inLanguage":"fr-FR","@id":"https:\/\/kapitalis.com\/tunisie\/2024\/01\/06\/rencontre-a-tunis-sur-lactualite-de-la-resistance-cinematographique\/#primaryimage","url":"https:\/\/kapitalis.com\/tunisie\/wp-content\/uploads\/2024\/01\/Cinemas-du-Sud.jpg","contentUrl":"https:\/\/kapitalis.com\/tunisie\/wp-content\/uploads\/2024\/01\/Cinemas-du-Sud.jpg","width":1200,"height":630},{"@type":"BreadcrumbList","@id":"https:\/\/kapitalis.com\/tunisie\/2024\/01\/06\/rencontre-a-tunis-sur-lactualite-de-la-resistance-cinematographique\/#breadcrumb","itemListElement":[{"@type":"ListItem","position":1,"name":"Accueil","item":"https:\/\/kapitalis.com\/tunisie\/"},{"@type":"ListItem","position":2,"name":"Rencontre \u00e0 Tunis sur l\u2019actualit\u00e9 de la r\u00e9sistance cin\u00e9matographique"}]},{"@type":"WebSite","@id":"https:\/\/kapitalis.com\/tunisie\/#website","url":"https:\/\/kapitalis.com\/tunisie\/","name":"Kapitalis","description":"L&#039;actualit\u00e9 en Tunisie et dans le monde","publisher":{"@id":"https:\/\/kapitalis.com\/tunisie\/#organization"},"potentialAction":[{"@type":"SearchAction","target":{"@type":"EntryPoint","urlTemplate":"https:\/\/kapitalis.com\/tunisie\/?s={search_term_string}"},"query-input":{"@type":"PropertyValueSpecification","valueRequired":true,"valueName":"search_term_string"}}],"inLanguage":"fr-FR"},{"@type":"Organization","@id":"https:\/\/kapitalis.com\/tunisie\/#organization","name":"Kapitalis","url":"https:\/\/kapitalis.com\/tunisie\/","logo":{"@type":"ImageObject","inLanguage":"fr-FR","@id":"https:\/\/kapitalis.com\/tunisie\/#\/schema\/logo\/image\/","url":"https:\/\/kapitalis.com\/tunisie\/wp-content\/uploads\/2022\/05\/Kapitalis-big-size.png","contentUrl":"https:\/\/kapitalis.com\/tunisie\/wp-content\/uploads\/2022\/05\/Kapitalis-big-size.png","width":5000,"height":1500,"caption":"Kapitalis"},"image":{"@id":"https:\/\/kapitalis.com\/tunisie\/#\/schema\/logo\/image\/"},"sameAs":["https:\/\/www.facebook.com\/KapitalisInfo\/","https:\/\/x.com\/KapitalisInfo","https:\/\/www.youtube.com\/channel\/UC-yDYrHyfFBWWZaOw3FPg9Q"]},{"@type":"Person","@id":"https:\/\/kapitalis.com\/tunisie\/#\/schema\/person\/d71f33a9ca44f7bad4698210b480c8e9","name":"webmaster kapitalis","url":"https:\/\/kapitalis.com\/tunisie\/author\/webmaster-kapitalis\/"}]}},"_links":{"self":[{"href":"https:\/\/kapitalis.com\/tunisie\/wp-json\/wp\/v2\/posts\/11167238","targetHints":{"allow":["GET"]}}],"collection":[{"href":"https:\/\/kapitalis.com\/tunisie\/wp-json\/wp\/v2\/posts"}],"about":[{"href":"https:\/\/kapitalis.com\/tunisie\/wp-json\/wp\/v2\/types\/post"}],"author":[{"embeddable":true,"href":"https:\/\/kapitalis.com\/tunisie\/wp-json\/wp\/v2\/users\/8"}],"replies":[{"embeddable":true,"href":"https:\/\/kapitalis.com\/tunisie\/wp-json\/wp\/v2\/comments?post=11167238"}],"version-history":[{"count":1,"href":"https:\/\/kapitalis.com\/tunisie\/wp-json\/wp\/v2\/posts\/11167238\/revisions"}],"predecessor-version":[{"id":11167298,"href":"https:\/\/kapitalis.com\/tunisie\/wp-json\/wp\/v2\/posts\/11167238\/revisions\/11167298"}],"wp:featuredmedia":[{"embeddable":true,"href":"https:\/\/kapitalis.com\/tunisie\/wp-json\/wp\/v2\/media\/11167294"}],"wp:attachment":[{"href":"https:\/\/kapitalis.com\/tunisie\/wp-json\/wp\/v2\/media?parent=11167238"}],"wp:term":[{"taxonomy":"category","embeddable":true,"href":"https:\/\/kapitalis.com\/tunisie\/wp-json\/wp\/v2\/categories?post=11167238"},{"taxonomy":"post_tag","embeddable":true,"href":"https:\/\/kapitalis.com\/tunisie\/wp-json\/wp\/v2\/tags?post=11167238"}],"curies":[{"name":"wp","href":"https:\/\/api.w.org\/{rel}","templated":true}]}}