{"id":1119360,"date":"2022-05-31T15:57:22","date_gmt":"2022-05-31T14:57:22","guid":{"rendered":"https:\/\/kapitalis.com\/tunisie\/?p=1119360"},"modified":"2022-05-31T15:57:24","modified_gmt":"2022-05-31T14:57:24","slug":"ugtt-la-greve-generale-dans-le-secteur-public-aura-lieu-le-16-juin","status":"publish","type":"post","link":"https:\/\/kapitalis.com\/tunisie\/2022\/05\/31\/ugtt-la-greve-generale-dans-le-secteur-public-aura-lieu-le-16-juin\/","title":{"rendered":"UGTT : La gr\u00e8ve g\u00e9n\u00e9rale dans le secteur public aura lieu le 16 juin"},"content":{"rendered":"\n<p><strong><em>Annonc\u00e9e la semaine derni\u00e8re par l&rsquo;Union g\u00e9n\u00e9rale tunisienne du travail (UGTT), la gr\u00e8ve g\u00e9n\u00e9rale dans le secteur public aura lieu le 16 juin prochain. C&rsquo;est ce qu&rsquo;a fait savoir, ce mardi 31 mai 2022, la centrale syndicale.<\/em><\/strong><\/p>\n\n\n\n<!--more-->\n\n\n\n<p>L&rsquo;UGTT a, par ailleurs, rappel\u00e9, via un communiqu\u00e9, que ses revendications concernent la suppression de la circulaire 20 du 9 d\u00e9cembre 2021, l\u2019application de tous les accords sign\u00e9s, le lancement imm\u00e9diat de n\u00e9gociations sociales visant \u00e0 restaurer le pouvoir d\u2019achat, les r\u00e9formes urgentes des \u00e9tablissements et des institutions publiques, sans le recours \u00e0 la privatisation, partielle ou totale, l\u2019annulation de la participation solidaire de 1% et la finalisation des n\u00e9gociations sur la loi r\u00e9gissant les agents des \u00e9tablissements et des structures publiques.<\/p>\n\n\n\n<p class=\"has-text-align-right\"><strong>C. B. Y.<\/strong><\/p>\n\n\n\n<figure class=\"wp-block-embed is-type-wp-embed is-provider-kapitalis wp-block-embed-kapitalis\"><div class=\"wp-block-embed__wrapper\">\n<blockquote class=\"wp-embedded-content\" data-secret=\"0bYRE7n9zh\"><a href=\"https:\/\/kapitalis.com\/tunisie\/2022\/05\/23\/tunisie-ugtt-greve-generale-dans-le-secteur-public\/\">Tunisie &#8211; UGTT : Gr\u00e8ve g\u00e9n\u00e9rale dans le secteur public<\/a><\/blockquote><iframe loading=\"lazy\" class=\"wp-embedded-content\" sandbox=\"allow-scripts\" security=\"restricted\" style=\"position: absolute; clip: rect(1px, 1px, 1px, 1px);\" title=\"\u00ab\u00a0Tunisie &#8211; UGTT : Gr\u00e8ve g\u00e9n\u00e9rale dans le secteur public\u00a0\u00bb &#8212; Kapitalis\" src=\"https:\/\/kapitalis.com\/tunisie\/2022\/05\/23\/tunisie-ugtt-greve-generale-dans-le-secteur-public\/embed\/#?secret=HsgESCr8wY#?secret=0bYRE7n9zh\" data-secret=\"0bYRE7n9zh\" width=\"600\" height=\"338\" frameborder=\"0\" marginwidth=\"0\" marginheight=\"0\" scrolling=\"no\"><\/iframe>\n<\/div><\/figure>\n","protected":false},"excerpt":{"rendered":"<p>Annonc\u00e9e la semaine derni\u00e8re par l&rsquo;Union g\u00e9n\u00e9rale tunisienne du travail (UGTT), la gr\u00e8ve g\u00e9n\u00e9rale dans le secteur public aura lieu le 16 juin prochain. C&rsquo;est ce qu&rsquo;a fait savoir, ce mardi 31 mai 2022, la centrale syndicale.<\/p>\n","protected":false},"author":24,"featured_media":926965,"comment_status":"open","ping_status":"open","sticky":false,"template":"","format":"standard","meta":{"footnotes":""},"categories":[997,2433],"tags":[6947,62643,936],"class_list":["post-1119360","post","type-post","status-publish","format-standard","has-post-thumbnail","hentry","category-politique","category-tunisie","tag-greve-generale","tag-tunisie","tag-ugtt"],"yoast_head":"<!-- This site is optimized with the Yoast SEO plugin v26.6 - https:\/\/yoast.com\/wordpress\/plugins\/seo\/ -->\n<title>UGTT : La gr\u00e8ve g\u00e9n\u00e9rale dans le secteur public aura lieu le 16 juin - Kapitalis<\/title>\n<meta name=\"robots\" content=\"index, follow, max-snippet:-1, max-image-preview:large, max-video-preview:-1\" \/>\n<link rel=\"canonical\" href=\"https:\/\/kapitalis.com\/tunisie\/2022\/05\/31\/ugtt-la-greve-generale-dans-le-secteur-public-aura-lieu-le-16-juin\/\" \/>\n<meta property=\"og:locale\" content=\"fr_FR\" \/>\n<meta property=\"og:type\" content=\"article\" \/>\n<meta property=\"og:title\" content=\"UGTT : La gr\u00e8ve g\u00e9n\u00e9rale dans le secteur public aura lieu le 16 juin - Kapitalis\" \/>\n<meta property=\"og:description\" content=\"Annonc\u00e9e la semaine derni\u00e8re par l&rsquo;Union g\u00e9n\u00e9rale tunisienne du travail (UGTT), la gr\u00e8ve g\u00e9n\u00e9rale dans le secteur public aura lieu le 16 juin prochain. C&rsquo;est ce qu&rsquo;a fait savoir, ce mardi 31 mai 2022, la centrale syndicale.\" \/>\n<meta property=\"og:url\" content=\"https:\/\/kapitalis.com\/tunisie\/2022\/05\/31\/ugtt-la-greve-generale-dans-le-secteur-public-aura-lieu-le-16-juin\/\" \/>\n<meta property=\"og:site_name\" content=\"Kapitalis\" \/>\n<meta property=\"article:publisher\" content=\"https:\/\/www.facebook.com\/KapitalisInfo\/\" \/>\n<meta property=\"article:published_time\" content=\"2022-05-31T14:57:22+00:00\" \/>\n<meta property=\"article:modified_time\" content=\"2022-05-31T14:57:24+00:00\" \/>\n<meta property=\"og:image\" content=\"https:\/\/kapitalis.com\/tunisie\/wp-content\/uploads\/2022\/05\/ugtt-2.jpg\" \/>\n\t<meta property=\"og:image:width\" content=\"1200\" \/>\n\t<meta property=\"og:image:height\" content=\"630\" \/>\n\t<meta property=\"og:image:type\" content=\"image\/jpeg\" \/>\n<meta name=\"author\" content=\"Cherif Benyounes\" \/>\n<meta name=\"twitter:card\" content=\"summary_large_image\" \/>\n<meta name=\"twitter:creator\" content=\"@KapitalisInfo\" \/>\n<meta name=\"twitter:site\" content=\"@KapitalisInfo\" \/>\n<meta name=\"twitter:label1\" content=\"\u00c9crit par\" \/>\n\t<meta name=\"twitter:data1\" content=\"Cherif Benyounes\" \/>\n\t<meta name=\"twitter:label2\" content=\"Dur\u00e9e de lecture estim\u00e9e\" \/>\n\t<meta name=\"twitter:data2\" content=\"1 minute\" \/>\n<script type=\"application\/ld+json\" class=\"yoast-schema-graph\">{\"@context\":\"https:\/\/schema.org\",\"@graph\":[{\"@type\":\"Article\",\"@id\":\"https:\/\/kapitalis.com\/tunisie\/2022\/05\/31\/ugtt-la-greve-generale-dans-le-secteur-public-aura-lieu-le-16-juin\/#article\",\"isPartOf\":{\"@id\":\"https:\/\/kapitalis.com\/tunisie\/2022\/05\/31\/ugtt-la-greve-generale-dans-le-secteur-public-aura-lieu-le-16-juin\/\"},\"author\":{\"name\":\"Cherif Benyounes\",\"@id\":\"https:\/\/kapitalis.com\/tunisie\/#\/schema\/person\/b35b8d631961131107263178aeb8019e\"},\"headline\":\"UGTT : La gr\u00e8ve g\u00e9n\u00e9rale dans le secteur public aura lieu le 16 juin\",\"datePublished\":\"2022-05-31T14:57:22+00:00\",\"dateModified\":\"2022-05-31T14:57:24+00:00\",\"mainEntityOfPage\":{\"@id\":\"https:\/\/kapitalis.com\/tunisie\/2022\/05\/31\/ugtt-la-greve-generale-dans-le-secteur-public-aura-lieu-le-16-juin\/\"},\"wordCount\":150,\"commentCount\":3,\"publisher\":{\"@id\":\"https:\/\/kapitalis.com\/tunisie\/#organization\"},\"image\":{\"@id\":\"https:\/\/kapitalis.com\/tunisie\/2022\/05\/31\/ugtt-la-greve-generale-dans-le-secteur-public-aura-lieu-le-16-juin\/#primaryimage\"},\"thumbnailUrl\":\"https:\/\/kapitalis.com\/tunisie\/wp-content\/uploads\/2022\/05\/ugtt-2.jpg\",\"keywords\":[\"gr\u00e8ve g\u00e9n\u00e9rale\",\"Tunisie\",\"UGTT\"],\"articleSection\":[\"POLITIQUE\",\"Tunisie\"],\"inLanguage\":\"fr-FR\",\"potentialAction\":[{\"@type\":\"CommentAction\",\"name\":\"Comment\",\"target\":[\"https:\/\/kapitalis.com\/tunisie\/2022\/05\/31\/ugtt-la-greve-generale-dans-le-secteur-public-aura-lieu-le-16-juin\/#respond\"]}]},{\"@type\":\"WebPage\",\"@id\":\"https:\/\/kapitalis.com\/tunisie\/2022\/05\/31\/ugtt-la-greve-generale-dans-le-secteur-public-aura-lieu-le-16-juin\/\",\"url\":\"https:\/\/kapitalis.com\/tunisie\/2022\/05\/31\/ugtt-la-greve-generale-dans-le-secteur-public-aura-lieu-le-16-juin\/\",\"name\":\"UGTT : La gr\u00e8ve g\u00e9n\u00e9rale dans le secteur public aura lieu le 16 juin - Kapitalis\",\"isPartOf\":{\"@id\":\"https:\/\/kapitalis.com\/tunisie\/#website\"},\"primaryImageOfPage\":{\"@id\":\"https:\/\/kapitalis.com\/tunisie\/2022\/05\/31\/ugtt-la-greve-generale-dans-le-secteur-public-aura-lieu-le-16-juin\/#primaryimage\"},\"image\":{\"@id\":\"https:\/\/kapitalis.com\/tunisie\/2022\/05\/31\/ugtt-la-greve-generale-dans-le-secteur-public-aura-lieu-le-16-juin\/#primaryimage\"},\"thumbnailUrl\":\"https:\/\/kapitalis.com\/tunisie\/wp-content\/uploads\/2022\/05\/ugtt-2.jpg\",\"datePublished\":\"2022-05-31T14:57:22+00:00\",\"dateModified\":\"2022-05-31T14:57:24+00:00\",\"breadcrumb\":{\"@id\":\"https:\/\/kapitalis.com\/tunisie\/2022\/05\/31\/ugtt-la-greve-generale-dans-le-secteur-public-aura-lieu-le-16-juin\/#breadcrumb\"},\"inLanguage\":\"fr-FR\",\"potentialAction\":[{\"@type\":\"ReadAction\",\"target\":[\"https:\/\/kapitalis.com\/tunisie\/2022\/05\/31\/ugtt-la-greve-generale-dans-le-secteur-public-aura-lieu-le-16-juin\/\"]}]},{\"@type\":\"ImageObject\",\"inLanguage\":\"fr-FR\",\"@id\":\"https:\/\/kapitalis.com\/tunisie\/2022\/05\/31\/ugtt-la-greve-generale-dans-le-secteur-public-aura-lieu-le-16-juin\/#primaryimage\",\"url\":\"https:\/\/kapitalis.com\/tunisie\/wp-content\/uploads\/2022\/05\/ugtt-2.jpg\",\"contentUrl\":\"https:\/\/kapitalis.com\/tunisie\/wp-content\/uploads\/2022\/05\/ugtt-2.jpg\",\"width\":1200,\"height\":630},{\"@type\":\"BreadcrumbList\",\"@id\":\"https:\/\/kapitalis.com\/tunisie\/2022\/05\/31\/ugtt-la-greve-generale-dans-le-secteur-public-aura-lieu-le-16-juin\/#breadcrumb\",\"itemListElement\":[{\"@type\":\"ListItem\",\"position\":1,\"name\":\"Accueil\",\"item\":\"https:\/\/kapitalis.com\/tunisie\/\"},{\"@type\":\"ListItem\",\"position\":2,\"name\":\"UGTT : La gr\u00e8ve g\u00e9n\u00e9rale dans le secteur public aura lieu le 16 juin\"}]},{\"@type\":\"WebSite\",\"@id\":\"https:\/\/kapitalis.com\/tunisie\/#website\",\"url\":\"https:\/\/kapitalis.com\/tunisie\/\",\"name\":\"Kapitalis\",\"description\":\"L&#039;actualit\u00e9 en Tunisie et dans le monde\",\"publisher\":{\"@id\":\"https:\/\/kapitalis.com\/tunisie\/#organization\"},\"potentialAction\":[{\"@type\":\"SearchAction\",\"target\":{\"@type\":\"EntryPoint\",\"urlTemplate\":\"https:\/\/kapitalis.com\/tunisie\/?s={search_term_string}\"},\"query-input\":{\"@type\":\"PropertyValueSpecification\",\"valueRequired\":true,\"valueName\":\"search_term_string\"}}],\"inLanguage\":\"fr-FR\"},{\"@type\":\"Organization\",\"@id\":\"https:\/\/kapitalis.com\/tunisie\/#organization\",\"name\":\"Kapitalis\",\"url\":\"https:\/\/kapitalis.com\/tunisie\/\",\"logo\":{\"@type\":\"ImageObject\",\"inLanguage\":\"fr-FR\",\"@id\":\"https:\/\/kapitalis.com\/tunisie\/#\/schema\/logo\/image\/\",\"url\":\"https:\/\/kapitalis.com\/tunisie\/wp-content\/uploads\/2022\/05\/Kapitalis-big-size.png\",\"contentUrl\":\"https:\/\/kapitalis.com\/tunisie\/wp-content\/uploads\/2022\/05\/Kapitalis-big-size.png\",\"width\":5000,\"height\":1500,\"caption\":\"Kapitalis\"},\"image\":{\"@id\":\"https:\/\/kapitalis.com\/tunisie\/#\/schema\/logo\/image\/\"},\"sameAs\":[\"https:\/\/www.facebook.com\/KapitalisInfo\/\",\"https:\/\/x.com\/KapitalisInfo\",\"https:\/\/www.youtube.com\/channel\/UC-yDYrHyfFBWWZaOw3FPg9Q\"]},{\"@type\":\"Person\",\"@id\":\"https:\/\/kapitalis.com\/tunisie\/#\/schema\/person\/b35b8d631961131107263178aeb8019e\",\"name\":\"Cherif Benyounes\",\"url\":\"https:\/\/kapitalis.com\/tunisie\/author\/cherif\/\"}]}<\/script>\n<!-- \/ Yoast SEO plugin. -->","yoast_head_json":{"title":"UGTT : La gr\u00e8ve g\u00e9n\u00e9rale dans le secteur public aura lieu le 16 juin - Kapitalis","robots":{"index":"index","follow":"follow","max-snippet":"max-snippet:-1","max-image-preview":"max-image-preview:large","max-video-preview":"max-video-preview:-1"},"canonical":"https:\/\/kapitalis.com\/tunisie\/2022\/05\/31\/ugtt-la-greve-generale-dans-le-secteur-public-aura-lieu-le-16-juin\/","og_locale":"fr_FR","og_type":"article","og_title":"UGTT : La gr\u00e8ve g\u00e9n\u00e9rale dans le secteur public aura lieu le 16 juin - Kapitalis","og_description":"Annonc\u00e9e la semaine derni\u00e8re par l&rsquo;Union g\u00e9n\u00e9rale tunisienne du travail (UGTT), la gr\u00e8ve g\u00e9n\u00e9rale dans le secteur public aura lieu le 16 juin prochain. C&rsquo;est ce qu&rsquo;a fait savoir, ce mardi 31 mai 2022, la centrale syndicale.","og_url":"https:\/\/kapitalis.com\/tunisie\/2022\/05\/31\/ugtt-la-greve-generale-dans-le-secteur-public-aura-lieu-le-16-juin\/","og_site_name":"Kapitalis","article_publisher":"https:\/\/www.facebook.com\/KapitalisInfo\/","article_published_time":"2022-05-31T14:57:22+00:00","article_modified_time":"2022-05-31T14:57:24+00:00","og_image":[{"width":1200,"height":630,"url":"https:\/\/kapitalis.com\/tunisie\/wp-content\/uploads\/2022\/05\/ugtt-2.jpg","type":"image\/jpeg"}],"author":"Cherif Benyounes","twitter_card":"summary_large_image","twitter_creator":"@KapitalisInfo","twitter_site":"@KapitalisInfo","twitter_misc":{"\u00c9crit par":"Cherif Benyounes","Dur\u00e9e de lecture estim\u00e9e":"1 minute"},"schema":{"@context":"https:\/\/schema.org","@graph":[{"@type":"Article","@id":"https:\/\/kapitalis.com\/tunisie\/2022\/05\/31\/ugtt-la-greve-generale-dans-le-secteur-public-aura-lieu-le-16-juin\/#article","isPartOf":{"@id":"https:\/\/kapitalis.com\/tunisie\/2022\/05\/31\/ugtt-la-greve-generale-dans-le-secteur-public-aura-lieu-le-16-juin\/"},"author":{"name":"Cherif Benyounes","@id":"https:\/\/kapitalis.com\/tunisie\/#\/schema\/person\/b35b8d631961131107263178aeb8019e"},"headline":"UGTT : La gr\u00e8ve g\u00e9n\u00e9rale dans le secteur public aura lieu le 16 juin","datePublished":"2022-05-31T14:57:22+00:00","dateModified":"2022-05-31T14:57:24+00:00","mainEntityOfPage":{"@id":"https:\/\/kapitalis.com\/tunisie\/2022\/05\/31\/ugtt-la-greve-generale-dans-le-secteur-public-aura-lieu-le-16-juin\/"},"wordCount":150,"commentCount":3,"publisher":{"@id":"https:\/\/kapitalis.com\/tunisie\/#organization"},"image":{"@id":"https:\/\/kapitalis.com\/tunisie\/2022\/05\/31\/ugtt-la-greve-generale-dans-le-secteur-public-aura-lieu-le-16-juin\/#primaryimage"},"thumbnailUrl":"https:\/\/kapitalis.com\/tunisie\/wp-content\/uploads\/2022\/05\/ugtt-2.jpg","keywords":["gr\u00e8ve g\u00e9n\u00e9rale","Tunisie","UGTT"],"articleSection":["POLITIQUE","Tunisie"],"inLanguage":"fr-FR","potentialAction":[{"@type":"CommentAction","name":"Comment","target":["https:\/\/kapitalis.com\/tunisie\/2022\/05\/31\/ugtt-la-greve-generale-dans-le-secteur-public-aura-lieu-le-16-juin\/#respond"]}]},{"@type":"WebPage","@id":"https:\/\/kapitalis.com\/tunisie\/2022\/05\/31\/ugtt-la-greve-generale-dans-le-secteur-public-aura-lieu-le-16-juin\/","url":"https:\/\/kapitalis.com\/tunisie\/2022\/05\/31\/ugtt-la-greve-generale-dans-le-secteur-public-aura-lieu-le-16-juin\/","name":"UGTT : La gr\u00e8ve g\u00e9n\u00e9rale dans le secteur public aura lieu le 16 juin - Kapitalis","isPartOf":{"@id":"https:\/\/kapitalis.com\/tunisie\/#website"},"primaryImageOfPage":{"@id":"https:\/\/kapitalis.com\/tunisie\/2022\/05\/31\/ugtt-la-greve-generale-dans-le-secteur-public-aura-lieu-le-16-juin\/#primaryimage"},"image":{"@id":"https:\/\/kapitalis.com\/tunisie\/2022\/05\/31\/ugtt-la-greve-generale-dans-le-secteur-public-aura-lieu-le-16-juin\/#primaryimage"},"thumbnailUrl":"https:\/\/kapitalis.com\/tunisie\/wp-content\/uploads\/2022\/05\/ugtt-2.jpg","datePublished":"2022-05-31T14:57:22+00:00","dateModified":"2022-05-31T14:57:24+00:00","breadcrumb":{"@id":"https:\/\/kapitalis.com\/tunisie\/2022\/05\/31\/ugtt-la-greve-generale-dans-le-secteur-public-aura-lieu-le-16-juin\/#breadcrumb"},"inLanguage":"fr-FR","potentialAction":[{"@type":"ReadAction","target":["https:\/\/kapitalis.com\/tunisie\/2022\/05\/31\/ugtt-la-greve-generale-dans-le-secteur-public-aura-lieu-le-16-juin\/"]}]},{"@type":"ImageObject","inLanguage":"fr-FR","@id":"https:\/\/kapitalis.com\/tunisie\/2022\/05\/31\/ugtt-la-greve-generale-dans-le-secteur-public-aura-lieu-le-16-juin\/#primaryimage","url":"https:\/\/kapitalis.com\/tunisie\/wp-content\/uploads\/2022\/05\/ugtt-2.jpg","contentUrl":"https:\/\/kapitalis.com\/tunisie\/wp-content\/uploads\/2022\/05\/ugtt-2.jpg","width":1200,"height":630},{"@type":"BreadcrumbList","@id":"https:\/\/kapitalis.com\/tunisie\/2022\/05\/31\/ugtt-la-greve-generale-dans-le-secteur-public-aura-lieu-le-16-juin\/#breadcrumb","itemListElement":[{"@type":"ListItem","position":1,"name":"Accueil","item":"https:\/\/kapitalis.com\/tunisie\/"},{"@type":"ListItem","position":2,"name":"UGTT : La gr\u00e8ve g\u00e9n\u00e9rale dans le secteur public aura lieu le 16 juin"}]},{"@type":"WebSite","@id":"https:\/\/kapitalis.com\/tunisie\/#website","url":"https:\/\/kapitalis.com\/tunisie\/","name":"Kapitalis","description":"L&#039;actualit\u00e9 en Tunisie et dans le monde","publisher":{"@id":"https:\/\/kapitalis.com\/tunisie\/#organization"},"potentialAction":[{"@type":"SearchAction","target":{"@type":"EntryPoint","urlTemplate":"https:\/\/kapitalis.com\/tunisie\/?s={search_term_string}"},"query-input":{"@type":"PropertyValueSpecification","valueRequired":true,"valueName":"search_term_string"}}],"inLanguage":"fr-FR"},{"@type":"Organization","@id":"https:\/\/kapitalis.com\/tunisie\/#organization","name":"Kapitalis","url":"https:\/\/kapitalis.com\/tunisie\/","logo":{"@type":"ImageObject","inLanguage":"fr-FR","@id":"https:\/\/kapitalis.com\/tunisie\/#\/schema\/logo\/image\/","url":"https:\/\/kapitalis.com\/tunisie\/wp-content\/uploads\/2022\/05\/Kapitalis-big-size.png","contentUrl":"https:\/\/kapitalis.com\/tunisie\/wp-content\/uploads\/2022\/05\/Kapitalis-big-size.png","width":5000,"height":1500,"caption":"Kapitalis"},"image":{"@id":"https:\/\/kapitalis.com\/tunisie\/#\/schema\/logo\/image\/"},"sameAs":["https:\/\/www.facebook.com\/KapitalisInfo\/","https:\/\/x.com\/KapitalisInfo","https:\/\/www.youtube.com\/channel\/UC-yDYrHyfFBWWZaOw3FPg9Q"]},{"@type":"Person","@id":"https:\/\/kapitalis.com\/tunisie\/#\/schema\/person\/b35b8d631961131107263178aeb8019e","name":"Cherif Benyounes","url":"https:\/\/kapitalis.com\/tunisie\/author\/cherif\/"}]}},"_links":{"self":[{"href":"https:\/\/kapitalis.com\/tunisie\/wp-json\/wp\/v2\/posts\/1119360","targetHints":{"allow":["GET"]}}],"collection":[{"href":"https:\/\/kapitalis.com\/tunisie\/wp-json\/wp\/v2\/posts"}],"about":[{"href":"https:\/\/kapitalis.com\/tunisie\/wp-json\/wp\/v2\/types\/post"}],"author":[{"embeddable":true,"href":"https:\/\/kapitalis.com\/tunisie\/wp-json\/wp\/v2\/users\/24"}],"replies":[{"embeddable":true,"href":"https:\/\/kapitalis.com\/tunisie\/wp-json\/wp\/v2\/comments?post=1119360"}],"version-history":[{"count":0,"href":"https:\/\/kapitalis.com\/tunisie\/wp-json\/wp\/v2\/posts\/1119360\/revisions"}],"wp:featuredmedia":[{"embeddable":true,"href":"https:\/\/kapitalis.com\/tunisie\/wp-json\/wp\/v2\/media\/926965"}],"wp:attachment":[{"href":"https:\/\/kapitalis.com\/tunisie\/wp-json\/wp\/v2\/media?parent=1119360"}],"wp:term":[{"taxonomy":"category","embeddable":true,"href":"https:\/\/kapitalis.com\/tunisie\/wp-json\/wp\/v2\/categories?post=1119360"},{"taxonomy":"post_tag","embeddable":true,"href":"https:\/\/kapitalis.com\/tunisie\/wp-json\/wp\/v2\/tags?post=1119360"}],"curies":[{"name":"wp","href":"https:\/\/api.w.org\/{rel}","templated":true}]}}