{"id":11197032,"date":"2024-01-08T22:14:53","date_gmt":"2024-01-08T21:14:53","guid":{"rendered":"https:\/\/kapitalis.com\/tunisie\/?p=11197032"},"modified":"2024-01-08T23:45:48","modified_gmt":"2024-01-08T22:45:48","slug":"migration-traite-de-personnes-un-reseau-international-demantele-a-sfax","status":"publish","type":"post","link":"https:\/\/kapitalis.com\/tunisie\/2024\/01\/08\/migration-traite-de-personnes-un-reseau-international-demantele-a-sfax\/","title":{"rendered":"Migration-Traite de personnes : Un r\u00e9seau international d\u00e9mantel\u00e9 \u00e0 Sfax"},"content":{"rendered":"\n<p><strong><em>La garde nationale a d\u00e9mantel\u00e9 un r\u00e9seau de traite de personnes et a arr\u00eat\u00e9, \u00e0 Sfax, 4 individus impliqu\u00e9s dans l&rsquo;organisation de travers\u00e9es clandestines vers les c\u00f4tes europ\u00e9ennes.<\/em><\/strong><\/p>\n\n\n\n<!--more-->\n\n\n\n<p>C&rsquo;est ce qu&rsquo;a annonc\u00e9 la Direction g\u00e9n\u00e9rale de la garde nationale (DGGN), en pr\u00e9cisant que l&rsquo;op\u00e9ration a \u00e9t\u00e9 men\u00e9e en coordination avec les unit\u00e9s centrales charg\u00e9es de la lutte contre la traite d\u2019\u00eatres humains relevant de la GN de Ben Arous, et a permis l&rsquo;arrestation de 4 membres de ce r\u00e9seau, dont un repris de justice faisant l&rsquo;objet d\u2019un mandat de recherche dans des affaires de droit commun.<\/p>\n\n\n\n<p>Les membres de ce r\u00e9seau international \u00e9taient charg\u00e9s de prendre contact avec des Subsahariens afin de les aider \u00e0 entrer irr\u00e9guli\u00e8rement en Tunisie et de les aider \u00e0 rejoindre Sfax, o\u00f9 ils les h\u00e9bergeaient dans des conditions inhumaines et les mettaient en contact avec des passeurs en vue de rejoindre une travers\u00e9e clandestine vers les c\u00f4tes europ\u00e9ennes.<\/p>\n\n\n\n<p>Le minist\u00e8re public a ordonn\u00e9 leur mise en d\u00e9tention et la poursuite de l&rsquo;enqu\u00eate, ajoute la DGGN.<\/p>\n\n\n\n<p class=\"has-text-align-right\"><strong>Y. N.<\/strong><\/p>\n","protected":false},"excerpt":{"rendered":"<p>La garde nationale a d\u00e9mantel\u00e9 un r\u00e9seau de traite de personnes et a arr\u00eat\u00e9, \u00e0 Sfax, 4 individus impliqu\u00e9s dans l&rsquo;organisation de travers\u00e9es clandestines vers les c\u00f4tes europ\u00e9ennes.<\/p>\n","protected":false},"author":6,"featured_media":11162264,"comment_status":"open","ping_status":"open","sticky":false,"template":"","format":"standard","meta":{"footnotes":""},"categories":[998,2433],"tags":[100239,5548,823,108527,62643],"class_list":["post-11197032","post","type-post","status-publish","format-standard","has-post-thumbnail","hentry","category-societe","category-tunisie","tag-cotes-europeennes","tag-migration","tag-sfax","tag-traite-de-personnes","tag-tunisie"],"yoast_head":"<!-- This site is optimized with the Yoast SEO plugin v26.6 - https:\/\/yoast.com\/wordpress\/plugins\/seo\/ -->\n<title>Migration-Traite de personnes : Un r\u00e9seau international d\u00e9mantel\u00e9 \u00e0 Sfax - Kapitalis<\/title>\n<meta name=\"robots\" content=\"index, follow, max-snippet:-1, max-image-preview:large, max-video-preview:-1\" \/>\n<link rel=\"canonical\" href=\"https:\/\/kapitalis.com\/tunisie\/2024\/01\/08\/migration-traite-de-personnes-un-reseau-international-demantele-a-sfax\/\" \/>\n<meta property=\"og:locale\" content=\"fr_FR\" \/>\n<meta property=\"og:type\" content=\"article\" \/>\n<meta property=\"og:title\" content=\"Migration-Traite de personnes : Un r\u00e9seau international d\u00e9mantel\u00e9 \u00e0 Sfax - Kapitalis\" \/>\n<meta property=\"og:description\" content=\"La garde nationale a d\u00e9mantel\u00e9 un r\u00e9seau de traite de personnes et a arr\u00eat\u00e9, \u00e0 Sfax, 4 individus impliqu\u00e9s dans l&rsquo;organisation de travers\u00e9es clandestines vers les c\u00f4tes europ\u00e9ennes.\" \/>\n<meta property=\"og:url\" content=\"https:\/\/kapitalis.com\/tunisie\/2024\/01\/08\/migration-traite-de-personnes-un-reseau-international-demantele-a-sfax\/\" \/>\n<meta property=\"og:site_name\" content=\"Kapitalis\" \/>\n<meta property=\"article:publisher\" content=\"https:\/\/www.facebook.com\/KapitalisInfo\/\" \/>\n<meta property=\"article:published_time\" content=\"2024-01-08T21:14:53+00:00\" \/>\n<meta property=\"article:modified_time\" content=\"2024-01-08T22:45:48+00:00\" \/>\n<meta property=\"og:image\" content=\"https:\/\/kapitalis.com\/tunisie\/wp-content\/uploads\/2024\/01\/passeur-Migration.jpg\" \/>\n\t<meta property=\"og:image:width\" content=\"1200\" \/>\n\t<meta property=\"og:image:height\" content=\"630\" \/>\n\t<meta property=\"og:image:type\" content=\"image\/jpeg\" \/>\n<meta name=\"author\" content=\"Yusra NY\" \/>\n<meta name=\"twitter:card\" content=\"summary_large_image\" \/>\n<meta name=\"twitter:creator\" content=\"@KapitalisInfo\" \/>\n<meta name=\"twitter:site\" content=\"@KapitalisInfo\" \/>\n<meta name=\"twitter:label1\" content=\"\u00c9crit par\" \/>\n\t<meta name=\"twitter:data1\" content=\"Yusra NY\" \/>\n\t<meta name=\"twitter:label2\" content=\"Dur\u00e9e de lecture estim\u00e9e\" \/>\n\t<meta name=\"twitter:data2\" content=\"1 minute\" \/>\n<script type=\"application\/ld+json\" class=\"yoast-schema-graph\">{\"@context\":\"https:\/\/schema.org\",\"@graph\":[{\"@type\":\"Article\",\"@id\":\"https:\/\/kapitalis.com\/tunisie\/2024\/01\/08\/migration-traite-de-personnes-un-reseau-international-demantele-a-sfax\/#article\",\"isPartOf\":{\"@id\":\"https:\/\/kapitalis.com\/tunisie\/2024\/01\/08\/migration-traite-de-personnes-un-reseau-international-demantele-a-sfax\/\"},\"author\":{\"name\":\"Yusra NY\",\"@id\":\"https:\/\/kapitalis.com\/tunisie\/#\/schema\/person\/74bbde0154d49d790a92aaeac5bc01d5\"},\"headline\":\"Migration-Traite de personnes : Un r\u00e9seau international d\u00e9mantel\u00e9 \u00e0 Sfax\",\"datePublished\":\"2024-01-08T21:14:53+00:00\",\"dateModified\":\"2024-01-08T22:45:48+00:00\",\"mainEntityOfPage\":{\"@id\":\"https:\/\/kapitalis.com\/tunisie\/2024\/01\/08\/migration-traite-de-personnes-un-reseau-international-demantele-a-sfax\/\"},\"wordCount\":205,\"commentCount\":0,\"publisher\":{\"@id\":\"https:\/\/kapitalis.com\/tunisie\/#organization\"},\"image\":{\"@id\":\"https:\/\/kapitalis.com\/tunisie\/2024\/01\/08\/migration-traite-de-personnes-un-reseau-international-demantele-a-sfax\/#primaryimage\"},\"thumbnailUrl\":\"https:\/\/kapitalis.com\/tunisie\/wp-content\/uploads\/2024\/01\/passeur-Migration.jpg\",\"keywords\":[\"c\u00f4tes europ\u00e9ennes\",\"migration\",\"Sfax\",\"traite de personnes\",\"Tunisie\"],\"articleSection\":[\"SOCIETE\",\"Tunisie\"],\"inLanguage\":\"fr-FR\",\"potentialAction\":[{\"@type\":\"CommentAction\",\"name\":\"Comment\",\"target\":[\"https:\/\/kapitalis.com\/tunisie\/2024\/01\/08\/migration-traite-de-personnes-un-reseau-international-demantele-a-sfax\/#respond\"]}]},{\"@type\":\"WebPage\",\"@id\":\"https:\/\/kapitalis.com\/tunisie\/2024\/01\/08\/migration-traite-de-personnes-un-reseau-international-demantele-a-sfax\/\",\"url\":\"https:\/\/kapitalis.com\/tunisie\/2024\/01\/08\/migration-traite-de-personnes-un-reseau-international-demantele-a-sfax\/\",\"name\":\"Migration-Traite de personnes : Un r\u00e9seau international d\u00e9mantel\u00e9 \u00e0 Sfax - Kapitalis\",\"isPartOf\":{\"@id\":\"https:\/\/kapitalis.com\/tunisie\/#website\"},\"primaryImageOfPage\":{\"@id\":\"https:\/\/kapitalis.com\/tunisie\/2024\/01\/08\/migration-traite-de-personnes-un-reseau-international-demantele-a-sfax\/#primaryimage\"},\"image\":{\"@id\":\"https:\/\/kapitalis.com\/tunisie\/2024\/01\/08\/migration-traite-de-personnes-un-reseau-international-demantele-a-sfax\/#primaryimage\"},\"thumbnailUrl\":\"https:\/\/kapitalis.com\/tunisie\/wp-content\/uploads\/2024\/01\/passeur-Migration.jpg\",\"datePublished\":\"2024-01-08T21:14:53+00:00\",\"dateModified\":\"2024-01-08T22:45:48+00:00\",\"breadcrumb\":{\"@id\":\"https:\/\/kapitalis.com\/tunisie\/2024\/01\/08\/migration-traite-de-personnes-un-reseau-international-demantele-a-sfax\/#breadcrumb\"},\"inLanguage\":\"fr-FR\",\"potentialAction\":[{\"@type\":\"ReadAction\",\"target\":[\"https:\/\/kapitalis.com\/tunisie\/2024\/01\/08\/migration-traite-de-personnes-un-reseau-international-demantele-a-sfax\/\"]}]},{\"@type\":\"ImageObject\",\"inLanguage\":\"fr-FR\",\"@id\":\"https:\/\/kapitalis.com\/tunisie\/2024\/01\/08\/migration-traite-de-personnes-un-reseau-international-demantele-a-sfax\/#primaryimage\",\"url\":\"https:\/\/kapitalis.com\/tunisie\/wp-content\/uploads\/2024\/01\/passeur-Migration.jpg\",\"contentUrl\":\"https:\/\/kapitalis.com\/tunisie\/wp-content\/uploads\/2024\/01\/passeur-Migration.jpg\",\"width\":1200,\"height\":630},{\"@type\":\"BreadcrumbList\",\"@id\":\"https:\/\/kapitalis.com\/tunisie\/2024\/01\/08\/migration-traite-de-personnes-un-reseau-international-demantele-a-sfax\/#breadcrumb\",\"itemListElement\":[{\"@type\":\"ListItem\",\"position\":1,\"name\":\"Accueil\",\"item\":\"https:\/\/kapitalis.com\/tunisie\/\"},{\"@type\":\"ListItem\",\"position\":2,\"name\":\"Migration-Traite de personnes : Un r\u00e9seau international d\u00e9mantel\u00e9 \u00e0 Sfax\"}]},{\"@type\":\"WebSite\",\"@id\":\"https:\/\/kapitalis.com\/tunisie\/#website\",\"url\":\"https:\/\/kapitalis.com\/tunisie\/\",\"name\":\"Kapitalis\",\"description\":\"L&#039;actualit\u00e9 en Tunisie et dans le monde\",\"publisher\":{\"@id\":\"https:\/\/kapitalis.com\/tunisie\/#organization\"},\"potentialAction\":[{\"@type\":\"SearchAction\",\"target\":{\"@type\":\"EntryPoint\",\"urlTemplate\":\"https:\/\/kapitalis.com\/tunisie\/?s={search_term_string}\"},\"query-input\":{\"@type\":\"PropertyValueSpecification\",\"valueRequired\":true,\"valueName\":\"search_term_string\"}}],\"inLanguage\":\"fr-FR\"},{\"@type\":\"Organization\",\"@id\":\"https:\/\/kapitalis.com\/tunisie\/#organization\",\"name\":\"Kapitalis\",\"url\":\"https:\/\/kapitalis.com\/tunisie\/\",\"logo\":{\"@type\":\"ImageObject\",\"inLanguage\":\"fr-FR\",\"@id\":\"https:\/\/kapitalis.com\/tunisie\/#\/schema\/logo\/image\/\",\"url\":\"https:\/\/kapitalis.com\/tunisie\/wp-content\/uploads\/2022\/05\/Kapitalis-big-size.png\",\"contentUrl\":\"https:\/\/kapitalis.com\/tunisie\/wp-content\/uploads\/2022\/05\/Kapitalis-big-size.png\",\"width\":5000,\"height\":1500,\"caption\":\"Kapitalis\"},\"image\":{\"@id\":\"https:\/\/kapitalis.com\/tunisie\/#\/schema\/logo\/image\/\"},\"sameAs\":[\"https:\/\/www.facebook.com\/KapitalisInfo\/\",\"https:\/\/x.com\/KapitalisInfo\",\"https:\/\/www.youtube.com\/channel\/UC-yDYrHyfFBWWZaOw3FPg9Q\"]},{\"@type\":\"Person\",\"@id\":\"https:\/\/kapitalis.com\/tunisie\/#\/schema\/person\/74bbde0154d49d790a92aaeac5bc01d5\",\"name\":\"Yusra NY\",\"url\":\"https:\/\/kapitalis.com\/tunisie\/author\/yuza_adam\/\"}]}<\/script>\n<!-- \/ Yoast SEO plugin. -->","yoast_head_json":{"title":"Migration-Traite de personnes : Un r\u00e9seau international d\u00e9mantel\u00e9 \u00e0 Sfax - Kapitalis","robots":{"index":"index","follow":"follow","max-snippet":"max-snippet:-1","max-image-preview":"max-image-preview:large","max-video-preview":"max-video-preview:-1"},"canonical":"https:\/\/kapitalis.com\/tunisie\/2024\/01\/08\/migration-traite-de-personnes-un-reseau-international-demantele-a-sfax\/","og_locale":"fr_FR","og_type":"article","og_title":"Migration-Traite de personnes : Un r\u00e9seau international d\u00e9mantel\u00e9 \u00e0 Sfax - Kapitalis","og_description":"La garde nationale a d\u00e9mantel\u00e9 un r\u00e9seau de traite de personnes et a arr\u00eat\u00e9, \u00e0 Sfax, 4 individus impliqu\u00e9s dans l&rsquo;organisation de travers\u00e9es clandestines vers les c\u00f4tes europ\u00e9ennes.","og_url":"https:\/\/kapitalis.com\/tunisie\/2024\/01\/08\/migration-traite-de-personnes-un-reseau-international-demantele-a-sfax\/","og_site_name":"Kapitalis","article_publisher":"https:\/\/www.facebook.com\/KapitalisInfo\/","article_published_time":"2024-01-08T21:14:53+00:00","article_modified_time":"2024-01-08T22:45:48+00:00","og_image":[{"width":1200,"height":630,"url":"https:\/\/kapitalis.com\/tunisie\/wp-content\/uploads\/2024\/01\/passeur-Migration.jpg","type":"image\/jpeg"}],"author":"Yusra NY","twitter_card":"summary_large_image","twitter_creator":"@KapitalisInfo","twitter_site":"@KapitalisInfo","twitter_misc":{"\u00c9crit par":"Yusra NY","Dur\u00e9e de lecture estim\u00e9e":"1 minute"},"schema":{"@context":"https:\/\/schema.org","@graph":[{"@type":"Article","@id":"https:\/\/kapitalis.com\/tunisie\/2024\/01\/08\/migration-traite-de-personnes-un-reseau-international-demantele-a-sfax\/#article","isPartOf":{"@id":"https:\/\/kapitalis.com\/tunisie\/2024\/01\/08\/migration-traite-de-personnes-un-reseau-international-demantele-a-sfax\/"},"author":{"name":"Yusra NY","@id":"https:\/\/kapitalis.com\/tunisie\/#\/schema\/person\/74bbde0154d49d790a92aaeac5bc01d5"},"headline":"Migration-Traite de personnes : Un r\u00e9seau international d\u00e9mantel\u00e9 \u00e0 Sfax","datePublished":"2024-01-08T21:14:53+00:00","dateModified":"2024-01-08T22:45:48+00:00","mainEntityOfPage":{"@id":"https:\/\/kapitalis.com\/tunisie\/2024\/01\/08\/migration-traite-de-personnes-un-reseau-international-demantele-a-sfax\/"},"wordCount":205,"commentCount":0,"publisher":{"@id":"https:\/\/kapitalis.com\/tunisie\/#organization"},"image":{"@id":"https:\/\/kapitalis.com\/tunisie\/2024\/01\/08\/migration-traite-de-personnes-un-reseau-international-demantele-a-sfax\/#primaryimage"},"thumbnailUrl":"https:\/\/kapitalis.com\/tunisie\/wp-content\/uploads\/2024\/01\/passeur-Migration.jpg","keywords":["c\u00f4tes europ\u00e9ennes","migration","Sfax","traite de personnes","Tunisie"],"articleSection":["SOCIETE","Tunisie"],"inLanguage":"fr-FR","potentialAction":[{"@type":"CommentAction","name":"Comment","target":["https:\/\/kapitalis.com\/tunisie\/2024\/01\/08\/migration-traite-de-personnes-un-reseau-international-demantele-a-sfax\/#respond"]}]},{"@type":"WebPage","@id":"https:\/\/kapitalis.com\/tunisie\/2024\/01\/08\/migration-traite-de-personnes-un-reseau-international-demantele-a-sfax\/","url":"https:\/\/kapitalis.com\/tunisie\/2024\/01\/08\/migration-traite-de-personnes-un-reseau-international-demantele-a-sfax\/","name":"Migration-Traite de personnes : Un r\u00e9seau international d\u00e9mantel\u00e9 \u00e0 Sfax - Kapitalis","isPartOf":{"@id":"https:\/\/kapitalis.com\/tunisie\/#website"},"primaryImageOfPage":{"@id":"https:\/\/kapitalis.com\/tunisie\/2024\/01\/08\/migration-traite-de-personnes-un-reseau-international-demantele-a-sfax\/#primaryimage"},"image":{"@id":"https:\/\/kapitalis.com\/tunisie\/2024\/01\/08\/migration-traite-de-personnes-un-reseau-international-demantele-a-sfax\/#primaryimage"},"thumbnailUrl":"https:\/\/kapitalis.com\/tunisie\/wp-content\/uploads\/2024\/01\/passeur-Migration.jpg","datePublished":"2024-01-08T21:14:53+00:00","dateModified":"2024-01-08T22:45:48+00:00","breadcrumb":{"@id":"https:\/\/kapitalis.com\/tunisie\/2024\/01\/08\/migration-traite-de-personnes-un-reseau-international-demantele-a-sfax\/#breadcrumb"},"inLanguage":"fr-FR","potentialAction":[{"@type":"ReadAction","target":["https:\/\/kapitalis.com\/tunisie\/2024\/01\/08\/migration-traite-de-personnes-un-reseau-international-demantele-a-sfax\/"]}]},{"@type":"ImageObject","inLanguage":"fr-FR","@id":"https:\/\/kapitalis.com\/tunisie\/2024\/01\/08\/migration-traite-de-personnes-un-reseau-international-demantele-a-sfax\/#primaryimage","url":"https:\/\/kapitalis.com\/tunisie\/wp-content\/uploads\/2024\/01\/passeur-Migration.jpg","contentUrl":"https:\/\/kapitalis.com\/tunisie\/wp-content\/uploads\/2024\/01\/passeur-Migration.jpg","width":1200,"height":630},{"@type":"BreadcrumbList","@id":"https:\/\/kapitalis.com\/tunisie\/2024\/01\/08\/migration-traite-de-personnes-un-reseau-international-demantele-a-sfax\/#breadcrumb","itemListElement":[{"@type":"ListItem","position":1,"name":"Accueil","item":"https:\/\/kapitalis.com\/tunisie\/"},{"@type":"ListItem","position":2,"name":"Migration-Traite de personnes : Un r\u00e9seau international d\u00e9mantel\u00e9 \u00e0 Sfax"}]},{"@type":"WebSite","@id":"https:\/\/kapitalis.com\/tunisie\/#website","url":"https:\/\/kapitalis.com\/tunisie\/","name":"Kapitalis","description":"L&#039;actualit\u00e9 en Tunisie et dans le monde","publisher":{"@id":"https:\/\/kapitalis.com\/tunisie\/#organization"},"potentialAction":[{"@type":"SearchAction","target":{"@type":"EntryPoint","urlTemplate":"https:\/\/kapitalis.com\/tunisie\/?s={search_term_string}"},"query-input":{"@type":"PropertyValueSpecification","valueRequired":true,"valueName":"search_term_string"}}],"inLanguage":"fr-FR"},{"@type":"Organization","@id":"https:\/\/kapitalis.com\/tunisie\/#organization","name":"Kapitalis","url":"https:\/\/kapitalis.com\/tunisie\/","logo":{"@type":"ImageObject","inLanguage":"fr-FR","@id":"https:\/\/kapitalis.com\/tunisie\/#\/schema\/logo\/image\/","url":"https:\/\/kapitalis.com\/tunisie\/wp-content\/uploads\/2022\/05\/Kapitalis-big-size.png","contentUrl":"https:\/\/kapitalis.com\/tunisie\/wp-content\/uploads\/2022\/05\/Kapitalis-big-size.png","width":5000,"height":1500,"caption":"Kapitalis"},"image":{"@id":"https:\/\/kapitalis.com\/tunisie\/#\/schema\/logo\/image\/"},"sameAs":["https:\/\/www.facebook.com\/KapitalisInfo\/","https:\/\/x.com\/KapitalisInfo","https:\/\/www.youtube.com\/channel\/UC-yDYrHyfFBWWZaOw3FPg9Q"]},{"@type":"Person","@id":"https:\/\/kapitalis.com\/tunisie\/#\/schema\/person\/74bbde0154d49d790a92aaeac5bc01d5","name":"Yusra NY","url":"https:\/\/kapitalis.com\/tunisie\/author\/yuza_adam\/"}]}},"_links":{"self":[{"href":"https:\/\/kapitalis.com\/tunisie\/wp-json\/wp\/v2\/posts\/11197032","targetHints":{"allow":["GET"]}}],"collection":[{"href":"https:\/\/kapitalis.com\/tunisie\/wp-json\/wp\/v2\/posts"}],"about":[{"href":"https:\/\/kapitalis.com\/tunisie\/wp-json\/wp\/v2\/types\/post"}],"author":[{"embeddable":true,"href":"https:\/\/kapitalis.com\/tunisie\/wp-json\/wp\/v2\/users\/6"}],"replies":[{"embeddable":true,"href":"https:\/\/kapitalis.com\/tunisie\/wp-json\/wp\/v2\/comments?post=11197032"}],"version-history":[{"count":3,"href":"https:\/\/kapitalis.com\/tunisie\/wp-json\/wp\/v2\/posts\/11197032\/revisions"}],"predecessor-version":[{"id":11197118,"href":"https:\/\/kapitalis.com\/tunisie\/wp-json\/wp\/v2\/posts\/11197032\/revisions\/11197118"}],"wp:featuredmedia":[{"embeddable":true,"href":"https:\/\/kapitalis.com\/tunisie\/wp-json\/wp\/v2\/media\/11162264"}],"wp:attachment":[{"href":"https:\/\/kapitalis.com\/tunisie\/wp-json\/wp\/v2\/media?parent=11197032"}],"wp:term":[{"taxonomy":"category","embeddable":true,"href":"https:\/\/kapitalis.com\/tunisie\/wp-json\/wp\/v2\/categories?post=11197032"},{"taxonomy":"post_tag","embeddable":true,"href":"https:\/\/kapitalis.com\/tunisie\/wp-json\/wp\/v2\/tags?post=11197032"}],"curies":[{"name":"wp","href":"https:\/\/api.w.org\/{rel}","templated":true}]}}