{"id":112169,"date":"2017-08-31T15:48:09","date_gmt":"2017-08-31T14:48:09","guid":{"rendered":"http:\/\/kapitalis.com\/tunisie\/?p=112169"},"modified":"2017-08-31T15:51:37","modified_gmt":"2017-08-31T14:51:37","slug":"securite-inauguration-demain-dun-poste-frontalier-a-ghardimaou","status":"publish","type":"post","link":"https:\/\/kapitalis.com\/tunisie\/2017\/08\/31\/securite-inauguration-demain-dun-poste-frontalier-a-ghardimaou\/","title":{"rendered":"S\u00e9curit\u00e9 : Inauguration, demain, d\u2019un poste frontalier \u00e0 Ghardimaou"},"content":{"rendered":"<p style=\"text-align: center;\"><img loading=\"lazy\" decoding=\"async\" class=\"alignnone size-full wp-image-112175\" src=\"http:\/\/kapitalis.com\/tunisie\/wp-content\/uploads\/2017\/08\/Ghardimaou.jpg\" alt=\"\" width=\"626\" height=\"380\" \/><\/p>\n<p><em><strong>Un poste frontalier sera inaugur\u00e9, demain, vendredi 1<sup>er<\/sup> septembre 2017, \u00e0 Ghardimaou\u00a0 (Jendouba), afin de renforcer la s\u00e9curit\u00e9 dans la zone.<\/strong><\/em><!--more--><\/p>\n<p>C\u2019est ce qu\u2019a indiqu\u00e9, aujourd\u2019hui, une source \u00e0 Kapitalis, en pr\u00e9cisant que des hauts responsables du minist\u00e8re de l\u2019Int\u00e9rieur seront pr\u00e9sents lors de l&rsquo;inauguration de ce poste, qui vise \u00e0 renforcer la s\u00e9curit\u00e9 \u00e0 la fronti\u00e8re tuniso-alg\u00e9rienne.<\/p>\n<p>Rappelons qu\u2019un attentat contre un poste de police de Ghardimaou a \u00e9t\u00e9 \u00e9vit\u00e9 de justesse, en d\u00e9cembre 2016, et que des terroristes, pourchass\u00e9s par la police tunisienne, ont souvent travers\u00e9 la fronti\u00e8re, au niveau de cette zone, pour trouver refuge en Alg\u00e9rie.<\/p>\n<p>La ville de Ghardimaou est aussi un passage pour les trafiquants et les contrebandiers op\u00e9rant entre la Tunisie et l\u2019Alg\u00e9rie.<\/p>\n<p style=\"text-align: right;\"><strong>Y. N.<\/strong><\/p>\n","protected":false},"excerpt":{"rendered":"<p>Un poste frontalier sera inaugur\u00e9, demain, vendredi 1er septembre 2017, \u00e0 Ghardimaou\u00a0 (Jendouba), afin de renforcer la s\u00e9curit\u00e9 dans la zone.<\/p>\n","protected":false},"author":6,"featured_media":112175,"comment_status":"open","ping_status":"open","sticky":false,"template":"","format":"standard","meta":{"footnotes":""},"categories":[998,2433],"tags":[64,233,2097,2469,815,897],"class_list":["post-112169","post","type-post","status-publish","format-standard","has-post-thumbnail","hentry","category-societe","category-tunisie","tag-algerie","tag-contrebande","tag-ghardimaou","tag-poste-frontalier","tag-securite","tag-terrorisme"],"yoast_head":"<!-- This site is optimized with the Yoast SEO plugin v26.6 - https:\/\/yoast.com\/wordpress\/plugins\/seo\/ -->\n<title>S\u00e9curit\u00e9 : Inauguration, demain, d\u2019un poste frontalier \u00e0 Ghardimaou - Kapitalis<\/title>\n<meta name=\"robots\" content=\"index, follow, max-snippet:-1, max-image-preview:large, max-video-preview:-1\" \/>\n<link rel=\"canonical\" href=\"https:\/\/kapitalis.com\/tunisie\/2017\/08\/31\/securite-inauguration-demain-dun-poste-frontalier-a-ghardimaou\/\" \/>\n<meta property=\"og:locale\" content=\"fr_FR\" \/>\n<meta property=\"og:type\" content=\"article\" \/>\n<meta property=\"og:title\" content=\"S\u00e9curit\u00e9 : Inauguration, demain, d\u2019un poste frontalier \u00e0 Ghardimaou - Kapitalis\" \/>\n<meta property=\"og:description\" content=\"Un poste frontalier sera inaugur\u00e9, demain, vendredi 1er septembre 2017, \u00e0 Ghardimaou\u00a0 (Jendouba), afin de renforcer la s\u00e9curit\u00e9 dans la zone.\" \/>\n<meta property=\"og:url\" content=\"https:\/\/kapitalis.com\/tunisie\/2017\/08\/31\/securite-inauguration-demain-dun-poste-frontalier-a-ghardimaou\/\" \/>\n<meta property=\"og:site_name\" content=\"Kapitalis\" \/>\n<meta property=\"article:publisher\" content=\"https:\/\/www.facebook.com\/KapitalisInfo\/\" \/>\n<meta property=\"article:published_time\" content=\"2017-08-31T14:48:09+00:00\" \/>\n<meta property=\"article:modified_time\" content=\"2017-08-31T14:51:37+00:00\" \/>\n<meta property=\"og:image\" content=\"https:\/\/kapitalis.com\/tunisie\/wp-content\/uploads\/2022\/05\/kapitalis-logo-fb.png\" \/>\n\t<meta property=\"og:image:width\" content=\"1200\" \/>\n\t<meta property=\"og:image:height\" content=\"630\" \/>\n\t<meta property=\"og:image:type\" content=\"image\/png\" \/>\n<meta name=\"author\" content=\"Yusra NY\" \/>\n<meta name=\"twitter:card\" content=\"summary_large_image\" \/>\n<meta name=\"twitter:creator\" content=\"@KapitalisInfo\" \/>\n<meta name=\"twitter:site\" content=\"@KapitalisInfo\" \/>\n<meta name=\"twitter:label1\" content=\"\u00c9crit par\" \/>\n\t<meta name=\"twitter:data1\" content=\"Yusra NY\" \/>\n\t<meta name=\"twitter:label2\" content=\"Dur\u00e9e de lecture estim\u00e9e\" \/>\n\t<meta name=\"twitter:data2\" content=\"1 minute\" \/>\n<script type=\"application\/ld+json\" class=\"yoast-schema-graph\">{\"@context\":\"https:\/\/schema.org\",\"@graph\":[{\"@type\":\"Article\",\"@id\":\"https:\/\/kapitalis.com\/tunisie\/2017\/08\/31\/securite-inauguration-demain-dun-poste-frontalier-a-ghardimaou\/#article\",\"isPartOf\":{\"@id\":\"https:\/\/kapitalis.com\/tunisie\/2017\/08\/31\/securite-inauguration-demain-dun-poste-frontalier-a-ghardimaou\/\"},\"author\":{\"name\":\"Yusra NY\",\"@id\":\"https:\/\/kapitalis.com\/tunisie\/#\/schema\/person\/74bbde0154d49d790a92aaeac5bc01d5\"},\"headline\":\"S\u00e9curit\u00e9 : Inauguration, demain, d\u2019un poste frontalier \u00e0 Ghardimaou\",\"datePublished\":\"2017-08-31T14:48:09+00:00\",\"dateModified\":\"2017-08-31T14:51:37+00:00\",\"mainEntityOfPage\":{\"@id\":\"https:\/\/kapitalis.com\/tunisie\/2017\/08\/31\/securite-inauguration-demain-dun-poste-frontalier-a-ghardimaou\/\"},\"wordCount\":145,\"commentCount\":0,\"publisher\":{\"@id\":\"https:\/\/kapitalis.com\/tunisie\/#organization\"},\"image\":{\"@id\":\"https:\/\/kapitalis.com\/tunisie\/2017\/08\/31\/securite-inauguration-demain-dun-poste-frontalier-a-ghardimaou\/#primaryimage\"},\"thumbnailUrl\":\"\",\"keywords\":[\"Alg\u00e9rie\",\"contrebande\",\"Ghardimaou\",\"poste frontalier\",\"s\u00e9curit\u00e9\",\"terrorisme\"],\"articleSection\":[\"SOCIETE\",\"Tunisie\"],\"inLanguage\":\"fr-FR\",\"potentialAction\":[{\"@type\":\"CommentAction\",\"name\":\"Comment\",\"target\":[\"https:\/\/kapitalis.com\/tunisie\/2017\/08\/31\/securite-inauguration-demain-dun-poste-frontalier-a-ghardimaou\/#respond\"]}]},{\"@type\":\"WebPage\",\"@id\":\"https:\/\/kapitalis.com\/tunisie\/2017\/08\/31\/securite-inauguration-demain-dun-poste-frontalier-a-ghardimaou\/\",\"url\":\"https:\/\/kapitalis.com\/tunisie\/2017\/08\/31\/securite-inauguration-demain-dun-poste-frontalier-a-ghardimaou\/\",\"name\":\"S\u00e9curit\u00e9 : Inauguration, demain, d\u2019un poste frontalier \u00e0 Ghardimaou - Kapitalis\",\"isPartOf\":{\"@id\":\"https:\/\/kapitalis.com\/tunisie\/#website\"},\"primaryImageOfPage\":{\"@id\":\"https:\/\/kapitalis.com\/tunisie\/2017\/08\/31\/securite-inauguration-demain-dun-poste-frontalier-a-ghardimaou\/#primaryimage\"},\"image\":{\"@id\":\"https:\/\/kapitalis.com\/tunisie\/2017\/08\/31\/securite-inauguration-demain-dun-poste-frontalier-a-ghardimaou\/#primaryimage\"},\"thumbnailUrl\":\"\",\"datePublished\":\"2017-08-31T14:48:09+00:00\",\"dateModified\":\"2017-08-31T14:51:37+00:00\",\"breadcrumb\":{\"@id\":\"https:\/\/kapitalis.com\/tunisie\/2017\/08\/31\/securite-inauguration-demain-dun-poste-frontalier-a-ghardimaou\/#breadcrumb\"},\"inLanguage\":\"fr-FR\",\"potentialAction\":[{\"@type\":\"ReadAction\",\"target\":[\"https:\/\/kapitalis.com\/tunisie\/2017\/08\/31\/securite-inauguration-demain-dun-poste-frontalier-a-ghardimaou\/\"]}]},{\"@type\":\"ImageObject\",\"inLanguage\":\"fr-FR\",\"@id\":\"https:\/\/kapitalis.com\/tunisie\/2017\/08\/31\/securite-inauguration-demain-dun-poste-frontalier-a-ghardimaou\/#primaryimage\",\"url\":\"\",\"contentUrl\":\"\"},{\"@type\":\"BreadcrumbList\",\"@id\":\"https:\/\/kapitalis.com\/tunisie\/2017\/08\/31\/securite-inauguration-demain-dun-poste-frontalier-a-ghardimaou\/#breadcrumb\",\"itemListElement\":[{\"@type\":\"ListItem\",\"position\":1,\"name\":\"Accueil\",\"item\":\"https:\/\/kapitalis.com\/tunisie\/\"},{\"@type\":\"ListItem\",\"position\":2,\"name\":\"S\u00e9curit\u00e9 : Inauguration, demain, d\u2019un poste frontalier \u00e0 Ghardimaou\"}]},{\"@type\":\"WebSite\",\"@id\":\"https:\/\/kapitalis.com\/tunisie\/#website\",\"url\":\"https:\/\/kapitalis.com\/tunisie\/\",\"name\":\"Kapitalis\",\"description\":\"L&#039;actualit\u00e9 en Tunisie et dans le monde\",\"publisher\":{\"@id\":\"https:\/\/kapitalis.com\/tunisie\/#organization\"},\"potentialAction\":[{\"@type\":\"SearchAction\",\"target\":{\"@type\":\"EntryPoint\",\"urlTemplate\":\"https:\/\/kapitalis.com\/tunisie\/?s={search_term_string}\"},\"query-input\":{\"@type\":\"PropertyValueSpecification\",\"valueRequired\":true,\"valueName\":\"search_term_string\"}}],\"inLanguage\":\"fr-FR\"},{\"@type\":\"Organization\",\"@id\":\"https:\/\/kapitalis.com\/tunisie\/#organization\",\"name\":\"Kapitalis\",\"url\":\"https:\/\/kapitalis.com\/tunisie\/\",\"logo\":{\"@type\":\"ImageObject\",\"inLanguage\":\"fr-FR\",\"@id\":\"https:\/\/kapitalis.com\/tunisie\/#\/schema\/logo\/image\/\",\"url\":\"https:\/\/kapitalis.com\/tunisie\/wp-content\/uploads\/2022\/05\/Kapitalis-big-size.png\",\"contentUrl\":\"https:\/\/kapitalis.com\/tunisie\/wp-content\/uploads\/2022\/05\/Kapitalis-big-size.png\",\"width\":5000,\"height\":1500,\"caption\":\"Kapitalis\"},\"image\":{\"@id\":\"https:\/\/kapitalis.com\/tunisie\/#\/schema\/logo\/image\/\"},\"sameAs\":[\"https:\/\/www.facebook.com\/KapitalisInfo\/\",\"https:\/\/x.com\/KapitalisInfo\",\"https:\/\/www.youtube.com\/channel\/UC-yDYrHyfFBWWZaOw3FPg9Q\"]},{\"@type\":\"Person\",\"@id\":\"https:\/\/kapitalis.com\/tunisie\/#\/schema\/person\/74bbde0154d49d790a92aaeac5bc01d5\",\"name\":\"Yusra NY\",\"url\":\"https:\/\/kapitalis.com\/tunisie\/author\/yuza_adam\/\"}]}<\/script>\n<!-- \/ Yoast SEO plugin. -->","yoast_head_json":{"title":"S\u00e9curit\u00e9 : Inauguration, demain, d\u2019un poste frontalier \u00e0 Ghardimaou - Kapitalis","robots":{"index":"index","follow":"follow","max-snippet":"max-snippet:-1","max-image-preview":"max-image-preview:large","max-video-preview":"max-video-preview:-1"},"canonical":"https:\/\/kapitalis.com\/tunisie\/2017\/08\/31\/securite-inauguration-demain-dun-poste-frontalier-a-ghardimaou\/","og_locale":"fr_FR","og_type":"article","og_title":"S\u00e9curit\u00e9 : Inauguration, demain, d\u2019un poste frontalier \u00e0 Ghardimaou - Kapitalis","og_description":"Un poste frontalier sera inaugur\u00e9, demain, vendredi 1er septembre 2017, \u00e0 Ghardimaou\u00a0 (Jendouba), afin de renforcer la s\u00e9curit\u00e9 dans la zone.","og_url":"https:\/\/kapitalis.com\/tunisie\/2017\/08\/31\/securite-inauguration-demain-dun-poste-frontalier-a-ghardimaou\/","og_site_name":"Kapitalis","article_publisher":"https:\/\/www.facebook.com\/KapitalisInfo\/","article_published_time":"2017-08-31T14:48:09+00:00","article_modified_time":"2017-08-31T14:51:37+00:00","og_image":[{"width":1200,"height":630,"url":"https:\/\/kapitalis.com\/tunisie\/wp-content\/uploads\/2022\/05\/kapitalis-logo-fb.png","type":"image\/png"}],"author":"Yusra NY","twitter_card":"summary_large_image","twitter_creator":"@KapitalisInfo","twitter_site":"@KapitalisInfo","twitter_misc":{"\u00c9crit par":"Yusra NY","Dur\u00e9e de lecture estim\u00e9e":"1 minute"},"schema":{"@context":"https:\/\/schema.org","@graph":[{"@type":"Article","@id":"https:\/\/kapitalis.com\/tunisie\/2017\/08\/31\/securite-inauguration-demain-dun-poste-frontalier-a-ghardimaou\/#article","isPartOf":{"@id":"https:\/\/kapitalis.com\/tunisie\/2017\/08\/31\/securite-inauguration-demain-dun-poste-frontalier-a-ghardimaou\/"},"author":{"name":"Yusra NY","@id":"https:\/\/kapitalis.com\/tunisie\/#\/schema\/person\/74bbde0154d49d790a92aaeac5bc01d5"},"headline":"S\u00e9curit\u00e9 : Inauguration, demain, d\u2019un poste frontalier \u00e0 Ghardimaou","datePublished":"2017-08-31T14:48:09+00:00","dateModified":"2017-08-31T14:51:37+00:00","mainEntityOfPage":{"@id":"https:\/\/kapitalis.com\/tunisie\/2017\/08\/31\/securite-inauguration-demain-dun-poste-frontalier-a-ghardimaou\/"},"wordCount":145,"commentCount":0,"publisher":{"@id":"https:\/\/kapitalis.com\/tunisie\/#organization"},"image":{"@id":"https:\/\/kapitalis.com\/tunisie\/2017\/08\/31\/securite-inauguration-demain-dun-poste-frontalier-a-ghardimaou\/#primaryimage"},"thumbnailUrl":"","keywords":["Alg\u00e9rie","contrebande","Ghardimaou","poste frontalier","s\u00e9curit\u00e9","terrorisme"],"articleSection":["SOCIETE","Tunisie"],"inLanguage":"fr-FR","potentialAction":[{"@type":"CommentAction","name":"Comment","target":["https:\/\/kapitalis.com\/tunisie\/2017\/08\/31\/securite-inauguration-demain-dun-poste-frontalier-a-ghardimaou\/#respond"]}]},{"@type":"WebPage","@id":"https:\/\/kapitalis.com\/tunisie\/2017\/08\/31\/securite-inauguration-demain-dun-poste-frontalier-a-ghardimaou\/","url":"https:\/\/kapitalis.com\/tunisie\/2017\/08\/31\/securite-inauguration-demain-dun-poste-frontalier-a-ghardimaou\/","name":"S\u00e9curit\u00e9 : Inauguration, demain, d\u2019un poste frontalier \u00e0 Ghardimaou - Kapitalis","isPartOf":{"@id":"https:\/\/kapitalis.com\/tunisie\/#website"},"primaryImageOfPage":{"@id":"https:\/\/kapitalis.com\/tunisie\/2017\/08\/31\/securite-inauguration-demain-dun-poste-frontalier-a-ghardimaou\/#primaryimage"},"image":{"@id":"https:\/\/kapitalis.com\/tunisie\/2017\/08\/31\/securite-inauguration-demain-dun-poste-frontalier-a-ghardimaou\/#primaryimage"},"thumbnailUrl":"","datePublished":"2017-08-31T14:48:09+00:00","dateModified":"2017-08-31T14:51:37+00:00","breadcrumb":{"@id":"https:\/\/kapitalis.com\/tunisie\/2017\/08\/31\/securite-inauguration-demain-dun-poste-frontalier-a-ghardimaou\/#breadcrumb"},"inLanguage":"fr-FR","potentialAction":[{"@type":"ReadAction","target":["https:\/\/kapitalis.com\/tunisie\/2017\/08\/31\/securite-inauguration-demain-dun-poste-frontalier-a-ghardimaou\/"]}]},{"@type":"ImageObject","inLanguage":"fr-FR","@id":"https:\/\/kapitalis.com\/tunisie\/2017\/08\/31\/securite-inauguration-demain-dun-poste-frontalier-a-ghardimaou\/#primaryimage","url":"","contentUrl":""},{"@type":"BreadcrumbList","@id":"https:\/\/kapitalis.com\/tunisie\/2017\/08\/31\/securite-inauguration-demain-dun-poste-frontalier-a-ghardimaou\/#breadcrumb","itemListElement":[{"@type":"ListItem","position":1,"name":"Accueil","item":"https:\/\/kapitalis.com\/tunisie\/"},{"@type":"ListItem","position":2,"name":"S\u00e9curit\u00e9 : Inauguration, demain, d\u2019un poste frontalier \u00e0 Ghardimaou"}]},{"@type":"WebSite","@id":"https:\/\/kapitalis.com\/tunisie\/#website","url":"https:\/\/kapitalis.com\/tunisie\/","name":"Kapitalis","description":"L&#039;actualit\u00e9 en Tunisie et dans le monde","publisher":{"@id":"https:\/\/kapitalis.com\/tunisie\/#organization"},"potentialAction":[{"@type":"SearchAction","target":{"@type":"EntryPoint","urlTemplate":"https:\/\/kapitalis.com\/tunisie\/?s={search_term_string}"},"query-input":{"@type":"PropertyValueSpecification","valueRequired":true,"valueName":"search_term_string"}}],"inLanguage":"fr-FR"},{"@type":"Organization","@id":"https:\/\/kapitalis.com\/tunisie\/#organization","name":"Kapitalis","url":"https:\/\/kapitalis.com\/tunisie\/","logo":{"@type":"ImageObject","inLanguage":"fr-FR","@id":"https:\/\/kapitalis.com\/tunisie\/#\/schema\/logo\/image\/","url":"https:\/\/kapitalis.com\/tunisie\/wp-content\/uploads\/2022\/05\/Kapitalis-big-size.png","contentUrl":"https:\/\/kapitalis.com\/tunisie\/wp-content\/uploads\/2022\/05\/Kapitalis-big-size.png","width":5000,"height":1500,"caption":"Kapitalis"},"image":{"@id":"https:\/\/kapitalis.com\/tunisie\/#\/schema\/logo\/image\/"},"sameAs":["https:\/\/www.facebook.com\/KapitalisInfo\/","https:\/\/x.com\/KapitalisInfo","https:\/\/www.youtube.com\/channel\/UC-yDYrHyfFBWWZaOw3FPg9Q"]},{"@type":"Person","@id":"https:\/\/kapitalis.com\/tunisie\/#\/schema\/person\/74bbde0154d49d790a92aaeac5bc01d5","name":"Yusra NY","url":"https:\/\/kapitalis.com\/tunisie\/author\/yuza_adam\/"}]}},"_links":{"self":[{"href":"https:\/\/kapitalis.com\/tunisie\/wp-json\/wp\/v2\/posts\/112169","targetHints":{"allow":["GET"]}}],"collection":[{"href":"https:\/\/kapitalis.com\/tunisie\/wp-json\/wp\/v2\/posts"}],"about":[{"href":"https:\/\/kapitalis.com\/tunisie\/wp-json\/wp\/v2\/types\/post"}],"author":[{"embeddable":true,"href":"https:\/\/kapitalis.com\/tunisie\/wp-json\/wp\/v2\/users\/6"}],"replies":[{"embeddable":true,"href":"https:\/\/kapitalis.com\/tunisie\/wp-json\/wp\/v2\/comments?post=112169"}],"version-history":[{"count":0,"href":"https:\/\/kapitalis.com\/tunisie\/wp-json\/wp\/v2\/posts\/112169\/revisions"}],"wp:featuredmedia":[{"embeddable":true,"href":"https:\/\/kapitalis.com\/tunisie\/wp-json\/wp\/v2\/media\/112175"}],"wp:attachment":[{"href":"https:\/\/kapitalis.com\/tunisie\/wp-json\/wp\/v2\/media?parent=112169"}],"wp:term":[{"taxonomy":"category","embeddable":true,"href":"https:\/\/kapitalis.com\/tunisie\/wp-json\/wp\/v2\/categories?post=112169"},{"taxonomy":"post_tag","embeddable":true,"href":"https:\/\/kapitalis.com\/tunisie\/wp-json\/wp\/v2\/tags?post=112169"}],"curies":[{"name":"wp","href":"https:\/\/api.w.org\/{rel}","templated":true}]}}