{"id":112357,"date":"2017-09-02T12:46:51","date_gmt":"2017-09-02T11:46:51","guid":{"rendered":"http:\/\/kapitalis.com\/tunisie\/?p=112357"},"modified":"2017-09-02T12:46:51","modified_gmt":"2017-09-02T11:46:51","slug":"un-etudiant-decouvert-pendu-a-ben-arous","status":"publish","type":"post","link":"https:\/\/kapitalis.com\/tunisie\/2017\/09\/02\/un-etudiant-decouvert-pendu-a-ben-arous\/","title":{"rendered":"Un \u00e9tudiant d\u00e9couvert pendu \u00e0 Ben Arous"},"content":{"rendered":"<p style=\"text-align: center;\"><img loading=\"lazy\" decoding=\"async\" class=\"alignnone size-full wp-image-50026\" src=\"http:\/\/kapitalis.com\/tunisie\/wp-content\/uploads\/2016\/05\/Suicide-Tunisie-homme.jpg\" alt=\"\" width=\"626\" height=\"380\" \/><\/p>\n<p><em><strong>Un jeune de 21 ans a \u00e9t\u00e9 retrouv\u00e9 pendu \u00e0 un arbre \u00e0 la for\u00eat de Bir El Bey, \u00e0 Ben Arous, dans la matin\u00e9e du vendredi 1er septembre 2017.<\/strong><\/em><!--more--><\/p>\n<p>Cela s\u2019est pass\u00e9 le jour de l\u2019A\u00efd El-Kebir, l\u2019\u00e9tudiant a quitt\u00e9 la maison et n\u2019y est plus retourn\u00e9.<\/p>\n<p>Des jeunes ont d\u00e9couvert le corps que la protection civile a transport\u00e9 \u00e0 l\u2019h\u00f4pital Charles Nicolle de Tunis pour autopsie. Dans la poche de son pantalon, le jeune homme avait un bout de papier sur lequel \u00e9taient inscrits le nom et le num\u00e9ro de t\u00e9l\u00e9phone de son papa.<\/p>\n<p>La piste du suicide est privil\u00e9gi\u00e9e, l\u2019\u00e9tudiant ayant d\u00e9j\u00e0 parl\u00e9 de suicide avec son entourage \u00e0 cause de probl\u00e8mes familiaux.<\/p>\n<p style=\"text-align: right;\"><strong>Y. N.<\/strong><\/p>\n","protected":false},"excerpt":{"rendered":"<p>Un jeune de 21 ans a \u00e9t\u00e9 retrouv\u00e9 pendu \u00e0 un arbre \u00e0 la for\u00eat de Bir El Bey, \u00e0 Ben Arous, dans la matin\u00e9e du vendredi 1er septembre 2017.<\/p>\n","protected":false},"author":6,"featured_media":0,"comment_status":"open","ping_status":"open","sticky":false,"template":"","format":"standard","meta":{"footnotes":""},"categories":[998,2433],"tags":[5381,141,4263,1557,865],"class_list":["post-112357","post","type-post","status-publish","format-standard","hentry","category-societe","category-tunisie","tag-aid-el-kebir","tag-ben-arous","tag-hopital-charles-nicolle","tag-pendu","tag-suicide"],"yoast_head":"<!-- This site is optimized with the Yoast SEO plugin v26.6 - https:\/\/yoast.com\/wordpress\/plugins\/seo\/ -->\n<title>Un \u00e9tudiant d\u00e9couvert pendu \u00e0 Ben Arous - Kapitalis<\/title>\n<meta name=\"robots\" content=\"index, follow, max-snippet:-1, max-image-preview:large, max-video-preview:-1\" \/>\n<link rel=\"canonical\" href=\"https:\/\/kapitalis.com\/tunisie\/2017\/09\/02\/un-etudiant-decouvert-pendu-a-ben-arous\/\" \/>\n<meta property=\"og:locale\" content=\"fr_FR\" \/>\n<meta property=\"og:type\" content=\"article\" \/>\n<meta property=\"og:title\" content=\"Un \u00e9tudiant d\u00e9couvert pendu \u00e0 Ben Arous - Kapitalis\" \/>\n<meta property=\"og:description\" content=\"Un jeune de 21 ans a \u00e9t\u00e9 retrouv\u00e9 pendu \u00e0 un arbre \u00e0 la for\u00eat de Bir El Bey, \u00e0 Ben Arous, dans la matin\u00e9e du vendredi 1er septembre 2017.\" \/>\n<meta property=\"og:url\" content=\"https:\/\/kapitalis.com\/tunisie\/2017\/09\/02\/un-etudiant-decouvert-pendu-a-ben-arous\/\" \/>\n<meta property=\"og:site_name\" content=\"Kapitalis\" \/>\n<meta property=\"article:publisher\" content=\"https:\/\/www.facebook.com\/KapitalisInfo\/\" \/>\n<meta property=\"article:published_time\" content=\"2017-09-02T11:46:51+00:00\" \/>\n<meta property=\"og:image\" content=\"http:\/\/kapitalis.com\/tunisie\/wp-content\/uploads\/2016\/05\/Suicide-Tunisie-homme.jpg\" \/>\n<meta name=\"author\" content=\"Yusra NY\" \/>\n<meta name=\"twitter:card\" content=\"summary_large_image\" \/>\n<meta name=\"twitter:creator\" content=\"@KapitalisInfo\" \/>\n<meta name=\"twitter:site\" content=\"@KapitalisInfo\" \/>\n<meta name=\"twitter:label1\" content=\"\u00c9crit par\" \/>\n\t<meta name=\"twitter:data1\" content=\"Yusra NY\" \/>\n\t<meta name=\"twitter:label2\" content=\"Dur\u00e9e de lecture estim\u00e9e\" \/>\n\t<meta name=\"twitter:data2\" content=\"1 minute\" \/>\n<script type=\"application\/ld+json\" class=\"yoast-schema-graph\">{\"@context\":\"https:\/\/schema.org\",\"@graph\":[{\"@type\":\"Article\",\"@id\":\"https:\/\/kapitalis.com\/tunisie\/2017\/09\/02\/un-etudiant-decouvert-pendu-a-ben-arous\/#article\",\"isPartOf\":{\"@id\":\"https:\/\/kapitalis.com\/tunisie\/2017\/09\/02\/un-etudiant-decouvert-pendu-a-ben-arous\/\"},\"author\":{\"name\":\"Yusra NY\",\"@id\":\"https:\/\/kapitalis.com\/tunisie\/#\/schema\/person\/74bbde0154d49d790a92aaeac5bc01d5\"},\"headline\":\"Un \u00e9tudiant d\u00e9couvert pendu \u00e0 Ben Arous\",\"datePublished\":\"2017-09-02T11:46:51+00:00\",\"mainEntityOfPage\":{\"@id\":\"https:\/\/kapitalis.com\/tunisie\/2017\/09\/02\/un-etudiant-decouvert-pendu-a-ben-arous\/\"},\"wordCount\":136,\"commentCount\":1,\"publisher\":{\"@id\":\"https:\/\/kapitalis.com\/tunisie\/#organization\"},\"image\":{\"@id\":\"https:\/\/kapitalis.com\/tunisie\/2017\/09\/02\/un-etudiant-decouvert-pendu-a-ben-arous\/#primaryimage\"},\"thumbnailUrl\":\"http:\/\/kapitalis.com\/tunisie\/wp-content\/uploads\/2016\/05\/Suicide-Tunisie-homme.jpg\",\"keywords\":[\"A\u00efd El-Kebir\",\"Ben Arous\",\"h\u00f4pital Charles-Nicolle\",\"pendu\",\"suicide\"],\"articleSection\":[\"SOCIETE\",\"Tunisie\"],\"inLanguage\":\"fr-FR\",\"potentialAction\":[{\"@type\":\"CommentAction\",\"name\":\"Comment\",\"target\":[\"https:\/\/kapitalis.com\/tunisie\/2017\/09\/02\/un-etudiant-decouvert-pendu-a-ben-arous\/#respond\"]}]},{\"@type\":\"WebPage\",\"@id\":\"https:\/\/kapitalis.com\/tunisie\/2017\/09\/02\/un-etudiant-decouvert-pendu-a-ben-arous\/\",\"url\":\"https:\/\/kapitalis.com\/tunisie\/2017\/09\/02\/un-etudiant-decouvert-pendu-a-ben-arous\/\",\"name\":\"Un \u00e9tudiant d\u00e9couvert pendu \u00e0 Ben Arous - Kapitalis\",\"isPartOf\":{\"@id\":\"https:\/\/kapitalis.com\/tunisie\/#website\"},\"primaryImageOfPage\":{\"@id\":\"https:\/\/kapitalis.com\/tunisie\/2017\/09\/02\/un-etudiant-decouvert-pendu-a-ben-arous\/#primaryimage\"},\"image\":{\"@id\":\"https:\/\/kapitalis.com\/tunisie\/2017\/09\/02\/un-etudiant-decouvert-pendu-a-ben-arous\/#primaryimage\"},\"thumbnailUrl\":\"http:\/\/kapitalis.com\/tunisie\/wp-content\/uploads\/2016\/05\/Suicide-Tunisie-homme.jpg\",\"datePublished\":\"2017-09-02T11:46:51+00:00\",\"breadcrumb\":{\"@id\":\"https:\/\/kapitalis.com\/tunisie\/2017\/09\/02\/un-etudiant-decouvert-pendu-a-ben-arous\/#breadcrumb\"},\"inLanguage\":\"fr-FR\",\"potentialAction\":[{\"@type\":\"ReadAction\",\"target\":[\"https:\/\/kapitalis.com\/tunisie\/2017\/09\/02\/un-etudiant-decouvert-pendu-a-ben-arous\/\"]}]},{\"@type\":\"ImageObject\",\"inLanguage\":\"fr-FR\",\"@id\":\"https:\/\/kapitalis.com\/tunisie\/2017\/09\/02\/un-etudiant-decouvert-pendu-a-ben-arous\/#primaryimage\",\"url\":\"http:\/\/kapitalis.com\/tunisie\/wp-content\/uploads\/2016\/05\/Suicide-Tunisie-homme.jpg\",\"contentUrl\":\"http:\/\/kapitalis.com\/tunisie\/wp-content\/uploads\/2016\/05\/Suicide-Tunisie-homme.jpg\"},{\"@type\":\"BreadcrumbList\",\"@id\":\"https:\/\/kapitalis.com\/tunisie\/2017\/09\/02\/un-etudiant-decouvert-pendu-a-ben-arous\/#breadcrumb\",\"itemListElement\":[{\"@type\":\"ListItem\",\"position\":1,\"name\":\"Accueil\",\"item\":\"https:\/\/kapitalis.com\/tunisie\/\"},{\"@type\":\"ListItem\",\"position\":2,\"name\":\"Un \u00e9tudiant d\u00e9couvert pendu \u00e0 Ben Arous\"}]},{\"@type\":\"WebSite\",\"@id\":\"https:\/\/kapitalis.com\/tunisie\/#website\",\"url\":\"https:\/\/kapitalis.com\/tunisie\/\",\"name\":\"Kapitalis\",\"description\":\"L&#039;actualit\u00e9 en Tunisie et dans le monde\",\"publisher\":{\"@id\":\"https:\/\/kapitalis.com\/tunisie\/#organization\"},\"potentialAction\":[{\"@type\":\"SearchAction\",\"target\":{\"@type\":\"EntryPoint\",\"urlTemplate\":\"https:\/\/kapitalis.com\/tunisie\/?s={search_term_string}\"},\"query-input\":{\"@type\":\"PropertyValueSpecification\",\"valueRequired\":true,\"valueName\":\"search_term_string\"}}],\"inLanguage\":\"fr-FR\"},{\"@type\":\"Organization\",\"@id\":\"https:\/\/kapitalis.com\/tunisie\/#organization\",\"name\":\"Kapitalis\",\"url\":\"https:\/\/kapitalis.com\/tunisie\/\",\"logo\":{\"@type\":\"ImageObject\",\"inLanguage\":\"fr-FR\",\"@id\":\"https:\/\/kapitalis.com\/tunisie\/#\/schema\/logo\/image\/\",\"url\":\"https:\/\/kapitalis.com\/tunisie\/wp-content\/uploads\/2022\/05\/Kapitalis-big-size.png\",\"contentUrl\":\"https:\/\/kapitalis.com\/tunisie\/wp-content\/uploads\/2022\/05\/Kapitalis-big-size.png\",\"width\":5000,\"height\":1500,\"caption\":\"Kapitalis\"},\"image\":{\"@id\":\"https:\/\/kapitalis.com\/tunisie\/#\/schema\/logo\/image\/\"},\"sameAs\":[\"https:\/\/www.facebook.com\/KapitalisInfo\/\",\"https:\/\/x.com\/KapitalisInfo\",\"https:\/\/www.youtube.com\/channel\/UC-yDYrHyfFBWWZaOw3FPg9Q\"]},{\"@type\":\"Person\",\"@id\":\"https:\/\/kapitalis.com\/tunisie\/#\/schema\/person\/74bbde0154d49d790a92aaeac5bc01d5\",\"name\":\"Yusra NY\",\"url\":\"https:\/\/kapitalis.com\/tunisie\/author\/yuza_adam\/\"}]}<\/script>\n<!-- \/ Yoast SEO plugin. -->","yoast_head_json":{"title":"Un \u00e9tudiant d\u00e9couvert pendu \u00e0 Ben Arous - Kapitalis","robots":{"index":"index","follow":"follow","max-snippet":"max-snippet:-1","max-image-preview":"max-image-preview:large","max-video-preview":"max-video-preview:-1"},"canonical":"https:\/\/kapitalis.com\/tunisie\/2017\/09\/02\/un-etudiant-decouvert-pendu-a-ben-arous\/","og_locale":"fr_FR","og_type":"article","og_title":"Un \u00e9tudiant d\u00e9couvert pendu \u00e0 Ben Arous - Kapitalis","og_description":"Un jeune de 21 ans a \u00e9t\u00e9 retrouv\u00e9 pendu \u00e0 un arbre \u00e0 la for\u00eat de Bir El Bey, \u00e0 Ben Arous, dans la matin\u00e9e du vendredi 1er septembre 2017.","og_url":"https:\/\/kapitalis.com\/tunisie\/2017\/09\/02\/un-etudiant-decouvert-pendu-a-ben-arous\/","og_site_name":"Kapitalis","article_publisher":"https:\/\/www.facebook.com\/KapitalisInfo\/","article_published_time":"2017-09-02T11:46:51+00:00","og_image":[{"url":"http:\/\/kapitalis.com\/tunisie\/wp-content\/uploads\/2016\/05\/Suicide-Tunisie-homme.jpg","type":"","width":"","height":""}],"author":"Yusra NY","twitter_card":"summary_large_image","twitter_creator":"@KapitalisInfo","twitter_site":"@KapitalisInfo","twitter_misc":{"\u00c9crit par":"Yusra NY","Dur\u00e9e de lecture estim\u00e9e":"1 minute"},"schema":{"@context":"https:\/\/schema.org","@graph":[{"@type":"Article","@id":"https:\/\/kapitalis.com\/tunisie\/2017\/09\/02\/un-etudiant-decouvert-pendu-a-ben-arous\/#article","isPartOf":{"@id":"https:\/\/kapitalis.com\/tunisie\/2017\/09\/02\/un-etudiant-decouvert-pendu-a-ben-arous\/"},"author":{"name":"Yusra NY","@id":"https:\/\/kapitalis.com\/tunisie\/#\/schema\/person\/74bbde0154d49d790a92aaeac5bc01d5"},"headline":"Un \u00e9tudiant d\u00e9couvert pendu \u00e0 Ben Arous","datePublished":"2017-09-02T11:46:51+00:00","mainEntityOfPage":{"@id":"https:\/\/kapitalis.com\/tunisie\/2017\/09\/02\/un-etudiant-decouvert-pendu-a-ben-arous\/"},"wordCount":136,"commentCount":1,"publisher":{"@id":"https:\/\/kapitalis.com\/tunisie\/#organization"},"image":{"@id":"https:\/\/kapitalis.com\/tunisie\/2017\/09\/02\/un-etudiant-decouvert-pendu-a-ben-arous\/#primaryimage"},"thumbnailUrl":"http:\/\/kapitalis.com\/tunisie\/wp-content\/uploads\/2016\/05\/Suicide-Tunisie-homme.jpg","keywords":["A\u00efd El-Kebir","Ben Arous","h\u00f4pital Charles-Nicolle","pendu","suicide"],"articleSection":["SOCIETE","Tunisie"],"inLanguage":"fr-FR","potentialAction":[{"@type":"CommentAction","name":"Comment","target":["https:\/\/kapitalis.com\/tunisie\/2017\/09\/02\/un-etudiant-decouvert-pendu-a-ben-arous\/#respond"]}]},{"@type":"WebPage","@id":"https:\/\/kapitalis.com\/tunisie\/2017\/09\/02\/un-etudiant-decouvert-pendu-a-ben-arous\/","url":"https:\/\/kapitalis.com\/tunisie\/2017\/09\/02\/un-etudiant-decouvert-pendu-a-ben-arous\/","name":"Un \u00e9tudiant d\u00e9couvert pendu \u00e0 Ben Arous - Kapitalis","isPartOf":{"@id":"https:\/\/kapitalis.com\/tunisie\/#website"},"primaryImageOfPage":{"@id":"https:\/\/kapitalis.com\/tunisie\/2017\/09\/02\/un-etudiant-decouvert-pendu-a-ben-arous\/#primaryimage"},"image":{"@id":"https:\/\/kapitalis.com\/tunisie\/2017\/09\/02\/un-etudiant-decouvert-pendu-a-ben-arous\/#primaryimage"},"thumbnailUrl":"http:\/\/kapitalis.com\/tunisie\/wp-content\/uploads\/2016\/05\/Suicide-Tunisie-homme.jpg","datePublished":"2017-09-02T11:46:51+00:00","breadcrumb":{"@id":"https:\/\/kapitalis.com\/tunisie\/2017\/09\/02\/un-etudiant-decouvert-pendu-a-ben-arous\/#breadcrumb"},"inLanguage":"fr-FR","potentialAction":[{"@type":"ReadAction","target":["https:\/\/kapitalis.com\/tunisie\/2017\/09\/02\/un-etudiant-decouvert-pendu-a-ben-arous\/"]}]},{"@type":"ImageObject","inLanguage":"fr-FR","@id":"https:\/\/kapitalis.com\/tunisie\/2017\/09\/02\/un-etudiant-decouvert-pendu-a-ben-arous\/#primaryimage","url":"http:\/\/kapitalis.com\/tunisie\/wp-content\/uploads\/2016\/05\/Suicide-Tunisie-homme.jpg","contentUrl":"http:\/\/kapitalis.com\/tunisie\/wp-content\/uploads\/2016\/05\/Suicide-Tunisie-homme.jpg"},{"@type":"BreadcrumbList","@id":"https:\/\/kapitalis.com\/tunisie\/2017\/09\/02\/un-etudiant-decouvert-pendu-a-ben-arous\/#breadcrumb","itemListElement":[{"@type":"ListItem","position":1,"name":"Accueil","item":"https:\/\/kapitalis.com\/tunisie\/"},{"@type":"ListItem","position":2,"name":"Un \u00e9tudiant d\u00e9couvert pendu \u00e0 Ben Arous"}]},{"@type":"WebSite","@id":"https:\/\/kapitalis.com\/tunisie\/#website","url":"https:\/\/kapitalis.com\/tunisie\/","name":"Kapitalis","description":"L&#039;actualit\u00e9 en Tunisie et dans le monde","publisher":{"@id":"https:\/\/kapitalis.com\/tunisie\/#organization"},"potentialAction":[{"@type":"SearchAction","target":{"@type":"EntryPoint","urlTemplate":"https:\/\/kapitalis.com\/tunisie\/?s={search_term_string}"},"query-input":{"@type":"PropertyValueSpecification","valueRequired":true,"valueName":"search_term_string"}}],"inLanguage":"fr-FR"},{"@type":"Organization","@id":"https:\/\/kapitalis.com\/tunisie\/#organization","name":"Kapitalis","url":"https:\/\/kapitalis.com\/tunisie\/","logo":{"@type":"ImageObject","inLanguage":"fr-FR","@id":"https:\/\/kapitalis.com\/tunisie\/#\/schema\/logo\/image\/","url":"https:\/\/kapitalis.com\/tunisie\/wp-content\/uploads\/2022\/05\/Kapitalis-big-size.png","contentUrl":"https:\/\/kapitalis.com\/tunisie\/wp-content\/uploads\/2022\/05\/Kapitalis-big-size.png","width":5000,"height":1500,"caption":"Kapitalis"},"image":{"@id":"https:\/\/kapitalis.com\/tunisie\/#\/schema\/logo\/image\/"},"sameAs":["https:\/\/www.facebook.com\/KapitalisInfo\/","https:\/\/x.com\/KapitalisInfo","https:\/\/www.youtube.com\/channel\/UC-yDYrHyfFBWWZaOw3FPg9Q"]},{"@type":"Person","@id":"https:\/\/kapitalis.com\/tunisie\/#\/schema\/person\/74bbde0154d49d790a92aaeac5bc01d5","name":"Yusra NY","url":"https:\/\/kapitalis.com\/tunisie\/author\/yuza_adam\/"}]}},"_links":{"self":[{"href":"https:\/\/kapitalis.com\/tunisie\/wp-json\/wp\/v2\/posts\/112357","targetHints":{"allow":["GET"]}}],"collection":[{"href":"https:\/\/kapitalis.com\/tunisie\/wp-json\/wp\/v2\/posts"}],"about":[{"href":"https:\/\/kapitalis.com\/tunisie\/wp-json\/wp\/v2\/types\/post"}],"author":[{"embeddable":true,"href":"https:\/\/kapitalis.com\/tunisie\/wp-json\/wp\/v2\/users\/6"}],"replies":[{"embeddable":true,"href":"https:\/\/kapitalis.com\/tunisie\/wp-json\/wp\/v2\/comments?post=112357"}],"version-history":[{"count":0,"href":"https:\/\/kapitalis.com\/tunisie\/wp-json\/wp\/v2\/posts\/112357\/revisions"}],"wp:attachment":[{"href":"https:\/\/kapitalis.com\/tunisie\/wp-json\/wp\/v2\/media?parent=112357"}],"wp:term":[{"taxonomy":"category","embeddable":true,"href":"https:\/\/kapitalis.com\/tunisie\/wp-json\/wp\/v2\/categories?post=112357"},{"taxonomy":"post_tag","embeddable":true,"href":"https:\/\/kapitalis.com\/tunisie\/wp-json\/wp\/v2\/tags?post=112357"}],"curies":[{"name":"wp","href":"https:\/\/api.w.org\/{rel}","templated":true}]}}