{"id":11255,"date":"2015-08-28T14:25:25","date_gmt":"2015-08-28T13:25:25","guid":{"rendered":"http:\/\/kapitalis.com\/tunisie\/?p=11255"},"modified":"2015-08-29T08:30:34","modified_gmt":"2015-08-29T07:30:34","slug":"une-enseignante-agressee-et-braquee-par-des-inconnus-a-lenit","status":"publish","type":"post","link":"https:\/\/kapitalis.com\/tunisie\/2015\/08\/28\/une-enseignante-agressee-et-braquee-par-des-inconnus-a-lenit\/","title":{"rendered":"Une enseignante agress\u00e9e et braqu\u00e9e par des inconnus \u00e0 l\u2019Enit"},"content":{"rendered":"<p><img loading=\"lazy\" decoding=\"async\" class=\"alignnone size-full wp-image-11256 aligncenter\" src=\"http:\/\/kapitalis.com\/tunisie\/wp-content\/uploads\/2015\/08\/ENIT-Tunis.jpg\" alt=\"ENIT-Tunis\" width=\"626\" height=\"380\" \/><\/p>\n<p><em><strong>Rachida Bouhlila, une sommit\u00e9 scientifique, a \u00e9t\u00e9 agress\u00e9e et braqu\u00e9e, aujourd\u2019hui, dans l\u2019enceinte m\u00eame de l\u2019Ecole nationale des ing\u00e9nieurs de Tunis (Enit).<\/strong> <\/em><\/p>\n<p><!--more--><\/p>\n<p>Maitre de conf\u00e9rence dans cette m\u00eame \u00e9cole, sp\u00e9cialiste de la m\u00e9canique des fluides, Mme Bouhlila, qui s\u2019appr\u00eatait \u00e0 partir en Suisse pour y participer \u00e0 un congr\u00e8s scientifique international, s\u2019est vue agresser par des \u00e9trangers \u00e0 l\u2019\u00e9cole et voler toutes ses affaires, notamment son portefeuille et son passeport. Elle a \u00e9t\u00e9 transport\u00e9e \u00e0 la clinique El-Manar, o\u00f9 les m\u00e9decins ont diagnostiqu\u00e9 3 fractures.<\/p>\n<p>Son \u00e9poux, Mongi Bouhlila, ing\u00e9nieur principal et chef d&rsquo;entreprise, d\u00e9nonce le manque de s\u00e9curit\u00e9 dans les \u00e9tablissements sup\u00e9rieurs. Il a fait part \u00e0 Kapitalis de son intention de porter plainte contre le minist\u00e8re de l\u2019Enseignement sup\u00e9rieur, qui est responsable de la s\u00e9curit\u00e9 des enseignants dans l\u2019enceinte des \u00e9tablissements.<\/p>\n<p style=\"text-align: right;\"><strong>I. B.<\/strong><\/p>\n","protected":false},"excerpt":{"rendered":"<p>Rachida Bouhlila, une sommit\u00e9 scientifique, a \u00e9t\u00e9 agress\u00e9e et braqu\u00e9e, aujourd\u2019hui, dans l\u2019enceinte m\u00eame de l\u2019Ecole nationale des ing\u00e9nieurs de Tunis (Enit).<\/p>\n","protected":false},"author":8,"featured_media":11256,"comment_status":"open","ping_status":"open","sticky":false,"template":"","format":"standard","meta":{"footnotes":""},"categories":[998,2433],"tags":[167,3696,5161,2055],"class_list":["post-11255","post","type-post","status-publish","format-standard","has-post-thumbnail","hentry","category-societe","category-tunisie","tag-braquage","tag-clinique","tag-el-manar","tag-enit"],"yoast_head":"<!-- This site is optimized with the Yoast SEO plugin v26.6 - https:\/\/yoast.com\/wordpress\/plugins\/seo\/ -->\n<title>Une enseignante agress\u00e9e et braqu\u00e9e par des inconnus \u00e0 l\u2019Enit - Kapitalis<\/title>\n<meta name=\"robots\" content=\"index, follow, max-snippet:-1, max-image-preview:large, max-video-preview:-1\" \/>\n<link rel=\"canonical\" href=\"https:\/\/kapitalis.com\/tunisie\/2015\/08\/28\/une-enseignante-agressee-et-braquee-par-des-inconnus-a-lenit\/\" \/>\n<meta property=\"og:locale\" content=\"fr_FR\" \/>\n<meta property=\"og:type\" content=\"article\" \/>\n<meta property=\"og:title\" content=\"Une enseignante agress\u00e9e et braqu\u00e9e par des inconnus \u00e0 l\u2019Enit - Kapitalis\" \/>\n<meta property=\"og:description\" content=\"Rachida Bouhlila, une sommit\u00e9 scientifique, a \u00e9t\u00e9 agress\u00e9e et braqu\u00e9e, aujourd\u2019hui, dans l\u2019enceinte m\u00eame de l\u2019Ecole nationale des ing\u00e9nieurs de Tunis (Enit).\" \/>\n<meta property=\"og:url\" content=\"https:\/\/kapitalis.com\/tunisie\/2015\/08\/28\/une-enseignante-agressee-et-braquee-par-des-inconnus-a-lenit\/\" \/>\n<meta property=\"og:site_name\" content=\"Kapitalis\" \/>\n<meta property=\"article:publisher\" content=\"https:\/\/www.facebook.com\/KapitalisInfo\/\" \/>\n<meta property=\"article:published_time\" content=\"2015-08-28T13:25:25+00:00\" \/>\n<meta property=\"article:modified_time\" content=\"2015-08-29T07:30:34+00:00\" \/>\n<meta property=\"og:image\" content=\"https:\/\/kapitalis.com\/tunisie\/wp-content\/uploads\/2022\/05\/kapitalis-logo-fb.png\" \/>\n\t<meta property=\"og:image:width\" content=\"1200\" \/>\n\t<meta property=\"og:image:height\" content=\"630\" \/>\n\t<meta property=\"og:image:type\" content=\"image\/png\" \/>\n<meta name=\"author\" content=\"webmaster kapitalis\" \/>\n<meta name=\"twitter:card\" content=\"summary_large_image\" \/>\n<meta name=\"twitter:creator\" content=\"@KapitalisInfo\" \/>\n<meta name=\"twitter:site\" content=\"@KapitalisInfo\" \/>\n<meta name=\"twitter:label1\" content=\"\u00c9crit par\" \/>\n\t<meta name=\"twitter:data1\" content=\"webmaster kapitalis\" \/>\n\t<meta name=\"twitter:label2\" content=\"Dur\u00e9e de lecture estim\u00e9e\" \/>\n\t<meta name=\"twitter:data2\" content=\"1 minute\" \/>\n<script type=\"application\/ld+json\" class=\"yoast-schema-graph\">{\"@context\":\"https:\/\/schema.org\",\"@graph\":[{\"@type\":\"Article\",\"@id\":\"https:\/\/kapitalis.com\/tunisie\/2015\/08\/28\/une-enseignante-agressee-et-braquee-par-des-inconnus-a-lenit\/#article\",\"isPartOf\":{\"@id\":\"https:\/\/kapitalis.com\/tunisie\/2015\/08\/28\/une-enseignante-agressee-et-braquee-par-des-inconnus-a-lenit\/\"},\"author\":{\"name\":\"webmaster kapitalis\",\"@id\":\"https:\/\/kapitalis.com\/tunisie\/#\/schema\/person\/d71f33a9ca44f7bad4698210b480c8e9\"},\"headline\":\"Une enseignante agress\u00e9e et braqu\u00e9e par des inconnus \u00e0 l\u2019Enit\",\"datePublished\":\"2015-08-28T13:25:25+00:00\",\"dateModified\":\"2015-08-29T07:30:34+00:00\",\"mainEntityOfPage\":{\"@id\":\"https:\/\/kapitalis.com\/tunisie\/2015\/08\/28\/une-enseignante-agressee-et-braquee-par-des-inconnus-a-lenit\/\"},\"wordCount\":168,\"commentCount\":2,\"publisher\":{\"@id\":\"https:\/\/kapitalis.com\/tunisie\/#organization\"},\"image\":{\"@id\":\"https:\/\/kapitalis.com\/tunisie\/2015\/08\/28\/une-enseignante-agressee-et-braquee-par-des-inconnus-a-lenit\/#primaryimage\"},\"thumbnailUrl\":\"\",\"keywords\":[\"braquage\",\"clinique\",\"El-Manar\",\"Enit\"],\"articleSection\":[\"SOCIETE\",\"Tunisie\"],\"inLanguage\":\"fr-FR\",\"potentialAction\":[{\"@type\":\"CommentAction\",\"name\":\"Comment\",\"target\":[\"https:\/\/kapitalis.com\/tunisie\/2015\/08\/28\/une-enseignante-agressee-et-braquee-par-des-inconnus-a-lenit\/#respond\"]}]},{\"@type\":\"WebPage\",\"@id\":\"https:\/\/kapitalis.com\/tunisie\/2015\/08\/28\/une-enseignante-agressee-et-braquee-par-des-inconnus-a-lenit\/\",\"url\":\"https:\/\/kapitalis.com\/tunisie\/2015\/08\/28\/une-enseignante-agressee-et-braquee-par-des-inconnus-a-lenit\/\",\"name\":\"Une enseignante agress\u00e9e et braqu\u00e9e par des inconnus \u00e0 l\u2019Enit - Kapitalis\",\"isPartOf\":{\"@id\":\"https:\/\/kapitalis.com\/tunisie\/#website\"},\"primaryImageOfPage\":{\"@id\":\"https:\/\/kapitalis.com\/tunisie\/2015\/08\/28\/une-enseignante-agressee-et-braquee-par-des-inconnus-a-lenit\/#primaryimage\"},\"image\":{\"@id\":\"https:\/\/kapitalis.com\/tunisie\/2015\/08\/28\/une-enseignante-agressee-et-braquee-par-des-inconnus-a-lenit\/#primaryimage\"},\"thumbnailUrl\":\"\",\"datePublished\":\"2015-08-28T13:25:25+00:00\",\"dateModified\":\"2015-08-29T07:30:34+00:00\",\"breadcrumb\":{\"@id\":\"https:\/\/kapitalis.com\/tunisie\/2015\/08\/28\/une-enseignante-agressee-et-braquee-par-des-inconnus-a-lenit\/#breadcrumb\"},\"inLanguage\":\"fr-FR\",\"potentialAction\":[{\"@type\":\"ReadAction\",\"target\":[\"https:\/\/kapitalis.com\/tunisie\/2015\/08\/28\/une-enseignante-agressee-et-braquee-par-des-inconnus-a-lenit\/\"]}]},{\"@type\":\"ImageObject\",\"inLanguage\":\"fr-FR\",\"@id\":\"https:\/\/kapitalis.com\/tunisie\/2015\/08\/28\/une-enseignante-agressee-et-braquee-par-des-inconnus-a-lenit\/#primaryimage\",\"url\":\"\",\"contentUrl\":\"\"},{\"@type\":\"BreadcrumbList\",\"@id\":\"https:\/\/kapitalis.com\/tunisie\/2015\/08\/28\/une-enseignante-agressee-et-braquee-par-des-inconnus-a-lenit\/#breadcrumb\",\"itemListElement\":[{\"@type\":\"ListItem\",\"position\":1,\"name\":\"Accueil\",\"item\":\"https:\/\/kapitalis.com\/tunisie\/\"},{\"@type\":\"ListItem\",\"position\":2,\"name\":\"Une enseignante agress\u00e9e et braqu\u00e9e par des inconnus \u00e0 l\u2019Enit\"}]},{\"@type\":\"WebSite\",\"@id\":\"https:\/\/kapitalis.com\/tunisie\/#website\",\"url\":\"https:\/\/kapitalis.com\/tunisie\/\",\"name\":\"Kapitalis\",\"description\":\"L&#039;actualit\u00e9 en Tunisie et dans le monde\",\"publisher\":{\"@id\":\"https:\/\/kapitalis.com\/tunisie\/#organization\"},\"potentialAction\":[{\"@type\":\"SearchAction\",\"target\":{\"@type\":\"EntryPoint\",\"urlTemplate\":\"https:\/\/kapitalis.com\/tunisie\/?s={search_term_string}\"},\"query-input\":{\"@type\":\"PropertyValueSpecification\",\"valueRequired\":true,\"valueName\":\"search_term_string\"}}],\"inLanguage\":\"fr-FR\"},{\"@type\":\"Organization\",\"@id\":\"https:\/\/kapitalis.com\/tunisie\/#organization\",\"name\":\"Kapitalis\",\"url\":\"https:\/\/kapitalis.com\/tunisie\/\",\"logo\":{\"@type\":\"ImageObject\",\"inLanguage\":\"fr-FR\",\"@id\":\"https:\/\/kapitalis.com\/tunisie\/#\/schema\/logo\/image\/\",\"url\":\"https:\/\/kapitalis.com\/tunisie\/wp-content\/uploads\/2022\/05\/Kapitalis-big-size.png\",\"contentUrl\":\"https:\/\/kapitalis.com\/tunisie\/wp-content\/uploads\/2022\/05\/Kapitalis-big-size.png\",\"width\":5000,\"height\":1500,\"caption\":\"Kapitalis\"},\"image\":{\"@id\":\"https:\/\/kapitalis.com\/tunisie\/#\/schema\/logo\/image\/\"},\"sameAs\":[\"https:\/\/www.facebook.com\/KapitalisInfo\/\",\"https:\/\/x.com\/KapitalisInfo\",\"https:\/\/www.youtube.com\/channel\/UC-yDYrHyfFBWWZaOw3FPg9Q\"]},{\"@type\":\"Person\",\"@id\":\"https:\/\/kapitalis.com\/tunisie\/#\/schema\/person\/d71f33a9ca44f7bad4698210b480c8e9\",\"name\":\"webmaster kapitalis\",\"url\":\"https:\/\/kapitalis.com\/tunisie\/author\/webmaster-kapitalis\/\"}]}<\/script>\n<!-- \/ Yoast SEO plugin. -->","yoast_head_json":{"title":"Une enseignante agress\u00e9e et braqu\u00e9e par des inconnus \u00e0 l\u2019Enit - Kapitalis","robots":{"index":"index","follow":"follow","max-snippet":"max-snippet:-1","max-image-preview":"max-image-preview:large","max-video-preview":"max-video-preview:-1"},"canonical":"https:\/\/kapitalis.com\/tunisie\/2015\/08\/28\/une-enseignante-agressee-et-braquee-par-des-inconnus-a-lenit\/","og_locale":"fr_FR","og_type":"article","og_title":"Une enseignante agress\u00e9e et braqu\u00e9e par des inconnus \u00e0 l\u2019Enit - Kapitalis","og_description":"Rachida Bouhlila, une sommit\u00e9 scientifique, a \u00e9t\u00e9 agress\u00e9e et braqu\u00e9e, aujourd\u2019hui, dans l\u2019enceinte m\u00eame de l\u2019Ecole nationale des ing\u00e9nieurs de Tunis (Enit).","og_url":"https:\/\/kapitalis.com\/tunisie\/2015\/08\/28\/une-enseignante-agressee-et-braquee-par-des-inconnus-a-lenit\/","og_site_name":"Kapitalis","article_publisher":"https:\/\/www.facebook.com\/KapitalisInfo\/","article_published_time":"2015-08-28T13:25:25+00:00","article_modified_time":"2015-08-29T07:30:34+00:00","og_image":[{"width":1200,"height":630,"url":"https:\/\/kapitalis.com\/tunisie\/wp-content\/uploads\/2022\/05\/kapitalis-logo-fb.png","type":"image\/png"}],"author":"webmaster kapitalis","twitter_card":"summary_large_image","twitter_creator":"@KapitalisInfo","twitter_site":"@KapitalisInfo","twitter_misc":{"\u00c9crit par":"webmaster kapitalis","Dur\u00e9e de lecture estim\u00e9e":"1 minute"},"schema":{"@context":"https:\/\/schema.org","@graph":[{"@type":"Article","@id":"https:\/\/kapitalis.com\/tunisie\/2015\/08\/28\/une-enseignante-agressee-et-braquee-par-des-inconnus-a-lenit\/#article","isPartOf":{"@id":"https:\/\/kapitalis.com\/tunisie\/2015\/08\/28\/une-enseignante-agressee-et-braquee-par-des-inconnus-a-lenit\/"},"author":{"name":"webmaster kapitalis","@id":"https:\/\/kapitalis.com\/tunisie\/#\/schema\/person\/d71f33a9ca44f7bad4698210b480c8e9"},"headline":"Une enseignante agress\u00e9e et braqu\u00e9e par des inconnus \u00e0 l\u2019Enit","datePublished":"2015-08-28T13:25:25+00:00","dateModified":"2015-08-29T07:30:34+00:00","mainEntityOfPage":{"@id":"https:\/\/kapitalis.com\/tunisie\/2015\/08\/28\/une-enseignante-agressee-et-braquee-par-des-inconnus-a-lenit\/"},"wordCount":168,"commentCount":2,"publisher":{"@id":"https:\/\/kapitalis.com\/tunisie\/#organization"},"image":{"@id":"https:\/\/kapitalis.com\/tunisie\/2015\/08\/28\/une-enseignante-agressee-et-braquee-par-des-inconnus-a-lenit\/#primaryimage"},"thumbnailUrl":"","keywords":["braquage","clinique","El-Manar","Enit"],"articleSection":["SOCIETE","Tunisie"],"inLanguage":"fr-FR","potentialAction":[{"@type":"CommentAction","name":"Comment","target":["https:\/\/kapitalis.com\/tunisie\/2015\/08\/28\/une-enseignante-agressee-et-braquee-par-des-inconnus-a-lenit\/#respond"]}]},{"@type":"WebPage","@id":"https:\/\/kapitalis.com\/tunisie\/2015\/08\/28\/une-enseignante-agressee-et-braquee-par-des-inconnus-a-lenit\/","url":"https:\/\/kapitalis.com\/tunisie\/2015\/08\/28\/une-enseignante-agressee-et-braquee-par-des-inconnus-a-lenit\/","name":"Une enseignante agress\u00e9e et braqu\u00e9e par des inconnus \u00e0 l\u2019Enit - Kapitalis","isPartOf":{"@id":"https:\/\/kapitalis.com\/tunisie\/#website"},"primaryImageOfPage":{"@id":"https:\/\/kapitalis.com\/tunisie\/2015\/08\/28\/une-enseignante-agressee-et-braquee-par-des-inconnus-a-lenit\/#primaryimage"},"image":{"@id":"https:\/\/kapitalis.com\/tunisie\/2015\/08\/28\/une-enseignante-agressee-et-braquee-par-des-inconnus-a-lenit\/#primaryimage"},"thumbnailUrl":"","datePublished":"2015-08-28T13:25:25+00:00","dateModified":"2015-08-29T07:30:34+00:00","breadcrumb":{"@id":"https:\/\/kapitalis.com\/tunisie\/2015\/08\/28\/une-enseignante-agressee-et-braquee-par-des-inconnus-a-lenit\/#breadcrumb"},"inLanguage":"fr-FR","potentialAction":[{"@type":"ReadAction","target":["https:\/\/kapitalis.com\/tunisie\/2015\/08\/28\/une-enseignante-agressee-et-braquee-par-des-inconnus-a-lenit\/"]}]},{"@type":"ImageObject","inLanguage":"fr-FR","@id":"https:\/\/kapitalis.com\/tunisie\/2015\/08\/28\/une-enseignante-agressee-et-braquee-par-des-inconnus-a-lenit\/#primaryimage","url":"","contentUrl":""},{"@type":"BreadcrumbList","@id":"https:\/\/kapitalis.com\/tunisie\/2015\/08\/28\/une-enseignante-agressee-et-braquee-par-des-inconnus-a-lenit\/#breadcrumb","itemListElement":[{"@type":"ListItem","position":1,"name":"Accueil","item":"https:\/\/kapitalis.com\/tunisie\/"},{"@type":"ListItem","position":2,"name":"Une enseignante agress\u00e9e et braqu\u00e9e par des inconnus \u00e0 l\u2019Enit"}]},{"@type":"WebSite","@id":"https:\/\/kapitalis.com\/tunisie\/#website","url":"https:\/\/kapitalis.com\/tunisie\/","name":"Kapitalis","description":"L&#039;actualit\u00e9 en Tunisie et dans le monde","publisher":{"@id":"https:\/\/kapitalis.com\/tunisie\/#organization"},"potentialAction":[{"@type":"SearchAction","target":{"@type":"EntryPoint","urlTemplate":"https:\/\/kapitalis.com\/tunisie\/?s={search_term_string}"},"query-input":{"@type":"PropertyValueSpecification","valueRequired":true,"valueName":"search_term_string"}}],"inLanguage":"fr-FR"},{"@type":"Organization","@id":"https:\/\/kapitalis.com\/tunisie\/#organization","name":"Kapitalis","url":"https:\/\/kapitalis.com\/tunisie\/","logo":{"@type":"ImageObject","inLanguage":"fr-FR","@id":"https:\/\/kapitalis.com\/tunisie\/#\/schema\/logo\/image\/","url":"https:\/\/kapitalis.com\/tunisie\/wp-content\/uploads\/2022\/05\/Kapitalis-big-size.png","contentUrl":"https:\/\/kapitalis.com\/tunisie\/wp-content\/uploads\/2022\/05\/Kapitalis-big-size.png","width":5000,"height":1500,"caption":"Kapitalis"},"image":{"@id":"https:\/\/kapitalis.com\/tunisie\/#\/schema\/logo\/image\/"},"sameAs":["https:\/\/www.facebook.com\/KapitalisInfo\/","https:\/\/x.com\/KapitalisInfo","https:\/\/www.youtube.com\/channel\/UC-yDYrHyfFBWWZaOw3FPg9Q"]},{"@type":"Person","@id":"https:\/\/kapitalis.com\/tunisie\/#\/schema\/person\/d71f33a9ca44f7bad4698210b480c8e9","name":"webmaster kapitalis","url":"https:\/\/kapitalis.com\/tunisie\/author\/webmaster-kapitalis\/"}]}},"_links":{"self":[{"href":"https:\/\/kapitalis.com\/tunisie\/wp-json\/wp\/v2\/posts\/11255","targetHints":{"allow":["GET"]}}],"collection":[{"href":"https:\/\/kapitalis.com\/tunisie\/wp-json\/wp\/v2\/posts"}],"about":[{"href":"https:\/\/kapitalis.com\/tunisie\/wp-json\/wp\/v2\/types\/post"}],"author":[{"embeddable":true,"href":"https:\/\/kapitalis.com\/tunisie\/wp-json\/wp\/v2\/users\/8"}],"replies":[{"embeddable":true,"href":"https:\/\/kapitalis.com\/tunisie\/wp-json\/wp\/v2\/comments?post=11255"}],"version-history":[{"count":0,"href":"https:\/\/kapitalis.com\/tunisie\/wp-json\/wp\/v2\/posts\/11255\/revisions"}],"wp:featuredmedia":[{"embeddable":true,"href":"https:\/\/kapitalis.com\/tunisie\/wp-json\/wp\/v2\/media\/11256"}],"wp:attachment":[{"href":"https:\/\/kapitalis.com\/tunisie\/wp-json\/wp\/v2\/media?parent=11255"}],"wp:term":[{"taxonomy":"category","embeddable":true,"href":"https:\/\/kapitalis.com\/tunisie\/wp-json\/wp\/v2\/categories?post=11255"},{"taxonomy":"post_tag","embeddable":true,"href":"https:\/\/kapitalis.com\/tunisie\/wp-json\/wp\/v2\/tags?post=11255"}],"curies":[{"name":"wp","href":"https:\/\/api.w.org\/{rel}","templated":true}]}}