{"id":11256075,"date":"2024-01-15T11:41:17","date_gmt":"2024-01-15T10:41:17","guid":{"rendered":"https:\/\/kapitalis.com\/tunisie\/?p=11256075"},"modified":"2024-01-15T11:41:20","modified_gmt":"2024-01-15T10:41:20","slug":"tunisie-lopposition-en-rangs-toujours-disperses","status":"publish","type":"post","link":"https:\/\/kapitalis.com\/tunisie\/2024\/01\/15\/tunisie-lopposition-en-rangs-toujours-disperses\/","title":{"rendered":"Tunisie\u00a0: l\u2019opposition en rangs \u00a0(toujours) dispers\u00e9s"},"content":{"rendered":"\n<p><strong><em>M\u00eame si la plupart de ses figures majeures sont incarc\u00e9r\u00e9s depuis bient\u00f4t un an, poursuivies dans une vague affaire de complot contre l\u2019Etat, l\u2019opposition au r\u00e9gime d\u2019exception mis en place par le pr\u00e9sident Ka\u00efs Sa\u00efed continue, tant bien que mal, d\u2019exister et de faire entendre sa voix.<\/em><\/strong><\/p>\n\n\n\n<p>Par <strong>Imed Bahri<\/strong><\/p>\n\n\n\n<!--more-->\n\n\n\n<p>Cette voix est encore peu audible, les Tunisiens affichant une d\u00e9saffection et un d\u00e9sint\u00e9r\u00eat vis-\u00e0-vis de la politique en g\u00e9n\u00e9ral et de l\u2019\u00e9lite ayant gouvern\u00e9 le pays entre 2011 et 2019 en particulier, mais elle continue de s\u2019exprimer, de critiquer ce qu\u2019elle consid\u00e8re comme une d\u00e9rive autoritaire du r\u00e9gime et de d\u00e9noncer la situation \u00e9conomique et sociale qui ne cesse de se d\u00e9t\u00e9riorer. <\/p>\n\n\n\n<p>Ces griefs, qui sont r\u00e9els, ne semblent cependant pas encore rencontrer un \u00e9cho aupr\u00e8s des populations, davantage pr\u00e9occup\u00e9es par la baisse de leur pouvoir d\u2019achat et les p\u00e9nuries des produits de premi\u00e8re n\u00e9cessit\u00e9.<\/p>\n\n\n\n<p>Hier, dimanche 14 janvier 2024, des groupes de l\u2019opposition ont tenu \u00e0 descendre dans la rue pour c\u00e9l\u00e9brer le 13<sup>e<\/sup> anniversaire de la <em>\u00abr\u00e9volution du jasmin\u00bb<\/em>, mais si leurs revendications pouvaient para\u00eetre l\u00e9gitimes, notamment celles relatives aux droits et aux libert\u00e9s, clairement musel\u00e9s depuis la proclamation de l\u2019\u00e9tat d\u2019exception par le pr\u00e9sident Sa\u00efed, le 25 juillet 2021, ils \u00e9taient divis\u00e9s et leur incapacit\u00e9 \u00e0 se rassembler en un front commun et \u00e0 parler d\u2019une m\u00eame voix les emp\u00eachent de susciter une r\u00e9elle adh\u00e9sion du grand public.<\/p>\n\n\n\n<h2 class=\"wp-block-heading\">Probl\u00e8mes rest\u00e9s en suspens<\/h2>\n\n\n\n<p>On a ainsi vu parader les m\u00eames dirigeants qui, au cours des treize derni\u00e8res ann\u00e9es, ont \u00e9t\u00e9 sur les devants de la sc\u00e8ne, notamment ceux d\u2019entre eux qui ont associ\u00e9s au pouvoir de pr\u00e8s ou de loin et dont le bilan n\u2019\u00e9tait pas meilleur que celui de l\u2019actuel locataire du palais de Carthage.<\/p>\n\n\n\n<p>Le coordonnateur g\u00e9n\u00e9ral de la Coalition Soumoud, Houssem El-Hammi, a beau exhorter <em>\u00ables forces d\u00e9mocratiques \u00e0 trouver des solutions alternatives pour sortir le pays de la crise actuelle et r\u00e9soudre ses probl\u00e8mes rest\u00e9s en suspens\u00bb<\/em>, on ne peut pas dire qu\u2019ils ont r\u00e9ussi, lui et ses camarades, \u00e0 se rallier un grand nombre des Tunisiens.<\/p>\n\n\n\n<p>El-Hammi s\u2019exprimait lors d\u2019un rassemblement organis\u00e9 dimanche devant le Th\u00e9\u00e2tre municipal de Tunis par une vague Coordination des forces d\u00e9mocratiques progressistes et un incertain Forum des forces d\u00e9mocratiques, tous deux en cours de constitution et dont la mission et le statut restent inintelligibles pour beaucoup de Tunisiens : partis, mouvements, fronts ou simples coordinations pour mener des activit\u00e9s conjointes?<\/p>\n\n\n\n<p>En organisant des marches s\u00e9par\u00e9ment, pour marquer leurs diff\u00e9rences et leurs divergences, le Front du salut national et la Coordination nationale des forces d\u00e9mocratiques n\u2019ont pas r\u00e9ussi \u00e0 mobiliser un grand nombre de citoyens autour de leurs actions respectives, d\u2019autant que la majorit\u00e9 des Tunisiens se m\u00e9fient des \u00e9lites politiques et intellectuelles et ne se reconnaissent pas dans leur combat pour les droits et les libert\u00e9s. \u00a0\u00a0<\/p>\n\n\n\n<p>El-Hammi a indiqu\u00e9 que le Forum des forces d\u00e9mocratiques et la Coordination des forces d\u00e9mocratiques progressistes, deux <em>\u00abmachins\u00bb<\/em> dont on a du mal \u00e0 identifier les convergences et les divergences, s\u2019engagent \u00e0 proposer des alternatives qui contribueront \u00e0 remettre le pays sur la voie du pays, alternatives qui, soit dit en passant, restent \u00e0 \u00e9laborer comme si la crise que traverse le pays peut encore supporter des palabres \u00e0 n\u2019en plus finir.<\/p>\n\n\n\n<p>Le secr\u00e9taire g\u00e9n\u00e9ral du Courant d\u00e9mocrate Nabil Hajji a affirm\u00e9, de son c\u00f4t\u00e9, que toutes les forces d\u00e9mocratiques soutiennent les revendications sociales de la r\u00e9volution tunisienne, principalement la dignit\u00e9 et la libert\u00e9, laissant entendre, bien s\u00fbr, que les islamistes du mouvement Ennahdha et les lib\u00e9raux du Parti destourien libre (PDL), dont les principaux dirigeants sont en prison, notamment Rached Ghannouchi et Abir Moussi, ne pourront pas faire partie des deux <em>\u00abmachins\u00bb<\/em> ci-haut cit\u00e9s.<\/p>\n\n\n\n<h2 class=\"wp-block-heading\">Hors de course<\/h2>\n\n\n\n<p>Le secr\u00e9taire g\u00e9n\u00e9ral du Parti des Travailleurs, Hamma Hammami, a pour sa part, appel\u00e9 \u00e0 sauvegarder les acquis de la r\u00e9volution tunisienne du 14 janvier 2011 qui, selon lui, m\u00e9rite d\u2019\u00eatre c\u00e9l\u00e9br\u00e9e par tous les Tunisiens, r\u00e9duisant ainsi les probl\u00e8mes du pays \u00e0 une simple querelle de dates, sachant que le pr\u00e9sident Sa\u00efed consid\u00e8re celle du 17 d\u00e9cembre 2010 comme marquant le d\u00e9clenchement de la r\u00e9volution en question.<\/p>\n\n\n\n<p><em>\u00abMalgr\u00e9 les tentatives visant \u00e0 c\u00e9l\u00e9brer la r\u00e9volution le 17 d\u00e9cembre au lieu du 14 janvier, la volont\u00e9 du peuple tunisien d\u2019\u00e9tablir un r\u00e9gime d\u00e9mocratique et de faire respecter l\u2019Etat de droit reste in\u00e9branlable\u00bb<\/em>, a d\u00e9clar\u00e9 le parti Afek Tounes, dans un communiqu\u00e9 de presse publi\u00e9 dimanche. <em>\u00abIl n\u2019y aura pas de retour en arri\u00e8re en raison du populisme et de la d\u00e9mocratie populaire\u00bb<\/em>, a ajout\u00e9 le parti (aujourd\u2019hui dirig\u00e9 par Rim Mahjoub, apr\u00e8s la d\u00e9mission de Fadhel Abdelkefi), faisant ainsi allusion au r\u00e9gime mis en place par le pr\u00e9sident Sa\u00efed au lendemain de la proclamation de l\u2019\u00e9tat d\u2019exception, le 25 juillet 2021.<\/p>\n\n\n\n<p>Afek Tounes a \u00e9galement d\u00e9nonc\u00e9 <em>\u00ables restrictions \u00e0 la libert\u00e9\u00bb<\/em> et <em>\u00abun retour \u00e0 l\u2019autoritarisme\u00bb<\/em> et d\u00e9clar\u00e9 que <em>\u00ables revendications du peuple tunisien, \u00e0 savoir la dignit\u00e9, la libert\u00e9 et la lutte contre la corruption, ne peuvent \u00eatre satisfaites dans un syst\u00e8me politique autoritaire\u00bb, <\/em>se disant <em>\u00abd\u00e9termin\u00e9 \u00e0 r\u00e9pondre aux aspirations des Tunisiens \u00e0 un Etat moderne et libre, capable de garantir une vie d\u00e9cente au peuple et la primaut\u00e9 du droit et du pluralisme\u00bb.<\/em> <\/p>\n\n\n\n<p>Au-del\u00e0 de ces d\u00e9clarations d\u2019intention et de ces promesses qui ne semblent pas mobiliser beaucoup de monde, le pr\u00e9sident de la r\u00e9publique continue de faire cavalier seul et, \u00e0 moins d\u2019un an de la prochaine pr\u00e9sidentielle, tout semble indiquer qu\u2019il sera le principal sinon le seul candidat \u00e0 sa propre succession, les sondeurs d\u2019opinion continuant \u00e0 le donner comme \u00e9tant en t\u00eate des intentions de vote pour la prochaine pr\u00e9sidentielle, la plupart de ses adversaires potentiels \u00e9tant presque tous hors course.<\/p>\n\n\n\n<figure class=\"wp-block-embed is-type-wp-embed is-provider-kapitalis wp-block-embed-kapitalis\"><div class=\"wp-block-embed__wrapper\">\n<blockquote class=\"wp-embedded-content\" data-secret=\"CNc6rBE566\"><a href=\"https:\/\/kapitalis.com\/tunisie\/2024\/01\/15\/tunisie-kais-saied-en-precampagne-electorale-video\/\">Tunisie\u00a0: Ka\u00efs Sa\u00efed en pr\u00e9campagne \u00e9lectorale (Vid\u00e9o)<\/a><\/blockquote><iframe loading=\"lazy\" class=\"wp-embedded-content\" sandbox=\"allow-scripts\" security=\"restricted\" style=\"position: absolute; clip: rect(1px, 1px, 1px, 1px);\" title=\"\u00ab\u00a0Tunisie\u00a0: Ka\u00efs Sa\u00efed en pr\u00e9campagne \u00e9lectorale (Vid\u00e9o)\u00a0\u00bb &#8212; Kapitalis\" src=\"https:\/\/kapitalis.com\/tunisie\/2024\/01\/15\/tunisie-kais-saied-en-precampagne-electorale-video\/embed\/#?secret=saYgoWt7Yl#?secret=CNc6rBE566\" data-secret=\"CNc6rBE566\" width=\"600\" height=\"338\" frameborder=\"0\" marginwidth=\"0\" marginheight=\"0\" scrolling=\"no\"><\/iframe>\n<\/div><\/figure>\n","protected":false},"excerpt":{"rendered":"<p>L\u2019opposition au r\u00e9gime d\u2019exception mis en place par le pr\u00e9sident Ka\u00efs Sa\u00efed continue, tant bien que mal, de faire entendre sa voix.<\/p>\n","protected":false},"author":8,"featured_media":11256182,"comment_status":"open","ping_status":"open","sticky":false,"template":"","format":"standard","meta":{"footnotes":""},"categories":[992,997,2433],"tags":[86497,4568,99232,49543,15773,437,113393,76012,67418,12499,62643],"class_list":["post-11256075","post","type-post","status-publish","format-standard","has-post-thumbnail","hentry","category-a-la-une","category-politique","category-tunisie","tag-14-janvier-2011","tag-afek-tounes","tag-coalition-soumoud","tag-ennahdha","tag-fadhel-abdelkefi","tag-hamma-hammami","tag-houssem-el-hammi","tag-kais-saied-2","tag-nabil-hajji","tag-rim-mahjoub","tag-tunisie"],"yoast_head":"<!-- This site is optimized with the Yoast SEO plugin v26.6 - https:\/\/yoast.com\/wordpress\/plugins\/seo\/ -->\n<title>Tunisie\u00a0: l\u2019opposition en rangs \u00a0(toujours) dispers\u00e9s - Kapitalis<\/title>\n<meta name=\"robots\" content=\"index, follow, max-snippet:-1, max-image-preview:large, max-video-preview:-1\" \/>\n<link rel=\"canonical\" href=\"https:\/\/kapitalis.com\/tunisie\/2024\/01\/15\/tunisie-lopposition-en-rangs-toujours-disperses\/\" \/>\n<meta property=\"og:locale\" content=\"fr_FR\" \/>\n<meta property=\"og:type\" content=\"article\" \/>\n<meta property=\"og:title\" content=\"Tunisie\u00a0: l\u2019opposition en rangs \u00a0(toujours) dispers\u00e9s - Kapitalis\" \/>\n<meta property=\"og:description\" content=\"L\u2019opposition au r\u00e9gime d\u2019exception mis en place par le pr\u00e9sident Ka\u00efs Sa\u00efed continue, tant bien que mal, de faire entendre sa voix.\" \/>\n<meta property=\"og:url\" content=\"https:\/\/kapitalis.com\/tunisie\/2024\/01\/15\/tunisie-lopposition-en-rangs-toujours-disperses\/\" \/>\n<meta property=\"og:site_name\" content=\"Kapitalis\" \/>\n<meta property=\"article:publisher\" content=\"https:\/\/www.facebook.com\/KapitalisInfo\/\" \/>\n<meta property=\"article:published_time\" content=\"2024-01-15T10:41:17+00:00\" \/>\n<meta property=\"article:modified_time\" content=\"2024-01-15T10:41:20+00:00\" \/>\n<meta property=\"og:image\" content=\"https:\/\/kapitalis.com\/tunisie\/wp-content\/uploads\/2024\/01\/Soumoud-FSN.jpg\" \/>\n\t<meta property=\"og:image:width\" content=\"1200\" \/>\n\t<meta property=\"og:image:height\" content=\"630\" \/>\n\t<meta property=\"og:image:type\" content=\"image\/jpeg\" \/>\n<meta name=\"author\" content=\"webmaster kapitalis\" \/>\n<meta name=\"twitter:card\" content=\"summary_large_image\" \/>\n<meta name=\"twitter:creator\" content=\"@KapitalisInfo\" \/>\n<meta name=\"twitter:site\" content=\"@KapitalisInfo\" \/>\n<meta name=\"twitter:label1\" content=\"\u00c9crit par\" \/>\n\t<meta name=\"twitter:data1\" content=\"webmaster kapitalis\" \/>\n\t<meta name=\"twitter:label2\" content=\"Dur\u00e9e de lecture estim\u00e9e\" \/>\n\t<meta name=\"twitter:data2\" content=\"6 minutes\" \/>\n<script type=\"application\/ld+json\" class=\"yoast-schema-graph\">{\"@context\":\"https:\/\/schema.org\",\"@graph\":[{\"@type\":\"Article\",\"@id\":\"https:\/\/kapitalis.com\/tunisie\/2024\/01\/15\/tunisie-lopposition-en-rangs-toujours-disperses\/#article\",\"isPartOf\":{\"@id\":\"https:\/\/kapitalis.com\/tunisie\/2024\/01\/15\/tunisie-lopposition-en-rangs-toujours-disperses\/\"},\"author\":{\"name\":\"webmaster kapitalis\",\"@id\":\"https:\/\/kapitalis.com\/tunisie\/#\/schema\/person\/d71f33a9ca44f7bad4698210b480c8e9\"},\"headline\":\"Tunisie\u00a0: l\u2019opposition en rangs \u00a0(toujours) dispers\u00e9s\",\"datePublished\":\"2024-01-15T10:41:17+00:00\",\"dateModified\":\"2024-01-15T10:41:20+00:00\",\"mainEntityOfPage\":{\"@id\":\"https:\/\/kapitalis.com\/tunisie\/2024\/01\/15\/tunisie-lopposition-en-rangs-toujours-disperses\/\"},\"wordCount\":1077,\"commentCount\":2,\"publisher\":{\"@id\":\"https:\/\/kapitalis.com\/tunisie\/#organization\"},\"image\":{\"@id\":\"https:\/\/kapitalis.com\/tunisie\/2024\/01\/15\/tunisie-lopposition-en-rangs-toujours-disperses\/#primaryimage\"},\"thumbnailUrl\":\"https:\/\/kapitalis.com\/tunisie\/wp-content\/uploads\/2024\/01\/Soumoud-FSN.jpg\",\"keywords\":[\"14 janvier 2011\",\"Afek Tounes\",\"Coalition Soumoud\",\"Ennahdha\",\"Fadhel Abdelkefi\",\"Hamma Hammami\",\"Houssem El-Hammi\",\"Ka\u00efs Sa\u00efed\",\"Nabil Hajji\",\"Rim Mahjoub\",\"Tunisie\"],\"articleSection\":[\"A LA UNE\",\"POLITIQUE\",\"Tunisie\"],\"inLanguage\":\"fr-FR\",\"potentialAction\":[{\"@type\":\"CommentAction\",\"name\":\"Comment\",\"target\":[\"https:\/\/kapitalis.com\/tunisie\/2024\/01\/15\/tunisie-lopposition-en-rangs-toujours-disperses\/#respond\"]}]},{\"@type\":\"WebPage\",\"@id\":\"https:\/\/kapitalis.com\/tunisie\/2024\/01\/15\/tunisie-lopposition-en-rangs-toujours-disperses\/\",\"url\":\"https:\/\/kapitalis.com\/tunisie\/2024\/01\/15\/tunisie-lopposition-en-rangs-toujours-disperses\/\",\"name\":\"Tunisie\u00a0: l\u2019opposition en rangs \u00a0(toujours) dispers\u00e9s - Kapitalis\",\"isPartOf\":{\"@id\":\"https:\/\/kapitalis.com\/tunisie\/#website\"},\"primaryImageOfPage\":{\"@id\":\"https:\/\/kapitalis.com\/tunisie\/2024\/01\/15\/tunisie-lopposition-en-rangs-toujours-disperses\/#primaryimage\"},\"image\":{\"@id\":\"https:\/\/kapitalis.com\/tunisie\/2024\/01\/15\/tunisie-lopposition-en-rangs-toujours-disperses\/#primaryimage\"},\"thumbnailUrl\":\"https:\/\/kapitalis.com\/tunisie\/wp-content\/uploads\/2024\/01\/Soumoud-FSN.jpg\",\"datePublished\":\"2024-01-15T10:41:17+00:00\",\"dateModified\":\"2024-01-15T10:41:20+00:00\",\"breadcrumb\":{\"@id\":\"https:\/\/kapitalis.com\/tunisie\/2024\/01\/15\/tunisie-lopposition-en-rangs-toujours-disperses\/#breadcrumb\"},\"inLanguage\":\"fr-FR\",\"potentialAction\":[{\"@type\":\"ReadAction\",\"target\":[\"https:\/\/kapitalis.com\/tunisie\/2024\/01\/15\/tunisie-lopposition-en-rangs-toujours-disperses\/\"]}]},{\"@type\":\"ImageObject\",\"inLanguage\":\"fr-FR\",\"@id\":\"https:\/\/kapitalis.com\/tunisie\/2024\/01\/15\/tunisie-lopposition-en-rangs-toujours-disperses\/#primaryimage\",\"url\":\"https:\/\/kapitalis.com\/tunisie\/wp-content\/uploads\/2024\/01\/Soumoud-FSN.jpg\",\"contentUrl\":\"https:\/\/kapitalis.com\/tunisie\/wp-content\/uploads\/2024\/01\/Soumoud-FSN.jpg\",\"width\":1200,\"height\":630},{\"@type\":\"BreadcrumbList\",\"@id\":\"https:\/\/kapitalis.com\/tunisie\/2024\/01\/15\/tunisie-lopposition-en-rangs-toujours-disperses\/#breadcrumb\",\"itemListElement\":[{\"@type\":\"ListItem\",\"position\":1,\"name\":\"Accueil\",\"item\":\"https:\/\/kapitalis.com\/tunisie\/\"},{\"@type\":\"ListItem\",\"position\":2,\"name\":\"Tunisie\u00a0: l\u2019opposition en rangs \u00a0(toujours) dispers\u00e9s\"}]},{\"@type\":\"WebSite\",\"@id\":\"https:\/\/kapitalis.com\/tunisie\/#website\",\"url\":\"https:\/\/kapitalis.com\/tunisie\/\",\"name\":\"Kapitalis\",\"description\":\"L&#039;actualit\u00e9 en Tunisie et dans le monde\",\"publisher\":{\"@id\":\"https:\/\/kapitalis.com\/tunisie\/#organization\"},\"potentialAction\":[{\"@type\":\"SearchAction\",\"target\":{\"@type\":\"EntryPoint\",\"urlTemplate\":\"https:\/\/kapitalis.com\/tunisie\/?s={search_term_string}\"},\"query-input\":{\"@type\":\"PropertyValueSpecification\",\"valueRequired\":true,\"valueName\":\"search_term_string\"}}],\"inLanguage\":\"fr-FR\"},{\"@type\":\"Organization\",\"@id\":\"https:\/\/kapitalis.com\/tunisie\/#organization\",\"name\":\"Kapitalis\",\"url\":\"https:\/\/kapitalis.com\/tunisie\/\",\"logo\":{\"@type\":\"ImageObject\",\"inLanguage\":\"fr-FR\",\"@id\":\"https:\/\/kapitalis.com\/tunisie\/#\/schema\/logo\/image\/\",\"url\":\"https:\/\/kapitalis.com\/tunisie\/wp-content\/uploads\/2022\/05\/Kapitalis-big-size.png\",\"contentUrl\":\"https:\/\/kapitalis.com\/tunisie\/wp-content\/uploads\/2022\/05\/Kapitalis-big-size.png\",\"width\":5000,\"height\":1500,\"caption\":\"Kapitalis\"},\"image\":{\"@id\":\"https:\/\/kapitalis.com\/tunisie\/#\/schema\/logo\/image\/\"},\"sameAs\":[\"https:\/\/www.facebook.com\/KapitalisInfo\/\",\"https:\/\/x.com\/KapitalisInfo\",\"https:\/\/www.youtube.com\/channel\/UC-yDYrHyfFBWWZaOw3FPg9Q\"]},{\"@type\":\"Person\",\"@id\":\"https:\/\/kapitalis.com\/tunisie\/#\/schema\/person\/d71f33a9ca44f7bad4698210b480c8e9\",\"name\":\"webmaster kapitalis\",\"url\":\"https:\/\/kapitalis.com\/tunisie\/author\/webmaster-kapitalis\/\"}]}<\/script>\n<!-- \/ Yoast SEO plugin. -->","yoast_head_json":{"title":"Tunisie\u00a0: l\u2019opposition en rangs \u00a0(toujours) dispers\u00e9s - Kapitalis","robots":{"index":"index","follow":"follow","max-snippet":"max-snippet:-1","max-image-preview":"max-image-preview:large","max-video-preview":"max-video-preview:-1"},"canonical":"https:\/\/kapitalis.com\/tunisie\/2024\/01\/15\/tunisie-lopposition-en-rangs-toujours-disperses\/","og_locale":"fr_FR","og_type":"article","og_title":"Tunisie\u00a0: l\u2019opposition en rangs \u00a0(toujours) dispers\u00e9s - Kapitalis","og_description":"L\u2019opposition au r\u00e9gime d\u2019exception mis en place par le pr\u00e9sident Ka\u00efs Sa\u00efed continue, tant bien que mal, de faire entendre sa voix.","og_url":"https:\/\/kapitalis.com\/tunisie\/2024\/01\/15\/tunisie-lopposition-en-rangs-toujours-disperses\/","og_site_name":"Kapitalis","article_publisher":"https:\/\/www.facebook.com\/KapitalisInfo\/","article_published_time":"2024-01-15T10:41:17+00:00","article_modified_time":"2024-01-15T10:41:20+00:00","og_image":[{"width":1200,"height":630,"url":"https:\/\/kapitalis.com\/tunisie\/wp-content\/uploads\/2024\/01\/Soumoud-FSN.jpg","type":"image\/jpeg"}],"author":"webmaster kapitalis","twitter_card":"summary_large_image","twitter_creator":"@KapitalisInfo","twitter_site":"@KapitalisInfo","twitter_misc":{"\u00c9crit par":"webmaster kapitalis","Dur\u00e9e de lecture estim\u00e9e":"6 minutes"},"schema":{"@context":"https:\/\/schema.org","@graph":[{"@type":"Article","@id":"https:\/\/kapitalis.com\/tunisie\/2024\/01\/15\/tunisie-lopposition-en-rangs-toujours-disperses\/#article","isPartOf":{"@id":"https:\/\/kapitalis.com\/tunisie\/2024\/01\/15\/tunisie-lopposition-en-rangs-toujours-disperses\/"},"author":{"name":"webmaster kapitalis","@id":"https:\/\/kapitalis.com\/tunisie\/#\/schema\/person\/d71f33a9ca44f7bad4698210b480c8e9"},"headline":"Tunisie\u00a0: l\u2019opposition en rangs \u00a0(toujours) dispers\u00e9s","datePublished":"2024-01-15T10:41:17+00:00","dateModified":"2024-01-15T10:41:20+00:00","mainEntityOfPage":{"@id":"https:\/\/kapitalis.com\/tunisie\/2024\/01\/15\/tunisie-lopposition-en-rangs-toujours-disperses\/"},"wordCount":1077,"commentCount":2,"publisher":{"@id":"https:\/\/kapitalis.com\/tunisie\/#organization"},"image":{"@id":"https:\/\/kapitalis.com\/tunisie\/2024\/01\/15\/tunisie-lopposition-en-rangs-toujours-disperses\/#primaryimage"},"thumbnailUrl":"https:\/\/kapitalis.com\/tunisie\/wp-content\/uploads\/2024\/01\/Soumoud-FSN.jpg","keywords":["14 janvier 2011","Afek Tounes","Coalition Soumoud","Ennahdha","Fadhel Abdelkefi","Hamma Hammami","Houssem El-Hammi","Ka\u00efs Sa\u00efed","Nabil Hajji","Rim Mahjoub","Tunisie"],"articleSection":["A LA UNE","POLITIQUE","Tunisie"],"inLanguage":"fr-FR","potentialAction":[{"@type":"CommentAction","name":"Comment","target":["https:\/\/kapitalis.com\/tunisie\/2024\/01\/15\/tunisie-lopposition-en-rangs-toujours-disperses\/#respond"]}]},{"@type":"WebPage","@id":"https:\/\/kapitalis.com\/tunisie\/2024\/01\/15\/tunisie-lopposition-en-rangs-toujours-disperses\/","url":"https:\/\/kapitalis.com\/tunisie\/2024\/01\/15\/tunisie-lopposition-en-rangs-toujours-disperses\/","name":"Tunisie\u00a0: l\u2019opposition en rangs \u00a0(toujours) dispers\u00e9s - Kapitalis","isPartOf":{"@id":"https:\/\/kapitalis.com\/tunisie\/#website"},"primaryImageOfPage":{"@id":"https:\/\/kapitalis.com\/tunisie\/2024\/01\/15\/tunisie-lopposition-en-rangs-toujours-disperses\/#primaryimage"},"image":{"@id":"https:\/\/kapitalis.com\/tunisie\/2024\/01\/15\/tunisie-lopposition-en-rangs-toujours-disperses\/#primaryimage"},"thumbnailUrl":"https:\/\/kapitalis.com\/tunisie\/wp-content\/uploads\/2024\/01\/Soumoud-FSN.jpg","datePublished":"2024-01-15T10:41:17+00:00","dateModified":"2024-01-15T10:41:20+00:00","breadcrumb":{"@id":"https:\/\/kapitalis.com\/tunisie\/2024\/01\/15\/tunisie-lopposition-en-rangs-toujours-disperses\/#breadcrumb"},"inLanguage":"fr-FR","potentialAction":[{"@type":"ReadAction","target":["https:\/\/kapitalis.com\/tunisie\/2024\/01\/15\/tunisie-lopposition-en-rangs-toujours-disperses\/"]}]},{"@type":"ImageObject","inLanguage":"fr-FR","@id":"https:\/\/kapitalis.com\/tunisie\/2024\/01\/15\/tunisie-lopposition-en-rangs-toujours-disperses\/#primaryimage","url":"https:\/\/kapitalis.com\/tunisie\/wp-content\/uploads\/2024\/01\/Soumoud-FSN.jpg","contentUrl":"https:\/\/kapitalis.com\/tunisie\/wp-content\/uploads\/2024\/01\/Soumoud-FSN.jpg","width":1200,"height":630},{"@type":"BreadcrumbList","@id":"https:\/\/kapitalis.com\/tunisie\/2024\/01\/15\/tunisie-lopposition-en-rangs-toujours-disperses\/#breadcrumb","itemListElement":[{"@type":"ListItem","position":1,"name":"Accueil","item":"https:\/\/kapitalis.com\/tunisie\/"},{"@type":"ListItem","position":2,"name":"Tunisie\u00a0: l\u2019opposition en rangs \u00a0(toujours) dispers\u00e9s"}]},{"@type":"WebSite","@id":"https:\/\/kapitalis.com\/tunisie\/#website","url":"https:\/\/kapitalis.com\/tunisie\/","name":"Kapitalis","description":"L&#039;actualit\u00e9 en Tunisie et dans le monde","publisher":{"@id":"https:\/\/kapitalis.com\/tunisie\/#organization"},"potentialAction":[{"@type":"SearchAction","target":{"@type":"EntryPoint","urlTemplate":"https:\/\/kapitalis.com\/tunisie\/?s={search_term_string}"},"query-input":{"@type":"PropertyValueSpecification","valueRequired":true,"valueName":"search_term_string"}}],"inLanguage":"fr-FR"},{"@type":"Organization","@id":"https:\/\/kapitalis.com\/tunisie\/#organization","name":"Kapitalis","url":"https:\/\/kapitalis.com\/tunisie\/","logo":{"@type":"ImageObject","inLanguage":"fr-FR","@id":"https:\/\/kapitalis.com\/tunisie\/#\/schema\/logo\/image\/","url":"https:\/\/kapitalis.com\/tunisie\/wp-content\/uploads\/2022\/05\/Kapitalis-big-size.png","contentUrl":"https:\/\/kapitalis.com\/tunisie\/wp-content\/uploads\/2022\/05\/Kapitalis-big-size.png","width":5000,"height":1500,"caption":"Kapitalis"},"image":{"@id":"https:\/\/kapitalis.com\/tunisie\/#\/schema\/logo\/image\/"},"sameAs":["https:\/\/www.facebook.com\/KapitalisInfo\/","https:\/\/x.com\/KapitalisInfo","https:\/\/www.youtube.com\/channel\/UC-yDYrHyfFBWWZaOw3FPg9Q"]},{"@type":"Person","@id":"https:\/\/kapitalis.com\/tunisie\/#\/schema\/person\/d71f33a9ca44f7bad4698210b480c8e9","name":"webmaster kapitalis","url":"https:\/\/kapitalis.com\/tunisie\/author\/webmaster-kapitalis\/"}]}},"_links":{"self":[{"href":"https:\/\/kapitalis.com\/tunisie\/wp-json\/wp\/v2\/posts\/11256075","targetHints":{"allow":["GET"]}}],"collection":[{"href":"https:\/\/kapitalis.com\/tunisie\/wp-json\/wp\/v2\/posts"}],"about":[{"href":"https:\/\/kapitalis.com\/tunisie\/wp-json\/wp\/v2\/types\/post"}],"author":[{"embeddable":true,"href":"https:\/\/kapitalis.com\/tunisie\/wp-json\/wp\/v2\/users\/8"}],"replies":[{"embeddable":true,"href":"https:\/\/kapitalis.com\/tunisie\/wp-json\/wp\/v2\/comments?post=11256075"}],"version-history":[{"count":1,"href":"https:\/\/kapitalis.com\/tunisie\/wp-json\/wp\/v2\/posts\/11256075\/revisions"}],"predecessor-version":[{"id":11256228,"href":"https:\/\/kapitalis.com\/tunisie\/wp-json\/wp\/v2\/posts\/11256075\/revisions\/11256228"}],"wp:featuredmedia":[{"embeddable":true,"href":"https:\/\/kapitalis.com\/tunisie\/wp-json\/wp\/v2\/media\/11256182"}],"wp:attachment":[{"href":"https:\/\/kapitalis.com\/tunisie\/wp-json\/wp\/v2\/media?parent=11256075"}],"wp:term":[{"taxonomy":"category","embeddable":true,"href":"https:\/\/kapitalis.com\/tunisie\/wp-json\/wp\/v2\/categories?post=11256075"},{"taxonomy":"post_tag","embeddable":true,"href":"https:\/\/kapitalis.com\/tunisie\/wp-json\/wp\/v2\/tags?post=11256075"}],"curies":[{"name":"wp","href":"https:\/\/api.w.org\/{rel}","templated":true}]}}