{"id":11298,"date":"2015-08-28T18:03:35","date_gmt":"2015-08-28T17:03:35","guid":{"rendered":"http:\/\/kapitalis.com\/tunisie\/?p=11298"},"modified":"2015-08-31T19:20:20","modified_gmt":"2015-08-31T18:20:20","slug":"concert-pour-la-paix-de-la-tunisie","status":"publish","type":"post","link":"https:\/\/kapitalis.com\/tunisie\/2015\/08\/28\/concert-pour-la-paix-de-la-tunisie\/","title":{"rendered":"Concert pour la paix de la Tunisie"},"content":{"rendered":"<p><center><iframe loading=\"lazy\" id=\"div1\" src=\"https:\/\/www.youtube.com\/embed\/cAgt1Yvg9-k\n?rel=0&amp;iv_load_policy=3&amp;showinfo=0&amp;modestbranding=1&amp;fs=0\" width=\"699\" height=\"394\" frameborder=\"0\" allowfullscreen=\"allowfullscreen\"><\/iframe><\/center><\/p>\n<p>La journaliste et touriste allemande Carmen Hentshel vient d&rsquo;annoncer, sur les ondes de Mozaique Fm, la tenue, samedi 29 ao\u00fbt 2015, d&rsquo;un concert baptis\u00e9 \u00ab\u00a0pour la paix de la Tunisie\u00a0\u00bb; un Gala de charit\u00e9 au profit de la campagne \u00ab\u00a0for peace tunisia\u00a0\u00bb que Hentshel a fond\u00e9e en 2015, juste apr\u00e8s l&rsquo;attaque terroriste de Sousse.<\/p>\n<p>Au programme de cette manifestation, qui aura lieu \u00e0 partir de 20h30 \u00e0 l&rsquo;Hotel Concorde aux Berges du Lac, la chanteuse DUSTY et le pianiste MIKEY du Duo Musical suisse Dust of Soul, en collaboration avec le violencelliste tunisien MOHAMED AMINE BEN SMIDA de l&rsquo;Orchestre Symphonique de Tunis.<\/p>\n<p>L&rsquo;entr\u00e9e est gratuite<\/p>\n<p><a href=\"https:\/\/www.facebook.com\/events\/1462857947353892\/?ref_newsfeed_story_type=regular&#038;action_history=null&#038;source=3&#038;source_newsfeed_story_type=regular\" target=\"_blank\">Cliquez ici pour plus d&rsquo;information sur ce concert.<\/a><\/p>\n<p>&nbsp;<\/p>\n<p>&nbsp;<\/p>\n<p style=\"text-align: right;\"><strong>H. Attia<\/strong><\/p>\n","protected":false},"excerpt":{"rendered":"<p>La journaliste et touriste allemande Carmen Hentshel vient d&rsquo;annoncer, sur les ondes de Mozaique Fm, la tenue, samedi 29 ao\u00fbt 2015, d&rsquo;un concert baptis\u00e9 \u00ab\u00a0pour la paix de la Tunisie\u00a0\u00bb; un Gala de charit\u00e9 au profit de la campagne \u00ab\u00a0for peace tunisia\u00a0\u00bb que Hentshel a fond\u00e9e en 2015, juste apr\u00e8s l&rsquo;attaque terroriste de Sousse. Au&#8230;<\/p>\n","protected":false},"author":13,"featured_media":11302,"comment_status":"open","ping_status":"open","sticky":false,"template":"","format":"standard","meta":{"footnotes":""},"categories":[4806],"tags":[],"class_list":["post-11298","post","type-post","status-publish","format-standard","has-post-thumbnail","hentry","category-videos"],"yoast_head":"<!-- This site is optimized with the Yoast SEO plugin v26.6 - https:\/\/yoast.com\/wordpress\/plugins\/seo\/ -->\n<title>Concert pour la paix de la Tunisie - Kapitalis<\/title>\n<meta name=\"robots\" content=\"index, follow, max-snippet:-1, max-image-preview:large, max-video-preview:-1\" \/>\n<link rel=\"canonical\" href=\"https:\/\/kapitalis.com\/tunisie\/2015\/08\/28\/concert-pour-la-paix-de-la-tunisie\/\" \/>\n<meta property=\"og:locale\" content=\"fr_FR\" \/>\n<meta property=\"og:type\" content=\"article\" \/>\n<meta property=\"og:title\" content=\"Concert pour la paix de la Tunisie - Kapitalis\" \/>\n<meta property=\"og:description\" content=\"La journaliste et touriste allemande Carmen Hentshel vient d&rsquo;annoncer, sur les ondes de Mozaique Fm, la tenue, samedi 29 ao\u00fbt 2015, d&rsquo;un concert baptis\u00e9 \u00ab\u00a0pour la paix de la Tunisie\u00a0\u00bb; un Gala de charit\u00e9 au profit de la campagne \u00ab\u00a0for peace tunisia\u00a0\u00bb que Hentshel a fond\u00e9e en 2015, juste apr\u00e8s l&rsquo;attaque terroriste de Sousse. Au...\" \/>\n<meta property=\"og:url\" content=\"https:\/\/kapitalis.com\/tunisie\/2015\/08\/28\/concert-pour-la-paix-de-la-tunisie\/\" \/>\n<meta property=\"og:site_name\" content=\"Kapitalis\" \/>\n<meta property=\"article:publisher\" content=\"https:\/\/www.facebook.com\/KapitalisInfo\/\" \/>\n<meta property=\"article:published_time\" content=\"2015-08-28T17:03:35+00:00\" \/>\n<meta property=\"article:modified_time\" content=\"2015-08-31T18:20:20+00:00\" \/>\n<meta property=\"og:image\" content=\"https:\/\/kapitalis.com\/tunisie\/wp-content\/uploads\/2022\/05\/kapitalis-logo-fb.png\" \/>\n\t<meta property=\"og:image:width\" content=\"1200\" \/>\n\t<meta property=\"og:image:height\" content=\"630\" \/>\n\t<meta property=\"og:image:type\" content=\"image\/png\" \/>\n<meta name=\"author\" content=\"webmaster aux\" \/>\n<meta name=\"twitter:card\" content=\"summary_large_image\" \/>\n<meta name=\"twitter:creator\" content=\"@KapitalisInfo\" \/>\n<meta name=\"twitter:site\" content=\"@KapitalisInfo\" \/>\n<meta name=\"twitter:label1\" content=\"\u00c9crit par\" \/>\n\t<meta name=\"twitter:data1\" content=\"webmaster aux\" \/>\n\t<meta name=\"twitter:label2\" content=\"Dur\u00e9e de lecture estim\u00e9e\" \/>\n\t<meta name=\"twitter:data2\" content=\"1 minute\" \/>\n<script type=\"application\/ld+json\" class=\"yoast-schema-graph\">{\"@context\":\"https:\/\/schema.org\",\"@graph\":[{\"@type\":\"Article\",\"@id\":\"https:\/\/kapitalis.com\/tunisie\/2015\/08\/28\/concert-pour-la-paix-de-la-tunisie\/#article\",\"isPartOf\":{\"@id\":\"https:\/\/kapitalis.com\/tunisie\/2015\/08\/28\/concert-pour-la-paix-de-la-tunisie\/\"},\"author\":{\"name\":\"webmaster aux\",\"@id\":\"https:\/\/kapitalis.com\/tunisie\/#\/schema\/person\/aa8b4a429805c4e3f0713a3c3f95212b\"},\"headline\":\"Concert pour la paix de la Tunisie\",\"datePublished\":\"2015-08-28T17:03:35+00:00\",\"dateModified\":\"2015-08-31T18:20:20+00:00\",\"mainEntityOfPage\":{\"@id\":\"https:\/\/kapitalis.com\/tunisie\/2015\/08\/28\/concert-pour-la-paix-de-la-tunisie\/\"},\"wordCount\":123,\"commentCount\":0,\"publisher\":{\"@id\":\"https:\/\/kapitalis.com\/tunisie\/#organization\"},\"image\":{\"@id\":\"https:\/\/kapitalis.com\/tunisie\/2015\/08\/28\/concert-pour-la-paix-de-la-tunisie\/#primaryimage\"},\"thumbnailUrl\":\"\",\"articleSection\":[\"VIDEOS\"],\"inLanguage\":\"fr-FR\",\"potentialAction\":[{\"@type\":\"CommentAction\",\"name\":\"Comment\",\"target\":[\"https:\/\/kapitalis.com\/tunisie\/2015\/08\/28\/concert-pour-la-paix-de-la-tunisie\/#respond\"]}]},{\"@type\":\"WebPage\",\"@id\":\"https:\/\/kapitalis.com\/tunisie\/2015\/08\/28\/concert-pour-la-paix-de-la-tunisie\/\",\"url\":\"https:\/\/kapitalis.com\/tunisie\/2015\/08\/28\/concert-pour-la-paix-de-la-tunisie\/\",\"name\":\"Concert pour la paix de la Tunisie - Kapitalis\",\"isPartOf\":{\"@id\":\"https:\/\/kapitalis.com\/tunisie\/#website\"},\"primaryImageOfPage\":{\"@id\":\"https:\/\/kapitalis.com\/tunisie\/2015\/08\/28\/concert-pour-la-paix-de-la-tunisie\/#primaryimage\"},\"image\":{\"@id\":\"https:\/\/kapitalis.com\/tunisie\/2015\/08\/28\/concert-pour-la-paix-de-la-tunisie\/#primaryimage\"},\"thumbnailUrl\":\"\",\"datePublished\":\"2015-08-28T17:03:35+00:00\",\"dateModified\":\"2015-08-31T18:20:20+00:00\",\"breadcrumb\":{\"@id\":\"https:\/\/kapitalis.com\/tunisie\/2015\/08\/28\/concert-pour-la-paix-de-la-tunisie\/#breadcrumb\"},\"inLanguage\":\"fr-FR\",\"potentialAction\":[{\"@type\":\"ReadAction\",\"target\":[\"https:\/\/kapitalis.com\/tunisie\/2015\/08\/28\/concert-pour-la-paix-de-la-tunisie\/\"]}]},{\"@type\":\"ImageObject\",\"inLanguage\":\"fr-FR\",\"@id\":\"https:\/\/kapitalis.com\/tunisie\/2015\/08\/28\/concert-pour-la-paix-de-la-tunisie\/#primaryimage\",\"url\":\"\",\"contentUrl\":\"\"},{\"@type\":\"BreadcrumbList\",\"@id\":\"https:\/\/kapitalis.com\/tunisie\/2015\/08\/28\/concert-pour-la-paix-de-la-tunisie\/#breadcrumb\",\"itemListElement\":[{\"@type\":\"ListItem\",\"position\":1,\"name\":\"Accueil\",\"item\":\"https:\/\/kapitalis.com\/tunisie\/\"},{\"@type\":\"ListItem\",\"position\":2,\"name\":\"Concert pour la paix de la Tunisie\"}]},{\"@type\":\"WebSite\",\"@id\":\"https:\/\/kapitalis.com\/tunisie\/#website\",\"url\":\"https:\/\/kapitalis.com\/tunisie\/\",\"name\":\"Kapitalis\",\"description\":\"L&#039;actualit\u00e9 en Tunisie et dans le monde\",\"publisher\":{\"@id\":\"https:\/\/kapitalis.com\/tunisie\/#organization\"},\"potentialAction\":[{\"@type\":\"SearchAction\",\"target\":{\"@type\":\"EntryPoint\",\"urlTemplate\":\"https:\/\/kapitalis.com\/tunisie\/?s={search_term_string}\"},\"query-input\":{\"@type\":\"PropertyValueSpecification\",\"valueRequired\":true,\"valueName\":\"search_term_string\"}}],\"inLanguage\":\"fr-FR\"},{\"@type\":\"Organization\",\"@id\":\"https:\/\/kapitalis.com\/tunisie\/#organization\",\"name\":\"Kapitalis\",\"url\":\"https:\/\/kapitalis.com\/tunisie\/\",\"logo\":{\"@type\":\"ImageObject\",\"inLanguage\":\"fr-FR\",\"@id\":\"https:\/\/kapitalis.com\/tunisie\/#\/schema\/logo\/image\/\",\"url\":\"https:\/\/kapitalis.com\/tunisie\/wp-content\/uploads\/2022\/05\/Kapitalis-big-size.png\",\"contentUrl\":\"https:\/\/kapitalis.com\/tunisie\/wp-content\/uploads\/2022\/05\/Kapitalis-big-size.png\",\"width\":5000,\"height\":1500,\"caption\":\"Kapitalis\"},\"image\":{\"@id\":\"https:\/\/kapitalis.com\/tunisie\/#\/schema\/logo\/image\/\"},\"sameAs\":[\"https:\/\/www.facebook.com\/KapitalisInfo\/\",\"https:\/\/x.com\/KapitalisInfo\",\"https:\/\/www.youtube.com\/channel\/UC-yDYrHyfFBWWZaOw3FPg9Q\"]},{\"@type\":\"Person\",\"@id\":\"https:\/\/kapitalis.com\/tunisie\/#\/schema\/person\/aa8b4a429805c4e3f0713a3c3f95212b\",\"name\":\"webmaster aux\",\"url\":\"https:\/\/kapitalis.com\/tunisie\/author\/webmasteraux\/\"}]}<\/script>\n<!-- \/ Yoast SEO plugin. -->","yoast_head_json":{"title":"Concert pour la paix de la Tunisie - Kapitalis","robots":{"index":"index","follow":"follow","max-snippet":"max-snippet:-1","max-image-preview":"max-image-preview:large","max-video-preview":"max-video-preview:-1"},"canonical":"https:\/\/kapitalis.com\/tunisie\/2015\/08\/28\/concert-pour-la-paix-de-la-tunisie\/","og_locale":"fr_FR","og_type":"article","og_title":"Concert pour la paix de la Tunisie - Kapitalis","og_description":"La journaliste et touriste allemande Carmen Hentshel vient d&rsquo;annoncer, sur les ondes de Mozaique Fm, la tenue, samedi 29 ao\u00fbt 2015, d&rsquo;un concert baptis\u00e9 \u00ab\u00a0pour la paix de la Tunisie\u00a0\u00bb; un Gala de charit\u00e9 au profit de la campagne \u00ab\u00a0for peace tunisia\u00a0\u00bb que Hentshel a fond\u00e9e en 2015, juste apr\u00e8s l&rsquo;attaque terroriste de Sousse. Au...","og_url":"https:\/\/kapitalis.com\/tunisie\/2015\/08\/28\/concert-pour-la-paix-de-la-tunisie\/","og_site_name":"Kapitalis","article_publisher":"https:\/\/www.facebook.com\/KapitalisInfo\/","article_published_time":"2015-08-28T17:03:35+00:00","article_modified_time":"2015-08-31T18:20:20+00:00","og_image":[{"width":1200,"height":630,"url":"https:\/\/kapitalis.com\/tunisie\/wp-content\/uploads\/2022\/05\/kapitalis-logo-fb.png","type":"image\/png"}],"author":"webmaster aux","twitter_card":"summary_large_image","twitter_creator":"@KapitalisInfo","twitter_site":"@KapitalisInfo","twitter_misc":{"\u00c9crit par":"webmaster aux","Dur\u00e9e de lecture estim\u00e9e":"1 minute"},"schema":{"@context":"https:\/\/schema.org","@graph":[{"@type":"Article","@id":"https:\/\/kapitalis.com\/tunisie\/2015\/08\/28\/concert-pour-la-paix-de-la-tunisie\/#article","isPartOf":{"@id":"https:\/\/kapitalis.com\/tunisie\/2015\/08\/28\/concert-pour-la-paix-de-la-tunisie\/"},"author":{"name":"webmaster aux","@id":"https:\/\/kapitalis.com\/tunisie\/#\/schema\/person\/aa8b4a429805c4e3f0713a3c3f95212b"},"headline":"Concert pour la paix de la Tunisie","datePublished":"2015-08-28T17:03:35+00:00","dateModified":"2015-08-31T18:20:20+00:00","mainEntityOfPage":{"@id":"https:\/\/kapitalis.com\/tunisie\/2015\/08\/28\/concert-pour-la-paix-de-la-tunisie\/"},"wordCount":123,"commentCount":0,"publisher":{"@id":"https:\/\/kapitalis.com\/tunisie\/#organization"},"image":{"@id":"https:\/\/kapitalis.com\/tunisie\/2015\/08\/28\/concert-pour-la-paix-de-la-tunisie\/#primaryimage"},"thumbnailUrl":"","articleSection":["VIDEOS"],"inLanguage":"fr-FR","potentialAction":[{"@type":"CommentAction","name":"Comment","target":["https:\/\/kapitalis.com\/tunisie\/2015\/08\/28\/concert-pour-la-paix-de-la-tunisie\/#respond"]}]},{"@type":"WebPage","@id":"https:\/\/kapitalis.com\/tunisie\/2015\/08\/28\/concert-pour-la-paix-de-la-tunisie\/","url":"https:\/\/kapitalis.com\/tunisie\/2015\/08\/28\/concert-pour-la-paix-de-la-tunisie\/","name":"Concert pour la paix de la Tunisie - Kapitalis","isPartOf":{"@id":"https:\/\/kapitalis.com\/tunisie\/#website"},"primaryImageOfPage":{"@id":"https:\/\/kapitalis.com\/tunisie\/2015\/08\/28\/concert-pour-la-paix-de-la-tunisie\/#primaryimage"},"image":{"@id":"https:\/\/kapitalis.com\/tunisie\/2015\/08\/28\/concert-pour-la-paix-de-la-tunisie\/#primaryimage"},"thumbnailUrl":"","datePublished":"2015-08-28T17:03:35+00:00","dateModified":"2015-08-31T18:20:20+00:00","breadcrumb":{"@id":"https:\/\/kapitalis.com\/tunisie\/2015\/08\/28\/concert-pour-la-paix-de-la-tunisie\/#breadcrumb"},"inLanguage":"fr-FR","potentialAction":[{"@type":"ReadAction","target":["https:\/\/kapitalis.com\/tunisie\/2015\/08\/28\/concert-pour-la-paix-de-la-tunisie\/"]}]},{"@type":"ImageObject","inLanguage":"fr-FR","@id":"https:\/\/kapitalis.com\/tunisie\/2015\/08\/28\/concert-pour-la-paix-de-la-tunisie\/#primaryimage","url":"","contentUrl":""},{"@type":"BreadcrumbList","@id":"https:\/\/kapitalis.com\/tunisie\/2015\/08\/28\/concert-pour-la-paix-de-la-tunisie\/#breadcrumb","itemListElement":[{"@type":"ListItem","position":1,"name":"Accueil","item":"https:\/\/kapitalis.com\/tunisie\/"},{"@type":"ListItem","position":2,"name":"Concert pour la paix de la Tunisie"}]},{"@type":"WebSite","@id":"https:\/\/kapitalis.com\/tunisie\/#website","url":"https:\/\/kapitalis.com\/tunisie\/","name":"Kapitalis","description":"L&#039;actualit\u00e9 en Tunisie et dans le monde","publisher":{"@id":"https:\/\/kapitalis.com\/tunisie\/#organization"},"potentialAction":[{"@type":"SearchAction","target":{"@type":"EntryPoint","urlTemplate":"https:\/\/kapitalis.com\/tunisie\/?s={search_term_string}"},"query-input":{"@type":"PropertyValueSpecification","valueRequired":true,"valueName":"search_term_string"}}],"inLanguage":"fr-FR"},{"@type":"Organization","@id":"https:\/\/kapitalis.com\/tunisie\/#organization","name":"Kapitalis","url":"https:\/\/kapitalis.com\/tunisie\/","logo":{"@type":"ImageObject","inLanguage":"fr-FR","@id":"https:\/\/kapitalis.com\/tunisie\/#\/schema\/logo\/image\/","url":"https:\/\/kapitalis.com\/tunisie\/wp-content\/uploads\/2022\/05\/Kapitalis-big-size.png","contentUrl":"https:\/\/kapitalis.com\/tunisie\/wp-content\/uploads\/2022\/05\/Kapitalis-big-size.png","width":5000,"height":1500,"caption":"Kapitalis"},"image":{"@id":"https:\/\/kapitalis.com\/tunisie\/#\/schema\/logo\/image\/"},"sameAs":["https:\/\/www.facebook.com\/KapitalisInfo\/","https:\/\/x.com\/KapitalisInfo","https:\/\/www.youtube.com\/channel\/UC-yDYrHyfFBWWZaOw3FPg9Q"]},{"@type":"Person","@id":"https:\/\/kapitalis.com\/tunisie\/#\/schema\/person\/aa8b4a429805c4e3f0713a3c3f95212b","name":"webmaster aux","url":"https:\/\/kapitalis.com\/tunisie\/author\/webmasteraux\/"}]}},"_links":{"self":[{"href":"https:\/\/kapitalis.com\/tunisie\/wp-json\/wp\/v2\/posts\/11298","targetHints":{"allow":["GET"]}}],"collection":[{"href":"https:\/\/kapitalis.com\/tunisie\/wp-json\/wp\/v2\/posts"}],"about":[{"href":"https:\/\/kapitalis.com\/tunisie\/wp-json\/wp\/v2\/types\/post"}],"author":[{"embeddable":true,"href":"https:\/\/kapitalis.com\/tunisie\/wp-json\/wp\/v2\/users\/13"}],"replies":[{"embeddable":true,"href":"https:\/\/kapitalis.com\/tunisie\/wp-json\/wp\/v2\/comments?post=11298"}],"version-history":[{"count":0,"href":"https:\/\/kapitalis.com\/tunisie\/wp-json\/wp\/v2\/posts\/11298\/revisions"}],"wp:featuredmedia":[{"embeddable":true,"href":"https:\/\/kapitalis.com\/tunisie\/wp-json\/wp\/v2\/media\/11302"}],"wp:attachment":[{"href":"https:\/\/kapitalis.com\/tunisie\/wp-json\/wp\/v2\/media?parent=11298"}],"wp:term":[{"taxonomy":"category","embeddable":true,"href":"https:\/\/kapitalis.com\/tunisie\/wp-json\/wp\/v2\/categories?post=11298"},{"taxonomy":"post_tag","embeddable":true,"href":"https:\/\/kapitalis.com\/tunisie\/wp-json\/wp\/v2\/tags?post=11298"}],"curies":[{"name":"wp","href":"https:\/\/api.w.org\/{rel}","templated":true}]}}