{"id":11300654,"date":"2024-01-18T07:16:28","date_gmt":"2024-01-18T06:16:28","guid":{"rendered":"https:\/\/kapitalis.com\/tunisie\/?p=11300654"},"modified":"2024-01-18T07:16:29","modified_gmt":"2024-01-18T06:16:29","slug":"la-mae-assurances-au-secours-des-forets-tunisiennes-ravagees-par-les-incendies","status":"publish","type":"post","link":"https:\/\/kapitalis.com\/tunisie\/2024\/01\/18\/la-mae-assurances-au-secours-des-forets-tunisiennes-ravagees-par-les-incendies\/","title":{"rendered":"La MAE Assurances au secours des for\u00eats tunisiennes ravag\u00e9es par les incendies"},"content":{"rendered":"\n<p><strong><em>La MAE Assurances annonce un partenariat avec les autorit\u00e9s tunisiennes pour soutenir le reboisement des for\u00eats tunisiennes endommag\u00e9es par les incendies. <\/em><\/strong><\/p>\n\n\n\n<!--more-->\n\n\n\n<p>La MAE s\u2019associe ainsi aux efforts nationaux de reboisement entrepris notamment par la direction g\u00e9n\u00e9rale des for\u00eats du minist\u00e8re de l\u2019Agriculture, de la P\u00eache et des Ressources hydraulique et lance une campagne de reboisement afin de rem\u00e9dier aux cons\u00e9quences d\u00e9sastreuses des incendies qui rongent chaque ann\u00e9e nos for\u00eats.<\/p>\n\n\n\n<p>Une action est d\u00e9j\u00e0 lanc\u00e9e dans la r\u00e9gion de Sejnane (Bizerte), o\u00f9 11\u00a0000 arbres d\u2019eucalyptus seront plant\u00e9s. Cette action de boisement contribuera \u00e0 redonner vie aux for\u00eats ravag\u00e9es par les feux mais aussi \u00e0 cr\u00e9er de l\u2019emploi aux indig\u00e8nes qui extraient le miel et le commercialisent \u00e0 partir des eucalyptus.<\/p>\n\n\n\n<p>Cette initiative qui s\u2019inscrit dans le cadre de la strat\u00e9gie RSE de la MAE Assurances, fait partie d\u2019un programme qui vise \u00e0 planter pr\u00e8s de 100\u00a0000 arbres sur tout le territoire tunisien, durant les trois prochaines ann\u00e9es.<\/p>\n\n\n<div class=\"wp-block-image\">\n<figure class=\"aligncenter size-large\"><img loading=\"lazy\" decoding=\"async\" width=\"1024\" height=\"538\" src=\"https:\/\/kapitalis.com\/tunisie\/wp-content\/uploads\/2024\/01\/MAE-assurances1-1024x538.jpg\" alt=\"\" class=\"wp-image-11300703\" srcset=\"https:\/\/kapitalis.com\/tunisie\/wp-content\/uploads\/2024\/01\/MAE-assurances1-1024x538.jpg 1024w, https:\/\/kapitalis.com\/tunisie\/wp-content\/uploads\/2024\/01\/MAE-assurances1-300x158.jpg 300w, https:\/\/kapitalis.com\/tunisie\/wp-content\/uploads\/2024\/01\/MAE-assurances1-768x403.jpg 768w, https:\/\/kapitalis.com\/tunisie\/wp-content\/uploads\/2024\/01\/MAE-assurances1-580x305.jpg 580w, https:\/\/kapitalis.com\/tunisie\/wp-content\/uploads\/2024\/01\/MAE-assurances1-860x452.jpg 860w, https:\/\/kapitalis.com\/tunisie\/wp-content\/uploads\/2024\/01\/MAE-assurances1-1160x609.jpg 1160w, https:\/\/kapitalis.com\/tunisie\/wp-content\/uploads\/2024\/01\/MAE-assurances1.jpg 1200w\" sizes=\"auto, (max-width: 1024px) 100vw, 1024px\" \/><\/figure>\n<\/div>\n\n\n<p>Afin de donner une dimension durable \u00e0 ce programme, la MAE Assurances, fid\u00e8le \u00e0 sa vocation d\u2019institution sociale et solidaire, a d\u00e9cid\u00e9 de consacrer au reboisement des for\u00eats une partie des primes pay\u00e9es sur les nouveaux contrats souscrits.<\/p>\n\n\n\n<p><em>\u00abCette initiative est conforme \u00e0 l\u2019ADN de la MAE. Il ne s\u2019agit nullement de m\u00e9c\u00e9nat. Il s\u2019agit d\u2019un engagement pour l\u2019int\u00e9gration des fondements du d\u00e9veloppement durable dans notre activit\u00e9 \u00e9conomique et notre vision\u00bb<\/em>, a soulign\u00e9 Lassaad Zarrouk, directeur g\u00e9n\u00e9ral de la MAE Assurances. <em>\u00abPr\u00e9server l\u2019environnement pour prot\u00e9ger l\u2019avenir des g\u00e9n\u00e9rations futures est un devoir que la MAE veille \u00e0 accomplir\u00bb,<\/em> a-t-il ajout\u00e9. <\/p>\n\n\n\n<p><strong><em>Communiqu\u00e9.<\/em><\/strong><\/p>\n","protected":false},"excerpt":{"rendered":"<p>La MAE Assurances a lanc\u00e9 un programme pour planter 10 000 arbres dans la r\u00e9gion de Sejnane.  <\/p>\n","protected":false},"author":8,"featured_media":11300697,"comment_status":"open","ping_status":"open","sticky":false,"template":"","format":"standard","meta":{"footnotes":""},"categories":[995,2433],"tags":[148,84404,472,24151,113446,88331,1590],"class_list":["post-11300654","post","type-post","status-publish","format-standard","has-post-thumbnail","hentry","category-economie","category-tunisie","tag-bizerte","tag-forets-tunisiennes","tag-incendies","tag-lassaad-zarrouk","tag-mae-assurances","tag-reboisement","tag-sejnane"],"yoast_head":"<!-- This site is optimized with the Yoast SEO plugin v26.6 - https:\/\/yoast.com\/wordpress\/plugins\/seo\/ -->\n<title>La MAE Assurances au secours des for\u00eats tunisiennes ravag\u00e9es par les incendies - Kapitalis<\/title>\n<meta name=\"robots\" content=\"index, follow, max-snippet:-1, max-image-preview:large, max-video-preview:-1\" \/>\n<link rel=\"canonical\" href=\"https:\/\/kapitalis.com\/tunisie\/2024\/01\/18\/la-mae-assurances-au-secours-des-forets-tunisiennes-ravagees-par-les-incendies\/\" \/>\n<meta property=\"og:locale\" content=\"fr_FR\" \/>\n<meta property=\"og:type\" content=\"article\" \/>\n<meta property=\"og:title\" content=\"La MAE Assurances au secours des for\u00eats tunisiennes ravag\u00e9es par les incendies - Kapitalis\" \/>\n<meta property=\"og:description\" content=\"La MAE Assurances a lanc\u00e9 un programme pour planter 10 000 arbres dans la r\u00e9gion de Sejnane.\" \/>\n<meta property=\"og:url\" content=\"https:\/\/kapitalis.com\/tunisie\/2024\/01\/18\/la-mae-assurances-au-secours-des-forets-tunisiennes-ravagees-par-les-incendies\/\" \/>\n<meta property=\"og:site_name\" content=\"Kapitalis\" \/>\n<meta property=\"article:publisher\" content=\"https:\/\/www.facebook.com\/KapitalisInfo\/\" \/>\n<meta property=\"article:published_time\" content=\"2024-01-18T06:16:28+00:00\" \/>\n<meta property=\"article:modified_time\" content=\"2024-01-18T06:16:29+00:00\" \/>\n<meta property=\"og:image\" content=\"https:\/\/kapitalis.com\/tunisie\/wp-content\/uploads\/2024\/01\/MAE-Reboisement.jpg\" \/>\n\t<meta property=\"og:image:width\" content=\"1200\" \/>\n\t<meta property=\"og:image:height\" content=\"630\" \/>\n\t<meta property=\"og:image:type\" content=\"image\/jpeg\" \/>\n<meta name=\"author\" content=\"webmaster kapitalis\" \/>\n<meta name=\"twitter:card\" content=\"summary_large_image\" \/>\n<meta name=\"twitter:creator\" content=\"@KapitalisInfo\" \/>\n<meta name=\"twitter:site\" content=\"@KapitalisInfo\" \/>\n<meta name=\"twitter:label1\" content=\"\u00c9crit par\" \/>\n\t<meta name=\"twitter:data1\" content=\"webmaster kapitalis\" \/>\n\t<meta name=\"twitter:label2\" content=\"Dur\u00e9e de lecture estim\u00e9e\" \/>\n\t<meta name=\"twitter:data2\" content=\"2 minutes\" \/>\n<script type=\"application\/ld+json\" class=\"yoast-schema-graph\">{\"@context\":\"https:\/\/schema.org\",\"@graph\":[{\"@type\":\"Article\",\"@id\":\"https:\/\/kapitalis.com\/tunisie\/2024\/01\/18\/la-mae-assurances-au-secours-des-forets-tunisiennes-ravagees-par-les-incendies\/#article\",\"isPartOf\":{\"@id\":\"https:\/\/kapitalis.com\/tunisie\/2024\/01\/18\/la-mae-assurances-au-secours-des-forets-tunisiennes-ravagees-par-les-incendies\/\"},\"author\":{\"name\":\"webmaster kapitalis\",\"@id\":\"https:\/\/kapitalis.com\/tunisie\/#\/schema\/person\/d71f33a9ca44f7bad4698210b480c8e9\"},\"headline\":\"La MAE Assurances au secours des for\u00eats tunisiennes ravag\u00e9es par les incendies\",\"datePublished\":\"2024-01-18T06:16:28+00:00\",\"dateModified\":\"2024-01-18T06:16:29+00:00\",\"mainEntityOfPage\":{\"@id\":\"https:\/\/kapitalis.com\/tunisie\/2024\/01\/18\/la-mae-assurances-au-secours-des-forets-tunisiennes-ravagees-par-les-incendies\/\"},\"wordCount\":313,\"commentCount\":0,\"publisher\":{\"@id\":\"https:\/\/kapitalis.com\/tunisie\/#organization\"},\"image\":{\"@id\":\"https:\/\/kapitalis.com\/tunisie\/2024\/01\/18\/la-mae-assurances-au-secours-des-forets-tunisiennes-ravagees-par-les-incendies\/#primaryimage\"},\"thumbnailUrl\":\"https:\/\/kapitalis.com\/tunisie\/wp-content\/uploads\/2024\/01\/MAE-Reboisement.jpg\",\"keywords\":[\"Bizerte\",\"for\u00eats tunisiennes\",\"incendies\",\"Lassaad Zarrouk\",\"MAE Assurances\",\"reboisement\",\"Sejnane\"],\"articleSection\":[\"ECONOMIE\",\"Tunisie\"],\"inLanguage\":\"fr-FR\",\"potentialAction\":[{\"@type\":\"CommentAction\",\"name\":\"Comment\",\"target\":[\"https:\/\/kapitalis.com\/tunisie\/2024\/01\/18\/la-mae-assurances-au-secours-des-forets-tunisiennes-ravagees-par-les-incendies\/#respond\"]}]},{\"@type\":\"WebPage\",\"@id\":\"https:\/\/kapitalis.com\/tunisie\/2024\/01\/18\/la-mae-assurances-au-secours-des-forets-tunisiennes-ravagees-par-les-incendies\/\",\"url\":\"https:\/\/kapitalis.com\/tunisie\/2024\/01\/18\/la-mae-assurances-au-secours-des-forets-tunisiennes-ravagees-par-les-incendies\/\",\"name\":\"La MAE Assurances au secours des for\u00eats tunisiennes ravag\u00e9es par les incendies - Kapitalis\",\"isPartOf\":{\"@id\":\"https:\/\/kapitalis.com\/tunisie\/#website\"},\"primaryImageOfPage\":{\"@id\":\"https:\/\/kapitalis.com\/tunisie\/2024\/01\/18\/la-mae-assurances-au-secours-des-forets-tunisiennes-ravagees-par-les-incendies\/#primaryimage\"},\"image\":{\"@id\":\"https:\/\/kapitalis.com\/tunisie\/2024\/01\/18\/la-mae-assurances-au-secours-des-forets-tunisiennes-ravagees-par-les-incendies\/#primaryimage\"},\"thumbnailUrl\":\"https:\/\/kapitalis.com\/tunisie\/wp-content\/uploads\/2024\/01\/MAE-Reboisement.jpg\",\"datePublished\":\"2024-01-18T06:16:28+00:00\",\"dateModified\":\"2024-01-18T06:16:29+00:00\",\"breadcrumb\":{\"@id\":\"https:\/\/kapitalis.com\/tunisie\/2024\/01\/18\/la-mae-assurances-au-secours-des-forets-tunisiennes-ravagees-par-les-incendies\/#breadcrumb\"},\"inLanguage\":\"fr-FR\",\"potentialAction\":[{\"@type\":\"ReadAction\",\"target\":[\"https:\/\/kapitalis.com\/tunisie\/2024\/01\/18\/la-mae-assurances-au-secours-des-forets-tunisiennes-ravagees-par-les-incendies\/\"]}]},{\"@type\":\"ImageObject\",\"inLanguage\":\"fr-FR\",\"@id\":\"https:\/\/kapitalis.com\/tunisie\/2024\/01\/18\/la-mae-assurances-au-secours-des-forets-tunisiennes-ravagees-par-les-incendies\/#primaryimage\",\"url\":\"https:\/\/kapitalis.com\/tunisie\/wp-content\/uploads\/2024\/01\/MAE-Reboisement.jpg\",\"contentUrl\":\"https:\/\/kapitalis.com\/tunisie\/wp-content\/uploads\/2024\/01\/MAE-Reboisement.jpg\",\"width\":1200,\"height\":630},{\"@type\":\"BreadcrumbList\",\"@id\":\"https:\/\/kapitalis.com\/tunisie\/2024\/01\/18\/la-mae-assurances-au-secours-des-forets-tunisiennes-ravagees-par-les-incendies\/#breadcrumb\",\"itemListElement\":[{\"@type\":\"ListItem\",\"position\":1,\"name\":\"Accueil\",\"item\":\"https:\/\/kapitalis.com\/tunisie\/\"},{\"@type\":\"ListItem\",\"position\":2,\"name\":\"La MAE Assurances au secours des for\u00eats tunisiennes ravag\u00e9es par les incendies\"}]},{\"@type\":\"WebSite\",\"@id\":\"https:\/\/kapitalis.com\/tunisie\/#website\",\"url\":\"https:\/\/kapitalis.com\/tunisie\/\",\"name\":\"Kapitalis\",\"description\":\"L&#039;actualit\u00e9 en Tunisie et dans le monde\",\"publisher\":{\"@id\":\"https:\/\/kapitalis.com\/tunisie\/#organization\"},\"potentialAction\":[{\"@type\":\"SearchAction\",\"target\":{\"@type\":\"EntryPoint\",\"urlTemplate\":\"https:\/\/kapitalis.com\/tunisie\/?s={search_term_string}\"},\"query-input\":{\"@type\":\"PropertyValueSpecification\",\"valueRequired\":true,\"valueName\":\"search_term_string\"}}],\"inLanguage\":\"fr-FR\"},{\"@type\":\"Organization\",\"@id\":\"https:\/\/kapitalis.com\/tunisie\/#organization\",\"name\":\"Kapitalis\",\"url\":\"https:\/\/kapitalis.com\/tunisie\/\",\"logo\":{\"@type\":\"ImageObject\",\"inLanguage\":\"fr-FR\",\"@id\":\"https:\/\/kapitalis.com\/tunisie\/#\/schema\/logo\/image\/\",\"url\":\"https:\/\/kapitalis.com\/tunisie\/wp-content\/uploads\/2022\/05\/Kapitalis-big-size.png\",\"contentUrl\":\"https:\/\/kapitalis.com\/tunisie\/wp-content\/uploads\/2022\/05\/Kapitalis-big-size.png\",\"width\":5000,\"height\":1500,\"caption\":\"Kapitalis\"},\"image\":{\"@id\":\"https:\/\/kapitalis.com\/tunisie\/#\/schema\/logo\/image\/\"},\"sameAs\":[\"https:\/\/www.facebook.com\/KapitalisInfo\/\",\"https:\/\/x.com\/KapitalisInfo\",\"https:\/\/www.youtube.com\/channel\/UC-yDYrHyfFBWWZaOw3FPg9Q\"]},{\"@type\":\"Person\",\"@id\":\"https:\/\/kapitalis.com\/tunisie\/#\/schema\/person\/d71f33a9ca44f7bad4698210b480c8e9\",\"name\":\"webmaster kapitalis\",\"url\":\"https:\/\/kapitalis.com\/tunisie\/author\/webmaster-kapitalis\/\"}]}<\/script>\n<!-- \/ Yoast SEO plugin. -->","yoast_head_json":{"title":"La MAE Assurances au secours des for\u00eats tunisiennes ravag\u00e9es par les incendies - Kapitalis","robots":{"index":"index","follow":"follow","max-snippet":"max-snippet:-1","max-image-preview":"max-image-preview:large","max-video-preview":"max-video-preview:-1"},"canonical":"https:\/\/kapitalis.com\/tunisie\/2024\/01\/18\/la-mae-assurances-au-secours-des-forets-tunisiennes-ravagees-par-les-incendies\/","og_locale":"fr_FR","og_type":"article","og_title":"La MAE Assurances au secours des for\u00eats tunisiennes ravag\u00e9es par les incendies - Kapitalis","og_description":"La MAE Assurances a lanc\u00e9 un programme pour planter 10 000 arbres dans la r\u00e9gion de Sejnane.","og_url":"https:\/\/kapitalis.com\/tunisie\/2024\/01\/18\/la-mae-assurances-au-secours-des-forets-tunisiennes-ravagees-par-les-incendies\/","og_site_name":"Kapitalis","article_publisher":"https:\/\/www.facebook.com\/KapitalisInfo\/","article_published_time":"2024-01-18T06:16:28+00:00","article_modified_time":"2024-01-18T06:16:29+00:00","og_image":[{"width":1200,"height":630,"url":"https:\/\/kapitalis.com\/tunisie\/wp-content\/uploads\/2024\/01\/MAE-Reboisement.jpg","type":"image\/jpeg"}],"author":"webmaster kapitalis","twitter_card":"summary_large_image","twitter_creator":"@KapitalisInfo","twitter_site":"@KapitalisInfo","twitter_misc":{"\u00c9crit par":"webmaster kapitalis","Dur\u00e9e de lecture estim\u00e9e":"2 minutes"},"schema":{"@context":"https:\/\/schema.org","@graph":[{"@type":"Article","@id":"https:\/\/kapitalis.com\/tunisie\/2024\/01\/18\/la-mae-assurances-au-secours-des-forets-tunisiennes-ravagees-par-les-incendies\/#article","isPartOf":{"@id":"https:\/\/kapitalis.com\/tunisie\/2024\/01\/18\/la-mae-assurances-au-secours-des-forets-tunisiennes-ravagees-par-les-incendies\/"},"author":{"name":"webmaster kapitalis","@id":"https:\/\/kapitalis.com\/tunisie\/#\/schema\/person\/d71f33a9ca44f7bad4698210b480c8e9"},"headline":"La MAE Assurances au secours des for\u00eats tunisiennes ravag\u00e9es par les incendies","datePublished":"2024-01-18T06:16:28+00:00","dateModified":"2024-01-18T06:16:29+00:00","mainEntityOfPage":{"@id":"https:\/\/kapitalis.com\/tunisie\/2024\/01\/18\/la-mae-assurances-au-secours-des-forets-tunisiennes-ravagees-par-les-incendies\/"},"wordCount":313,"commentCount":0,"publisher":{"@id":"https:\/\/kapitalis.com\/tunisie\/#organization"},"image":{"@id":"https:\/\/kapitalis.com\/tunisie\/2024\/01\/18\/la-mae-assurances-au-secours-des-forets-tunisiennes-ravagees-par-les-incendies\/#primaryimage"},"thumbnailUrl":"https:\/\/kapitalis.com\/tunisie\/wp-content\/uploads\/2024\/01\/MAE-Reboisement.jpg","keywords":["Bizerte","for\u00eats tunisiennes","incendies","Lassaad Zarrouk","MAE Assurances","reboisement","Sejnane"],"articleSection":["ECONOMIE","Tunisie"],"inLanguage":"fr-FR","potentialAction":[{"@type":"CommentAction","name":"Comment","target":["https:\/\/kapitalis.com\/tunisie\/2024\/01\/18\/la-mae-assurances-au-secours-des-forets-tunisiennes-ravagees-par-les-incendies\/#respond"]}]},{"@type":"WebPage","@id":"https:\/\/kapitalis.com\/tunisie\/2024\/01\/18\/la-mae-assurances-au-secours-des-forets-tunisiennes-ravagees-par-les-incendies\/","url":"https:\/\/kapitalis.com\/tunisie\/2024\/01\/18\/la-mae-assurances-au-secours-des-forets-tunisiennes-ravagees-par-les-incendies\/","name":"La MAE Assurances au secours des for\u00eats tunisiennes ravag\u00e9es par les incendies - Kapitalis","isPartOf":{"@id":"https:\/\/kapitalis.com\/tunisie\/#website"},"primaryImageOfPage":{"@id":"https:\/\/kapitalis.com\/tunisie\/2024\/01\/18\/la-mae-assurances-au-secours-des-forets-tunisiennes-ravagees-par-les-incendies\/#primaryimage"},"image":{"@id":"https:\/\/kapitalis.com\/tunisie\/2024\/01\/18\/la-mae-assurances-au-secours-des-forets-tunisiennes-ravagees-par-les-incendies\/#primaryimage"},"thumbnailUrl":"https:\/\/kapitalis.com\/tunisie\/wp-content\/uploads\/2024\/01\/MAE-Reboisement.jpg","datePublished":"2024-01-18T06:16:28+00:00","dateModified":"2024-01-18T06:16:29+00:00","breadcrumb":{"@id":"https:\/\/kapitalis.com\/tunisie\/2024\/01\/18\/la-mae-assurances-au-secours-des-forets-tunisiennes-ravagees-par-les-incendies\/#breadcrumb"},"inLanguage":"fr-FR","potentialAction":[{"@type":"ReadAction","target":["https:\/\/kapitalis.com\/tunisie\/2024\/01\/18\/la-mae-assurances-au-secours-des-forets-tunisiennes-ravagees-par-les-incendies\/"]}]},{"@type":"ImageObject","inLanguage":"fr-FR","@id":"https:\/\/kapitalis.com\/tunisie\/2024\/01\/18\/la-mae-assurances-au-secours-des-forets-tunisiennes-ravagees-par-les-incendies\/#primaryimage","url":"https:\/\/kapitalis.com\/tunisie\/wp-content\/uploads\/2024\/01\/MAE-Reboisement.jpg","contentUrl":"https:\/\/kapitalis.com\/tunisie\/wp-content\/uploads\/2024\/01\/MAE-Reboisement.jpg","width":1200,"height":630},{"@type":"BreadcrumbList","@id":"https:\/\/kapitalis.com\/tunisie\/2024\/01\/18\/la-mae-assurances-au-secours-des-forets-tunisiennes-ravagees-par-les-incendies\/#breadcrumb","itemListElement":[{"@type":"ListItem","position":1,"name":"Accueil","item":"https:\/\/kapitalis.com\/tunisie\/"},{"@type":"ListItem","position":2,"name":"La MAE Assurances au secours des for\u00eats tunisiennes ravag\u00e9es par les incendies"}]},{"@type":"WebSite","@id":"https:\/\/kapitalis.com\/tunisie\/#website","url":"https:\/\/kapitalis.com\/tunisie\/","name":"Kapitalis","description":"L&#039;actualit\u00e9 en Tunisie et dans le monde","publisher":{"@id":"https:\/\/kapitalis.com\/tunisie\/#organization"},"potentialAction":[{"@type":"SearchAction","target":{"@type":"EntryPoint","urlTemplate":"https:\/\/kapitalis.com\/tunisie\/?s={search_term_string}"},"query-input":{"@type":"PropertyValueSpecification","valueRequired":true,"valueName":"search_term_string"}}],"inLanguage":"fr-FR"},{"@type":"Organization","@id":"https:\/\/kapitalis.com\/tunisie\/#organization","name":"Kapitalis","url":"https:\/\/kapitalis.com\/tunisie\/","logo":{"@type":"ImageObject","inLanguage":"fr-FR","@id":"https:\/\/kapitalis.com\/tunisie\/#\/schema\/logo\/image\/","url":"https:\/\/kapitalis.com\/tunisie\/wp-content\/uploads\/2022\/05\/Kapitalis-big-size.png","contentUrl":"https:\/\/kapitalis.com\/tunisie\/wp-content\/uploads\/2022\/05\/Kapitalis-big-size.png","width":5000,"height":1500,"caption":"Kapitalis"},"image":{"@id":"https:\/\/kapitalis.com\/tunisie\/#\/schema\/logo\/image\/"},"sameAs":["https:\/\/www.facebook.com\/KapitalisInfo\/","https:\/\/x.com\/KapitalisInfo","https:\/\/www.youtube.com\/channel\/UC-yDYrHyfFBWWZaOw3FPg9Q"]},{"@type":"Person","@id":"https:\/\/kapitalis.com\/tunisie\/#\/schema\/person\/d71f33a9ca44f7bad4698210b480c8e9","name":"webmaster kapitalis","url":"https:\/\/kapitalis.com\/tunisie\/author\/webmaster-kapitalis\/"}]}},"_links":{"self":[{"href":"https:\/\/kapitalis.com\/tunisie\/wp-json\/wp\/v2\/posts\/11300654","targetHints":{"allow":["GET"]}}],"collection":[{"href":"https:\/\/kapitalis.com\/tunisie\/wp-json\/wp\/v2\/posts"}],"about":[{"href":"https:\/\/kapitalis.com\/tunisie\/wp-json\/wp\/v2\/types\/post"}],"author":[{"embeddable":true,"href":"https:\/\/kapitalis.com\/tunisie\/wp-json\/wp\/v2\/users\/8"}],"replies":[{"embeddable":true,"href":"https:\/\/kapitalis.com\/tunisie\/wp-json\/wp\/v2\/comments?post=11300654"}],"version-history":[{"count":1,"href":"https:\/\/kapitalis.com\/tunisie\/wp-json\/wp\/v2\/posts\/11300654\/revisions"}],"predecessor-version":[{"id":11300704,"href":"https:\/\/kapitalis.com\/tunisie\/wp-json\/wp\/v2\/posts\/11300654\/revisions\/11300704"}],"wp:featuredmedia":[{"embeddable":true,"href":"https:\/\/kapitalis.com\/tunisie\/wp-json\/wp\/v2\/media\/11300697"}],"wp:attachment":[{"href":"https:\/\/kapitalis.com\/tunisie\/wp-json\/wp\/v2\/media?parent=11300654"}],"wp:term":[{"taxonomy":"category","embeddable":true,"href":"https:\/\/kapitalis.com\/tunisie\/wp-json\/wp\/v2\/categories?post=11300654"},{"taxonomy":"post_tag","embeddable":true,"href":"https:\/\/kapitalis.com\/tunisie\/wp-json\/wp\/v2\/tags?post=11300654"}],"curies":[{"name":"wp","href":"https:\/\/api.w.org\/{rel}","templated":true}]}}