{"id":11301978,"date":"2024-01-18T11:02:52","date_gmt":"2024-01-18T10:02:52","guid":{"rendered":"https:\/\/kapitalis.com\/tunisie\/?p=11301978"},"modified":"2024-01-18T11:02:54","modified_gmt":"2024-01-18T10:02:54","slug":"lequipe-de-tunisie-de-bobsleigh-aux-jo-de-la-jeunesse-dhiver-en-coree-du-sud","status":"publish","type":"post","link":"https:\/\/kapitalis.com\/tunisie\/2024\/01\/18\/lequipe-de-tunisie-de-bobsleigh-aux-jo-de-la-jeunesse-dhiver-en-coree-du-sud\/","title":{"rendered":"L\u2019\u00e9quipe de Tunisie de bobsleigh aux JO de la jeunesse d\u2019hiver en Cor\u00e9e du Sud"},"content":{"rendered":"\n<p><strong><em>Une \u00e9quipe tunisienne de bobsleigh se pr\u00e9pare en ce moment aux Cool Runnings apr\u00e8s sa qualification pour les Jeux olympiques d\u2019hiver \u00e0 Gangwon, en Cor\u00e9e du Sud auxquelles elle s\u2019\u00e9tait qualifi\u00e9e.<\/em><\/strong><\/p>\n\n\n\n<!--more-->\n\n\n\n<p>Jonathan Lourimi, 17 ans, ainsi que Sophie Ghorbal et Beya Mokrani, toutes deux \u00e2g\u00e9es de 15 ans, concourront s\u00e9par\u00e9ment dans l\u2019\u00e9preuve de mono-bob lundi et mardi prochains.<\/p>\n\n\n\n<p>Ils ont appris le bobsleigh apr\u00e8s avoir \u00e9t\u00e9 choisis pour un programme sud-cor\u00e9en d\u2019aide aux athl\u00e8tes des pays en d\u00e9veloppement \u00e0 s\u2019entra\u00eener aux sports d\u2019hiver.<\/p>\n\n\n\n<p>Tous trois ont particip\u00e9 \u00e0 des courses au cours de l\u2019ann\u00e9e derni\u00e8re et sont la seule \u00e9quipe africaine \u00e0 participer \u00e0 l\u2019\u00e9preuve de bobsleigh apr\u00e8s avoir obtenu sa qualification le mois dernier.<\/p>\n\n\n\n<p>Lourimi a d\u00e9clar\u00e9 que le bobsleigh est un sport inconnu en Tunisie mais qu\u2019il vise une m\u00e9daille et a d\u00e9j\u00e0 termin\u00e9 parmi les cinq premiers lors d\u2019\u00e9preuves \u00e0 Lillehammer et Innsbruck.<\/p>\n\n\n<div class=\"wp-block-image\">\n<figure class=\"aligncenter size-large\"><img loading=\"lazy\" decoding=\"async\" width=\"1024\" height=\"538\" src=\"https:\/\/kapitalis.com\/tunisie\/wp-content\/uploads\/2024\/01\/Lourimi-Mokrani-et-Ghorbal-1024x538.jpg\" alt=\"\" class=\"wp-image-11302004\" srcset=\"https:\/\/kapitalis.com\/tunisie\/wp-content\/uploads\/2024\/01\/Lourimi-Mokrani-et-Ghorbal-1024x538.jpg 1024w, https:\/\/kapitalis.com\/tunisie\/wp-content\/uploads\/2024\/01\/Lourimi-Mokrani-et-Ghorbal-300x158.jpg 300w, https:\/\/kapitalis.com\/tunisie\/wp-content\/uploads\/2024\/01\/Lourimi-Mokrani-et-Ghorbal-768x403.jpg 768w, https:\/\/kapitalis.com\/tunisie\/wp-content\/uploads\/2024\/01\/Lourimi-Mokrani-et-Ghorbal-580x305.jpg 580w, https:\/\/kapitalis.com\/tunisie\/wp-content\/uploads\/2024\/01\/Lourimi-Mokrani-et-Ghorbal-860x452.jpg 860w, https:\/\/kapitalis.com\/tunisie\/wp-content\/uploads\/2024\/01\/Lourimi-Mokrani-et-Ghorbal-1160x609.jpg 1160w, https:\/\/kapitalis.com\/tunisie\/wp-content\/uploads\/2024\/01\/Lourimi-Mokrani-et-Ghorbal.jpg 1200w\" sizes=\"auto, (max-width: 1024px) 100vw, 1024px\" \/><figcaption class=\"wp-element-caption\"><em>De Gauche \u00e0 droite:\u00a0Jonathan Lourimi, Sophie Ghorbal et Beya Mokrani.<\/em><\/figcaption><\/figure>\n<\/div>\n\n\n<p>Ghorbal et Mokrani disent \u00e9galement qu\u2019elles sont tomb\u00e9es amoureuses de la glace et qu\u2019elles ont l\u2019intention de poursuivre leur carri\u00e8re en bobsleigh avec le r\u00eave de participer aux Jeux olympiques d\u2019hiver de 2026 en Italie.<\/p>\n\n\n\n<p>Leur voyage d\u2019un pays chaud jusqu\u2019aux Jeux olympiques n\u2019est pas sans rappeler le film <em>Cool Runnings<\/em>, qui d\u00e9peint l\u2019histoire vraie de l\u2019\u00e9quipe jama\u00efcaine de bobsleigh aux Jeux de Calgary de 1988.<\/p>\n\n\n\n<p>Les Jeux olympiques de la jeunesse d\u2019hiver se d\u00e9roulent du 19 janvier au 1<sup>er<\/sup> f\u00e9vrier, avec un nombre record de 1 900 participants.<\/p>\n\n\n\n<p>D\u2019apr\u00e8s <a href=\"https:\/\/news.sky.com\/story\/tunisia-bobsleigh-team-ready-for-cool-runnings-moment-at-youth-winter-olympics-in-south-korea-13050635\" target=\"_blank\" rel=\"noreferrer noopener\">Sky News<\/a>. <\/p>\n","protected":false},"excerpt":{"rendered":"<p>Une \u00e9quipe tunisienne de bobsleigh se pr\u00e9pare pour les JO d\u2019hiver \u00e0 Gangwon, en Cor\u00e9e du Sud.<\/p>\n","protected":false},"author":8,"featured_media":11301991,"comment_status":"open","ping_status":"open","sticky":false,"template":"","format":"standard","meta":{"footnotes":""},"categories":[999,2433],"tags":[111767,112067,113454,7633,113453,111766,111768,62643],"class_list":["post-11301978","post","type-post","status-publish","format-standard","has-post-thumbnail","hentry","category-sport","category-tunisie","tag-beya-mokrani","tag-bobsleigh","tag-cool-runnings","tag-coree-du-sud","tag-gangwon","tag-jonathan-lourimi","tag-sophie-ghorbal","tag-tunisie"],"yoast_head":"<!-- This site is optimized with the Yoast SEO plugin v26.6 - https:\/\/yoast.com\/wordpress\/plugins\/seo\/ -->\n<title>L\u2019\u00e9quipe de Tunisie de bobsleigh aux JO de la jeunesse d\u2019hiver en Cor\u00e9e du Sud - Kapitalis<\/title>\n<meta name=\"robots\" content=\"index, follow, max-snippet:-1, max-image-preview:large, max-video-preview:-1\" \/>\n<link rel=\"canonical\" href=\"https:\/\/kapitalis.com\/tunisie\/2024\/01\/18\/lequipe-de-tunisie-de-bobsleigh-aux-jo-de-la-jeunesse-dhiver-en-coree-du-sud\/\" \/>\n<meta property=\"og:locale\" content=\"fr_FR\" \/>\n<meta property=\"og:type\" content=\"article\" \/>\n<meta property=\"og:title\" content=\"L\u2019\u00e9quipe de Tunisie de bobsleigh aux JO de la jeunesse d\u2019hiver en Cor\u00e9e du Sud - Kapitalis\" \/>\n<meta property=\"og:description\" content=\"Une \u00e9quipe tunisienne de bobsleigh se pr\u00e9pare pour les JO d\u2019hiver \u00e0 Gangwon, en Cor\u00e9e du Sud.\" \/>\n<meta property=\"og:url\" content=\"https:\/\/kapitalis.com\/tunisie\/2024\/01\/18\/lequipe-de-tunisie-de-bobsleigh-aux-jo-de-la-jeunesse-dhiver-en-coree-du-sud\/\" \/>\n<meta property=\"og:site_name\" content=\"Kapitalis\" \/>\n<meta property=\"article:publisher\" content=\"https:\/\/www.facebook.com\/KapitalisInfo\/\" \/>\n<meta property=\"article:published_time\" content=\"2024-01-18T10:02:52+00:00\" \/>\n<meta property=\"article:modified_time\" content=\"2024-01-18T10:02:54+00:00\" \/>\n<meta property=\"og:image\" content=\"https:\/\/kapitalis.com\/tunisie\/wp-content\/uploads\/2024\/01\/Equipe-tunisienne-de-bobsleigh.jpg\" \/>\n\t<meta property=\"og:image:width\" content=\"1200\" \/>\n\t<meta property=\"og:image:height\" content=\"630\" \/>\n\t<meta property=\"og:image:type\" content=\"image\/jpeg\" \/>\n<meta name=\"author\" content=\"webmaster kapitalis\" \/>\n<meta name=\"twitter:card\" content=\"summary_large_image\" \/>\n<meta name=\"twitter:creator\" content=\"@KapitalisInfo\" \/>\n<meta name=\"twitter:site\" content=\"@KapitalisInfo\" \/>\n<meta name=\"twitter:label1\" content=\"\u00c9crit par\" \/>\n\t<meta name=\"twitter:data1\" content=\"webmaster kapitalis\" \/>\n\t<meta name=\"twitter:label2\" content=\"Dur\u00e9e de lecture estim\u00e9e\" \/>\n\t<meta name=\"twitter:data2\" content=\"2 minutes\" \/>\n<script type=\"application\/ld+json\" class=\"yoast-schema-graph\">{\"@context\":\"https:\/\/schema.org\",\"@graph\":[{\"@type\":\"Article\",\"@id\":\"https:\/\/kapitalis.com\/tunisie\/2024\/01\/18\/lequipe-de-tunisie-de-bobsleigh-aux-jo-de-la-jeunesse-dhiver-en-coree-du-sud\/#article\",\"isPartOf\":{\"@id\":\"https:\/\/kapitalis.com\/tunisie\/2024\/01\/18\/lequipe-de-tunisie-de-bobsleigh-aux-jo-de-la-jeunesse-dhiver-en-coree-du-sud\/\"},\"author\":{\"name\":\"webmaster kapitalis\",\"@id\":\"https:\/\/kapitalis.com\/tunisie\/#\/schema\/person\/d71f33a9ca44f7bad4698210b480c8e9\"},\"headline\":\"L\u2019\u00e9quipe de Tunisie de bobsleigh aux JO de la jeunesse d\u2019hiver en Cor\u00e9e du Sud\",\"datePublished\":\"2024-01-18T10:02:52+00:00\",\"dateModified\":\"2024-01-18T10:02:54+00:00\",\"mainEntityOfPage\":{\"@id\":\"https:\/\/kapitalis.com\/tunisie\/2024\/01\/18\/lequipe-de-tunisie-de-bobsleigh-aux-jo-de-la-jeunesse-dhiver-en-coree-du-sud\/\"},\"wordCount\":300,\"commentCount\":0,\"publisher\":{\"@id\":\"https:\/\/kapitalis.com\/tunisie\/#organization\"},\"image\":{\"@id\":\"https:\/\/kapitalis.com\/tunisie\/2024\/01\/18\/lequipe-de-tunisie-de-bobsleigh-aux-jo-de-la-jeunesse-dhiver-en-coree-du-sud\/#primaryimage\"},\"thumbnailUrl\":\"https:\/\/kapitalis.com\/tunisie\/wp-content\/uploads\/2024\/01\/Equipe-tunisienne-de-bobsleigh.jpg\",\"keywords\":[\"Beya Mokrani\",\"Bobsleigh\",\"Cool Runnings\",\"Cor\u00e9e du Sud\",\"Gangwon\",\"Jonathan Lourimi\",\"Sophie Ghorbal\",\"Tunisie\"],\"articleSection\":[\"SPORT\",\"Tunisie\"],\"inLanguage\":\"fr-FR\",\"potentialAction\":[{\"@type\":\"CommentAction\",\"name\":\"Comment\",\"target\":[\"https:\/\/kapitalis.com\/tunisie\/2024\/01\/18\/lequipe-de-tunisie-de-bobsleigh-aux-jo-de-la-jeunesse-dhiver-en-coree-du-sud\/#respond\"]}]},{\"@type\":\"WebPage\",\"@id\":\"https:\/\/kapitalis.com\/tunisie\/2024\/01\/18\/lequipe-de-tunisie-de-bobsleigh-aux-jo-de-la-jeunesse-dhiver-en-coree-du-sud\/\",\"url\":\"https:\/\/kapitalis.com\/tunisie\/2024\/01\/18\/lequipe-de-tunisie-de-bobsleigh-aux-jo-de-la-jeunesse-dhiver-en-coree-du-sud\/\",\"name\":\"L\u2019\u00e9quipe de Tunisie de bobsleigh aux JO de la jeunesse d\u2019hiver en Cor\u00e9e du Sud - Kapitalis\",\"isPartOf\":{\"@id\":\"https:\/\/kapitalis.com\/tunisie\/#website\"},\"primaryImageOfPage\":{\"@id\":\"https:\/\/kapitalis.com\/tunisie\/2024\/01\/18\/lequipe-de-tunisie-de-bobsleigh-aux-jo-de-la-jeunesse-dhiver-en-coree-du-sud\/#primaryimage\"},\"image\":{\"@id\":\"https:\/\/kapitalis.com\/tunisie\/2024\/01\/18\/lequipe-de-tunisie-de-bobsleigh-aux-jo-de-la-jeunesse-dhiver-en-coree-du-sud\/#primaryimage\"},\"thumbnailUrl\":\"https:\/\/kapitalis.com\/tunisie\/wp-content\/uploads\/2024\/01\/Equipe-tunisienne-de-bobsleigh.jpg\",\"datePublished\":\"2024-01-18T10:02:52+00:00\",\"dateModified\":\"2024-01-18T10:02:54+00:00\",\"breadcrumb\":{\"@id\":\"https:\/\/kapitalis.com\/tunisie\/2024\/01\/18\/lequipe-de-tunisie-de-bobsleigh-aux-jo-de-la-jeunesse-dhiver-en-coree-du-sud\/#breadcrumb\"},\"inLanguage\":\"fr-FR\",\"potentialAction\":[{\"@type\":\"ReadAction\",\"target\":[\"https:\/\/kapitalis.com\/tunisie\/2024\/01\/18\/lequipe-de-tunisie-de-bobsleigh-aux-jo-de-la-jeunesse-dhiver-en-coree-du-sud\/\"]}]},{\"@type\":\"ImageObject\",\"inLanguage\":\"fr-FR\",\"@id\":\"https:\/\/kapitalis.com\/tunisie\/2024\/01\/18\/lequipe-de-tunisie-de-bobsleigh-aux-jo-de-la-jeunesse-dhiver-en-coree-du-sud\/#primaryimage\",\"url\":\"https:\/\/kapitalis.com\/tunisie\/wp-content\/uploads\/2024\/01\/Equipe-tunisienne-de-bobsleigh.jpg\",\"contentUrl\":\"https:\/\/kapitalis.com\/tunisie\/wp-content\/uploads\/2024\/01\/Equipe-tunisienne-de-bobsleigh.jpg\",\"width\":1200,\"height\":630},{\"@type\":\"BreadcrumbList\",\"@id\":\"https:\/\/kapitalis.com\/tunisie\/2024\/01\/18\/lequipe-de-tunisie-de-bobsleigh-aux-jo-de-la-jeunesse-dhiver-en-coree-du-sud\/#breadcrumb\",\"itemListElement\":[{\"@type\":\"ListItem\",\"position\":1,\"name\":\"Accueil\",\"item\":\"https:\/\/kapitalis.com\/tunisie\/\"},{\"@type\":\"ListItem\",\"position\":2,\"name\":\"L\u2019\u00e9quipe de Tunisie de bobsleigh aux JO de la jeunesse d\u2019hiver en Cor\u00e9e du Sud\"}]},{\"@type\":\"WebSite\",\"@id\":\"https:\/\/kapitalis.com\/tunisie\/#website\",\"url\":\"https:\/\/kapitalis.com\/tunisie\/\",\"name\":\"Kapitalis\",\"description\":\"L&#039;actualit\u00e9 en Tunisie et dans le monde\",\"publisher\":{\"@id\":\"https:\/\/kapitalis.com\/tunisie\/#organization\"},\"potentialAction\":[{\"@type\":\"SearchAction\",\"target\":{\"@type\":\"EntryPoint\",\"urlTemplate\":\"https:\/\/kapitalis.com\/tunisie\/?s={search_term_string}\"},\"query-input\":{\"@type\":\"PropertyValueSpecification\",\"valueRequired\":true,\"valueName\":\"search_term_string\"}}],\"inLanguage\":\"fr-FR\"},{\"@type\":\"Organization\",\"@id\":\"https:\/\/kapitalis.com\/tunisie\/#organization\",\"name\":\"Kapitalis\",\"url\":\"https:\/\/kapitalis.com\/tunisie\/\",\"logo\":{\"@type\":\"ImageObject\",\"inLanguage\":\"fr-FR\",\"@id\":\"https:\/\/kapitalis.com\/tunisie\/#\/schema\/logo\/image\/\",\"url\":\"https:\/\/kapitalis.com\/tunisie\/wp-content\/uploads\/2022\/05\/Kapitalis-big-size.png\",\"contentUrl\":\"https:\/\/kapitalis.com\/tunisie\/wp-content\/uploads\/2022\/05\/Kapitalis-big-size.png\",\"width\":5000,\"height\":1500,\"caption\":\"Kapitalis\"},\"image\":{\"@id\":\"https:\/\/kapitalis.com\/tunisie\/#\/schema\/logo\/image\/\"},\"sameAs\":[\"https:\/\/www.facebook.com\/KapitalisInfo\/\",\"https:\/\/x.com\/KapitalisInfo\",\"https:\/\/www.youtube.com\/channel\/UC-yDYrHyfFBWWZaOw3FPg9Q\"]},{\"@type\":\"Person\",\"@id\":\"https:\/\/kapitalis.com\/tunisie\/#\/schema\/person\/d71f33a9ca44f7bad4698210b480c8e9\",\"name\":\"webmaster kapitalis\",\"url\":\"https:\/\/kapitalis.com\/tunisie\/author\/webmaster-kapitalis\/\"}]}<\/script>\n<!-- \/ Yoast SEO plugin. -->","yoast_head_json":{"title":"L\u2019\u00e9quipe de Tunisie de bobsleigh aux JO de la jeunesse d\u2019hiver en Cor\u00e9e du Sud - Kapitalis","robots":{"index":"index","follow":"follow","max-snippet":"max-snippet:-1","max-image-preview":"max-image-preview:large","max-video-preview":"max-video-preview:-1"},"canonical":"https:\/\/kapitalis.com\/tunisie\/2024\/01\/18\/lequipe-de-tunisie-de-bobsleigh-aux-jo-de-la-jeunesse-dhiver-en-coree-du-sud\/","og_locale":"fr_FR","og_type":"article","og_title":"L\u2019\u00e9quipe de Tunisie de bobsleigh aux JO de la jeunesse d\u2019hiver en Cor\u00e9e du Sud - Kapitalis","og_description":"Une \u00e9quipe tunisienne de bobsleigh se pr\u00e9pare pour les JO d\u2019hiver \u00e0 Gangwon, en Cor\u00e9e du Sud.","og_url":"https:\/\/kapitalis.com\/tunisie\/2024\/01\/18\/lequipe-de-tunisie-de-bobsleigh-aux-jo-de-la-jeunesse-dhiver-en-coree-du-sud\/","og_site_name":"Kapitalis","article_publisher":"https:\/\/www.facebook.com\/KapitalisInfo\/","article_published_time":"2024-01-18T10:02:52+00:00","article_modified_time":"2024-01-18T10:02:54+00:00","og_image":[{"width":1200,"height":630,"url":"https:\/\/kapitalis.com\/tunisie\/wp-content\/uploads\/2024\/01\/Equipe-tunisienne-de-bobsleigh.jpg","type":"image\/jpeg"}],"author":"webmaster kapitalis","twitter_card":"summary_large_image","twitter_creator":"@KapitalisInfo","twitter_site":"@KapitalisInfo","twitter_misc":{"\u00c9crit par":"webmaster kapitalis","Dur\u00e9e de lecture estim\u00e9e":"2 minutes"},"schema":{"@context":"https:\/\/schema.org","@graph":[{"@type":"Article","@id":"https:\/\/kapitalis.com\/tunisie\/2024\/01\/18\/lequipe-de-tunisie-de-bobsleigh-aux-jo-de-la-jeunesse-dhiver-en-coree-du-sud\/#article","isPartOf":{"@id":"https:\/\/kapitalis.com\/tunisie\/2024\/01\/18\/lequipe-de-tunisie-de-bobsleigh-aux-jo-de-la-jeunesse-dhiver-en-coree-du-sud\/"},"author":{"name":"webmaster kapitalis","@id":"https:\/\/kapitalis.com\/tunisie\/#\/schema\/person\/d71f33a9ca44f7bad4698210b480c8e9"},"headline":"L\u2019\u00e9quipe de Tunisie de bobsleigh aux JO de la jeunesse d\u2019hiver en Cor\u00e9e du Sud","datePublished":"2024-01-18T10:02:52+00:00","dateModified":"2024-01-18T10:02:54+00:00","mainEntityOfPage":{"@id":"https:\/\/kapitalis.com\/tunisie\/2024\/01\/18\/lequipe-de-tunisie-de-bobsleigh-aux-jo-de-la-jeunesse-dhiver-en-coree-du-sud\/"},"wordCount":300,"commentCount":0,"publisher":{"@id":"https:\/\/kapitalis.com\/tunisie\/#organization"},"image":{"@id":"https:\/\/kapitalis.com\/tunisie\/2024\/01\/18\/lequipe-de-tunisie-de-bobsleigh-aux-jo-de-la-jeunesse-dhiver-en-coree-du-sud\/#primaryimage"},"thumbnailUrl":"https:\/\/kapitalis.com\/tunisie\/wp-content\/uploads\/2024\/01\/Equipe-tunisienne-de-bobsleigh.jpg","keywords":["Beya Mokrani","Bobsleigh","Cool Runnings","Cor\u00e9e du Sud","Gangwon","Jonathan Lourimi","Sophie Ghorbal","Tunisie"],"articleSection":["SPORT","Tunisie"],"inLanguage":"fr-FR","potentialAction":[{"@type":"CommentAction","name":"Comment","target":["https:\/\/kapitalis.com\/tunisie\/2024\/01\/18\/lequipe-de-tunisie-de-bobsleigh-aux-jo-de-la-jeunesse-dhiver-en-coree-du-sud\/#respond"]}]},{"@type":"WebPage","@id":"https:\/\/kapitalis.com\/tunisie\/2024\/01\/18\/lequipe-de-tunisie-de-bobsleigh-aux-jo-de-la-jeunesse-dhiver-en-coree-du-sud\/","url":"https:\/\/kapitalis.com\/tunisie\/2024\/01\/18\/lequipe-de-tunisie-de-bobsleigh-aux-jo-de-la-jeunesse-dhiver-en-coree-du-sud\/","name":"L\u2019\u00e9quipe de Tunisie de bobsleigh aux JO de la jeunesse d\u2019hiver en Cor\u00e9e du Sud - Kapitalis","isPartOf":{"@id":"https:\/\/kapitalis.com\/tunisie\/#website"},"primaryImageOfPage":{"@id":"https:\/\/kapitalis.com\/tunisie\/2024\/01\/18\/lequipe-de-tunisie-de-bobsleigh-aux-jo-de-la-jeunesse-dhiver-en-coree-du-sud\/#primaryimage"},"image":{"@id":"https:\/\/kapitalis.com\/tunisie\/2024\/01\/18\/lequipe-de-tunisie-de-bobsleigh-aux-jo-de-la-jeunesse-dhiver-en-coree-du-sud\/#primaryimage"},"thumbnailUrl":"https:\/\/kapitalis.com\/tunisie\/wp-content\/uploads\/2024\/01\/Equipe-tunisienne-de-bobsleigh.jpg","datePublished":"2024-01-18T10:02:52+00:00","dateModified":"2024-01-18T10:02:54+00:00","breadcrumb":{"@id":"https:\/\/kapitalis.com\/tunisie\/2024\/01\/18\/lequipe-de-tunisie-de-bobsleigh-aux-jo-de-la-jeunesse-dhiver-en-coree-du-sud\/#breadcrumb"},"inLanguage":"fr-FR","potentialAction":[{"@type":"ReadAction","target":["https:\/\/kapitalis.com\/tunisie\/2024\/01\/18\/lequipe-de-tunisie-de-bobsleigh-aux-jo-de-la-jeunesse-dhiver-en-coree-du-sud\/"]}]},{"@type":"ImageObject","inLanguage":"fr-FR","@id":"https:\/\/kapitalis.com\/tunisie\/2024\/01\/18\/lequipe-de-tunisie-de-bobsleigh-aux-jo-de-la-jeunesse-dhiver-en-coree-du-sud\/#primaryimage","url":"https:\/\/kapitalis.com\/tunisie\/wp-content\/uploads\/2024\/01\/Equipe-tunisienne-de-bobsleigh.jpg","contentUrl":"https:\/\/kapitalis.com\/tunisie\/wp-content\/uploads\/2024\/01\/Equipe-tunisienne-de-bobsleigh.jpg","width":1200,"height":630},{"@type":"BreadcrumbList","@id":"https:\/\/kapitalis.com\/tunisie\/2024\/01\/18\/lequipe-de-tunisie-de-bobsleigh-aux-jo-de-la-jeunesse-dhiver-en-coree-du-sud\/#breadcrumb","itemListElement":[{"@type":"ListItem","position":1,"name":"Accueil","item":"https:\/\/kapitalis.com\/tunisie\/"},{"@type":"ListItem","position":2,"name":"L\u2019\u00e9quipe de Tunisie de bobsleigh aux JO de la jeunesse d\u2019hiver en Cor\u00e9e du Sud"}]},{"@type":"WebSite","@id":"https:\/\/kapitalis.com\/tunisie\/#website","url":"https:\/\/kapitalis.com\/tunisie\/","name":"Kapitalis","description":"L&#039;actualit\u00e9 en Tunisie et dans le monde","publisher":{"@id":"https:\/\/kapitalis.com\/tunisie\/#organization"},"potentialAction":[{"@type":"SearchAction","target":{"@type":"EntryPoint","urlTemplate":"https:\/\/kapitalis.com\/tunisie\/?s={search_term_string}"},"query-input":{"@type":"PropertyValueSpecification","valueRequired":true,"valueName":"search_term_string"}}],"inLanguage":"fr-FR"},{"@type":"Organization","@id":"https:\/\/kapitalis.com\/tunisie\/#organization","name":"Kapitalis","url":"https:\/\/kapitalis.com\/tunisie\/","logo":{"@type":"ImageObject","inLanguage":"fr-FR","@id":"https:\/\/kapitalis.com\/tunisie\/#\/schema\/logo\/image\/","url":"https:\/\/kapitalis.com\/tunisie\/wp-content\/uploads\/2022\/05\/Kapitalis-big-size.png","contentUrl":"https:\/\/kapitalis.com\/tunisie\/wp-content\/uploads\/2022\/05\/Kapitalis-big-size.png","width":5000,"height":1500,"caption":"Kapitalis"},"image":{"@id":"https:\/\/kapitalis.com\/tunisie\/#\/schema\/logo\/image\/"},"sameAs":["https:\/\/www.facebook.com\/KapitalisInfo\/","https:\/\/x.com\/KapitalisInfo","https:\/\/www.youtube.com\/channel\/UC-yDYrHyfFBWWZaOw3FPg9Q"]},{"@type":"Person","@id":"https:\/\/kapitalis.com\/tunisie\/#\/schema\/person\/d71f33a9ca44f7bad4698210b480c8e9","name":"webmaster kapitalis","url":"https:\/\/kapitalis.com\/tunisie\/author\/webmaster-kapitalis\/"}]}},"_links":{"self":[{"href":"https:\/\/kapitalis.com\/tunisie\/wp-json\/wp\/v2\/posts\/11301978","targetHints":{"allow":["GET"]}}],"collection":[{"href":"https:\/\/kapitalis.com\/tunisie\/wp-json\/wp\/v2\/posts"}],"about":[{"href":"https:\/\/kapitalis.com\/tunisie\/wp-json\/wp\/v2\/types\/post"}],"author":[{"embeddable":true,"href":"https:\/\/kapitalis.com\/tunisie\/wp-json\/wp\/v2\/users\/8"}],"replies":[{"embeddable":true,"href":"https:\/\/kapitalis.com\/tunisie\/wp-json\/wp\/v2\/comments?post=11301978"}],"version-history":[{"count":1,"href":"https:\/\/kapitalis.com\/tunisie\/wp-json\/wp\/v2\/posts\/11301978\/revisions"}],"predecessor-version":[{"id":11302037,"href":"https:\/\/kapitalis.com\/tunisie\/wp-json\/wp\/v2\/posts\/11301978\/revisions\/11302037"}],"wp:featuredmedia":[{"embeddable":true,"href":"https:\/\/kapitalis.com\/tunisie\/wp-json\/wp\/v2\/media\/11301991"}],"wp:attachment":[{"href":"https:\/\/kapitalis.com\/tunisie\/wp-json\/wp\/v2\/media?parent=11301978"}],"wp:term":[{"taxonomy":"category","embeddable":true,"href":"https:\/\/kapitalis.com\/tunisie\/wp-json\/wp\/v2\/categories?post=11301978"},{"taxonomy":"post_tag","embeddable":true,"href":"https:\/\/kapitalis.com\/tunisie\/wp-json\/wp\/v2\/tags?post=11301978"}],"curies":[{"name":"wp","href":"https:\/\/api.w.org\/{rel}","templated":true}]}}