{"id":11314721,"date":"2024-01-20T08:40:29","date_gmt":"2024-01-20T07:40:29","guid":{"rendered":"https:\/\/kapitalis.com\/tunisie\/?p=11314721"},"modified":"2024-01-20T08:40:31","modified_gmt":"2024-01-20T07:40:31","slug":"revelations-comment-letat-americain-protege-t-il-les-violations-des-droits-humains-par-israel","status":"publish","type":"post","link":"https:\/\/kapitalis.com\/tunisie\/2024\/01\/20\/revelations-comment-letat-americain-protege-t-il-les-violations-des-droits-humains-par-israel\/","title":{"rendered":"R\u00e9v\u00e9lations: Comment l\u2019\u00c9tat am\u00e9ricain prot\u00e8ge-t-il les violations des droits humains par Isra\u00ebl?"},"content":{"rendered":"\n<p><strong><em>L\u2019examen de documents internes du d\u00e9partement d\u2019\u00c9tat am\u00e9ricain montre que des m\u00e9canismes sp\u00e9ciaux ont \u00e9t\u00e9 utilis\u00e9s pour prot\u00e9ger Isra\u00ebl des lois am\u00e9ricaines sur les droits de l\u2019homme et lui garantir ainsi d\u2019\u00e9chapper aux sanctions et de continuer de b\u00e9n\u00e9ficier de l\u2019armement US. Une illustration parfaite de la mani\u00e8re dont le deep state (l\u2019\u00c9tat profond) am\u00e9ricain est au service de l\u2019Etat h\u00e9breu. D\u00e9cryptage.\u00a0<\/em><\/strong>(<em>Illustration\u00a0: Une fresque repr\u00e9sentant la journaliste am\u00e9ricaine d\u2019Al Jazeera Shireen Abu Akleh, abattue par un soldat isra\u00e9lien dans la ville de J\u00e9nine en Cisjordanie, orne un mur de la ville de Gaza. Ph. Adel Hana\/AP)<\/em><\/p>\n\n\n\n<p>Par <strong>Imed Bahri<\/strong><\/p>\n\n\n\n<!--more-->\n\n\n\n<p>La responsable adjointe des investigations au sein du quotidien britannique <em><a href=\"https:\/\/www.theguardian.com\/world\/2024\/jan\/18\/us-supply-weapons-israel-alleged-abuses-human-rights\" target=\"_blank\" rel=\"noreferrer noopener\">The Guardian<\/a><\/em>, Stephanie Kirchgaessner, qui est par ailleurs install\u00e9e \u00e0 Washington, r\u00e9v\u00e8le que de hauts responsables am\u00e9ricains ont examin\u00e9 discr\u00e8tement plusieurs incidents de violations flagrantes pr\u00e9sum\u00e9es des droits de l\u2019homme par les forces de s\u00e9curit\u00e9 isra\u00e9liennes depuis 2020 mais ont d\u00e9ploy\u00e9 de grands efforts pour pr\u00e9server l\u2019acc\u00e8s continu aux armes am\u00e9ricaines pour les unit\u00e9s responsables de ces violations pr\u00e9sum\u00e9es contribuant ainsi au sentiment d\u2019impunit\u00e9 avec lequel Isra\u00ebl a abord\u00e9 sa guerre \u00e0 Gaza.<\/p>\n\n\n\n<h2 class=\"wp-block-heading\">Prot\u00e9ger Isra\u00ebl des lois am\u00e9ricaines<\/h2>\n\n\n\n<p>Cette investigation est bas\u00e9e sur un examen des documents internes du d\u00e9partement d\u2019\u00c9tat et des entretiens avec des personnes famili\u00e8res avec les d\u00e9lib\u00e9rations internes sensibles r\u00e9v\u00e8le comment des m\u00e9canismes sp\u00e9ciaux ont \u00e9t\u00e9 utilis\u00e9s au cours des derni\u00e8res ann\u00e9es pour prot\u00e9ger Isra\u00ebl des lois am\u00e9ricaines sur les droits de l\u2019homme alors m\u00eame que des unit\u00e9s militaires d\u2019autres alli\u00e9s qui re\u00e7oivent le soutien des \u00c9tats-Unis y compris l\u2019Ukraine ont \u00e9t\u00e9 sanctionn\u00e9es en priv\u00e9 et ont fait face \u00e0 des cons\u00e9quences pour avoir commis des violations des droits humains.&nbsp;<\/p>\n\n\n\n<p><em><a href=\"https:\/\/www.theguardian.com\/world\/2024\/jan\/18\/us-supply-weapons-israel-alleged-abuses-human-rights\" target=\"_blank\" rel=\"noreferrer noopener\">The Guardian<\/a><\/em> explique que tout s\u2019articule sur le contournement d\u2019une loi: <em>\u00abLes responsables du D\u00e9partement d\u2019\u00c9tat ont en effet pu contourner la loi am\u00e9ricaine cens\u00e9e emp\u00eacher la complicit\u00e9 des \u00c9tats-Unis dans les violations des droits de l\u2019homme par des unit\u00e9s militaires \u00e9trang\u00e8res \u2013 la loi Leahy des ann\u00e9es 1990, du nom du s\u00e9nateur du Vermont, Patrick Leahy, aujourd\u2019hui \u00e0 la retraite \u2013 parce que d\u2019anciens responsables disent que des politiques internes exceptionnelles du d\u00e9partement d\u2019\u00c9tat ont \u00e9t\u00e9 mises en place qui montrent une extr\u00eame d\u00e9f\u00e9rence envers le gouvernement isra\u00e9lien. Il n\u2019existe aucun arrangement sp\u00e9cial de ce type pour aucun autre alli\u00e9 des \u00c9tats-Unis. Le manque d\u2019application de la loi Leahy concernant Isra\u00ebl semble particuli\u00e8rement troublant pour l\u2019auteur de la loi.\u00bb<\/em><\/p>\n\n\n\n<p>Dans une d\u00e9claration au <em>Guardian<\/em>, l\u2019ancien s\u00e9nateur du Vermont a d\u00e9clar\u00e9 que le but de la loi Leahy \u00e9tait de prot\u00e9ger les \u00c9tats-Unis de toute culpabilit\u00e9 concernant des violations flagrantes des droits de l\u2019homme par les forces de s\u00e9curit\u00e9 \u00e9trang\u00e8res qui re\u00e7oivent l\u2019aide am\u00e9ricaine et de dissuader de futures violations. Il poursuit en estimant que&nbsp; <em>\u00abla loi n\u2019a pas \u00e9t\u00e9 appliqu\u00e9e de mani\u00e8re coh\u00e9rente et ce que nous avons vu en Cisjordanie et \u00e0 Gaza en est un exemple frappant. Pendant de nombreuses ann\u00e9es, j\u2019ai exhort\u00e9 les administrations am\u00e9ricaines successives \u00e0 appliquer la loi dans ce pays mais cela n\u2019a pas \u00e9t\u00e9 le cas\u00bb<\/em>.&nbsp;<\/p>\n\n\n\n<h2 class=\"wp-block-heading\">Impunit\u00e9 totale pour les crimes de Tsahal<\/h2>\n\n\n\n<p>Parmi les incidents examin\u00e9s depuis 2020 figurent le meurtre de Shireen Abu Akleh, la journaliste palestino-am\u00e9ricaine abattue par l\u2019arm\u00e9e isra\u00e9lienne en mai 2022, la mort d\u2019Omar Assad, un Palestinien-Am\u00e9ricain de 78 ans, d\u00e9c\u00e9d\u00e9 en janvier 2022 apr\u00e8s avoir \u00e9t\u00e9 d\u00e9tenu par Isra\u00ebl et l\u2019ex\u00e9cution extrajudiciaire pr\u00e9sum\u00e9e d\u2019Ahmad Abdu, un homme de 25 ans qui a \u00e9t\u00e9 abattu \u00e0 l\u2019aube par Tsahal en mai 2021 alors qu\u2019il \u00e9tait assis dans sa voiture.<\/p>\n\n\n<div class=\"wp-block-image\">\n<figure class=\"aligncenter size-full\"><img loading=\"lazy\" decoding=\"async\" width=\"800\" height=\"550\" src=\"https:\/\/kapitalis.com\/tunisie\/wp-content\/uploads\/2024\/01\/Funerailles-Omar-Assad-Cisjordanie.jpg\" alt=\"\" class=\"wp-image-11314775\" srcset=\"https:\/\/kapitalis.com\/tunisie\/wp-content\/uploads\/2024\/01\/Funerailles-Omar-Assad-Cisjordanie.jpg 800w, https:\/\/kapitalis.com\/tunisie\/wp-content\/uploads\/2024\/01\/Funerailles-Omar-Assad-Cisjordanie-300x206.jpg 300w, https:\/\/kapitalis.com\/tunisie\/wp-content\/uploads\/2024\/01\/Funerailles-Omar-Assad-Cisjordanie-768x528.jpg 768w, https:\/\/kapitalis.com\/tunisie\/wp-content\/uploads\/2024\/01\/Funerailles-Omar-Assad-Cisjordanie-580x399.jpg 580w\" sizes=\"auto, (max-width: 800px) 100vw, 800px\" \/><figcaption class=\"wp-element-caption\"><em>Fun\u00e9railles d\u2019Omar Assad, en Cisjordanie occup\u00e9e, le 13 janvier 2022. Ph Jaafar Ashtiyeh &#8211; Getty Image.<\/em><\/figcaption><\/figure>\n<\/div>\n\n\n<p>Un article paru dans <em>Haaretz<\/em> d\u00e9crit comment, apr\u00e8s avoir ouvert le feu sur la voiture, les troupes isra\u00e9liennes ont fait sortir Abdu, l\u2019ont tra\u00een\u00e9 sur quelques m\u00e8tres sur la route puis ont laiss\u00e9 son corps ensanglant\u00e9 sur la route et sont parties. Dans l\u2019examen de la mort d\u2019Abdu, dont les rapports sugg\u00e8rent qu\u2019il pourrait s\u2019agir d\u2019un cas d\u2019erreur d\u2019identit\u00e9, des documents internes du d\u00e9partement d\u2019\u00c9tat notent qu\u2019Isra\u00ebl a refus\u00e9 de r\u00e9pondre aux questions des responsables du d\u00e9partement d\u2019\u00c9tat sur la fusillade.<\/p>\n\n\n\n<p>Dans le cas d\u2019Omar Assad, l\u2019arm\u00e9e isra\u00e9lienne a d\u00e9clar\u00e9 en juin dernier qu\u2019elle ne porterait pas d\u2019accusations criminelles contre les soldats impliqu\u00e9s dans sa mort m\u00eame apr\u00e8s qu\u2019il aurait \u00e9t\u00e9 tra\u00een\u00e9 hors d\u2019une voiture, ligot\u00e9 et les yeux band\u00e9s apr\u00e8s avoir \u00e9t\u00e9 arr\u00eat\u00e9 \u00e0 un point de contr\u00f4le. L\u2019arm\u00e9e a d\u00e9clar\u00e9 que les soldats ne feraient pas l\u2019objet de poursuites car leurs actes ne pouvaient pas \u00eatre directement li\u00e9s \u00e0 la mort d\u2019Assad suite \u00e0 un arr\u00eat cardiaque, a rapport\u00e9 l\u2019Associated Press. Assad, citoyen am\u00e9ricain, a pass\u00e9 environ 40 ans dans le Midwest avant de prendre sa retraite en Cisjordanie en 2009.<\/p>\n\n\n\n<p>Des documents internes du d\u00e9partement d\u2019\u00c9tat montrent que les incidents ont \u00e9t\u00e9 examin\u00e9s dans le cadre d\u2019un processus peu connu \u00e9tabli par les responsables de la diplomatie am\u00e9ricaine en 2020 connu sous le nom de Israel Leahy Vetting Forum (ILVF), dans lequel des repr\u00e9sentants des bureaux concern\u00e9s du d\u00e9partement d\u2019\u00c9tat examinent les rapports faisant \u00e9tat de violations pr\u00e9sum\u00e9es des droits de l\u2019homme par l\u2019arm\u00e9e isra\u00e9lienne. En vertu de la loi Leahy, pour la plupart des pays et dans la plupart des cas, une unit\u00e9 militaire \u00e9trang\u00e8re se voit accorder une assistance ou une formation militaire am\u00e9ricaine apr\u00e8s avoir \u00e9t\u00e9 examin\u00e9e par le d\u00e9partement d\u2019\u00c9tat pour toute violation des droits de l\u2019homme signal\u00e9e. La loi interdit au D\u00e9partement d\u2019\u00c9tat et au D\u00e9partement de la D\u00e9fense de fournir des fonds, une assistance ou une formation \u00e0 des unit\u00e9s de forces de s\u00e9curit\u00e9 \u00e9trang\u00e8res lorsqu\u2019il existe des informations cr\u00e9dibles selon lesquelles ces forces ont commis une violation flagrante des droits de l\u2019homme.<\/p>\n\n\n\n<p>Des personnes famili\u00e8res au processus qui ont t\u00e9moign\u00e9 sous couvert d\u2019anonymat ont d\u00e9clar\u00e9 qu\u2019Isra\u00ebl avait b\u00e9n\u00e9fici\u00e9 de politiques extraordinaires au sein de l\u2019ILV dont les d\u00e9tails n\u2019avaient pas \u00e9t\u00e9 rapport\u00e9s auparavant.&nbsp; <em>\u00abPersonne ne l\u2019a dit mais tout le monde savait que les r\u00e8gles \u00e9taient diff\u00e9rentes pour Isra\u00ebl. Personne ne l\u2019admettra jamais, mais c\u2019est la v\u00e9rit\u00e9\u00bb<\/em>, a d\u00e9clar\u00e9 un ancien responsable du d\u00e9partement d\u2019\u00c9tat.<\/p>\n\n\n<div class=\"wp-block-image\">\n<figure class=\"aligncenter size-full is-resized\"><img loading=\"lazy\" decoding=\"async\" width=\"800\" height=\"550\" src=\"https:\/\/kapitalis.com\/tunisie\/wp-content\/uploads\/2024\/01\/Funerailles-de-Shireen-Abu-Akleh.jpg\" alt=\"\" class=\"wp-image-11314753\" style=\"width:800px\" srcset=\"https:\/\/kapitalis.com\/tunisie\/wp-content\/uploads\/2024\/01\/Funerailles-de-Shireen-Abu-Akleh.jpg 800w, https:\/\/kapitalis.com\/tunisie\/wp-content\/uploads\/2024\/01\/Funerailles-de-Shireen-Abu-Akleh-300x206.jpg 300w, https:\/\/kapitalis.com\/tunisie\/wp-content\/uploads\/2024\/01\/Funerailles-de-Shireen-Abu-Akleh-768x528.jpg 768w, https:\/\/kapitalis.com\/tunisie\/wp-content\/uploads\/2024\/01\/Funerailles-de-Shireen-Abu-Akleh-580x399.jpg 580w\" sizes=\"auto, (max-width: 800px) 100vw, 800px\" \/><figcaption class=\"wp-element-caption\"><em>Le cort\u00e8ge fun\u00e8bre de la journaliste d&rsquo;Al Jazeera Shireen Abu Akleh l\u00e0 J\u00e9rusalem. Ph. Eyal Warshavsky-Getty Images.<\/em><\/figcaption><\/figure>\n<\/div>\n\n\n<p>Pour les partisans de la loi Leahy, comme Tim Rieser qui a longtemps conseill\u00e9 le s\u00e9nateur Leahy sur les questions de politique internationale, l\u2019absence de responsabilit\u00e9 dans le meurtre de Shireen Abu Akleh, l\u2019\u00e9minente journaliste d\u2019<em>Al Jazeera<\/em>, est particuli\u00e8rement exasp\u00e9rante et a fait l\u2019objet de critiques de la part de hauts d\u00e9mocrates au Capitole.<\/p>\n\n\n\n<p><em>\u00abSi les \u00c9tats-Unis avaient \u00e9t\u00e9 dispos\u00e9s \u00e0 appliquer la loi Leahy concernant Isra\u00ebl, l\u2019arm\u00e9e isra\u00e9lienne aurait probablement \u00e9t\u00e9 plus encline \u00e0 demander des comptes \u00e0 ses soldats ce qui aurait contribu\u00e9 \u00e0 dissuader les meurtres de civils comme Shireen Abu Akleh et bien d\u2019autres et ce que nous voyons aujourd\u2019hui\u00bb<\/em>, a d\u00e9clar\u00e9 Rieser. <em>\u00abSinon, ils auraient \u00e9t\u00e9 confront\u00e9s \u00e0 une interruption de l\u2019aide am\u00e9ricaine ce qui aurait \u00e9t\u00e9 une v\u00e9ritable marque noire et une \u00e9pine dans les relations entre les \u00c9tats-Unis et Isra\u00ebl\u00bb<\/em>, a-t-il ajout\u00e9.<\/p>\n\n\n\n<p>Abu Akleh, citoyenne am\u00e9ricaine, a \u00e9t\u00e9 tu\u00e9e par une balle qui a touch\u00e9 l\u2019arri\u00e8re de sa t\u00eate alors qu\u2019elle couvrait une op\u00e9ration isra\u00e9lienne dans la ville de J\u00e9nine, en Cisjordanie. Une enqu\u00eate de CNN a r\u00e9v\u00e9l\u00e9 qu\u2019il n\u2019y avait pas eu de combats actifs ni de militants palestiniens pr\u00e8s d\u2019Abu Akleh dans les instants pr\u00e9c\u00e9dant sa mort et les images obtenues par la cha\u00eene ont corrobor\u00e9 les t\u00e9moignages sugg\u00e9rant que les forces isra\u00e9liennes avaient clairement vis\u00e9 la journaliste.<\/p>\n\n\n<div class=\"wp-block-image\">\n<figure class=\"aligncenter size-full is-resized\"><img loading=\"lazy\" decoding=\"async\" width=\"800\" height=\"550\" src=\"https:\/\/kapitalis.com\/tunisie\/wp-content\/uploads\/2024\/01\/Eyad-Al-Hallaq.jpg\" alt=\"\" class=\"wp-image-11314764\" style=\"width:800px\" srcset=\"https:\/\/kapitalis.com\/tunisie\/wp-content\/uploads\/2024\/01\/Eyad-Al-Hallaq.jpg 800w, https:\/\/kapitalis.com\/tunisie\/wp-content\/uploads\/2024\/01\/Eyad-Al-Hallaq-300x206.jpg 300w, https:\/\/kapitalis.com\/tunisie\/wp-content\/uploads\/2024\/01\/Eyad-Al-Hallaq-768x528.jpg 768w, https:\/\/kapitalis.com\/tunisie\/wp-content\/uploads\/2024\/01\/Eyad-Al-Hallaq-580x399.jpg 580w\" sizes=\"auto, (max-width: 800px) 100vw, 800px\" \/><figcaption class=\"wp-element-caption\"><em>Des gens brandissent des photos d&rsquo;Eyad al-Hallaq devant le tribunal de district de J\u00e9rusalem en juillet apr\u00e8s le verdict du tribunal acquittant le policier qui a tu\u00e9 Al-Hallaq. Ph. Mostafa Alkharouf-Getty Images.<\/em><\/figcaption><\/figure>\n<\/div>\n\n\n<p>Parmi les autres cas qui ont \u00e9t\u00e9 examin\u00e9s par l\u2019ILVF mais pour lesquels les responsables am\u00e9ricains ont finalement refus\u00e9 de parvenir \u00e0 un consensus et de prendre des mesures, citons, le meurtre de Sanad Salem Al-Harbad, un b\u00e9douin qui aurait re\u00e7u deux balles dans le dos par la police isra\u00e9lienne en mars 2022, le meurtre d\u2019Ahmad Jamil Fahd qui aurait \u00e9t\u00e9 abattu par la police et laiss\u00e9 se vider de son sang par une unit\u00e9 d\u2019agents isra\u00e9liens infiltr\u00e9s, l\u2019agression pr\u00e9sum\u00e9e de la journaliste d\u2019<em>Al Jazeera<\/em> Givara Budeiri&nbsp;pendant une garde \u00e0 vue par la police isra\u00e9lienne, le meurtre en 2020 d\u2019Eyad Al-Hallaq, un homme autiste non arm\u00e9 de 32 ans, par la police isra\u00e9lienne \u00e0 J\u00e9rusalem-Est, le meurtre d\u2019un gar\u00e7on de 15 ans nomm\u00e9 Mohammed Hamayel et la fusillade de Jana Kiswani, une Palestinienne de 16 ans.<\/p>\n\n\n\n<h2 class=\"wp-block-heading\">Complicit\u00e9 am\u00e9ricaine avec les crimes d\u2019Isra\u00ebl<\/h2>\n\n\n\n<p>La connivence et la complaisance am\u00e9ricaines \u00e0 l\u2019endroit d\u2019Isra\u00ebl va encore plus loin. Nulle part le double standard des \u00c9tats-Unis \u00e0 l\u2019\u00e9gard d\u2019Isra\u00ebl n\u2019est plus \u00e9vident que dans un accord de 2021 sign\u00e9 par une haute responsable du d\u00e9partement d\u2019\u00c9tat Jessica Lewis qui occupe le poste de secr\u00e9taire adjointe aux affaires politiques, et l\u2019ambassadeur d\u2019Isra\u00ebl aux \u00c9tats-Unis Michael Herzog. L\u2019accord de deux pages de 2021 qui a re\u00e7u peu d\u2019attention des m\u00e9dias formalise les changements apport\u00e9s \u00e0 la loi Leahy et comprend une d\u00e9claration sur la mani\u00e8re dont Isra\u00ebl dispose d\u2019un <em>\u00absyst\u00e8me juridique robuste, ind\u00e9pendant et efficace, y compris son syst\u00e8me de justice militaire\u00bb<\/em>. Les \u00c9tats-Unis ont sign\u00e9 plusieurs accords similaires avec d\u2019autres pays \u00e0 cette \u00e9poque&nbsp;dont la Gr\u00e8ce, la Jordanie, la G\u00e9orgie, l\u2019Ukraine et la Lettonie mais aucun ne contient de dispositions approuvant les syst\u00e8mes de justice militaire des autres pays.<\/p>\n\n\n\n<p>Concernant tous les cas des crimes isra\u00e9liens \u00e9voqu\u00e9s par l\u2019enqu\u00eate du <em>Guardian<\/em>, aucun n\u2019a donn\u00e9 lieu \u00e0 une sanction am\u00e9ricaine contre Isra\u00ebl ce qui prouve le niveau de soutien de l\u2019\u00c9tat profond am\u00e9ricain \u00e0 ce pays dont l\u2019une des cons\u00e9quences d\u00e9sastreuses est l\u2019impunit\u00e9 que ressentent les responsables isra\u00e9liens comme Benjamin Netanyahu au point de commettre des crimes et un g\u00e9nocide \u00e0 Gaza depuis plus de 100 jours et de les poursuivre au nez et \u00e0 la barbe du monde entier.<\/p>\n\n\n\n<p>La responsabilit\u00e9 de l\u2019\u00c9tat profond am\u00e9ricain et de ses responsables pro-isra\u00e9liens dans les crimes perp\u00e9tr\u00e9s par Isra\u00ebl est sans \u00e9quivoque et rel\u00e8ve de la complicit\u00e9 active.<\/p>\n","protected":false},"excerpt":{"rendered":"<p>Les lois am\u00e9ricaines s&rsquo;appliquent \u00e0 tous les Etats, y compris aux Etats-Unis, mais jamais \u00e0 Isra\u00ebl; notamment en ce qui concerne les violations des droits humains.  <\/p>\n","protected":false},"author":8,"featured_media":11314746,"comment_status":"open","ping_status":"open","sticky":false,"template":"","format":"standard","meta":{"footnotes":""},"categories":[992,997,2433],"tags":[113500,75918,113499,113498,2478,113497,113495,113496,99630,90199],"class_list":["post-11314721","post","type-post","status-publish","format-standard","has-post-thumbnail","hentry","category-a-la-une","category-politique","category-tunisie","tag-ahmad-jamil-fahd","tag-etats-unis-2","tag-eyad-al-hallaq","tag-givara-budeiri","tag-israel","tag-jessica-lewis","tag-loi-leahy","tag-michael-herzog","tag-shireen-abu-akleh","tag-tsahal"],"yoast_head":"<!-- This site is optimized with the Yoast SEO plugin v26.6 - https:\/\/yoast.com\/wordpress\/plugins\/seo\/ -->\n<title>R\u00e9v\u00e9lations: Comment l\u2019\u00c9tat am\u00e9ricain prot\u00e8ge-t-il les violations des droits humains par Isra\u00ebl? - Kapitalis<\/title>\n<meta name=\"robots\" content=\"index, follow, max-snippet:-1, max-image-preview:large, max-video-preview:-1\" \/>\n<link rel=\"canonical\" href=\"https:\/\/kapitalis.com\/tunisie\/2024\/01\/20\/revelations-comment-letat-americain-protege-t-il-les-violations-des-droits-humains-par-israel\/\" \/>\n<meta property=\"og:locale\" content=\"fr_FR\" \/>\n<meta property=\"og:type\" content=\"article\" \/>\n<meta property=\"og:title\" content=\"R\u00e9v\u00e9lations: Comment l\u2019\u00c9tat am\u00e9ricain prot\u00e8ge-t-il les violations des droits humains par Isra\u00ebl? - Kapitalis\" \/>\n<meta property=\"og:description\" content=\"Les lois am\u00e9ricaines s&#039;appliquent \u00e0 tous les Etats, y compris aux Etats-Unis, mais jamais \u00e0 Isra\u00ebl; notamment en ce qui concerne les violations des droits humains.\" \/>\n<meta property=\"og:url\" content=\"https:\/\/kapitalis.com\/tunisie\/2024\/01\/20\/revelations-comment-letat-americain-protege-t-il-les-violations-des-droits-humains-par-israel\/\" \/>\n<meta property=\"og:site_name\" content=\"Kapitalis\" \/>\n<meta property=\"article:publisher\" content=\"https:\/\/www.facebook.com\/KapitalisInfo\/\" \/>\n<meta property=\"article:published_time\" content=\"2024-01-20T07:40:29+00:00\" \/>\n<meta property=\"article:modified_time\" content=\"2024-01-20T07:40:31+00:00\" \/>\n<meta property=\"og:image\" content=\"https:\/\/kapitalis.com\/tunisie\/wp-content\/uploads\/2024\/01\/Shireen-Abu-Akleh.jpg\" \/>\n\t<meta property=\"og:image:width\" content=\"1200\" \/>\n\t<meta property=\"og:image:height\" content=\"630\" \/>\n\t<meta property=\"og:image:type\" content=\"image\/jpeg\" \/>\n<meta name=\"author\" content=\"webmaster kapitalis\" \/>\n<meta name=\"twitter:card\" content=\"summary_large_image\" \/>\n<meta name=\"twitter:creator\" content=\"@KapitalisInfo\" \/>\n<meta name=\"twitter:site\" content=\"@KapitalisInfo\" \/>\n<meta name=\"twitter:label1\" content=\"\u00c9crit par\" \/>\n\t<meta name=\"twitter:data1\" content=\"webmaster kapitalis\" \/>\n\t<meta name=\"twitter:label2\" content=\"Dur\u00e9e de lecture estim\u00e9e\" \/>\n\t<meta name=\"twitter:data2\" content=\"10 minutes\" \/>\n<script type=\"application\/ld+json\" class=\"yoast-schema-graph\">{\"@context\":\"https:\/\/schema.org\",\"@graph\":[{\"@type\":\"Article\",\"@id\":\"https:\/\/kapitalis.com\/tunisie\/2024\/01\/20\/revelations-comment-letat-americain-protege-t-il-les-violations-des-droits-humains-par-israel\/#article\",\"isPartOf\":{\"@id\":\"https:\/\/kapitalis.com\/tunisie\/2024\/01\/20\/revelations-comment-letat-americain-protege-t-il-les-violations-des-droits-humains-par-israel\/\"},\"author\":{\"name\":\"webmaster kapitalis\",\"@id\":\"https:\/\/kapitalis.com\/tunisie\/#\/schema\/person\/d71f33a9ca44f7bad4698210b480c8e9\"},\"headline\":\"R\u00e9v\u00e9lations: Comment l\u2019\u00c9tat am\u00e9ricain prot\u00e8ge-t-il les violations des droits humains par Isra\u00ebl?\",\"datePublished\":\"2024-01-20T07:40:29+00:00\",\"dateModified\":\"2024-01-20T07:40:31+00:00\",\"mainEntityOfPage\":{\"@id\":\"https:\/\/kapitalis.com\/tunisie\/2024\/01\/20\/revelations-comment-letat-americain-protege-t-il-les-violations-des-droits-humains-par-israel\/\"},\"wordCount\":1997,\"commentCount\":1,\"publisher\":{\"@id\":\"https:\/\/kapitalis.com\/tunisie\/#organization\"},\"image\":{\"@id\":\"https:\/\/kapitalis.com\/tunisie\/2024\/01\/20\/revelations-comment-letat-americain-protege-t-il-les-violations-des-droits-humains-par-israel\/#primaryimage\"},\"thumbnailUrl\":\"https:\/\/kapitalis.com\/tunisie\/wp-content\/uploads\/2024\/01\/Shireen-Abu-Akleh.jpg\",\"keywords\":[\"Ahmad Jamil Fahd\",\"Etats-Unis\",\"Eyad Al-Hallaq\",\"Givara Budeiri\",\"Isra\u00ebl\",\"Jessica Lewis\",\"loi Leahy\",\"Michael Herzog\",\"Shireen Abu Akleh\",\"Tsahal\"],\"articleSection\":[\"A LA UNE\",\"POLITIQUE\",\"Tunisie\"],\"inLanguage\":\"fr-FR\",\"potentialAction\":[{\"@type\":\"CommentAction\",\"name\":\"Comment\",\"target\":[\"https:\/\/kapitalis.com\/tunisie\/2024\/01\/20\/revelations-comment-letat-americain-protege-t-il-les-violations-des-droits-humains-par-israel\/#respond\"]}]},{\"@type\":\"WebPage\",\"@id\":\"https:\/\/kapitalis.com\/tunisie\/2024\/01\/20\/revelations-comment-letat-americain-protege-t-il-les-violations-des-droits-humains-par-israel\/\",\"url\":\"https:\/\/kapitalis.com\/tunisie\/2024\/01\/20\/revelations-comment-letat-americain-protege-t-il-les-violations-des-droits-humains-par-israel\/\",\"name\":\"R\u00e9v\u00e9lations: Comment l\u2019\u00c9tat am\u00e9ricain prot\u00e8ge-t-il les violations des droits humains par Isra\u00ebl? - Kapitalis\",\"isPartOf\":{\"@id\":\"https:\/\/kapitalis.com\/tunisie\/#website\"},\"primaryImageOfPage\":{\"@id\":\"https:\/\/kapitalis.com\/tunisie\/2024\/01\/20\/revelations-comment-letat-americain-protege-t-il-les-violations-des-droits-humains-par-israel\/#primaryimage\"},\"image\":{\"@id\":\"https:\/\/kapitalis.com\/tunisie\/2024\/01\/20\/revelations-comment-letat-americain-protege-t-il-les-violations-des-droits-humains-par-israel\/#primaryimage\"},\"thumbnailUrl\":\"https:\/\/kapitalis.com\/tunisie\/wp-content\/uploads\/2024\/01\/Shireen-Abu-Akleh.jpg\",\"datePublished\":\"2024-01-20T07:40:29+00:00\",\"dateModified\":\"2024-01-20T07:40:31+00:00\",\"breadcrumb\":{\"@id\":\"https:\/\/kapitalis.com\/tunisie\/2024\/01\/20\/revelations-comment-letat-americain-protege-t-il-les-violations-des-droits-humains-par-israel\/#breadcrumb\"},\"inLanguage\":\"fr-FR\",\"potentialAction\":[{\"@type\":\"ReadAction\",\"target\":[\"https:\/\/kapitalis.com\/tunisie\/2024\/01\/20\/revelations-comment-letat-americain-protege-t-il-les-violations-des-droits-humains-par-israel\/\"]}]},{\"@type\":\"ImageObject\",\"inLanguage\":\"fr-FR\",\"@id\":\"https:\/\/kapitalis.com\/tunisie\/2024\/01\/20\/revelations-comment-letat-americain-protege-t-il-les-violations-des-droits-humains-par-israel\/#primaryimage\",\"url\":\"https:\/\/kapitalis.com\/tunisie\/wp-content\/uploads\/2024\/01\/Shireen-Abu-Akleh.jpg\",\"contentUrl\":\"https:\/\/kapitalis.com\/tunisie\/wp-content\/uploads\/2024\/01\/Shireen-Abu-Akleh.jpg\",\"width\":1200,\"height\":630},{\"@type\":\"BreadcrumbList\",\"@id\":\"https:\/\/kapitalis.com\/tunisie\/2024\/01\/20\/revelations-comment-letat-americain-protege-t-il-les-violations-des-droits-humains-par-israel\/#breadcrumb\",\"itemListElement\":[{\"@type\":\"ListItem\",\"position\":1,\"name\":\"Accueil\",\"item\":\"https:\/\/kapitalis.com\/tunisie\/\"},{\"@type\":\"ListItem\",\"position\":2,\"name\":\"R\u00e9v\u00e9lations: Comment l\u2019\u00c9tat am\u00e9ricain prot\u00e8ge-t-il les violations des droits humains par Isra\u00ebl?\"}]},{\"@type\":\"WebSite\",\"@id\":\"https:\/\/kapitalis.com\/tunisie\/#website\",\"url\":\"https:\/\/kapitalis.com\/tunisie\/\",\"name\":\"Kapitalis\",\"description\":\"L&#039;actualit\u00e9 en Tunisie et dans le monde\",\"publisher\":{\"@id\":\"https:\/\/kapitalis.com\/tunisie\/#organization\"},\"potentialAction\":[{\"@type\":\"SearchAction\",\"target\":{\"@type\":\"EntryPoint\",\"urlTemplate\":\"https:\/\/kapitalis.com\/tunisie\/?s={search_term_string}\"},\"query-input\":{\"@type\":\"PropertyValueSpecification\",\"valueRequired\":true,\"valueName\":\"search_term_string\"}}],\"inLanguage\":\"fr-FR\"},{\"@type\":\"Organization\",\"@id\":\"https:\/\/kapitalis.com\/tunisie\/#organization\",\"name\":\"Kapitalis\",\"url\":\"https:\/\/kapitalis.com\/tunisie\/\",\"logo\":{\"@type\":\"ImageObject\",\"inLanguage\":\"fr-FR\",\"@id\":\"https:\/\/kapitalis.com\/tunisie\/#\/schema\/logo\/image\/\",\"url\":\"https:\/\/kapitalis.com\/tunisie\/wp-content\/uploads\/2022\/05\/Kapitalis-big-size.png\",\"contentUrl\":\"https:\/\/kapitalis.com\/tunisie\/wp-content\/uploads\/2022\/05\/Kapitalis-big-size.png\",\"width\":5000,\"height\":1500,\"caption\":\"Kapitalis\"},\"image\":{\"@id\":\"https:\/\/kapitalis.com\/tunisie\/#\/schema\/logo\/image\/\"},\"sameAs\":[\"https:\/\/www.facebook.com\/KapitalisInfo\/\",\"https:\/\/x.com\/KapitalisInfo\",\"https:\/\/www.youtube.com\/channel\/UC-yDYrHyfFBWWZaOw3FPg9Q\"]},{\"@type\":\"Person\",\"@id\":\"https:\/\/kapitalis.com\/tunisie\/#\/schema\/person\/d71f33a9ca44f7bad4698210b480c8e9\",\"name\":\"webmaster kapitalis\",\"url\":\"https:\/\/kapitalis.com\/tunisie\/author\/webmaster-kapitalis\/\"}]}<\/script>\n<!-- \/ Yoast SEO plugin. -->","yoast_head_json":{"title":"R\u00e9v\u00e9lations: Comment l\u2019\u00c9tat am\u00e9ricain prot\u00e8ge-t-il les violations des droits humains par Isra\u00ebl? - Kapitalis","robots":{"index":"index","follow":"follow","max-snippet":"max-snippet:-1","max-image-preview":"max-image-preview:large","max-video-preview":"max-video-preview:-1"},"canonical":"https:\/\/kapitalis.com\/tunisie\/2024\/01\/20\/revelations-comment-letat-americain-protege-t-il-les-violations-des-droits-humains-par-israel\/","og_locale":"fr_FR","og_type":"article","og_title":"R\u00e9v\u00e9lations: Comment l\u2019\u00c9tat am\u00e9ricain prot\u00e8ge-t-il les violations des droits humains par Isra\u00ebl? - Kapitalis","og_description":"Les lois am\u00e9ricaines s'appliquent \u00e0 tous les Etats, y compris aux Etats-Unis, mais jamais \u00e0 Isra\u00ebl; notamment en ce qui concerne les violations des droits humains.","og_url":"https:\/\/kapitalis.com\/tunisie\/2024\/01\/20\/revelations-comment-letat-americain-protege-t-il-les-violations-des-droits-humains-par-israel\/","og_site_name":"Kapitalis","article_publisher":"https:\/\/www.facebook.com\/KapitalisInfo\/","article_published_time":"2024-01-20T07:40:29+00:00","article_modified_time":"2024-01-20T07:40:31+00:00","og_image":[{"width":1200,"height":630,"url":"https:\/\/kapitalis.com\/tunisie\/wp-content\/uploads\/2024\/01\/Shireen-Abu-Akleh.jpg","type":"image\/jpeg"}],"author":"webmaster kapitalis","twitter_card":"summary_large_image","twitter_creator":"@KapitalisInfo","twitter_site":"@KapitalisInfo","twitter_misc":{"\u00c9crit par":"webmaster kapitalis","Dur\u00e9e de lecture estim\u00e9e":"10 minutes"},"schema":{"@context":"https:\/\/schema.org","@graph":[{"@type":"Article","@id":"https:\/\/kapitalis.com\/tunisie\/2024\/01\/20\/revelations-comment-letat-americain-protege-t-il-les-violations-des-droits-humains-par-israel\/#article","isPartOf":{"@id":"https:\/\/kapitalis.com\/tunisie\/2024\/01\/20\/revelations-comment-letat-americain-protege-t-il-les-violations-des-droits-humains-par-israel\/"},"author":{"name":"webmaster kapitalis","@id":"https:\/\/kapitalis.com\/tunisie\/#\/schema\/person\/d71f33a9ca44f7bad4698210b480c8e9"},"headline":"R\u00e9v\u00e9lations: Comment l\u2019\u00c9tat am\u00e9ricain prot\u00e8ge-t-il les violations des droits humains par Isra\u00ebl?","datePublished":"2024-01-20T07:40:29+00:00","dateModified":"2024-01-20T07:40:31+00:00","mainEntityOfPage":{"@id":"https:\/\/kapitalis.com\/tunisie\/2024\/01\/20\/revelations-comment-letat-americain-protege-t-il-les-violations-des-droits-humains-par-israel\/"},"wordCount":1997,"commentCount":1,"publisher":{"@id":"https:\/\/kapitalis.com\/tunisie\/#organization"},"image":{"@id":"https:\/\/kapitalis.com\/tunisie\/2024\/01\/20\/revelations-comment-letat-americain-protege-t-il-les-violations-des-droits-humains-par-israel\/#primaryimage"},"thumbnailUrl":"https:\/\/kapitalis.com\/tunisie\/wp-content\/uploads\/2024\/01\/Shireen-Abu-Akleh.jpg","keywords":["Ahmad Jamil Fahd","Etats-Unis","Eyad Al-Hallaq","Givara Budeiri","Isra\u00ebl","Jessica Lewis","loi Leahy","Michael Herzog","Shireen Abu Akleh","Tsahal"],"articleSection":["A LA UNE","POLITIQUE","Tunisie"],"inLanguage":"fr-FR","potentialAction":[{"@type":"CommentAction","name":"Comment","target":["https:\/\/kapitalis.com\/tunisie\/2024\/01\/20\/revelations-comment-letat-americain-protege-t-il-les-violations-des-droits-humains-par-israel\/#respond"]}]},{"@type":"WebPage","@id":"https:\/\/kapitalis.com\/tunisie\/2024\/01\/20\/revelations-comment-letat-americain-protege-t-il-les-violations-des-droits-humains-par-israel\/","url":"https:\/\/kapitalis.com\/tunisie\/2024\/01\/20\/revelations-comment-letat-americain-protege-t-il-les-violations-des-droits-humains-par-israel\/","name":"R\u00e9v\u00e9lations: Comment l\u2019\u00c9tat am\u00e9ricain prot\u00e8ge-t-il les violations des droits humains par Isra\u00ebl? - Kapitalis","isPartOf":{"@id":"https:\/\/kapitalis.com\/tunisie\/#website"},"primaryImageOfPage":{"@id":"https:\/\/kapitalis.com\/tunisie\/2024\/01\/20\/revelations-comment-letat-americain-protege-t-il-les-violations-des-droits-humains-par-israel\/#primaryimage"},"image":{"@id":"https:\/\/kapitalis.com\/tunisie\/2024\/01\/20\/revelations-comment-letat-americain-protege-t-il-les-violations-des-droits-humains-par-israel\/#primaryimage"},"thumbnailUrl":"https:\/\/kapitalis.com\/tunisie\/wp-content\/uploads\/2024\/01\/Shireen-Abu-Akleh.jpg","datePublished":"2024-01-20T07:40:29+00:00","dateModified":"2024-01-20T07:40:31+00:00","breadcrumb":{"@id":"https:\/\/kapitalis.com\/tunisie\/2024\/01\/20\/revelations-comment-letat-americain-protege-t-il-les-violations-des-droits-humains-par-israel\/#breadcrumb"},"inLanguage":"fr-FR","potentialAction":[{"@type":"ReadAction","target":["https:\/\/kapitalis.com\/tunisie\/2024\/01\/20\/revelations-comment-letat-americain-protege-t-il-les-violations-des-droits-humains-par-israel\/"]}]},{"@type":"ImageObject","inLanguage":"fr-FR","@id":"https:\/\/kapitalis.com\/tunisie\/2024\/01\/20\/revelations-comment-letat-americain-protege-t-il-les-violations-des-droits-humains-par-israel\/#primaryimage","url":"https:\/\/kapitalis.com\/tunisie\/wp-content\/uploads\/2024\/01\/Shireen-Abu-Akleh.jpg","contentUrl":"https:\/\/kapitalis.com\/tunisie\/wp-content\/uploads\/2024\/01\/Shireen-Abu-Akleh.jpg","width":1200,"height":630},{"@type":"BreadcrumbList","@id":"https:\/\/kapitalis.com\/tunisie\/2024\/01\/20\/revelations-comment-letat-americain-protege-t-il-les-violations-des-droits-humains-par-israel\/#breadcrumb","itemListElement":[{"@type":"ListItem","position":1,"name":"Accueil","item":"https:\/\/kapitalis.com\/tunisie\/"},{"@type":"ListItem","position":2,"name":"R\u00e9v\u00e9lations: Comment l\u2019\u00c9tat am\u00e9ricain prot\u00e8ge-t-il les violations des droits humains par Isra\u00ebl?"}]},{"@type":"WebSite","@id":"https:\/\/kapitalis.com\/tunisie\/#website","url":"https:\/\/kapitalis.com\/tunisie\/","name":"Kapitalis","description":"L&#039;actualit\u00e9 en Tunisie et dans le monde","publisher":{"@id":"https:\/\/kapitalis.com\/tunisie\/#organization"},"potentialAction":[{"@type":"SearchAction","target":{"@type":"EntryPoint","urlTemplate":"https:\/\/kapitalis.com\/tunisie\/?s={search_term_string}"},"query-input":{"@type":"PropertyValueSpecification","valueRequired":true,"valueName":"search_term_string"}}],"inLanguage":"fr-FR"},{"@type":"Organization","@id":"https:\/\/kapitalis.com\/tunisie\/#organization","name":"Kapitalis","url":"https:\/\/kapitalis.com\/tunisie\/","logo":{"@type":"ImageObject","inLanguage":"fr-FR","@id":"https:\/\/kapitalis.com\/tunisie\/#\/schema\/logo\/image\/","url":"https:\/\/kapitalis.com\/tunisie\/wp-content\/uploads\/2022\/05\/Kapitalis-big-size.png","contentUrl":"https:\/\/kapitalis.com\/tunisie\/wp-content\/uploads\/2022\/05\/Kapitalis-big-size.png","width":5000,"height":1500,"caption":"Kapitalis"},"image":{"@id":"https:\/\/kapitalis.com\/tunisie\/#\/schema\/logo\/image\/"},"sameAs":["https:\/\/www.facebook.com\/KapitalisInfo\/","https:\/\/x.com\/KapitalisInfo","https:\/\/www.youtube.com\/channel\/UC-yDYrHyfFBWWZaOw3FPg9Q"]},{"@type":"Person","@id":"https:\/\/kapitalis.com\/tunisie\/#\/schema\/person\/d71f33a9ca44f7bad4698210b480c8e9","name":"webmaster kapitalis","url":"https:\/\/kapitalis.com\/tunisie\/author\/webmaster-kapitalis\/"}]}},"_links":{"self":[{"href":"https:\/\/kapitalis.com\/tunisie\/wp-json\/wp\/v2\/posts\/11314721","targetHints":{"allow":["GET"]}}],"collection":[{"href":"https:\/\/kapitalis.com\/tunisie\/wp-json\/wp\/v2\/posts"}],"about":[{"href":"https:\/\/kapitalis.com\/tunisie\/wp-json\/wp\/v2\/types\/post"}],"author":[{"embeddable":true,"href":"https:\/\/kapitalis.com\/tunisie\/wp-json\/wp\/v2\/users\/8"}],"replies":[{"embeddable":true,"href":"https:\/\/kapitalis.com\/tunisie\/wp-json\/wp\/v2\/comments?post=11314721"}],"version-history":[{"count":1,"href":"https:\/\/kapitalis.com\/tunisie\/wp-json\/wp\/v2\/posts\/11314721\/revisions"}],"predecessor-version":[{"id":11314795,"href":"https:\/\/kapitalis.com\/tunisie\/wp-json\/wp\/v2\/posts\/11314721\/revisions\/11314795"}],"wp:featuredmedia":[{"embeddable":true,"href":"https:\/\/kapitalis.com\/tunisie\/wp-json\/wp\/v2\/media\/11314746"}],"wp:attachment":[{"href":"https:\/\/kapitalis.com\/tunisie\/wp-json\/wp\/v2\/media?parent=11314721"}],"wp:term":[{"taxonomy":"category","embeddable":true,"href":"https:\/\/kapitalis.com\/tunisie\/wp-json\/wp\/v2\/categories?post=11314721"},{"taxonomy":"post_tag","embeddable":true,"href":"https:\/\/kapitalis.com\/tunisie\/wp-json\/wp\/v2\/tags?post=11314721"}],"curies":[{"name":"wp","href":"https:\/\/api.w.org\/{rel}","templated":true}]}}