{"id":113230,"date":"2017-09-08T19:30:26","date_gmt":"2017-09-08T18:30:26","guid":{"rendered":"http:\/\/kapitalis.com\/tunisie\/?p=113230"},"modified":"2017-09-08T18:22:10","modified_gmt":"2017-09-08T17:22:10","slug":"le-match-nul-rdc-tunisie-emporte-un-jeune-congolais","status":"publish","type":"post","link":"https:\/\/kapitalis.com\/tunisie\/2017\/09\/08\/le-match-nul-rdc-tunisie-emporte-un-jeune-congolais\/","title":{"rendered":"Le match nul RDC-Tunisie emporte un jeune congolais"},"content":{"rendered":"<p style=\"text-align: center;\"><img loading=\"lazy\" decoding=\"async\" class=\"alignnone size-full wp-image-113231\" src=\"http:\/\/kapitalis.com\/tunisie\/wp-content\/uploads\/2017\/09\/Supporteurs-congolais.jpg\" alt=\"\" width=\"626\" height=\"380\" \/><\/p>\n<p><em><strong>Le match nul (2-2) conc\u00e9d\u00e9 par la R\u00e9publique d\u00e9mocratique Congo (RCD) devant la Tunisie, le mardi 5 septembre 2017, a caus\u00e9 la mort d\u2019un supporteur congolais.<\/strong><\/em><\/p>\n<p><!--more--><\/p>\n<p>Apr\u00e8s le Tunisien Dhia Eddine Maalaoui, joueur de l\u2019\u00e9quipe de football de Sejnane, d\u00e9c\u00e9d\u00e9 le soir du match, victime d\u2019un arr\u00eat cardiaque quelques secondes apr\u00e8s le but \u00e9galisateur de la Tunisie r\u00e9ussi par Anice Badri, un jeune supporteur congolais, tr\u00e8s d\u00e9\u00e7u par le l\u2019\u00e9galisation par les Aigles du Carthage, a quitt\u00e9 le bistrot o\u00f9 il regardait le match pour regagner la maison. Selon les m\u00e9dias congolais, il a eu un malaise et il est tomb\u00e9 devant un commissariat de police, \u00e0 environ 1 km du bistrot.<\/p>\n<p>Conduit \u00e0 l\u2019h\u00f4pital, il n\u2019a pu \u00eatre sauv\u00e9 \u00e0 cause de\u2026 la gr\u00e8ve des m\u00e9decins.<\/p>\n<p>Le malheur ne venant jamais seul, l\u2019infortun\u00e9 ne poss\u00e8de aucune pi\u00e8ce d\u2019identit\u00e9, ajoutent les m\u00e9dias congolais. Et la police a lanc\u00e9 une alerte pour retrouver ses proches.<\/p>\n<p style=\"text-align: right;\"><strong>H. M. <\/strong><\/p>\n","protected":false},"excerpt":{"rendered":"<p>Le match nul (2-2) conc\u00e9d\u00e9 par la R\u00e9publique d\u00e9mocratique Congo (RCD) devant la Tunisie, le mardi 5 septembre 2017, a caus\u00e9 la mort d\u2019un supporteur congolais.<\/p>\n","protected":false},"author":8,"featured_media":113231,"comment_status":"open","ping_status":"open","sticky":false,"template":"","format":"standard","meta":{"footnotes":""},"categories":[998,2433],"tags":[31275,769,1590],"class_list":["post-113230","post","type-post","status-publish","format-standard","has-post-thumbnail","hentry","category-societe","category-tunisie","tag-anice-badri","tag-rcd","tag-sejnane"],"yoast_head":"<!-- This site is optimized with the Yoast SEO plugin v26.6 - https:\/\/yoast.com\/wordpress\/plugins\/seo\/ -->\n<title>Le match nul RDC-Tunisie emporte un jeune congolais - Kapitalis<\/title>\n<meta name=\"robots\" content=\"index, follow, max-snippet:-1, max-image-preview:large, max-video-preview:-1\" \/>\n<link rel=\"canonical\" href=\"https:\/\/kapitalis.com\/tunisie\/2017\/09\/08\/le-match-nul-rdc-tunisie-emporte-un-jeune-congolais\/\" \/>\n<meta property=\"og:locale\" content=\"fr_FR\" \/>\n<meta property=\"og:type\" content=\"article\" \/>\n<meta property=\"og:title\" content=\"Le match nul RDC-Tunisie emporte un jeune congolais - Kapitalis\" \/>\n<meta property=\"og:description\" content=\"Le match nul (2-2) conc\u00e9d\u00e9 par la R\u00e9publique d\u00e9mocratique Congo (RCD) devant la Tunisie, le mardi 5 septembre 2017, a caus\u00e9 la mort d\u2019un supporteur congolais.\" \/>\n<meta property=\"og:url\" content=\"https:\/\/kapitalis.com\/tunisie\/2017\/09\/08\/le-match-nul-rdc-tunisie-emporte-un-jeune-congolais\/\" \/>\n<meta property=\"og:site_name\" content=\"Kapitalis\" \/>\n<meta property=\"article:publisher\" content=\"https:\/\/www.facebook.com\/KapitalisInfo\/\" \/>\n<meta property=\"article:published_time\" content=\"2017-09-08T18:30:26+00:00\" \/>\n<meta property=\"og:image\" content=\"https:\/\/kapitalis.com\/tunisie\/wp-content\/uploads\/2022\/05\/kapitalis-logo-fb.png\" \/>\n\t<meta property=\"og:image:width\" content=\"1200\" \/>\n\t<meta property=\"og:image:height\" content=\"630\" \/>\n\t<meta property=\"og:image:type\" content=\"image\/png\" \/>\n<meta name=\"author\" content=\"webmaster kapitalis\" \/>\n<meta name=\"twitter:card\" content=\"summary_large_image\" \/>\n<meta name=\"twitter:creator\" content=\"@KapitalisInfo\" \/>\n<meta name=\"twitter:site\" content=\"@KapitalisInfo\" \/>\n<meta name=\"twitter:label1\" content=\"\u00c9crit par\" \/>\n\t<meta name=\"twitter:data1\" content=\"webmaster kapitalis\" \/>\n\t<meta name=\"twitter:label2\" content=\"Dur\u00e9e de lecture estim\u00e9e\" \/>\n\t<meta name=\"twitter:data2\" content=\"1 minute\" \/>\n<script type=\"application\/ld+json\" class=\"yoast-schema-graph\">{\"@context\":\"https:\/\/schema.org\",\"@graph\":[{\"@type\":\"Article\",\"@id\":\"https:\/\/kapitalis.com\/tunisie\/2017\/09\/08\/le-match-nul-rdc-tunisie-emporte-un-jeune-congolais\/#article\",\"isPartOf\":{\"@id\":\"https:\/\/kapitalis.com\/tunisie\/2017\/09\/08\/le-match-nul-rdc-tunisie-emporte-un-jeune-congolais\/\"},\"author\":{\"name\":\"webmaster kapitalis\",\"@id\":\"https:\/\/kapitalis.com\/tunisie\/#\/schema\/person\/d71f33a9ca44f7bad4698210b480c8e9\"},\"headline\":\"Le match nul RDC-Tunisie emporte un jeune congolais\",\"datePublished\":\"2017-09-08T18:30:26+00:00\",\"mainEntityOfPage\":{\"@id\":\"https:\/\/kapitalis.com\/tunisie\/2017\/09\/08\/le-match-nul-rdc-tunisie-emporte-un-jeune-congolais\/\"},\"wordCount\":184,\"commentCount\":3,\"publisher\":{\"@id\":\"https:\/\/kapitalis.com\/tunisie\/#organization\"},\"image\":{\"@id\":\"https:\/\/kapitalis.com\/tunisie\/2017\/09\/08\/le-match-nul-rdc-tunisie-emporte-un-jeune-congolais\/#primaryimage\"},\"thumbnailUrl\":\"\",\"keywords\":[\"Anice Badri\",\"RCD\",\"Sejnane\"],\"articleSection\":[\"SOCIETE\",\"Tunisie\"],\"inLanguage\":\"fr-FR\",\"potentialAction\":[{\"@type\":\"CommentAction\",\"name\":\"Comment\",\"target\":[\"https:\/\/kapitalis.com\/tunisie\/2017\/09\/08\/le-match-nul-rdc-tunisie-emporte-un-jeune-congolais\/#respond\"]}]},{\"@type\":\"WebPage\",\"@id\":\"https:\/\/kapitalis.com\/tunisie\/2017\/09\/08\/le-match-nul-rdc-tunisie-emporte-un-jeune-congolais\/\",\"url\":\"https:\/\/kapitalis.com\/tunisie\/2017\/09\/08\/le-match-nul-rdc-tunisie-emporte-un-jeune-congolais\/\",\"name\":\"Le match nul RDC-Tunisie emporte un jeune congolais - Kapitalis\",\"isPartOf\":{\"@id\":\"https:\/\/kapitalis.com\/tunisie\/#website\"},\"primaryImageOfPage\":{\"@id\":\"https:\/\/kapitalis.com\/tunisie\/2017\/09\/08\/le-match-nul-rdc-tunisie-emporte-un-jeune-congolais\/#primaryimage\"},\"image\":{\"@id\":\"https:\/\/kapitalis.com\/tunisie\/2017\/09\/08\/le-match-nul-rdc-tunisie-emporte-un-jeune-congolais\/#primaryimage\"},\"thumbnailUrl\":\"\",\"datePublished\":\"2017-09-08T18:30:26+00:00\",\"breadcrumb\":{\"@id\":\"https:\/\/kapitalis.com\/tunisie\/2017\/09\/08\/le-match-nul-rdc-tunisie-emporte-un-jeune-congolais\/#breadcrumb\"},\"inLanguage\":\"fr-FR\",\"potentialAction\":[{\"@type\":\"ReadAction\",\"target\":[\"https:\/\/kapitalis.com\/tunisie\/2017\/09\/08\/le-match-nul-rdc-tunisie-emporte-un-jeune-congolais\/\"]}]},{\"@type\":\"ImageObject\",\"inLanguage\":\"fr-FR\",\"@id\":\"https:\/\/kapitalis.com\/tunisie\/2017\/09\/08\/le-match-nul-rdc-tunisie-emporte-un-jeune-congolais\/#primaryimage\",\"url\":\"\",\"contentUrl\":\"\"},{\"@type\":\"BreadcrumbList\",\"@id\":\"https:\/\/kapitalis.com\/tunisie\/2017\/09\/08\/le-match-nul-rdc-tunisie-emporte-un-jeune-congolais\/#breadcrumb\",\"itemListElement\":[{\"@type\":\"ListItem\",\"position\":1,\"name\":\"Accueil\",\"item\":\"https:\/\/kapitalis.com\/tunisie\/\"},{\"@type\":\"ListItem\",\"position\":2,\"name\":\"Le match nul RDC-Tunisie emporte un jeune congolais\"}]},{\"@type\":\"WebSite\",\"@id\":\"https:\/\/kapitalis.com\/tunisie\/#website\",\"url\":\"https:\/\/kapitalis.com\/tunisie\/\",\"name\":\"Kapitalis\",\"description\":\"L&#039;actualit\u00e9 en Tunisie et dans le monde\",\"publisher\":{\"@id\":\"https:\/\/kapitalis.com\/tunisie\/#organization\"},\"potentialAction\":[{\"@type\":\"SearchAction\",\"target\":{\"@type\":\"EntryPoint\",\"urlTemplate\":\"https:\/\/kapitalis.com\/tunisie\/?s={search_term_string}\"},\"query-input\":{\"@type\":\"PropertyValueSpecification\",\"valueRequired\":true,\"valueName\":\"search_term_string\"}}],\"inLanguage\":\"fr-FR\"},{\"@type\":\"Organization\",\"@id\":\"https:\/\/kapitalis.com\/tunisie\/#organization\",\"name\":\"Kapitalis\",\"url\":\"https:\/\/kapitalis.com\/tunisie\/\",\"logo\":{\"@type\":\"ImageObject\",\"inLanguage\":\"fr-FR\",\"@id\":\"https:\/\/kapitalis.com\/tunisie\/#\/schema\/logo\/image\/\",\"url\":\"https:\/\/kapitalis.com\/tunisie\/wp-content\/uploads\/2022\/05\/Kapitalis-big-size.png\",\"contentUrl\":\"https:\/\/kapitalis.com\/tunisie\/wp-content\/uploads\/2022\/05\/Kapitalis-big-size.png\",\"width\":5000,\"height\":1500,\"caption\":\"Kapitalis\"},\"image\":{\"@id\":\"https:\/\/kapitalis.com\/tunisie\/#\/schema\/logo\/image\/\"},\"sameAs\":[\"https:\/\/www.facebook.com\/KapitalisInfo\/\",\"https:\/\/x.com\/KapitalisInfo\",\"https:\/\/www.youtube.com\/channel\/UC-yDYrHyfFBWWZaOw3FPg9Q\"]},{\"@type\":\"Person\",\"@id\":\"https:\/\/kapitalis.com\/tunisie\/#\/schema\/person\/d71f33a9ca44f7bad4698210b480c8e9\",\"name\":\"webmaster kapitalis\",\"url\":\"https:\/\/kapitalis.com\/tunisie\/author\/webmaster-kapitalis\/\"}]}<\/script>\n<!-- \/ Yoast SEO plugin. -->","yoast_head_json":{"title":"Le match nul RDC-Tunisie emporte un jeune congolais - Kapitalis","robots":{"index":"index","follow":"follow","max-snippet":"max-snippet:-1","max-image-preview":"max-image-preview:large","max-video-preview":"max-video-preview:-1"},"canonical":"https:\/\/kapitalis.com\/tunisie\/2017\/09\/08\/le-match-nul-rdc-tunisie-emporte-un-jeune-congolais\/","og_locale":"fr_FR","og_type":"article","og_title":"Le match nul RDC-Tunisie emporte un jeune congolais - Kapitalis","og_description":"Le match nul (2-2) conc\u00e9d\u00e9 par la R\u00e9publique d\u00e9mocratique Congo (RCD) devant la Tunisie, le mardi 5 septembre 2017, a caus\u00e9 la mort d\u2019un supporteur congolais.","og_url":"https:\/\/kapitalis.com\/tunisie\/2017\/09\/08\/le-match-nul-rdc-tunisie-emporte-un-jeune-congolais\/","og_site_name":"Kapitalis","article_publisher":"https:\/\/www.facebook.com\/KapitalisInfo\/","article_published_time":"2017-09-08T18:30:26+00:00","og_image":[{"width":1200,"height":630,"url":"https:\/\/kapitalis.com\/tunisie\/wp-content\/uploads\/2022\/05\/kapitalis-logo-fb.png","type":"image\/png"}],"author":"webmaster kapitalis","twitter_card":"summary_large_image","twitter_creator":"@KapitalisInfo","twitter_site":"@KapitalisInfo","twitter_misc":{"\u00c9crit par":"webmaster kapitalis","Dur\u00e9e de lecture estim\u00e9e":"1 minute"},"schema":{"@context":"https:\/\/schema.org","@graph":[{"@type":"Article","@id":"https:\/\/kapitalis.com\/tunisie\/2017\/09\/08\/le-match-nul-rdc-tunisie-emporte-un-jeune-congolais\/#article","isPartOf":{"@id":"https:\/\/kapitalis.com\/tunisie\/2017\/09\/08\/le-match-nul-rdc-tunisie-emporte-un-jeune-congolais\/"},"author":{"name":"webmaster kapitalis","@id":"https:\/\/kapitalis.com\/tunisie\/#\/schema\/person\/d71f33a9ca44f7bad4698210b480c8e9"},"headline":"Le match nul RDC-Tunisie emporte un jeune congolais","datePublished":"2017-09-08T18:30:26+00:00","mainEntityOfPage":{"@id":"https:\/\/kapitalis.com\/tunisie\/2017\/09\/08\/le-match-nul-rdc-tunisie-emporte-un-jeune-congolais\/"},"wordCount":184,"commentCount":3,"publisher":{"@id":"https:\/\/kapitalis.com\/tunisie\/#organization"},"image":{"@id":"https:\/\/kapitalis.com\/tunisie\/2017\/09\/08\/le-match-nul-rdc-tunisie-emporte-un-jeune-congolais\/#primaryimage"},"thumbnailUrl":"","keywords":["Anice Badri","RCD","Sejnane"],"articleSection":["SOCIETE","Tunisie"],"inLanguage":"fr-FR","potentialAction":[{"@type":"CommentAction","name":"Comment","target":["https:\/\/kapitalis.com\/tunisie\/2017\/09\/08\/le-match-nul-rdc-tunisie-emporte-un-jeune-congolais\/#respond"]}]},{"@type":"WebPage","@id":"https:\/\/kapitalis.com\/tunisie\/2017\/09\/08\/le-match-nul-rdc-tunisie-emporte-un-jeune-congolais\/","url":"https:\/\/kapitalis.com\/tunisie\/2017\/09\/08\/le-match-nul-rdc-tunisie-emporte-un-jeune-congolais\/","name":"Le match nul RDC-Tunisie emporte un jeune congolais - Kapitalis","isPartOf":{"@id":"https:\/\/kapitalis.com\/tunisie\/#website"},"primaryImageOfPage":{"@id":"https:\/\/kapitalis.com\/tunisie\/2017\/09\/08\/le-match-nul-rdc-tunisie-emporte-un-jeune-congolais\/#primaryimage"},"image":{"@id":"https:\/\/kapitalis.com\/tunisie\/2017\/09\/08\/le-match-nul-rdc-tunisie-emporte-un-jeune-congolais\/#primaryimage"},"thumbnailUrl":"","datePublished":"2017-09-08T18:30:26+00:00","breadcrumb":{"@id":"https:\/\/kapitalis.com\/tunisie\/2017\/09\/08\/le-match-nul-rdc-tunisie-emporte-un-jeune-congolais\/#breadcrumb"},"inLanguage":"fr-FR","potentialAction":[{"@type":"ReadAction","target":["https:\/\/kapitalis.com\/tunisie\/2017\/09\/08\/le-match-nul-rdc-tunisie-emporte-un-jeune-congolais\/"]}]},{"@type":"ImageObject","inLanguage":"fr-FR","@id":"https:\/\/kapitalis.com\/tunisie\/2017\/09\/08\/le-match-nul-rdc-tunisie-emporte-un-jeune-congolais\/#primaryimage","url":"","contentUrl":""},{"@type":"BreadcrumbList","@id":"https:\/\/kapitalis.com\/tunisie\/2017\/09\/08\/le-match-nul-rdc-tunisie-emporte-un-jeune-congolais\/#breadcrumb","itemListElement":[{"@type":"ListItem","position":1,"name":"Accueil","item":"https:\/\/kapitalis.com\/tunisie\/"},{"@type":"ListItem","position":2,"name":"Le match nul RDC-Tunisie emporte un jeune congolais"}]},{"@type":"WebSite","@id":"https:\/\/kapitalis.com\/tunisie\/#website","url":"https:\/\/kapitalis.com\/tunisie\/","name":"Kapitalis","description":"L&#039;actualit\u00e9 en Tunisie et dans le monde","publisher":{"@id":"https:\/\/kapitalis.com\/tunisie\/#organization"},"potentialAction":[{"@type":"SearchAction","target":{"@type":"EntryPoint","urlTemplate":"https:\/\/kapitalis.com\/tunisie\/?s={search_term_string}"},"query-input":{"@type":"PropertyValueSpecification","valueRequired":true,"valueName":"search_term_string"}}],"inLanguage":"fr-FR"},{"@type":"Organization","@id":"https:\/\/kapitalis.com\/tunisie\/#organization","name":"Kapitalis","url":"https:\/\/kapitalis.com\/tunisie\/","logo":{"@type":"ImageObject","inLanguage":"fr-FR","@id":"https:\/\/kapitalis.com\/tunisie\/#\/schema\/logo\/image\/","url":"https:\/\/kapitalis.com\/tunisie\/wp-content\/uploads\/2022\/05\/Kapitalis-big-size.png","contentUrl":"https:\/\/kapitalis.com\/tunisie\/wp-content\/uploads\/2022\/05\/Kapitalis-big-size.png","width":5000,"height":1500,"caption":"Kapitalis"},"image":{"@id":"https:\/\/kapitalis.com\/tunisie\/#\/schema\/logo\/image\/"},"sameAs":["https:\/\/www.facebook.com\/KapitalisInfo\/","https:\/\/x.com\/KapitalisInfo","https:\/\/www.youtube.com\/channel\/UC-yDYrHyfFBWWZaOw3FPg9Q"]},{"@type":"Person","@id":"https:\/\/kapitalis.com\/tunisie\/#\/schema\/person\/d71f33a9ca44f7bad4698210b480c8e9","name":"webmaster kapitalis","url":"https:\/\/kapitalis.com\/tunisie\/author\/webmaster-kapitalis\/"}]}},"_links":{"self":[{"href":"https:\/\/kapitalis.com\/tunisie\/wp-json\/wp\/v2\/posts\/113230","targetHints":{"allow":["GET"]}}],"collection":[{"href":"https:\/\/kapitalis.com\/tunisie\/wp-json\/wp\/v2\/posts"}],"about":[{"href":"https:\/\/kapitalis.com\/tunisie\/wp-json\/wp\/v2\/types\/post"}],"author":[{"embeddable":true,"href":"https:\/\/kapitalis.com\/tunisie\/wp-json\/wp\/v2\/users\/8"}],"replies":[{"embeddable":true,"href":"https:\/\/kapitalis.com\/tunisie\/wp-json\/wp\/v2\/comments?post=113230"}],"version-history":[{"count":0,"href":"https:\/\/kapitalis.com\/tunisie\/wp-json\/wp\/v2\/posts\/113230\/revisions"}],"wp:featuredmedia":[{"embeddable":true,"href":"https:\/\/kapitalis.com\/tunisie\/wp-json\/wp\/v2\/media\/113231"}],"wp:attachment":[{"href":"https:\/\/kapitalis.com\/tunisie\/wp-json\/wp\/v2\/media?parent=113230"}],"wp:term":[{"taxonomy":"category","embeddable":true,"href":"https:\/\/kapitalis.com\/tunisie\/wp-json\/wp\/v2\/categories?post=113230"},{"taxonomy":"post_tag","embeddable":true,"href":"https:\/\/kapitalis.com\/tunisie\/wp-json\/wp\/v2\/tags?post=113230"}],"curies":[{"name":"wp","href":"https:\/\/api.w.org\/{rel}","templated":true}]}}