{"id":113457,"date":"2017-09-11T10:56:24","date_gmt":"2017-09-11T09:56:24","guid":{"rendered":"http:\/\/kapitalis.com\/tunisie\/?p=113457"},"modified":"2017-09-11T10:56:24","modified_gmt":"2017-09-11T09:56:24","slug":"flambee-des-prix-des-fournitures-scolaires","status":"publish","type":"post","link":"https:\/\/kapitalis.com\/tunisie\/2017\/09\/11\/flambee-des-prix-des-fournitures-scolaires\/","title":{"rendered":"Flamb\u00e9e des prix des fournitures scolaires"},"content":{"rendered":"<p style=\"text-align: center;\"><img loading=\"lazy\" decoding=\"async\" class=\"alignnone size-full wp-image-113462\" src=\"http:\/\/kapitalis.com\/tunisie\/wp-content\/uploads\/2017\/09\/fourniture-scolaire.jpg\" alt=\"\" width=\"626\" height=\"380\" \/><\/p>\n<p><em><strong>Selon l\u2019Institut national de la consommation (INC), les Tunisiens d\u00e9penseront 473 millions de dinars tunisiens (MDT) \u00e0 l&rsquo;occasion de la rentr\u00e9e scolaire.<\/strong><\/em><!--more--><\/p>\n<p>Tarek Ben Jazia, directeur g\u00e9n\u00e9ral de l\u2019INC, a indiqu\u00e9, dans une d\u00e9claration \u00e0 l\u2019agence Tunis Afrique Presse (Tap), hier, dimanche 10 septembre 2017, qu&rsquo;une \u00e9tude r\u00e9alis\u00e9e \u00e0 ce sujet \u00e9value le co\u00fbt de la rentr\u00e9e scolaire pour un \u00e9l\u00e8ve de l&rsquo;\u00e9cole primaire entre 42,280 DT et 83,890 DT. Avec le cartable et le tablier, la somme peut atteindre 91 DT, contre 79 DT, l&rsquo;ann\u00e9e derni\u00e8re.<\/p>\n<p>Quant aux \u00e9l\u00e8ves du coll\u00e8ge, le co\u00fbt de la rentr\u00e9e variera entre 137,670 DT et 142,890 DT, a indiqu\u00e9 M. Ben Jazia, ajoutant que le co\u00fbt de la fourniture scolaire d&rsquo;un \u00e9l\u00e8ve de la 7e ann\u00e9e de base est estim\u00e9 \u00e0 137 DT, contre 125 DT l\u2019ann\u00e9e derni\u00e8re.<\/p>\n<p>Le co\u00fbt de la rentr\u00e9e pour les \u00e9l\u00e8ves du secondaire est \u00e9valu\u00e9e entre 137,050 DT et 148,255 DT, alors que le co\u00fbt estimatif pour la rentr\u00e9e d\u2019un \u00e9l\u00e8ve au baccalaur\u00e9at est de 147 DT, contre 131 DT l&rsquo;ann\u00e9e derni\u00e8re, a encore pr\u00e9cis\u00e9 M. Ben Jazia.<\/p>\n<p>Au total, le co\u00fbt estimatif de la rentr\u00e9e de cette ann\u00e9e scolaire 2017-2018 variera entre 200,530 et 288,055 DT par \u00e9l\u00e8ve.<\/p>\n<p>Le directeur de l&rsquo;INC a, par ailleurs, appel\u00e9 les Tunisiens \u00e0 ne pas acheter les fournitures vendues dans les points de vente non-organis\u00e9s ou les \u00e9talages anarchiques, ajoutant que certaines fournitures contiennent\u00a0des produits dangereux, comme les phtalates, le plastique, les solvants organiques et les m\u00e9taux lourds.<\/p>\n<p style=\"text-align: right;\"><strong>E. B. A.<\/strong><\/p>\n","protected":false},"excerpt":{"rendered":"<p>Selon l\u2019Institut national de la consommation (INC), les Tunisiens d\u00e9penseront 473 millions de dinars tunisiens (MDT) \u00e0 l&rsquo;occasion de la rentr\u00e9e scolaire.<\/p>\n","protected":false},"author":16,"featured_media":113462,"comment_status":"open","ping_status":"open","sticky":false,"template":"","format":"standard","meta":{"footnotes":""},"categories":[993,2433],"tags":[4854,5650,3783,19044],"class_list":["post-113457","post","type-post","status-publish","format-standard","has-post-thumbnail","hentry","category-conso","category-tunisie","tag-fournitures-scolaires","tag-institut-national-de-la-consommation","tag-rentree-scolaire","tag-tarek-ben-jazia"],"yoast_head":"<!-- This site is optimized with the Yoast SEO plugin v26.6 - https:\/\/yoast.com\/wordpress\/plugins\/seo\/ -->\n<title>Flamb\u00e9e des prix des fournitures scolaires - Kapitalis<\/title>\n<meta name=\"robots\" content=\"index, follow, max-snippet:-1, max-image-preview:large, max-video-preview:-1\" \/>\n<link rel=\"canonical\" href=\"https:\/\/kapitalis.com\/tunisie\/2017\/09\/11\/flambee-des-prix-des-fournitures-scolaires\/\" \/>\n<meta property=\"og:locale\" content=\"fr_FR\" \/>\n<meta property=\"og:type\" content=\"article\" \/>\n<meta property=\"og:title\" content=\"Flamb\u00e9e des prix des fournitures scolaires - Kapitalis\" \/>\n<meta property=\"og:description\" content=\"Selon l\u2019Institut national de la consommation (INC), les Tunisiens d\u00e9penseront 473 millions de dinars tunisiens (MDT) \u00e0 l&rsquo;occasion de la rentr\u00e9e scolaire.\" \/>\n<meta property=\"og:url\" content=\"https:\/\/kapitalis.com\/tunisie\/2017\/09\/11\/flambee-des-prix-des-fournitures-scolaires\/\" \/>\n<meta property=\"og:site_name\" content=\"Kapitalis\" \/>\n<meta property=\"article:publisher\" content=\"https:\/\/www.facebook.com\/KapitalisInfo\/\" \/>\n<meta property=\"article:published_time\" content=\"2017-09-11T09:56:24+00:00\" \/>\n<meta property=\"og:image\" content=\"https:\/\/kapitalis.com\/tunisie\/wp-content\/uploads\/2022\/05\/kapitalis-logo-fb.png\" \/>\n\t<meta property=\"og:image:width\" content=\"1200\" \/>\n\t<meta property=\"og:image:height\" content=\"630\" \/>\n\t<meta property=\"og:image:type\" content=\"image\/png\" \/>\n<meta name=\"author\" content=\"emna benabdallah\" \/>\n<meta name=\"twitter:card\" content=\"summary_large_image\" \/>\n<meta name=\"twitter:creator\" content=\"@KapitalisInfo\" \/>\n<meta name=\"twitter:site\" content=\"@KapitalisInfo\" \/>\n<meta name=\"twitter:label1\" content=\"\u00c9crit par\" \/>\n\t<meta name=\"twitter:data1\" content=\"emna benabdallah\" \/>\n\t<meta name=\"twitter:label2\" content=\"Dur\u00e9e de lecture estim\u00e9e\" \/>\n\t<meta name=\"twitter:data2\" content=\"1 minute\" \/>\n<script type=\"application\/ld+json\" class=\"yoast-schema-graph\">{\"@context\":\"https:\/\/schema.org\",\"@graph\":[{\"@type\":\"Article\",\"@id\":\"https:\/\/kapitalis.com\/tunisie\/2017\/09\/11\/flambee-des-prix-des-fournitures-scolaires\/#article\",\"isPartOf\":{\"@id\":\"https:\/\/kapitalis.com\/tunisie\/2017\/09\/11\/flambee-des-prix-des-fournitures-scolaires\/\"},\"author\":{\"name\":\"emna benabdallah\",\"@id\":\"https:\/\/kapitalis.com\/tunisie\/#\/schema\/person\/2c6e134b2f3369dffcd1daf5f087d28b\"},\"headline\":\"Flamb\u00e9e des prix des fournitures scolaires\",\"datePublished\":\"2017-09-11T09:56:24+00:00\",\"mainEntityOfPage\":{\"@id\":\"https:\/\/kapitalis.com\/tunisie\/2017\/09\/11\/flambee-des-prix-des-fournitures-scolaires\/\"},\"wordCount\":280,\"commentCount\":1,\"publisher\":{\"@id\":\"https:\/\/kapitalis.com\/tunisie\/#organization\"},\"image\":{\"@id\":\"https:\/\/kapitalis.com\/tunisie\/2017\/09\/11\/flambee-des-prix-des-fournitures-scolaires\/#primaryimage\"},\"thumbnailUrl\":\"\",\"keywords\":[\"fournitures scolaires\",\"Institut national de la Consommation\",\"rentr\u00e9e scolaire\",\"Tarek Ben Jazia\"],\"articleSection\":[\"CONSO\",\"Tunisie\"],\"inLanguage\":\"fr-FR\",\"potentialAction\":[{\"@type\":\"CommentAction\",\"name\":\"Comment\",\"target\":[\"https:\/\/kapitalis.com\/tunisie\/2017\/09\/11\/flambee-des-prix-des-fournitures-scolaires\/#respond\"]}]},{\"@type\":\"WebPage\",\"@id\":\"https:\/\/kapitalis.com\/tunisie\/2017\/09\/11\/flambee-des-prix-des-fournitures-scolaires\/\",\"url\":\"https:\/\/kapitalis.com\/tunisie\/2017\/09\/11\/flambee-des-prix-des-fournitures-scolaires\/\",\"name\":\"Flamb\u00e9e des prix des fournitures scolaires - Kapitalis\",\"isPartOf\":{\"@id\":\"https:\/\/kapitalis.com\/tunisie\/#website\"},\"primaryImageOfPage\":{\"@id\":\"https:\/\/kapitalis.com\/tunisie\/2017\/09\/11\/flambee-des-prix-des-fournitures-scolaires\/#primaryimage\"},\"image\":{\"@id\":\"https:\/\/kapitalis.com\/tunisie\/2017\/09\/11\/flambee-des-prix-des-fournitures-scolaires\/#primaryimage\"},\"thumbnailUrl\":\"\",\"datePublished\":\"2017-09-11T09:56:24+00:00\",\"breadcrumb\":{\"@id\":\"https:\/\/kapitalis.com\/tunisie\/2017\/09\/11\/flambee-des-prix-des-fournitures-scolaires\/#breadcrumb\"},\"inLanguage\":\"fr-FR\",\"potentialAction\":[{\"@type\":\"ReadAction\",\"target\":[\"https:\/\/kapitalis.com\/tunisie\/2017\/09\/11\/flambee-des-prix-des-fournitures-scolaires\/\"]}]},{\"@type\":\"ImageObject\",\"inLanguage\":\"fr-FR\",\"@id\":\"https:\/\/kapitalis.com\/tunisie\/2017\/09\/11\/flambee-des-prix-des-fournitures-scolaires\/#primaryimage\",\"url\":\"\",\"contentUrl\":\"\"},{\"@type\":\"BreadcrumbList\",\"@id\":\"https:\/\/kapitalis.com\/tunisie\/2017\/09\/11\/flambee-des-prix-des-fournitures-scolaires\/#breadcrumb\",\"itemListElement\":[{\"@type\":\"ListItem\",\"position\":1,\"name\":\"Accueil\",\"item\":\"https:\/\/kapitalis.com\/tunisie\/\"},{\"@type\":\"ListItem\",\"position\":2,\"name\":\"Flamb\u00e9e des prix des fournitures scolaires\"}]},{\"@type\":\"WebSite\",\"@id\":\"https:\/\/kapitalis.com\/tunisie\/#website\",\"url\":\"https:\/\/kapitalis.com\/tunisie\/\",\"name\":\"Kapitalis\",\"description\":\"L&#039;actualit\u00e9 en Tunisie et dans le monde\",\"publisher\":{\"@id\":\"https:\/\/kapitalis.com\/tunisie\/#organization\"},\"potentialAction\":[{\"@type\":\"SearchAction\",\"target\":{\"@type\":\"EntryPoint\",\"urlTemplate\":\"https:\/\/kapitalis.com\/tunisie\/?s={search_term_string}\"},\"query-input\":{\"@type\":\"PropertyValueSpecification\",\"valueRequired\":true,\"valueName\":\"search_term_string\"}}],\"inLanguage\":\"fr-FR\"},{\"@type\":\"Organization\",\"@id\":\"https:\/\/kapitalis.com\/tunisie\/#organization\",\"name\":\"Kapitalis\",\"url\":\"https:\/\/kapitalis.com\/tunisie\/\",\"logo\":{\"@type\":\"ImageObject\",\"inLanguage\":\"fr-FR\",\"@id\":\"https:\/\/kapitalis.com\/tunisie\/#\/schema\/logo\/image\/\",\"url\":\"https:\/\/kapitalis.com\/tunisie\/wp-content\/uploads\/2022\/05\/Kapitalis-big-size.png\",\"contentUrl\":\"https:\/\/kapitalis.com\/tunisie\/wp-content\/uploads\/2022\/05\/Kapitalis-big-size.png\",\"width\":5000,\"height\":1500,\"caption\":\"Kapitalis\"},\"image\":{\"@id\":\"https:\/\/kapitalis.com\/tunisie\/#\/schema\/logo\/image\/\"},\"sameAs\":[\"https:\/\/www.facebook.com\/KapitalisInfo\/\",\"https:\/\/x.com\/KapitalisInfo\",\"https:\/\/www.youtube.com\/channel\/UC-yDYrHyfFBWWZaOw3FPg9Q\"]},{\"@type\":\"Person\",\"@id\":\"https:\/\/kapitalis.com\/tunisie\/#\/schema\/person\/2c6e134b2f3369dffcd1daf5f087d28b\",\"name\":\"emna benabdallah\",\"url\":\"https:\/\/kapitalis.com\/tunisie\/author\/emna\/\"}]}<\/script>\n<!-- \/ Yoast SEO plugin. -->","yoast_head_json":{"title":"Flamb\u00e9e des prix des fournitures scolaires - Kapitalis","robots":{"index":"index","follow":"follow","max-snippet":"max-snippet:-1","max-image-preview":"max-image-preview:large","max-video-preview":"max-video-preview:-1"},"canonical":"https:\/\/kapitalis.com\/tunisie\/2017\/09\/11\/flambee-des-prix-des-fournitures-scolaires\/","og_locale":"fr_FR","og_type":"article","og_title":"Flamb\u00e9e des prix des fournitures scolaires - Kapitalis","og_description":"Selon l\u2019Institut national de la consommation (INC), les Tunisiens d\u00e9penseront 473 millions de dinars tunisiens (MDT) \u00e0 l&rsquo;occasion de la rentr\u00e9e scolaire.","og_url":"https:\/\/kapitalis.com\/tunisie\/2017\/09\/11\/flambee-des-prix-des-fournitures-scolaires\/","og_site_name":"Kapitalis","article_publisher":"https:\/\/www.facebook.com\/KapitalisInfo\/","article_published_time":"2017-09-11T09:56:24+00:00","og_image":[{"width":1200,"height":630,"url":"https:\/\/kapitalis.com\/tunisie\/wp-content\/uploads\/2022\/05\/kapitalis-logo-fb.png","type":"image\/png"}],"author":"emna benabdallah","twitter_card":"summary_large_image","twitter_creator":"@KapitalisInfo","twitter_site":"@KapitalisInfo","twitter_misc":{"\u00c9crit par":"emna benabdallah","Dur\u00e9e de lecture estim\u00e9e":"1 minute"},"schema":{"@context":"https:\/\/schema.org","@graph":[{"@type":"Article","@id":"https:\/\/kapitalis.com\/tunisie\/2017\/09\/11\/flambee-des-prix-des-fournitures-scolaires\/#article","isPartOf":{"@id":"https:\/\/kapitalis.com\/tunisie\/2017\/09\/11\/flambee-des-prix-des-fournitures-scolaires\/"},"author":{"name":"emna benabdallah","@id":"https:\/\/kapitalis.com\/tunisie\/#\/schema\/person\/2c6e134b2f3369dffcd1daf5f087d28b"},"headline":"Flamb\u00e9e des prix des fournitures scolaires","datePublished":"2017-09-11T09:56:24+00:00","mainEntityOfPage":{"@id":"https:\/\/kapitalis.com\/tunisie\/2017\/09\/11\/flambee-des-prix-des-fournitures-scolaires\/"},"wordCount":280,"commentCount":1,"publisher":{"@id":"https:\/\/kapitalis.com\/tunisie\/#organization"},"image":{"@id":"https:\/\/kapitalis.com\/tunisie\/2017\/09\/11\/flambee-des-prix-des-fournitures-scolaires\/#primaryimage"},"thumbnailUrl":"","keywords":["fournitures scolaires","Institut national de la Consommation","rentr\u00e9e scolaire","Tarek Ben Jazia"],"articleSection":["CONSO","Tunisie"],"inLanguage":"fr-FR","potentialAction":[{"@type":"CommentAction","name":"Comment","target":["https:\/\/kapitalis.com\/tunisie\/2017\/09\/11\/flambee-des-prix-des-fournitures-scolaires\/#respond"]}]},{"@type":"WebPage","@id":"https:\/\/kapitalis.com\/tunisie\/2017\/09\/11\/flambee-des-prix-des-fournitures-scolaires\/","url":"https:\/\/kapitalis.com\/tunisie\/2017\/09\/11\/flambee-des-prix-des-fournitures-scolaires\/","name":"Flamb\u00e9e des prix des fournitures scolaires - Kapitalis","isPartOf":{"@id":"https:\/\/kapitalis.com\/tunisie\/#website"},"primaryImageOfPage":{"@id":"https:\/\/kapitalis.com\/tunisie\/2017\/09\/11\/flambee-des-prix-des-fournitures-scolaires\/#primaryimage"},"image":{"@id":"https:\/\/kapitalis.com\/tunisie\/2017\/09\/11\/flambee-des-prix-des-fournitures-scolaires\/#primaryimage"},"thumbnailUrl":"","datePublished":"2017-09-11T09:56:24+00:00","breadcrumb":{"@id":"https:\/\/kapitalis.com\/tunisie\/2017\/09\/11\/flambee-des-prix-des-fournitures-scolaires\/#breadcrumb"},"inLanguage":"fr-FR","potentialAction":[{"@type":"ReadAction","target":["https:\/\/kapitalis.com\/tunisie\/2017\/09\/11\/flambee-des-prix-des-fournitures-scolaires\/"]}]},{"@type":"ImageObject","inLanguage":"fr-FR","@id":"https:\/\/kapitalis.com\/tunisie\/2017\/09\/11\/flambee-des-prix-des-fournitures-scolaires\/#primaryimage","url":"","contentUrl":""},{"@type":"BreadcrumbList","@id":"https:\/\/kapitalis.com\/tunisie\/2017\/09\/11\/flambee-des-prix-des-fournitures-scolaires\/#breadcrumb","itemListElement":[{"@type":"ListItem","position":1,"name":"Accueil","item":"https:\/\/kapitalis.com\/tunisie\/"},{"@type":"ListItem","position":2,"name":"Flamb\u00e9e des prix des fournitures scolaires"}]},{"@type":"WebSite","@id":"https:\/\/kapitalis.com\/tunisie\/#website","url":"https:\/\/kapitalis.com\/tunisie\/","name":"Kapitalis","description":"L&#039;actualit\u00e9 en Tunisie et dans le monde","publisher":{"@id":"https:\/\/kapitalis.com\/tunisie\/#organization"},"potentialAction":[{"@type":"SearchAction","target":{"@type":"EntryPoint","urlTemplate":"https:\/\/kapitalis.com\/tunisie\/?s={search_term_string}"},"query-input":{"@type":"PropertyValueSpecification","valueRequired":true,"valueName":"search_term_string"}}],"inLanguage":"fr-FR"},{"@type":"Organization","@id":"https:\/\/kapitalis.com\/tunisie\/#organization","name":"Kapitalis","url":"https:\/\/kapitalis.com\/tunisie\/","logo":{"@type":"ImageObject","inLanguage":"fr-FR","@id":"https:\/\/kapitalis.com\/tunisie\/#\/schema\/logo\/image\/","url":"https:\/\/kapitalis.com\/tunisie\/wp-content\/uploads\/2022\/05\/Kapitalis-big-size.png","contentUrl":"https:\/\/kapitalis.com\/tunisie\/wp-content\/uploads\/2022\/05\/Kapitalis-big-size.png","width":5000,"height":1500,"caption":"Kapitalis"},"image":{"@id":"https:\/\/kapitalis.com\/tunisie\/#\/schema\/logo\/image\/"},"sameAs":["https:\/\/www.facebook.com\/KapitalisInfo\/","https:\/\/x.com\/KapitalisInfo","https:\/\/www.youtube.com\/channel\/UC-yDYrHyfFBWWZaOw3FPg9Q"]},{"@type":"Person","@id":"https:\/\/kapitalis.com\/tunisie\/#\/schema\/person\/2c6e134b2f3369dffcd1daf5f087d28b","name":"emna benabdallah","url":"https:\/\/kapitalis.com\/tunisie\/author\/emna\/"}]}},"_links":{"self":[{"href":"https:\/\/kapitalis.com\/tunisie\/wp-json\/wp\/v2\/posts\/113457","targetHints":{"allow":["GET"]}}],"collection":[{"href":"https:\/\/kapitalis.com\/tunisie\/wp-json\/wp\/v2\/posts"}],"about":[{"href":"https:\/\/kapitalis.com\/tunisie\/wp-json\/wp\/v2\/types\/post"}],"author":[{"embeddable":true,"href":"https:\/\/kapitalis.com\/tunisie\/wp-json\/wp\/v2\/users\/16"}],"replies":[{"embeddable":true,"href":"https:\/\/kapitalis.com\/tunisie\/wp-json\/wp\/v2\/comments?post=113457"}],"version-history":[{"count":0,"href":"https:\/\/kapitalis.com\/tunisie\/wp-json\/wp\/v2\/posts\/113457\/revisions"}],"wp:featuredmedia":[{"embeddable":true,"href":"https:\/\/kapitalis.com\/tunisie\/wp-json\/wp\/v2\/media\/113462"}],"wp:attachment":[{"href":"https:\/\/kapitalis.com\/tunisie\/wp-json\/wp\/v2\/media?parent=113457"}],"wp:term":[{"taxonomy":"category","embeddable":true,"href":"https:\/\/kapitalis.com\/tunisie\/wp-json\/wp\/v2\/categories?post=113457"},{"taxonomy":"post_tag","embeddable":true,"href":"https:\/\/kapitalis.com\/tunisie\/wp-json\/wp\/v2\/tags?post=113457"}],"curies":[{"name":"wp","href":"https:\/\/api.w.org\/{rel}","templated":true}]}}