{"id":113656,"date":"2017-09-12T12:59:23","date_gmt":"2017-09-12T11:59:23","guid":{"rendered":"http:\/\/kapitalis.com\/tunisie\/?p=113656"},"modified":"2017-09-12T13:02:41","modified_gmt":"2017-09-12T12:02:41","slug":"hicham-el-alaoui-commente-son-expulsion-de-tunisie","status":"publish","type":"post","link":"https:\/\/kapitalis.com\/tunisie\/2017\/09\/12\/hicham-el-alaoui-commente-son-expulsion-de-tunisie\/","title":{"rendered":"Hicham El Alaoui commente son expulsion de Tunisie"},"content":{"rendered":"<p style=\"text-align: center;\"><img loading=\"lazy\" decoding=\"async\" class=\"alignnone size-full wp-image-113667\" src=\"http:\/\/kapitalis.com\/tunisie\/wp-content\/uploads\/2017\/09\/Moulay-Hicham-Alaoui.jpg\" alt=\"\" width=\"626\" height=\"380\" \/><\/p>\n<p><em><strong>Le prince marocain Moulay Hicham Ben Abdallah El Alaoui veut conna\u00eetre les raisons de son expulsion de Tunisie, vendredi 8 septembre 2017<\/strong><\/em><em><strong>.<\/strong><\/em><!--more--><\/p>\n<p>Le cousin germain du roi de Maroc Mohammed VI, est revenu, hier, lundi 11 septembre 2017, dans une interview sur France24, sur les circonstances de son expulsion de la Tunisie. Il a pr\u00e9cis\u00e9 qu\u2019il \u00e9tait venu en Tunisie en tant que chercheur et non en tant que prince pour participer \u00e0 un s\u00e9minaire organis\u00e9 par l\u2019universit\u00e9 am\u00e9ricaine de Stanford, dimanche 10 septembre, \u00e0 Tunis, sur la transition d\u00e9mocratique en Tunisie.<\/p>\n<div class=\"embed\">\n<div class=\"video\"><iframe loading=\"lazy\" src=\"https:\/\/www.youtube.com\/embed\/IEOJmvsep_w?rel=0&amp;controls=0&amp;showinfo=0\" width=\"560\" height=\"315\" frameborder=\"0\" allowfullscreen=\"allowfullscreen\"><\/iframe><\/div>\n<\/div>\n<p>L\u2019universitaire et chercheur a pr\u00e9cis\u00e9 que 5 agents de police sont venus le chercher \u00e0 l\u2019h\u00f4tel, vendredi vers midi, soit 45 minutes apr\u00e8s son atterrissage \u00e0 l\u2019a\u00e9roport de Tunis-Carthage.<\/p>\n<p>\u00ab<em>Les policiers m\u2019ont bien trait\u00e9 et ont m\u00eame \u00e9t\u00e9 tr\u00e8s aimables, m\u2019expliquant que mon expulsion est une d\u00e9cision souveraine, sans m\u2019en dire plus<\/em>\u00bb, a-t-il indiqu\u00e9, ajoutant:\u00a0\u00ab<em>Apr\u00e8s avoir sign\u00e9 les proc\u00e9dures d\u2019usage, j\u2019ai \u00e9t\u00e9 reconduit \u00e0 l\u2019a\u00e9roport. Cette d\u00e9cision d&rsquo;expulsion est humiliante pour ceux qui l\u2019on prise et ne va pas dans le sens de la r\u00e9volution tunisienne et encore moins des sacrifices du peuple tunisien, que je remercie, au passage, pour l\u2019accueil et le soutien\u00bb.<\/em><\/p>\n<p>Hicham El Alaoui demande plus d\u2019explications sur cette d\u00e9cision, en indiquant qu\u2019il y a plusieurs versions\u00a0: la d\u00e9cision aurait \u00e9t\u00e9 demand\u00e9 par le Maroc, ou l\u2019Arabie saoudite ou encore les Emirats arabes unis. Selon d\u2019autres informations, la Tunisie aurait d\u00e9couvert qu&rsquo;il \u00e9tait cibl\u00e9 par un plan d\u2019assassinat et d\u00e9cid\u00e9 de l&rsquo;\u00e9loigner du pays pour sa s\u00e9curit\u00e9. Version qu&rsquo;il dit pr\u00e9f\u00e9rer ne pas retenir, en demandant aux autorit\u00e9s tunisiennes de r\u00e9v\u00e9ler la v\u00e9rit\u00e9 sur les v\u00e9ritables raisons de son expulsion.<\/p>\n<p>\u00ab<em>Nous suivons la transition d\u00e9mocratique en Tunisie et sommes fiers de ce que le peuple tunisien a construit \u00e0 ce jour. Il ne faut pas l\u00e2cher et que vive la Tunisie<\/em>\u00a0!\u00bb, a-t-il conclu.<\/p>\n<p style=\"text-align: right;\"><strong>Y. N.<\/strong><\/p>\n","protected":false},"excerpt":{"rendered":"<p>Le prince marocain Moulay Hicham Ben Abdallah El Alaoui veut conna\u00eetre les raisons de son expulsion de Tunisie, vendredi 8 septembre 2017.<\/p>\n","protected":false},"author":6,"featured_media":113659,"comment_status":"open","ping_status":"open","sticky":false,"template":"","format":"standard","meta":{"footnotes":""},"categories":[997,2433,4806],"tags":[2638,12429,36335,395,577,788,3236,10270],"class_list":["post-113656","post","type-post","status-publish","format-standard","has-post-thumbnail","hentry","category-politique","category-tunisie","category-videos","tag-arabie-saoudite","tag-emirats","tag-expuslion","tag-france","tag-maroc","tag-revolution","tag-transition-democratique","tag-universitaire"],"yoast_head":"<!-- This site is optimized with the Yoast SEO plugin v26.6 - https:\/\/yoast.com\/wordpress\/plugins\/seo\/ -->\n<title>Hicham El Alaoui commente son expulsion de Tunisie - Kapitalis<\/title>\n<meta name=\"robots\" content=\"index, follow, max-snippet:-1, max-image-preview:large, max-video-preview:-1\" \/>\n<link rel=\"canonical\" href=\"https:\/\/kapitalis.com\/tunisie\/2017\/09\/12\/hicham-el-alaoui-commente-son-expulsion-de-tunisie\/\" \/>\n<meta property=\"og:locale\" content=\"fr_FR\" \/>\n<meta property=\"og:type\" content=\"article\" \/>\n<meta property=\"og:title\" content=\"Hicham El Alaoui commente son expulsion de Tunisie - Kapitalis\" \/>\n<meta property=\"og:description\" content=\"Le prince marocain Moulay Hicham Ben Abdallah El Alaoui veut conna\u00eetre les raisons de son expulsion de Tunisie, vendredi 8 septembre 2017.\" \/>\n<meta property=\"og:url\" content=\"https:\/\/kapitalis.com\/tunisie\/2017\/09\/12\/hicham-el-alaoui-commente-son-expulsion-de-tunisie\/\" \/>\n<meta property=\"og:site_name\" content=\"Kapitalis\" \/>\n<meta property=\"article:publisher\" content=\"https:\/\/www.facebook.com\/KapitalisInfo\/\" \/>\n<meta property=\"article:published_time\" content=\"2017-09-12T11:59:23+00:00\" \/>\n<meta property=\"article:modified_time\" content=\"2017-09-12T12:02:41+00:00\" \/>\n<meta property=\"og:image\" content=\"https:\/\/kapitalis.com\/tunisie\/wp-content\/uploads\/2022\/05\/kapitalis-logo-fb.png\" \/>\n\t<meta property=\"og:image:width\" content=\"1200\" \/>\n\t<meta property=\"og:image:height\" content=\"630\" \/>\n\t<meta property=\"og:image:type\" content=\"image\/png\" \/>\n<meta name=\"author\" content=\"Yusra NY\" \/>\n<meta name=\"twitter:card\" content=\"summary_large_image\" \/>\n<meta name=\"twitter:creator\" content=\"@KapitalisInfo\" \/>\n<meta name=\"twitter:site\" content=\"@KapitalisInfo\" \/>\n<meta name=\"twitter:label1\" content=\"\u00c9crit par\" \/>\n\t<meta name=\"twitter:data1\" content=\"Yusra NY\" \/>\n\t<meta name=\"twitter:label2\" content=\"Dur\u00e9e de lecture estim\u00e9e\" \/>\n\t<meta name=\"twitter:data2\" content=\"2 minutes\" \/>\n<script type=\"application\/ld+json\" class=\"yoast-schema-graph\">{\"@context\":\"https:\/\/schema.org\",\"@graph\":[{\"@type\":\"Article\",\"@id\":\"https:\/\/kapitalis.com\/tunisie\/2017\/09\/12\/hicham-el-alaoui-commente-son-expulsion-de-tunisie\/#article\",\"isPartOf\":{\"@id\":\"https:\/\/kapitalis.com\/tunisie\/2017\/09\/12\/hicham-el-alaoui-commente-son-expulsion-de-tunisie\/\"},\"author\":{\"name\":\"Yusra NY\",\"@id\":\"https:\/\/kapitalis.com\/tunisie\/#\/schema\/person\/74bbde0154d49d790a92aaeac5bc01d5\"},\"headline\":\"Hicham El Alaoui commente son expulsion de Tunisie\",\"datePublished\":\"2017-09-12T11:59:23+00:00\",\"dateModified\":\"2017-09-12T12:02:41+00:00\",\"mainEntityOfPage\":{\"@id\":\"https:\/\/kapitalis.com\/tunisie\/2017\/09\/12\/hicham-el-alaoui-commente-son-expulsion-de-tunisie\/\"},\"wordCount\":356,\"commentCount\":10,\"publisher\":{\"@id\":\"https:\/\/kapitalis.com\/tunisie\/#organization\"},\"image\":{\"@id\":\"https:\/\/kapitalis.com\/tunisie\/2017\/09\/12\/hicham-el-alaoui-commente-son-expulsion-de-tunisie\/#primaryimage\"},\"thumbnailUrl\":\"\",\"keywords\":[\"Arabie saoudite\",\"Emirats\",\"expuslion\",\"France\",\"Maroc\",\"r\u00e9volution\",\"transition d\u00e9mocratique\",\"universitaire\"],\"articleSection\":[\"POLITIQUE\",\"Tunisie\",\"VIDEOS\"],\"inLanguage\":\"fr-FR\",\"potentialAction\":[{\"@type\":\"CommentAction\",\"name\":\"Comment\",\"target\":[\"https:\/\/kapitalis.com\/tunisie\/2017\/09\/12\/hicham-el-alaoui-commente-son-expulsion-de-tunisie\/#respond\"]}]},{\"@type\":\"WebPage\",\"@id\":\"https:\/\/kapitalis.com\/tunisie\/2017\/09\/12\/hicham-el-alaoui-commente-son-expulsion-de-tunisie\/\",\"url\":\"https:\/\/kapitalis.com\/tunisie\/2017\/09\/12\/hicham-el-alaoui-commente-son-expulsion-de-tunisie\/\",\"name\":\"Hicham El Alaoui commente son expulsion de Tunisie - Kapitalis\",\"isPartOf\":{\"@id\":\"https:\/\/kapitalis.com\/tunisie\/#website\"},\"primaryImageOfPage\":{\"@id\":\"https:\/\/kapitalis.com\/tunisie\/2017\/09\/12\/hicham-el-alaoui-commente-son-expulsion-de-tunisie\/#primaryimage\"},\"image\":{\"@id\":\"https:\/\/kapitalis.com\/tunisie\/2017\/09\/12\/hicham-el-alaoui-commente-son-expulsion-de-tunisie\/#primaryimage\"},\"thumbnailUrl\":\"\",\"datePublished\":\"2017-09-12T11:59:23+00:00\",\"dateModified\":\"2017-09-12T12:02:41+00:00\",\"breadcrumb\":{\"@id\":\"https:\/\/kapitalis.com\/tunisie\/2017\/09\/12\/hicham-el-alaoui-commente-son-expulsion-de-tunisie\/#breadcrumb\"},\"inLanguage\":\"fr-FR\",\"potentialAction\":[{\"@type\":\"ReadAction\",\"target\":[\"https:\/\/kapitalis.com\/tunisie\/2017\/09\/12\/hicham-el-alaoui-commente-son-expulsion-de-tunisie\/\"]}]},{\"@type\":\"ImageObject\",\"inLanguage\":\"fr-FR\",\"@id\":\"https:\/\/kapitalis.com\/tunisie\/2017\/09\/12\/hicham-el-alaoui-commente-son-expulsion-de-tunisie\/#primaryimage\",\"url\":\"\",\"contentUrl\":\"\"},{\"@type\":\"BreadcrumbList\",\"@id\":\"https:\/\/kapitalis.com\/tunisie\/2017\/09\/12\/hicham-el-alaoui-commente-son-expulsion-de-tunisie\/#breadcrumb\",\"itemListElement\":[{\"@type\":\"ListItem\",\"position\":1,\"name\":\"Accueil\",\"item\":\"https:\/\/kapitalis.com\/tunisie\/\"},{\"@type\":\"ListItem\",\"position\":2,\"name\":\"Hicham El Alaoui commente son expulsion de Tunisie\"}]},{\"@type\":\"WebSite\",\"@id\":\"https:\/\/kapitalis.com\/tunisie\/#website\",\"url\":\"https:\/\/kapitalis.com\/tunisie\/\",\"name\":\"Kapitalis\",\"description\":\"L&#039;actualit\u00e9 en Tunisie et dans le monde\",\"publisher\":{\"@id\":\"https:\/\/kapitalis.com\/tunisie\/#organization\"},\"potentialAction\":[{\"@type\":\"SearchAction\",\"target\":{\"@type\":\"EntryPoint\",\"urlTemplate\":\"https:\/\/kapitalis.com\/tunisie\/?s={search_term_string}\"},\"query-input\":{\"@type\":\"PropertyValueSpecification\",\"valueRequired\":true,\"valueName\":\"search_term_string\"}}],\"inLanguage\":\"fr-FR\"},{\"@type\":\"Organization\",\"@id\":\"https:\/\/kapitalis.com\/tunisie\/#organization\",\"name\":\"Kapitalis\",\"url\":\"https:\/\/kapitalis.com\/tunisie\/\",\"logo\":{\"@type\":\"ImageObject\",\"inLanguage\":\"fr-FR\",\"@id\":\"https:\/\/kapitalis.com\/tunisie\/#\/schema\/logo\/image\/\",\"url\":\"https:\/\/kapitalis.com\/tunisie\/wp-content\/uploads\/2022\/05\/Kapitalis-big-size.png\",\"contentUrl\":\"https:\/\/kapitalis.com\/tunisie\/wp-content\/uploads\/2022\/05\/Kapitalis-big-size.png\",\"width\":5000,\"height\":1500,\"caption\":\"Kapitalis\"},\"image\":{\"@id\":\"https:\/\/kapitalis.com\/tunisie\/#\/schema\/logo\/image\/\"},\"sameAs\":[\"https:\/\/www.facebook.com\/KapitalisInfo\/\",\"https:\/\/x.com\/KapitalisInfo\",\"https:\/\/www.youtube.com\/channel\/UC-yDYrHyfFBWWZaOw3FPg9Q\"]},{\"@type\":\"Person\",\"@id\":\"https:\/\/kapitalis.com\/tunisie\/#\/schema\/person\/74bbde0154d49d790a92aaeac5bc01d5\",\"name\":\"Yusra NY\",\"url\":\"https:\/\/kapitalis.com\/tunisie\/author\/yuza_adam\/\"}]}<\/script>\n<!-- \/ Yoast SEO plugin. -->","yoast_head_json":{"title":"Hicham El Alaoui commente son expulsion de Tunisie - Kapitalis","robots":{"index":"index","follow":"follow","max-snippet":"max-snippet:-1","max-image-preview":"max-image-preview:large","max-video-preview":"max-video-preview:-1"},"canonical":"https:\/\/kapitalis.com\/tunisie\/2017\/09\/12\/hicham-el-alaoui-commente-son-expulsion-de-tunisie\/","og_locale":"fr_FR","og_type":"article","og_title":"Hicham El Alaoui commente son expulsion de Tunisie - Kapitalis","og_description":"Le prince marocain Moulay Hicham Ben Abdallah El Alaoui veut conna\u00eetre les raisons de son expulsion de Tunisie, vendredi 8 septembre 2017.","og_url":"https:\/\/kapitalis.com\/tunisie\/2017\/09\/12\/hicham-el-alaoui-commente-son-expulsion-de-tunisie\/","og_site_name":"Kapitalis","article_publisher":"https:\/\/www.facebook.com\/KapitalisInfo\/","article_published_time":"2017-09-12T11:59:23+00:00","article_modified_time":"2017-09-12T12:02:41+00:00","og_image":[{"width":1200,"height":630,"url":"https:\/\/kapitalis.com\/tunisie\/wp-content\/uploads\/2022\/05\/kapitalis-logo-fb.png","type":"image\/png"}],"author":"Yusra NY","twitter_card":"summary_large_image","twitter_creator":"@KapitalisInfo","twitter_site":"@KapitalisInfo","twitter_misc":{"\u00c9crit par":"Yusra NY","Dur\u00e9e de lecture estim\u00e9e":"2 minutes"},"schema":{"@context":"https:\/\/schema.org","@graph":[{"@type":"Article","@id":"https:\/\/kapitalis.com\/tunisie\/2017\/09\/12\/hicham-el-alaoui-commente-son-expulsion-de-tunisie\/#article","isPartOf":{"@id":"https:\/\/kapitalis.com\/tunisie\/2017\/09\/12\/hicham-el-alaoui-commente-son-expulsion-de-tunisie\/"},"author":{"name":"Yusra NY","@id":"https:\/\/kapitalis.com\/tunisie\/#\/schema\/person\/74bbde0154d49d790a92aaeac5bc01d5"},"headline":"Hicham El Alaoui commente son expulsion de Tunisie","datePublished":"2017-09-12T11:59:23+00:00","dateModified":"2017-09-12T12:02:41+00:00","mainEntityOfPage":{"@id":"https:\/\/kapitalis.com\/tunisie\/2017\/09\/12\/hicham-el-alaoui-commente-son-expulsion-de-tunisie\/"},"wordCount":356,"commentCount":10,"publisher":{"@id":"https:\/\/kapitalis.com\/tunisie\/#organization"},"image":{"@id":"https:\/\/kapitalis.com\/tunisie\/2017\/09\/12\/hicham-el-alaoui-commente-son-expulsion-de-tunisie\/#primaryimage"},"thumbnailUrl":"","keywords":["Arabie saoudite","Emirats","expuslion","France","Maroc","r\u00e9volution","transition d\u00e9mocratique","universitaire"],"articleSection":["POLITIQUE","Tunisie","VIDEOS"],"inLanguage":"fr-FR","potentialAction":[{"@type":"CommentAction","name":"Comment","target":["https:\/\/kapitalis.com\/tunisie\/2017\/09\/12\/hicham-el-alaoui-commente-son-expulsion-de-tunisie\/#respond"]}]},{"@type":"WebPage","@id":"https:\/\/kapitalis.com\/tunisie\/2017\/09\/12\/hicham-el-alaoui-commente-son-expulsion-de-tunisie\/","url":"https:\/\/kapitalis.com\/tunisie\/2017\/09\/12\/hicham-el-alaoui-commente-son-expulsion-de-tunisie\/","name":"Hicham El Alaoui commente son expulsion de Tunisie - Kapitalis","isPartOf":{"@id":"https:\/\/kapitalis.com\/tunisie\/#website"},"primaryImageOfPage":{"@id":"https:\/\/kapitalis.com\/tunisie\/2017\/09\/12\/hicham-el-alaoui-commente-son-expulsion-de-tunisie\/#primaryimage"},"image":{"@id":"https:\/\/kapitalis.com\/tunisie\/2017\/09\/12\/hicham-el-alaoui-commente-son-expulsion-de-tunisie\/#primaryimage"},"thumbnailUrl":"","datePublished":"2017-09-12T11:59:23+00:00","dateModified":"2017-09-12T12:02:41+00:00","breadcrumb":{"@id":"https:\/\/kapitalis.com\/tunisie\/2017\/09\/12\/hicham-el-alaoui-commente-son-expulsion-de-tunisie\/#breadcrumb"},"inLanguage":"fr-FR","potentialAction":[{"@type":"ReadAction","target":["https:\/\/kapitalis.com\/tunisie\/2017\/09\/12\/hicham-el-alaoui-commente-son-expulsion-de-tunisie\/"]}]},{"@type":"ImageObject","inLanguage":"fr-FR","@id":"https:\/\/kapitalis.com\/tunisie\/2017\/09\/12\/hicham-el-alaoui-commente-son-expulsion-de-tunisie\/#primaryimage","url":"","contentUrl":""},{"@type":"BreadcrumbList","@id":"https:\/\/kapitalis.com\/tunisie\/2017\/09\/12\/hicham-el-alaoui-commente-son-expulsion-de-tunisie\/#breadcrumb","itemListElement":[{"@type":"ListItem","position":1,"name":"Accueil","item":"https:\/\/kapitalis.com\/tunisie\/"},{"@type":"ListItem","position":2,"name":"Hicham El Alaoui commente son expulsion de Tunisie"}]},{"@type":"WebSite","@id":"https:\/\/kapitalis.com\/tunisie\/#website","url":"https:\/\/kapitalis.com\/tunisie\/","name":"Kapitalis","description":"L&#039;actualit\u00e9 en Tunisie et dans le monde","publisher":{"@id":"https:\/\/kapitalis.com\/tunisie\/#organization"},"potentialAction":[{"@type":"SearchAction","target":{"@type":"EntryPoint","urlTemplate":"https:\/\/kapitalis.com\/tunisie\/?s={search_term_string}"},"query-input":{"@type":"PropertyValueSpecification","valueRequired":true,"valueName":"search_term_string"}}],"inLanguage":"fr-FR"},{"@type":"Organization","@id":"https:\/\/kapitalis.com\/tunisie\/#organization","name":"Kapitalis","url":"https:\/\/kapitalis.com\/tunisie\/","logo":{"@type":"ImageObject","inLanguage":"fr-FR","@id":"https:\/\/kapitalis.com\/tunisie\/#\/schema\/logo\/image\/","url":"https:\/\/kapitalis.com\/tunisie\/wp-content\/uploads\/2022\/05\/Kapitalis-big-size.png","contentUrl":"https:\/\/kapitalis.com\/tunisie\/wp-content\/uploads\/2022\/05\/Kapitalis-big-size.png","width":5000,"height":1500,"caption":"Kapitalis"},"image":{"@id":"https:\/\/kapitalis.com\/tunisie\/#\/schema\/logo\/image\/"},"sameAs":["https:\/\/www.facebook.com\/KapitalisInfo\/","https:\/\/x.com\/KapitalisInfo","https:\/\/www.youtube.com\/channel\/UC-yDYrHyfFBWWZaOw3FPg9Q"]},{"@type":"Person","@id":"https:\/\/kapitalis.com\/tunisie\/#\/schema\/person\/74bbde0154d49d790a92aaeac5bc01d5","name":"Yusra NY","url":"https:\/\/kapitalis.com\/tunisie\/author\/yuza_adam\/"}]}},"_links":{"self":[{"href":"https:\/\/kapitalis.com\/tunisie\/wp-json\/wp\/v2\/posts\/113656","targetHints":{"allow":["GET"]}}],"collection":[{"href":"https:\/\/kapitalis.com\/tunisie\/wp-json\/wp\/v2\/posts"}],"about":[{"href":"https:\/\/kapitalis.com\/tunisie\/wp-json\/wp\/v2\/types\/post"}],"author":[{"embeddable":true,"href":"https:\/\/kapitalis.com\/tunisie\/wp-json\/wp\/v2\/users\/6"}],"replies":[{"embeddable":true,"href":"https:\/\/kapitalis.com\/tunisie\/wp-json\/wp\/v2\/comments?post=113656"}],"version-history":[{"count":1,"href":"https:\/\/kapitalis.com\/tunisie\/wp-json\/wp\/v2\/posts\/113656\/revisions"}],"predecessor-version":[{"id":6174806,"href":"https:\/\/kapitalis.com\/tunisie\/wp-json\/wp\/v2\/posts\/113656\/revisions\/6174806"}],"wp:featuredmedia":[{"embeddable":true,"href":"https:\/\/kapitalis.com\/tunisie\/wp-json\/wp\/v2\/media\/113659"}],"wp:attachment":[{"href":"https:\/\/kapitalis.com\/tunisie\/wp-json\/wp\/v2\/media?parent=113656"}],"wp:term":[{"taxonomy":"category","embeddable":true,"href":"https:\/\/kapitalis.com\/tunisie\/wp-json\/wp\/v2\/categories?post=113656"},{"taxonomy":"post_tag","embeddable":true,"href":"https:\/\/kapitalis.com\/tunisie\/wp-json\/wp\/v2\/tags?post=113656"}],"curies":[{"name":"wp","href":"https:\/\/api.w.org\/{rel}","templated":true}]}}