{"id":11376964,"date":"2024-01-24T10:24:52","date_gmt":"2024-01-24T09:24:52","guid":{"rendered":"https:\/\/kapitalis.com\/tunisie\/?p=11376964"},"modified":"2024-01-24T10:24:53","modified_gmt":"2024-01-24T09:24:53","slug":"le-2e-agrobusiness-medafrica-expo-en-novembre-2024-a-hammamet","status":"publish","type":"post","link":"https:\/\/kapitalis.com\/tunisie\/2024\/01\/24\/le-2e-agrobusiness-medafrica-expo-en-novembre-2024-a-hammamet\/","title":{"rendered":"Le 2e Agrobusiness Medafrica Expo en novembre 2024 \u00e0 Hammamet"},"content":{"rendered":"\n<p><strong><em>La 2e \u00e9dition du Salon international et africain des industries alimentaires, Agrobusiness Medafrica Expo, se tiendra du 14 au 16 novembre 2024, \u00e0 Yasmine Hammamet.<\/em><\/strong><\/p>\n\n\n\n<!--more-->\n\n\n\n<p>L\u2019objectif du salon est de cr\u00e9er des espaces de rencontres et d\u2019\u00e9changes et des m\u00e9canismes de soutien aux partenariats internationaux dans les domaines de l\u2019investissement et de l\u2019exportation des produits agroalimentaires. Il vise aussi \u00e0 lutter contre l\u2019impact du changement climatique sur la souverainet\u00e9 alimentaire et \u00e0 approfondir la coop\u00e9ration dans de domaine vital.<\/p>\n\n\n\n<p>Des produits d\u2019entreprises tunisiennes, arabes, africaines et europ\u00e9ennes seront pr\u00e9sent\u00e9s lors de cet \u00e9v\u00e9nement.<\/p>\n\n\n\n<p>Une s\u00e9rie de rencontres bilat\u00e9rales et tripartites sera organis\u00e9e entre les participants tunisiens et \u00e9trangers, compl\u00e9t\u00e9e par trois forums abordant les th\u00e8mes suivants&nbsp;: <em>\u00abSouverainet\u00e9 et s\u00e9curit\u00e9 alimentaire en Afrique : r\u00e9alit\u00e9 et perspectives\u00bb, \u00abM\u00e9canismes de financement des partenariats internationaux comme moteurs de l&rsquo;industrie agro-alimentaire\u00bb<\/em>, <em>\u00abD\u00e9veloppement du secteur\u00bb<\/em> et <em>\u00abMarch\u00e9s d&rsquo;exportation prometteurs\u00bb<\/em>.<\/p>\n\n\n\n<p>La premi\u00e8re \u00e9dition du salon a attir\u00e9 250 professionnels de 17 pays, dont la Libye, l\u2019Alg\u00e9rie, l\u2019Arabie saoudite, les \u00c9mirats arabes unis, la Jordanie et l\u2019\u00c9gypte, ainsi que des pays d\u2019Afrique, d\u2019Europe et d\u2019Am\u00e9rique.<\/p>\n","protected":false},"excerpt":{"rendered":"<p>La 2e \u00e9dition de l&rsquo;Agrobusiness Medafrica Expo se tiendra du 14 au 16 novembre 2024, \u00e0 Yasmine Hammamet.<\/p>\n","protected":false},"author":8,"featured_media":11376993,"comment_status":"open","ping_status":"open","sticky":false,"template":"","format":"standard","meta":{"footnotes":""},"categories":[995,2433],"tags":[41,111600,24073,20261,62643,3572],"class_list":["post-11376964","post","type-post","status-publish","format-standard","has-post-thumbnail","hentry","category-economie","category-tunisie","tag-afrique","tag-agrobusiness-medafrica-expo","tag-changement-climatique","tag-securite-alimentaire","tag-tunisie","tag-yasmine-hammamet"],"yoast_head":"<!-- This site is optimized with the Yoast SEO plugin v26.6 - https:\/\/yoast.com\/wordpress\/plugins\/seo\/ -->\n<title>Le 2e Agrobusiness Medafrica Expo en novembre 2024 \u00e0 Hammamet - Kapitalis<\/title>\n<meta name=\"robots\" content=\"index, follow, max-snippet:-1, max-image-preview:large, max-video-preview:-1\" \/>\n<link rel=\"canonical\" href=\"https:\/\/kapitalis.com\/tunisie\/2024\/01\/24\/le-2e-agrobusiness-medafrica-expo-en-novembre-2024-a-hammamet\/\" \/>\n<meta property=\"og:locale\" content=\"fr_FR\" \/>\n<meta property=\"og:type\" content=\"article\" \/>\n<meta property=\"og:title\" content=\"Le 2e Agrobusiness Medafrica Expo en novembre 2024 \u00e0 Hammamet - Kapitalis\" \/>\n<meta property=\"og:description\" content=\"La 2e \u00e9dition de l&#039;Agrobusiness Medafrica Expo se tiendra du 14 au 16 novembre 2024, \u00e0 Yasmine Hammamet.\" \/>\n<meta property=\"og:url\" content=\"https:\/\/kapitalis.com\/tunisie\/2024\/01\/24\/le-2e-agrobusiness-medafrica-expo-en-novembre-2024-a-hammamet\/\" \/>\n<meta property=\"og:site_name\" content=\"Kapitalis\" \/>\n<meta property=\"article:publisher\" content=\"https:\/\/www.facebook.com\/KapitalisInfo\/\" \/>\n<meta property=\"article:published_time\" content=\"2024-01-24T09:24:52+00:00\" \/>\n<meta property=\"article:modified_time\" content=\"2024-01-24T09:24:53+00:00\" \/>\n<meta property=\"og:image\" content=\"https:\/\/kapitalis.com\/tunisie\/wp-content\/uploads\/2024\/01\/Agrobusiness-Medafrica-Expo.jpg\" \/>\n\t<meta property=\"og:image:width\" content=\"1200\" \/>\n\t<meta property=\"og:image:height\" content=\"630\" \/>\n\t<meta property=\"og:image:type\" content=\"image\/jpeg\" \/>\n<meta name=\"author\" content=\"webmaster kapitalis\" \/>\n<meta name=\"twitter:card\" content=\"summary_large_image\" \/>\n<meta name=\"twitter:creator\" content=\"@KapitalisInfo\" \/>\n<meta name=\"twitter:site\" content=\"@KapitalisInfo\" \/>\n<meta name=\"twitter:label1\" content=\"\u00c9crit par\" \/>\n\t<meta name=\"twitter:data1\" content=\"webmaster kapitalis\" \/>\n\t<meta name=\"twitter:label2\" content=\"Dur\u00e9e de lecture estim\u00e9e\" \/>\n\t<meta name=\"twitter:data2\" content=\"2 minutes\" \/>\n<script type=\"application\/ld+json\" class=\"yoast-schema-graph\">{\"@context\":\"https:\/\/schema.org\",\"@graph\":[{\"@type\":\"Article\",\"@id\":\"https:\/\/kapitalis.com\/tunisie\/2024\/01\/24\/le-2e-agrobusiness-medafrica-expo-en-novembre-2024-a-hammamet\/#article\",\"isPartOf\":{\"@id\":\"https:\/\/kapitalis.com\/tunisie\/2024\/01\/24\/le-2e-agrobusiness-medafrica-expo-en-novembre-2024-a-hammamet\/\"},\"author\":{\"name\":\"webmaster kapitalis\",\"@id\":\"https:\/\/kapitalis.com\/tunisie\/#\/schema\/person\/d71f33a9ca44f7bad4698210b480c8e9\"},\"headline\":\"Le 2e Agrobusiness Medafrica Expo en novembre 2024 \u00e0 Hammamet\",\"datePublished\":\"2024-01-24T09:24:52+00:00\",\"dateModified\":\"2024-01-24T09:24:53+00:00\",\"mainEntityOfPage\":{\"@id\":\"https:\/\/kapitalis.com\/tunisie\/2024\/01\/24\/le-2e-agrobusiness-medafrica-expo-en-novembre-2024-a-hammamet\/\"},\"wordCount\":211,\"commentCount\":0,\"publisher\":{\"@id\":\"https:\/\/kapitalis.com\/tunisie\/#organization\"},\"image\":{\"@id\":\"https:\/\/kapitalis.com\/tunisie\/2024\/01\/24\/le-2e-agrobusiness-medafrica-expo-en-novembre-2024-a-hammamet\/#primaryimage\"},\"thumbnailUrl\":\"https:\/\/kapitalis.com\/tunisie\/wp-content\/uploads\/2024\/01\/Agrobusiness-Medafrica-Expo.jpg\",\"keywords\":[\"Afrique\",\"Agrobusiness Medafrica Expo\",\"changement climatique\",\"s\u00e9curit\u00e9 alimentaire\",\"Tunisie\",\"Yasmine Hammamet\"],\"articleSection\":[\"ECONOMIE\",\"Tunisie\"],\"inLanguage\":\"fr-FR\",\"potentialAction\":[{\"@type\":\"CommentAction\",\"name\":\"Comment\",\"target\":[\"https:\/\/kapitalis.com\/tunisie\/2024\/01\/24\/le-2e-agrobusiness-medafrica-expo-en-novembre-2024-a-hammamet\/#respond\"]}]},{\"@type\":\"WebPage\",\"@id\":\"https:\/\/kapitalis.com\/tunisie\/2024\/01\/24\/le-2e-agrobusiness-medafrica-expo-en-novembre-2024-a-hammamet\/\",\"url\":\"https:\/\/kapitalis.com\/tunisie\/2024\/01\/24\/le-2e-agrobusiness-medafrica-expo-en-novembre-2024-a-hammamet\/\",\"name\":\"Le 2e Agrobusiness Medafrica Expo en novembre 2024 \u00e0 Hammamet - Kapitalis\",\"isPartOf\":{\"@id\":\"https:\/\/kapitalis.com\/tunisie\/#website\"},\"primaryImageOfPage\":{\"@id\":\"https:\/\/kapitalis.com\/tunisie\/2024\/01\/24\/le-2e-agrobusiness-medafrica-expo-en-novembre-2024-a-hammamet\/#primaryimage\"},\"image\":{\"@id\":\"https:\/\/kapitalis.com\/tunisie\/2024\/01\/24\/le-2e-agrobusiness-medafrica-expo-en-novembre-2024-a-hammamet\/#primaryimage\"},\"thumbnailUrl\":\"https:\/\/kapitalis.com\/tunisie\/wp-content\/uploads\/2024\/01\/Agrobusiness-Medafrica-Expo.jpg\",\"datePublished\":\"2024-01-24T09:24:52+00:00\",\"dateModified\":\"2024-01-24T09:24:53+00:00\",\"breadcrumb\":{\"@id\":\"https:\/\/kapitalis.com\/tunisie\/2024\/01\/24\/le-2e-agrobusiness-medafrica-expo-en-novembre-2024-a-hammamet\/#breadcrumb\"},\"inLanguage\":\"fr-FR\",\"potentialAction\":[{\"@type\":\"ReadAction\",\"target\":[\"https:\/\/kapitalis.com\/tunisie\/2024\/01\/24\/le-2e-agrobusiness-medafrica-expo-en-novembre-2024-a-hammamet\/\"]}]},{\"@type\":\"ImageObject\",\"inLanguage\":\"fr-FR\",\"@id\":\"https:\/\/kapitalis.com\/tunisie\/2024\/01\/24\/le-2e-agrobusiness-medafrica-expo-en-novembre-2024-a-hammamet\/#primaryimage\",\"url\":\"https:\/\/kapitalis.com\/tunisie\/wp-content\/uploads\/2024\/01\/Agrobusiness-Medafrica-Expo.jpg\",\"contentUrl\":\"https:\/\/kapitalis.com\/tunisie\/wp-content\/uploads\/2024\/01\/Agrobusiness-Medafrica-Expo.jpg\",\"width\":1200,\"height\":630},{\"@type\":\"BreadcrumbList\",\"@id\":\"https:\/\/kapitalis.com\/tunisie\/2024\/01\/24\/le-2e-agrobusiness-medafrica-expo-en-novembre-2024-a-hammamet\/#breadcrumb\",\"itemListElement\":[{\"@type\":\"ListItem\",\"position\":1,\"name\":\"Accueil\",\"item\":\"https:\/\/kapitalis.com\/tunisie\/\"},{\"@type\":\"ListItem\",\"position\":2,\"name\":\"Le 2e Agrobusiness Medafrica Expo en novembre 2024 \u00e0 Hammamet\"}]},{\"@type\":\"WebSite\",\"@id\":\"https:\/\/kapitalis.com\/tunisie\/#website\",\"url\":\"https:\/\/kapitalis.com\/tunisie\/\",\"name\":\"Kapitalis\",\"description\":\"L&#039;actualit\u00e9 en Tunisie et dans le monde\",\"publisher\":{\"@id\":\"https:\/\/kapitalis.com\/tunisie\/#organization\"},\"potentialAction\":[{\"@type\":\"SearchAction\",\"target\":{\"@type\":\"EntryPoint\",\"urlTemplate\":\"https:\/\/kapitalis.com\/tunisie\/?s={search_term_string}\"},\"query-input\":{\"@type\":\"PropertyValueSpecification\",\"valueRequired\":true,\"valueName\":\"search_term_string\"}}],\"inLanguage\":\"fr-FR\"},{\"@type\":\"Organization\",\"@id\":\"https:\/\/kapitalis.com\/tunisie\/#organization\",\"name\":\"Kapitalis\",\"url\":\"https:\/\/kapitalis.com\/tunisie\/\",\"logo\":{\"@type\":\"ImageObject\",\"inLanguage\":\"fr-FR\",\"@id\":\"https:\/\/kapitalis.com\/tunisie\/#\/schema\/logo\/image\/\",\"url\":\"https:\/\/kapitalis.com\/tunisie\/wp-content\/uploads\/2022\/05\/Kapitalis-big-size.png\",\"contentUrl\":\"https:\/\/kapitalis.com\/tunisie\/wp-content\/uploads\/2022\/05\/Kapitalis-big-size.png\",\"width\":5000,\"height\":1500,\"caption\":\"Kapitalis\"},\"image\":{\"@id\":\"https:\/\/kapitalis.com\/tunisie\/#\/schema\/logo\/image\/\"},\"sameAs\":[\"https:\/\/www.facebook.com\/KapitalisInfo\/\",\"https:\/\/x.com\/KapitalisInfo\",\"https:\/\/www.youtube.com\/channel\/UC-yDYrHyfFBWWZaOw3FPg9Q\"]},{\"@type\":\"Person\",\"@id\":\"https:\/\/kapitalis.com\/tunisie\/#\/schema\/person\/d71f33a9ca44f7bad4698210b480c8e9\",\"name\":\"webmaster kapitalis\",\"url\":\"https:\/\/kapitalis.com\/tunisie\/author\/webmaster-kapitalis\/\"}]}<\/script>\n<!-- \/ Yoast SEO plugin. -->","yoast_head_json":{"title":"Le 2e Agrobusiness Medafrica Expo en novembre 2024 \u00e0 Hammamet - Kapitalis","robots":{"index":"index","follow":"follow","max-snippet":"max-snippet:-1","max-image-preview":"max-image-preview:large","max-video-preview":"max-video-preview:-1"},"canonical":"https:\/\/kapitalis.com\/tunisie\/2024\/01\/24\/le-2e-agrobusiness-medafrica-expo-en-novembre-2024-a-hammamet\/","og_locale":"fr_FR","og_type":"article","og_title":"Le 2e Agrobusiness Medafrica Expo en novembre 2024 \u00e0 Hammamet - Kapitalis","og_description":"La 2e \u00e9dition de l'Agrobusiness Medafrica Expo se tiendra du 14 au 16 novembre 2024, \u00e0 Yasmine Hammamet.","og_url":"https:\/\/kapitalis.com\/tunisie\/2024\/01\/24\/le-2e-agrobusiness-medafrica-expo-en-novembre-2024-a-hammamet\/","og_site_name":"Kapitalis","article_publisher":"https:\/\/www.facebook.com\/KapitalisInfo\/","article_published_time":"2024-01-24T09:24:52+00:00","article_modified_time":"2024-01-24T09:24:53+00:00","og_image":[{"width":1200,"height":630,"url":"https:\/\/kapitalis.com\/tunisie\/wp-content\/uploads\/2024\/01\/Agrobusiness-Medafrica-Expo.jpg","type":"image\/jpeg"}],"author":"webmaster kapitalis","twitter_card":"summary_large_image","twitter_creator":"@KapitalisInfo","twitter_site":"@KapitalisInfo","twitter_misc":{"\u00c9crit par":"webmaster kapitalis","Dur\u00e9e de lecture estim\u00e9e":"2 minutes"},"schema":{"@context":"https:\/\/schema.org","@graph":[{"@type":"Article","@id":"https:\/\/kapitalis.com\/tunisie\/2024\/01\/24\/le-2e-agrobusiness-medafrica-expo-en-novembre-2024-a-hammamet\/#article","isPartOf":{"@id":"https:\/\/kapitalis.com\/tunisie\/2024\/01\/24\/le-2e-agrobusiness-medafrica-expo-en-novembre-2024-a-hammamet\/"},"author":{"name":"webmaster kapitalis","@id":"https:\/\/kapitalis.com\/tunisie\/#\/schema\/person\/d71f33a9ca44f7bad4698210b480c8e9"},"headline":"Le 2e Agrobusiness Medafrica Expo en novembre 2024 \u00e0 Hammamet","datePublished":"2024-01-24T09:24:52+00:00","dateModified":"2024-01-24T09:24:53+00:00","mainEntityOfPage":{"@id":"https:\/\/kapitalis.com\/tunisie\/2024\/01\/24\/le-2e-agrobusiness-medafrica-expo-en-novembre-2024-a-hammamet\/"},"wordCount":211,"commentCount":0,"publisher":{"@id":"https:\/\/kapitalis.com\/tunisie\/#organization"},"image":{"@id":"https:\/\/kapitalis.com\/tunisie\/2024\/01\/24\/le-2e-agrobusiness-medafrica-expo-en-novembre-2024-a-hammamet\/#primaryimage"},"thumbnailUrl":"https:\/\/kapitalis.com\/tunisie\/wp-content\/uploads\/2024\/01\/Agrobusiness-Medafrica-Expo.jpg","keywords":["Afrique","Agrobusiness Medafrica Expo","changement climatique","s\u00e9curit\u00e9 alimentaire","Tunisie","Yasmine Hammamet"],"articleSection":["ECONOMIE","Tunisie"],"inLanguage":"fr-FR","potentialAction":[{"@type":"CommentAction","name":"Comment","target":["https:\/\/kapitalis.com\/tunisie\/2024\/01\/24\/le-2e-agrobusiness-medafrica-expo-en-novembre-2024-a-hammamet\/#respond"]}]},{"@type":"WebPage","@id":"https:\/\/kapitalis.com\/tunisie\/2024\/01\/24\/le-2e-agrobusiness-medafrica-expo-en-novembre-2024-a-hammamet\/","url":"https:\/\/kapitalis.com\/tunisie\/2024\/01\/24\/le-2e-agrobusiness-medafrica-expo-en-novembre-2024-a-hammamet\/","name":"Le 2e Agrobusiness Medafrica Expo en novembre 2024 \u00e0 Hammamet - Kapitalis","isPartOf":{"@id":"https:\/\/kapitalis.com\/tunisie\/#website"},"primaryImageOfPage":{"@id":"https:\/\/kapitalis.com\/tunisie\/2024\/01\/24\/le-2e-agrobusiness-medafrica-expo-en-novembre-2024-a-hammamet\/#primaryimage"},"image":{"@id":"https:\/\/kapitalis.com\/tunisie\/2024\/01\/24\/le-2e-agrobusiness-medafrica-expo-en-novembre-2024-a-hammamet\/#primaryimage"},"thumbnailUrl":"https:\/\/kapitalis.com\/tunisie\/wp-content\/uploads\/2024\/01\/Agrobusiness-Medafrica-Expo.jpg","datePublished":"2024-01-24T09:24:52+00:00","dateModified":"2024-01-24T09:24:53+00:00","breadcrumb":{"@id":"https:\/\/kapitalis.com\/tunisie\/2024\/01\/24\/le-2e-agrobusiness-medafrica-expo-en-novembre-2024-a-hammamet\/#breadcrumb"},"inLanguage":"fr-FR","potentialAction":[{"@type":"ReadAction","target":["https:\/\/kapitalis.com\/tunisie\/2024\/01\/24\/le-2e-agrobusiness-medafrica-expo-en-novembre-2024-a-hammamet\/"]}]},{"@type":"ImageObject","inLanguage":"fr-FR","@id":"https:\/\/kapitalis.com\/tunisie\/2024\/01\/24\/le-2e-agrobusiness-medafrica-expo-en-novembre-2024-a-hammamet\/#primaryimage","url":"https:\/\/kapitalis.com\/tunisie\/wp-content\/uploads\/2024\/01\/Agrobusiness-Medafrica-Expo.jpg","contentUrl":"https:\/\/kapitalis.com\/tunisie\/wp-content\/uploads\/2024\/01\/Agrobusiness-Medafrica-Expo.jpg","width":1200,"height":630},{"@type":"BreadcrumbList","@id":"https:\/\/kapitalis.com\/tunisie\/2024\/01\/24\/le-2e-agrobusiness-medafrica-expo-en-novembre-2024-a-hammamet\/#breadcrumb","itemListElement":[{"@type":"ListItem","position":1,"name":"Accueil","item":"https:\/\/kapitalis.com\/tunisie\/"},{"@type":"ListItem","position":2,"name":"Le 2e Agrobusiness Medafrica Expo en novembre 2024 \u00e0 Hammamet"}]},{"@type":"WebSite","@id":"https:\/\/kapitalis.com\/tunisie\/#website","url":"https:\/\/kapitalis.com\/tunisie\/","name":"Kapitalis","description":"L&#039;actualit\u00e9 en Tunisie et dans le monde","publisher":{"@id":"https:\/\/kapitalis.com\/tunisie\/#organization"},"potentialAction":[{"@type":"SearchAction","target":{"@type":"EntryPoint","urlTemplate":"https:\/\/kapitalis.com\/tunisie\/?s={search_term_string}"},"query-input":{"@type":"PropertyValueSpecification","valueRequired":true,"valueName":"search_term_string"}}],"inLanguage":"fr-FR"},{"@type":"Organization","@id":"https:\/\/kapitalis.com\/tunisie\/#organization","name":"Kapitalis","url":"https:\/\/kapitalis.com\/tunisie\/","logo":{"@type":"ImageObject","inLanguage":"fr-FR","@id":"https:\/\/kapitalis.com\/tunisie\/#\/schema\/logo\/image\/","url":"https:\/\/kapitalis.com\/tunisie\/wp-content\/uploads\/2022\/05\/Kapitalis-big-size.png","contentUrl":"https:\/\/kapitalis.com\/tunisie\/wp-content\/uploads\/2022\/05\/Kapitalis-big-size.png","width":5000,"height":1500,"caption":"Kapitalis"},"image":{"@id":"https:\/\/kapitalis.com\/tunisie\/#\/schema\/logo\/image\/"},"sameAs":["https:\/\/www.facebook.com\/KapitalisInfo\/","https:\/\/x.com\/KapitalisInfo","https:\/\/www.youtube.com\/channel\/UC-yDYrHyfFBWWZaOw3FPg9Q"]},{"@type":"Person","@id":"https:\/\/kapitalis.com\/tunisie\/#\/schema\/person\/d71f33a9ca44f7bad4698210b480c8e9","name":"webmaster kapitalis","url":"https:\/\/kapitalis.com\/tunisie\/author\/webmaster-kapitalis\/"}]}},"_links":{"self":[{"href":"https:\/\/kapitalis.com\/tunisie\/wp-json\/wp\/v2\/posts\/11376964","targetHints":{"allow":["GET"]}}],"collection":[{"href":"https:\/\/kapitalis.com\/tunisie\/wp-json\/wp\/v2\/posts"}],"about":[{"href":"https:\/\/kapitalis.com\/tunisie\/wp-json\/wp\/v2\/types\/post"}],"author":[{"embeddable":true,"href":"https:\/\/kapitalis.com\/tunisie\/wp-json\/wp\/v2\/users\/8"}],"replies":[{"embeddable":true,"href":"https:\/\/kapitalis.com\/tunisie\/wp-json\/wp\/v2\/comments?post=11376964"}],"version-history":[{"count":1,"href":"https:\/\/kapitalis.com\/tunisie\/wp-json\/wp\/v2\/posts\/11376964\/revisions"}],"predecessor-version":[{"id":11377012,"href":"https:\/\/kapitalis.com\/tunisie\/wp-json\/wp\/v2\/posts\/11376964\/revisions\/11377012"}],"wp:featuredmedia":[{"embeddable":true,"href":"https:\/\/kapitalis.com\/tunisie\/wp-json\/wp\/v2\/media\/11376993"}],"wp:attachment":[{"href":"https:\/\/kapitalis.com\/tunisie\/wp-json\/wp\/v2\/media?parent=11376964"}],"wp:term":[{"taxonomy":"category","embeddable":true,"href":"https:\/\/kapitalis.com\/tunisie\/wp-json\/wp\/v2\/categories?post=11376964"},{"taxonomy":"post_tag","embeddable":true,"href":"https:\/\/kapitalis.com\/tunisie\/wp-json\/wp\/v2\/tags?post=11376964"}],"curies":[{"name":"wp","href":"https:\/\/api.w.org\/{rel}","templated":true}]}}