{"id":11380353,"date":"2024-01-24T13:57:07","date_gmt":"2024-01-24T12:57:07","guid":{"rendered":"https:\/\/kapitalis.com\/tunisie\/?p=11380353"},"modified":"2024-01-24T13:57:08","modified_gmt":"2024-01-24T12:57:08","slug":"amnesty-international-le-memorandum-entre-lue-et-la-tunisie-a-echoue","status":"publish","type":"post","link":"https:\/\/kapitalis.com\/tunisie\/2024\/01\/24\/amnesty-international-le-memorandum-entre-lue-et-la-tunisie-a-echoue\/","title":{"rendered":"Amnesty International\u00a0: \u00abLe m\u00e9morandum entre l\u2019UE et la Tunisie a \u00e9chou\u00e9\u00bb \u00a0\u00a0"},"content":{"rendered":"\n<p><strong><em>Amnesty International estime que le m\u00e9morandum sur l\u2019immigration entre l\u2019Union Europ\u00e9enne et la Tunisie sign\u00e9 en juillet dernier \u00e0 Carthage a \u00e9chou\u00e9. Les arriv\u00e9es de migrants sur les c\u00f4tes italiennes ont augment\u00e9, ainsi le nombre des personnes port\u00e9es disparus en mer, et les droits des migrants sont bafou\u00e9s, explique l\u2019organisation.<\/em><\/strong> <em>(Illustration : des immigr\u00e9s subsahariens refoul\u00e9s de la ville Sfax vers la campagne d&rsquo;Al-Amra). <\/em><\/p>\n\n\n\n<!--more-->\n\n\n\n<p>Hussein Baoumi, conseiller en politique \u00e9trang\u00e8re d\u2019Amnesty International, a fait cette d\u00e9claration hier, mardi 23 janvier 2024, &nbsp;lors d\u2019une audition devant la commission de justice du Parlement europ\u00e9en.<\/p>\n\n\n\n<p><em>\u00abLes autorit\u00e9s tunisiennes expulsent de nombreux migrants, souvent m\u00eame mineurs, vers la Libye ou l<\/em><em>\u2019<\/em><em>Alg\u00e9rie, dans certains cas les gens sont m\u00eame laiss\u00e9s seuls dans le d\u00e9sert pour mourir. Les expulsions ont lieu sans tenir compte des besoins de protection des personnes\u00bb<\/em>, a expliqu\u00e9 Baoumi.<\/p>\n\n\n\n<p><em>\u00abDepuis l\u2019arriv\u00e9e au pouvoir de Sa\u00efed, il y a une spirale de r\u00e9pression et ses forces de s\u00e9curit\u00e9 entravent le travail des ONG. La Tunisie est tr\u00e8s en retard dans l\u2019assistance aux migrants et la situation ne s\u2019am\u00e9liore pas avec le temps, m\u00eame si les \u00c9tats membres ont d\u00e9cid\u00e9 de signer des m\u00e9morandums avec la Tunisie sans consultations ni transparence et sans tenir compte du fait que les droits de l\u2019homme sont de facto bafou\u00e9s\u00bb<\/em>, a conclu Baoumi.<\/p>\n\n\n\n<p class=\"has-text-align-right\"><strong>I. B.<\/strong> <\/p>\n","protected":false},"excerpt":{"rendered":"<p>Amnesty International estime que le m\u00e9morandum sur l\u2019immigration entre l\u2019UE et la Tunisie a \u00e9chou\u00e9.<\/p>\n","protected":false},"author":8,"featured_media":9861079,"comment_status":"open","ping_status":"open","sticky":false,"template":"","format":"standard","meta":{"footnotes":""},"categories":[997,998,2433],"tags":[5324,107475,5726,3145,693,62643,107607],"class_list":["post-11380353","post","type-post","status-publish","format-standard","has-post-thumbnail","hentry","category-politique","category-societe","category-tunisie","tag-amnesty-international","tag-hussein-baoumi","tag-immigration","tag-migrants","tag-parlement-europeen","tag-tunisie","tag-union-europeeene"],"yoast_head":"<!-- This site is optimized with the Yoast SEO plugin v26.6 - https:\/\/yoast.com\/wordpress\/plugins\/seo\/ -->\n<title>Amnesty International\u00a0: \u00abLe m\u00e9morandum entre l\u2019UE et la Tunisie a \u00e9chou\u00e9\u00bb \u00a0\u00a0 - Kapitalis<\/title>\n<meta name=\"robots\" content=\"index, follow, max-snippet:-1, max-image-preview:large, max-video-preview:-1\" \/>\n<link rel=\"canonical\" href=\"https:\/\/kapitalis.com\/tunisie\/2024\/01\/24\/amnesty-international-le-memorandum-entre-lue-et-la-tunisie-a-echoue\/\" \/>\n<meta property=\"og:locale\" content=\"fr_FR\" \/>\n<meta property=\"og:type\" content=\"article\" \/>\n<meta property=\"og:title\" content=\"Amnesty International\u00a0: \u00abLe m\u00e9morandum entre l\u2019UE et la Tunisie a \u00e9chou\u00e9\u00bb \u00a0\u00a0 - Kapitalis\" \/>\n<meta property=\"og:description\" content=\"Amnesty International estime que le m\u00e9morandum sur l\u2019immigration entre l\u2019UE et la Tunisie a \u00e9chou\u00e9.\" \/>\n<meta property=\"og:url\" content=\"https:\/\/kapitalis.com\/tunisie\/2024\/01\/24\/amnesty-international-le-memorandum-entre-lue-et-la-tunisie-a-echoue\/\" \/>\n<meta property=\"og:site_name\" content=\"Kapitalis\" \/>\n<meta property=\"article:publisher\" content=\"https:\/\/www.facebook.com\/KapitalisInfo\/\" \/>\n<meta property=\"article:published_time\" content=\"2024-01-24T12:57:07+00:00\" \/>\n<meta property=\"article:modified_time\" content=\"2024-01-24T12:57:08+00:00\" \/>\n<meta property=\"og:image\" content=\"https:\/\/kapitalis.com\/tunisie\/wp-content\/uploads\/2023\/09\/El-Amra-migrants-subsahariens.jpg\" \/>\n\t<meta property=\"og:image:width\" content=\"1200\" \/>\n\t<meta property=\"og:image:height\" content=\"630\" \/>\n\t<meta property=\"og:image:type\" content=\"image\/jpeg\" \/>\n<meta name=\"author\" content=\"webmaster kapitalis\" \/>\n<meta name=\"twitter:card\" content=\"summary_large_image\" \/>\n<meta name=\"twitter:creator\" content=\"@KapitalisInfo\" \/>\n<meta name=\"twitter:site\" content=\"@KapitalisInfo\" \/>\n<meta name=\"twitter:label1\" content=\"\u00c9crit par\" \/>\n\t<meta name=\"twitter:data1\" content=\"webmaster kapitalis\" \/>\n\t<meta name=\"twitter:label2\" content=\"Dur\u00e9e de lecture estim\u00e9e\" \/>\n\t<meta name=\"twitter:data2\" content=\"2 minutes\" \/>\n<script type=\"application\/ld+json\" class=\"yoast-schema-graph\">{\"@context\":\"https:\/\/schema.org\",\"@graph\":[{\"@type\":\"Article\",\"@id\":\"https:\/\/kapitalis.com\/tunisie\/2024\/01\/24\/amnesty-international-le-memorandum-entre-lue-et-la-tunisie-a-echoue\/#article\",\"isPartOf\":{\"@id\":\"https:\/\/kapitalis.com\/tunisie\/2024\/01\/24\/amnesty-international-le-memorandum-entre-lue-et-la-tunisie-a-echoue\/\"},\"author\":{\"name\":\"webmaster kapitalis\",\"@id\":\"https:\/\/kapitalis.com\/tunisie\/#\/schema\/person\/d71f33a9ca44f7bad4698210b480c8e9\"},\"headline\":\"Amnesty International\u00a0: \u00abLe m\u00e9morandum entre l\u2019UE et la Tunisie a \u00e9chou\u00e9\u00bb \u00a0\u00a0\",\"datePublished\":\"2024-01-24T12:57:07+00:00\",\"dateModified\":\"2024-01-24T12:57:08+00:00\",\"mainEntityOfPage\":{\"@id\":\"https:\/\/kapitalis.com\/tunisie\/2024\/01\/24\/amnesty-international-le-memorandum-entre-lue-et-la-tunisie-a-echoue\/\"},\"wordCount\":264,\"commentCount\":2,\"publisher\":{\"@id\":\"https:\/\/kapitalis.com\/tunisie\/#organization\"},\"image\":{\"@id\":\"https:\/\/kapitalis.com\/tunisie\/2024\/01\/24\/amnesty-international-le-memorandum-entre-lue-et-la-tunisie-a-echoue\/#primaryimage\"},\"thumbnailUrl\":\"https:\/\/kapitalis.com\/tunisie\/wp-content\/uploads\/2023\/09\/El-Amra-migrants-subsahariens.jpg\",\"keywords\":[\"Amnesty international\",\"Hussein Baoumi\",\"immigration\",\"migrants\",\"Parlement europ\u00e9en\",\"Tunisie\",\"Union europ\u00e9eene\"],\"articleSection\":[\"POLITIQUE\",\"SOCIETE\",\"Tunisie\"],\"inLanguage\":\"fr-FR\",\"potentialAction\":[{\"@type\":\"CommentAction\",\"name\":\"Comment\",\"target\":[\"https:\/\/kapitalis.com\/tunisie\/2024\/01\/24\/amnesty-international-le-memorandum-entre-lue-et-la-tunisie-a-echoue\/#respond\"]}]},{\"@type\":\"WebPage\",\"@id\":\"https:\/\/kapitalis.com\/tunisie\/2024\/01\/24\/amnesty-international-le-memorandum-entre-lue-et-la-tunisie-a-echoue\/\",\"url\":\"https:\/\/kapitalis.com\/tunisie\/2024\/01\/24\/amnesty-international-le-memorandum-entre-lue-et-la-tunisie-a-echoue\/\",\"name\":\"Amnesty International\u00a0: \u00abLe m\u00e9morandum entre l\u2019UE et la Tunisie a \u00e9chou\u00e9\u00bb \u00a0\u00a0 - Kapitalis\",\"isPartOf\":{\"@id\":\"https:\/\/kapitalis.com\/tunisie\/#website\"},\"primaryImageOfPage\":{\"@id\":\"https:\/\/kapitalis.com\/tunisie\/2024\/01\/24\/amnesty-international-le-memorandum-entre-lue-et-la-tunisie-a-echoue\/#primaryimage\"},\"image\":{\"@id\":\"https:\/\/kapitalis.com\/tunisie\/2024\/01\/24\/amnesty-international-le-memorandum-entre-lue-et-la-tunisie-a-echoue\/#primaryimage\"},\"thumbnailUrl\":\"https:\/\/kapitalis.com\/tunisie\/wp-content\/uploads\/2023\/09\/El-Amra-migrants-subsahariens.jpg\",\"datePublished\":\"2024-01-24T12:57:07+00:00\",\"dateModified\":\"2024-01-24T12:57:08+00:00\",\"breadcrumb\":{\"@id\":\"https:\/\/kapitalis.com\/tunisie\/2024\/01\/24\/amnesty-international-le-memorandum-entre-lue-et-la-tunisie-a-echoue\/#breadcrumb\"},\"inLanguage\":\"fr-FR\",\"potentialAction\":[{\"@type\":\"ReadAction\",\"target\":[\"https:\/\/kapitalis.com\/tunisie\/2024\/01\/24\/amnesty-international-le-memorandum-entre-lue-et-la-tunisie-a-echoue\/\"]}]},{\"@type\":\"ImageObject\",\"inLanguage\":\"fr-FR\",\"@id\":\"https:\/\/kapitalis.com\/tunisie\/2024\/01\/24\/amnesty-international-le-memorandum-entre-lue-et-la-tunisie-a-echoue\/#primaryimage\",\"url\":\"https:\/\/kapitalis.com\/tunisie\/wp-content\/uploads\/2023\/09\/El-Amra-migrants-subsahariens.jpg\",\"contentUrl\":\"https:\/\/kapitalis.com\/tunisie\/wp-content\/uploads\/2023\/09\/El-Amra-migrants-subsahariens.jpg\",\"width\":1200,\"height\":630},{\"@type\":\"BreadcrumbList\",\"@id\":\"https:\/\/kapitalis.com\/tunisie\/2024\/01\/24\/amnesty-international-le-memorandum-entre-lue-et-la-tunisie-a-echoue\/#breadcrumb\",\"itemListElement\":[{\"@type\":\"ListItem\",\"position\":1,\"name\":\"Accueil\",\"item\":\"https:\/\/kapitalis.com\/tunisie\/\"},{\"@type\":\"ListItem\",\"position\":2,\"name\":\"Amnesty International\u00a0: \u00abLe m\u00e9morandum entre l\u2019UE et la Tunisie a \u00e9chou\u00e9\u00bb \u00a0\u00a0\"}]},{\"@type\":\"WebSite\",\"@id\":\"https:\/\/kapitalis.com\/tunisie\/#website\",\"url\":\"https:\/\/kapitalis.com\/tunisie\/\",\"name\":\"Kapitalis\",\"description\":\"L&#039;actualit\u00e9 en Tunisie et dans le monde\",\"publisher\":{\"@id\":\"https:\/\/kapitalis.com\/tunisie\/#organization\"},\"potentialAction\":[{\"@type\":\"SearchAction\",\"target\":{\"@type\":\"EntryPoint\",\"urlTemplate\":\"https:\/\/kapitalis.com\/tunisie\/?s={search_term_string}\"},\"query-input\":{\"@type\":\"PropertyValueSpecification\",\"valueRequired\":true,\"valueName\":\"search_term_string\"}}],\"inLanguage\":\"fr-FR\"},{\"@type\":\"Organization\",\"@id\":\"https:\/\/kapitalis.com\/tunisie\/#organization\",\"name\":\"Kapitalis\",\"url\":\"https:\/\/kapitalis.com\/tunisie\/\",\"logo\":{\"@type\":\"ImageObject\",\"inLanguage\":\"fr-FR\",\"@id\":\"https:\/\/kapitalis.com\/tunisie\/#\/schema\/logo\/image\/\",\"url\":\"https:\/\/kapitalis.com\/tunisie\/wp-content\/uploads\/2022\/05\/Kapitalis-big-size.png\",\"contentUrl\":\"https:\/\/kapitalis.com\/tunisie\/wp-content\/uploads\/2022\/05\/Kapitalis-big-size.png\",\"width\":5000,\"height\":1500,\"caption\":\"Kapitalis\"},\"image\":{\"@id\":\"https:\/\/kapitalis.com\/tunisie\/#\/schema\/logo\/image\/\"},\"sameAs\":[\"https:\/\/www.facebook.com\/KapitalisInfo\/\",\"https:\/\/x.com\/KapitalisInfo\",\"https:\/\/www.youtube.com\/channel\/UC-yDYrHyfFBWWZaOw3FPg9Q\"]},{\"@type\":\"Person\",\"@id\":\"https:\/\/kapitalis.com\/tunisie\/#\/schema\/person\/d71f33a9ca44f7bad4698210b480c8e9\",\"name\":\"webmaster kapitalis\",\"url\":\"https:\/\/kapitalis.com\/tunisie\/author\/webmaster-kapitalis\/\"}]}<\/script>\n<!-- \/ Yoast SEO plugin. -->","yoast_head_json":{"title":"Amnesty International\u00a0: \u00abLe m\u00e9morandum entre l\u2019UE et la Tunisie a \u00e9chou\u00e9\u00bb \u00a0\u00a0 - Kapitalis","robots":{"index":"index","follow":"follow","max-snippet":"max-snippet:-1","max-image-preview":"max-image-preview:large","max-video-preview":"max-video-preview:-1"},"canonical":"https:\/\/kapitalis.com\/tunisie\/2024\/01\/24\/amnesty-international-le-memorandum-entre-lue-et-la-tunisie-a-echoue\/","og_locale":"fr_FR","og_type":"article","og_title":"Amnesty International\u00a0: \u00abLe m\u00e9morandum entre l\u2019UE et la Tunisie a \u00e9chou\u00e9\u00bb \u00a0\u00a0 - Kapitalis","og_description":"Amnesty International estime que le m\u00e9morandum sur l\u2019immigration entre l\u2019UE et la Tunisie a \u00e9chou\u00e9.","og_url":"https:\/\/kapitalis.com\/tunisie\/2024\/01\/24\/amnesty-international-le-memorandum-entre-lue-et-la-tunisie-a-echoue\/","og_site_name":"Kapitalis","article_publisher":"https:\/\/www.facebook.com\/KapitalisInfo\/","article_published_time":"2024-01-24T12:57:07+00:00","article_modified_time":"2024-01-24T12:57:08+00:00","og_image":[{"width":1200,"height":630,"url":"https:\/\/kapitalis.com\/tunisie\/wp-content\/uploads\/2023\/09\/El-Amra-migrants-subsahariens.jpg","type":"image\/jpeg"}],"author":"webmaster kapitalis","twitter_card":"summary_large_image","twitter_creator":"@KapitalisInfo","twitter_site":"@KapitalisInfo","twitter_misc":{"\u00c9crit par":"webmaster kapitalis","Dur\u00e9e de lecture estim\u00e9e":"2 minutes"},"schema":{"@context":"https:\/\/schema.org","@graph":[{"@type":"Article","@id":"https:\/\/kapitalis.com\/tunisie\/2024\/01\/24\/amnesty-international-le-memorandum-entre-lue-et-la-tunisie-a-echoue\/#article","isPartOf":{"@id":"https:\/\/kapitalis.com\/tunisie\/2024\/01\/24\/amnesty-international-le-memorandum-entre-lue-et-la-tunisie-a-echoue\/"},"author":{"name":"webmaster kapitalis","@id":"https:\/\/kapitalis.com\/tunisie\/#\/schema\/person\/d71f33a9ca44f7bad4698210b480c8e9"},"headline":"Amnesty International\u00a0: \u00abLe m\u00e9morandum entre l\u2019UE et la Tunisie a \u00e9chou\u00e9\u00bb \u00a0\u00a0","datePublished":"2024-01-24T12:57:07+00:00","dateModified":"2024-01-24T12:57:08+00:00","mainEntityOfPage":{"@id":"https:\/\/kapitalis.com\/tunisie\/2024\/01\/24\/amnesty-international-le-memorandum-entre-lue-et-la-tunisie-a-echoue\/"},"wordCount":264,"commentCount":2,"publisher":{"@id":"https:\/\/kapitalis.com\/tunisie\/#organization"},"image":{"@id":"https:\/\/kapitalis.com\/tunisie\/2024\/01\/24\/amnesty-international-le-memorandum-entre-lue-et-la-tunisie-a-echoue\/#primaryimage"},"thumbnailUrl":"https:\/\/kapitalis.com\/tunisie\/wp-content\/uploads\/2023\/09\/El-Amra-migrants-subsahariens.jpg","keywords":["Amnesty international","Hussein Baoumi","immigration","migrants","Parlement europ\u00e9en","Tunisie","Union europ\u00e9eene"],"articleSection":["POLITIQUE","SOCIETE","Tunisie"],"inLanguage":"fr-FR","potentialAction":[{"@type":"CommentAction","name":"Comment","target":["https:\/\/kapitalis.com\/tunisie\/2024\/01\/24\/amnesty-international-le-memorandum-entre-lue-et-la-tunisie-a-echoue\/#respond"]}]},{"@type":"WebPage","@id":"https:\/\/kapitalis.com\/tunisie\/2024\/01\/24\/amnesty-international-le-memorandum-entre-lue-et-la-tunisie-a-echoue\/","url":"https:\/\/kapitalis.com\/tunisie\/2024\/01\/24\/amnesty-international-le-memorandum-entre-lue-et-la-tunisie-a-echoue\/","name":"Amnesty International\u00a0: \u00abLe m\u00e9morandum entre l\u2019UE et la Tunisie a \u00e9chou\u00e9\u00bb \u00a0\u00a0 - Kapitalis","isPartOf":{"@id":"https:\/\/kapitalis.com\/tunisie\/#website"},"primaryImageOfPage":{"@id":"https:\/\/kapitalis.com\/tunisie\/2024\/01\/24\/amnesty-international-le-memorandum-entre-lue-et-la-tunisie-a-echoue\/#primaryimage"},"image":{"@id":"https:\/\/kapitalis.com\/tunisie\/2024\/01\/24\/amnesty-international-le-memorandum-entre-lue-et-la-tunisie-a-echoue\/#primaryimage"},"thumbnailUrl":"https:\/\/kapitalis.com\/tunisie\/wp-content\/uploads\/2023\/09\/El-Amra-migrants-subsahariens.jpg","datePublished":"2024-01-24T12:57:07+00:00","dateModified":"2024-01-24T12:57:08+00:00","breadcrumb":{"@id":"https:\/\/kapitalis.com\/tunisie\/2024\/01\/24\/amnesty-international-le-memorandum-entre-lue-et-la-tunisie-a-echoue\/#breadcrumb"},"inLanguage":"fr-FR","potentialAction":[{"@type":"ReadAction","target":["https:\/\/kapitalis.com\/tunisie\/2024\/01\/24\/amnesty-international-le-memorandum-entre-lue-et-la-tunisie-a-echoue\/"]}]},{"@type":"ImageObject","inLanguage":"fr-FR","@id":"https:\/\/kapitalis.com\/tunisie\/2024\/01\/24\/amnesty-international-le-memorandum-entre-lue-et-la-tunisie-a-echoue\/#primaryimage","url":"https:\/\/kapitalis.com\/tunisie\/wp-content\/uploads\/2023\/09\/El-Amra-migrants-subsahariens.jpg","contentUrl":"https:\/\/kapitalis.com\/tunisie\/wp-content\/uploads\/2023\/09\/El-Amra-migrants-subsahariens.jpg","width":1200,"height":630},{"@type":"BreadcrumbList","@id":"https:\/\/kapitalis.com\/tunisie\/2024\/01\/24\/amnesty-international-le-memorandum-entre-lue-et-la-tunisie-a-echoue\/#breadcrumb","itemListElement":[{"@type":"ListItem","position":1,"name":"Accueil","item":"https:\/\/kapitalis.com\/tunisie\/"},{"@type":"ListItem","position":2,"name":"Amnesty International\u00a0: \u00abLe m\u00e9morandum entre l\u2019UE et la Tunisie a \u00e9chou\u00e9\u00bb \u00a0\u00a0"}]},{"@type":"WebSite","@id":"https:\/\/kapitalis.com\/tunisie\/#website","url":"https:\/\/kapitalis.com\/tunisie\/","name":"Kapitalis","description":"L&#039;actualit\u00e9 en Tunisie et dans le monde","publisher":{"@id":"https:\/\/kapitalis.com\/tunisie\/#organization"},"potentialAction":[{"@type":"SearchAction","target":{"@type":"EntryPoint","urlTemplate":"https:\/\/kapitalis.com\/tunisie\/?s={search_term_string}"},"query-input":{"@type":"PropertyValueSpecification","valueRequired":true,"valueName":"search_term_string"}}],"inLanguage":"fr-FR"},{"@type":"Organization","@id":"https:\/\/kapitalis.com\/tunisie\/#organization","name":"Kapitalis","url":"https:\/\/kapitalis.com\/tunisie\/","logo":{"@type":"ImageObject","inLanguage":"fr-FR","@id":"https:\/\/kapitalis.com\/tunisie\/#\/schema\/logo\/image\/","url":"https:\/\/kapitalis.com\/tunisie\/wp-content\/uploads\/2022\/05\/Kapitalis-big-size.png","contentUrl":"https:\/\/kapitalis.com\/tunisie\/wp-content\/uploads\/2022\/05\/Kapitalis-big-size.png","width":5000,"height":1500,"caption":"Kapitalis"},"image":{"@id":"https:\/\/kapitalis.com\/tunisie\/#\/schema\/logo\/image\/"},"sameAs":["https:\/\/www.facebook.com\/KapitalisInfo\/","https:\/\/x.com\/KapitalisInfo","https:\/\/www.youtube.com\/channel\/UC-yDYrHyfFBWWZaOw3FPg9Q"]},{"@type":"Person","@id":"https:\/\/kapitalis.com\/tunisie\/#\/schema\/person\/d71f33a9ca44f7bad4698210b480c8e9","name":"webmaster kapitalis","url":"https:\/\/kapitalis.com\/tunisie\/author\/webmaster-kapitalis\/"}]}},"_links":{"self":[{"href":"https:\/\/kapitalis.com\/tunisie\/wp-json\/wp\/v2\/posts\/11380353","targetHints":{"allow":["GET"]}}],"collection":[{"href":"https:\/\/kapitalis.com\/tunisie\/wp-json\/wp\/v2\/posts"}],"about":[{"href":"https:\/\/kapitalis.com\/tunisie\/wp-json\/wp\/v2\/types\/post"}],"author":[{"embeddable":true,"href":"https:\/\/kapitalis.com\/tunisie\/wp-json\/wp\/v2\/users\/8"}],"replies":[{"embeddable":true,"href":"https:\/\/kapitalis.com\/tunisie\/wp-json\/wp\/v2\/comments?post=11380353"}],"version-history":[{"count":1,"href":"https:\/\/kapitalis.com\/tunisie\/wp-json\/wp\/v2\/posts\/11380353\/revisions"}],"predecessor-version":[{"id":11380441,"href":"https:\/\/kapitalis.com\/tunisie\/wp-json\/wp\/v2\/posts\/11380353\/revisions\/11380441"}],"wp:featuredmedia":[{"embeddable":true,"href":"https:\/\/kapitalis.com\/tunisie\/wp-json\/wp\/v2\/media\/9861079"}],"wp:attachment":[{"href":"https:\/\/kapitalis.com\/tunisie\/wp-json\/wp\/v2\/media?parent=11380353"}],"wp:term":[{"taxonomy":"category","embeddable":true,"href":"https:\/\/kapitalis.com\/tunisie\/wp-json\/wp\/v2\/categories?post=11380353"},{"taxonomy":"post_tag","embeddable":true,"href":"https:\/\/kapitalis.com\/tunisie\/wp-json\/wp\/v2\/tags?post=11380353"}],"curies":[{"name":"wp","href":"https:\/\/api.w.org\/{rel}","templated":true}]}}